{"id":101514,"date":"2023-12-13T22:28:49","date_gmt":"2023-12-14T04:28:49","guid":{"rendered":"https:\/\/www.yucatanencorto.com\/noticias\/?p=101514"},"modified":"2023-12-13T22:28:49","modified_gmt":"2023-12-14T04:28:49","slug":"inauguran-la-peni-en-el-parque-de-la-paz","status":"publish","type":"post","link":"https:\/\/www.yucatanencorto.com\/noticias\/inauguran-la-peni-en-el-parque-de-la-paz\/","title":{"rendered":"Inauguran \u00abLa Peni\u00bb en el parque de la paz"},"content":{"rendered":"<p><img loading=\"lazy\" decoding=\"async\" class=\"alignnone size-full wp-image-101515\" src=\"https:\/\/www.yucatanencorto.com\/noticias\/wp-content\/uploads\/2023\/12\/Peni2-scaled.jpeg\" alt=\"\" width=\"768\" height=\"512\" srcset=\"https:\/\/www.yucatanencorto.com\/noticias\/wp-content\/uploads\/2023\/12\/Peni2-scaled.jpeg 768w, https:\/\/www.yucatanencorto.com\/noticias\/wp-content\/uploads\/2023\/12\/Peni2-150x100.jpeg 150w, https:\/\/www.yucatanencorto.com\/noticias\/wp-content\/uploads\/2023\/12\/Peni2-300x200.jpeg 300w, https:\/\/www.yucatanencorto.com\/noticias\/wp-content\/uploads\/2023\/12\/Peni2-696x464.jpeg 696w, https:\/\/www.yucatanencorto.com\/noticias\/wp-content\/uploads\/2023\/12\/Peni2-1068x712.jpeg 1068w\" sizes=\"auto, (max-width: 768px) 100vw, 768px\" \/><\/p>\n<p>M\u00e9rida, Yucat\u00e1n a 13 de diciembre de 2023.- La actual administraci\u00f3n del Ayuntamiento se comprometi\u00f3 desde el primer minuto en que tom\u00f3 posesi\u00f3n a trabajar en todos los aspectos que brinden o coadyuven a elevar la calidad de vida de las y los ciudadanos, y en este sentido, la cultura y recreaci\u00f3n no fueron la excepci\u00f3n. \u201cLa Peni\u201d, en el Parque de la Paz, es una muestra de eso, indic\u00f3 el alcalde Alejandro Ruz Castro quien inaugur\u00f3 este proyecto de intervenci\u00f3n digital que rescata y transforma 19 mil metros cuadrados de un espacio p\u00fablico, hist\u00f3rico e ic\u00f3nico de M\u00e9rida, para dise\u00f1ar una experiencia cultural inmersiva, interactiva y gratuita \u00fanica en Latinoam\u00e9rica.<\/p>\n<p>&nbsp;<\/p>\n<p>\u201cHoy, M\u00e9rida se ha convertido en la gran capital del Sureste de M\u00e9xico, transform\u00e1ndose en una ciudad inteligente que coloca a las personas en el centro del desarrollo, incorpora tecnolog\u00edas de informaci\u00f3n y comunicaci\u00f3n en la gesti\u00f3n urbana e incluye procesos de planificaci\u00f3n colaborativa y participaci\u00f3n ciudadana. M\u00e9rida est\u00e1 apostando por un futuro innovador, competitivo, atractivo y resiliente, mejorando la vida de sus habitantes\u201d, subray\u00f3.<\/p>\n<p>&nbsp;<\/p>\n<p>Cabe mencionar que, este innovador proyecto, permiti\u00f3 la recuperaci\u00f3n de un espacio p\u00fablico rodeado por escuelas, hospitales y oficinas gubernamentales para el disfrute de familias, j\u00f3venes y turistas que est\u00e1n en una constante b\u00fasqueda de lugares y experiencias nuevas que los saquen de la rutina.<\/p>\n<p>&nbsp;<\/p>\n<p>Adem\u00e1s, el proyecto que estuvo en desarrollo durante m\u00e1s de 5 a\u00f1os tiene lugar en el espacio formado por la ex Penitenciar\u00eda Ju\u00e1rez, mejor conocida como \u201cLa Peni\u201d y el ic\u00f3nico Parque de la Paz, puerta de entrada al Centro Hist\u00f3rico de la ciudad, zonas que fueron completamente rehabilitadas para este momento.<\/p>\n<p>&nbsp;<\/p>\n<p>En \u201cLa Peni\u201d las personas se convierten en creadores de un espect\u00e1culo \u00fanico e irrepetible que se construye diariamente con sus intervenciones. Hay proyecciones monumentales, audio interactivo y envolvente, sensores de movimiento, pantallas t\u00e1ctiles e interactivas, y efectos visuales con l\u00e1seres, pensados para perdurar en la memoria y los sentidos.<\/p>\n<p>&nbsp;<\/p>\n<p>Desde que se entra al Parque de la Luz, la gente es recibida por una hamaca gigante de 65 x 15 metros, creada por el artista Rodrigo Ballester, como met\u00e1fora de la fuerza y armon\u00eda del tejido social yucateco. La curadur\u00eda corri\u00f3 a cargo de Arantxa Montes Valladares, fundadora y directora creativa del estudio de dise\u00f1o manoumana.<\/p>\n<p>&nbsp;<\/p>\n<p>Durante el d\u00eda, los visitantes podr\u00e1n apreciar los sonidos inspirados en la regi\u00f3n y conforme llegue la noche, las l\u00e1mparas inteligentes iluminar\u00e1n y dar\u00e1n vida a los \u00e1rboles, acompa\u00f1ados del audio creado por Inteligencia Artificial que transmite sonidos de la fauna de la regi\u00f3n para contribuir a la atm\u00f3sfera.<\/p>\n<p>&nbsp;<\/p>\n<p>\u201cLa Peni\u201d tiene distintos momentos interactivos: Semillas, Cometas, Constelaciones, Portales digitales, Proyecci\u00f3n Estelar y Fuentes interactivas. En ellos, los visitantes pueden elegir semillas regionales y \u00absembrarlas\u00bb digitalmente en la fachada de la ex penitenciar\u00eda o \u00abenergizar cometas\u00bb que rememoran al Chicxulub, meteorito que cay\u00f3 en Yucat\u00e1n hace 66 millones de a\u00f1os.<\/p>\n<p>&nbsp;<\/p>\n<p>Tambi\u00e9n se pueden crear diferentes constelaciones con el movimiento generado desde el flash de sus tel\u00e9fonos celulares, as\u00ed como \u00abatravesar\u00bb con sus brazos una cortina digital y jugar con un sistema de chorros de agua que sigue sus movimientos, con un sistema \u00fanico en el mundo.<\/p>\n<p>&nbsp;<\/p>\n<p>La cereza del pastel es su gran proyecci\u00f3n de video mapping dise\u00f1ado espec\u00edficamente para la fachada de \u201cLa Peni\u201d, ideada para abarcar sus 140 metros con un espect\u00e1culo \u00fanico que retoma esencias del pasado de la cultura yucateca y proyecta una ventana hacia el futuro.<\/p>\n<p>&nbsp;<\/p>\n<p>A trav\u00e9s del despliegue de tecnolog\u00eda, la convergencia de momentos digitales e interactivos, as\u00ed como de sus espectaculares dimensiones, el proyecto combina arte y la tecnolog\u00eda como herramientas de difusi\u00f3n cultural, elementos presentes en otras experiencias art\u00edsticas y de entretenimiento como Cit\u00e9 M\u00e9moire en Montreal, Avatar Experience en Singapur y la Casa Batll\u00f3, en Barcelona.<\/p>\n<p>&nbsp;<\/p>\n<p>El proyecto \u201cLa Peni\u201d fue creado por Jorge Contreras, productor creativo transdisciplinario, que ha trabajado en la producci\u00f3n de cine, teatro, televisi\u00f3n, circo, conciertos y espacios gastron\u00f3micos. Estudi\u00f3 la carrera de actuaci\u00f3n en Casa del Teatro, y se especializ\u00f3 en las t\u00e9cnicas Lecoq, Decreoux y del Odin Theatre. Recientemente, Contreras ha incursionado como creador de lo que \u00e9l llama \u201cEcosistemas Inmersivos Interactivos Digitales\u201d, haciendo uso del espacio y la tecnolog\u00eda como medios para crear mundos digitales y difundir historias.<\/p>\n<p>&nbsp;<\/p>\n<p>\u201cUtilizamos tecnolog\u00eda de vanguardia para recuperar este espacio urbano y convertirlo en un nuevo atractivo cultural \u00fanico para la ciudad. En muchas partes del mundo, las instalaciones de arte han comenzado a salir de los museos y espacios confinados para usar los espacios p\u00fablicos de la ciudad, transformarlos y usarlos para contar historias. La diferencia con \u201cLa Peni\u201d es que es un proyecto permanente, siempre vivo, din\u00e1mico y que, por la interacci\u00f3n de la gente, nunca puede ser igual\u201d, se\u00f1al\u00f3 el creador del proyecto.<\/p>\n<p>&nbsp;<\/p>\n<p>Durante su intervenci\u00f3n, el director de Cultura, Irving Berl\u00edn Villafa\u00f1a destac\u00f3 que \u201cLa Peni\u201d es el primer parque inmersivo con tecnolog\u00eda digital de interacci\u00f3n de M\u00e9xico y Am\u00e9rica Latina, que por su innovaci\u00f3n atraer\u00e1 a diversos artistas del mundo y que pondr\u00e1 a jugar a todas y todos los meridanos.<\/p>\n<p>&nbsp;<\/p>\n<p>\u201cLa Peni es una semilla de arte y cultura que tiene mucho que dar hoy y en el futuro. Pero, sobre todo, es para las familias de M\u00e9rida, para los j\u00f3venes y ni\u00f1os. Disfrut\u00e9mosla porque hoy est\u00e1 aqu\u00ed, en el Parque de La Paz\u201d, expres\u00f3.<\/p>\n<p>&nbsp;<\/p>\n<p>De igual manera, reconoci\u00f3 la iniciativa del Alcalde con licencia, Ren\u00e1n Barrera Concha, quien al t\u00e9rmino de la pandemia insisti\u00f3 en hacer algo original por la ciudad, que diera felicidad a las y los meridanos y que se convirtiera en un faro de luz que atrajera m\u00e1s econom\u00eda creativa, m\u00e1s visitantes y m\u00e1s orgullo para Yucat\u00e1n y M\u00e9xico.<\/p>\n<p>&nbsp;<\/p>\n<p>Por su parte, Mar\u00eda Isabel Rodr\u00edguez Heredia, rectora de la Universidad Tecnol\u00f3gica Metropolitana (UTM) y representante del Gobernador del Estado de Yucat\u00e1n, Mauricio Vila Dosal, se\u00f1al\u00f3 que este proyecto es un ejemplo de trabajo en equipo, coordinado y constante, tal como el Parque de La Plancha y el Corredor gastron\u00f3mico que rescatan y dan nueva vida a los espacios p\u00fablicos, para el disfrute de las familias.<\/p>\n<p>&nbsp;<\/p>\n<p>\u201cY esto sucede en un momento hist\u00f3rico, cuando en Yucat\u00e1n la econom\u00eda crece m\u00e1s que nunca. Se rompieron r\u00e9cords en turismo y en creaci\u00f3n de nuevos empleos; se registr\u00f3 una reducci\u00f3n importante en los \u00edndices de pobreza y un aumento en el ingreso familiar; as\u00ed como tambi\u00e9n, se generaron avances en educaci\u00f3n y por supuesto en seguridad, pues gozamos de bajos niveles de delitos, que siguen disminuyendo\u201d, expres\u00f3.<\/p>\n<p>&nbsp;<\/p>\n<p>Acompa\u00f1aron al Alcalde durante la inauguraci\u00f3n de \u201cLa Peni\u201d, el diputado Presidente de la Junta de Gobierno y Coordinaci\u00f3n Pol\u00edtica del Congreso del Estado, V\u00edctor Hugo Lozano Poveda; el agregado de Cultura de Quebec en M\u00e9xico, Dominique Decorme; y el Presidente del Consejo Coordinador Empresarial (CCE) y Presidente de la Asociaci\u00f3n de Maquiladoras de Exportaci\u00f3n de Yucat\u00e1n (INDEX), Alejandro Guerrero Lozano.<\/p>\n<p>&nbsp;<\/p>\n<p>Asimismo, asistieron como invitados especiales los integrantes del Consejo Coordinador Empresarial: representantes de colegios de profesionistas, universidades y asociaciones civiles; diputados locales, secretarios del gobierno estatal, directores municipales, regidoras y regidores del Ayuntamiento y ex Alcaldes de M\u00e9rida.<\/p>\n<p>&nbsp;<\/p>\n<p>&nbsp;<\/p>\n<p>&nbsp;<\/p>\n<p>&nbsp;<\/p>\n","protected":false},"excerpt":{"rendered":"<p>M\u00e9rida, Yucat\u00e1n a 13 de diciembre de 2023.- La actual administraci\u00f3n del Ayuntamiento se comprometi\u00f3 desde el primer minuto en que tom\u00f3 posesi\u00f3n a trabajar en todos los aspectos que brinden o coadyuven a elevar la calidad de vida de las y los ciudadanos, y en este sentido, la cultura y recreaci\u00f3n no fueron la [&hellip;]<\/p>\n","protected":false},"author":3,"featured_media":101515,"comment_status":"closed","ping_status":"closed","sticky":false,"template":"","format":"standard","meta":{"footnotes":""},"categories":[2],"tags":[],"class_list":{"0":"post-101514","1":"post","2":"type-post","3":"status-publish","4":"format-standard","5":"has-post-thumbnail","7":"category-merida"},"yoast_head":"<!-- This site is optimized with the Yoast SEO plugin v27.4 - https:\/\/yoast.com\/product\/yoast-seo-wordpress\/ -->\n<title>Inauguran &quot;La Peni&quot; en el parque de la paz - Yucat\u00e1n en corto<\/title>\n<meta name=\"robots\" content=\"index, follow, max-snippet:-1, max-image-preview:large, max-video-preview:-1\" \/>\n<link rel=\"canonical\" href=\"https:\/\/www.yucatanencorto.com\/noticias\/inauguran-la-peni-en-el-parque-de-la-paz\/\" \/>\n<meta property=\"og:locale\" content=\"es_ES\" \/>\n<meta property=\"og:type\" content=\"article\" \/>\n<meta property=\"og:title\" content=\"Inauguran &quot;La Peni&quot; en el parque de la paz - Yucat\u00e1n en corto\" \/>\n<meta property=\"og:description\" content=\"M\u00e9rida, Yucat\u00e1n a 13 de diciembre de 2023.- La actual administraci\u00f3n del Ayuntamiento se comprometi\u00f3 desde el primer minuto en que tom\u00f3 posesi\u00f3n a trabajar en todos los aspectos que brinden o coadyuven a elevar la calidad de vida de las y los ciudadanos, y en este sentido, la cultura y recreaci\u00f3n no fueron la [&hellip;]\" \/>\n<meta property=\"og:url\" content=\"https:\/\/www.yucatanencorto.com\/noticias\/inauguran-la-peni-en-el-parque-de-la-paz\/\" \/>\n<meta property=\"og:site_name\" content=\"Yucat\u00e1n en corto\" \/>\n<meta property=\"article:publisher\" content=\"http:\/\/www.facebook.com\/yucatanencorto\" \/>\n<meta property=\"article:published_time\" content=\"2023-12-14T04:28:49+00:00\" \/>\n<meta property=\"og:image\" content=\"https:\/\/www.yucatanencorto.com\/noticias\/wp-content\/uploads\/2023\/12\/Peni2-scaled.jpeg\" \/>\n\t<meta property=\"og:image:width\" content=\"768\" \/>\n\t<meta property=\"og:image:height\" content=\"512\" \/>\n\t<meta property=\"og:image:type\" content=\"image\/jpeg\" \/>\n<meta name=\"author\" content=\"Redes\" \/>\n<meta name=\"twitter:card\" content=\"summary_large_image\" \/>\n<meta name=\"twitter:creator\" content=\"@yucatanencorto\" \/>\n<meta name=\"twitter:site\" content=\"@yucatanencorto\" \/>\n<meta name=\"twitter:label1\" content=\"Escrito por\" \/>\n\t<meta name=\"twitter:data1\" content=\"Redes\" \/>\n\t<meta name=\"twitter:label2\" content=\"Tiempo de lectura\" \/>\n\t<meta name=\"twitter:data2\" content=\"6 minutos\" \/>\n<script type=\"application\/ld+json\" class=\"yoast-schema-graph\">{\"@context\":\"https:\\\/\\\/schema.org\",\"@graph\":[{\"@type\":\"Article\",\"@id\":\"https:\\\/\\\/www.yucatanencorto.com\\\/noticias\\\/inauguran-la-peni-en-el-parque-de-la-paz\\\/#article\",\"isPartOf\":{\"@id\":\"https:\\\/\\\/www.yucatanencorto.com\\\/noticias\\\/inauguran-la-peni-en-el-parque-de-la-paz\\\/\"},\"author\":{\"name\":\"Redes\",\"@id\":\"https:\\\/\\\/www.yucatanencorto.com\\\/noticias\\\/#\\\/schema\\\/person\\\/e2fbdfaf30a07014a43940ce989f3119\"},\"headline\":\"Inauguran \u00abLa Peni\u00bb en el parque de la paz\",\"datePublished\":\"2023-12-14T04:28:49+00:00\",\"mainEntityOfPage\":{\"@id\":\"https:\\\/\\\/www.yucatanencorto.com\\\/noticias\\\/inauguran-la-peni-en-el-parque-de-la-paz\\\/\"},\"wordCount\":1324,\"image\":{\"@id\":\"https:\\\/\\\/www.yucatanencorto.com\\\/noticias\\\/inauguran-la-peni-en-el-parque-de-la-paz\\\/#primaryimage\"},\"thumbnailUrl\":\"https:\\\/\\\/www.yucatanencorto.com\\\/noticias\\\/wp-content\\\/uploads\\\/2023\\\/12\\\/Peni2-scaled.jpeg\",\"articleSection\":[\"M\u00e9rida\"],\"inLanguage\":\"es\"},{\"@type\":\"WebPage\",\"@id\":\"https:\\\/\\\/www.yucatanencorto.com\\\/noticias\\\/inauguran-la-peni-en-el-parque-de-la-paz\\\/\",\"url\":\"https:\\\/\\\/www.yucatanencorto.com\\\/noticias\\\/inauguran-la-peni-en-el-parque-de-la-paz\\\/\",\"name\":\"Inauguran \\\"La Peni\\\" en el parque de la paz - Yucat\u00e1n en corto\",\"isPartOf\":{\"@id\":\"https:\\\/\\\/www.yucatanencorto.com\\\/noticias\\\/#website\"},\"primaryImageOfPage\":{\"@id\":\"https:\\\/\\\/www.yucatanencorto.com\\\/noticias\\\/inauguran-la-peni-en-el-parque-de-la-paz\\\/#primaryimage\"},\"image\":{\"@id\":\"https:\\\/\\\/www.yucatanencorto.com\\\/noticias\\\/inauguran-la-peni-en-el-parque-de-la-paz\\\/#primaryimage\"},\"thumbnailUrl\":\"https:\\\/\\\/www.yucatanencorto.com\\\/noticias\\\/wp-content\\\/uploads\\\/2023\\\/12\\\/Peni2-scaled.jpeg\",\"datePublished\":\"2023-12-14T04:28:49+00:00\",\"author\":{\"@id\":\"https:\\\/\\\/www.yucatanencorto.com\\\/noticias\\\/#\\\/schema\\\/person\\\/e2fbdfaf30a07014a43940ce989f3119\"},\"breadcrumb\":{\"@id\":\"https:\\\/\\\/www.yucatanencorto.com\\\/noticias\\\/inauguran-la-peni-en-el-parque-de-la-paz\\\/#breadcrumb\"},\"inLanguage\":\"es\",\"potentialAction\":[{\"@type\":\"ReadAction\",\"target\":[\"https:\\\/\\\/www.yucatanencorto.com\\\/noticias\\\/inauguran-la-peni-en-el-parque-de-la-paz\\\/\"]}]},{\"@type\":\"ImageObject\",\"inLanguage\":\"es\",\"@id\":\"https:\\\/\\\/www.yucatanencorto.com\\\/noticias\\\/inauguran-la-peni-en-el-parque-de-la-paz\\\/#primaryimage\",\"url\":\"https:\\\/\\\/www.yucatanencorto.com\\\/noticias\\\/wp-content\\\/uploads\\\/2023\\\/12\\\/Peni2-scaled.jpeg\",\"contentUrl\":\"https:\\\/\\\/www.yucatanencorto.com\\\/noticias\\\/wp-content\\\/uploads\\\/2023\\\/12\\\/Peni2-scaled.jpeg\",\"width\":768,\"height\":512},{\"@type\":\"BreadcrumbList\",\"@id\":\"https:\\\/\\\/www.yucatanencorto.com\\\/noticias\\\/inauguran-la-peni-en-el-parque-de-la-paz\\\/#breadcrumb\",\"itemListElement\":[{\"@type\":\"ListItem\",\"position\":1,\"name\":\"Portada\",\"item\":\"https:\\\/\\\/www.yucatanencorto.com\\\/noticias\\\/\"},{\"@type\":\"ListItem\",\"position\":2,\"name\":\"Inauguran \u00abLa Peni\u00bb en el parque de la paz\"}]},{\"@type\":\"WebSite\",\"@id\":\"https:\\\/\\\/www.yucatanencorto.com\\\/noticias\\\/#website\",\"url\":\"https:\\\/\\\/www.yucatanencorto.com\\\/noticias\\\/\",\"name\":\"Yucat\u00e1n en corto\",\"description\":\"Noticias\",\"potentialAction\":[{\"@type\":\"SearchAction\",\"target\":{\"@type\":\"EntryPoint\",\"urlTemplate\":\"https:\\\/\\\/www.yucatanencorto.com\\\/noticias\\\/?s={search_term_string}\"},\"query-input\":{\"@type\":\"PropertyValueSpecification\",\"valueRequired\":true,\"valueName\":\"search_term_string\"}}],\"inLanguage\":\"es\"},{\"@type\":\"Person\",\"@id\":\"https:\\\/\\\/www.yucatanencorto.com\\\/noticias\\\/#\\\/schema\\\/person\\\/e2fbdfaf30a07014a43940ce989f3119\",\"name\":\"Redes\",\"image\":{\"@type\":\"ImageObject\",\"inLanguage\":\"es\",\"@id\":\"https:\\\/\\\/secure.gravatar.com\\\/avatar\\\/5931a2d21dd7cc834f44c8c34fe56d90ed6d536ef452cbf870c7485b524dddd7?s=96&d=mm&r=g\",\"url\":\"https:\\\/\\\/secure.gravatar.com\\\/avatar\\\/5931a2d21dd7cc834f44c8c34fe56d90ed6d536ef452cbf870c7485b524dddd7?s=96&d=mm&r=g\",\"contentUrl\":\"https:\\\/\\\/secure.gravatar.com\\\/avatar\\\/5931a2d21dd7cc834f44c8c34fe56d90ed6d536ef452cbf870c7485b524dddd7?s=96&d=mm&r=g\",\"caption\":\"Redes\"},\"url\":\"https:\\\/\\\/www.yucatanencorto.com\\\/noticias\\\/author\\\/redes\\\/\"}]}<\/script>\n<!-- \/ Yoast SEO plugin. -->","yoast_head_json":{"title":"Inauguran \"La Peni\" en el parque de la paz - Yucat\u00e1n en corto","robots":{"index":"index","follow":"follow","max-snippet":"max-snippet:-1","max-image-preview":"max-image-preview:large","max-video-preview":"max-video-preview:-1"},"canonical":"https:\/\/www.yucatanencorto.com\/noticias\/inauguran-la-peni-en-el-parque-de-la-paz\/","og_locale":"es_ES","og_type":"article","og_title":"Inauguran \"La Peni\" en el parque de la paz - Yucat\u00e1n en corto","og_description":"M\u00e9rida, Yucat\u00e1n a 13 de diciembre de 2023.- La actual administraci\u00f3n del Ayuntamiento se comprometi\u00f3 desde el primer minuto en que tom\u00f3 posesi\u00f3n a trabajar en todos los aspectos que brinden o coadyuven a elevar la calidad de vida de las y los ciudadanos, y en este sentido, la cultura y recreaci\u00f3n no fueron la [&hellip;]","og_url":"https:\/\/www.yucatanencorto.com\/noticias\/inauguran-la-peni-en-el-parque-de-la-paz\/","og_site_name":"Yucat\u00e1n en corto","article_publisher":"http:\/\/www.facebook.com\/yucatanencorto","article_published_time":"2023-12-14T04:28:49+00:00","og_image":[{"width":768,"height":512,"url":"https:\/\/www.yucatanencorto.com\/noticias\/wp-content\/uploads\/2023\/12\/Peni2-scaled.jpeg","type":"image\/jpeg"}],"author":"Redes","twitter_card":"summary_large_image","twitter_creator":"@yucatanencorto","twitter_site":"@yucatanencorto","twitter_misc":{"Escrito por":"Redes","Tiempo de lectura":"6 minutos"},"schema":{"@context":"https:\/\/schema.org","@graph":[{"@type":"Article","@id":"https:\/\/www.yucatanencorto.com\/noticias\/inauguran-la-peni-en-el-parque-de-la-paz\/#article","isPartOf":{"@id":"https:\/\/www.yucatanencorto.com\/noticias\/inauguran-la-peni-en-el-parque-de-la-paz\/"},"author":{"name":"Redes","@id":"https:\/\/www.yucatanencorto.com\/noticias\/#\/schema\/person\/e2fbdfaf30a07014a43940ce989f3119"},"headline":"Inauguran \u00abLa Peni\u00bb en el parque de la paz","datePublished":"2023-12-14T04:28:49+00:00","mainEntityOfPage":{"@id":"https:\/\/www.yucatanencorto.com\/noticias\/inauguran-la-peni-en-el-parque-de-la-paz\/"},"wordCount":1324,"image":{"@id":"https:\/\/www.yucatanencorto.com\/noticias\/inauguran-la-peni-en-el-parque-de-la-paz\/#primaryimage"},"thumbnailUrl":"https:\/\/www.yucatanencorto.com\/noticias\/wp-content\/uploads\/2023\/12\/Peni2-scaled.jpeg","articleSection":["M\u00e9rida"],"inLanguage":"es"},{"@type":"WebPage","@id":"https:\/\/www.yucatanencorto.com\/noticias\/inauguran-la-peni-en-el-parque-de-la-paz\/","url":"https:\/\/www.yucatanencorto.com\/noticias\/inauguran-la-peni-en-el-parque-de-la-paz\/","name":"Inauguran \"La Peni\" en el parque de la paz - Yucat\u00e1n en corto","isPartOf":{"@id":"https:\/\/www.yucatanencorto.com\/noticias\/#website"},"primaryImageOfPage":{"@id":"https:\/\/www.yucatanencorto.com\/noticias\/inauguran-la-peni-en-el-parque-de-la-paz\/#primaryimage"},"image":{"@id":"https:\/\/www.yucatanencorto.com\/noticias\/inauguran-la-peni-en-el-parque-de-la-paz\/#primaryimage"},"thumbnailUrl":"https:\/\/www.yucatanencorto.com\/noticias\/wp-content\/uploads\/2023\/12\/Peni2-scaled.jpeg","datePublished":"2023-12-14T04:28:49+00:00","author":{"@id":"https:\/\/www.yucatanencorto.com\/noticias\/#\/schema\/person\/e2fbdfaf30a07014a43940ce989f3119"},"breadcrumb":{"@id":"https:\/\/www.yucatanencorto.com\/noticias\/inauguran-la-peni-en-el-parque-de-la-paz\/#breadcrumb"},"inLanguage":"es","potentialAction":[{"@type":"ReadAction","target":["https:\/\/www.yucatanencorto.com\/noticias\/inauguran-la-peni-en-el-parque-de-la-paz\/"]}]},{"@type":"ImageObject","inLanguage":"es","@id":"https:\/\/www.yucatanencorto.com\/noticias\/inauguran-la-peni-en-el-parque-de-la-paz\/#primaryimage","url":"https:\/\/www.yucatanencorto.com\/noticias\/wp-content\/uploads\/2023\/12\/Peni2-scaled.jpeg","contentUrl":"https:\/\/www.yucatanencorto.com\/noticias\/wp-content\/uploads\/2023\/12\/Peni2-scaled.jpeg","width":768,"height":512},{"@type":"BreadcrumbList","@id":"https:\/\/www.yucatanencorto.com\/noticias\/inauguran-la-peni-en-el-parque-de-la-paz\/#breadcrumb","itemListElement":[{"@type":"ListItem","position":1,"name":"Portada","item":"https:\/\/www.yucatanencorto.com\/noticias\/"},{"@type":"ListItem","position":2,"name":"Inauguran \u00abLa Peni\u00bb en el parque de la paz"}]},{"@type":"WebSite","@id":"https:\/\/www.yucatanencorto.com\/noticias\/#website","url":"https:\/\/www.yucatanencorto.com\/noticias\/","name":"Yucat\u00e1n en corto","description":"Noticias","potentialAction":[{"@type":"SearchAction","target":{"@type":"EntryPoint","urlTemplate":"https:\/\/www.yucatanencorto.com\/noticias\/?s={search_term_string}"},"query-input":{"@type":"PropertyValueSpecification","valueRequired":true,"valueName":"search_term_string"}}],"inLanguage":"es"},{"@type":"Person","@id":"https:\/\/www.yucatanencorto.com\/noticias\/#\/schema\/person\/e2fbdfaf30a07014a43940ce989f3119","name":"Redes","image":{"@type":"ImageObject","inLanguage":"es","@id":"https:\/\/secure.gravatar.com\/avatar\/5931a2d21dd7cc834f44c8c34fe56d90ed6d536ef452cbf870c7485b524dddd7?s=96&d=mm&r=g","url":"https:\/\/secure.gravatar.com\/avatar\/5931a2d21dd7cc834f44c8c34fe56d90ed6d536ef452cbf870c7485b524dddd7?s=96&d=mm&r=g","contentUrl":"https:\/\/secure.gravatar.com\/avatar\/5931a2d21dd7cc834f44c8c34fe56d90ed6d536ef452cbf870c7485b524dddd7?s=96&d=mm&r=g","caption":"Redes"},"url":"https:\/\/www.yucatanencorto.com\/noticias\/author\/redes\/"}]}},"_links":{"self":[{"href":"https:\/\/www.yucatanencorto.com\/noticias\/wp-json\/wp\/v2\/posts\/101514","targetHints":{"allow":["GET"]}}],"collection":[{"href":"https:\/\/www.yucatanencorto.com\/noticias\/wp-json\/wp\/v2\/posts"}],"about":[{"href":"https:\/\/www.yucatanencorto.com\/noticias\/wp-json\/wp\/v2\/types\/post"}],"author":[{"embeddable":true,"href":"https:\/\/www.yucatanencorto.com\/noticias\/wp-json\/wp\/v2\/users\/3"}],"replies":[{"embeddable":true,"href":"https:\/\/www.yucatanencorto.com\/noticias\/wp-json\/wp\/v2\/comments?post=101514"}],"version-history":[{"count":0,"href":"https:\/\/www.yucatanencorto.com\/noticias\/wp-json\/wp\/v2\/posts\/101514\/revisions"}],"wp:featuredmedia":[{"embeddable":true,"href":"https:\/\/www.yucatanencorto.com\/noticias\/wp-json\/wp\/v2\/media\/101515"}],"wp:attachment":[{"href":"https:\/\/www.yucatanencorto.com\/noticias\/wp-json\/wp\/v2\/media?parent=101514"}],"wp:term":[{"taxonomy":"category","embeddable":true,"href":"https:\/\/www.yucatanencorto.com\/noticias\/wp-json\/wp\/v2\/categories?post=101514"},{"taxonomy":"post_tag","embeddable":true,"href":"https:\/\/www.yucatanencorto.com\/noticias\/wp-json\/wp\/v2\/tags?post=101514"}],"curies":[{"name":"wp","href":"https:\/\/api.w.org\/{rel}","templated":true}]}}