{"id":101517,"date":"2023-12-13T22:34:09","date_gmt":"2023-12-14T04:34:09","guid":{"rendered":"https:\/\/www.yucatanencorto.com\/noticias\/?p=101517"},"modified":"2023-12-13T22:34:45","modified_gmt":"2023-12-14T04:34:45","slug":"se-realizo-el-primer-recorrido-del-ie-tram","status":"publish","type":"post","link":"https:\/\/www.yucatanencorto.com\/noticias\/se-realizo-el-primer-recorrido-del-ie-tram\/","title":{"rendered":"Se realiz\u00f3 el primer recorrido del Ie-tram"},"content":{"rendered":"<p><img loading=\"lazy\" decoding=\"async\" class=\"alignnone size-full wp-image-101518\" src=\"https:\/\/www.yucatanencorto.com\/noticias\/wp-content\/uploads\/2023\/12\/image00011-3.png\" alt=\"\" width=\"768\" height=\"549\" srcset=\"https:\/\/www.yucatanencorto.com\/noticias\/wp-content\/uploads\/2023\/12\/image00011-3.png 768w, https:\/\/www.yucatanencorto.com\/noticias\/wp-content\/uploads\/2023\/12\/image00011-3-150x107.png 150w, https:\/\/www.yucatanencorto.com\/noticias\/wp-content\/uploads\/2023\/12\/image00011-3-300x214.png 300w, https:\/\/www.yucatanencorto.com\/noticias\/wp-content\/uploads\/2023\/12\/image00011-3-696x498.png 696w\" sizes=\"auto, (max-width: 768px) 100vw, 768px\" \/><\/p>\n<p>M\u00e9rida, Yucat\u00e1n, 13 de diciembre de 2023.- La movilidad en Yucat\u00e1n contin\u00faa transform\u00e1ndose y acercando un servicio de calidad a los yucatecos, as\u00ed lo demostr\u00f3 el Gobernador Mauricio Vila Dosal al realizar el primer recorrido de prueba del Ie-tram, ruta 100% el\u00e9ctrica, \u00fanica en su tipo en todo el sureste y Latinoam\u00e9rica, con modernas unidades el\u00e9ctricas que forman parte del sistema de transporte p\u00fablico \u201cVa y Ven\u201d y cuya operaci\u00f3n de su primera ruta Paseo 60-La Plancha-Teya entrar\u00e1 en operaci\u00f3n este s\u00e1bado.<\/p>\n<p>Desde la estaci\u00f3n de La Plancha, Vila Dosal abord\u00f3 junto a los alcaldes de M\u00e9rida, Alejandro Ruz Castro; de Kanas\u00edn, Edwin Boj\u00f3rquez Ram\u00edrez y de Um\u00e1n, Gaspar Ventura Cisneros, una de las 5 unidades que ya se encuentran en M\u00e9rida e inici\u00f3 el recorrido en la ruta Mejorada-La Plancha Kanas\u00edn, cuya operaci\u00f3n iniciar\u00e1 el pr\u00f3ximo 30 de diciembre.<\/p>\n<p>En presencia de dirigentes de c\u00e1maras empresariales y vecinos de La Plancha y Kanas\u00edn, el Gobernador anunci\u00f3 que para el 30 de septiembre del 2024 habr\u00e1 750 nuevas unidades \u201cVa y ven\u201d en Yucat\u00e1n.<\/p>\n<p>\u00abA partir del mes de enero, nos van a empezar a llegar lotes de 40, 50, 70 y hasta 100 autobuses, van a empezar a llegar los h\u00edbridos, van a empezar a llegar los el\u00e9ctricos, siguen llegando los Euro 6 y vamos a estar cambiando, metiendo de a 2 y 3 rutas mensuales, de aqu\u00ed hasta el mes de septiembre\u00bb, adelant\u00f3.<\/p>\n<p>Al reconocer el apoyo de legisladores y funcionarios de Gobierno para hacer posible este proyecto de transporte p\u00fablico a la altura de los yucatecos, Vila Dosal destac\u00f3 que la gran diferencia que tiene Yucat\u00e1n con el resto del pa\u00eds, es que nos hace ser un lugar con calidad de vida, con seguridad, crecimiento econ\u00f3mico y unidad.<\/p>\n<p>\u201cNuestra principal fortaleza es la unidad y nuestra principal debilidad es la desuni\u00f3n, si estamos unidos, como lo estamos demostrando el d\u00eda de hoy, no existen imposibles para Yucat\u00e1n\u201d, mencion\u00f3.<\/p>\n<p>En ese sentido, el Gobernador record\u00f3 como lleg\u00f3 este proyecto a Yucat\u00e1n, ya que su administraci\u00f3n se puso como meta solucionar un problema que ven\u00eda de muchos a\u00f1os atr\u00e1s.<\/p>\n<p>\u00abUn d\u00eda, estaba yo checando en internet qu\u00e9 cosas pod\u00edamos hacer y me top\u00e9 con este veh\u00edculo Ie-tram y decid\u00ed marcarle a alguien que sab\u00eda, le mand\u00e9 un mensaje a Eduardo C\u00f3rdoba, de ADO, y le dije: \u2018oye, Eduardo, \u00bfya viste qu\u00e9 bonito est\u00e1 este veh\u00edculo? Ya estamos platicando el tema de la Ruta Perif\u00e9rico\u201d. Le digo que entiendo que no hay en Am\u00e9rica, que est\u00e1 en Europa y pues deber\u00edamos de tener unos como estos. Y me dice: Gobernador, no me lo vas a creer, pero la empresa Mobility de ADO que tiene tambi\u00e9n operaci\u00f3n en Espa\u00f1a, lo operamos en Zaragoza\u00bb, record\u00f3.<\/p>\n<p>Tras lo anterior, explic\u00f3, se program\u00f3<\/p>\n<p>una visita para el mes de septiembre del 2021 a este pa\u00eds para conocer el funcionamiento de estos veh\u00edculos.<\/p>\n<p>\u00abPlaticamos con el alcalde, con los operadores, funcionarios del ayuntamiento y usuarios. Y nos dimos cuenta de que la gente cuando se sub\u00eda al Ie-tram estaba contenta, se sent\u00eda orgullosa de su ciudad, de su estado y era totalmente diferente. Y despu\u00e9s de ese viaje es cuando dije: \u00bfc\u00f3mo le hacemos? Y nos pusimos a trabajar en una primera ruta\u00bb, a\u00f1adi\u00f3.<\/p>\n<p>Al dar detalles de las nuevas rutas, el director de la Agencia de Transporte de Yucat\u00e1n (ATY), Rafael Hern\u00e1ndez Kotasek, explic\u00f3 que por lo que toca a la ruta Paseo 60-La Plancha-Teya que inicia operaciones este s\u00e1bado, tendr\u00e1 una frecuencia acorde a la demanda del Tren Maya y funcionar\u00e1 con 5 unidades en horarios de lunes a domingo de 7:35 am, 7:50 am, 8:05 am, 8:20 am, 12:05 pm, 12:20 pm, 12:35 pm y 12:50 pm.<\/p>\n<p>Esta ruta conectar\u00e1 con las rutas del Va y ven Aeropuerto, 70 Komch\u00e9n Express, 71 Francisco de Montejo, 72 Las Am\u00e9ricas, 73 Las Am\u00e9ricas, 74 Las Am\u00e9ricas, Circuito Metropolitano (Paradero Oriente I y II) y Circuito Perif\u00e9rico (Paradero Quetzalc\u00f3atl).<\/p>\n<p>En cuanto a la ruta Mejorada- La Plancha-Kanas\u00edn cuya operaci\u00f3n inicia el pr\u00f3ximo 30 de diciembre con 6 a 7 unidades en horario de lunes a domingo 5:00 am a 11:00 pm, resalt\u00f3 que esta conectar\u00e1 con las rutas Circuito Metropolitano (Paradero Oriente I y II), Circuito Perif\u00e9rico (Paradero H\u00e9roes y Kanas\u00edn).<\/p>\n<p>En cuanto al sistema de pago, el director de la ATY explic\u00f3 que el costo para este nuevo transporte ser\u00e1 de 45 para turistas; 14, tarifa general; 5, estudiantes y adultos mayores; mientras que las personas con discapacidad pueden subir sin costo. Las taquillas estar\u00e1n ubicadas en el Paseo 60, La Plancha y estaci\u00f3n Teya.<\/p>\n<p>Agreg\u00f3 que las salidas, desde la Plancha ser\u00e1 en horarios de 7:35 am 7:50 am 8:05 am 8:20 am 12:05 pm 12:20 pm 12:35 pm 12:35 pm, mientras que en Paseo 60: ser\u00e1 a las 7:45 am 8:00 am 8:15 am 8:30 am 12:15 pm 12:30 pm 12:45 pm 1:00 pm de lunes a domingo.<\/p>\n<p>Al abundar sobre el patio de carga de La Plancha, detall\u00f3 que cuenta con capacidad para 28 cargadores duales y 56 mangueras; y puede cargar hasta 150 autobuses el\u00e9ctricos. En el \u00e1rea de carga de cargadores lentos se atiende actualmente 16 unidades.<\/p>\n<p>As\u00ed mismo, inform\u00f3 que se construye la planta fotovoltaica que generar\u00e1 electricidad para los autobuses el\u00e9ctricos del Ie-tram la cual tendr\u00e1 una capacidad instalada de generaci\u00f3n de electricidad de 7.5 megawatts (MW), con la cual se podr\u00e1 suministrar energ\u00eda el\u00e9ctrica renovable.<\/p>\n<p>Las unidades cuentan con un dise\u00f1o accesible a trav\u00e9s de 4 puertas deslizantes, entrada baja para personas adultas mayores y con discapacidad, se\u00f1alizaci\u00f3n de lugares reservados para ellas, disposici\u00f3n de asientos y distribuci\u00f3n interior, pasillos adaptables, informaci\u00f3n sonora y, en el tema tecnol\u00f3gico, recaudo electr\u00f3nico, entre otras amenidades.<\/p>\n<p>Como parte de sus caracter\u00edsticas, cuentan con puertos USB con carga r\u00e1pida para celular, WiFi, geolocalizador en tiempo real para poder ver su ruta desde la app \u00abVa -y-Ven\u00bb, 11 c\u00e1maras que permiten una mejor conducci\u00f3n e identificar ciclistas y peatones para evitar accidentes.<\/p>\n<p>Estos modernos veh\u00edculos brindan todas las bondades de un tranv\u00eda, pero con la flexibilidad de un autob\u00fas; puede llevar hasta 105 pasajeros y genera 0 emisiones de carbono. Tiene 12 metros de largo; sistema de bater\u00edas modular, dise\u00f1ado para adecuarse a muchas necesidades; aire acondicionado espec\u00edfico para veh\u00edculos el\u00e9ctricos, y lo \u00faltimo en tecnolog\u00eda y seguridad.<\/p>\n<p>M\u00e1s tarde en Kanas\u00edn, el Gobernador adelant\u00f3 que el pr\u00f3ximo 8 de enero regresar\u00e1 a inaugurar el nuevo mercado municipal, adem\u00e1s de los 3 centros comunitarios en el fraccionamiento Viva, las colonias San Antonio Kaua III y Cuauht\u00e9moc.<\/p>\n<p>Agreg\u00f3 que el pr\u00f3ximo a\u00f1o tambi\u00e9n entrar\u00e1 en operaci\u00f3n las nuevas rutas de \u201cVa y Ven\u201d, tambi\u00e9n m\u00e1s calles pavimentadas, mejor alumbrado, pozos pluviales, nueva secundaria y nueva preparatoria para seguir mejorando la calidad de vida de las familias.<\/p>\n<p>&nbsp;<\/p>\n","protected":false},"excerpt":{"rendered":"<p>M\u00e9rida, Yucat\u00e1n, 13 de diciembre de 2023.- La movilidad en Yucat\u00e1n contin\u00faa transform\u00e1ndose y acercando un servicio de calidad a los yucatecos, as\u00ed lo demostr\u00f3 el Gobernador Mauricio Vila Dosal al realizar el primer recorrido de prueba del Ie-tram, ruta 100% el\u00e9ctrica, \u00fanica en su tipo en todo el sureste y Latinoam\u00e9rica, con modernas unidades [&hellip;]<\/p>\n","protected":false},"author":3,"featured_media":101518,"comment_status":"closed","ping_status":"closed","sticky":false,"template":"","format":"standard","meta":{"footnotes":""},"categories":[2],"tags":[],"class_list":{"0":"post-101517","1":"post","2":"type-post","3":"status-publish","4":"format-standard","5":"has-post-thumbnail","7":"category-merida"},"yoast_head":"<!-- This site is optimized with the Yoast SEO plugin v27.4 - https:\/\/yoast.com\/product\/yoast-seo-wordpress\/ -->\n<title>Se realiz\u00f3 el primer recorrido del Ie-tram - Yucat\u00e1n en corto<\/title>\n<meta name=\"robots\" content=\"index, follow, max-snippet:-1, max-image-preview:large, max-video-preview:-1\" \/>\n<link rel=\"canonical\" href=\"https:\/\/www.yucatanencorto.com\/noticias\/se-realizo-el-primer-recorrido-del-ie-tram\/\" \/>\n<meta property=\"og:locale\" content=\"es_ES\" \/>\n<meta property=\"og:type\" content=\"article\" \/>\n<meta property=\"og:title\" content=\"Se realiz\u00f3 el primer recorrido del Ie-tram - Yucat\u00e1n en corto\" \/>\n<meta property=\"og:description\" content=\"M\u00e9rida, Yucat\u00e1n, 13 de diciembre de 2023.- La movilidad en Yucat\u00e1n contin\u00faa transform\u00e1ndose y acercando un servicio de calidad a los yucatecos, as\u00ed lo demostr\u00f3 el Gobernador Mauricio Vila Dosal al realizar el primer recorrido de prueba del Ie-tram, ruta 100% el\u00e9ctrica, \u00fanica en su tipo en todo el sureste y Latinoam\u00e9rica, con modernas unidades [&hellip;]\" \/>\n<meta property=\"og:url\" content=\"https:\/\/www.yucatanencorto.com\/noticias\/se-realizo-el-primer-recorrido-del-ie-tram\/\" \/>\n<meta property=\"og:site_name\" content=\"Yucat\u00e1n en corto\" \/>\n<meta property=\"article:publisher\" content=\"http:\/\/www.facebook.com\/yucatanencorto\" \/>\n<meta property=\"article:published_time\" content=\"2023-12-14T04:34:09+00:00\" \/>\n<meta property=\"article:modified_time\" content=\"2023-12-14T04:34:45+00:00\" \/>\n<meta property=\"og:image\" content=\"https:\/\/www.yucatanencorto.com\/noticias\/wp-content\/uploads\/2023\/12\/image00011-3.png\" \/>\n\t<meta property=\"og:image:width\" content=\"768\" \/>\n\t<meta property=\"og:image:height\" content=\"549\" \/>\n\t<meta property=\"og:image:type\" content=\"image\/png\" \/>\n<meta name=\"author\" content=\"Redes\" \/>\n<meta name=\"twitter:card\" content=\"summary_large_image\" \/>\n<meta name=\"twitter:creator\" content=\"@yucatanencorto\" \/>\n<meta name=\"twitter:site\" content=\"@yucatanencorto\" \/>\n<meta name=\"twitter:label1\" content=\"Escrito por\" \/>\n\t<meta name=\"twitter:data1\" content=\"Redes\" \/>\n\t<meta name=\"twitter:label2\" content=\"Tiempo de lectura\" \/>\n\t<meta name=\"twitter:data2\" content=\"6 minutos\" \/>\n<script type=\"application\/ld+json\" class=\"yoast-schema-graph\">{\"@context\":\"https:\\\/\\\/schema.org\",\"@graph\":[{\"@type\":\"Article\",\"@id\":\"https:\\\/\\\/www.yucatanencorto.com\\\/noticias\\\/se-realizo-el-primer-recorrido-del-ie-tram\\\/#article\",\"isPartOf\":{\"@id\":\"https:\\\/\\\/www.yucatanencorto.com\\\/noticias\\\/se-realizo-el-primer-recorrido-del-ie-tram\\\/\"},\"author\":{\"name\":\"Redes\",\"@id\":\"https:\\\/\\\/www.yucatanencorto.com\\\/noticias\\\/#\\\/schema\\\/person\\\/e2fbdfaf30a07014a43940ce989f3119\"},\"headline\":\"Se realiz\u00f3 el primer recorrido del Ie-tram\",\"datePublished\":\"2023-12-14T04:34:09+00:00\",\"dateModified\":\"2023-12-14T04:34:45+00:00\",\"mainEntityOfPage\":{\"@id\":\"https:\\\/\\\/www.yucatanencorto.com\\\/noticias\\\/se-realizo-el-primer-recorrido-del-ie-tram\\\/\"},\"wordCount\":1178,\"image\":{\"@id\":\"https:\\\/\\\/www.yucatanencorto.com\\\/noticias\\\/se-realizo-el-primer-recorrido-del-ie-tram\\\/#primaryimage\"},\"thumbnailUrl\":\"https:\\\/\\\/www.yucatanencorto.com\\\/noticias\\\/wp-content\\\/uploads\\\/2023\\\/12\\\/image00011-3.png\",\"articleSection\":[\"M\u00e9rida\"],\"inLanguage\":\"es\"},{\"@type\":\"WebPage\",\"@id\":\"https:\\\/\\\/www.yucatanencorto.com\\\/noticias\\\/se-realizo-el-primer-recorrido-del-ie-tram\\\/\",\"url\":\"https:\\\/\\\/www.yucatanencorto.com\\\/noticias\\\/se-realizo-el-primer-recorrido-del-ie-tram\\\/\",\"name\":\"Se realiz\u00f3 el primer recorrido del Ie-tram - Yucat\u00e1n en corto\",\"isPartOf\":{\"@id\":\"https:\\\/\\\/www.yucatanencorto.com\\\/noticias\\\/#website\"},\"primaryImageOfPage\":{\"@id\":\"https:\\\/\\\/www.yucatanencorto.com\\\/noticias\\\/se-realizo-el-primer-recorrido-del-ie-tram\\\/#primaryimage\"},\"image\":{\"@id\":\"https:\\\/\\\/www.yucatanencorto.com\\\/noticias\\\/se-realizo-el-primer-recorrido-del-ie-tram\\\/#primaryimage\"},\"thumbnailUrl\":\"https:\\\/\\\/www.yucatanencorto.com\\\/noticias\\\/wp-content\\\/uploads\\\/2023\\\/12\\\/image00011-3.png\",\"datePublished\":\"2023-12-14T04:34:09+00:00\",\"dateModified\":\"2023-12-14T04:34:45+00:00\",\"author\":{\"@id\":\"https:\\\/\\\/www.yucatanencorto.com\\\/noticias\\\/#\\\/schema\\\/person\\\/e2fbdfaf30a07014a43940ce989f3119\"},\"breadcrumb\":{\"@id\":\"https:\\\/\\\/www.yucatanencorto.com\\\/noticias\\\/se-realizo-el-primer-recorrido-del-ie-tram\\\/#breadcrumb\"},\"inLanguage\":\"es\",\"potentialAction\":[{\"@type\":\"ReadAction\",\"target\":[\"https:\\\/\\\/www.yucatanencorto.com\\\/noticias\\\/se-realizo-el-primer-recorrido-del-ie-tram\\\/\"]}]},{\"@type\":\"ImageObject\",\"inLanguage\":\"es\",\"@id\":\"https:\\\/\\\/www.yucatanencorto.com\\\/noticias\\\/se-realizo-el-primer-recorrido-del-ie-tram\\\/#primaryimage\",\"url\":\"https:\\\/\\\/www.yucatanencorto.com\\\/noticias\\\/wp-content\\\/uploads\\\/2023\\\/12\\\/image00011-3.png\",\"contentUrl\":\"https:\\\/\\\/www.yucatanencorto.com\\\/noticias\\\/wp-content\\\/uploads\\\/2023\\\/12\\\/image00011-3.png\",\"width\":768,\"height\":549},{\"@type\":\"BreadcrumbList\",\"@id\":\"https:\\\/\\\/www.yucatanencorto.com\\\/noticias\\\/se-realizo-el-primer-recorrido-del-ie-tram\\\/#breadcrumb\",\"itemListElement\":[{\"@type\":\"ListItem\",\"position\":1,\"name\":\"Portada\",\"item\":\"https:\\\/\\\/www.yucatanencorto.com\\\/noticias\\\/\"},{\"@type\":\"ListItem\",\"position\":2,\"name\":\"Se realiz\u00f3 el primer recorrido del Ie-tram\"}]},{\"@type\":\"WebSite\",\"@id\":\"https:\\\/\\\/www.yucatanencorto.com\\\/noticias\\\/#website\",\"url\":\"https:\\\/\\\/www.yucatanencorto.com\\\/noticias\\\/\",\"name\":\"Yucat\u00e1n en corto\",\"description\":\"Noticias\",\"potentialAction\":[{\"@type\":\"SearchAction\",\"target\":{\"@type\":\"EntryPoint\",\"urlTemplate\":\"https:\\\/\\\/www.yucatanencorto.com\\\/noticias\\\/?s={search_term_string}\"},\"query-input\":{\"@type\":\"PropertyValueSpecification\",\"valueRequired\":true,\"valueName\":\"search_term_string\"}}],\"inLanguage\":\"es\"},{\"@type\":\"Person\",\"@id\":\"https:\\\/\\\/www.yucatanencorto.com\\\/noticias\\\/#\\\/schema\\\/person\\\/e2fbdfaf30a07014a43940ce989f3119\",\"name\":\"Redes\",\"image\":{\"@type\":\"ImageObject\",\"inLanguage\":\"es\",\"@id\":\"https:\\\/\\\/secure.gravatar.com\\\/avatar\\\/5931a2d21dd7cc834f44c8c34fe56d90ed6d536ef452cbf870c7485b524dddd7?s=96&d=mm&r=g\",\"url\":\"https:\\\/\\\/secure.gravatar.com\\\/avatar\\\/5931a2d21dd7cc834f44c8c34fe56d90ed6d536ef452cbf870c7485b524dddd7?s=96&d=mm&r=g\",\"contentUrl\":\"https:\\\/\\\/secure.gravatar.com\\\/avatar\\\/5931a2d21dd7cc834f44c8c34fe56d90ed6d536ef452cbf870c7485b524dddd7?s=96&d=mm&r=g\",\"caption\":\"Redes\"},\"url\":\"https:\\\/\\\/www.yucatanencorto.com\\\/noticias\\\/author\\\/redes\\\/\"}]}<\/script>\n<!-- \/ Yoast SEO plugin. -->","yoast_head_json":{"title":"Se realiz\u00f3 el primer recorrido del Ie-tram - Yucat\u00e1n en corto","robots":{"index":"index","follow":"follow","max-snippet":"max-snippet:-1","max-image-preview":"max-image-preview:large","max-video-preview":"max-video-preview:-1"},"canonical":"https:\/\/www.yucatanencorto.com\/noticias\/se-realizo-el-primer-recorrido-del-ie-tram\/","og_locale":"es_ES","og_type":"article","og_title":"Se realiz\u00f3 el primer recorrido del Ie-tram - Yucat\u00e1n en corto","og_description":"M\u00e9rida, Yucat\u00e1n, 13 de diciembre de 2023.- La movilidad en Yucat\u00e1n contin\u00faa transform\u00e1ndose y acercando un servicio de calidad a los yucatecos, as\u00ed lo demostr\u00f3 el Gobernador Mauricio Vila Dosal al realizar el primer recorrido de prueba del Ie-tram, ruta 100% el\u00e9ctrica, \u00fanica en su tipo en todo el sureste y Latinoam\u00e9rica, con modernas unidades [&hellip;]","og_url":"https:\/\/www.yucatanencorto.com\/noticias\/se-realizo-el-primer-recorrido-del-ie-tram\/","og_site_name":"Yucat\u00e1n en corto","article_publisher":"http:\/\/www.facebook.com\/yucatanencorto","article_published_time":"2023-12-14T04:34:09+00:00","article_modified_time":"2023-12-14T04:34:45+00:00","og_image":[{"width":768,"height":549,"url":"https:\/\/www.yucatanencorto.com\/noticias\/wp-content\/uploads\/2023\/12\/image00011-3.png","type":"image\/png"}],"author":"Redes","twitter_card":"summary_large_image","twitter_creator":"@yucatanencorto","twitter_site":"@yucatanencorto","twitter_misc":{"Escrito por":"Redes","Tiempo de lectura":"6 minutos"},"schema":{"@context":"https:\/\/schema.org","@graph":[{"@type":"Article","@id":"https:\/\/www.yucatanencorto.com\/noticias\/se-realizo-el-primer-recorrido-del-ie-tram\/#article","isPartOf":{"@id":"https:\/\/www.yucatanencorto.com\/noticias\/se-realizo-el-primer-recorrido-del-ie-tram\/"},"author":{"name":"Redes","@id":"https:\/\/www.yucatanencorto.com\/noticias\/#\/schema\/person\/e2fbdfaf30a07014a43940ce989f3119"},"headline":"Se realiz\u00f3 el primer recorrido del Ie-tram","datePublished":"2023-12-14T04:34:09+00:00","dateModified":"2023-12-14T04:34:45+00:00","mainEntityOfPage":{"@id":"https:\/\/www.yucatanencorto.com\/noticias\/se-realizo-el-primer-recorrido-del-ie-tram\/"},"wordCount":1178,"image":{"@id":"https:\/\/www.yucatanencorto.com\/noticias\/se-realizo-el-primer-recorrido-del-ie-tram\/#primaryimage"},"thumbnailUrl":"https:\/\/www.yucatanencorto.com\/noticias\/wp-content\/uploads\/2023\/12\/image00011-3.png","articleSection":["M\u00e9rida"],"inLanguage":"es"},{"@type":"WebPage","@id":"https:\/\/www.yucatanencorto.com\/noticias\/se-realizo-el-primer-recorrido-del-ie-tram\/","url":"https:\/\/www.yucatanencorto.com\/noticias\/se-realizo-el-primer-recorrido-del-ie-tram\/","name":"Se realiz\u00f3 el primer recorrido del Ie-tram - Yucat\u00e1n en corto","isPartOf":{"@id":"https:\/\/www.yucatanencorto.com\/noticias\/#website"},"primaryImageOfPage":{"@id":"https:\/\/www.yucatanencorto.com\/noticias\/se-realizo-el-primer-recorrido-del-ie-tram\/#primaryimage"},"image":{"@id":"https:\/\/www.yucatanencorto.com\/noticias\/se-realizo-el-primer-recorrido-del-ie-tram\/#primaryimage"},"thumbnailUrl":"https:\/\/www.yucatanencorto.com\/noticias\/wp-content\/uploads\/2023\/12\/image00011-3.png","datePublished":"2023-12-14T04:34:09+00:00","dateModified":"2023-12-14T04:34:45+00:00","author":{"@id":"https:\/\/www.yucatanencorto.com\/noticias\/#\/schema\/person\/e2fbdfaf30a07014a43940ce989f3119"},"breadcrumb":{"@id":"https:\/\/www.yucatanencorto.com\/noticias\/se-realizo-el-primer-recorrido-del-ie-tram\/#breadcrumb"},"inLanguage":"es","potentialAction":[{"@type":"ReadAction","target":["https:\/\/www.yucatanencorto.com\/noticias\/se-realizo-el-primer-recorrido-del-ie-tram\/"]}]},{"@type":"ImageObject","inLanguage":"es","@id":"https:\/\/www.yucatanencorto.com\/noticias\/se-realizo-el-primer-recorrido-del-ie-tram\/#primaryimage","url":"https:\/\/www.yucatanencorto.com\/noticias\/wp-content\/uploads\/2023\/12\/image00011-3.png","contentUrl":"https:\/\/www.yucatanencorto.com\/noticias\/wp-content\/uploads\/2023\/12\/image00011-3.png","width":768,"height":549},{"@type":"BreadcrumbList","@id":"https:\/\/www.yucatanencorto.com\/noticias\/se-realizo-el-primer-recorrido-del-ie-tram\/#breadcrumb","itemListElement":[{"@type":"ListItem","position":1,"name":"Portada","item":"https:\/\/www.yucatanencorto.com\/noticias\/"},{"@type":"ListItem","position":2,"name":"Se realiz\u00f3 el primer recorrido del Ie-tram"}]},{"@type":"WebSite","@id":"https:\/\/www.yucatanencorto.com\/noticias\/#website","url":"https:\/\/www.yucatanencorto.com\/noticias\/","name":"Yucat\u00e1n en corto","description":"Noticias","potentialAction":[{"@type":"SearchAction","target":{"@type":"EntryPoint","urlTemplate":"https:\/\/www.yucatanencorto.com\/noticias\/?s={search_term_string}"},"query-input":{"@type":"PropertyValueSpecification","valueRequired":true,"valueName":"search_term_string"}}],"inLanguage":"es"},{"@type":"Person","@id":"https:\/\/www.yucatanencorto.com\/noticias\/#\/schema\/person\/e2fbdfaf30a07014a43940ce989f3119","name":"Redes","image":{"@type":"ImageObject","inLanguage":"es","@id":"https:\/\/secure.gravatar.com\/avatar\/5931a2d21dd7cc834f44c8c34fe56d90ed6d536ef452cbf870c7485b524dddd7?s=96&d=mm&r=g","url":"https:\/\/secure.gravatar.com\/avatar\/5931a2d21dd7cc834f44c8c34fe56d90ed6d536ef452cbf870c7485b524dddd7?s=96&d=mm&r=g","contentUrl":"https:\/\/secure.gravatar.com\/avatar\/5931a2d21dd7cc834f44c8c34fe56d90ed6d536ef452cbf870c7485b524dddd7?s=96&d=mm&r=g","caption":"Redes"},"url":"https:\/\/www.yucatanencorto.com\/noticias\/author\/redes\/"}]}},"_links":{"self":[{"href":"https:\/\/www.yucatanencorto.com\/noticias\/wp-json\/wp\/v2\/posts\/101517","targetHints":{"allow":["GET"]}}],"collection":[{"href":"https:\/\/www.yucatanencorto.com\/noticias\/wp-json\/wp\/v2\/posts"}],"about":[{"href":"https:\/\/www.yucatanencorto.com\/noticias\/wp-json\/wp\/v2\/types\/post"}],"author":[{"embeddable":true,"href":"https:\/\/www.yucatanencorto.com\/noticias\/wp-json\/wp\/v2\/users\/3"}],"replies":[{"embeddable":true,"href":"https:\/\/www.yucatanencorto.com\/noticias\/wp-json\/wp\/v2\/comments?post=101517"}],"version-history":[{"count":0,"href":"https:\/\/www.yucatanencorto.com\/noticias\/wp-json\/wp\/v2\/posts\/101517\/revisions"}],"wp:featuredmedia":[{"embeddable":true,"href":"https:\/\/www.yucatanencorto.com\/noticias\/wp-json\/wp\/v2\/media\/101518"}],"wp:attachment":[{"href":"https:\/\/www.yucatanencorto.com\/noticias\/wp-json\/wp\/v2\/media?parent=101517"}],"wp:term":[{"taxonomy":"category","embeddable":true,"href":"https:\/\/www.yucatanencorto.com\/noticias\/wp-json\/wp\/v2\/categories?post=101517"},{"taxonomy":"post_tag","embeddable":true,"href":"https:\/\/www.yucatanencorto.com\/noticias\/wp-json\/wp\/v2\/tags?post=101517"}],"curies":[{"name":"wp","href":"https:\/\/api.w.org\/{rel}","templated":true}]}}