{"id":101526,"date":"2023-12-14T13:18:03","date_gmt":"2023-12-14T19:18:03","guid":{"rendered":"https:\/\/www.yucatanencorto.com\/noticias\/?p=101526"},"modified":"2023-12-14T14:57:18","modified_gmt":"2023-12-14T20:57:18","slug":"oms-pide-prohibicion-de-vaporizadores-con-sabor-y-controles-similares-a-los-del-tabaco","status":"publish","type":"post","link":"https:\/\/www.yucatanencorto.com\/noticias\/oms-pide-prohibicion-de-vaporizadores-con-sabor-y-controles-similares-a-los-del-tabaco\/","title":{"rendered":"OMS pide prohibici\u00f3n de vaporizadores con sabor y controles similares a los del tabaco"},"content":{"rendered":"<p data-t=\"{&quot;n&quot;:&quot;blueLinks&quot;}\"><img loading=\"lazy\" decoding=\"async\" class=\"alignnone size-full wp-image-101527\" src=\"https:\/\/www.yucatanencorto.com\/noticias\/wp-content\/uploads\/2023\/12\/Captura-de-pantalla-2023-12-14-131738-scaled.jpg\" alt=\"\" width=\"768\" height=\"432\" srcset=\"https:\/\/www.yucatanencorto.com\/noticias\/wp-content\/uploads\/2023\/12\/Captura-de-pantalla-2023-12-14-131738-scaled.jpg 768w, https:\/\/www.yucatanencorto.com\/noticias\/wp-content\/uploads\/2023\/12\/Captura-de-pantalla-2023-12-14-131738-150x84.jpg 150w, https:\/\/www.yucatanencorto.com\/noticias\/wp-content\/uploads\/2023\/12\/Captura-de-pantalla-2023-12-14-131738-300x169.jpg 300w, https:\/\/www.yucatanencorto.com\/noticias\/wp-content\/uploads\/2023\/12\/Captura-de-pantalla-2023-12-14-131738-696x392.jpg 696w, https:\/\/www.yucatanencorto.com\/noticias\/wp-content\/uploads\/2023\/12\/Captura-de-pantalla-2023-12-14-131738-1068x601.jpg 1068w\" sizes=\"auto, (max-width: 768px) 100vw, 768px\" \/><\/p>\n<p data-t=\"{&quot;n&quot;:&quot;blueLinks&quot;}\">La\u00a0Organizaci\u00f3n Mundial de la Salud\u00a0(OMS) inst\u00f3 el jueves a los gobiernos a tratar los\u00a0cigarrillos electr\u00f3nicos\u00a0de forma similar al tabaco y\u00a0prohibir todos los sabores, amenazando las apuestas alternativas de las compa\u00f1\u00edas tabacaleras.<\/p>\n<p data-t=\"{&quot;n&quot;:&quot;blueLinks&quot;}\">Algunos investigadores, activistas y gobiernos ven en los cigarrillos electr\u00f3nicos una herramienta clave para\u00a0reducir las muertes y enfermedades causadas por el tabaquismo. No obstante, la agencia de la ONU dijo que se necesitan\u00a0\u201cmedidas urgentes\u201d para controlarlos.<\/p>\n<p data-t=\"{&quot;n&quot;:&quot;blueLinks&quot;}\">Citando estudios, la OMS afirm\u00f3 que\u00a0no hay pruebas suficientes\u00a0de que los vaporizadores\u00a0ayuden a los fumadores a dejar el h\u00e1bito, al tiempo que son perjudiciales para la salud y pueden\u00a0fomentar la adicci\u00f3n\u00a0a la nicotina entre los no fumadores, especialmente los ni\u00f1os y los j\u00f3venes.<\/p>\n<p data-t=\"{&quot;n&quot;:&quot;blueLinks&quot;}\">En todas las regiones de la OMS hay\u00a0m\u00e1s ni\u00f1os de entre 13 y 15 a\u00f1os que adultos que utilizan vapeadores, gracias a la agresividad del marketing.<\/p>\n<p data-t=\"{&quot;n&quot;:&quot;blueLinks&quot;}\">Tedros Adhanom Ghebreyesus, director general de la OMS, dijo que \u201clos ni\u00f1os son\u00a0captados y atrapados a una edad temprana\u00a0para usar cigarrillos electr\u00f3nicos y pueden engancharse a la nicotina\u201d, e inst\u00f3 a los pa\u00edses a aplicar medidas estrictas.<\/p>\n<p data-t=\"{&quot;n&quot;:&quot;blueLinks&quot;}\">La OMS pidi\u00f3 cambios, como la\u00a0prohibici\u00f3n de todos los aromatizantes, como el mentol, y la aplicaci\u00f3n de medidas de control del tabaco a los vaporizadores. Entre ellas se incluyen\u00a0elevados impuestos\u00a0y la\u00a0prohibici\u00f3n de su uso en lugares p\u00fablicos.<\/p>\n<p data-t=\"{&quot;n&quot;:&quot;blueLinks&quot;}\">La OMS\u00a0no tiene autoridad sobre las normativas nacionales, s\u00f3lo ofrece orientaci\u00f3n. Pero sus recomendaciones suelen adoptarse voluntariamente.<\/p>\n<p data-t=\"{&quot;n&quot;:&quot;blueLinks&quot;}\">La OMS y otras organizaciones antitabaco est\u00e1n presionando para que se apliquen normas m\u00e1s estrictas a los nuevos productos con nicotina, apuntando a las\u00a0alternativas\u00a0en las que algunos gigantes del tabaco como\u00a0Philip Morris International\u00a0y British American Tobacco est\u00e1n basando sus\u00a0estrategias futuras.<\/p>\n","protected":false},"excerpt":{"rendered":"<p>La\u00a0Organizaci\u00f3n Mundial de la Salud\u00a0(OMS) inst\u00f3 el jueves a los gobiernos a tratar los\u00a0cigarrillos electr\u00f3nicos\u00a0de forma similar al tabaco y\u00a0prohibir todos los sabores, amenazando las apuestas alternativas de las compa\u00f1\u00edas tabacaleras. Algunos investigadores, activistas y gobiernos ven en los cigarrillos electr\u00f3nicos una herramienta clave para\u00a0reducir las muertes y enfermedades causadas por el tabaquismo. No obstante, [&hellip;]<\/p>\n","protected":false},"author":3,"featured_media":101527,"comment_status":"closed","ping_status":"closed","sticky":false,"template":"","format":"standard","meta":{"footnotes":""},"categories":[10],"tags":[],"class_list":{"0":"post-101526","1":"post","2":"type-post","3":"status-publish","4":"format-standard","5":"has-post-thumbnail","7":"category-bienestar"},"yoast_head":"<!-- This site is optimized with the Yoast SEO plugin v27.4 - https:\/\/yoast.com\/product\/yoast-seo-wordpress\/ -->\n<title>OMS pide prohibici\u00f3n de vaporizadores con sabor y controles similares a los del tabaco - Yucat\u00e1n en corto<\/title>\n<meta name=\"robots\" content=\"index, follow, max-snippet:-1, max-image-preview:large, max-video-preview:-1\" \/>\n<link rel=\"canonical\" href=\"https:\/\/www.yucatanencorto.com\/noticias\/oms-pide-prohibicion-de-vaporizadores-con-sabor-y-controles-similares-a-los-del-tabaco\/\" \/>\n<meta property=\"og:locale\" content=\"es_ES\" \/>\n<meta property=\"og:type\" content=\"article\" \/>\n<meta property=\"og:title\" content=\"OMS pide prohibici\u00f3n de vaporizadores con sabor y controles similares a los del tabaco - Yucat\u00e1n en corto\" \/>\n<meta property=\"og:description\" content=\"La\u00a0Organizaci\u00f3n Mundial de la Salud\u00a0(OMS) inst\u00f3 el jueves a los gobiernos a tratar los\u00a0cigarrillos electr\u00f3nicos\u00a0de forma similar al tabaco y\u00a0prohibir todos los sabores, amenazando las apuestas alternativas de las compa\u00f1\u00edas tabacaleras. Algunos investigadores, activistas y gobiernos ven en los cigarrillos electr\u00f3nicos una herramienta clave para\u00a0reducir las muertes y enfermedades causadas por el tabaquismo. No obstante, [&hellip;]\" \/>\n<meta property=\"og:url\" content=\"https:\/\/www.yucatanencorto.com\/noticias\/oms-pide-prohibicion-de-vaporizadores-con-sabor-y-controles-similares-a-los-del-tabaco\/\" \/>\n<meta property=\"og:site_name\" content=\"Yucat\u00e1n en corto\" \/>\n<meta property=\"article:publisher\" content=\"http:\/\/www.facebook.com\/yucatanencorto\" \/>\n<meta property=\"article:published_time\" content=\"2023-12-14T19:18:03+00:00\" \/>\n<meta property=\"article:modified_time\" content=\"2023-12-14T20:57:18+00:00\" \/>\n<meta property=\"og:image\" content=\"https:\/\/www.yucatanencorto.com\/noticias\/wp-content\/uploads\/2023\/12\/Captura-de-pantalla-2023-12-14-131738-scaled.jpg\" \/>\n\t<meta property=\"og:image:width\" content=\"768\" \/>\n\t<meta property=\"og:image:height\" content=\"432\" \/>\n\t<meta property=\"og:image:type\" content=\"image\/jpeg\" \/>\n<meta name=\"author\" content=\"Redes\" \/>\n<meta name=\"twitter:card\" content=\"summary_large_image\" \/>\n<meta name=\"twitter:creator\" content=\"@yucatanencorto\" \/>\n<meta name=\"twitter:site\" content=\"@yucatanencorto\" \/>\n<meta name=\"twitter:label1\" content=\"Escrito por\" \/>\n\t<meta name=\"twitter:data1\" content=\"Redes\" \/>\n\t<meta name=\"twitter:label2\" content=\"Tiempo de lectura\" \/>\n\t<meta name=\"twitter:data2\" content=\"2 minutos\" \/>\n<script type=\"application\/ld+json\" class=\"yoast-schema-graph\">{\"@context\":\"https:\\\/\\\/schema.org\",\"@graph\":[{\"@type\":\"Article\",\"@id\":\"https:\\\/\\\/www.yucatanencorto.com\\\/noticias\\\/oms-pide-prohibicion-de-vaporizadores-con-sabor-y-controles-similares-a-los-del-tabaco\\\/#article\",\"isPartOf\":{\"@id\":\"https:\\\/\\\/www.yucatanencorto.com\\\/noticias\\\/oms-pide-prohibicion-de-vaporizadores-con-sabor-y-controles-similares-a-los-del-tabaco\\\/\"},\"author\":{\"name\":\"Redes\",\"@id\":\"https:\\\/\\\/www.yucatanencorto.com\\\/noticias\\\/#\\\/schema\\\/person\\\/e2fbdfaf30a07014a43940ce989f3119\"},\"headline\":\"OMS pide prohibici\u00f3n de vaporizadores con sabor y controles similares a los del tabaco\",\"datePublished\":\"2023-12-14T19:18:03+00:00\",\"dateModified\":\"2023-12-14T20:57:18+00:00\",\"mainEntityOfPage\":{\"@id\":\"https:\\\/\\\/www.yucatanencorto.com\\\/noticias\\\/oms-pide-prohibicion-de-vaporizadores-con-sabor-y-controles-similares-a-los-del-tabaco\\\/\"},\"wordCount\":328,\"image\":{\"@id\":\"https:\\\/\\\/www.yucatanencorto.com\\\/noticias\\\/oms-pide-prohibicion-de-vaporizadores-con-sabor-y-controles-similares-a-los-del-tabaco\\\/#primaryimage\"},\"thumbnailUrl\":\"https:\\\/\\\/www.yucatanencorto.com\\\/noticias\\\/wp-content\\\/uploads\\\/2023\\\/12\\\/Captura-de-pantalla-2023-12-14-131738-scaled.jpg\",\"articleSection\":[\"Bienestar\"],\"inLanguage\":\"es\"},{\"@type\":\"WebPage\",\"@id\":\"https:\\\/\\\/www.yucatanencorto.com\\\/noticias\\\/oms-pide-prohibicion-de-vaporizadores-con-sabor-y-controles-similares-a-los-del-tabaco\\\/\",\"url\":\"https:\\\/\\\/www.yucatanencorto.com\\\/noticias\\\/oms-pide-prohibicion-de-vaporizadores-con-sabor-y-controles-similares-a-los-del-tabaco\\\/\",\"name\":\"OMS pide prohibici\u00f3n de vaporizadores con sabor y controles similares a los del tabaco - Yucat\u00e1n en corto\",\"isPartOf\":{\"@id\":\"https:\\\/\\\/www.yucatanencorto.com\\\/noticias\\\/#website\"},\"primaryImageOfPage\":{\"@id\":\"https:\\\/\\\/www.yucatanencorto.com\\\/noticias\\\/oms-pide-prohibicion-de-vaporizadores-con-sabor-y-controles-similares-a-los-del-tabaco\\\/#primaryimage\"},\"image\":{\"@id\":\"https:\\\/\\\/www.yucatanencorto.com\\\/noticias\\\/oms-pide-prohibicion-de-vaporizadores-con-sabor-y-controles-similares-a-los-del-tabaco\\\/#primaryimage\"},\"thumbnailUrl\":\"https:\\\/\\\/www.yucatanencorto.com\\\/noticias\\\/wp-content\\\/uploads\\\/2023\\\/12\\\/Captura-de-pantalla-2023-12-14-131738-scaled.jpg\",\"datePublished\":\"2023-12-14T19:18:03+00:00\",\"dateModified\":\"2023-12-14T20:57:18+00:00\",\"author\":{\"@id\":\"https:\\\/\\\/www.yucatanencorto.com\\\/noticias\\\/#\\\/schema\\\/person\\\/e2fbdfaf30a07014a43940ce989f3119\"},\"breadcrumb\":{\"@id\":\"https:\\\/\\\/www.yucatanencorto.com\\\/noticias\\\/oms-pide-prohibicion-de-vaporizadores-con-sabor-y-controles-similares-a-los-del-tabaco\\\/#breadcrumb\"},\"inLanguage\":\"es\",\"potentialAction\":[{\"@type\":\"ReadAction\",\"target\":[\"https:\\\/\\\/www.yucatanencorto.com\\\/noticias\\\/oms-pide-prohibicion-de-vaporizadores-con-sabor-y-controles-similares-a-los-del-tabaco\\\/\"]}]},{\"@type\":\"ImageObject\",\"inLanguage\":\"es\",\"@id\":\"https:\\\/\\\/www.yucatanencorto.com\\\/noticias\\\/oms-pide-prohibicion-de-vaporizadores-con-sabor-y-controles-similares-a-los-del-tabaco\\\/#primaryimage\",\"url\":\"https:\\\/\\\/www.yucatanencorto.com\\\/noticias\\\/wp-content\\\/uploads\\\/2023\\\/12\\\/Captura-de-pantalla-2023-12-14-131738-scaled.jpg\",\"contentUrl\":\"https:\\\/\\\/www.yucatanencorto.com\\\/noticias\\\/wp-content\\\/uploads\\\/2023\\\/12\\\/Captura-de-pantalla-2023-12-14-131738-scaled.jpg\",\"width\":768,\"height\":432},{\"@type\":\"BreadcrumbList\",\"@id\":\"https:\\\/\\\/www.yucatanencorto.com\\\/noticias\\\/oms-pide-prohibicion-de-vaporizadores-con-sabor-y-controles-similares-a-los-del-tabaco\\\/#breadcrumb\",\"itemListElement\":[{\"@type\":\"ListItem\",\"position\":1,\"name\":\"Portada\",\"item\":\"https:\\\/\\\/www.yucatanencorto.com\\\/noticias\\\/\"},{\"@type\":\"ListItem\",\"position\":2,\"name\":\"OMS pide prohibici\u00f3n de vaporizadores con sabor y controles similares a los del tabaco\"}]},{\"@type\":\"WebSite\",\"@id\":\"https:\\\/\\\/www.yucatanencorto.com\\\/noticias\\\/#website\",\"url\":\"https:\\\/\\\/www.yucatanencorto.com\\\/noticias\\\/\",\"name\":\"Yucat\u00e1n en corto\",\"description\":\"Noticias\",\"potentialAction\":[{\"@type\":\"SearchAction\",\"target\":{\"@type\":\"EntryPoint\",\"urlTemplate\":\"https:\\\/\\\/www.yucatanencorto.com\\\/noticias\\\/?s={search_term_string}\"},\"query-input\":{\"@type\":\"PropertyValueSpecification\",\"valueRequired\":true,\"valueName\":\"search_term_string\"}}],\"inLanguage\":\"es\"},{\"@type\":\"Person\",\"@id\":\"https:\\\/\\\/www.yucatanencorto.com\\\/noticias\\\/#\\\/schema\\\/person\\\/e2fbdfaf30a07014a43940ce989f3119\",\"name\":\"Redes\",\"image\":{\"@type\":\"ImageObject\",\"inLanguage\":\"es\",\"@id\":\"https:\\\/\\\/secure.gravatar.com\\\/avatar\\\/5931a2d21dd7cc834f44c8c34fe56d90ed6d536ef452cbf870c7485b524dddd7?s=96&d=mm&r=g\",\"url\":\"https:\\\/\\\/secure.gravatar.com\\\/avatar\\\/5931a2d21dd7cc834f44c8c34fe56d90ed6d536ef452cbf870c7485b524dddd7?s=96&d=mm&r=g\",\"contentUrl\":\"https:\\\/\\\/secure.gravatar.com\\\/avatar\\\/5931a2d21dd7cc834f44c8c34fe56d90ed6d536ef452cbf870c7485b524dddd7?s=96&d=mm&r=g\",\"caption\":\"Redes\"},\"url\":\"https:\\\/\\\/www.yucatanencorto.com\\\/noticias\\\/author\\\/redes\\\/\"}]}<\/script>\n<!-- \/ Yoast SEO plugin. -->","yoast_head_json":{"title":"OMS pide prohibici\u00f3n de vaporizadores con sabor y controles similares a los del tabaco - Yucat\u00e1n en corto","robots":{"index":"index","follow":"follow","max-snippet":"max-snippet:-1","max-image-preview":"max-image-preview:large","max-video-preview":"max-video-preview:-1"},"canonical":"https:\/\/www.yucatanencorto.com\/noticias\/oms-pide-prohibicion-de-vaporizadores-con-sabor-y-controles-similares-a-los-del-tabaco\/","og_locale":"es_ES","og_type":"article","og_title":"OMS pide prohibici\u00f3n de vaporizadores con sabor y controles similares a los del tabaco - Yucat\u00e1n en corto","og_description":"La\u00a0Organizaci\u00f3n Mundial de la Salud\u00a0(OMS) inst\u00f3 el jueves a los gobiernos a tratar los\u00a0cigarrillos electr\u00f3nicos\u00a0de forma similar al tabaco y\u00a0prohibir todos los sabores, amenazando las apuestas alternativas de las compa\u00f1\u00edas tabacaleras. Algunos investigadores, activistas y gobiernos ven en los cigarrillos electr\u00f3nicos una herramienta clave para\u00a0reducir las muertes y enfermedades causadas por el tabaquismo. No obstante, [&hellip;]","og_url":"https:\/\/www.yucatanencorto.com\/noticias\/oms-pide-prohibicion-de-vaporizadores-con-sabor-y-controles-similares-a-los-del-tabaco\/","og_site_name":"Yucat\u00e1n en corto","article_publisher":"http:\/\/www.facebook.com\/yucatanencorto","article_published_time":"2023-12-14T19:18:03+00:00","article_modified_time":"2023-12-14T20:57:18+00:00","og_image":[{"width":768,"height":432,"url":"https:\/\/www.yucatanencorto.com\/noticias\/wp-content\/uploads\/2023\/12\/Captura-de-pantalla-2023-12-14-131738-scaled.jpg","type":"image\/jpeg"}],"author":"Redes","twitter_card":"summary_large_image","twitter_creator":"@yucatanencorto","twitter_site":"@yucatanencorto","twitter_misc":{"Escrito por":"Redes","Tiempo de lectura":"2 minutos"},"schema":{"@context":"https:\/\/schema.org","@graph":[{"@type":"Article","@id":"https:\/\/www.yucatanencorto.com\/noticias\/oms-pide-prohibicion-de-vaporizadores-con-sabor-y-controles-similares-a-los-del-tabaco\/#article","isPartOf":{"@id":"https:\/\/www.yucatanencorto.com\/noticias\/oms-pide-prohibicion-de-vaporizadores-con-sabor-y-controles-similares-a-los-del-tabaco\/"},"author":{"name":"Redes","@id":"https:\/\/www.yucatanencorto.com\/noticias\/#\/schema\/person\/e2fbdfaf30a07014a43940ce989f3119"},"headline":"OMS pide prohibici\u00f3n de vaporizadores con sabor y controles similares a los del tabaco","datePublished":"2023-12-14T19:18:03+00:00","dateModified":"2023-12-14T20:57:18+00:00","mainEntityOfPage":{"@id":"https:\/\/www.yucatanencorto.com\/noticias\/oms-pide-prohibicion-de-vaporizadores-con-sabor-y-controles-similares-a-los-del-tabaco\/"},"wordCount":328,"image":{"@id":"https:\/\/www.yucatanencorto.com\/noticias\/oms-pide-prohibicion-de-vaporizadores-con-sabor-y-controles-similares-a-los-del-tabaco\/#primaryimage"},"thumbnailUrl":"https:\/\/www.yucatanencorto.com\/noticias\/wp-content\/uploads\/2023\/12\/Captura-de-pantalla-2023-12-14-131738-scaled.jpg","articleSection":["Bienestar"],"inLanguage":"es"},{"@type":"WebPage","@id":"https:\/\/www.yucatanencorto.com\/noticias\/oms-pide-prohibicion-de-vaporizadores-con-sabor-y-controles-similares-a-los-del-tabaco\/","url":"https:\/\/www.yucatanencorto.com\/noticias\/oms-pide-prohibicion-de-vaporizadores-con-sabor-y-controles-similares-a-los-del-tabaco\/","name":"OMS pide prohibici\u00f3n de vaporizadores con sabor y controles similares a los del tabaco - Yucat\u00e1n en corto","isPartOf":{"@id":"https:\/\/www.yucatanencorto.com\/noticias\/#website"},"primaryImageOfPage":{"@id":"https:\/\/www.yucatanencorto.com\/noticias\/oms-pide-prohibicion-de-vaporizadores-con-sabor-y-controles-similares-a-los-del-tabaco\/#primaryimage"},"image":{"@id":"https:\/\/www.yucatanencorto.com\/noticias\/oms-pide-prohibicion-de-vaporizadores-con-sabor-y-controles-similares-a-los-del-tabaco\/#primaryimage"},"thumbnailUrl":"https:\/\/www.yucatanencorto.com\/noticias\/wp-content\/uploads\/2023\/12\/Captura-de-pantalla-2023-12-14-131738-scaled.jpg","datePublished":"2023-12-14T19:18:03+00:00","dateModified":"2023-12-14T20:57:18+00:00","author":{"@id":"https:\/\/www.yucatanencorto.com\/noticias\/#\/schema\/person\/e2fbdfaf30a07014a43940ce989f3119"},"breadcrumb":{"@id":"https:\/\/www.yucatanencorto.com\/noticias\/oms-pide-prohibicion-de-vaporizadores-con-sabor-y-controles-similares-a-los-del-tabaco\/#breadcrumb"},"inLanguage":"es","potentialAction":[{"@type":"ReadAction","target":["https:\/\/www.yucatanencorto.com\/noticias\/oms-pide-prohibicion-de-vaporizadores-con-sabor-y-controles-similares-a-los-del-tabaco\/"]}]},{"@type":"ImageObject","inLanguage":"es","@id":"https:\/\/www.yucatanencorto.com\/noticias\/oms-pide-prohibicion-de-vaporizadores-con-sabor-y-controles-similares-a-los-del-tabaco\/#primaryimage","url":"https:\/\/www.yucatanencorto.com\/noticias\/wp-content\/uploads\/2023\/12\/Captura-de-pantalla-2023-12-14-131738-scaled.jpg","contentUrl":"https:\/\/www.yucatanencorto.com\/noticias\/wp-content\/uploads\/2023\/12\/Captura-de-pantalla-2023-12-14-131738-scaled.jpg","width":768,"height":432},{"@type":"BreadcrumbList","@id":"https:\/\/www.yucatanencorto.com\/noticias\/oms-pide-prohibicion-de-vaporizadores-con-sabor-y-controles-similares-a-los-del-tabaco\/#breadcrumb","itemListElement":[{"@type":"ListItem","position":1,"name":"Portada","item":"https:\/\/www.yucatanencorto.com\/noticias\/"},{"@type":"ListItem","position":2,"name":"OMS pide prohibici\u00f3n de vaporizadores con sabor y controles similares a los del tabaco"}]},{"@type":"WebSite","@id":"https:\/\/www.yucatanencorto.com\/noticias\/#website","url":"https:\/\/www.yucatanencorto.com\/noticias\/","name":"Yucat\u00e1n en corto","description":"Noticias","potentialAction":[{"@type":"SearchAction","target":{"@type":"EntryPoint","urlTemplate":"https:\/\/www.yucatanencorto.com\/noticias\/?s={search_term_string}"},"query-input":{"@type":"PropertyValueSpecification","valueRequired":true,"valueName":"search_term_string"}}],"inLanguage":"es"},{"@type":"Person","@id":"https:\/\/www.yucatanencorto.com\/noticias\/#\/schema\/person\/e2fbdfaf30a07014a43940ce989f3119","name":"Redes","image":{"@type":"ImageObject","inLanguage":"es","@id":"https:\/\/secure.gravatar.com\/avatar\/5931a2d21dd7cc834f44c8c34fe56d90ed6d536ef452cbf870c7485b524dddd7?s=96&d=mm&r=g","url":"https:\/\/secure.gravatar.com\/avatar\/5931a2d21dd7cc834f44c8c34fe56d90ed6d536ef452cbf870c7485b524dddd7?s=96&d=mm&r=g","contentUrl":"https:\/\/secure.gravatar.com\/avatar\/5931a2d21dd7cc834f44c8c34fe56d90ed6d536ef452cbf870c7485b524dddd7?s=96&d=mm&r=g","caption":"Redes"},"url":"https:\/\/www.yucatanencorto.com\/noticias\/author\/redes\/"}]}},"_links":{"self":[{"href":"https:\/\/www.yucatanencorto.com\/noticias\/wp-json\/wp\/v2\/posts\/101526","targetHints":{"allow":["GET"]}}],"collection":[{"href":"https:\/\/www.yucatanencorto.com\/noticias\/wp-json\/wp\/v2\/posts"}],"about":[{"href":"https:\/\/www.yucatanencorto.com\/noticias\/wp-json\/wp\/v2\/types\/post"}],"author":[{"embeddable":true,"href":"https:\/\/www.yucatanencorto.com\/noticias\/wp-json\/wp\/v2\/users\/3"}],"replies":[{"embeddable":true,"href":"https:\/\/www.yucatanencorto.com\/noticias\/wp-json\/wp\/v2\/comments?post=101526"}],"version-history":[{"count":0,"href":"https:\/\/www.yucatanencorto.com\/noticias\/wp-json\/wp\/v2\/posts\/101526\/revisions"}],"wp:featuredmedia":[{"embeddable":true,"href":"https:\/\/www.yucatanencorto.com\/noticias\/wp-json\/wp\/v2\/media\/101527"}],"wp:attachment":[{"href":"https:\/\/www.yucatanencorto.com\/noticias\/wp-json\/wp\/v2\/media?parent=101526"}],"wp:term":[{"taxonomy":"category","embeddable":true,"href":"https:\/\/www.yucatanencorto.com\/noticias\/wp-json\/wp\/v2\/categories?post=101526"},{"taxonomy":"post_tag","embeddable":true,"href":"https:\/\/www.yucatanencorto.com\/noticias\/wp-json\/wp\/v2\/tags?post=101526"}],"curies":[{"name":"wp","href":"https:\/\/api.w.org\/{rel}","templated":true}]}}