{"id":101532,"date":"2023-12-14T18:55:46","date_gmt":"2023-12-15T00:55:46","guid":{"rendered":"https:\/\/www.yucatanencorto.com\/noticias\/?p=101532"},"modified":"2023-12-14T18:55:46","modified_gmt":"2023-12-15T00:55:46","slug":"llegan-otras-5-nuevas-unidades-del-ie-tram-a-yucatan","status":"publish","type":"post","link":"https:\/\/www.yucatanencorto.com\/noticias\/llegan-otras-5-nuevas-unidades-del-ie-tram-a-yucatan\/","title":{"rendered":"Llegan otras 5 nuevas unidades del Ie-Tram a Yucat\u00e1n"},"content":{"rendered":"<p dir=\"ltr\"><img loading=\"lazy\" decoding=\"async\" class=\"alignnone size-full wp-image-101533\" src=\"https:\/\/www.yucatanencorto.com\/noticias\/wp-content\/uploads\/2023\/12\/image00001-28-1.png\" alt=\"\" width=\"768\" height=\"563\" srcset=\"https:\/\/www.yucatanencorto.com\/noticias\/wp-content\/uploads\/2023\/12\/image00001-28-1.png 768w, https:\/\/www.yucatanencorto.com\/noticias\/wp-content\/uploads\/2023\/12\/image00001-28-1-150x110.png 150w, https:\/\/www.yucatanencorto.com\/noticias\/wp-content\/uploads\/2023\/12\/image00001-28-1-300x220.png 300w, https:\/\/www.yucatanencorto.com\/noticias\/wp-content\/uploads\/2023\/12\/image00001-28-1-696x510.png 696w\" sizes=\"auto, (max-width: 768px) 100vw, 768px\" \/><\/p>\n<p dir=\"ltr\">La transformaci\u00f3n de Yucat\u00e1n contin\u00faa con la llegada de otras 5 nuevas unidades del Ie-Tram, transporte p\u00fablico 100% el\u00e9ctrico y \u00fanico en Latinoam\u00e9rica, con lo que la entidad se acerca m\u00e1s al futuro de la movilidad que impulsa el Gobernador Mauricio Vila Dosal, con lo que ya pronto, las familias yucatecas podr\u00e1n gozar de un moderno sistema de movilidad para trasladarse.<\/p>\n<p>&nbsp;<\/p>\n<p dir=\"ltr\">Con la llegada de estas unidades, suman ya 11 de este tipo que ya arribaron al estado, cuyas caracter\u00edsticas incluyen un dise\u00f1o accesible a trav\u00e9s de 4 puertas deslizantes, entrada baja para personas adultas mayores y con discapacidad, se\u00f1alizaci\u00f3n de lugares reservados para ellas, disposici\u00f3n de asientos y distribuci\u00f3n interior, pasillos adaptables, informaci\u00f3n sonora y, en el tema tecnol\u00f3gico, recaudo electr\u00f3nico, entre otras amenidades.<\/p>\n<p>&nbsp;<\/p>\n<p dir=\"ltr\">Incluso, cuentan con puertos USB con carga r\u00e1pida para celular, WiFi, geolocalizador en tiempo real para dar seguimiento a su ruta desde la app \u00abVa -y-Ven\u00bb as\u00ed como 11 c\u00e1maras que permiten una mejor conducci\u00f3n e identificar ciclistas y peatones para evitar accidentes.<\/p>\n<p>&nbsp;<\/p>\n<p dir=\"ltr\">De esta forma, a partir del pr\u00f3ximo s\u00e1bado 16 de diciembre, las familias yucatecas podr\u00e1n comenzar a gozar de uno de los mejores servicios de transporte p\u00fablico del mundo, como parte del sistema \u201cVa y Ven\u00bb.<\/p>\n<p>&nbsp;<\/p>\n<p dir=\"ltr\">Los veh\u00edculos que llegaron este d\u00eda, provienen de la ciudad de Vigo, Espa\u00f1a y llegaron por mar a Veracruz, para posteriormente continuar su recorrido por tierra para llegar esta tarde a nuestro estado y con ello dar un paso m\u00e1s hacia la consolidaci\u00f3n de una movilidad moderna y eficiente que todos merecemos.<\/p>\n","protected":false},"excerpt":{"rendered":"<p>La transformaci\u00f3n de Yucat\u00e1n contin\u00faa con la llegada de otras 5 nuevas unidades del Ie-Tram, transporte p\u00fablico 100% el\u00e9ctrico y \u00fanico en Latinoam\u00e9rica, con lo que la entidad se acerca m\u00e1s al futuro de la movilidad que impulsa el Gobernador Mauricio Vila Dosal, con lo que ya pronto, las familias yucatecas podr\u00e1n gozar de un [&hellip;]<\/p>\n","protected":false},"author":3,"featured_media":101533,"comment_status":"closed","ping_status":"closed","sticky":false,"template":"","format":"standard","meta":{"footnotes":""},"categories":[3],"tags":[],"class_list":{"0":"post-101532","1":"post","2":"type-post","3":"status-publish","4":"format-standard","5":"has-post-thumbnail","7":"category-yucatan"},"yoast_head":"<!-- This site is optimized with the Yoast SEO plugin v27.4 - https:\/\/yoast.com\/product\/yoast-seo-wordpress\/ -->\n<title>Llegan otras 5 nuevas unidades del Ie-Tram a Yucat\u00e1n - Yucat\u00e1n en corto<\/title>\n<meta name=\"robots\" content=\"index, follow, max-snippet:-1, max-image-preview:large, max-video-preview:-1\" \/>\n<link rel=\"canonical\" href=\"https:\/\/www.yucatanencorto.com\/noticias\/llegan-otras-5-nuevas-unidades-del-ie-tram-a-yucatan\/\" \/>\n<meta property=\"og:locale\" content=\"es_ES\" \/>\n<meta property=\"og:type\" content=\"article\" \/>\n<meta property=\"og:title\" content=\"Llegan otras 5 nuevas unidades del Ie-Tram a Yucat\u00e1n - Yucat\u00e1n en corto\" \/>\n<meta property=\"og:description\" content=\"La transformaci\u00f3n de Yucat\u00e1n contin\u00faa con la llegada de otras 5 nuevas unidades del Ie-Tram, transporte p\u00fablico 100% el\u00e9ctrico y \u00fanico en Latinoam\u00e9rica, con lo que la entidad se acerca m\u00e1s al futuro de la movilidad que impulsa el Gobernador Mauricio Vila Dosal, con lo que ya pronto, las familias yucatecas podr\u00e1n gozar de un [&hellip;]\" \/>\n<meta property=\"og:url\" content=\"https:\/\/www.yucatanencorto.com\/noticias\/llegan-otras-5-nuevas-unidades-del-ie-tram-a-yucatan\/\" \/>\n<meta property=\"og:site_name\" content=\"Yucat\u00e1n en corto\" \/>\n<meta property=\"article:publisher\" content=\"http:\/\/www.facebook.com\/yucatanencorto\" \/>\n<meta property=\"article:published_time\" content=\"2023-12-15T00:55:46+00:00\" \/>\n<meta property=\"og:image\" content=\"https:\/\/www.yucatanencorto.com\/noticias\/wp-content\/uploads\/2023\/12\/image00001-28-1.png\" \/>\n\t<meta property=\"og:image:width\" content=\"768\" \/>\n\t<meta property=\"og:image:height\" content=\"563\" \/>\n\t<meta property=\"og:image:type\" content=\"image\/png\" \/>\n<meta name=\"author\" content=\"Redes\" \/>\n<meta name=\"twitter:card\" content=\"summary_large_image\" \/>\n<meta name=\"twitter:creator\" content=\"@yucatanencorto\" \/>\n<meta name=\"twitter:site\" content=\"@yucatanencorto\" \/>\n<meta name=\"twitter:label1\" content=\"Escrito por\" \/>\n\t<meta name=\"twitter:data1\" content=\"Redes\" \/>\n\t<meta name=\"twitter:label2\" content=\"Tiempo de lectura\" \/>\n\t<meta name=\"twitter:data2\" content=\"2 minutos\" \/>\n<script type=\"application\/ld+json\" class=\"yoast-schema-graph\">{\"@context\":\"https:\\\/\\\/schema.org\",\"@graph\":[{\"@type\":\"Article\",\"@id\":\"https:\\\/\\\/www.yucatanencorto.com\\\/noticias\\\/llegan-otras-5-nuevas-unidades-del-ie-tram-a-yucatan\\\/#article\",\"isPartOf\":{\"@id\":\"https:\\\/\\\/www.yucatanencorto.com\\\/noticias\\\/llegan-otras-5-nuevas-unidades-del-ie-tram-a-yucatan\\\/\"},\"author\":{\"name\":\"Redes\",\"@id\":\"https:\\\/\\\/www.yucatanencorto.com\\\/noticias\\\/#\\\/schema\\\/person\\\/e2fbdfaf30a07014a43940ce989f3119\"},\"headline\":\"Llegan otras 5 nuevas unidades del Ie-Tram a Yucat\u00e1n\",\"datePublished\":\"2023-12-15T00:55:46+00:00\",\"mainEntityOfPage\":{\"@id\":\"https:\\\/\\\/www.yucatanencorto.com\\\/noticias\\\/llegan-otras-5-nuevas-unidades-del-ie-tram-a-yucatan\\\/\"},\"wordCount\":293,\"image\":{\"@id\":\"https:\\\/\\\/www.yucatanencorto.com\\\/noticias\\\/llegan-otras-5-nuevas-unidades-del-ie-tram-a-yucatan\\\/#primaryimage\"},\"thumbnailUrl\":\"https:\\\/\\\/www.yucatanencorto.com\\\/noticias\\\/wp-content\\\/uploads\\\/2023\\\/12\\\/image00001-28-1.png\",\"articleSection\":[\"Yucat\u00e1n\"],\"inLanguage\":\"es\"},{\"@type\":\"WebPage\",\"@id\":\"https:\\\/\\\/www.yucatanencorto.com\\\/noticias\\\/llegan-otras-5-nuevas-unidades-del-ie-tram-a-yucatan\\\/\",\"url\":\"https:\\\/\\\/www.yucatanencorto.com\\\/noticias\\\/llegan-otras-5-nuevas-unidades-del-ie-tram-a-yucatan\\\/\",\"name\":\"Llegan otras 5 nuevas unidades del Ie-Tram a Yucat\u00e1n - Yucat\u00e1n en corto\",\"isPartOf\":{\"@id\":\"https:\\\/\\\/www.yucatanencorto.com\\\/noticias\\\/#website\"},\"primaryImageOfPage\":{\"@id\":\"https:\\\/\\\/www.yucatanencorto.com\\\/noticias\\\/llegan-otras-5-nuevas-unidades-del-ie-tram-a-yucatan\\\/#primaryimage\"},\"image\":{\"@id\":\"https:\\\/\\\/www.yucatanencorto.com\\\/noticias\\\/llegan-otras-5-nuevas-unidades-del-ie-tram-a-yucatan\\\/#primaryimage\"},\"thumbnailUrl\":\"https:\\\/\\\/www.yucatanencorto.com\\\/noticias\\\/wp-content\\\/uploads\\\/2023\\\/12\\\/image00001-28-1.png\",\"datePublished\":\"2023-12-15T00:55:46+00:00\",\"author\":{\"@id\":\"https:\\\/\\\/www.yucatanencorto.com\\\/noticias\\\/#\\\/schema\\\/person\\\/e2fbdfaf30a07014a43940ce989f3119\"},\"breadcrumb\":{\"@id\":\"https:\\\/\\\/www.yucatanencorto.com\\\/noticias\\\/llegan-otras-5-nuevas-unidades-del-ie-tram-a-yucatan\\\/#breadcrumb\"},\"inLanguage\":\"es\",\"potentialAction\":[{\"@type\":\"ReadAction\",\"target\":[\"https:\\\/\\\/www.yucatanencorto.com\\\/noticias\\\/llegan-otras-5-nuevas-unidades-del-ie-tram-a-yucatan\\\/\"]}]},{\"@type\":\"ImageObject\",\"inLanguage\":\"es\",\"@id\":\"https:\\\/\\\/www.yucatanencorto.com\\\/noticias\\\/llegan-otras-5-nuevas-unidades-del-ie-tram-a-yucatan\\\/#primaryimage\",\"url\":\"https:\\\/\\\/www.yucatanencorto.com\\\/noticias\\\/wp-content\\\/uploads\\\/2023\\\/12\\\/image00001-28-1.png\",\"contentUrl\":\"https:\\\/\\\/www.yucatanencorto.com\\\/noticias\\\/wp-content\\\/uploads\\\/2023\\\/12\\\/image00001-28-1.png\",\"width\":768,\"height\":563},{\"@type\":\"BreadcrumbList\",\"@id\":\"https:\\\/\\\/www.yucatanencorto.com\\\/noticias\\\/llegan-otras-5-nuevas-unidades-del-ie-tram-a-yucatan\\\/#breadcrumb\",\"itemListElement\":[{\"@type\":\"ListItem\",\"position\":1,\"name\":\"Portada\",\"item\":\"https:\\\/\\\/www.yucatanencorto.com\\\/noticias\\\/\"},{\"@type\":\"ListItem\",\"position\":2,\"name\":\"Llegan otras 5 nuevas unidades del Ie-Tram a Yucat\u00e1n\"}]},{\"@type\":\"WebSite\",\"@id\":\"https:\\\/\\\/www.yucatanencorto.com\\\/noticias\\\/#website\",\"url\":\"https:\\\/\\\/www.yucatanencorto.com\\\/noticias\\\/\",\"name\":\"Yucat\u00e1n en corto\",\"description\":\"Noticias\",\"potentialAction\":[{\"@type\":\"SearchAction\",\"target\":{\"@type\":\"EntryPoint\",\"urlTemplate\":\"https:\\\/\\\/www.yucatanencorto.com\\\/noticias\\\/?s={search_term_string}\"},\"query-input\":{\"@type\":\"PropertyValueSpecification\",\"valueRequired\":true,\"valueName\":\"search_term_string\"}}],\"inLanguage\":\"es\"},{\"@type\":\"Person\",\"@id\":\"https:\\\/\\\/www.yucatanencorto.com\\\/noticias\\\/#\\\/schema\\\/person\\\/e2fbdfaf30a07014a43940ce989f3119\",\"name\":\"Redes\",\"image\":{\"@type\":\"ImageObject\",\"inLanguage\":\"es\",\"@id\":\"https:\\\/\\\/secure.gravatar.com\\\/avatar\\\/5931a2d21dd7cc834f44c8c34fe56d90ed6d536ef452cbf870c7485b524dddd7?s=96&d=mm&r=g\",\"url\":\"https:\\\/\\\/secure.gravatar.com\\\/avatar\\\/5931a2d21dd7cc834f44c8c34fe56d90ed6d536ef452cbf870c7485b524dddd7?s=96&d=mm&r=g\",\"contentUrl\":\"https:\\\/\\\/secure.gravatar.com\\\/avatar\\\/5931a2d21dd7cc834f44c8c34fe56d90ed6d536ef452cbf870c7485b524dddd7?s=96&d=mm&r=g\",\"caption\":\"Redes\"},\"url\":\"https:\\\/\\\/www.yucatanencorto.com\\\/noticias\\\/author\\\/redes\\\/\"}]}<\/script>\n<!-- \/ Yoast SEO plugin. -->","yoast_head_json":{"title":"Llegan otras 5 nuevas unidades del Ie-Tram a Yucat\u00e1n - Yucat\u00e1n en corto","robots":{"index":"index","follow":"follow","max-snippet":"max-snippet:-1","max-image-preview":"max-image-preview:large","max-video-preview":"max-video-preview:-1"},"canonical":"https:\/\/www.yucatanencorto.com\/noticias\/llegan-otras-5-nuevas-unidades-del-ie-tram-a-yucatan\/","og_locale":"es_ES","og_type":"article","og_title":"Llegan otras 5 nuevas unidades del Ie-Tram a Yucat\u00e1n - Yucat\u00e1n en corto","og_description":"La transformaci\u00f3n de Yucat\u00e1n contin\u00faa con la llegada de otras 5 nuevas unidades del Ie-Tram, transporte p\u00fablico 100% el\u00e9ctrico y \u00fanico en Latinoam\u00e9rica, con lo que la entidad se acerca m\u00e1s al futuro de la movilidad que impulsa el Gobernador Mauricio Vila Dosal, con lo que ya pronto, las familias yucatecas podr\u00e1n gozar de un [&hellip;]","og_url":"https:\/\/www.yucatanencorto.com\/noticias\/llegan-otras-5-nuevas-unidades-del-ie-tram-a-yucatan\/","og_site_name":"Yucat\u00e1n en corto","article_publisher":"http:\/\/www.facebook.com\/yucatanencorto","article_published_time":"2023-12-15T00:55:46+00:00","og_image":[{"width":768,"height":563,"url":"https:\/\/www.yucatanencorto.com\/noticias\/wp-content\/uploads\/2023\/12\/image00001-28-1.png","type":"image\/png"}],"author":"Redes","twitter_card":"summary_large_image","twitter_creator":"@yucatanencorto","twitter_site":"@yucatanencorto","twitter_misc":{"Escrito por":"Redes","Tiempo de lectura":"2 minutos"},"schema":{"@context":"https:\/\/schema.org","@graph":[{"@type":"Article","@id":"https:\/\/www.yucatanencorto.com\/noticias\/llegan-otras-5-nuevas-unidades-del-ie-tram-a-yucatan\/#article","isPartOf":{"@id":"https:\/\/www.yucatanencorto.com\/noticias\/llegan-otras-5-nuevas-unidades-del-ie-tram-a-yucatan\/"},"author":{"name":"Redes","@id":"https:\/\/www.yucatanencorto.com\/noticias\/#\/schema\/person\/e2fbdfaf30a07014a43940ce989f3119"},"headline":"Llegan otras 5 nuevas unidades del Ie-Tram a Yucat\u00e1n","datePublished":"2023-12-15T00:55:46+00:00","mainEntityOfPage":{"@id":"https:\/\/www.yucatanencorto.com\/noticias\/llegan-otras-5-nuevas-unidades-del-ie-tram-a-yucatan\/"},"wordCount":293,"image":{"@id":"https:\/\/www.yucatanencorto.com\/noticias\/llegan-otras-5-nuevas-unidades-del-ie-tram-a-yucatan\/#primaryimage"},"thumbnailUrl":"https:\/\/www.yucatanencorto.com\/noticias\/wp-content\/uploads\/2023\/12\/image00001-28-1.png","articleSection":["Yucat\u00e1n"],"inLanguage":"es"},{"@type":"WebPage","@id":"https:\/\/www.yucatanencorto.com\/noticias\/llegan-otras-5-nuevas-unidades-del-ie-tram-a-yucatan\/","url":"https:\/\/www.yucatanencorto.com\/noticias\/llegan-otras-5-nuevas-unidades-del-ie-tram-a-yucatan\/","name":"Llegan otras 5 nuevas unidades del Ie-Tram a Yucat\u00e1n - Yucat\u00e1n en corto","isPartOf":{"@id":"https:\/\/www.yucatanencorto.com\/noticias\/#website"},"primaryImageOfPage":{"@id":"https:\/\/www.yucatanencorto.com\/noticias\/llegan-otras-5-nuevas-unidades-del-ie-tram-a-yucatan\/#primaryimage"},"image":{"@id":"https:\/\/www.yucatanencorto.com\/noticias\/llegan-otras-5-nuevas-unidades-del-ie-tram-a-yucatan\/#primaryimage"},"thumbnailUrl":"https:\/\/www.yucatanencorto.com\/noticias\/wp-content\/uploads\/2023\/12\/image00001-28-1.png","datePublished":"2023-12-15T00:55:46+00:00","author":{"@id":"https:\/\/www.yucatanencorto.com\/noticias\/#\/schema\/person\/e2fbdfaf30a07014a43940ce989f3119"},"breadcrumb":{"@id":"https:\/\/www.yucatanencorto.com\/noticias\/llegan-otras-5-nuevas-unidades-del-ie-tram-a-yucatan\/#breadcrumb"},"inLanguage":"es","potentialAction":[{"@type":"ReadAction","target":["https:\/\/www.yucatanencorto.com\/noticias\/llegan-otras-5-nuevas-unidades-del-ie-tram-a-yucatan\/"]}]},{"@type":"ImageObject","inLanguage":"es","@id":"https:\/\/www.yucatanencorto.com\/noticias\/llegan-otras-5-nuevas-unidades-del-ie-tram-a-yucatan\/#primaryimage","url":"https:\/\/www.yucatanencorto.com\/noticias\/wp-content\/uploads\/2023\/12\/image00001-28-1.png","contentUrl":"https:\/\/www.yucatanencorto.com\/noticias\/wp-content\/uploads\/2023\/12\/image00001-28-1.png","width":768,"height":563},{"@type":"BreadcrumbList","@id":"https:\/\/www.yucatanencorto.com\/noticias\/llegan-otras-5-nuevas-unidades-del-ie-tram-a-yucatan\/#breadcrumb","itemListElement":[{"@type":"ListItem","position":1,"name":"Portada","item":"https:\/\/www.yucatanencorto.com\/noticias\/"},{"@type":"ListItem","position":2,"name":"Llegan otras 5 nuevas unidades del Ie-Tram a Yucat\u00e1n"}]},{"@type":"WebSite","@id":"https:\/\/www.yucatanencorto.com\/noticias\/#website","url":"https:\/\/www.yucatanencorto.com\/noticias\/","name":"Yucat\u00e1n en corto","description":"Noticias","potentialAction":[{"@type":"SearchAction","target":{"@type":"EntryPoint","urlTemplate":"https:\/\/www.yucatanencorto.com\/noticias\/?s={search_term_string}"},"query-input":{"@type":"PropertyValueSpecification","valueRequired":true,"valueName":"search_term_string"}}],"inLanguage":"es"},{"@type":"Person","@id":"https:\/\/www.yucatanencorto.com\/noticias\/#\/schema\/person\/e2fbdfaf30a07014a43940ce989f3119","name":"Redes","image":{"@type":"ImageObject","inLanguage":"es","@id":"https:\/\/secure.gravatar.com\/avatar\/5931a2d21dd7cc834f44c8c34fe56d90ed6d536ef452cbf870c7485b524dddd7?s=96&d=mm&r=g","url":"https:\/\/secure.gravatar.com\/avatar\/5931a2d21dd7cc834f44c8c34fe56d90ed6d536ef452cbf870c7485b524dddd7?s=96&d=mm&r=g","contentUrl":"https:\/\/secure.gravatar.com\/avatar\/5931a2d21dd7cc834f44c8c34fe56d90ed6d536ef452cbf870c7485b524dddd7?s=96&d=mm&r=g","caption":"Redes"},"url":"https:\/\/www.yucatanencorto.com\/noticias\/author\/redes\/"}]}},"_links":{"self":[{"href":"https:\/\/www.yucatanencorto.com\/noticias\/wp-json\/wp\/v2\/posts\/101532","targetHints":{"allow":["GET"]}}],"collection":[{"href":"https:\/\/www.yucatanencorto.com\/noticias\/wp-json\/wp\/v2\/posts"}],"about":[{"href":"https:\/\/www.yucatanencorto.com\/noticias\/wp-json\/wp\/v2\/types\/post"}],"author":[{"embeddable":true,"href":"https:\/\/www.yucatanencorto.com\/noticias\/wp-json\/wp\/v2\/users\/3"}],"replies":[{"embeddable":true,"href":"https:\/\/www.yucatanencorto.com\/noticias\/wp-json\/wp\/v2\/comments?post=101532"}],"version-history":[{"count":0,"href":"https:\/\/www.yucatanencorto.com\/noticias\/wp-json\/wp\/v2\/posts\/101532\/revisions"}],"wp:featuredmedia":[{"embeddable":true,"href":"https:\/\/www.yucatanencorto.com\/noticias\/wp-json\/wp\/v2\/media\/101533"}],"wp:attachment":[{"href":"https:\/\/www.yucatanencorto.com\/noticias\/wp-json\/wp\/v2\/media?parent=101532"}],"wp:term":[{"taxonomy":"category","embeddable":true,"href":"https:\/\/www.yucatanencorto.com\/noticias\/wp-json\/wp\/v2\/categories?post=101532"},{"taxonomy":"post_tag","embeddable":true,"href":"https:\/\/www.yucatanencorto.com\/noticias\/wp-json\/wp\/v2\/tags?post=101532"}],"curies":[{"name":"wp","href":"https:\/\/api.w.org\/{rel}","templated":true}]}}