{"id":101535,"date":"2023-12-14T21:27:17","date_gmt":"2023-12-15T03:27:17","guid":{"rendered":"https:\/\/www.yucatanencorto.com\/noticias\/?p=101535"},"modified":"2023-12-14T21:27:17","modified_gmt":"2023-12-15T03:27:17","slug":"cecilia-patron-priorizara-la-seguridad-vial-en-merida","status":"publish","type":"post","link":"https:\/\/www.yucatanencorto.com\/noticias\/cecilia-patron-priorizara-la-seguridad-vial-en-merida\/","title":{"rendered":"Cecilia Patr\u00f3n priorizar\u00e1 la seguridad vial en M\u00e9rida"},"content":{"rendered":"<p><img loading=\"lazy\" decoding=\"async\" class=\"alignnone size-full wp-image-101536\" src=\"https:\/\/www.yucatanencorto.com\/noticias\/wp-content\/uploads\/2023\/12\/IMG-20231214-WA0074-scaled.jpg\" alt=\"\" width=\"768\" height=\"430\" srcset=\"https:\/\/www.yucatanencorto.com\/noticias\/wp-content\/uploads\/2023\/12\/IMG-20231214-WA0074-scaled.jpg 768w, https:\/\/www.yucatanencorto.com\/noticias\/wp-content\/uploads\/2023\/12\/IMG-20231214-WA0074-150x84.jpg 150w, https:\/\/www.yucatanencorto.com\/noticias\/wp-content\/uploads\/2023\/12\/IMG-20231214-WA0074-300x168.jpg 300w, https:\/\/www.yucatanencorto.com\/noticias\/wp-content\/uploads\/2023\/12\/IMG-20231214-WA0074-696x389.jpg 696w, https:\/\/www.yucatanencorto.com\/noticias\/wp-content\/uploads\/2023\/12\/IMG-20231214-WA0074-1068x597.jpg 1068w\" sizes=\"auto, (max-width: 768px) 100vw, 768px\" \/><\/p>\n<p>M\u00e9rida, Yucat\u00e1n a 14 de diciembre de 2023<\/p>\n<p>Para que M\u00e9rida siga creciendo de manera ordenada y segura, Cecilia Patr\u00f3n Laviada, precandidata a la presidencia municipal de M\u00e9rida, hizo un llamado a seguir trabajando en equipo por una movilidad urbana que garantice seguridad vial para todos.<\/p>\n<p>\u201cAlgo que valoramos mucho los meridanos es la seguridad, porque juntos lo hemos construido y hoy ante los grandes cambios y crecimiento constante de nuestra ciudad tendremos que hacer frente a grandes retos, entre ellos una seguridad vial para todos\u201d.<\/p>\n<p>\u201cPorque la seguridad de nuestra chula M\u00e9rida tambi\u00e9n se debe ver reflejado en una movilidad con seguridad vial para todos, en el que el peat\u00f3n, motociclista, automovilista o usuario de transporte p\u00fablico pueda contar con la tranquilidad de llegar seguros a casa\u201d asever\u00f3.<\/p>\n<p>&nbsp;<\/p>\n<p>En di\u00e1logo con la militancia panista de la colonia Mayap\u00e1n, concordaron que fortalecer la cultura y seguridad vial en las colonias ser\u00e1 un tema fundamental a atender.<\/p>\n<p>&nbsp;<\/p>\n<p>\u201cEn Acci\u00f3n Nacional evitar el dolor evitable es parte fundamental de nuestras acciones, y eso deber verse reflejado en las pol\u00edticas p\u00fablicas que se implementan en nuestra M\u00e9rida\u201d<\/p>\n<p>&nbsp;<\/p>\n<p>\u201cYa sea fortaleciendo la cultura y educaci\u00f3n vial de los meridanos o mejorando la infraestructura vial de nuestra ciudad, en la que todos hagamos la parte que nos corresponde, porque cuidarnos unos a otros es lo que hace grande a nuestra M\u00e9rida\u201d.<\/p>\n<p>&nbsp;<\/p>\n<p>Agreg\u00f3 que otras acciones que ayudar\u00e1n a mejorar la seguridad vial en las colonias es trabajar en la infraestructura vial como topes, se\u00f1al\u00e9ticas, pasos peatonales, calles mejor iluminadas y disminuir el tr\u00e1fico vial.<\/p>\n<p>&nbsp;<\/p>\n<p>El Ayuntamiento de M\u00e9rida en el \u00faltimo mes ha invertido en el cambio de luminarias tipo led en m\u00e1s de 70 espacios p\u00fablicos, adem\u00e1s de una inversi\u00f3n en 171 mil kil\u00f3metros de obras concluidas para el mejoramiento de la movilidad urbana y de calles m\u00e1s seguras para las familias meridanas.<\/p>\n","protected":false},"excerpt":{"rendered":"<p>M\u00e9rida, Yucat\u00e1n a 14 de diciembre de 2023 Para que M\u00e9rida siga creciendo de manera ordenada y segura, Cecilia Patr\u00f3n Laviada, precandidata a la presidencia municipal de M\u00e9rida, hizo un llamado a seguir trabajando en equipo por una movilidad urbana que garantice seguridad vial para todos. \u201cAlgo que valoramos mucho los meridanos es la seguridad, [&hellip;]<\/p>\n","protected":false},"author":3,"featured_media":101536,"comment_status":"closed","ping_status":"closed","sticky":false,"template":"","format":"standard","meta":{"footnotes":""},"categories":[3],"tags":[],"class_list":{"0":"post-101535","1":"post","2":"type-post","3":"status-publish","4":"format-standard","5":"has-post-thumbnail","7":"category-yucatan"},"yoast_head":"<!-- This site is optimized with the Yoast SEO plugin v27.4 - https:\/\/yoast.com\/product\/yoast-seo-wordpress\/ -->\n<title>Cecilia Patr\u00f3n priorizar\u00e1 la seguridad vial en M\u00e9rida - Yucat\u00e1n en corto<\/title>\n<meta name=\"robots\" content=\"index, follow, max-snippet:-1, max-image-preview:large, max-video-preview:-1\" \/>\n<link rel=\"canonical\" href=\"https:\/\/www.yucatanencorto.com\/noticias\/cecilia-patron-priorizara-la-seguridad-vial-en-merida\/\" \/>\n<meta property=\"og:locale\" content=\"es_ES\" \/>\n<meta property=\"og:type\" content=\"article\" \/>\n<meta property=\"og:title\" content=\"Cecilia Patr\u00f3n priorizar\u00e1 la seguridad vial en M\u00e9rida - Yucat\u00e1n en corto\" \/>\n<meta property=\"og:description\" content=\"M\u00e9rida, Yucat\u00e1n a 14 de diciembre de 2023 Para que M\u00e9rida siga creciendo de manera ordenada y segura, Cecilia Patr\u00f3n Laviada, precandidata a la presidencia municipal de M\u00e9rida, hizo un llamado a seguir trabajando en equipo por una movilidad urbana que garantice seguridad vial para todos. \u201cAlgo que valoramos mucho los meridanos es la seguridad, [&hellip;]\" \/>\n<meta property=\"og:url\" content=\"https:\/\/www.yucatanencorto.com\/noticias\/cecilia-patron-priorizara-la-seguridad-vial-en-merida\/\" \/>\n<meta property=\"og:site_name\" content=\"Yucat\u00e1n en corto\" \/>\n<meta property=\"article:publisher\" content=\"http:\/\/www.facebook.com\/yucatanencorto\" \/>\n<meta property=\"article:published_time\" content=\"2023-12-15T03:27:17+00:00\" \/>\n<meta property=\"og:image\" content=\"https:\/\/www.yucatanencorto.com\/noticias\/wp-content\/uploads\/2023\/12\/IMG-20231214-WA0074-scaled.jpg\" \/>\n\t<meta property=\"og:image:width\" content=\"768\" \/>\n\t<meta property=\"og:image:height\" content=\"430\" \/>\n\t<meta property=\"og:image:type\" content=\"image\/jpeg\" \/>\n<meta name=\"author\" content=\"Redes\" \/>\n<meta name=\"twitter:card\" content=\"summary_large_image\" \/>\n<meta name=\"twitter:creator\" content=\"@yucatanencorto\" \/>\n<meta name=\"twitter:site\" content=\"@yucatanencorto\" \/>\n<meta name=\"twitter:label1\" content=\"Escrito por\" \/>\n\t<meta name=\"twitter:data1\" content=\"Redes\" \/>\n\t<meta name=\"twitter:label2\" content=\"Tiempo de lectura\" \/>\n\t<meta name=\"twitter:data2\" content=\"2 minutos\" \/>\n<script type=\"application\/ld+json\" class=\"yoast-schema-graph\">{\"@context\":\"https:\\\/\\\/schema.org\",\"@graph\":[{\"@type\":\"Article\",\"@id\":\"https:\\\/\\\/www.yucatanencorto.com\\\/noticias\\\/cecilia-patron-priorizara-la-seguridad-vial-en-merida\\\/#article\",\"isPartOf\":{\"@id\":\"https:\\\/\\\/www.yucatanencorto.com\\\/noticias\\\/cecilia-patron-priorizara-la-seguridad-vial-en-merida\\\/\"},\"author\":{\"name\":\"Redes\",\"@id\":\"https:\\\/\\\/www.yucatanencorto.com\\\/noticias\\\/#\\\/schema\\\/person\\\/e2fbdfaf30a07014a43940ce989f3119\"},\"headline\":\"Cecilia Patr\u00f3n priorizar\u00e1 la seguridad vial en M\u00e9rida\",\"datePublished\":\"2023-12-15T03:27:17+00:00\",\"mainEntityOfPage\":{\"@id\":\"https:\\\/\\\/www.yucatanencorto.com\\\/noticias\\\/cecilia-patron-priorizara-la-seguridad-vial-en-merida\\\/\"},\"wordCount\":348,\"image\":{\"@id\":\"https:\\\/\\\/www.yucatanencorto.com\\\/noticias\\\/cecilia-patron-priorizara-la-seguridad-vial-en-merida\\\/#primaryimage\"},\"thumbnailUrl\":\"https:\\\/\\\/www.yucatanencorto.com\\\/noticias\\\/wp-content\\\/uploads\\\/2023\\\/12\\\/IMG-20231214-WA0074-scaled.jpg\",\"articleSection\":[\"Yucat\u00e1n\"],\"inLanguage\":\"es\"},{\"@type\":\"WebPage\",\"@id\":\"https:\\\/\\\/www.yucatanencorto.com\\\/noticias\\\/cecilia-patron-priorizara-la-seguridad-vial-en-merida\\\/\",\"url\":\"https:\\\/\\\/www.yucatanencorto.com\\\/noticias\\\/cecilia-patron-priorizara-la-seguridad-vial-en-merida\\\/\",\"name\":\"Cecilia Patr\u00f3n priorizar\u00e1 la seguridad vial en M\u00e9rida - Yucat\u00e1n en corto\",\"isPartOf\":{\"@id\":\"https:\\\/\\\/www.yucatanencorto.com\\\/noticias\\\/#website\"},\"primaryImageOfPage\":{\"@id\":\"https:\\\/\\\/www.yucatanencorto.com\\\/noticias\\\/cecilia-patron-priorizara-la-seguridad-vial-en-merida\\\/#primaryimage\"},\"image\":{\"@id\":\"https:\\\/\\\/www.yucatanencorto.com\\\/noticias\\\/cecilia-patron-priorizara-la-seguridad-vial-en-merida\\\/#primaryimage\"},\"thumbnailUrl\":\"https:\\\/\\\/www.yucatanencorto.com\\\/noticias\\\/wp-content\\\/uploads\\\/2023\\\/12\\\/IMG-20231214-WA0074-scaled.jpg\",\"datePublished\":\"2023-12-15T03:27:17+00:00\",\"author\":{\"@id\":\"https:\\\/\\\/www.yucatanencorto.com\\\/noticias\\\/#\\\/schema\\\/person\\\/e2fbdfaf30a07014a43940ce989f3119\"},\"breadcrumb\":{\"@id\":\"https:\\\/\\\/www.yucatanencorto.com\\\/noticias\\\/cecilia-patron-priorizara-la-seguridad-vial-en-merida\\\/#breadcrumb\"},\"inLanguage\":\"es\",\"potentialAction\":[{\"@type\":\"ReadAction\",\"target\":[\"https:\\\/\\\/www.yucatanencorto.com\\\/noticias\\\/cecilia-patron-priorizara-la-seguridad-vial-en-merida\\\/\"]}]},{\"@type\":\"ImageObject\",\"inLanguage\":\"es\",\"@id\":\"https:\\\/\\\/www.yucatanencorto.com\\\/noticias\\\/cecilia-patron-priorizara-la-seguridad-vial-en-merida\\\/#primaryimage\",\"url\":\"https:\\\/\\\/www.yucatanencorto.com\\\/noticias\\\/wp-content\\\/uploads\\\/2023\\\/12\\\/IMG-20231214-WA0074-scaled.jpg\",\"contentUrl\":\"https:\\\/\\\/www.yucatanencorto.com\\\/noticias\\\/wp-content\\\/uploads\\\/2023\\\/12\\\/IMG-20231214-WA0074-scaled.jpg\",\"width\":768,\"height\":430},{\"@type\":\"BreadcrumbList\",\"@id\":\"https:\\\/\\\/www.yucatanencorto.com\\\/noticias\\\/cecilia-patron-priorizara-la-seguridad-vial-en-merida\\\/#breadcrumb\",\"itemListElement\":[{\"@type\":\"ListItem\",\"position\":1,\"name\":\"Portada\",\"item\":\"https:\\\/\\\/www.yucatanencorto.com\\\/noticias\\\/\"},{\"@type\":\"ListItem\",\"position\":2,\"name\":\"Cecilia Patr\u00f3n priorizar\u00e1 la seguridad vial en M\u00e9rida\"}]},{\"@type\":\"WebSite\",\"@id\":\"https:\\\/\\\/www.yucatanencorto.com\\\/noticias\\\/#website\",\"url\":\"https:\\\/\\\/www.yucatanencorto.com\\\/noticias\\\/\",\"name\":\"Yucat\u00e1n en corto\",\"description\":\"Noticias\",\"potentialAction\":[{\"@type\":\"SearchAction\",\"target\":{\"@type\":\"EntryPoint\",\"urlTemplate\":\"https:\\\/\\\/www.yucatanencorto.com\\\/noticias\\\/?s={search_term_string}\"},\"query-input\":{\"@type\":\"PropertyValueSpecification\",\"valueRequired\":true,\"valueName\":\"search_term_string\"}}],\"inLanguage\":\"es\"},{\"@type\":\"Person\",\"@id\":\"https:\\\/\\\/www.yucatanencorto.com\\\/noticias\\\/#\\\/schema\\\/person\\\/e2fbdfaf30a07014a43940ce989f3119\",\"name\":\"Redes\",\"image\":{\"@type\":\"ImageObject\",\"inLanguage\":\"es\",\"@id\":\"https:\\\/\\\/secure.gravatar.com\\\/avatar\\\/5931a2d21dd7cc834f44c8c34fe56d90ed6d536ef452cbf870c7485b524dddd7?s=96&d=mm&r=g\",\"url\":\"https:\\\/\\\/secure.gravatar.com\\\/avatar\\\/5931a2d21dd7cc834f44c8c34fe56d90ed6d536ef452cbf870c7485b524dddd7?s=96&d=mm&r=g\",\"contentUrl\":\"https:\\\/\\\/secure.gravatar.com\\\/avatar\\\/5931a2d21dd7cc834f44c8c34fe56d90ed6d536ef452cbf870c7485b524dddd7?s=96&d=mm&r=g\",\"caption\":\"Redes\"},\"url\":\"https:\\\/\\\/www.yucatanencorto.com\\\/noticias\\\/author\\\/redes\\\/\"}]}<\/script>\n<!-- \/ Yoast SEO plugin. -->","yoast_head_json":{"title":"Cecilia Patr\u00f3n priorizar\u00e1 la seguridad vial en M\u00e9rida - Yucat\u00e1n en corto","robots":{"index":"index","follow":"follow","max-snippet":"max-snippet:-1","max-image-preview":"max-image-preview:large","max-video-preview":"max-video-preview:-1"},"canonical":"https:\/\/www.yucatanencorto.com\/noticias\/cecilia-patron-priorizara-la-seguridad-vial-en-merida\/","og_locale":"es_ES","og_type":"article","og_title":"Cecilia Patr\u00f3n priorizar\u00e1 la seguridad vial en M\u00e9rida - Yucat\u00e1n en corto","og_description":"M\u00e9rida, Yucat\u00e1n a 14 de diciembre de 2023 Para que M\u00e9rida siga creciendo de manera ordenada y segura, Cecilia Patr\u00f3n Laviada, precandidata a la presidencia municipal de M\u00e9rida, hizo un llamado a seguir trabajando en equipo por una movilidad urbana que garantice seguridad vial para todos. \u201cAlgo que valoramos mucho los meridanos es la seguridad, [&hellip;]","og_url":"https:\/\/www.yucatanencorto.com\/noticias\/cecilia-patron-priorizara-la-seguridad-vial-en-merida\/","og_site_name":"Yucat\u00e1n en corto","article_publisher":"http:\/\/www.facebook.com\/yucatanencorto","article_published_time":"2023-12-15T03:27:17+00:00","og_image":[{"width":768,"height":430,"url":"https:\/\/www.yucatanencorto.com\/noticias\/wp-content\/uploads\/2023\/12\/IMG-20231214-WA0074-scaled.jpg","type":"image\/jpeg"}],"author":"Redes","twitter_card":"summary_large_image","twitter_creator":"@yucatanencorto","twitter_site":"@yucatanencorto","twitter_misc":{"Escrito por":"Redes","Tiempo de lectura":"2 minutos"},"schema":{"@context":"https:\/\/schema.org","@graph":[{"@type":"Article","@id":"https:\/\/www.yucatanencorto.com\/noticias\/cecilia-patron-priorizara-la-seguridad-vial-en-merida\/#article","isPartOf":{"@id":"https:\/\/www.yucatanencorto.com\/noticias\/cecilia-patron-priorizara-la-seguridad-vial-en-merida\/"},"author":{"name":"Redes","@id":"https:\/\/www.yucatanencorto.com\/noticias\/#\/schema\/person\/e2fbdfaf30a07014a43940ce989f3119"},"headline":"Cecilia Patr\u00f3n priorizar\u00e1 la seguridad vial en M\u00e9rida","datePublished":"2023-12-15T03:27:17+00:00","mainEntityOfPage":{"@id":"https:\/\/www.yucatanencorto.com\/noticias\/cecilia-patron-priorizara-la-seguridad-vial-en-merida\/"},"wordCount":348,"image":{"@id":"https:\/\/www.yucatanencorto.com\/noticias\/cecilia-patron-priorizara-la-seguridad-vial-en-merida\/#primaryimage"},"thumbnailUrl":"https:\/\/www.yucatanencorto.com\/noticias\/wp-content\/uploads\/2023\/12\/IMG-20231214-WA0074-scaled.jpg","articleSection":["Yucat\u00e1n"],"inLanguage":"es"},{"@type":"WebPage","@id":"https:\/\/www.yucatanencorto.com\/noticias\/cecilia-patron-priorizara-la-seguridad-vial-en-merida\/","url":"https:\/\/www.yucatanencorto.com\/noticias\/cecilia-patron-priorizara-la-seguridad-vial-en-merida\/","name":"Cecilia Patr\u00f3n priorizar\u00e1 la seguridad vial en M\u00e9rida - Yucat\u00e1n en corto","isPartOf":{"@id":"https:\/\/www.yucatanencorto.com\/noticias\/#website"},"primaryImageOfPage":{"@id":"https:\/\/www.yucatanencorto.com\/noticias\/cecilia-patron-priorizara-la-seguridad-vial-en-merida\/#primaryimage"},"image":{"@id":"https:\/\/www.yucatanencorto.com\/noticias\/cecilia-patron-priorizara-la-seguridad-vial-en-merida\/#primaryimage"},"thumbnailUrl":"https:\/\/www.yucatanencorto.com\/noticias\/wp-content\/uploads\/2023\/12\/IMG-20231214-WA0074-scaled.jpg","datePublished":"2023-12-15T03:27:17+00:00","author":{"@id":"https:\/\/www.yucatanencorto.com\/noticias\/#\/schema\/person\/e2fbdfaf30a07014a43940ce989f3119"},"breadcrumb":{"@id":"https:\/\/www.yucatanencorto.com\/noticias\/cecilia-patron-priorizara-la-seguridad-vial-en-merida\/#breadcrumb"},"inLanguage":"es","potentialAction":[{"@type":"ReadAction","target":["https:\/\/www.yucatanencorto.com\/noticias\/cecilia-patron-priorizara-la-seguridad-vial-en-merida\/"]}]},{"@type":"ImageObject","inLanguage":"es","@id":"https:\/\/www.yucatanencorto.com\/noticias\/cecilia-patron-priorizara-la-seguridad-vial-en-merida\/#primaryimage","url":"https:\/\/www.yucatanencorto.com\/noticias\/wp-content\/uploads\/2023\/12\/IMG-20231214-WA0074-scaled.jpg","contentUrl":"https:\/\/www.yucatanencorto.com\/noticias\/wp-content\/uploads\/2023\/12\/IMG-20231214-WA0074-scaled.jpg","width":768,"height":430},{"@type":"BreadcrumbList","@id":"https:\/\/www.yucatanencorto.com\/noticias\/cecilia-patron-priorizara-la-seguridad-vial-en-merida\/#breadcrumb","itemListElement":[{"@type":"ListItem","position":1,"name":"Portada","item":"https:\/\/www.yucatanencorto.com\/noticias\/"},{"@type":"ListItem","position":2,"name":"Cecilia Patr\u00f3n priorizar\u00e1 la seguridad vial en M\u00e9rida"}]},{"@type":"WebSite","@id":"https:\/\/www.yucatanencorto.com\/noticias\/#website","url":"https:\/\/www.yucatanencorto.com\/noticias\/","name":"Yucat\u00e1n en corto","description":"Noticias","potentialAction":[{"@type":"SearchAction","target":{"@type":"EntryPoint","urlTemplate":"https:\/\/www.yucatanencorto.com\/noticias\/?s={search_term_string}"},"query-input":{"@type":"PropertyValueSpecification","valueRequired":true,"valueName":"search_term_string"}}],"inLanguage":"es"},{"@type":"Person","@id":"https:\/\/www.yucatanencorto.com\/noticias\/#\/schema\/person\/e2fbdfaf30a07014a43940ce989f3119","name":"Redes","image":{"@type":"ImageObject","inLanguage":"es","@id":"https:\/\/secure.gravatar.com\/avatar\/5931a2d21dd7cc834f44c8c34fe56d90ed6d536ef452cbf870c7485b524dddd7?s=96&d=mm&r=g","url":"https:\/\/secure.gravatar.com\/avatar\/5931a2d21dd7cc834f44c8c34fe56d90ed6d536ef452cbf870c7485b524dddd7?s=96&d=mm&r=g","contentUrl":"https:\/\/secure.gravatar.com\/avatar\/5931a2d21dd7cc834f44c8c34fe56d90ed6d536ef452cbf870c7485b524dddd7?s=96&d=mm&r=g","caption":"Redes"},"url":"https:\/\/www.yucatanencorto.com\/noticias\/author\/redes\/"}]}},"_links":{"self":[{"href":"https:\/\/www.yucatanencorto.com\/noticias\/wp-json\/wp\/v2\/posts\/101535","targetHints":{"allow":["GET"]}}],"collection":[{"href":"https:\/\/www.yucatanencorto.com\/noticias\/wp-json\/wp\/v2\/posts"}],"about":[{"href":"https:\/\/www.yucatanencorto.com\/noticias\/wp-json\/wp\/v2\/types\/post"}],"author":[{"embeddable":true,"href":"https:\/\/www.yucatanencorto.com\/noticias\/wp-json\/wp\/v2\/users\/3"}],"replies":[{"embeddable":true,"href":"https:\/\/www.yucatanencorto.com\/noticias\/wp-json\/wp\/v2\/comments?post=101535"}],"version-history":[{"count":0,"href":"https:\/\/www.yucatanencorto.com\/noticias\/wp-json\/wp\/v2\/posts\/101535\/revisions"}],"wp:featuredmedia":[{"embeddable":true,"href":"https:\/\/www.yucatanencorto.com\/noticias\/wp-json\/wp\/v2\/media\/101536"}],"wp:attachment":[{"href":"https:\/\/www.yucatanencorto.com\/noticias\/wp-json\/wp\/v2\/media?parent=101535"}],"wp:term":[{"taxonomy":"category","embeddable":true,"href":"https:\/\/www.yucatanencorto.com\/noticias\/wp-json\/wp\/v2\/categories?post=101535"},{"taxonomy":"post_tag","embeddable":true,"href":"https:\/\/www.yucatanencorto.com\/noticias\/wp-json\/wp\/v2\/tags?post=101535"}],"curies":[{"name":"wp","href":"https:\/\/api.w.org\/{rel}","templated":true}]}}