{"id":101538,"date":"2023-12-15T16:43:48","date_gmt":"2023-12-15T22:43:48","guid":{"rendered":"https:\/\/www.yucatanencorto.com\/noticias\/?p=101538"},"modified":"2023-12-15T16:43:48","modified_gmt":"2023-12-15T22:43:48","slug":"realizan-banderazo-inaugural-el-gobernador-mauricio-vila-dosal-y-el-presidente-andres-manuel-lopez-obrador-de-la-primera-ruta-del-ie-tram","status":"publish","type":"post","link":"https:\/\/www.yucatanencorto.com\/noticias\/realizan-banderazo-inaugural-el-gobernador-mauricio-vila-dosal-y-el-presidente-andres-manuel-lopez-obrador-de-la-primera-ruta-del-ie-tram\/","title":{"rendered":"Realizan banderazo inaugural el Gobernador Mauricio Vila Dosal y el Presidente Andr\u00e9s Manuel L\u00f3pez Obrador, de la primera ruta del Ie-tram"},"content":{"rendered":"<p dir=\"ltr\"><img loading=\"lazy\" decoding=\"async\" class=\"alignnone size-full wp-image-101544\" src=\"https:\/\/www.yucatanencorto.com\/noticias\/wp-content\/uploads\/2023\/12\/image00013.png\" alt=\"\" width=\"768\" height=\"512\" srcset=\"https:\/\/www.yucatanencorto.com\/noticias\/wp-content\/uploads\/2023\/12\/image00013.png 768w, https:\/\/www.yucatanencorto.com\/noticias\/wp-content\/uploads\/2023\/12\/image00013-150x100.png 150w, https:\/\/www.yucatanencorto.com\/noticias\/wp-content\/uploads\/2023\/12\/image00013-300x200.png 300w, https:\/\/www.yucatanencorto.com\/noticias\/wp-content\/uploads\/2023\/12\/image00013-696x464.png 696w, https:\/\/www.yucatanencorto.com\/noticias\/wp-content\/uploads\/2023\/12\/image00013-1068x712.png 1068w\" sizes=\"auto, (max-width: 768px) 100vw, 768px\" \/><\/p>\n<p dir=\"ltr\">M\u00e9rida, Yucat\u00e1n, 15 de diciembre de 2023.- El Gobernador Mauricio Vila Dosal y el Presidente Andr\u00e9s Manuel L\u00f3pez Obrador, realizaron el banderazo inaugural de la primera ruta del Ie- tram: Paseo 60-La Plancha-Teya, primer transporte p\u00fablico 100% el\u00e9ctrico en el Sureste y \u00fanico en Latinoam\u00e9rica que impulsa el Gobierno de Yucat\u00e1n, con lo que el futuro de la movilidad lleg\u00f3 al estado.<\/p>\n<div><\/div>\n<p dir=\"ltr\">Despu\u00e9s de realizar un viaje de la Estaci\u00f3n de Campeche a la de Teya del Tren Maya, Vila Dosal y L\u00f3pez Obrador, dieron el banderazo de las 11 novedosas unidades que se encuentran en el estado, donde se constat\u00f3 que la transformaci\u00f3n de la movilidad en Yucat\u00e1n es una realidad, ofreciendo un servicio de primera y de calidad a la altura de lo que las familias yucatecas merecen, sin dar un paso atr\u00e1s.<\/p>\n<div><\/div>\n<p dir=\"ltr\">Acompa\u00f1ado del Secretario de la Defensa Nacional del Gobierno de M\u00e9xico, Luis Cresencio Sandoval Gonz\u00e1lez y la Gobernadora de Campeche, Layda Sansores San Rom\u00e1n; Vila Dosal y L\u00f3pez Obrador abordaron una unidad del Ie-tram donde constataron la alta tecnolog\u00eda que se utiliza a trav\u00e9s de estas unidades amables con el medio ambiente e incluyentes. Ah\u00ed, el Gobernador de Yucat\u00e1n se\u00f1al\u00f3 que el Ie-Tram se conectar\u00e1 con las estaciones del Tren Maya de Poxil\u00e1 y Teya, adem\u00e1s de conectar a M\u00e9rida con Kanas\u00edn y Um\u00e1n.<\/p>\n<div><\/div>\n<p dir=\"ltr\">\u201cAgradecemos la coordinaci\u00f3n, Presidente, pues se trata de una inversi\u00f3n conjunta de 2,800 millones de pesos, de la cual el 60% aportar\u00e1 el estado; 23%, la Federaci\u00f3n, y 16%, la iniciativa privada; y es un veh\u00edculo que, tiene una autonom\u00eda de 350 kil\u00f3metros ya con los pant\u00f3grafos que estar\u00e1n instalados y sacar un autob\u00fas antiguo y meter uno el\u00e9ctrico como este, es equivalente a tener 170 mil \u00e1rboles por los pr\u00f3ximos 10 a\u00f1os\u201d, asegur\u00f3 Vila Dosal.<\/p>\n<div><\/div>\n<p dir=\"ltr\">Por \u00faltimo, el Gobernador agradeci\u00f3 al Presidente por su apoyo, confianza y trabajo coordinado \u201cpara realizar proyectos que no solo ser\u00e1n modelo en M\u00e9xico, sino en toda Latinoam\u00e9rica\u201d, asever\u00f3 en presencia de los secretarios de la Marina, Almirante Jos\u00e9 Rafael Ojeda Dur\u00e1n; de Seguridad y Protecci\u00f3n Ciudadana, Rosa Icela Rodr\u00edguez Vel\u00e1zquez y el titular de la Agencia de Transporte de Yucat\u00e1n (ATY), Rafael Hern\u00e1ndez Kotasek.<\/p>\n<div><\/div>\n<p dir=\"ltr\">Cabe recordar que las 5 rutas que conforman el Ie-tram, proyecto que impulsa el Gobierno de Yucat\u00e1n, son: Paseo 60-La Plancha-Teya que ma\u00f1ana iniciar\u00e1 operaciones; Mejorada-La Plancha-Kanas\u00edn, cuya operaci\u00f3n iniciar\u00e1 el pr\u00f3ximo 30 de diciembre; La Plancha-Facultad de Ingenier\u00eda Uady; La Plancha-Um\u00e1n y La Plancha-Um\u00e1n-Poxil\u00e1.<\/p>\n<div><\/div>\n<p dir=\"ltr\">En el lugar, Vila Dosal tambi\u00e9n le inform\u00f3 al Presidente que, se est\u00e1 construyendo la planta fotovoltaica que generar\u00e1 electricidad para los autobuses el\u00e9ctricos del Ie-tram la cual tendr\u00e1 una capacidad instalada de generaci\u00f3n de electricidad de 7.5 megawatts (MW), con la cual se podr\u00e1 suministrar energ\u00eda el\u00e9ctrica renovable.<\/p>\n<p dir=\"ltr\">\n<p dir=\"ltr\">Acerca de las unidades, el Gobernador destac\u00f3 que cuentan con un dise\u00f1o accesible a trav\u00e9s de 4 puertas deslizantes, entrada baja para personas adultas mayores y con discapacidad, se\u00f1alizaci\u00f3n de lugares reservados para ellas, disposici\u00f3n de asientos y distribuci\u00f3n interior, pasillos adaptables, informaci\u00f3n sonora y, en el tema tecnol\u00f3gico, recaudo electr\u00f3nico, entre otras amenidades.<\/p>\n<div><\/div>\n<p dir=\"ltr\">Como parte de sus caracter\u00edsticas, continu\u00f3 Vila Dosal, cuentan con puertos USB con carga r\u00e1pida para celular, WiFi, geolocalizador en tiempo real para poder ver su ruta desde la app \u00abVa -y-Ven\u00bb, 11 c\u00e1maras que permiten una mejor conducci\u00f3n e identificar ciclistas y peatones para evitar accidentes.<\/p>\n<div><\/div>\n<p dir=\"ltr\">Estos modernos veh\u00edculos brindan todas las bondades de un tranv\u00eda, pero con la flexibilidad de un autob\u00fas; puede llevar hasta 105 pasajeros y genera 0 emisiones de carbono. Tiene 12 metros de largo; sistema de bater\u00edas modular, dise\u00f1ado para adecuarse a muchas necesidades; aire acondicionado espec\u00edfico para veh\u00edculos el\u00e9ctricos, y lo \u00faltimo en tecnolog\u00eda y seguridad, detall\u00f3 el Gobernador.<\/p>\n<p>&nbsp;<\/p>\n","protected":false},"excerpt":{"rendered":"<p>M\u00e9rida, Yucat\u00e1n, 15 de diciembre de 2023.- El Gobernador Mauricio Vila Dosal y el Presidente Andr\u00e9s Manuel L\u00f3pez Obrador, realizaron el banderazo inaugural de la primera ruta del Ie- tram: Paseo 60-La Plancha-Teya, primer transporte p\u00fablico 100% el\u00e9ctrico en el Sureste y \u00fanico en Latinoam\u00e9rica que impulsa el Gobierno de Yucat\u00e1n, con lo que el [&hellip;]<\/p>\n","protected":false},"author":3,"featured_media":101544,"comment_status":"closed","ping_status":"closed","sticky":false,"template":"","format":"standard","meta":{"footnotes":""},"categories":[3],"tags":[],"class_list":{"0":"post-101538","1":"post","2":"type-post","3":"status-publish","4":"format-standard","5":"has-post-thumbnail","7":"category-yucatan"},"yoast_head":"<!-- This site is optimized with the Yoast SEO plugin v27.4 - https:\/\/yoast.com\/product\/yoast-seo-wordpress\/ -->\n<title>Realizan banderazo inaugural el Gobernador Mauricio Vila Dosal y el Presidente Andr\u00e9s Manuel L\u00f3pez Obrador, de la primera ruta del Ie-tram - Yucat\u00e1n en corto<\/title>\n<meta name=\"robots\" content=\"index, follow, max-snippet:-1, max-image-preview:large, max-video-preview:-1\" \/>\n<link rel=\"canonical\" href=\"https:\/\/www.yucatanencorto.com\/noticias\/realizan-banderazo-inaugural-el-gobernador-mauricio-vila-dosal-y-el-presidente-andres-manuel-lopez-obrador-de-la-primera-ruta-del-ie-tram\/\" \/>\n<meta property=\"og:locale\" content=\"es_ES\" \/>\n<meta property=\"og:type\" content=\"article\" \/>\n<meta property=\"og:title\" content=\"Realizan banderazo inaugural el Gobernador Mauricio Vila Dosal y el Presidente Andr\u00e9s Manuel L\u00f3pez Obrador, de la primera ruta del Ie-tram - Yucat\u00e1n en corto\" \/>\n<meta property=\"og:description\" content=\"M\u00e9rida, Yucat\u00e1n, 15 de diciembre de 2023.- El Gobernador Mauricio Vila Dosal y el Presidente Andr\u00e9s Manuel L\u00f3pez Obrador, realizaron el banderazo inaugural de la primera ruta del Ie- tram: Paseo 60-La Plancha-Teya, primer transporte p\u00fablico 100% el\u00e9ctrico en el Sureste y \u00fanico en Latinoam\u00e9rica que impulsa el Gobierno de Yucat\u00e1n, con lo que el [&hellip;]\" \/>\n<meta property=\"og:url\" content=\"https:\/\/www.yucatanencorto.com\/noticias\/realizan-banderazo-inaugural-el-gobernador-mauricio-vila-dosal-y-el-presidente-andres-manuel-lopez-obrador-de-la-primera-ruta-del-ie-tram\/\" \/>\n<meta property=\"og:site_name\" content=\"Yucat\u00e1n en corto\" \/>\n<meta property=\"article:publisher\" content=\"http:\/\/www.facebook.com\/yucatanencorto\" \/>\n<meta property=\"article:published_time\" content=\"2023-12-15T22:43:48+00:00\" \/>\n<meta property=\"og:image\" content=\"https:\/\/www.yucatanencorto.com\/noticias\/wp-content\/uploads\/2023\/12\/image00013.png\" \/>\n\t<meta property=\"og:image:width\" content=\"768\" \/>\n\t<meta property=\"og:image:height\" content=\"512\" \/>\n\t<meta property=\"og:image:type\" content=\"image\/png\" \/>\n<meta name=\"author\" content=\"Redes\" \/>\n<meta name=\"twitter:card\" content=\"summary_large_image\" \/>\n<meta name=\"twitter:creator\" content=\"@yucatanencorto\" \/>\n<meta name=\"twitter:site\" content=\"@yucatanencorto\" \/>\n<meta name=\"twitter:label1\" content=\"Escrito por\" \/>\n\t<meta name=\"twitter:data1\" content=\"Redes\" \/>\n\t<meta name=\"twitter:label2\" content=\"Tiempo de lectura\" \/>\n\t<meta name=\"twitter:data2\" content=\"4 minutos\" \/>\n<script type=\"application\/ld+json\" class=\"yoast-schema-graph\">{\"@context\":\"https:\\\/\\\/schema.org\",\"@graph\":[{\"@type\":\"Article\",\"@id\":\"https:\\\/\\\/www.yucatanencorto.com\\\/noticias\\\/realizan-banderazo-inaugural-el-gobernador-mauricio-vila-dosal-y-el-presidente-andres-manuel-lopez-obrador-de-la-primera-ruta-del-ie-tram\\\/#article\",\"isPartOf\":{\"@id\":\"https:\\\/\\\/www.yucatanencorto.com\\\/noticias\\\/realizan-banderazo-inaugural-el-gobernador-mauricio-vila-dosal-y-el-presidente-andres-manuel-lopez-obrador-de-la-primera-ruta-del-ie-tram\\\/\"},\"author\":{\"name\":\"Redes\",\"@id\":\"https:\\\/\\\/www.yucatanencorto.com\\\/noticias\\\/#\\\/schema\\\/person\\\/e2fbdfaf30a07014a43940ce989f3119\"},\"headline\":\"Realizan banderazo inaugural el Gobernador Mauricio Vila Dosal y el Presidente Andr\u00e9s Manuel L\u00f3pez Obrador, de la primera ruta del Ie-tram\",\"datePublished\":\"2023-12-15T22:43:48+00:00\",\"mainEntityOfPage\":{\"@id\":\"https:\\\/\\\/www.yucatanencorto.com\\\/noticias\\\/realizan-banderazo-inaugural-el-gobernador-mauricio-vila-dosal-y-el-presidente-andres-manuel-lopez-obrador-de-la-primera-ruta-del-ie-tram\\\/\"},\"wordCount\":703,\"image\":{\"@id\":\"https:\\\/\\\/www.yucatanencorto.com\\\/noticias\\\/realizan-banderazo-inaugural-el-gobernador-mauricio-vila-dosal-y-el-presidente-andres-manuel-lopez-obrador-de-la-primera-ruta-del-ie-tram\\\/#primaryimage\"},\"thumbnailUrl\":\"https:\\\/\\\/www.yucatanencorto.com\\\/noticias\\\/wp-content\\\/uploads\\\/2023\\\/12\\\/image00013.png\",\"articleSection\":[\"Yucat\u00e1n\"],\"inLanguage\":\"es\"},{\"@type\":\"WebPage\",\"@id\":\"https:\\\/\\\/www.yucatanencorto.com\\\/noticias\\\/realizan-banderazo-inaugural-el-gobernador-mauricio-vila-dosal-y-el-presidente-andres-manuel-lopez-obrador-de-la-primera-ruta-del-ie-tram\\\/\",\"url\":\"https:\\\/\\\/www.yucatanencorto.com\\\/noticias\\\/realizan-banderazo-inaugural-el-gobernador-mauricio-vila-dosal-y-el-presidente-andres-manuel-lopez-obrador-de-la-primera-ruta-del-ie-tram\\\/\",\"name\":\"Realizan banderazo inaugural el Gobernador Mauricio Vila Dosal y el Presidente Andr\u00e9s Manuel L\u00f3pez Obrador, de la primera ruta del Ie-tram - Yucat\u00e1n en corto\",\"isPartOf\":{\"@id\":\"https:\\\/\\\/www.yucatanencorto.com\\\/noticias\\\/#website\"},\"primaryImageOfPage\":{\"@id\":\"https:\\\/\\\/www.yucatanencorto.com\\\/noticias\\\/realizan-banderazo-inaugural-el-gobernador-mauricio-vila-dosal-y-el-presidente-andres-manuel-lopez-obrador-de-la-primera-ruta-del-ie-tram\\\/#primaryimage\"},\"image\":{\"@id\":\"https:\\\/\\\/www.yucatanencorto.com\\\/noticias\\\/realizan-banderazo-inaugural-el-gobernador-mauricio-vila-dosal-y-el-presidente-andres-manuel-lopez-obrador-de-la-primera-ruta-del-ie-tram\\\/#primaryimage\"},\"thumbnailUrl\":\"https:\\\/\\\/www.yucatanencorto.com\\\/noticias\\\/wp-content\\\/uploads\\\/2023\\\/12\\\/image00013.png\",\"datePublished\":\"2023-12-15T22:43:48+00:00\",\"author\":{\"@id\":\"https:\\\/\\\/www.yucatanencorto.com\\\/noticias\\\/#\\\/schema\\\/person\\\/e2fbdfaf30a07014a43940ce989f3119\"},\"breadcrumb\":{\"@id\":\"https:\\\/\\\/www.yucatanencorto.com\\\/noticias\\\/realizan-banderazo-inaugural-el-gobernador-mauricio-vila-dosal-y-el-presidente-andres-manuel-lopez-obrador-de-la-primera-ruta-del-ie-tram\\\/#breadcrumb\"},\"inLanguage\":\"es\",\"potentialAction\":[{\"@type\":\"ReadAction\",\"target\":[\"https:\\\/\\\/www.yucatanencorto.com\\\/noticias\\\/realizan-banderazo-inaugural-el-gobernador-mauricio-vila-dosal-y-el-presidente-andres-manuel-lopez-obrador-de-la-primera-ruta-del-ie-tram\\\/\"]}]},{\"@type\":\"ImageObject\",\"inLanguage\":\"es\",\"@id\":\"https:\\\/\\\/www.yucatanencorto.com\\\/noticias\\\/realizan-banderazo-inaugural-el-gobernador-mauricio-vila-dosal-y-el-presidente-andres-manuel-lopez-obrador-de-la-primera-ruta-del-ie-tram\\\/#primaryimage\",\"url\":\"https:\\\/\\\/www.yucatanencorto.com\\\/noticias\\\/wp-content\\\/uploads\\\/2023\\\/12\\\/image00013.png\",\"contentUrl\":\"https:\\\/\\\/www.yucatanencorto.com\\\/noticias\\\/wp-content\\\/uploads\\\/2023\\\/12\\\/image00013.png\",\"width\":768,\"height\":512},{\"@type\":\"BreadcrumbList\",\"@id\":\"https:\\\/\\\/www.yucatanencorto.com\\\/noticias\\\/realizan-banderazo-inaugural-el-gobernador-mauricio-vila-dosal-y-el-presidente-andres-manuel-lopez-obrador-de-la-primera-ruta-del-ie-tram\\\/#breadcrumb\",\"itemListElement\":[{\"@type\":\"ListItem\",\"position\":1,\"name\":\"Portada\",\"item\":\"https:\\\/\\\/www.yucatanencorto.com\\\/noticias\\\/\"},{\"@type\":\"ListItem\",\"position\":2,\"name\":\"Realizan banderazo inaugural el Gobernador Mauricio Vila Dosal y el Presidente Andr\u00e9s Manuel L\u00f3pez Obrador, de la primera ruta del Ie-tram\"}]},{\"@type\":\"WebSite\",\"@id\":\"https:\\\/\\\/www.yucatanencorto.com\\\/noticias\\\/#website\",\"url\":\"https:\\\/\\\/www.yucatanencorto.com\\\/noticias\\\/\",\"name\":\"Yucat\u00e1n en corto\",\"description\":\"Noticias\",\"potentialAction\":[{\"@type\":\"SearchAction\",\"target\":{\"@type\":\"EntryPoint\",\"urlTemplate\":\"https:\\\/\\\/www.yucatanencorto.com\\\/noticias\\\/?s={search_term_string}\"},\"query-input\":{\"@type\":\"PropertyValueSpecification\",\"valueRequired\":true,\"valueName\":\"search_term_string\"}}],\"inLanguage\":\"es\"},{\"@type\":\"Person\",\"@id\":\"https:\\\/\\\/www.yucatanencorto.com\\\/noticias\\\/#\\\/schema\\\/person\\\/e2fbdfaf30a07014a43940ce989f3119\",\"name\":\"Redes\",\"image\":{\"@type\":\"ImageObject\",\"inLanguage\":\"es\",\"@id\":\"https:\\\/\\\/secure.gravatar.com\\\/avatar\\\/5931a2d21dd7cc834f44c8c34fe56d90ed6d536ef452cbf870c7485b524dddd7?s=96&d=mm&r=g\",\"url\":\"https:\\\/\\\/secure.gravatar.com\\\/avatar\\\/5931a2d21dd7cc834f44c8c34fe56d90ed6d536ef452cbf870c7485b524dddd7?s=96&d=mm&r=g\",\"contentUrl\":\"https:\\\/\\\/secure.gravatar.com\\\/avatar\\\/5931a2d21dd7cc834f44c8c34fe56d90ed6d536ef452cbf870c7485b524dddd7?s=96&d=mm&r=g\",\"caption\":\"Redes\"},\"url\":\"https:\\\/\\\/www.yucatanencorto.com\\\/noticias\\\/author\\\/redes\\\/\"}]}<\/script>\n<!-- \/ Yoast SEO plugin. -->","yoast_head_json":{"title":"Realizan banderazo inaugural el Gobernador Mauricio Vila Dosal y el Presidente Andr\u00e9s Manuel L\u00f3pez Obrador, de la primera ruta del Ie-tram - Yucat\u00e1n en corto","robots":{"index":"index","follow":"follow","max-snippet":"max-snippet:-1","max-image-preview":"max-image-preview:large","max-video-preview":"max-video-preview:-1"},"canonical":"https:\/\/www.yucatanencorto.com\/noticias\/realizan-banderazo-inaugural-el-gobernador-mauricio-vila-dosal-y-el-presidente-andres-manuel-lopez-obrador-de-la-primera-ruta-del-ie-tram\/","og_locale":"es_ES","og_type":"article","og_title":"Realizan banderazo inaugural el Gobernador Mauricio Vila Dosal y el Presidente Andr\u00e9s Manuel L\u00f3pez Obrador, de la primera ruta del Ie-tram - Yucat\u00e1n en corto","og_description":"M\u00e9rida, Yucat\u00e1n, 15 de diciembre de 2023.- El Gobernador Mauricio Vila Dosal y el Presidente Andr\u00e9s Manuel L\u00f3pez Obrador, realizaron el banderazo inaugural de la primera ruta del Ie- tram: Paseo 60-La Plancha-Teya, primer transporte p\u00fablico 100% el\u00e9ctrico en el Sureste y \u00fanico en Latinoam\u00e9rica que impulsa el Gobierno de Yucat\u00e1n, con lo que el [&hellip;]","og_url":"https:\/\/www.yucatanencorto.com\/noticias\/realizan-banderazo-inaugural-el-gobernador-mauricio-vila-dosal-y-el-presidente-andres-manuel-lopez-obrador-de-la-primera-ruta-del-ie-tram\/","og_site_name":"Yucat\u00e1n en corto","article_publisher":"http:\/\/www.facebook.com\/yucatanencorto","article_published_time":"2023-12-15T22:43:48+00:00","og_image":[{"width":768,"height":512,"url":"https:\/\/www.yucatanencorto.com\/noticias\/wp-content\/uploads\/2023\/12\/image00013.png","type":"image\/png"}],"author":"Redes","twitter_card":"summary_large_image","twitter_creator":"@yucatanencorto","twitter_site":"@yucatanencorto","twitter_misc":{"Escrito por":"Redes","Tiempo de lectura":"4 minutos"},"schema":{"@context":"https:\/\/schema.org","@graph":[{"@type":"Article","@id":"https:\/\/www.yucatanencorto.com\/noticias\/realizan-banderazo-inaugural-el-gobernador-mauricio-vila-dosal-y-el-presidente-andres-manuel-lopez-obrador-de-la-primera-ruta-del-ie-tram\/#article","isPartOf":{"@id":"https:\/\/www.yucatanencorto.com\/noticias\/realizan-banderazo-inaugural-el-gobernador-mauricio-vila-dosal-y-el-presidente-andres-manuel-lopez-obrador-de-la-primera-ruta-del-ie-tram\/"},"author":{"name":"Redes","@id":"https:\/\/www.yucatanencorto.com\/noticias\/#\/schema\/person\/e2fbdfaf30a07014a43940ce989f3119"},"headline":"Realizan banderazo inaugural el Gobernador Mauricio Vila Dosal y el Presidente Andr\u00e9s Manuel L\u00f3pez Obrador, de la primera ruta del Ie-tram","datePublished":"2023-12-15T22:43:48+00:00","mainEntityOfPage":{"@id":"https:\/\/www.yucatanencorto.com\/noticias\/realizan-banderazo-inaugural-el-gobernador-mauricio-vila-dosal-y-el-presidente-andres-manuel-lopez-obrador-de-la-primera-ruta-del-ie-tram\/"},"wordCount":703,"image":{"@id":"https:\/\/www.yucatanencorto.com\/noticias\/realizan-banderazo-inaugural-el-gobernador-mauricio-vila-dosal-y-el-presidente-andres-manuel-lopez-obrador-de-la-primera-ruta-del-ie-tram\/#primaryimage"},"thumbnailUrl":"https:\/\/www.yucatanencorto.com\/noticias\/wp-content\/uploads\/2023\/12\/image00013.png","articleSection":["Yucat\u00e1n"],"inLanguage":"es"},{"@type":"WebPage","@id":"https:\/\/www.yucatanencorto.com\/noticias\/realizan-banderazo-inaugural-el-gobernador-mauricio-vila-dosal-y-el-presidente-andres-manuel-lopez-obrador-de-la-primera-ruta-del-ie-tram\/","url":"https:\/\/www.yucatanencorto.com\/noticias\/realizan-banderazo-inaugural-el-gobernador-mauricio-vila-dosal-y-el-presidente-andres-manuel-lopez-obrador-de-la-primera-ruta-del-ie-tram\/","name":"Realizan banderazo inaugural el Gobernador Mauricio Vila Dosal y el Presidente Andr\u00e9s Manuel L\u00f3pez Obrador, de la primera ruta del Ie-tram - Yucat\u00e1n en corto","isPartOf":{"@id":"https:\/\/www.yucatanencorto.com\/noticias\/#website"},"primaryImageOfPage":{"@id":"https:\/\/www.yucatanencorto.com\/noticias\/realizan-banderazo-inaugural-el-gobernador-mauricio-vila-dosal-y-el-presidente-andres-manuel-lopez-obrador-de-la-primera-ruta-del-ie-tram\/#primaryimage"},"image":{"@id":"https:\/\/www.yucatanencorto.com\/noticias\/realizan-banderazo-inaugural-el-gobernador-mauricio-vila-dosal-y-el-presidente-andres-manuel-lopez-obrador-de-la-primera-ruta-del-ie-tram\/#primaryimage"},"thumbnailUrl":"https:\/\/www.yucatanencorto.com\/noticias\/wp-content\/uploads\/2023\/12\/image00013.png","datePublished":"2023-12-15T22:43:48+00:00","author":{"@id":"https:\/\/www.yucatanencorto.com\/noticias\/#\/schema\/person\/e2fbdfaf30a07014a43940ce989f3119"},"breadcrumb":{"@id":"https:\/\/www.yucatanencorto.com\/noticias\/realizan-banderazo-inaugural-el-gobernador-mauricio-vila-dosal-y-el-presidente-andres-manuel-lopez-obrador-de-la-primera-ruta-del-ie-tram\/#breadcrumb"},"inLanguage":"es","potentialAction":[{"@type":"ReadAction","target":["https:\/\/www.yucatanencorto.com\/noticias\/realizan-banderazo-inaugural-el-gobernador-mauricio-vila-dosal-y-el-presidente-andres-manuel-lopez-obrador-de-la-primera-ruta-del-ie-tram\/"]}]},{"@type":"ImageObject","inLanguage":"es","@id":"https:\/\/www.yucatanencorto.com\/noticias\/realizan-banderazo-inaugural-el-gobernador-mauricio-vila-dosal-y-el-presidente-andres-manuel-lopez-obrador-de-la-primera-ruta-del-ie-tram\/#primaryimage","url":"https:\/\/www.yucatanencorto.com\/noticias\/wp-content\/uploads\/2023\/12\/image00013.png","contentUrl":"https:\/\/www.yucatanencorto.com\/noticias\/wp-content\/uploads\/2023\/12\/image00013.png","width":768,"height":512},{"@type":"BreadcrumbList","@id":"https:\/\/www.yucatanencorto.com\/noticias\/realizan-banderazo-inaugural-el-gobernador-mauricio-vila-dosal-y-el-presidente-andres-manuel-lopez-obrador-de-la-primera-ruta-del-ie-tram\/#breadcrumb","itemListElement":[{"@type":"ListItem","position":1,"name":"Portada","item":"https:\/\/www.yucatanencorto.com\/noticias\/"},{"@type":"ListItem","position":2,"name":"Realizan banderazo inaugural el Gobernador Mauricio Vila Dosal y el Presidente Andr\u00e9s Manuel L\u00f3pez Obrador, de la primera ruta del Ie-tram"}]},{"@type":"WebSite","@id":"https:\/\/www.yucatanencorto.com\/noticias\/#website","url":"https:\/\/www.yucatanencorto.com\/noticias\/","name":"Yucat\u00e1n en corto","description":"Noticias","potentialAction":[{"@type":"SearchAction","target":{"@type":"EntryPoint","urlTemplate":"https:\/\/www.yucatanencorto.com\/noticias\/?s={search_term_string}"},"query-input":{"@type":"PropertyValueSpecification","valueRequired":true,"valueName":"search_term_string"}}],"inLanguage":"es"},{"@type":"Person","@id":"https:\/\/www.yucatanencorto.com\/noticias\/#\/schema\/person\/e2fbdfaf30a07014a43940ce989f3119","name":"Redes","image":{"@type":"ImageObject","inLanguage":"es","@id":"https:\/\/secure.gravatar.com\/avatar\/5931a2d21dd7cc834f44c8c34fe56d90ed6d536ef452cbf870c7485b524dddd7?s=96&d=mm&r=g","url":"https:\/\/secure.gravatar.com\/avatar\/5931a2d21dd7cc834f44c8c34fe56d90ed6d536ef452cbf870c7485b524dddd7?s=96&d=mm&r=g","contentUrl":"https:\/\/secure.gravatar.com\/avatar\/5931a2d21dd7cc834f44c8c34fe56d90ed6d536ef452cbf870c7485b524dddd7?s=96&d=mm&r=g","caption":"Redes"},"url":"https:\/\/www.yucatanencorto.com\/noticias\/author\/redes\/"}]}},"_links":{"self":[{"href":"https:\/\/www.yucatanencorto.com\/noticias\/wp-json\/wp\/v2\/posts\/101538","targetHints":{"allow":["GET"]}}],"collection":[{"href":"https:\/\/www.yucatanencorto.com\/noticias\/wp-json\/wp\/v2\/posts"}],"about":[{"href":"https:\/\/www.yucatanencorto.com\/noticias\/wp-json\/wp\/v2\/types\/post"}],"author":[{"embeddable":true,"href":"https:\/\/www.yucatanencorto.com\/noticias\/wp-json\/wp\/v2\/users\/3"}],"replies":[{"embeddable":true,"href":"https:\/\/www.yucatanencorto.com\/noticias\/wp-json\/wp\/v2\/comments?post=101538"}],"version-history":[{"count":0,"href":"https:\/\/www.yucatanencorto.com\/noticias\/wp-json\/wp\/v2\/posts\/101538\/revisions"}],"wp:featuredmedia":[{"embeddable":true,"href":"https:\/\/www.yucatanencorto.com\/noticias\/wp-json\/wp\/v2\/media\/101544"}],"wp:attachment":[{"href":"https:\/\/www.yucatanencorto.com\/noticias\/wp-json\/wp\/v2\/media?parent=101538"}],"wp:term":[{"taxonomy":"category","embeddable":true,"href":"https:\/\/www.yucatanencorto.com\/noticias\/wp-json\/wp\/v2\/categories?post=101538"},{"taxonomy":"post_tag","embeddable":true,"href":"https:\/\/www.yucatanencorto.com\/noticias\/wp-json\/wp\/v2\/tags?post=101538"}],"curies":[{"name":"wp","href":"https:\/\/api.w.org\/{rel}","templated":true}]}}