{"id":101541,"date":"2023-12-15T15:42:11","date_gmt":"2023-12-15T21:42:11","guid":{"rendered":"https:\/\/www.yucatanencorto.com\/noticias\/?p=101541"},"modified":"2023-12-15T15:42:11","modified_gmt":"2023-12-15T21:42:11","slug":"inauguran-nueva-farmacia-en-kanasin","status":"publish","type":"post","link":"https:\/\/www.yucatanencorto.com\/noticias\/inauguran-nueva-farmacia-en-kanasin\/","title":{"rendered":"Inauguran nueva farmacia en Kanas\u00edn"},"content":{"rendered":"<p><img loading=\"lazy\" decoding=\"async\" class=\"alignnone size-full wp-image-101542\" src=\"https:\/\/www.yucatanencorto.com\/noticias\/wp-content\/uploads\/2023\/12\/IMG-20231215-WA0063-scaled.jpg\" alt=\"\" width=\"768\" height=\"512\" srcset=\"https:\/\/www.yucatanencorto.com\/noticias\/wp-content\/uploads\/2023\/12\/IMG-20231215-WA0063-scaled.jpg 768w, https:\/\/www.yucatanencorto.com\/noticias\/wp-content\/uploads\/2023\/12\/IMG-20231215-WA0063-150x100.jpg 150w, https:\/\/www.yucatanencorto.com\/noticias\/wp-content\/uploads\/2023\/12\/IMG-20231215-WA0063-300x200.jpg 300w, https:\/\/www.yucatanencorto.com\/noticias\/wp-content\/uploads\/2023\/12\/IMG-20231215-WA0063-696x464.jpg 696w, https:\/\/www.yucatanencorto.com\/noticias\/wp-content\/uploads\/2023\/12\/IMG-20231215-WA0063-1068x712.jpg 1068w\" sizes=\"auto, (max-width: 768px) 100vw, 768px\" \/><\/p>\n<p>Kanas\u00edn, Yucat\u00e1n a 15 de diciembre 2023.- Como resultado del trabajo que se ha realizado para mejorar la infraestructura urbana y las acciones que se han tomado en materia de seguridad, hoy Kanas\u00edn se ha convertido en una verdadera opci\u00f3n para que empresas locales, nacionales y extranjeras se establezcan en el municipio y se generen nuevos empleos y mayor dinamismo econ\u00f3mico en la comunidad.<\/p>\n<p>&nbsp;<\/p>\n<p>Lo anterior lo se\u00f1al\u00f3 el alcalde Edwin Boj\u00f3rquez Ram\u00edrez al inaugurar esta ma\u00f1ana una nueva sucursal de Farmacias del Ahorro en Kanas\u00edn, con lo que esa empresa tambi\u00e9n ampl\u00eda su presencia en el estado de Yucat\u00e1n.<\/p>\n<p>&nbsp;<\/p>\n<p>Ante la presencia de \u00c1ngela Galv\u00e1n Caballero, gerente de Marketing y Ventas de Farmacias del Ahorro, Edwin Boj\u00f3rquez agradeci\u00f3 la confianza de la empresa por invertir en el municipio de Kanas\u00edn y destac\u00f3 que ello es resultado del buen trabajo que se est\u00e1 haciendo a favor de las familias del municipio todos los d\u00edas.<\/p>\n<p>&nbsp;<\/p>\n<p>\u201cHoy es un d\u00eda importante para Kanas\u00edn porque una empresa se instala en el municipio para generar nuevos empleos y estoy seguro que en los pr\u00f3ximos meses se instalar\u00e1n otros establecimientos comerciales m\u00e1s\u201d, dijo.<\/p>\n<p>&nbsp;<\/p>\n<p>Subray\u00f3 que uno de los principales objetivos de su administraci\u00f3n es generar las condiciones adecuadas para que las empresas se instalen en el municipio. \u201cDesde el principio de mi gobierno se han hecho fuertes trabajos en infraestructura p\u00fablica, en seguridad, en cultura, en el deporte, en apoyos a los sectores m\u00e1s vulnerables de la poblaci\u00f3n, porque queremos demostrar que cuando existe compromiso se pueden ofrecer resultados a la gente\u201d, dijo.<\/p>\n<p>&nbsp;<\/p>\n<p>Lament\u00f3 que por muchos a\u00f1os el municipio sufriera de la falta de inversi\u00f3n y de compromiso de parte de los anteriores gobiernos, \u201cpero hoy podemos decir que Kanas\u00edn est\u00e1 cambiando y ofreciendo lo mejor a quienes quieran visitarlo e invertir\u201d.<\/p>\n<p>&nbsp;<\/p>\n<p>Por su parte, \u00c1ngela Galv\u00e1n Caballero destac\u00f3 que \u201cuno de los principales motivos por las que Farmacias del Ahorro llega a Kanas\u00edn es porque adem\u00e1s de que es una ciudad con una poblaci\u00f3n importante es tambi\u00e9n por la seguridad que se ofrece hoy en el municipio\u201d.<\/p>\n<p>&nbsp;<\/p>\n<p>Indic\u00f3 que con esta nueva sucursal se beneficia gente del municipio, pues m\u00e1s del 50 por ciento de los empleados son de Kanas\u00edn. \u201cAdem\u00e1s de que generamos nuevos empleos, ofrecemos servicios de salud a la gente con una amplia gama de productos\u201d, coment\u00f3.<\/p>\n<p>&nbsp;<\/p>\n<p>Inform\u00f3 que adem\u00e1s de que se cuentan con 22 sucursales en M\u00e9rida, tambi\u00e9n se tienen presencia en Motul, Progreso, Valladolid y ahora en Kanas\u00edn,<\/p>\n<p>&nbsp;<\/p>\n<p>La nueva sucursal de Farmacias del Ahorro se ubicar\u00e1 en la colonia Xelpac, espec\u00edficamente sobre la avenida principal que es la calle 69.<\/p>\n","protected":false},"excerpt":{"rendered":"<p>Kanas\u00edn, Yucat\u00e1n a 15 de diciembre 2023.- Como resultado del trabajo que se ha realizado para mejorar la infraestructura urbana y las acciones que se han tomado en materia de seguridad, hoy Kanas\u00edn se ha convertido en una verdadera opci\u00f3n para que empresas locales, nacionales y extranjeras se establezcan en el municipio y se generen [&hellip;]<\/p>\n","protected":false},"author":3,"featured_media":101542,"comment_status":"closed","ping_status":"closed","sticky":false,"template":"","format":"standard","meta":{"footnotes":""},"categories":[3],"tags":[],"class_list":{"0":"post-101541","1":"post","2":"type-post","3":"status-publish","4":"format-standard","5":"has-post-thumbnail","7":"category-yucatan"},"yoast_head":"<!-- This site is optimized with the Yoast SEO plugin v27.4 - https:\/\/yoast.com\/product\/yoast-seo-wordpress\/ -->\n<title>Inauguran nueva farmacia en Kanas\u00edn - Yucat\u00e1n en corto<\/title>\n<meta name=\"robots\" content=\"index, follow, max-snippet:-1, max-image-preview:large, max-video-preview:-1\" \/>\n<link rel=\"canonical\" href=\"https:\/\/www.yucatanencorto.com\/noticias\/inauguran-nueva-farmacia-en-kanasin\/\" \/>\n<meta property=\"og:locale\" content=\"es_ES\" \/>\n<meta property=\"og:type\" content=\"article\" \/>\n<meta property=\"og:title\" content=\"Inauguran nueva farmacia en Kanas\u00edn - Yucat\u00e1n en corto\" \/>\n<meta property=\"og:description\" content=\"Kanas\u00edn, Yucat\u00e1n a 15 de diciembre 2023.- Como resultado del trabajo que se ha realizado para mejorar la infraestructura urbana y las acciones que se han tomado en materia de seguridad, hoy Kanas\u00edn se ha convertido en una verdadera opci\u00f3n para que empresas locales, nacionales y extranjeras se establezcan en el municipio y se generen [&hellip;]\" \/>\n<meta property=\"og:url\" content=\"https:\/\/www.yucatanencorto.com\/noticias\/inauguran-nueva-farmacia-en-kanasin\/\" \/>\n<meta property=\"og:site_name\" content=\"Yucat\u00e1n en corto\" \/>\n<meta property=\"article:publisher\" content=\"http:\/\/www.facebook.com\/yucatanencorto\" \/>\n<meta property=\"article:published_time\" content=\"2023-12-15T21:42:11+00:00\" \/>\n<meta property=\"og:image\" content=\"https:\/\/www.yucatanencorto.com\/noticias\/wp-content\/uploads\/2023\/12\/IMG-20231215-WA0063-scaled.jpg\" \/>\n\t<meta property=\"og:image:width\" content=\"768\" \/>\n\t<meta property=\"og:image:height\" content=\"512\" \/>\n\t<meta property=\"og:image:type\" content=\"image\/jpeg\" \/>\n<meta name=\"author\" content=\"Redes\" \/>\n<meta name=\"twitter:card\" content=\"summary_large_image\" \/>\n<meta name=\"twitter:creator\" content=\"@yucatanencorto\" \/>\n<meta name=\"twitter:site\" content=\"@yucatanencorto\" \/>\n<meta name=\"twitter:label1\" content=\"Escrito por\" \/>\n\t<meta name=\"twitter:data1\" content=\"Redes\" \/>\n\t<meta name=\"twitter:label2\" content=\"Tiempo de lectura\" \/>\n\t<meta name=\"twitter:data2\" content=\"3 minutos\" \/>\n<script type=\"application\/ld+json\" class=\"yoast-schema-graph\">{\"@context\":\"https:\\\/\\\/schema.org\",\"@graph\":[{\"@type\":\"Article\",\"@id\":\"https:\\\/\\\/www.yucatanencorto.com\\\/noticias\\\/inauguran-nueva-farmacia-en-kanasin\\\/#article\",\"isPartOf\":{\"@id\":\"https:\\\/\\\/www.yucatanencorto.com\\\/noticias\\\/inauguran-nueva-farmacia-en-kanasin\\\/\"},\"author\":{\"name\":\"Redes\",\"@id\":\"https:\\\/\\\/www.yucatanencorto.com\\\/noticias\\\/#\\\/schema\\\/person\\\/e2fbdfaf30a07014a43940ce989f3119\"},\"headline\":\"Inauguran nueva farmacia en Kanas\u00edn\",\"datePublished\":\"2023-12-15T21:42:11+00:00\",\"mainEntityOfPage\":{\"@id\":\"https:\\\/\\\/www.yucatanencorto.com\\\/noticias\\\/inauguran-nueva-farmacia-en-kanasin\\\/\"},\"wordCount\":487,\"image\":{\"@id\":\"https:\\\/\\\/www.yucatanencorto.com\\\/noticias\\\/inauguran-nueva-farmacia-en-kanasin\\\/#primaryimage\"},\"thumbnailUrl\":\"https:\\\/\\\/www.yucatanencorto.com\\\/noticias\\\/wp-content\\\/uploads\\\/2023\\\/12\\\/IMG-20231215-WA0063-scaled.jpg\",\"articleSection\":[\"Yucat\u00e1n\"],\"inLanguage\":\"es\"},{\"@type\":\"WebPage\",\"@id\":\"https:\\\/\\\/www.yucatanencorto.com\\\/noticias\\\/inauguran-nueva-farmacia-en-kanasin\\\/\",\"url\":\"https:\\\/\\\/www.yucatanencorto.com\\\/noticias\\\/inauguran-nueva-farmacia-en-kanasin\\\/\",\"name\":\"Inauguran nueva farmacia en Kanas\u00edn - Yucat\u00e1n en corto\",\"isPartOf\":{\"@id\":\"https:\\\/\\\/www.yucatanencorto.com\\\/noticias\\\/#website\"},\"primaryImageOfPage\":{\"@id\":\"https:\\\/\\\/www.yucatanencorto.com\\\/noticias\\\/inauguran-nueva-farmacia-en-kanasin\\\/#primaryimage\"},\"image\":{\"@id\":\"https:\\\/\\\/www.yucatanencorto.com\\\/noticias\\\/inauguran-nueva-farmacia-en-kanasin\\\/#primaryimage\"},\"thumbnailUrl\":\"https:\\\/\\\/www.yucatanencorto.com\\\/noticias\\\/wp-content\\\/uploads\\\/2023\\\/12\\\/IMG-20231215-WA0063-scaled.jpg\",\"datePublished\":\"2023-12-15T21:42:11+00:00\",\"author\":{\"@id\":\"https:\\\/\\\/www.yucatanencorto.com\\\/noticias\\\/#\\\/schema\\\/person\\\/e2fbdfaf30a07014a43940ce989f3119\"},\"breadcrumb\":{\"@id\":\"https:\\\/\\\/www.yucatanencorto.com\\\/noticias\\\/inauguran-nueva-farmacia-en-kanasin\\\/#breadcrumb\"},\"inLanguage\":\"es\",\"potentialAction\":[{\"@type\":\"ReadAction\",\"target\":[\"https:\\\/\\\/www.yucatanencorto.com\\\/noticias\\\/inauguran-nueva-farmacia-en-kanasin\\\/\"]}]},{\"@type\":\"ImageObject\",\"inLanguage\":\"es\",\"@id\":\"https:\\\/\\\/www.yucatanencorto.com\\\/noticias\\\/inauguran-nueva-farmacia-en-kanasin\\\/#primaryimage\",\"url\":\"https:\\\/\\\/www.yucatanencorto.com\\\/noticias\\\/wp-content\\\/uploads\\\/2023\\\/12\\\/IMG-20231215-WA0063-scaled.jpg\",\"contentUrl\":\"https:\\\/\\\/www.yucatanencorto.com\\\/noticias\\\/wp-content\\\/uploads\\\/2023\\\/12\\\/IMG-20231215-WA0063-scaled.jpg\",\"width\":768,\"height\":512},{\"@type\":\"BreadcrumbList\",\"@id\":\"https:\\\/\\\/www.yucatanencorto.com\\\/noticias\\\/inauguran-nueva-farmacia-en-kanasin\\\/#breadcrumb\",\"itemListElement\":[{\"@type\":\"ListItem\",\"position\":1,\"name\":\"Portada\",\"item\":\"https:\\\/\\\/www.yucatanencorto.com\\\/noticias\\\/\"},{\"@type\":\"ListItem\",\"position\":2,\"name\":\"Inauguran nueva farmacia en Kanas\u00edn\"}]},{\"@type\":\"WebSite\",\"@id\":\"https:\\\/\\\/www.yucatanencorto.com\\\/noticias\\\/#website\",\"url\":\"https:\\\/\\\/www.yucatanencorto.com\\\/noticias\\\/\",\"name\":\"Yucat\u00e1n en corto\",\"description\":\"Noticias\",\"potentialAction\":[{\"@type\":\"SearchAction\",\"target\":{\"@type\":\"EntryPoint\",\"urlTemplate\":\"https:\\\/\\\/www.yucatanencorto.com\\\/noticias\\\/?s={search_term_string}\"},\"query-input\":{\"@type\":\"PropertyValueSpecification\",\"valueRequired\":true,\"valueName\":\"search_term_string\"}}],\"inLanguage\":\"es\"},{\"@type\":\"Person\",\"@id\":\"https:\\\/\\\/www.yucatanencorto.com\\\/noticias\\\/#\\\/schema\\\/person\\\/e2fbdfaf30a07014a43940ce989f3119\",\"name\":\"Redes\",\"image\":{\"@type\":\"ImageObject\",\"inLanguage\":\"es\",\"@id\":\"https:\\\/\\\/secure.gravatar.com\\\/avatar\\\/5931a2d21dd7cc834f44c8c34fe56d90ed6d536ef452cbf870c7485b524dddd7?s=96&d=mm&r=g\",\"url\":\"https:\\\/\\\/secure.gravatar.com\\\/avatar\\\/5931a2d21dd7cc834f44c8c34fe56d90ed6d536ef452cbf870c7485b524dddd7?s=96&d=mm&r=g\",\"contentUrl\":\"https:\\\/\\\/secure.gravatar.com\\\/avatar\\\/5931a2d21dd7cc834f44c8c34fe56d90ed6d536ef452cbf870c7485b524dddd7?s=96&d=mm&r=g\",\"caption\":\"Redes\"},\"url\":\"https:\\\/\\\/www.yucatanencorto.com\\\/noticias\\\/author\\\/redes\\\/\"}]}<\/script>\n<!-- \/ Yoast SEO plugin. -->","yoast_head_json":{"title":"Inauguran nueva farmacia en Kanas\u00edn - Yucat\u00e1n en corto","robots":{"index":"index","follow":"follow","max-snippet":"max-snippet:-1","max-image-preview":"max-image-preview:large","max-video-preview":"max-video-preview:-1"},"canonical":"https:\/\/www.yucatanencorto.com\/noticias\/inauguran-nueva-farmacia-en-kanasin\/","og_locale":"es_ES","og_type":"article","og_title":"Inauguran nueva farmacia en Kanas\u00edn - Yucat\u00e1n en corto","og_description":"Kanas\u00edn, Yucat\u00e1n a 15 de diciembre 2023.- Como resultado del trabajo que se ha realizado para mejorar la infraestructura urbana y las acciones que se han tomado en materia de seguridad, hoy Kanas\u00edn se ha convertido en una verdadera opci\u00f3n para que empresas locales, nacionales y extranjeras se establezcan en el municipio y se generen [&hellip;]","og_url":"https:\/\/www.yucatanencorto.com\/noticias\/inauguran-nueva-farmacia-en-kanasin\/","og_site_name":"Yucat\u00e1n en corto","article_publisher":"http:\/\/www.facebook.com\/yucatanencorto","article_published_time":"2023-12-15T21:42:11+00:00","og_image":[{"width":768,"height":512,"url":"https:\/\/www.yucatanencorto.com\/noticias\/wp-content\/uploads\/2023\/12\/IMG-20231215-WA0063-scaled.jpg","type":"image\/jpeg"}],"author":"Redes","twitter_card":"summary_large_image","twitter_creator":"@yucatanencorto","twitter_site":"@yucatanencorto","twitter_misc":{"Escrito por":"Redes","Tiempo de lectura":"3 minutos"},"schema":{"@context":"https:\/\/schema.org","@graph":[{"@type":"Article","@id":"https:\/\/www.yucatanencorto.com\/noticias\/inauguran-nueva-farmacia-en-kanasin\/#article","isPartOf":{"@id":"https:\/\/www.yucatanencorto.com\/noticias\/inauguran-nueva-farmacia-en-kanasin\/"},"author":{"name":"Redes","@id":"https:\/\/www.yucatanencorto.com\/noticias\/#\/schema\/person\/e2fbdfaf30a07014a43940ce989f3119"},"headline":"Inauguran nueva farmacia en Kanas\u00edn","datePublished":"2023-12-15T21:42:11+00:00","mainEntityOfPage":{"@id":"https:\/\/www.yucatanencorto.com\/noticias\/inauguran-nueva-farmacia-en-kanasin\/"},"wordCount":487,"image":{"@id":"https:\/\/www.yucatanencorto.com\/noticias\/inauguran-nueva-farmacia-en-kanasin\/#primaryimage"},"thumbnailUrl":"https:\/\/www.yucatanencorto.com\/noticias\/wp-content\/uploads\/2023\/12\/IMG-20231215-WA0063-scaled.jpg","articleSection":["Yucat\u00e1n"],"inLanguage":"es"},{"@type":"WebPage","@id":"https:\/\/www.yucatanencorto.com\/noticias\/inauguran-nueva-farmacia-en-kanasin\/","url":"https:\/\/www.yucatanencorto.com\/noticias\/inauguran-nueva-farmacia-en-kanasin\/","name":"Inauguran nueva farmacia en Kanas\u00edn - Yucat\u00e1n en corto","isPartOf":{"@id":"https:\/\/www.yucatanencorto.com\/noticias\/#website"},"primaryImageOfPage":{"@id":"https:\/\/www.yucatanencorto.com\/noticias\/inauguran-nueva-farmacia-en-kanasin\/#primaryimage"},"image":{"@id":"https:\/\/www.yucatanencorto.com\/noticias\/inauguran-nueva-farmacia-en-kanasin\/#primaryimage"},"thumbnailUrl":"https:\/\/www.yucatanencorto.com\/noticias\/wp-content\/uploads\/2023\/12\/IMG-20231215-WA0063-scaled.jpg","datePublished":"2023-12-15T21:42:11+00:00","author":{"@id":"https:\/\/www.yucatanencorto.com\/noticias\/#\/schema\/person\/e2fbdfaf30a07014a43940ce989f3119"},"breadcrumb":{"@id":"https:\/\/www.yucatanencorto.com\/noticias\/inauguran-nueva-farmacia-en-kanasin\/#breadcrumb"},"inLanguage":"es","potentialAction":[{"@type":"ReadAction","target":["https:\/\/www.yucatanencorto.com\/noticias\/inauguran-nueva-farmacia-en-kanasin\/"]}]},{"@type":"ImageObject","inLanguage":"es","@id":"https:\/\/www.yucatanencorto.com\/noticias\/inauguran-nueva-farmacia-en-kanasin\/#primaryimage","url":"https:\/\/www.yucatanencorto.com\/noticias\/wp-content\/uploads\/2023\/12\/IMG-20231215-WA0063-scaled.jpg","contentUrl":"https:\/\/www.yucatanencorto.com\/noticias\/wp-content\/uploads\/2023\/12\/IMG-20231215-WA0063-scaled.jpg","width":768,"height":512},{"@type":"BreadcrumbList","@id":"https:\/\/www.yucatanencorto.com\/noticias\/inauguran-nueva-farmacia-en-kanasin\/#breadcrumb","itemListElement":[{"@type":"ListItem","position":1,"name":"Portada","item":"https:\/\/www.yucatanencorto.com\/noticias\/"},{"@type":"ListItem","position":2,"name":"Inauguran nueva farmacia en Kanas\u00edn"}]},{"@type":"WebSite","@id":"https:\/\/www.yucatanencorto.com\/noticias\/#website","url":"https:\/\/www.yucatanencorto.com\/noticias\/","name":"Yucat\u00e1n en corto","description":"Noticias","potentialAction":[{"@type":"SearchAction","target":{"@type":"EntryPoint","urlTemplate":"https:\/\/www.yucatanencorto.com\/noticias\/?s={search_term_string}"},"query-input":{"@type":"PropertyValueSpecification","valueRequired":true,"valueName":"search_term_string"}}],"inLanguage":"es"},{"@type":"Person","@id":"https:\/\/www.yucatanencorto.com\/noticias\/#\/schema\/person\/e2fbdfaf30a07014a43940ce989f3119","name":"Redes","image":{"@type":"ImageObject","inLanguage":"es","@id":"https:\/\/secure.gravatar.com\/avatar\/5931a2d21dd7cc834f44c8c34fe56d90ed6d536ef452cbf870c7485b524dddd7?s=96&d=mm&r=g","url":"https:\/\/secure.gravatar.com\/avatar\/5931a2d21dd7cc834f44c8c34fe56d90ed6d536ef452cbf870c7485b524dddd7?s=96&d=mm&r=g","contentUrl":"https:\/\/secure.gravatar.com\/avatar\/5931a2d21dd7cc834f44c8c34fe56d90ed6d536ef452cbf870c7485b524dddd7?s=96&d=mm&r=g","caption":"Redes"},"url":"https:\/\/www.yucatanencorto.com\/noticias\/author\/redes\/"}]}},"_links":{"self":[{"href":"https:\/\/www.yucatanencorto.com\/noticias\/wp-json\/wp\/v2\/posts\/101541","targetHints":{"allow":["GET"]}}],"collection":[{"href":"https:\/\/www.yucatanencorto.com\/noticias\/wp-json\/wp\/v2\/posts"}],"about":[{"href":"https:\/\/www.yucatanencorto.com\/noticias\/wp-json\/wp\/v2\/types\/post"}],"author":[{"embeddable":true,"href":"https:\/\/www.yucatanencorto.com\/noticias\/wp-json\/wp\/v2\/users\/3"}],"replies":[{"embeddable":true,"href":"https:\/\/www.yucatanencorto.com\/noticias\/wp-json\/wp\/v2\/comments?post=101541"}],"version-history":[{"count":0,"href":"https:\/\/www.yucatanencorto.com\/noticias\/wp-json\/wp\/v2\/posts\/101541\/revisions"}],"wp:featuredmedia":[{"embeddable":true,"href":"https:\/\/www.yucatanencorto.com\/noticias\/wp-json\/wp\/v2\/media\/101542"}],"wp:attachment":[{"href":"https:\/\/www.yucatanencorto.com\/noticias\/wp-json\/wp\/v2\/media?parent=101541"}],"wp:term":[{"taxonomy":"category","embeddable":true,"href":"https:\/\/www.yucatanencorto.com\/noticias\/wp-json\/wp\/v2\/categories?post=101541"},{"taxonomy":"post_tag","embeddable":true,"href":"https:\/\/www.yucatanencorto.com\/noticias\/wp-json\/wp\/v2\/tags?post=101541"}],"curies":[{"name":"wp","href":"https:\/\/api.w.org\/{rel}","templated":true}]}}