{"id":101546,"date":"2023-12-15T19:03:19","date_gmt":"2023-12-16T01:03:19","guid":{"rendered":"https:\/\/www.yucatanencorto.com\/noticias\/?p=101546"},"modified":"2023-12-15T19:03:19","modified_gmt":"2023-12-16T01:03:19","slug":"concluye-el-primer-periodo-ordinario-de-sesiones-correspondiente-al-tercer-ano-de-ejercicio-constitucional","status":"publish","type":"post","link":"https:\/\/www.yucatanencorto.com\/noticias\/concluye-el-primer-periodo-ordinario-de-sesiones-correspondiente-al-tercer-ano-de-ejercicio-constitucional\/","title":{"rendered":"Concluye el Primer Per\u00edodo Ordinario de Sesiones correspondiente al Tercer A\u00f1o de Ejercicio Constitucional  \u00a0"},"content":{"rendered":"<p><img loading=\"lazy\" decoding=\"async\" class=\"alignnone size-full wp-image-101547\" src=\"https:\/\/www.yucatanencorto.com\/noticias\/wp-content\/uploads\/2023\/12\/IMG-20231215-WA0080-scaled.jpg\" alt=\"\" width=\"768\" height=\"512\" srcset=\"https:\/\/www.yucatanencorto.com\/noticias\/wp-content\/uploads\/2023\/12\/IMG-20231215-WA0080-scaled.jpg 768w, https:\/\/www.yucatanencorto.com\/noticias\/wp-content\/uploads\/2023\/12\/IMG-20231215-WA0080-150x100.jpg 150w, https:\/\/www.yucatanencorto.com\/noticias\/wp-content\/uploads\/2023\/12\/IMG-20231215-WA0080-300x200.jpg 300w, https:\/\/www.yucatanencorto.com\/noticias\/wp-content\/uploads\/2023\/12\/IMG-20231215-WA0080-696x464.jpg 696w, https:\/\/www.yucatanencorto.com\/noticias\/wp-content\/uploads\/2023\/12\/IMG-20231215-WA0080-1068x712.jpg 1068w\" sizes=\"auto, (max-width: 768px) 100vw, 768px\" \/><\/p>\n<p>M\u00e9rida, Yucat\u00e1n a 15 de diciembre de 2023<\/p>\n<p>&nbsp;<\/p>\n<p>&nbsp;<\/p>\n<p>Al clausurar las actividades legislativas programadas del Primer Per\u00edodo Ordinario de Sesiones correspondiente al Tercer A\u00f1o de Ejercicio Constitucional, el diputado V\u00edctor Hugo Lozano Poveda reconoci\u00f3 la labor de las y los diputados que integran la LXIII Legislatura pues desde el inicio de esta a la fecha, se ha demostrado el compromiso y responsabilidad de cada uno, dejando a un lado las diferencias y los colores partidistas anteponiendo el bienestar de las y los yucatecos.<\/p>\n<p>&nbsp;<\/p>\n<p>Expres\u00f3 que a lo largo de este tiempo se ha demostrado la madurez pol\u00edtica que ha caracterizado al Legislativo y a sus integrantes poniendo a un lado las voluntades personales y manteniendo en el centro a la sociedad.<\/p>\n<p>&nbsp;<\/p>\n<p>\u201cPuedo hacer una larga lista de lo que hemos logrado en este tiempo y que ha sido gracias a que anteponemos el di\u00e1logo como nuestra principal herramienta de trabajo\u201d, agreg\u00f3.<\/p>\n<p>&nbsp;<\/p>\n<p>La diputada Alejandra Novelo Segura destac\u00f3 que en este periodo se aprobaron iniciativas que dan pasos importantes para construir una sociedad m\u00e1s segura y equitativa para las mujeres. \u201cNos quedan seis meses, hay en el tintero de las comisiones muchas de nuestras propuestas. Discut\u00e1moslas, vamos a nutrirlas a\u00fan m\u00e1s, pero que vean la luz y ayuden a la gente. Busquemos puntos de encuentro. Hemos mostrado que podemos hacerlo\u201d.<\/p>\n<p>&nbsp;<\/p>\n<p>Al hacer uso de la palabra, el diputado Gaspar Quintal Parra manifest\u00f3 que la labor de construcci\u00f3n y mejora constante del estado es una tarea que trasciende periodos legislativos, y que en la pluralidad de ideas y visiones radica la fuerza de la democracia, \u201cpor lo que a nombre de la diputada Karla Franco Blanco y un servidor refrendamos nuestro compromiso por procurar desde el \u00e1mbito legislativo la justicia y los derechos humanos\u201d.<\/p>\n<p>&nbsp;<\/p>\n<p>En su turno, el diputado Crescencio Guti\u00e9rrez Gonz\u00e1lez agradeci\u00f3 la disposici\u00f3n de colaborar y proponer que las iniciativas sean de calidad y vanguardistas a fin de contar con un marco normativo de avanzada y de primer nivel, que distinga a Yucat\u00e1n como un estado sobresaliente y pr\u00f3spero, \u201ctengo fe que el siguiente per\u00edodo legislativo ser\u00e1 igual o mayormente productivo, tenemos retos que cumplir conforme a nuestras agendas legislativas y m\u00e1s que nada cumplir con las demandas de los ciudadanos.<\/p>\n<p>&nbsp;<\/p>\n<p>Por \u00faltimo, la diputada Fabiola Loeza Novelo celebr\u00f3 que durante este per\u00edodo se legisle para generar cambios en materia de los derechos de las infancias, la prevenci\u00f3n de la salud y reconocimientos culturales. \u201cAqu\u00ed quiero refrendar mi compromiso por las causas del feminismo, sus preocupaciones y sus acciones para fortalecer todas y cada una de las pol\u00edticas p\u00fablicas en su favor\u201d.<\/p>\n<p>&nbsp;<\/p>\n<p>Durante el desarrollo se la sesi\u00f3n, por unanimidad aprobaron el dictamen de la comisi\u00f3n de Arte y Cultura para declarar el Teatro Regional Yucateco, Patrimonio Cultural Intangible del Estado.<\/p>\n<p>&nbsp;<\/p>\n<p>Al respecto la diputada Manuela Cocom Bolio resalto que \u201cel Teatro Regional nos da identidad como estado, pues caracteriza nuestra forma de ser, nuestra forma de hablar y nuestro bagaje cultural; adem\u00e1s, pueden llevar a escena nuestras grandes y bellas costumbres y tradiciones, creando un espacio de autenticidad y representaci\u00f3n yucateca\u201d.<\/p>\n<p>&nbsp;<\/p>\n<p>A favor, el diputado Eduardo Sobrino Sierra se congratul\u00f3 al declarar como patrimonio el teatro regional, que forma parte de la identidad yucateca y que tambi\u00e9n nos caracteriza y distingue entre la sociedad.<\/p>\n<p>&nbsp;<\/p>\n<p>Como parte de los asuntos, se aprob\u00f3 la propuesta para elegir a las y los diputados que integrar\u00e1n la diputaci\u00f3n permanente que fungir\u00e1 durante el per\u00edodo de receso del Congreso del Estado, que abarca del 16 de diciembre al 31 de enero de 2024. Esta queda de la siguiente forma: presidente diputado Luis Fern\u00e1ndez Vidal, secretarias diputadas Karla Salazar Gonz\u00e1lez y Rub\u00ed Be Chan. Como suplentes presidente diputado Gaspar Quintal Parra, secretarias diputadas Dafne L\u00f3pez Osorio y Alejandra Novelo Segura.<\/p>\n<p>&nbsp;<\/p>\n<p>Posteriormente se realiz\u00f3 la instalaci\u00f3n de la Diputaci\u00f3n Permanente.<\/p>\n<p>&nbsp;<\/p>\n<p>En la plenaria, aprobaron la propuesta para expedir la convocatoria para presentar candidatas recipiendarias al reconocimiento \u201cConsuelo Zavala Castillo del H. Congreso del Estado\u201d.<\/p>\n<p>&nbsp;<\/p>\n<p>La Junta de Gobierno y Coordinaci\u00f3n Pol\u00edtica del Congreso present\u00f3 tres propuestas de acuerdo, todas aprobadas, la primera para ajustar la fecha de entrega de la Medalla de Honor \u201cH\u00e9ctor Victoria Aguilar\u201d, la cual se realizar\u00e1 en Sesi\u00f3n Solemne a la apertura del Segundo Per\u00edodo de Sesiones Ordinarias del Tercer A\u00f1o de Ejercicio Constitucional.<\/p>\n<p>&nbsp;<\/p>\n<p>La segunda para designar a las diputadas que integrar\u00e1n la comisi\u00f3n de postulaci\u00f3n \u201cElvia Carrillo Puerto del Honorable Congreso del Estado\u201d, como presidenta Carmen Gonz\u00e1lez Mart\u00edn, vicepresidenta Rub\u00ed Be Chan, secretarias Dafne L\u00f3pez Osorio y Gabriela Gonz\u00e1lez Ojeda y, vocal Manuela Cocom Bolio.<\/p>\n<p>&nbsp;<\/p>\n<p>Tambi\u00e9n la propuesta de acuerdo para modificar la integraci\u00f3n de la comisi\u00f3n permanente Para el Respeto y Preservaci\u00f3n de la Cultura Maya que queda de la siguiente manera: presidenta diputada Manuela Cocom Bolio, vicepresidente diputado Eduardo Sobrino Sierra, como secretarios la diputada Jazm\u00edn Villanueva Moo y el diputado Ra\u00fal Romero Chel, y como vocales el diputado Esteban Abraham Macari y las diputadas Melba Gamboa \u00c1vila y Fabiola Loeza Novelo.<\/p>\n<p>&nbsp;<\/p>\n<p>Las y los diputados aprobaron el dictamen de la comisi\u00f3n de Salud y Seguridad Social para modificar la Ley de los Trabajadores al Servicio del Estado y Municipios referente al permiso por paternidad.<\/p>\n<p>&nbsp;<\/p>\n<p>En cuanto al dictamen de la comisi\u00f3n de Postulaci\u00f3n del Reconocimiento \u201cDiputado Profesor P\u00e1nfilo Novelo Mart\u00edn\u201d, se inform\u00f3 que la convocatoria de declar\u00f3 como desierta al no recibir propuestas de candidatos al m\u00e9rito.<\/p>\n<p>&nbsp;<\/p>\n<p>De la comisi\u00f3n de Justicia y Seguridad P\u00fablica, se aprobaron tres dict\u00e1menes el primero para expedir la Ley en materia de desaparici\u00f3n forzada de personas y desaparici\u00f3n cometida por particulares; otro para reformar el C\u00f3digo Penal del Estado sobre el abuso sexual en espacios de transporte p\u00fablico y, otra para para reformar el mismo, pero en materia de incesto, violencia familiar y delitos sexuales.<\/p>\n<p>&nbsp;<\/p>\n<p>Al hablar de la Ley en materia de desaparici\u00f3n forzada de personas y desaparici\u00f3n cometida por particulares, la diputada Alejandra Novelo Segura expres\u00f3 que \u201ceste dictamen contin\u00faa mostrando que es mediante la perspectiva de g\u00e9nero y el inter\u00e9s superior de la ni\u00f1ez sobre la que se deben de fundar las nuevas leyes que nos permitan construir una sociedad libre de violencia de g\u00e9nero o contra la ni\u00f1ez\u201d.<\/p>\n<p>&nbsp;<\/p>\n<p>Sobre el dictamen referente al abuso sexual en espacios de transporte p\u00fablico, la diputada Karla Franco Blanco se\u00f1al\u00f3 que \u201cnuestro inter\u00e9s es que ninguna mujer yucateca contin\u00fae enfrentando de manera cotidiana, situaciones de acoso, abuso y hostigamiento mientras se desplazan a sus centros de trabajo, estudios, o a cualquier lugar en general, atentando no solo contra la seguridad, sino que tambi\u00e9n socava la libertad y dignidad\u201d.<\/p>\n<p>&nbsp;<\/p>\n<p>En otro orden de ideas, presentaron el dictamen de la comisi\u00f3n de Postulaci\u00f3n de la Medalla \u201cH\u00e9ctor Victoria Aguilar\u201d, que informa que Jos\u00e9 Trinidad Molina Casares ser\u00e1 reconocido por su empe\u00f1o y labor humanista en beneficio del estado.<\/p>\n<p>&nbsp;<\/p>\n<p>Como parte del orden del d\u00eda, se present\u00f3 el dictamen de la comisi\u00f3n de Puntos Constitucionales y Gobernaci\u00f3n para modificar la Ley de la Comisi\u00f3n de Derechos Humanos del Estado en materia de representaci\u00f3n.<\/p>\n<p>&nbsp;<\/p>\n<p>Al respecto, el diputado Crescencio Guti\u00e9rrez Gonz\u00e1lez explic\u00f3 que con este dictamen se tiene la oportunidad de brindar la oportunidad al ciudadano una opci\u00f3n que le permita contar con un representante de su confianza en el procedimiento para asesorarlo.<\/p>\n<p>&nbsp;<\/p>\n<p>Asuntos Generales<\/p>\n<p>&nbsp;<\/p>\n<p>Durante los asuntos generales, la diputada Fabiola Loeza Novelo present\u00f3 un punto de acuerdo que fue admitido para segunda lectura, para que toda la documentaci\u00f3n oficial del Congreso tenga la leyenda \u201c2024, A\u00f1o de Felipe Carrillo Puerto, Benem\u00e9rito del Proletariado, Revolucionario y Defensor del Mayab\u201d.<\/p>\n<p>&nbsp;<\/p>\n<p>Comisi\u00f3n de Juventud, Cultura F\u00edsica y Deporte<\/p>\n<p>&nbsp;<\/p>\n<p>Posterior a la plenaria, sesion\u00f3 la comisi\u00f3n de Juventud, Cultura F\u00edsica y Deporte para continuar con el an\u00e1lisis de la iniciativa para reformar la Ley de Cultura F\u00edsica y Deporte del Estado en materia de prevenci\u00f3n, atenci\u00f3n y erradicaci\u00f3n de la violencia contra la ni\u00f1ez y la adolescencia en el deporte.<\/p>\n<p>&nbsp;<\/p>\n<p>Para esto, se aprob\u00f3 el proyecto de convocatoria para la realizaci\u00f3n de foros de consulta en materia de deporte adaptado con el fin de recabar opiniones de personas con discapacidad sobre el tema.<\/p>\n","protected":false},"excerpt":{"rendered":"<p>M\u00e9rida, Yucat\u00e1n a 15 de diciembre de 2023 &nbsp; &nbsp; Al clausurar las actividades legislativas programadas del Primer Per\u00edodo Ordinario de Sesiones correspondiente al Tercer A\u00f1o de Ejercicio Constitucional, el diputado V\u00edctor Hugo Lozano Poveda reconoci\u00f3 la labor de las y los diputados que integran la LXIII Legislatura pues desde el inicio de esta a [&hellip;]<\/p>\n","protected":false},"author":3,"featured_media":101547,"comment_status":"closed","ping_status":"closed","sticky":false,"template":"","format":"standard","meta":{"footnotes":""},"categories":[3],"tags":[],"class_list":{"0":"post-101546","1":"post","2":"type-post","3":"status-publish","4":"format-standard","5":"has-post-thumbnail","7":"category-yucatan"},"yoast_head":"<!-- This site is optimized with the Yoast SEO plugin v27.4 - https:\/\/yoast.com\/product\/yoast-seo-wordpress\/ -->\n<title>Concluye el Primer Per\u00edodo Ordinario de Sesiones correspondiente al Tercer A\u00f1o de Ejercicio Constitucional \u00a0 - Yucat\u00e1n en corto<\/title>\n<meta name=\"robots\" content=\"index, follow, max-snippet:-1, max-image-preview:large, max-video-preview:-1\" \/>\n<link rel=\"canonical\" href=\"https:\/\/www.yucatanencorto.com\/noticias\/concluye-el-primer-periodo-ordinario-de-sesiones-correspondiente-al-tercer-ano-de-ejercicio-constitucional\/\" \/>\n<meta property=\"og:locale\" content=\"es_ES\" \/>\n<meta property=\"og:type\" content=\"article\" \/>\n<meta property=\"og:title\" content=\"Concluye el Primer Per\u00edodo Ordinario de Sesiones correspondiente al Tercer A\u00f1o de Ejercicio Constitucional \u00a0 - Yucat\u00e1n en corto\" \/>\n<meta property=\"og:description\" content=\"M\u00e9rida, Yucat\u00e1n a 15 de diciembre de 2023 &nbsp; &nbsp; Al clausurar las actividades legislativas programadas del Primer Per\u00edodo Ordinario de Sesiones correspondiente al Tercer A\u00f1o de Ejercicio Constitucional, el diputado V\u00edctor Hugo Lozano Poveda reconoci\u00f3 la labor de las y los diputados que integran la LXIII Legislatura pues desde el inicio de esta a [&hellip;]\" \/>\n<meta property=\"og:url\" content=\"https:\/\/www.yucatanencorto.com\/noticias\/concluye-el-primer-periodo-ordinario-de-sesiones-correspondiente-al-tercer-ano-de-ejercicio-constitucional\/\" \/>\n<meta property=\"og:site_name\" content=\"Yucat\u00e1n en corto\" \/>\n<meta property=\"article:publisher\" content=\"http:\/\/www.facebook.com\/yucatanencorto\" \/>\n<meta property=\"article:published_time\" content=\"2023-12-16T01:03:19+00:00\" \/>\n<meta property=\"og:image\" content=\"https:\/\/www.yucatanencorto.com\/noticias\/wp-content\/uploads\/2023\/12\/IMG-20231215-WA0080-scaled.jpg\" \/>\n\t<meta property=\"og:image:width\" content=\"768\" \/>\n\t<meta property=\"og:image:height\" content=\"512\" \/>\n\t<meta property=\"og:image:type\" content=\"image\/jpeg\" \/>\n<meta name=\"author\" content=\"Redes\" \/>\n<meta name=\"twitter:card\" content=\"summary_large_image\" \/>\n<meta name=\"twitter:creator\" content=\"@yucatanencorto\" \/>\n<meta name=\"twitter:site\" content=\"@yucatanencorto\" \/>\n<meta name=\"twitter:label1\" content=\"Escrito por\" \/>\n\t<meta name=\"twitter:data1\" content=\"Redes\" \/>\n\t<meta name=\"twitter:label2\" content=\"Tiempo de lectura\" \/>\n\t<meta name=\"twitter:data2\" content=\"7 minutos\" \/>\n<script type=\"application\/ld+json\" class=\"yoast-schema-graph\">{\"@context\":\"https:\\\/\\\/schema.org\",\"@graph\":[{\"@type\":\"Article\",\"@id\":\"https:\\\/\\\/www.yucatanencorto.com\\\/noticias\\\/concluye-el-primer-periodo-ordinario-de-sesiones-correspondiente-al-tercer-ano-de-ejercicio-constitucional\\\/#article\",\"isPartOf\":{\"@id\":\"https:\\\/\\\/www.yucatanencorto.com\\\/noticias\\\/concluye-el-primer-periodo-ordinario-de-sesiones-correspondiente-al-tercer-ano-de-ejercicio-constitucional\\\/\"},\"author\":{\"name\":\"Redes\",\"@id\":\"https:\\\/\\\/www.yucatanencorto.com\\\/noticias\\\/#\\\/schema\\\/person\\\/e2fbdfaf30a07014a43940ce989f3119\"},\"headline\":\"Concluye el Primer Per\u00edodo Ordinario de Sesiones correspondiente al Tercer A\u00f1o de Ejercicio Constitucional \u00a0\",\"datePublished\":\"2023-12-16T01:03:19+00:00\",\"mainEntityOfPage\":{\"@id\":\"https:\\\/\\\/www.yucatanencorto.com\\\/noticias\\\/concluye-el-primer-periodo-ordinario-de-sesiones-correspondiente-al-tercer-ano-de-ejercicio-constitucional\\\/\"},\"wordCount\":1483,\"image\":{\"@id\":\"https:\\\/\\\/www.yucatanencorto.com\\\/noticias\\\/concluye-el-primer-periodo-ordinario-de-sesiones-correspondiente-al-tercer-ano-de-ejercicio-constitucional\\\/#primaryimage\"},\"thumbnailUrl\":\"https:\\\/\\\/www.yucatanencorto.com\\\/noticias\\\/wp-content\\\/uploads\\\/2023\\\/12\\\/IMG-20231215-WA0080-scaled.jpg\",\"articleSection\":[\"Yucat\u00e1n\"],\"inLanguage\":\"es\"},{\"@type\":\"WebPage\",\"@id\":\"https:\\\/\\\/www.yucatanencorto.com\\\/noticias\\\/concluye-el-primer-periodo-ordinario-de-sesiones-correspondiente-al-tercer-ano-de-ejercicio-constitucional\\\/\",\"url\":\"https:\\\/\\\/www.yucatanencorto.com\\\/noticias\\\/concluye-el-primer-periodo-ordinario-de-sesiones-correspondiente-al-tercer-ano-de-ejercicio-constitucional\\\/\",\"name\":\"Concluye el Primer Per\u00edodo Ordinario de Sesiones correspondiente al Tercer A\u00f1o de Ejercicio Constitucional \u00a0 - Yucat\u00e1n en corto\",\"isPartOf\":{\"@id\":\"https:\\\/\\\/www.yucatanencorto.com\\\/noticias\\\/#website\"},\"primaryImageOfPage\":{\"@id\":\"https:\\\/\\\/www.yucatanencorto.com\\\/noticias\\\/concluye-el-primer-periodo-ordinario-de-sesiones-correspondiente-al-tercer-ano-de-ejercicio-constitucional\\\/#primaryimage\"},\"image\":{\"@id\":\"https:\\\/\\\/www.yucatanencorto.com\\\/noticias\\\/concluye-el-primer-periodo-ordinario-de-sesiones-correspondiente-al-tercer-ano-de-ejercicio-constitucional\\\/#primaryimage\"},\"thumbnailUrl\":\"https:\\\/\\\/www.yucatanencorto.com\\\/noticias\\\/wp-content\\\/uploads\\\/2023\\\/12\\\/IMG-20231215-WA0080-scaled.jpg\",\"datePublished\":\"2023-12-16T01:03:19+00:00\",\"author\":{\"@id\":\"https:\\\/\\\/www.yucatanencorto.com\\\/noticias\\\/#\\\/schema\\\/person\\\/e2fbdfaf30a07014a43940ce989f3119\"},\"breadcrumb\":{\"@id\":\"https:\\\/\\\/www.yucatanencorto.com\\\/noticias\\\/concluye-el-primer-periodo-ordinario-de-sesiones-correspondiente-al-tercer-ano-de-ejercicio-constitucional\\\/#breadcrumb\"},\"inLanguage\":\"es\",\"potentialAction\":[{\"@type\":\"ReadAction\",\"target\":[\"https:\\\/\\\/www.yucatanencorto.com\\\/noticias\\\/concluye-el-primer-periodo-ordinario-de-sesiones-correspondiente-al-tercer-ano-de-ejercicio-constitucional\\\/\"]}]},{\"@type\":\"ImageObject\",\"inLanguage\":\"es\",\"@id\":\"https:\\\/\\\/www.yucatanencorto.com\\\/noticias\\\/concluye-el-primer-periodo-ordinario-de-sesiones-correspondiente-al-tercer-ano-de-ejercicio-constitucional\\\/#primaryimage\",\"url\":\"https:\\\/\\\/www.yucatanencorto.com\\\/noticias\\\/wp-content\\\/uploads\\\/2023\\\/12\\\/IMG-20231215-WA0080-scaled.jpg\",\"contentUrl\":\"https:\\\/\\\/www.yucatanencorto.com\\\/noticias\\\/wp-content\\\/uploads\\\/2023\\\/12\\\/IMG-20231215-WA0080-scaled.jpg\",\"width\":768,\"height\":512},{\"@type\":\"BreadcrumbList\",\"@id\":\"https:\\\/\\\/www.yucatanencorto.com\\\/noticias\\\/concluye-el-primer-periodo-ordinario-de-sesiones-correspondiente-al-tercer-ano-de-ejercicio-constitucional\\\/#breadcrumb\",\"itemListElement\":[{\"@type\":\"ListItem\",\"position\":1,\"name\":\"Portada\",\"item\":\"https:\\\/\\\/www.yucatanencorto.com\\\/noticias\\\/\"},{\"@type\":\"ListItem\",\"position\":2,\"name\":\"Concluye el Primer Per\u00edodo Ordinario de Sesiones correspondiente al Tercer A\u00f1o de Ejercicio Constitucional \u00a0\"}]},{\"@type\":\"WebSite\",\"@id\":\"https:\\\/\\\/www.yucatanencorto.com\\\/noticias\\\/#website\",\"url\":\"https:\\\/\\\/www.yucatanencorto.com\\\/noticias\\\/\",\"name\":\"Yucat\u00e1n en corto\",\"description\":\"Noticias\",\"potentialAction\":[{\"@type\":\"SearchAction\",\"target\":{\"@type\":\"EntryPoint\",\"urlTemplate\":\"https:\\\/\\\/www.yucatanencorto.com\\\/noticias\\\/?s={search_term_string}\"},\"query-input\":{\"@type\":\"PropertyValueSpecification\",\"valueRequired\":true,\"valueName\":\"search_term_string\"}}],\"inLanguage\":\"es\"},{\"@type\":\"Person\",\"@id\":\"https:\\\/\\\/www.yucatanencorto.com\\\/noticias\\\/#\\\/schema\\\/person\\\/e2fbdfaf30a07014a43940ce989f3119\",\"name\":\"Redes\",\"image\":{\"@type\":\"ImageObject\",\"inLanguage\":\"es\",\"@id\":\"https:\\\/\\\/secure.gravatar.com\\\/avatar\\\/5931a2d21dd7cc834f44c8c34fe56d90ed6d536ef452cbf870c7485b524dddd7?s=96&d=mm&r=g\",\"url\":\"https:\\\/\\\/secure.gravatar.com\\\/avatar\\\/5931a2d21dd7cc834f44c8c34fe56d90ed6d536ef452cbf870c7485b524dddd7?s=96&d=mm&r=g\",\"contentUrl\":\"https:\\\/\\\/secure.gravatar.com\\\/avatar\\\/5931a2d21dd7cc834f44c8c34fe56d90ed6d536ef452cbf870c7485b524dddd7?s=96&d=mm&r=g\",\"caption\":\"Redes\"},\"url\":\"https:\\\/\\\/www.yucatanencorto.com\\\/noticias\\\/author\\\/redes\\\/\"}]}<\/script>\n<!-- \/ Yoast SEO plugin. -->","yoast_head_json":{"title":"Concluye el Primer Per\u00edodo Ordinario de Sesiones correspondiente al Tercer A\u00f1o de Ejercicio Constitucional \u00a0 - Yucat\u00e1n en corto","robots":{"index":"index","follow":"follow","max-snippet":"max-snippet:-1","max-image-preview":"max-image-preview:large","max-video-preview":"max-video-preview:-1"},"canonical":"https:\/\/www.yucatanencorto.com\/noticias\/concluye-el-primer-periodo-ordinario-de-sesiones-correspondiente-al-tercer-ano-de-ejercicio-constitucional\/","og_locale":"es_ES","og_type":"article","og_title":"Concluye el Primer Per\u00edodo Ordinario de Sesiones correspondiente al Tercer A\u00f1o de Ejercicio Constitucional \u00a0 - Yucat\u00e1n en corto","og_description":"M\u00e9rida, Yucat\u00e1n a 15 de diciembre de 2023 &nbsp; &nbsp; Al clausurar las actividades legislativas programadas del Primer Per\u00edodo Ordinario de Sesiones correspondiente al Tercer A\u00f1o de Ejercicio Constitucional, el diputado V\u00edctor Hugo Lozano Poveda reconoci\u00f3 la labor de las y los diputados que integran la LXIII Legislatura pues desde el inicio de esta a [&hellip;]","og_url":"https:\/\/www.yucatanencorto.com\/noticias\/concluye-el-primer-periodo-ordinario-de-sesiones-correspondiente-al-tercer-ano-de-ejercicio-constitucional\/","og_site_name":"Yucat\u00e1n en corto","article_publisher":"http:\/\/www.facebook.com\/yucatanencorto","article_published_time":"2023-12-16T01:03:19+00:00","og_image":[{"width":768,"height":512,"url":"https:\/\/www.yucatanencorto.com\/noticias\/wp-content\/uploads\/2023\/12\/IMG-20231215-WA0080-scaled.jpg","type":"image\/jpeg"}],"author":"Redes","twitter_card":"summary_large_image","twitter_creator":"@yucatanencorto","twitter_site":"@yucatanencorto","twitter_misc":{"Escrito por":"Redes","Tiempo de lectura":"7 minutos"},"schema":{"@context":"https:\/\/schema.org","@graph":[{"@type":"Article","@id":"https:\/\/www.yucatanencorto.com\/noticias\/concluye-el-primer-periodo-ordinario-de-sesiones-correspondiente-al-tercer-ano-de-ejercicio-constitucional\/#article","isPartOf":{"@id":"https:\/\/www.yucatanencorto.com\/noticias\/concluye-el-primer-periodo-ordinario-de-sesiones-correspondiente-al-tercer-ano-de-ejercicio-constitucional\/"},"author":{"name":"Redes","@id":"https:\/\/www.yucatanencorto.com\/noticias\/#\/schema\/person\/e2fbdfaf30a07014a43940ce989f3119"},"headline":"Concluye el Primer Per\u00edodo Ordinario de Sesiones correspondiente al Tercer A\u00f1o de Ejercicio Constitucional \u00a0","datePublished":"2023-12-16T01:03:19+00:00","mainEntityOfPage":{"@id":"https:\/\/www.yucatanencorto.com\/noticias\/concluye-el-primer-periodo-ordinario-de-sesiones-correspondiente-al-tercer-ano-de-ejercicio-constitucional\/"},"wordCount":1483,"image":{"@id":"https:\/\/www.yucatanencorto.com\/noticias\/concluye-el-primer-periodo-ordinario-de-sesiones-correspondiente-al-tercer-ano-de-ejercicio-constitucional\/#primaryimage"},"thumbnailUrl":"https:\/\/www.yucatanencorto.com\/noticias\/wp-content\/uploads\/2023\/12\/IMG-20231215-WA0080-scaled.jpg","articleSection":["Yucat\u00e1n"],"inLanguage":"es"},{"@type":"WebPage","@id":"https:\/\/www.yucatanencorto.com\/noticias\/concluye-el-primer-periodo-ordinario-de-sesiones-correspondiente-al-tercer-ano-de-ejercicio-constitucional\/","url":"https:\/\/www.yucatanencorto.com\/noticias\/concluye-el-primer-periodo-ordinario-de-sesiones-correspondiente-al-tercer-ano-de-ejercicio-constitucional\/","name":"Concluye el Primer Per\u00edodo Ordinario de Sesiones correspondiente al Tercer A\u00f1o de Ejercicio Constitucional \u00a0 - Yucat\u00e1n en corto","isPartOf":{"@id":"https:\/\/www.yucatanencorto.com\/noticias\/#website"},"primaryImageOfPage":{"@id":"https:\/\/www.yucatanencorto.com\/noticias\/concluye-el-primer-periodo-ordinario-de-sesiones-correspondiente-al-tercer-ano-de-ejercicio-constitucional\/#primaryimage"},"image":{"@id":"https:\/\/www.yucatanencorto.com\/noticias\/concluye-el-primer-periodo-ordinario-de-sesiones-correspondiente-al-tercer-ano-de-ejercicio-constitucional\/#primaryimage"},"thumbnailUrl":"https:\/\/www.yucatanencorto.com\/noticias\/wp-content\/uploads\/2023\/12\/IMG-20231215-WA0080-scaled.jpg","datePublished":"2023-12-16T01:03:19+00:00","author":{"@id":"https:\/\/www.yucatanencorto.com\/noticias\/#\/schema\/person\/e2fbdfaf30a07014a43940ce989f3119"},"breadcrumb":{"@id":"https:\/\/www.yucatanencorto.com\/noticias\/concluye-el-primer-periodo-ordinario-de-sesiones-correspondiente-al-tercer-ano-de-ejercicio-constitucional\/#breadcrumb"},"inLanguage":"es","potentialAction":[{"@type":"ReadAction","target":["https:\/\/www.yucatanencorto.com\/noticias\/concluye-el-primer-periodo-ordinario-de-sesiones-correspondiente-al-tercer-ano-de-ejercicio-constitucional\/"]}]},{"@type":"ImageObject","inLanguage":"es","@id":"https:\/\/www.yucatanencorto.com\/noticias\/concluye-el-primer-periodo-ordinario-de-sesiones-correspondiente-al-tercer-ano-de-ejercicio-constitucional\/#primaryimage","url":"https:\/\/www.yucatanencorto.com\/noticias\/wp-content\/uploads\/2023\/12\/IMG-20231215-WA0080-scaled.jpg","contentUrl":"https:\/\/www.yucatanencorto.com\/noticias\/wp-content\/uploads\/2023\/12\/IMG-20231215-WA0080-scaled.jpg","width":768,"height":512},{"@type":"BreadcrumbList","@id":"https:\/\/www.yucatanencorto.com\/noticias\/concluye-el-primer-periodo-ordinario-de-sesiones-correspondiente-al-tercer-ano-de-ejercicio-constitucional\/#breadcrumb","itemListElement":[{"@type":"ListItem","position":1,"name":"Portada","item":"https:\/\/www.yucatanencorto.com\/noticias\/"},{"@type":"ListItem","position":2,"name":"Concluye el Primer Per\u00edodo Ordinario de Sesiones correspondiente al Tercer A\u00f1o de Ejercicio Constitucional \u00a0"}]},{"@type":"WebSite","@id":"https:\/\/www.yucatanencorto.com\/noticias\/#website","url":"https:\/\/www.yucatanencorto.com\/noticias\/","name":"Yucat\u00e1n en corto","description":"Noticias","potentialAction":[{"@type":"SearchAction","target":{"@type":"EntryPoint","urlTemplate":"https:\/\/www.yucatanencorto.com\/noticias\/?s={search_term_string}"},"query-input":{"@type":"PropertyValueSpecification","valueRequired":true,"valueName":"search_term_string"}}],"inLanguage":"es"},{"@type":"Person","@id":"https:\/\/www.yucatanencorto.com\/noticias\/#\/schema\/person\/e2fbdfaf30a07014a43940ce989f3119","name":"Redes","image":{"@type":"ImageObject","inLanguage":"es","@id":"https:\/\/secure.gravatar.com\/avatar\/5931a2d21dd7cc834f44c8c34fe56d90ed6d536ef452cbf870c7485b524dddd7?s=96&d=mm&r=g","url":"https:\/\/secure.gravatar.com\/avatar\/5931a2d21dd7cc834f44c8c34fe56d90ed6d536ef452cbf870c7485b524dddd7?s=96&d=mm&r=g","contentUrl":"https:\/\/secure.gravatar.com\/avatar\/5931a2d21dd7cc834f44c8c34fe56d90ed6d536ef452cbf870c7485b524dddd7?s=96&d=mm&r=g","caption":"Redes"},"url":"https:\/\/www.yucatanencorto.com\/noticias\/author\/redes\/"}]}},"_links":{"self":[{"href":"https:\/\/www.yucatanencorto.com\/noticias\/wp-json\/wp\/v2\/posts\/101546","targetHints":{"allow":["GET"]}}],"collection":[{"href":"https:\/\/www.yucatanencorto.com\/noticias\/wp-json\/wp\/v2\/posts"}],"about":[{"href":"https:\/\/www.yucatanencorto.com\/noticias\/wp-json\/wp\/v2\/types\/post"}],"author":[{"embeddable":true,"href":"https:\/\/www.yucatanencorto.com\/noticias\/wp-json\/wp\/v2\/users\/3"}],"replies":[{"embeddable":true,"href":"https:\/\/www.yucatanencorto.com\/noticias\/wp-json\/wp\/v2\/comments?post=101546"}],"version-history":[{"count":0,"href":"https:\/\/www.yucatanencorto.com\/noticias\/wp-json\/wp\/v2\/posts\/101546\/revisions"}],"wp:featuredmedia":[{"embeddable":true,"href":"https:\/\/www.yucatanencorto.com\/noticias\/wp-json\/wp\/v2\/media\/101547"}],"wp:attachment":[{"href":"https:\/\/www.yucatanencorto.com\/noticias\/wp-json\/wp\/v2\/media?parent=101546"}],"wp:term":[{"taxonomy":"category","embeddable":true,"href":"https:\/\/www.yucatanencorto.com\/noticias\/wp-json\/wp\/v2\/categories?post=101546"},{"taxonomy":"post_tag","embeddable":true,"href":"https:\/\/www.yucatanencorto.com\/noticias\/wp-json\/wp\/v2\/tags?post=101546"}],"curies":[{"name":"wp","href":"https:\/\/api.w.org\/{rel}","templated":true}]}}