{"id":101549,"date":"2023-12-16T20:48:26","date_gmt":"2023-12-17T02:48:26","guid":{"rendered":"https:\/\/www.yucatanencorto.com\/noticias\/?p=101549"},"modified":"2023-12-16T20:48:26","modified_gmt":"2023-12-17T02:48:26","slug":"inician-las-campanas-ciudadanas-del-presupuesto-participativo-disena-tu-ciudad-del-ayuntamiento","status":"publish","type":"post","link":"https:\/\/www.yucatanencorto.com\/noticias\/inician-las-campanas-ciudadanas-del-presupuesto-participativo-disena-tu-ciudad-del-ayuntamiento\/","title":{"rendered":"Inician las campa\u00f1as ciudadanas del presupuesto participativo \u00abDise\u00f1a Tu Ciudad\u00bb del Ayuntamiento\u00a0"},"content":{"rendered":"<p><img loading=\"lazy\" decoding=\"async\" class=\"alignnone size-full wp-image-101550\" src=\"https:\/\/www.yucatanencorto.com\/noticias\/wp-content\/uploads\/2023\/12\/IMG-20231216-WA0013-scaled.jpg\" alt=\"\" width=\"768\" height=\"512\" srcset=\"https:\/\/www.yucatanencorto.com\/noticias\/wp-content\/uploads\/2023\/12\/IMG-20231216-WA0013-scaled.jpg 768w, https:\/\/www.yucatanencorto.com\/noticias\/wp-content\/uploads\/2023\/12\/IMG-20231216-WA0013-150x100.jpg 150w, https:\/\/www.yucatanencorto.com\/noticias\/wp-content\/uploads\/2023\/12\/IMG-20231216-WA0013-300x200.jpg 300w, https:\/\/www.yucatanencorto.com\/noticias\/wp-content\/uploads\/2023\/12\/IMG-20231216-WA0013-696x464.jpg 696w, https:\/\/www.yucatanencorto.com\/noticias\/wp-content\/uploads\/2023\/12\/IMG-20231216-WA0013-1068x712.jpg 1068w\" sizes=\"auto, (max-width: 768px) 100vw, 768px\" \/><\/p>\n<p>M\u00e9rida, Yucat\u00e1n, 16 de diciembre de 2023. En M\u00e9rida trabajamos en pol\u00edticas p\u00fablicas, programas y acciones con la participaci\u00f3n de todos los sectores de la poblaci\u00f3n, que nos ayudan a seguir fomentando mecanismos de participaci\u00f3n ciudadana que permiten mejorar sus colonias, fraccionamientos y comisar\u00edas para beneficio de toda la poblaci\u00f3n, asegur\u00f3 el Alcalde Alejandro Ruz Castro.<\/p>\n<p>&nbsp;<\/p>\n<p>\u201cM\u00e9rida concibe al ciudadano como una pieza fundamental en el desarrollo de la ciudad, participando a trav\u00e9s de mecanismos municipales orientados al valor p\u00fablico, donde se privilegia la creaci\u00f3n e innovaci\u00f3n que no necesariamente tenga su origen en la autoridad\u201d.<\/p>\n<p>&nbsp;<\/p>\n<p>En el marco del arranque de las campa\u00f1as ciudadanas de presupuesto participativo \u201cDise\u00f1a tu Ciudad\u201d, para promover los proyectos propuestos en las colonias y comisar\u00edas del Municipio, el Presidente Municipal destac\u00f3 que este acompa\u00f1amiento de la sociedad hacia sus autoridades, se refleja en la postulaci\u00f3n de 411 predios, de los cuales 295 fueron admitidos para el desarrollo de propuestas ciudadanas, siendo que 177 proyectos se recibieron con registro y 149 resultaron viables conforme a la evaluaci\u00f3n de las factibilidades t\u00e9cnicas, jur\u00eddicas, econ\u00f3micas y sociales establecidas en la convocatoria y aprobados por el Comit\u00e9 T\u00e9cnico.<\/p>\n<p>&nbsp;<\/p>\n<p>A\u00f1adi\u00f3 que de estos 149 proyectos aprobados para participar en la consulta p\u00fablica del 28 de enero de 2024, se tendr\u00e1n resultados entre el 29 de enero y 2 de febrero, por lo que invit\u00f3 a toda la ciudadan\u00eda a prepararse para votar por los proyectos de su Distrito.<\/p>\n<p>&nbsp;<\/p>\n<p>Acompa\u00f1ado del secretario Municipal, Julio Sauma Castillo, el Alcalde agreg\u00f3 que la participaci\u00f3n ciudadana fomenta la colaboraci\u00f3n c\u00edvica y la construcci\u00f3n de un modelo de ciudad, donde la democracia no sea solo un concepto m\u00e1s, sino que su aplicaci\u00f3n promueva la confianza en autoridades comprometidas y ciudadanos involucrados en su consolidaci\u00f3n.<\/p>\n<p>&nbsp;<\/p>\n<p>En el evento que se realiz\u00f3 en el auditorio Silvio Zavala Vallado del Centro Cultural de M\u00e9rida \u201cOlimpo\u201d, Ruz Castro mencion\u00f3 que la participaci\u00f3n ciudadana refuerza la confianza de la sociedad en sus autoridades, de ah\u00ed que el programa Presupuesto Participativo \u201cDise\u00f1a Tu Ciudad\u201d, ha sido desde el inicio un mecanismo de trabajo coordinado entre gobierno municipal y sociedad civil, para seguir construyendo una ciudad en constante crecimiento.<\/p>\n<p>&nbsp;<\/p>\n<p>\u201cM\u00e9rida avanz\u00f3 en los \u00faltimos a\u00f1os en el tema de espacios p\u00fablicos con acciones innovadoras como: el programa Dise\u00f1o Participativo, 37 parques dise\u00f1ados de la mano de la ciudadan\u00eda, y recientemente galardonado por el Gobierno Federal y el Congreso Internacional de Parques, as\u00ed como la puesta en marcha del programa de Guardaparques\u201d, expuso.<\/p>\n<p>&nbsp;<\/p>\n<p>A su vez, Marisol Puerto Acevedo, encargada de la Secretar\u00eda de Participaci\u00f3n Ciudadana, coment\u00f3 que el programa Presupuesto Participativo \u201cDise\u00f1a Tu Ciudad\u201d, se encuentra en la fase 5 en la que las y los ciudadanos de cada distrito tienen del 8 de diciembre del presente a\u00f1o hasta el 27 de enero de 2024, para promover los proyectos propuestos entre sus vecinos lo cual, dijo, de acuerdo a lo establecido en la convocatoria, ya es responsabilidad de las y los postulantes realizar sus campa\u00f1as con sus propios recursos y medios en sus respectivas colonias, fraccionamientos y comisar\u00edas, para recibir el apoyo de la ciudadan\u00eda.<\/p>\n<p>&nbsp;<\/p>\n<p>Asimismo, la propaganda deber\u00e1 alinearse al Reglamento de Imagen Urbana del Municipio de M\u00e9rida y podr\u00e1 realizarse en tres modalidades: Asambleas vecinales, difusi\u00f3n en medios digitales y difusi\u00f3n en medios impresi\u00f3n, sugiri\u00e9ndoles privilegiar los medios digitales.<\/p>\n<p>&nbsp;<\/p>\n<p>Puerto Acevedo tambi\u00e9n inform\u00f3 que, entre los proyectos propuestos, 28 no resultaron viables debido a que no cumplieron con las factibilidades t\u00e9cnicas, sociales, econ\u00f3micas y jur\u00eddicas establecidas en la convocatoria. Tal es el caso de ocho proyectos que resultaron con posibles vestigios arqueol\u00f3gicos en el predio, lo que ameritar\u00eda una intervenci\u00f3n del INAH que no permitir\u00eda el desarrollo del proyecto en el tiempo requerido para el 2024.<\/p>\n<p>&nbsp;<\/p>\n<p>Para los proyectos que no resultaron viables sus representantes podr\u00e1n solicitar v\u00eda correo electr\u00f3nico cita de aclaraci\u00f3n del 8 al 29 de diciembre del presente en: aclaraciones@merida.gob.mx.<\/p>\n<p>&nbsp;<\/p>\n<p>Coment\u00f3 que, entre los proyectos propuestos, 116 est\u00e1n enfocados a mejoras en parques y 33 a espacios deportivos.<\/p>\n<p>&nbsp;<\/p>\n<p>Durante el evento tambi\u00e9n se cont\u00f3 con un espacio para atender dudas y comentarios de los participantes sobre el proceso y se les invit\u00f3 a estar pendientes de los medios de difusi\u00f3n oficiales del Ayuntamiento as\u00ed como de diversos medios de comunicaci\u00f3n, donde ser\u00e1 dada a conocer la convocatoria para el proceso de votaci\u00f3n as\u00ed como las sedes y horarios donde toda la ciudadan\u00eda con credencial vigente de M\u00e9rida podr\u00e1 votar por proyectos por Distrito.<\/p>\n","protected":false},"excerpt":{"rendered":"<p>M\u00e9rida, Yucat\u00e1n, 16 de diciembre de 2023. En M\u00e9rida trabajamos en pol\u00edticas p\u00fablicas, programas y acciones con la participaci\u00f3n de todos los sectores de la poblaci\u00f3n, que nos ayudan a seguir fomentando mecanismos de participaci\u00f3n ciudadana que permiten mejorar sus colonias, fraccionamientos y comisar\u00edas para beneficio de toda la poblaci\u00f3n, asegur\u00f3 el Alcalde Alejandro Ruz [&hellip;]<\/p>\n","protected":false},"author":3,"featured_media":101550,"comment_status":"closed","ping_status":"closed","sticky":false,"template":"","format":"standard","meta":{"footnotes":""},"categories":[3],"tags":[],"class_list":{"0":"post-101549","1":"post","2":"type-post","3":"status-publish","4":"format-standard","5":"has-post-thumbnail","7":"category-yucatan"},"yoast_head":"<!-- This site is optimized with the Yoast SEO plugin v27.4 - https:\/\/yoast.com\/product\/yoast-seo-wordpress\/ -->\n<title>Inician las campa\u00f1as ciudadanas del presupuesto participativo &quot;Dise\u00f1a Tu Ciudad&quot; del Ayuntamiento\u00a0 - Yucat\u00e1n en corto<\/title>\n<meta name=\"robots\" content=\"index, follow, max-snippet:-1, max-image-preview:large, max-video-preview:-1\" \/>\n<link rel=\"canonical\" href=\"https:\/\/www.yucatanencorto.com\/noticias\/inician-las-campanas-ciudadanas-del-presupuesto-participativo-disena-tu-ciudad-del-ayuntamiento\/\" \/>\n<meta property=\"og:locale\" content=\"es_ES\" \/>\n<meta property=\"og:type\" content=\"article\" \/>\n<meta property=\"og:title\" content=\"Inician las campa\u00f1as ciudadanas del presupuesto participativo &quot;Dise\u00f1a Tu Ciudad&quot; del Ayuntamiento\u00a0 - Yucat\u00e1n en corto\" \/>\n<meta property=\"og:description\" content=\"M\u00e9rida, Yucat\u00e1n, 16 de diciembre de 2023. En M\u00e9rida trabajamos en pol\u00edticas p\u00fablicas, programas y acciones con la participaci\u00f3n de todos los sectores de la poblaci\u00f3n, que nos ayudan a seguir fomentando mecanismos de participaci\u00f3n ciudadana que permiten mejorar sus colonias, fraccionamientos y comisar\u00edas para beneficio de toda la poblaci\u00f3n, asegur\u00f3 el Alcalde Alejandro Ruz [&hellip;]\" \/>\n<meta property=\"og:url\" content=\"https:\/\/www.yucatanencorto.com\/noticias\/inician-las-campanas-ciudadanas-del-presupuesto-participativo-disena-tu-ciudad-del-ayuntamiento\/\" \/>\n<meta property=\"og:site_name\" content=\"Yucat\u00e1n en corto\" \/>\n<meta property=\"article:publisher\" content=\"http:\/\/www.facebook.com\/yucatanencorto\" \/>\n<meta property=\"article:published_time\" content=\"2023-12-17T02:48:26+00:00\" \/>\n<meta property=\"og:image\" content=\"https:\/\/www.yucatanencorto.com\/noticias\/wp-content\/uploads\/2023\/12\/IMG-20231216-WA0013-scaled.jpg\" \/>\n\t<meta property=\"og:image:width\" content=\"768\" \/>\n\t<meta property=\"og:image:height\" content=\"512\" \/>\n\t<meta property=\"og:image:type\" content=\"image\/jpeg\" \/>\n<meta name=\"author\" content=\"Redes\" \/>\n<meta name=\"twitter:card\" content=\"summary_large_image\" \/>\n<meta name=\"twitter:creator\" content=\"@yucatanencorto\" \/>\n<meta name=\"twitter:site\" content=\"@yucatanencorto\" \/>\n<meta name=\"twitter:label1\" content=\"Escrito por\" \/>\n\t<meta name=\"twitter:data1\" content=\"Redes\" \/>\n\t<meta name=\"twitter:label2\" content=\"Tiempo de lectura\" \/>\n\t<meta name=\"twitter:data2\" content=\"4 minutos\" \/>\n<script type=\"application\/ld+json\" class=\"yoast-schema-graph\">{\"@context\":\"https:\\\/\\\/schema.org\",\"@graph\":[{\"@type\":\"Article\",\"@id\":\"https:\\\/\\\/www.yucatanencorto.com\\\/noticias\\\/inician-las-campanas-ciudadanas-del-presupuesto-participativo-disena-tu-ciudad-del-ayuntamiento\\\/#article\",\"isPartOf\":{\"@id\":\"https:\\\/\\\/www.yucatanencorto.com\\\/noticias\\\/inician-las-campanas-ciudadanas-del-presupuesto-participativo-disena-tu-ciudad-del-ayuntamiento\\\/\"},\"author\":{\"name\":\"Redes\",\"@id\":\"https:\\\/\\\/www.yucatanencorto.com\\\/noticias\\\/#\\\/schema\\\/person\\\/e2fbdfaf30a07014a43940ce989f3119\"},\"headline\":\"Inician las campa\u00f1as ciudadanas del presupuesto participativo \u00abDise\u00f1a Tu Ciudad\u00bb del Ayuntamiento\u00a0\",\"datePublished\":\"2023-12-17T02:48:26+00:00\",\"mainEntityOfPage\":{\"@id\":\"https:\\\/\\\/www.yucatanencorto.com\\\/noticias\\\/inician-las-campanas-ciudadanas-del-presupuesto-participativo-disena-tu-ciudad-del-ayuntamiento\\\/\"},\"wordCount\":821,\"image\":{\"@id\":\"https:\\\/\\\/www.yucatanencorto.com\\\/noticias\\\/inician-las-campanas-ciudadanas-del-presupuesto-participativo-disena-tu-ciudad-del-ayuntamiento\\\/#primaryimage\"},\"thumbnailUrl\":\"https:\\\/\\\/www.yucatanencorto.com\\\/noticias\\\/wp-content\\\/uploads\\\/2023\\\/12\\\/IMG-20231216-WA0013-scaled.jpg\",\"articleSection\":[\"Yucat\u00e1n\"],\"inLanguage\":\"es\"},{\"@type\":\"WebPage\",\"@id\":\"https:\\\/\\\/www.yucatanencorto.com\\\/noticias\\\/inician-las-campanas-ciudadanas-del-presupuesto-participativo-disena-tu-ciudad-del-ayuntamiento\\\/\",\"url\":\"https:\\\/\\\/www.yucatanencorto.com\\\/noticias\\\/inician-las-campanas-ciudadanas-del-presupuesto-participativo-disena-tu-ciudad-del-ayuntamiento\\\/\",\"name\":\"Inician las campa\u00f1as ciudadanas del presupuesto participativo \\\"Dise\u00f1a Tu Ciudad\\\" del Ayuntamiento\u00a0 - Yucat\u00e1n en corto\",\"isPartOf\":{\"@id\":\"https:\\\/\\\/www.yucatanencorto.com\\\/noticias\\\/#website\"},\"primaryImageOfPage\":{\"@id\":\"https:\\\/\\\/www.yucatanencorto.com\\\/noticias\\\/inician-las-campanas-ciudadanas-del-presupuesto-participativo-disena-tu-ciudad-del-ayuntamiento\\\/#primaryimage\"},\"image\":{\"@id\":\"https:\\\/\\\/www.yucatanencorto.com\\\/noticias\\\/inician-las-campanas-ciudadanas-del-presupuesto-participativo-disena-tu-ciudad-del-ayuntamiento\\\/#primaryimage\"},\"thumbnailUrl\":\"https:\\\/\\\/www.yucatanencorto.com\\\/noticias\\\/wp-content\\\/uploads\\\/2023\\\/12\\\/IMG-20231216-WA0013-scaled.jpg\",\"datePublished\":\"2023-12-17T02:48:26+00:00\",\"author\":{\"@id\":\"https:\\\/\\\/www.yucatanencorto.com\\\/noticias\\\/#\\\/schema\\\/person\\\/e2fbdfaf30a07014a43940ce989f3119\"},\"breadcrumb\":{\"@id\":\"https:\\\/\\\/www.yucatanencorto.com\\\/noticias\\\/inician-las-campanas-ciudadanas-del-presupuesto-participativo-disena-tu-ciudad-del-ayuntamiento\\\/#breadcrumb\"},\"inLanguage\":\"es\",\"potentialAction\":[{\"@type\":\"ReadAction\",\"target\":[\"https:\\\/\\\/www.yucatanencorto.com\\\/noticias\\\/inician-las-campanas-ciudadanas-del-presupuesto-participativo-disena-tu-ciudad-del-ayuntamiento\\\/\"]}]},{\"@type\":\"ImageObject\",\"inLanguage\":\"es\",\"@id\":\"https:\\\/\\\/www.yucatanencorto.com\\\/noticias\\\/inician-las-campanas-ciudadanas-del-presupuesto-participativo-disena-tu-ciudad-del-ayuntamiento\\\/#primaryimage\",\"url\":\"https:\\\/\\\/www.yucatanencorto.com\\\/noticias\\\/wp-content\\\/uploads\\\/2023\\\/12\\\/IMG-20231216-WA0013-scaled.jpg\",\"contentUrl\":\"https:\\\/\\\/www.yucatanencorto.com\\\/noticias\\\/wp-content\\\/uploads\\\/2023\\\/12\\\/IMG-20231216-WA0013-scaled.jpg\",\"width\":768,\"height\":512},{\"@type\":\"BreadcrumbList\",\"@id\":\"https:\\\/\\\/www.yucatanencorto.com\\\/noticias\\\/inician-las-campanas-ciudadanas-del-presupuesto-participativo-disena-tu-ciudad-del-ayuntamiento\\\/#breadcrumb\",\"itemListElement\":[{\"@type\":\"ListItem\",\"position\":1,\"name\":\"Portada\",\"item\":\"https:\\\/\\\/www.yucatanencorto.com\\\/noticias\\\/\"},{\"@type\":\"ListItem\",\"position\":2,\"name\":\"Inician las campa\u00f1as ciudadanas del presupuesto participativo \u00abDise\u00f1a Tu Ciudad\u00bb del Ayuntamiento\u00a0\"}]},{\"@type\":\"WebSite\",\"@id\":\"https:\\\/\\\/www.yucatanencorto.com\\\/noticias\\\/#website\",\"url\":\"https:\\\/\\\/www.yucatanencorto.com\\\/noticias\\\/\",\"name\":\"Yucat\u00e1n en corto\",\"description\":\"Noticias\",\"potentialAction\":[{\"@type\":\"SearchAction\",\"target\":{\"@type\":\"EntryPoint\",\"urlTemplate\":\"https:\\\/\\\/www.yucatanencorto.com\\\/noticias\\\/?s={search_term_string}\"},\"query-input\":{\"@type\":\"PropertyValueSpecification\",\"valueRequired\":true,\"valueName\":\"search_term_string\"}}],\"inLanguage\":\"es\"},{\"@type\":\"Person\",\"@id\":\"https:\\\/\\\/www.yucatanencorto.com\\\/noticias\\\/#\\\/schema\\\/person\\\/e2fbdfaf30a07014a43940ce989f3119\",\"name\":\"Redes\",\"image\":{\"@type\":\"ImageObject\",\"inLanguage\":\"es\",\"@id\":\"https:\\\/\\\/secure.gravatar.com\\\/avatar\\\/5931a2d21dd7cc834f44c8c34fe56d90ed6d536ef452cbf870c7485b524dddd7?s=96&d=mm&r=g\",\"url\":\"https:\\\/\\\/secure.gravatar.com\\\/avatar\\\/5931a2d21dd7cc834f44c8c34fe56d90ed6d536ef452cbf870c7485b524dddd7?s=96&d=mm&r=g\",\"contentUrl\":\"https:\\\/\\\/secure.gravatar.com\\\/avatar\\\/5931a2d21dd7cc834f44c8c34fe56d90ed6d536ef452cbf870c7485b524dddd7?s=96&d=mm&r=g\",\"caption\":\"Redes\"},\"url\":\"https:\\\/\\\/www.yucatanencorto.com\\\/noticias\\\/author\\\/redes\\\/\"}]}<\/script>\n<!-- \/ Yoast SEO plugin. -->","yoast_head_json":{"title":"Inician las campa\u00f1as ciudadanas del presupuesto participativo \"Dise\u00f1a Tu Ciudad\" del Ayuntamiento\u00a0 - Yucat\u00e1n en corto","robots":{"index":"index","follow":"follow","max-snippet":"max-snippet:-1","max-image-preview":"max-image-preview:large","max-video-preview":"max-video-preview:-1"},"canonical":"https:\/\/www.yucatanencorto.com\/noticias\/inician-las-campanas-ciudadanas-del-presupuesto-participativo-disena-tu-ciudad-del-ayuntamiento\/","og_locale":"es_ES","og_type":"article","og_title":"Inician las campa\u00f1as ciudadanas del presupuesto participativo \"Dise\u00f1a Tu Ciudad\" del Ayuntamiento\u00a0 - Yucat\u00e1n en corto","og_description":"M\u00e9rida, Yucat\u00e1n, 16 de diciembre de 2023. En M\u00e9rida trabajamos en pol\u00edticas p\u00fablicas, programas y acciones con la participaci\u00f3n de todos los sectores de la poblaci\u00f3n, que nos ayudan a seguir fomentando mecanismos de participaci\u00f3n ciudadana que permiten mejorar sus colonias, fraccionamientos y comisar\u00edas para beneficio de toda la poblaci\u00f3n, asegur\u00f3 el Alcalde Alejandro Ruz [&hellip;]","og_url":"https:\/\/www.yucatanencorto.com\/noticias\/inician-las-campanas-ciudadanas-del-presupuesto-participativo-disena-tu-ciudad-del-ayuntamiento\/","og_site_name":"Yucat\u00e1n en corto","article_publisher":"http:\/\/www.facebook.com\/yucatanencorto","article_published_time":"2023-12-17T02:48:26+00:00","og_image":[{"width":768,"height":512,"url":"https:\/\/www.yucatanencorto.com\/noticias\/wp-content\/uploads\/2023\/12\/IMG-20231216-WA0013-scaled.jpg","type":"image\/jpeg"}],"author":"Redes","twitter_card":"summary_large_image","twitter_creator":"@yucatanencorto","twitter_site":"@yucatanencorto","twitter_misc":{"Escrito por":"Redes","Tiempo de lectura":"4 minutos"},"schema":{"@context":"https:\/\/schema.org","@graph":[{"@type":"Article","@id":"https:\/\/www.yucatanencorto.com\/noticias\/inician-las-campanas-ciudadanas-del-presupuesto-participativo-disena-tu-ciudad-del-ayuntamiento\/#article","isPartOf":{"@id":"https:\/\/www.yucatanencorto.com\/noticias\/inician-las-campanas-ciudadanas-del-presupuesto-participativo-disena-tu-ciudad-del-ayuntamiento\/"},"author":{"name":"Redes","@id":"https:\/\/www.yucatanencorto.com\/noticias\/#\/schema\/person\/e2fbdfaf30a07014a43940ce989f3119"},"headline":"Inician las campa\u00f1as ciudadanas del presupuesto participativo \u00abDise\u00f1a Tu Ciudad\u00bb del Ayuntamiento\u00a0","datePublished":"2023-12-17T02:48:26+00:00","mainEntityOfPage":{"@id":"https:\/\/www.yucatanencorto.com\/noticias\/inician-las-campanas-ciudadanas-del-presupuesto-participativo-disena-tu-ciudad-del-ayuntamiento\/"},"wordCount":821,"image":{"@id":"https:\/\/www.yucatanencorto.com\/noticias\/inician-las-campanas-ciudadanas-del-presupuesto-participativo-disena-tu-ciudad-del-ayuntamiento\/#primaryimage"},"thumbnailUrl":"https:\/\/www.yucatanencorto.com\/noticias\/wp-content\/uploads\/2023\/12\/IMG-20231216-WA0013-scaled.jpg","articleSection":["Yucat\u00e1n"],"inLanguage":"es"},{"@type":"WebPage","@id":"https:\/\/www.yucatanencorto.com\/noticias\/inician-las-campanas-ciudadanas-del-presupuesto-participativo-disena-tu-ciudad-del-ayuntamiento\/","url":"https:\/\/www.yucatanencorto.com\/noticias\/inician-las-campanas-ciudadanas-del-presupuesto-participativo-disena-tu-ciudad-del-ayuntamiento\/","name":"Inician las campa\u00f1as ciudadanas del presupuesto participativo \"Dise\u00f1a Tu Ciudad\" del Ayuntamiento\u00a0 - Yucat\u00e1n en corto","isPartOf":{"@id":"https:\/\/www.yucatanencorto.com\/noticias\/#website"},"primaryImageOfPage":{"@id":"https:\/\/www.yucatanencorto.com\/noticias\/inician-las-campanas-ciudadanas-del-presupuesto-participativo-disena-tu-ciudad-del-ayuntamiento\/#primaryimage"},"image":{"@id":"https:\/\/www.yucatanencorto.com\/noticias\/inician-las-campanas-ciudadanas-del-presupuesto-participativo-disena-tu-ciudad-del-ayuntamiento\/#primaryimage"},"thumbnailUrl":"https:\/\/www.yucatanencorto.com\/noticias\/wp-content\/uploads\/2023\/12\/IMG-20231216-WA0013-scaled.jpg","datePublished":"2023-12-17T02:48:26+00:00","author":{"@id":"https:\/\/www.yucatanencorto.com\/noticias\/#\/schema\/person\/e2fbdfaf30a07014a43940ce989f3119"},"breadcrumb":{"@id":"https:\/\/www.yucatanencorto.com\/noticias\/inician-las-campanas-ciudadanas-del-presupuesto-participativo-disena-tu-ciudad-del-ayuntamiento\/#breadcrumb"},"inLanguage":"es","potentialAction":[{"@type":"ReadAction","target":["https:\/\/www.yucatanencorto.com\/noticias\/inician-las-campanas-ciudadanas-del-presupuesto-participativo-disena-tu-ciudad-del-ayuntamiento\/"]}]},{"@type":"ImageObject","inLanguage":"es","@id":"https:\/\/www.yucatanencorto.com\/noticias\/inician-las-campanas-ciudadanas-del-presupuesto-participativo-disena-tu-ciudad-del-ayuntamiento\/#primaryimage","url":"https:\/\/www.yucatanencorto.com\/noticias\/wp-content\/uploads\/2023\/12\/IMG-20231216-WA0013-scaled.jpg","contentUrl":"https:\/\/www.yucatanencorto.com\/noticias\/wp-content\/uploads\/2023\/12\/IMG-20231216-WA0013-scaled.jpg","width":768,"height":512},{"@type":"BreadcrumbList","@id":"https:\/\/www.yucatanencorto.com\/noticias\/inician-las-campanas-ciudadanas-del-presupuesto-participativo-disena-tu-ciudad-del-ayuntamiento\/#breadcrumb","itemListElement":[{"@type":"ListItem","position":1,"name":"Portada","item":"https:\/\/www.yucatanencorto.com\/noticias\/"},{"@type":"ListItem","position":2,"name":"Inician las campa\u00f1as ciudadanas del presupuesto participativo \u00abDise\u00f1a Tu Ciudad\u00bb del Ayuntamiento\u00a0"}]},{"@type":"WebSite","@id":"https:\/\/www.yucatanencorto.com\/noticias\/#website","url":"https:\/\/www.yucatanencorto.com\/noticias\/","name":"Yucat\u00e1n en corto","description":"Noticias","potentialAction":[{"@type":"SearchAction","target":{"@type":"EntryPoint","urlTemplate":"https:\/\/www.yucatanencorto.com\/noticias\/?s={search_term_string}"},"query-input":{"@type":"PropertyValueSpecification","valueRequired":true,"valueName":"search_term_string"}}],"inLanguage":"es"},{"@type":"Person","@id":"https:\/\/www.yucatanencorto.com\/noticias\/#\/schema\/person\/e2fbdfaf30a07014a43940ce989f3119","name":"Redes","image":{"@type":"ImageObject","inLanguage":"es","@id":"https:\/\/secure.gravatar.com\/avatar\/5931a2d21dd7cc834f44c8c34fe56d90ed6d536ef452cbf870c7485b524dddd7?s=96&d=mm&r=g","url":"https:\/\/secure.gravatar.com\/avatar\/5931a2d21dd7cc834f44c8c34fe56d90ed6d536ef452cbf870c7485b524dddd7?s=96&d=mm&r=g","contentUrl":"https:\/\/secure.gravatar.com\/avatar\/5931a2d21dd7cc834f44c8c34fe56d90ed6d536ef452cbf870c7485b524dddd7?s=96&d=mm&r=g","caption":"Redes"},"url":"https:\/\/www.yucatanencorto.com\/noticias\/author\/redes\/"}]}},"_links":{"self":[{"href":"https:\/\/www.yucatanencorto.com\/noticias\/wp-json\/wp\/v2\/posts\/101549","targetHints":{"allow":["GET"]}}],"collection":[{"href":"https:\/\/www.yucatanencorto.com\/noticias\/wp-json\/wp\/v2\/posts"}],"about":[{"href":"https:\/\/www.yucatanencorto.com\/noticias\/wp-json\/wp\/v2\/types\/post"}],"author":[{"embeddable":true,"href":"https:\/\/www.yucatanencorto.com\/noticias\/wp-json\/wp\/v2\/users\/3"}],"replies":[{"embeddable":true,"href":"https:\/\/www.yucatanencorto.com\/noticias\/wp-json\/wp\/v2\/comments?post=101549"}],"version-history":[{"count":0,"href":"https:\/\/www.yucatanencorto.com\/noticias\/wp-json\/wp\/v2\/posts\/101549\/revisions"}],"wp:featuredmedia":[{"embeddable":true,"href":"https:\/\/www.yucatanencorto.com\/noticias\/wp-json\/wp\/v2\/media\/101550"}],"wp:attachment":[{"href":"https:\/\/www.yucatanencorto.com\/noticias\/wp-json\/wp\/v2\/media?parent=101549"}],"wp:term":[{"taxonomy":"category","embeddable":true,"href":"https:\/\/www.yucatanencorto.com\/noticias\/wp-json\/wp\/v2\/categories?post=101549"},{"taxonomy":"post_tag","embeddable":true,"href":"https:\/\/www.yucatanencorto.com\/noticias\/wp-json\/wp\/v2\/tags?post=101549"}],"curies":[{"name":"wp","href":"https:\/\/api.w.org\/{rel}","templated":true}]}}