{"id":101552,"date":"2023-12-17T19:12:27","date_gmt":"2023-12-18T01:12:27","guid":{"rendered":"https:\/\/www.yucatanencorto.com\/noticias\/?p=101552"},"modified":"2023-12-17T19:13:35","modified_gmt":"2023-12-18T01:13:35","slug":"renan-barrera-suma-a-su-proyecto-el-apoyo-y-respaldo-de-dzitas","status":"publish","type":"post","link":"https:\/\/www.yucatanencorto.com\/noticias\/renan-barrera-suma-a-su-proyecto-el-apoyo-y-respaldo-de-dzitas\/","title":{"rendered":"Ren\u00e1n Barrera suma a su proyecto el apoyo y respaldo de Dzit\u00e1s"},"content":{"rendered":"<p>&nbsp;<\/p>\n<p>Dzit\u00e1s, Yucat\u00e1n, 17 de diciembre de 2023. Con entusiasmo y la tradicional charanga que marca el inicio de los festejos municipales, Ren\u00e1n Barrera Concha fue recibido en el rancho \u00abEl Salado\u00bb, en donde sostuvo un encuentro con profesionistas, campesinos, l\u00edderes y empresarios del municipio.<\/p>\n<p>En su llegada, Felipa Hoil May lo esperaba con muestras de dulces t\u00edpicos de papaya, camote, pepita y la tradicional bebida a base de miel: Balch\u00e9: \u00abEs un gusto recibirlo y mostrarle un poco de las tradiciones de Dzit\u00e1s. \u00a1Deseamos que regrese como gobernador! Queremos que contin\u00fae el PAN en Dzit\u00e1s y en Yucat\u00e1n\u00bb, afirm\u00f3 do\u00f1a Felipa.<\/p>\n<p>Jos\u00e9 Rafael Hoil Mart\u00edn, due\u00f1o del lugar y anfitri\u00f3n del evento, agradeci\u00f3 la presencia de Ren\u00e1n Barrera y destac\u00f3 que este acercamiento permite dar a conocer el panorama de Dzit\u00e1s y las intenciones de seguir haciendo equipo para fortalecer este poblado y todo Yucat\u00e1n.<\/p>\n<p>\u00abHemos tomado la mejor decisi\u00f3n: apoyar su proyecto de gobierno, porque con este proyecto le va ir bien a Yucat\u00e1n. Queremos paz y tranquilidad para Dzit\u00e1s y todo el Estado\u00bb, asegur\u00f3.<\/p>\n<p>Jorge Chabl\u00e9 Herrera, exalcalde de Dzit\u00e1s, a\u00f1adi\u00f3: \u201cVamos a salir e invitar a la gente casa por casa, vamos a hacer el trabajo de campo en equipo \u00a1Para que usted sea nuestro pr\u00f3ximo gobernador!\u00bb.<\/p>\n<p>Ante las muestras expresas de unidad al proyecto Yucat\u00e1n, Ren\u00e1n Barrera agradeci\u00f3 la invitaci\u00f3n y dijo que el trabajo en equipo ser\u00e1 transcendental para que a todos los municipios les vaya mejor.<\/p>\n<p>\u00abEl reto que tenemos el pr\u00f3ximo a\u00f1o para el Estado no puede estar por encima de intereses personales y de partidos pol\u00edticos. Porque es vital que podamos trabajar unidos para defender a Dzit\u00e1s y Yucat\u00e1n\u00bb, apunt\u00f3.<\/p>\n<p>\u00abHemos avanzado mucho; somos el Estado m\u00e1s seguro, estamos creciendo econ\u00f3micamente, pero tenemos mucho m\u00e1s por hacer \u00a1Para que todos ganemos por igual!\u00bb, destac\u00f3 ante una ola de aplausos.<\/p>\n","protected":false},"excerpt":{"rendered":"<p>&nbsp; Dzit\u00e1s, Yucat\u00e1n, 17 de diciembre de 2023. Con entusiasmo y la tradicional charanga que marca el inicio de los festejos municipales, Ren\u00e1n Barrera Concha fue recibido en el rancho \u00abEl Salado\u00bb, en donde sostuvo un encuentro con profesionistas, campesinos, l\u00edderes y empresarios del municipio. En su llegada, Felipa Hoil May lo esperaba con muestras [&hellip;]<\/p>\n","protected":false},"author":3,"featured_media":101553,"comment_status":"closed","ping_status":"closed","sticky":false,"template":"","format":"standard","meta":{"footnotes":""},"categories":[3],"tags":[],"class_list":{"0":"post-101552","1":"post","2":"type-post","3":"status-publish","4":"format-standard","5":"has-post-thumbnail","7":"category-yucatan"},"yoast_head":"<!-- This site is optimized with the Yoast SEO plugin v27.4 - https:\/\/yoast.com\/product\/yoast-seo-wordpress\/ -->\n<title>Ren\u00e1n Barrera suma a su proyecto el apoyo y respaldo de Dzit\u00e1s - Yucat\u00e1n en corto<\/title>\n<meta name=\"robots\" content=\"index, follow, max-snippet:-1, max-image-preview:large, max-video-preview:-1\" \/>\n<link rel=\"canonical\" href=\"https:\/\/www.yucatanencorto.com\/noticias\/renan-barrera-suma-a-su-proyecto-el-apoyo-y-respaldo-de-dzitas\/\" \/>\n<meta property=\"og:locale\" content=\"es_ES\" \/>\n<meta property=\"og:type\" content=\"article\" \/>\n<meta property=\"og:title\" content=\"Ren\u00e1n Barrera suma a su proyecto el apoyo y respaldo de Dzit\u00e1s - Yucat\u00e1n en corto\" \/>\n<meta property=\"og:description\" content=\"&nbsp; Dzit\u00e1s, Yucat\u00e1n, 17 de diciembre de 2023. Con entusiasmo y la tradicional charanga que marca el inicio de los festejos municipales, Ren\u00e1n Barrera Concha fue recibido en el rancho \u00abEl Salado\u00bb, en donde sostuvo un encuentro con profesionistas, campesinos, l\u00edderes y empresarios del municipio. En su llegada, Felipa Hoil May lo esperaba con muestras [&hellip;]\" \/>\n<meta property=\"og:url\" content=\"https:\/\/www.yucatanencorto.com\/noticias\/renan-barrera-suma-a-su-proyecto-el-apoyo-y-respaldo-de-dzitas\/\" \/>\n<meta property=\"og:site_name\" content=\"Yucat\u00e1n en corto\" \/>\n<meta property=\"article:publisher\" content=\"http:\/\/www.facebook.com\/yucatanencorto\" \/>\n<meta property=\"article:published_time\" content=\"2023-12-18T01:12:27+00:00\" \/>\n<meta property=\"article:modified_time\" content=\"2023-12-18T01:13:35+00:00\" \/>\n<meta property=\"og:image\" content=\"https:\/\/www.yucatanencorto.com\/noticias\/wp-content\/uploads\/2023\/12\/IMG-20231217-WA0025-scaled.jpg\" \/>\n\t<meta property=\"og:image:width\" content=\"667\" \/>\n\t<meta property=\"og:image:height\" content=\"768\" \/>\n\t<meta property=\"og:image:type\" content=\"image\/jpeg\" \/>\n<meta name=\"author\" content=\"Redes\" \/>\n<meta name=\"twitter:card\" content=\"summary_large_image\" \/>\n<meta name=\"twitter:creator\" content=\"@yucatanencorto\" \/>\n<meta name=\"twitter:site\" content=\"@yucatanencorto\" \/>\n<meta name=\"twitter:label1\" content=\"Escrito por\" \/>\n\t<meta name=\"twitter:data1\" content=\"Redes\" \/>\n\t<meta name=\"twitter:label2\" content=\"Tiempo de lectura\" \/>\n\t<meta name=\"twitter:data2\" content=\"2 minutos\" \/>\n<script type=\"application\/ld+json\" class=\"yoast-schema-graph\">{\"@context\":\"https:\\\/\\\/schema.org\",\"@graph\":[{\"@type\":\"Article\",\"@id\":\"https:\\\/\\\/www.yucatanencorto.com\\\/noticias\\\/renan-barrera-suma-a-su-proyecto-el-apoyo-y-respaldo-de-dzitas\\\/#article\",\"isPartOf\":{\"@id\":\"https:\\\/\\\/www.yucatanencorto.com\\\/noticias\\\/renan-barrera-suma-a-su-proyecto-el-apoyo-y-respaldo-de-dzitas\\\/\"},\"author\":{\"name\":\"Redes\",\"@id\":\"https:\\\/\\\/www.yucatanencorto.com\\\/noticias\\\/#\\\/schema\\\/person\\\/e2fbdfaf30a07014a43940ce989f3119\"},\"headline\":\"Ren\u00e1n Barrera suma a su proyecto el apoyo y respaldo de Dzit\u00e1s\",\"datePublished\":\"2023-12-18T01:12:27+00:00\",\"dateModified\":\"2023-12-18T01:13:35+00:00\",\"mainEntityOfPage\":{\"@id\":\"https:\\\/\\\/www.yucatanencorto.com\\\/noticias\\\/renan-barrera-suma-a-su-proyecto-el-apoyo-y-respaldo-de-dzitas\\\/\"},\"wordCount\":353,\"image\":{\"@id\":\"https:\\\/\\\/www.yucatanencorto.com\\\/noticias\\\/renan-barrera-suma-a-su-proyecto-el-apoyo-y-respaldo-de-dzitas\\\/#primaryimage\"},\"thumbnailUrl\":\"https:\\\/\\\/www.yucatanencorto.com\\\/noticias\\\/wp-content\\\/uploads\\\/2023\\\/12\\\/IMG-20231217-WA0025-scaled.jpg\",\"articleSection\":[\"Yucat\u00e1n\"],\"inLanguage\":\"es\"},{\"@type\":\"WebPage\",\"@id\":\"https:\\\/\\\/www.yucatanencorto.com\\\/noticias\\\/renan-barrera-suma-a-su-proyecto-el-apoyo-y-respaldo-de-dzitas\\\/\",\"url\":\"https:\\\/\\\/www.yucatanencorto.com\\\/noticias\\\/renan-barrera-suma-a-su-proyecto-el-apoyo-y-respaldo-de-dzitas\\\/\",\"name\":\"Ren\u00e1n Barrera suma a su proyecto el apoyo y respaldo de Dzit\u00e1s - Yucat\u00e1n en corto\",\"isPartOf\":{\"@id\":\"https:\\\/\\\/www.yucatanencorto.com\\\/noticias\\\/#website\"},\"primaryImageOfPage\":{\"@id\":\"https:\\\/\\\/www.yucatanencorto.com\\\/noticias\\\/renan-barrera-suma-a-su-proyecto-el-apoyo-y-respaldo-de-dzitas\\\/#primaryimage\"},\"image\":{\"@id\":\"https:\\\/\\\/www.yucatanencorto.com\\\/noticias\\\/renan-barrera-suma-a-su-proyecto-el-apoyo-y-respaldo-de-dzitas\\\/#primaryimage\"},\"thumbnailUrl\":\"https:\\\/\\\/www.yucatanencorto.com\\\/noticias\\\/wp-content\\\/uploads\\\/2023\\\/12\\\/IMG-20231217-WA0025-scaled.jpg\",\"datePublished\":\"2023-12-18T01:12:27+00:00\",\"dateModified\":\"2023-12-18T01:13:35+00:00\",\"author\":{\"@id\":\"https:\\\/\\\/www.yucatanencorto.com\\\/noticias\\\/#\\\/schema\\\/person\\\/e2fbdfaf30a07014a43940ce989f3119\"},\"breadcrumb\":{\"@id\":\"https:\\\/\\\/www.yucatanencorto.com\\\/noticias\\\/renan-barrera-suma-a-su-proyecto-el-apoyo-y-respaldo-de-dzitas\\\/#breadcrumb\"},\"inLanguage\":\"es\",\"potentialAction\":[{\"@type\":\"ReadAction\",\"target\":[\"https:\\\/\\\/www.yucatanencorto.com\\\/noticias\\\/renan-barrera-suma-a-su-proyecto-el-apoyo-y-respaldo-de-dzitas\\\/\"]}]},{\"@type\":\"ImageObject\",\"inLanguage\":\"es\",\"@id\":\"https:\\\/\\\/www.yucatanencorto.com\\\/noticias\\\/renan-barrera-suma-a-su-proyecto-el-apoyo-y-respaldo-de-dzitas\\\/#primaryimage\",\"url\":\"https:\\\/\\\/www.yucatanencorto.com\\\/noticias\\\/wp-content\\\/uploads\\\/2023\\\/12\\\/IMG-20231217-WA0025-scaled.jpg\",\"contentUrl\":\"https:\\\/\\\/www.yucatanencorto.com\\\/noticias\\\/wp-content\\\/uploads\\\/2023\\\/12\\\/IMG-20231217-WA0025-scaled.jpg\",\"width\":667,\"height\":768},{\"@type\":\"BreadcrumbList\",\"@id\":\"https:\\\/\\\/www.yucatanencorto.com\\\/noticias\\\/renan-barrera-suma-a-su-proyecto-el-apoyo-y-respaldo-de-dzitas\\\/#breadcrumb\",\"itemListElement\":[{\"@type\":\"ListItem\",\"position\":1,\"name\":\"Portada\",\"item\":\"https:\\\/\\\/www.yucatanencorto.com\\\/noticias\\\/\"},{\"@type\":\"ListItem\",\"position\":2,\"name\":\"Ren\u00e1n Barrera suma a su proyecto el apoyo y respaldo de Dzit\u00e1s\"}]},{\"@type\":\"WebSite\",\"@id\":\"https:\\\/\\\/www.yucatanencorto.com\\\/noticias\\\/#website\",\"url\":\"https:\\\/\\\/www.yucatanencorto.com\\\/noticias\\\/\",\"name\":\"Yucat\u00e1n en corto\",\"description\":\"Noticias\",\"potentialAction\":[{\"@type\":\"SearchAction\",\"target\":{\"@type\":\"EntryPoint\",\"urlTemplate\":\"https:\\\/\\\/www.yucatanencorto.com\\\/noticias\\\/?s={search_term_string}\"},\"query-input\":{\"@type\":\"PropertyValueSpecification\",\"valueRequired\":true,\"valueName\":\"search_term_string\"}}],\"inLanguage\":\"es\"},{\"@type\":\"Person\",\"@id\":\"https:\\\/\\\/www.yucatanencorto.com\\\/noticias\\\/#\\\/schema\\\/person\\\/e2fbdfaf30a07014a43940ce989f3119\",\"name\":\"Redes\",\"image\":{\"@type\":\"ImageObject\",\"inLanguage\":\"es\",\"@id\":\"https:\\\/\\\/secure.gravatar.com\\\/avatar\\\/5931a2d21dd7cc834f44c8c34fe56d90ed6d536ef452cbf870c7485b524dddd7?s=96&d=mm&r=g\",\"url\":\"https:\\\/\\\/secure.gravatar.com\\\/avatar\\\/5931a2d21dd7cc834f44c8c34fe56d90ed6d536ef452cbf870c7485b524dddd7?s=96&d=mm&r=g\",\"contentUrl\":\"https:\\\/\\\/secure.gravatar.com\\\/avatar\\\/5931a2d21dd7cc834f44c8c34fe56d90ed6d536ef452cbf870c7485b524dddd7?s=96&d=mm&r=g\",\"caption\":\"Redes\"},\"url\":\"https:\\\/\\\/www.yucatanencorto.com\\\/noticias\\\/author\\\/redes\\\/\"}]}<\/script>\n<!-- \/ Yoast SEO plugin. -->","yoast_head_json":{"title":"Ren\u00e1n Barrera suma a su proyecto el apoyo y respaldo de Dzit\u00e1s - Yucat\u00e1n en corto","robots":{"index":"index","follow":"follow","max-snippet":"max-snippet:-1","max-image-preview":"max-image-preview:large","max-video-preview":"max-video-preview:-1"},"canonical":"https:\/\/www.yucatanencorto.com\/noticias\/renan-barrera-suma-a-su-proyecto-el-apoyo-y-respaldo-de-dzitas\/","og_locale":"es_ES","og_type":"article","og_title":"Ren\u00e1n Barrera suma a su proyecto el apoyo y respaldo de Dzit\u00e1s - Yucat\u00e1n en corto","og_description":"&nbsp; Dzit\u00e1s, Yucat\u00e1n, 17 de diciembre de 2023. Con entusiasmo y la tradicional charanga que marca el inicio de los festejos municipales, Ren\u00e1n Barrera Concha fue recibido en el rancho \u00abEl Salado\u00bb, en donde sostuvo un encuentro con profesionistas, campesinos, l\u00edderes y empresarios del municipio. En su llegada, Felipa Hoil May lo esperaba con muestras [&hellip;]","og_url":"https:\/\/www.yucatanencorto.com\/noticias\/renan-barrera-suma-a-su-proyecto-el-apoyo-y-respaldo-de-dzitas\/","og_site_name":"Yucat\u00e1n en corto","article_publisher":"http:\/\/www.facebook.com\/yucatanencorto","article_published_time":"2023-12-18T01:12:27+00:00","article_modified_time":"2023-12-18T01:13:35+00:00","og_image":[{"width":667,"height":768,"url":"https:\/\/www.yucatanencorto.com\/noticias\/wp-content\/uploads\/2023\/12\/IMG-20231217-WA0025-scaled.jpg","type":"image\/jpeg"}],"author":"Redes","twitter_card":"summary_large_image","twitter_creator":"@yucatanencorto","twitter_site":"@yucatanencorto","twitter_misc":{"Escrito por":"Redes","Tiempo de lectura":"2 minutos"},"schema":{"@context":"https:\/\/schema.org","@graph":[{"@type":"Article","@id":"https:\/\/www.yucatanencorto.com\/noticias\/renan-barrera-suma-a-su-proyecto-el-apoyo-y-respaldo-de-dzitas\/#article","isPartOf":{"@id":"https:\/\/www.yucatanencorto.com\/noticias\/renan-barrera-suma-a-su-proyecto-el-apoyo-y-respaldo-de-dzitas\/"},"author":{"name":"Redes","@id":"https:\/\/www.yucatanencorto.com\/noticias\/#\/schema\/person\/e2fbdfaf30a07014a43940ce989f3119"},"headline":"Ren\u00e1n Barrera suma a su proyecto el apoyo y respaldo de Dzit\u00e1s","datePublished":"2023-12-18T01:12:27+00:00","dateModified":"2023-12-18T01:13:35+00:00","mainEntityOfPage":{"@id":"https:\/\/www.yucatanencorto.com\/noticias\/renan-barrera-suma-a-su-proyecto-el-apoyo-y-respaldo-de-dzitas\/"},"wordCount":353,"image":{"@id":"https:\/\/www.yucatanencorto.com\/noticias\/renan-barrera-suma-a-su-proyecto-el-apoyo-y-respaldo-de-dzitas\/#primaryimage"},"thumbnailUrl":"https:\/\/www.yucatanencorto.com\/noticias\/wp-content\/uploads\/2023\/12\/IMG-20231217-WA0025-scaled.jpg","articleSection":["Yucat\u00e1n"],"inLanguage":"es"},{"@type":"WebPage","@id":"https:\/\/www.yucatanencorto.com\/noticias\/renan-barrera-suma-a-su-proyecto-el-apoyo-y-respaldo-de-dzitas\/","url":"https:\/\/www.yucatanencorto.com\/noticias\/renan-barrera-suma-a-su-proyecto-el-apoyo-y-respaldo-de-dzitas\/","name":"Ren\u00e1n Barrera suma a su proyecto el apoyo y respaldo de Dzit\u00e1s - Yucat\u00e1n en corto","isPartOf":{"@id":"https:\/\/www.yucatanencorto.com\/noticias\/#website"},"primaryImageOfPage":{"@id":"https:\/\/www.yucatanencorto.com\/noticias\/renan-barrera-suma-a-su-proyecto-el-apoyo-y-respaldo-de-dzitas\/#primaryimage"},"image":{"@id":"https:\/\/www.yucatanencorto.com\/noticias\/renan-barrera-suma-a-su-proyecto-el-apoyo-y-respaldo-de-dzitas\/#primaryimage"},"thumbnailUrl":"https:\/\/www.yucatanencorto.com\/noticias\/wp-content\/uploads\/2023\/12\/IMG-20231217-WA0025-scaled.jpg","datePublished":"2023-12-18T01:12:27+00:00","dateModified":"2023-12-18T01:13:35+00:00","author":{"@id":"https:\/\/www.yucatanencorto.com\/noticias\/#\/schema\/person\/e2fbdfaf30a07014a43940ce989f3119"},"breadcrumb":{"@id":"https:\/\/www.yucatanencorto.com\/noticias\/renan-barrera-suma-a-su-proyecto-el-apoyo-y-respaldo-de-dzitas\/#breadcrumb"},"inLanguage":"es","potentialAction":[{"@type":"ReadAction","target":["https:\/\/www.yucatanencorto.com\/noticias\/renan-barrera-suma-a-su-proyecto-el-apoyo-y-respaldo-de-dzitas\/"]}]},{"@type":"ImageObject","inLanguage":"es","@id":"https:\/\/www.yucatanencorto.com\/noticias\/renan-barrera-suma-a-su-proyecto-el-apoyo-y-respaldo-de-dzitas\/#primaryimage","url":"https:\/\/www.yucatanencorto.com\/noticias\/wp-content\/uploads\/2023\/12\/IMG-20231217-WA0025-scaled.jpg","contentUrl":"https:\/\/www.yucatanencorto.com\/noticias\/wp-content\/uploads\/2023\/12\/IMG-20231217-WA0025-scaled.jpg","width":667,"height":768},{"@type":"BreadcrumbList","@id":"https:\/\/www.yucatanencorto.com\/noticias\/renan-barrera-suma-a-su-proyecto-el-apoyo-y-respaldo-de-dzitas\/#breadcrumb","itemListElement":[{"@type":"ListItem","position":1,"name":"Portada","item":"https:\/\/www.yucatanencorto.com\/noticias\/"},{"@type":"ListItem","position":2,"name":"Ren\u00e1n Barrera suma a su proyecto el apoyo y respaldo de Dzit\u00e1s"}]},{"@type":"WebSite","@id":"https:\/\/www.yucatanencorto.com\/noticias\/#website","url":"https:\/\/www.yucatanencorto.com\/noticias\/","name":"Yucat\u00e1n en corto","description":"Noticias","potentialAction":[{"@type":"SearchAction","target":{"@type":"EntryPoint","urlTemplate":"https:\/\/www.yucatanencorto.com\/noticias\/?s={search_term_string}"},"query-input":{"@type":"PropertyValueSpecification","valueRequired":true,"valueName":"search_term_string"}}],"inLanguage":"es"},{"@type":"Person","@id":"https:\/\/www.yucatanencorto.com\/noticias\/#\/schema\/person\/e2fbdfaf30a07014a43940ce989f3119","name":"Redes","image":{"@type":"ImageObject","inLanguage":"es","@id":"https:\/\/secure.gravatar.com\/avatar\/5931a2d21dd7cc834f44c8c34fe56d90ed6d536ef452cbf870c7485b524dddd7?s=96&d=mm&r=g","url":"https:\/\/secure.gravatar.com\/avatar\/5931a2d21dd7cc834f44c8c34fe56d90ed6d536ef452cbf870c7485b524dddd7?s=96&d=mm&r=g","contentUrl":"https:\/\/secure.gravatar.com\/avatar\/5931a2d21dd7cc834f44c8c34fe56d90ed6d536ef452cbf870c7485b524dddd7?s=96&d=mm&r=g","caption":"Redes"},"url":"https:\/\/www.yucatanencorto.com\/noticias\/author\/redes\/"}]}},"_links":{"self":[{"href":"https:\/\/www.yucatanencorto.com\/noticias\/wp-json\/wp\/v2\/posts\/101552","targetHints":{"allow":["GET"]}}],"collection":[{"href":"https:\/\/www.yucatanencorto.com\/noticias\/wp-json\/wp\/v2\/posts"}],"about":[{"href":"https:\/\/www.yucatanencorto.com\/noticias\/wp-json\/wp\/v2\/types\/post"}],"author":[{"embeddable":true,"href":"https:\/\/www.yucatanencorto.com\/noticias\/wp-json\/wp\/v2\/users\/3"}],"replies":[{"embeddable":true,"href":"https:\/\/www.yucatanencorto.com\/noticias\/wp-json\/wp\/v2\/comments?post=101552"}],"version-history":[{"count":0,"href":"https:\/\/www.yucatanencorto.com\/noticias\/wp-json\/wp\/v2\/posts\/101552\/revisions"}],"wp:featuredmedia":[{"embeddable":true,"href":"https:\/\/www.yucatanencorto.com\/noticias\/wp-json\/wp\/v2\/media\/101553"}],"wp:attachment":[{"href":"https:\/\/www.yucatanencorto.com\/noticias\/wp-json\/wp\/v2\/media?parent=101552"}],"wp:term":[{"taxonomy":"category","embeddable":true,"href":"https:\/\/www.yucatanencorto.com\/noticias\/wp-json\/wp\/v2\/categories?post=101552"},{"taxonomy":"post_tag","embeddable":true,"href":"https:\/\/www.yucatanencorto.com\/noticias\/wp-json\/wp\/v2\/tags?post=101552"}],"curies":[{"name":"wp","href":"https:\/\/api.w.org\/{rel}","templated":true}]}}