{"id":101555,"date":"2023-12-17T20:20:28","date_gmt":"2023-12-18T02:20:28","guid":{"rendered":"https:\/\/www.yucatanencorto.com\/noticias\/?p=101555"},"modified":"2023-12-17T20:20:28","modified_gmt":"2023-12-18T02:20:28","slug":"una-merida-sostenible-trabajando-en-equipo-para-transformarla-cecilia-patron","status":"publish","type":"post","link":"https:\/\/www.yucatanencorto.com\/noticias\/una-merida-sostenible-trabajando-en-equipo-para-transformarla-cecilia-patron\/","title":{"rendered":"Una M\u00e9rida sostenible, trabajando en equipo para transformarla: Cecilia Patr\u00f3n"},"content":{"rendered":"<p><img loading=\"lazy\" decoding=\"async\" class=\"alignnone size-full wp-image-101556\" src=\"https:\/\/www.yucatanencorto.com\/noticias\/wp-content\/uploads\/2023\/12\/IMG-20231217-WA0028-scaled.jpg\" alt=\"\" width=\"768\" height=\"538\" srcset=\"https:\/\/www.yucatanencorto.com\/noticias\/wp-content\/uploads\/2023\/12\/IMG-20231217-WA0028-scaled.jpg 768w, https:\/\/www.yucatanencorto.com\/noticias\/wp-content\/uploads\/2023\/12\/IMG-20231217-WA0028-150x105.jpg 150w, https:\/\/www.yucatanencorto.com\/noticias\/wp-content\/uploads\/2023\/12\/IMG-20231217-WA0028-300x210.jpg 300w, https:\/\/www.yucatanencorto.com\/noticias\/wp-content\/uploads\/2023\/12\/IMG-20231217-WA0028-696x488.jpg 696w\" sizes=\"auto, (max-width: 768px) 100vw, 768px\" \/><\/p>\n<p>M\u00e9rida, Yucat\u00e1n a 17 de diciembre 2023.<\/p>\n<p>-La precandidata a la presidencia municipal comparte su visi\u00f3n de una ciudad con gran capacidad de desarrollo econ\u00f3mico, social y ambiental para todos.<\/p>\n<p>&nbsp;<\/p>\n<p>&nbsp;<\/p>\n<p>\u00abConservar nuestros recursos naturales para el futuro sin dejar de atender las necesidades actuales de M\u00e9rida es posible si seguimos impulsando pol\u00edticas p\u00fablicas suficientes que aseguren un mejor futuro para las siguientes generaciones\u00bb indic\u00f3 Cecilia Patr\u00f3n Lavidada.<\/p>\n<p>&nbsp;<\/p>\n<p>La precandidata del PAN Yucat\u00e1n a la presidencia de M\u00e9rida se\u00f1al\u00f3 que hoy m\u00e1s que nunca debemos redoblar el trabajo en equipo, en el que cada acci\u00f3n implementada para mantener la calidad de vida sea pensada con responsabilidad poniendo al centro a las personas.<\/p>\n<p>&nbsp;<\/p>\n<p>\u00abDebemos de trabajar en las condiciones que permitan que M\u00e9rida pueda desarrollarse de la mano de los ciudadanos, cuidando el medio ambiente, generando condiciones\u00a0 econ\u00f3micas y sociales para el crecimiento parejo de una sola M\u00e9rida para de todas las familias\u00bb.<\/p>\n<p>&nbsp;<\/p>\n<p>\u00abPorque mucho se puede so\u00f1ar pero si los ciudadanos no participan las cosas no se materializan, nuestra M\u00e9rida chula la cuidamos entre todos\u00bb.<\/p>\n<p>&nbsp;<\/p>\n<p>M\u00e9rida cuenta con pol\u00edticas p\u00fablicas sostenibles como el Plan de Infraestructura Verde, el programa \u00abEn Bici\u00bb, y campa\u00f1as como \u00abDise\u00f1a tu ciudad\u00bb que incentiva el dise\u00f1o de espacios p\u00fablicos adecuados a las necesidades de la comunidad.<\/p>\n<p>&nbsp;<\/p>\n<p>Adem\u00e1s son amplias las campa\u00f1as de arborizaci\u00f3n desde los gobiernos estatal y municipal, mostrando que el trabajo en equipo es el que da los mejores resultados.<\/p>\n<p>&nbsp;<\/p>\n<p>\u00abMi visi\u00f3n de una M\u00e9rida ordenada y solidaria, conlleva que sea sostenible, que nunca dejemos de pensar en lo que dejaremos a las siguientes generaciones\u00bb, concluy\u00f3.<\/p>\n<p>&nbsp;<\/p>\n<p>Este domingo la precandidata se reuni\u00f3 con militantes y simpatizantes de Dzununc\u00e1n, la Mielera, Guadalupana y Los H\u00e9roes.<\/p>\n","protected":false},"excerpt":{"rendered":"<p>M\u00e9rida, Yucat\u00e1n a 17 de diciembre 2023. -La precandidata a la presidencia municipal comparte su visi\u00f3n de una ciudad con gran capacidad de desarrollo econ\u00f3mico, social y ambiental para todos. &nbsp; &nbsp; \u00abConservar nuestros recursos naturales para el futuro sin dejar de atender las necesidades actuales de M\u00e9rida es posible si seguimos impulsando pol\u00edticas p\u00fablicas [&hellip;]<\/p>\n","protected":false},"author":3,"featured_media":101556,"comment_status":"closed","ping_status":"closed","sticky":false,"template":"","format":"standard","meta":{"footnotes":""},"categories":[3],"tags":[],"class_list":{"0":"post-101555","1":"post","2":"type-post","3":"status-publish","4":"format-standard","5":"has-post-thumbnail","7":"category-yucatan"},"yoast_head":"<!-- This site is optimized with the Yoast SEO plugin v27.4 - https:\/\/yoast.com\/product\/yoast-seo-wordpress\/ -->\n<title>Una M\u00e9rida sostenible, trabajando en equipo para transformarla: Cecilia Patr\u00f3n - Yucat\u00e1n en corto<\/title>\n<meta name=\"robots\" content=\"index, follow, max-snippet:-1, max-image-preview:large, max-video-preview:-1\" \/>\n<link rel=\"canonical\" href=\"https:\/\/www.yucatanencorto.com\/noticias\/una-merida-sostenible-trabajando-en-equipo-para-transformarla-cecilia-patron\/\" \/>\n<meta property=\"og:locale\" content=\"es_ES\" \/>\n<meta property=\"og:type\" content=\"article\" \/>\n<meta property=\"og:title\" content=\"Una M\u00e9rida sostenible, trabajando en equipo para transformarla: Cecilia Patr\u00f3n - Yucat\u00e1n en corto\" \/>\n<meta property=\"og:description\" content=\"M\u00e9rida, Yucat\u00e1n a 17 de diciembre 2023. -La precandidata a la presidencia municipal comparte su visi\u00f3n de una ciudad con gran capacidad de desarrollo econ\u00f3mico, social y ambiental para todos. &nbsp; &nbsp; \u00abConservar nuestros recursos naturales para el futuro sin dejar de atender las necesidades actuales de M\u00e9rida es posible si seguimos impulsando pol\u00edticas p\u00fablicas [&hellip;]\" \/>\n<meta property=\"og:url\" content=\"https:\/\/www.yucatanencorto.com\/noticias\/una-merida-sostenible-trabajando-en-equipo-para-transformarla-cecilia-patron\/\" \/>\n<meta property=\"og:site_name\" content=\"Yucat\u00e1n en corto\" \/>\n<meta property=\"article:publisher\" content=\"http:\/\/www.facebook.com\/yucatanencorto\" \/>\n<meta property=\"article:published_time\" content=\"2023-12-18T02:20:28+00:00\" \/>\n<meta property=\"og:image\" content=\"https:\/\/www.yucatanencorto.com\/noticias\/wp-content\/uploads\/2023\/12\/IMG-20231217-WA0028-scaled.jpg\" \/>\n\t<meta property=\"og:image:width\" content=\"768\" \/>\n\t<meta property=\"og:image:height\" content=\"538\" \/>\n\t<meta property=\"og:image:type\" content=\"image\/jpeg\" \/>\n<meta name=\"author\" content=\"Redes\" \/>\n<meta name=\"twitter:card\" content=\"summary_large_image\" \/>\n<meta name=\"twitter:creator\" content=\"@yucatanencorto\" \/>\n<meta name=\"twitter:site\" content=\"@yucatanencorto\" \/>\n<meta name=\"twitter:label1\" content=\"Escrito por\" \/>\n\t<meta name=\"twitter:data1\" content=\"Redes\" \/>\n\t<meta name=\"twitter:label2\" content=\"Tiempo de lectura\" \/>\n\t<meta name=\"twitter:data2\" content=\"2 minutos\" \/>\n<script type=\"application\/ld+json\" class=\"yoast-schema-graph\">{\"@context\":\"https:\\\/\\\/schema.org\",\"@graph\":[{\"@type\":\"Article\",\"@id\":\"https:\\\/\\\/www.yucatanencorto.com\\\/noticias\\\/una-merida-sostenible-trabajando-en-equipo-para-transformarla-cecilia-patron\\\/#article\",\"isPartOf\":{\"@id\":\"https:\\\/\\\/www.yucatanencorto.com\\\/noticias\\\/una-merida-sostenible-trabajando-en-equipo-para-transformarla-cecilia-patron\\\/\"},\"author\":{\"name\":\"Redes\",\"@id\":\"https:\\\/\\\/www.yucatanencorto.com\\\/noticias\\\/#\\\/schema\\\/person\\\/e2fbdfaf30a07014a43940ce989f3119\"},\"headline\":\"Una M\u00e9rida sostenible, trabajando en equipo para transformarla: Cecilia Patr\u00f3n\",\"datePublished\":\"2023-12-18T02:20:28+00:00\",\"mainEntityOfPage\":{\"@id\":\"https:\\\/\\\/www.yucatanencorto.com\\\/noticias\\\/una-merida-sostenible-trabajando-en-equipo-para-transformarla-cecilia-patron\\\/\"},\"wordCount\":331,\"image\":{\"@id\":\"https:\\\/\\\/www.yucatanencorto.com\\\/noticias\\\/una-merida-sostenible-trabajando-en-equipo-para-transformarla-cecilia-patron\\\/#primaryimage\"},\"thumbnailUrl\":\"https:\\\/\\\/www.yucatanencorto.com\\\/noticias\\\/wp-content\\\/uploads\\\/2023\\\/12\\\/IMG-20231217-WA0028-scaled.jpg\",\"articleSection\":[\"Yucat\u00e1n\"],\"inLanguage\":\"es\"},{\"@type\":\"WebPage\",\"@id\":\"https:\\\/\\\/www.yucatanencorto.com\\\/noticias\\\/una-merida-sostenible-trabajando-en-equipo-para-transformarla-cecilia-patron\\\/\",\"url\":\"https:\\\/\\\/www.yucatanencorto.com\\\/noticias\\\/una-merida-sostenible-trabajando-en-equipo-para-transformarla-cecilia-patron\\\/\",\"name\":\"Una M\u00e9rida sostenible, trabajando en equipo para transformarla: Cecilia Patr\u00f3n - Yucat\u00e1n en corto\",\"isPartOf\":{\"@id\":\"https:\\\/\\\/www.yucatanencorto.com\\\/noticias\\\/#website\"},\"primaryImageOfPage\":{\"@id\":\"https:\\\/\\\/www.yucatanencorto.com\\\/noticias\\\/una-merida-sostenible-trabajando-en-equipo-para-transformarla-cecilia-patron\\\/#primaryimage\"},\"image\":{\"@id\":\"https:\\\/\\\/www.yucatanencorto.com\\\/noticias\\\/una-merida-sostenible-trabajando-en-equipo-para-transformarla-cecilia-patron\\\/#primaryimage\"},\"thumbnailUrl\":\"https:\\\/\\\/www.yucatanencorto.com\\\/noticias\\\/wp-content\\\/uploads\\\/2023\\\/12\\\/IMG-20231217-WA0028-scaled.jpg\",\"datePublished\":\"2023-12-18T02:20:28+00:00\",\"author\":{\"@id\":\"https:\\\/\\\/www.yucatanencorto.com\\\/noticias\\\/#\\\/schema\\\/person\\\/e2fbdfaf30a07014a43940ce989f3119\"},\"breadcrumb\":{\"@id\":\"https:\\\/\\\/www.yucatanencorto.com\\\/noticias\\\/una-merida-sostenible-trabajando-en-equipo-para-transformarla-cecilia-patron\\\/#breadcrumb\"},\"inLanguage\":\"es\",\"potentialAction\":[{\"@type\":\"ReadAction\",\"target\":[\"https:\\\/\\\/www.yucatanencorto.com\\\/noticias\\\/una-merida-sostenible-trabajando-en-equipo-para-transformarla-cecilia-patron\\\/\"]}]},{\"@type\":\"ImageObject\",\"inLanguage\":\"es\",\"@id\":\"https:\\\/\\\/www.yucatanencorto.com\\\/noticias\\\/una-merida-sostenible-trabajando-en-equipo-para-transformarla-cecilia-patron\\\/#primaryimage\",\"url\":\"https:\\\/\\\/www.yucatanencorto.com\\\/noticias\\\/wp-content\\\/uploads\\\/2023\\\/12\\\/IMG-20231217-WA0028-scaled.jpg\",\"contentUrl\":\"https:\\\/\\\/www.yucatanencorto.com\\\/noticias\\\/wp-content\\\/uploads\\\/2023\\\/12\\\/IMG-20231217-WA0028-scaled.jpg\",\"width\":768,\"height\":538},{\"@type\":\"BreadcrumbList\",\"@id\":\"https:\\\/\\\/www.yucatanencorto.com\\\/noticias\\\/una-merida-sostenible-trabajando-en-equipo-para-transformarla-cecilia-patron\\\/#breadcrumb\",\"itemListElement\":[{\"@type\":\"ListItem\",\"position\":1,\"name\":\"Portada\",\"item\":\"https:\\\/\\\/www.yucatanencorto.com\\\/noticias\\\/\"},{\"@type\":\"ListItem\",\"position\":2,\"name\":\"Una M\u00e9rida sostenible, trabajando en equipo para transformarla: Cecilia Patr\u00f3n\"}]},{\"@type\":\"WebSite\",\"@id\":\"https:\\\/\\\/www.yucatanencorto.com\\\/noticias\\\/#website\",\"url\":\"https:\\\/\\\/www.yucatanencorto.com\\\/noticias\\\/\",\"name\":\"Yucat\u00e1n en corto\",\"description\":\"Noticias\",\"potentialAction\":[{\"@type\":\"SearchAction\",\"target\":{\"@type\":\"EntryPoint\",\"urlTemplate\":\"https:\\\/\\\/www.yucatanencorto.com\\\/noticias\\\/?s={search_term_string}\"},\"query-input\":{\"@type\":\"PropertyValueSpecification\",\"valueRequired\":true,\"valueName\":\"search_term_string\"}}],\"inLanguage\":\"es\"},{\"@type\":\"Person\",\"@id\":\"https:\\\/\\\/www.yucatanencorto.com\\\/noticias\\\/#\\\/schema\\\/person\\\/e2fbdfaf30a07014a43940ce989f3119\",\"name\":\"Redes\",\"image\":{\"@type\":\"ImageObject\",\"inLanguage\":\"es\",\"@id\":\"https:\\\/\\\/secure.gravatar.com\\\/avatar\\\/5931a2d21dd7cc834f44c8c34fe56d90ed6d536ef452cbf870c7485b524dddd7?s=96&d=mm&r=g\",\"url\":\"https:\\\/\\\/secure.gravatar.com\\\/avatar\\\/5931a2d21dd7cc834f44c8c34fe56d90ed6d536ef452cbf870c7485b524dddd7?s=96&d=mm&r=g\",\"contentUrl\":\"https:\\\/\\\/secure.gravatar.com\\\/avatar\\\/5931a2d21dd7cc834f44c8c34fe56d90ed6d536ef452cbf870c7485b524dddd7?s=96&d=mm&r=g\",\"caption\":\"Redes\"},\"url\":\"https:\\\/\\\/www.yucatanencorto.com\\\/noticias\\\/author\\\/redes\\\/\"}]}<\/script>\n<!-- \/ Yoast SEO plugin. -->","yoast_head_json":{"title":"Una M\u00e9rida sostenible, trabajando en equipo para transformarla: Cecilia Patr\u00f3n - Yucat\u00e1n en corto","robots":{"index":"index","follow":"follow","max-snippet":"max-snippet:-1","max-image-preview":"max-image-preview:large","max-video-preview":"max-video-preview:-1"},"canonical":"https:\/\/www.yucatanencorto.com\/noticias\/una-merida-sostenible-trabajando-en-equipo-para-transformarla-cecilia-patron\/","og_locale":"es_ES","og_type":"article","og_title":"Una M\u00e9rida sostenible, trabajando en equipo para transformarla: Cecilia Patr\u00f3n - Yucat\u00e1n en corto","og_description":"M\u00e9rida, Yucat\u00e1n a 17 de diciembre 2023. -La precandidata a la presidencia municipal comparte su visi\u00f3n de una ciudad con gran capacidad de desarrollo econ\u00f3mico, social y ambiental para todos. &nbsp; &nbsp; \u00abConservar nuestros recursos naturales para el futuro sin dejar de atender las necesidades actuales de M\u00e9rida es posible si seguimos impulsando pol\u00edticas p\u00fablicas [&hellip;]","og_url":"https:\/\/www.yucatanencorto.com\/noticias\/una-merida-sostenible-trabajando-en-equipo-para-transformarla-cecilia-patron\/","og_site_name":"Yucat\u00e1n en corto","article_publisher":"http:\/\/www.facebook.com\/yucatanencorto","article_published_time":"2023-12-18T02:20:28+00:00","og_image":[{"width":768,"height":538,"url":"https:\/\/www.yucatanencorto.com\/noticias\/wp-content\/uploads\/2023\/12\/IMG-20231217-WA0028-scaled.jpg","type":"image\/jpeg"}],"author":"Redes","twitter_card":"summary_large_image","twitter_creator":"@yucatanencorto","twitter_site":"@yucatanencorto","twitter_misc":{"Escrito por":"Redes","Tiempo de lectura":"2 minutos"},"schema":{"@context":"https:\/\/schema.org","@graph":[{"@type":"Article","@id":"https:\/\/www.yucatanencorto.com\/noticias\/una-merida-sostenible-trabajando-en-equipo-para-transformarla-cecilia-patron\/#article","isPartOf":{"@id":"https:\/\/www.yucatanencorto.com\/noticias\/una-merida-sostenible-trabajando-en-equipo-para-transformarla-cecilia-patron\/"},"author":{"name":"Redes","@id":"https:\/\/www.yucatanencorto.com\/noticias\/#\/schema\/person\/e2fbdfaf30a07014a43940ce989f3119"},"headline":"Una M\u00e9rida sostenible, trabajando en equipo para transformarla: Cecilia Patr\u00f3n","datePublished":"2023-12-18T02:20:28+00:00","mainEntityOfPage":{"@id":"https:\/\/www.yucatanencorto.com\/noticias\/una-merida-sostenible-trabajando-en-equipo-para-transformarla-cecilia-patron\/"},"wordCount":331,"image":{"@id":"https:\/\/www.yucatanencorto.com\/noticias\/una-merida-sostenible-trabajando-en-equipo-para-transformarla-cecilia-patron\/#primaryimage"},"thumbnailUrl":"https:\/\/www.yucatanencorto.com\/noticias\/wp-content\/uploads\/2023\/12\/IMG-20231217-WA0028-scaled.jpg","articleSection":["Yucat\u00e1n"],"inLanguage":"es"},{"@type":"WebPage","@id":"https:\/\/www.yucatanencorto.com\/noticias\/una-merida-sostenible-trabajando-en-equipo-para-transformarla-cecilia-patron\/","url":"https:\/\/www.yucatanencorto.com\/noticias\/una-merida-sostenible-trabajando-en-equipo-para-transformarla-cecilia-patron\/","name":"Una M\u00e9rida sostenible, trabajando en equipo para transformarla: Cecilia Patr\u00f3n - Yucat\u00e1n en corto","isPartOf":{"@id":"https:\/\/www.yucatanencorto.com\/noticias\/#website"},"primaryImageOfPage":{"@id":"https:\/\/www.yucatanencorto.com\/noticias\/una-merida-sostenible-trabajando-en-equipo-para-transformarla-cecilia-patron\/#primaryimage"},"image":{"@id":"https:\/\/www.yucatanencorto.com\/noticias\/una-merida-sostenible-trabajando-en-equipo-para-transformarla-cecilia-patron\/#primaryimage"},"thumbnailUrl":"https:\/\/www.yucatanencorto.com\/noticias\/wp-content\/uploads\/2023\/12\/IMG-20231217-WA0028-scaled.jpg","datePublished":"2023-12-18T02:20:28+00:00","author":{"@id":"https:\/\/www.yucatanencorto.com\/noticias\/#\/schema\/person\/e2fbdfaf30a07014a43940ce989f3119"},"breadcrumb":{"@id":"https:\/\/www.yucatanencorto.com\/noticias\/una-merida-sostenible-trabajando-en-equipo-para-transformarla-cecilia-patron\/#breadcrumb"},"inLanguage":"es","potentialAction":[{"@type":"ReadAction","target":["https:\/\/www.yucatanencorto.com\/noticias\/una-merida-sostenible-trabajando-en-equipo-para-transformarla-cecilia-patron\/"]}]},{"@type":"ImageObject","inLanguage":"es","@id":"https:\/\/www.yucatanencorto.com\/noticias\/una-merida-sostenible-trabajando-en-equipo-para-transformarla-cecilia-patron\/#primaryimage","url":"https:\/\/www.yucatanencorto.com\/noticias\/wp-content\/uploads\/2023\/12\/IMG-20231217-WA0028-scaled.jpg","contentUrl":"https:\/\/www.yucatanencorto.com\/noticias\/wp-content\/uploads\/2023\/12\/IMG-20231217-WA0028-scaled.jpg","width":768,"height":538},{"@type":"BreadcrumbList","@id":"https:\/\/www.yucatanencorto.com\/noticias\/una-merida-sostenible-trabajando-en-equipo-para-transformarla-cecilia-patron\/#breadcrumb","itemListElement":[{"@type":"ListItem","position":1,"name":"Portada","item":"https:\/\/www.yucatanencorto.com\/noticias\/"},{"@type":"ListItem","position":2,"name":"Una M\u00e9rida sostenible, trabajando en equipo para transformarla: Cecilia Patr\u00f3n"}]},{"@type":"WebSite","@id":"https:\/\/www.yucatanencorto.com\/noticias\/#website","url":"https:\/\/www.yucatanencorto.com\/noticias\/","name":"Yucat\u00e1n en corto","description":"Noticias","potentialAction":[{"@type":"SearchAction","target":{"@type":"EntryPoint","urlTemplate":"https:\/\/www.yucatanencorto.com\/noticias\/?s={search_term_string}"},"query-input":{"@type":"PropertyValueSpecification","valueRequired":true,"valueName":"search_term_string"}}],"inLanguage":"es"},{"@type":"Person","@id":"https:\/\/www.yucatanencorto.com\/noticias\/#\/schema\/person\/e2fbdfaf30a07014a43940ce989f3119","name":"Redes","image":{"@type":"ImageObject","inLanguage":"es","@id":"https:\/\/secure.gravatar.com\/avatar\/5931a2d21dd7cc834f44c8c34fe56d90ed6d536ef452cbf870c7485b524dddd7?s=96&d=mm&r=g","url":"https:\/\/secure.gravatar.com\/avatar\/5931a2d21dd7cc834f44c8c34fe56d90ed6d536ef452cbf870c7485b524dddd7?s=96&d=mm&r=g","contentUrl":"https:\/\/secure.gravatar.com\/avatar\/5931a2d21dd7cc834f44c8c34fe56d90ed6d536ef452cbf870c7485b524dddd7?s=96&d=mm&r=g","caption":"Redes"},"url":"https:\/\/www.yucatanencorto.com\/noticias\/author\/redes\/"}]}},"_links":{"self":[{"href":"https:\/\/www.yucatanencorto.com\/noticias\/wp-json\/wp\/v2\/posts\/101555","targetHints":{"allow":["GET"]}}],"collection":[{"href":"https:\/\/www.yucatanencorto.com\/noticias\/wp-json\/wp\/v2\/posts"}],"about":[{"href":"https:\/\/www.yucatanencorto.com\/noticias\/wp-json\/wp\/v2\/types\/post"}],"author":[{"embeddable":true,"href":"https:\/\/www.yucatanencorto.com\/noticias\/wp-json\/wp\/v2\/users\/3"}],"replies":[{"embeddable":true,"href":"https:\/\/www.yucatanencorto.com\/noticias\/wp-json\/wp\/v2\/comments?post=101555"}],"version-history":[{"count":0,"href":"https:\/\/www.yucatanencorto.com\/noticias\/wp-json\/wp\/v2\/posts\/101555\/revisions"}],"wp:featuredmedia":[{"embeddable":true,"href":"https:\/\/www.yucatanencorto.com\/noticias\/wp-json\/wp\/v2\/media\/101556"}],"wp:attachment":[{"href":"https:\/\/www.yucatanencorto.com\/noticias\/wp-json\/wp\/v2\/media?parent=101555"}],"wp:term":[{"taxonomy":"category","embeddable":true,"href":"https:\/\/www.yucatanencorto.com\/noticias\/wp-json\/wp\/v2\/categories?post=101555"},{"taxonomy":"post_tag","embeddable":true,"href":"https:\/\/www.yucatanencorto.com\/noticias\/wp-json\/wp\/v2\/tags?post=101555"}],"curies":[{"name":"wp","href":"https:\/\/api.w.org\/{rel}","templated":true}]}}