{"id":101558,"date":"2023-12-18T13:47:51","date_gmt":"2023-12-18T19:47:51","guid":{"rendered":"https:\/\/www.yucatanencorto.com\/noticias\/?p=101558"},"modified":"2023-12-18T13:47:51","modified_gmt":"2023-12-18T19:47:51","slug":"yucatan-nuevamente-a-la-cabeza-en-registro-de-empleadores-ante-el-imss","status":"publish","type":"post","link":"https:\/\/www.yucatanencorto.com\/noticias\/yucatan-nuevamente-a-la-cabeza-en-registro-de-empleadores-ante-el-imss\/","title":{"rendered":"Yucat\u00e1n nuevamente a la cabeza en registro de empleadores ante el IMSS"},"content":{"rendered":"<p dir=\"ltr\"><img loading=\"lazy\" decoding=\"async\" class=\"alignnone size-full wp-image-101559\" src=\"https:\/\/www.yucatanencorto.com\/noticias\/wp-content\/uploads\/2023\/12\/image00001-1.png\" alt=\"\" width=\"768\" height=\"681\" srcset=\"https:\/\/www.yucatanencorto.com\/noticias\/wp-content\/uploads\/2023\/12\/image00001-1.png 768w, https:\/\/www.yucatanencorto.com\/noticias\/wp-content\/uploads\/2023\/12\/image00001-1-150x133.png 150w, https:\/\/www.yucatanencorto.com\/noticias\/wp-content\/uploads\/2023\/12\/image00001-1-300x266.png 300w, https:\/\/www.yucatanencorto.com\/noticias\/wp-content\/uploads\/2023\/12\/image00001-1-696x617.png 696w\" sizes=\"auto, (max-width: 768px) 100vw, 768px\" \/><\/p>\n<p dir=\"ltr\">M\u00e9rida,\u00a0 Yucat\u00e1n, 18 de diciembre de 2023.- Debido al importante apoyo que el Gobierno de Mauricio Vila Dosal ha dado a emprendedores y nuevos negocios, la entidad alcanz\u00f3 un total de 22,092 patrones registrados ante el Instituto Mexicano del Seguro Social (IMSS), lo que represent\u00f3 un crecimiento anual de 3% respecto al mismo mes de 2022.<\/p>\n<div><\/div>\n<p dir=\"ltr\">\n<p dir=\"ltr\">De acuerdo con lo dado a conocer por el IMSS, esta cifra represent\u00f3 un incremento superior al nacional de 0.9% y posicion\u00f3 a la entidad entre las cuatros del pa\u00eds con mayor crecimiento en el total de patrones.<\/p>\n<div><\/div>\n<p dir=\"ltr\">\n<p dir=\"ltr\">Por otra parte, durante el periodo enero-noviembre de 2023, Yucat\u00e1n registr\u00f3 649 nuevos patrones ante el IMSS, cifra superior a la media nacional de 385, lo que coloc\u00f3 al estado dentro de las 8 entidades del pa\u00eds con mayores nuevos registros.<\/p>\n<div><\/div>\n<p dir=\"ltr\">\n<p dir=\"ltr\">Para el Gobernador Mauricio Vila Dosal desde el primer momento fue prioridad apoyar a los emprendedores, peque\u00f1as y medianas empresas, ya que son una importante fuente de empleo para los yucatecos, por ello impulsa esquemas como MicroYuc Emprendedores y\u00a0 \u00abYucat\u00e1n Expone\u00bb, con la que se busca promocionar a las micro, peque\u00f1as y medianas empresas en diferentes puntos del pa\u00eds.<\/p>\n<div><\/div>\n<p dir=\"ltr\">\n<p dir=\"ltr\">Cabe recordar que en el mes de mayo, esta muestra lleg\u00f3 al Z\u00f3calo de la Ciudad de M\u00e9xico con la participaci\u00f3n de m\u00e1s de 270 micro, peque\u00f1as y medianas empresas con bienes hechos por 800 artesanos, como salsas, condimentos, prendas de vestir, calzado, artesan\u00edas, licores, miel, concentrados, productos naturales, horchatas, caf\u00e9, hamacas, bolsas, joyer\u00eda y bisuter\u00eda, marquesitas y alimentos al vac\u00edo, entre otros.<\/p>\n<div><\/div>\n<p dir=\"ltr\">\n<p dir=\"ltr\">Tambi\u00e9n, con el fin de continuar haciendo crecer los emprendimientos, micro y peque\u00f1as empresas para que sigan generando econom\u00eda y empleos el Gobernador distribuy\u00f3 recientemente un total de 1,146 apoyos de programa MicroYuc productivo y 221 de MicroYuc Social, respaldo que representa una inversi\u00f3n total de 7.8 millones de pesos.<\/p>\n<div><\/div>\n<p dir=\"ltr\">\n<p dir=\"ltr\">Asimismo,\u00a0 a trav\u00e9s de la alianza con la C\u00e1mara Nacional de la Industria del Vestido (Canaive) y autoridades municipales, pusieron el Laboratorio de Fotograf\u00eda Digital \u00abPhotolab\u00bb by Indumental, con lo que due\u00f1os de peque\u00f1os negocios pueden acceder a servicios de creaci\u00f3n de contenido visual, que ayuden a expandir sus mercados y potenciar la comercializaci\u00f3n en l\u00ednea de sus productos.<\/p>\n","protected":false},"excerpt":{"rendered":"<p>M\u00e9rida,\u00a0 Yucat\u00e1n, 18 de diciembre de 2023.- Debido al importante apoyo que el Gobierno de Mauricio Vila Dosal ha dado a emprendedores y nuevos negocios, la entidad alcanz\u00f3 un total de 22,092 patrones registrados ante el Instituto Mexicano del Seguro Social (IMSS), lo que represent\u00f3 un crecimiento anual de 3% respecto al mismo mes de [&hellip;]<\/p>\n","protected":false},"author":3,"featured_media":101559,"comment_status":"closed","ping_status":"closed","sticky":false,"template":"","format":"standard","meta":{"footnotes":""},"categories":[3],"tags":[],"class_list":{"0":"post-101558","1":"post","2":"type-post","3":"status-publish","4":"format-standard","5":"has-post-thumbnail","7":"category-yucatan"},"yoast_head":"<!-- This site is optimized with the Yoast SEO plugin v27.4 - https:\/\/yoast.com\/product\/yoast-seo-wordpress\/ -->\n<title>Yucat\u00e1n nuevamente a la cabeza en registro de empleadores ante el IMSS - Yucat\u00e1n en corto<\/title>\n<meta name=\"robots\" content=\"index, follow, max-snippet:-1, max-image-preview:large, max-video-preview:-1\" \/>\n<link rel=\"canonical\" href=\"https:\/\/www.yucatanencorto.com\/noticias\/yucatan-nuevamente-a-la-cabeza-en-registro-de-empleadores-ante-el-imss\/\" \/>\n<meta property=\"og:locale\" content=\"es_ES\" \/>\n<meta property=\"og:type\" content=\"article\" \/>\n<meta property=\"og:title\" content=\"Yucat\u00e1n nuevamente a la cabeza en registro de empleadores ante el IMSS - Yucat\u00e1n en corto\" \/>\n<meta property=\"og:description\" content=\"M\u00e9rida,\u00a0 Yucat\u00e1n, 18 de diciembre de 2023.- Debido al importante apoyo que el Gobierno de Mauricio Vila Dosal ha dado a emprendedores y nuevos negocios, la entidad alcanz\u00f3 un total de 22,092 patrones registrados ante el Instituto Mexicano del Seguro Social (IMSS), lo que represent\u00f3 un crecimiento anual de 3% respecto al mismo mes de [&hellip;]\" \/>\n<meta property=\"og:url\" content=\"https:\/\/www.yucatanencorto.com\/noticias\/yucatan-nuevamente-a-la-cabeza-en-registro-de-empleadores-ante-el-imss\/\" \/>\n<meta property=\"og:site_name\" content=\"Yucat\u00e1n en corto\" \/>\n<meta property=\"article:publisher\" content=\"http:\/\/www.facebook.com\/yucatanencorto\" \/>\n<meta property=\"article:published_time\" content=\"2023-12-18T19:47:51+00:00\" \/>\n<meta property=\"og:image\" content=\"https:\/\/www.yucatanencorto.com\/noticias\/wp-content\/uploads\/2023\/12\/image00001-1.png\" \/>\n\t<meta property=\"og:image:width\" content=\"768\" \/>\n\t<meta property=\"og:image:height\" content=\"681\" \/>\n\t<meta property=\"og:image:type\" content=\"image\/png\" \/>\n<meta name=\"author\" content=\"Redes\" \/>\n<meta name=\"twitter:card\" content=\"summary_large_image\" \/>\n<meta name=\"twitter:creator\" content=\"@yucatanencorto\" \/>\n<meta name=\"twitter:site\" content=\"@yucatanencorto\" \/>\n<meta name=\"twitter:label1\" content=\"Escrito por\" \/>\n\t<meta name=\"twitter:data1\" content=\"Redes\" \/>\n\t<meta name=\"twitter:label2\" content=\"Tiempo de lectura\" \/>\n\t<meta name=\"twitter:data2\" content=\"2 minutos\" \/>\n<script type=\"application\/ld+json\" class=\"yoast-schema-graph\">{\"@context\":\"https:\\\/\\\/schema.org\",\"@graph\":[{\"@type\":\"Article\",\"@id\":\"https:\\\/\\\/www.yucatanencorto.com\\\/noticias\\\/yucatan-nuevamente-a-la-cabeza-en-registro-de-empleadores-ante-el-imss\\\/#article\",\"isPartOf\":{\"@id\":\"https:\\\/\\\/www.yucatanencorto.com\\\/noticias\\\/yucatan-nuevamente-a-la-cabeza-en-registro-de-empleadores-ante-el-imss\\\/\"},\"author\":{\"name\":\"Redes\",\"@id\":\"https:\\\/\\\/www.yucatanencorto.com\\\/noticias\\\/#\\\/schema\\\/person\\\/e2fbdfaf30a07014a43940ce989f3119\"},\"headline\":\"Yucat\u00e1n nuevamente a la cabeza en registro de empleadores ante el IMSS\",\"datePublished\":\"2023-12-18T19:47:51+00:00\",\"mainEntityOfPage\":{\"@id\":\"https:\\\/\\\/www.yucatanencorto.com\\\/noticias\\\/yucatan-nuevamente-a-la-cabeza-en-registro-de-empleadores-ante-el-imss\\\/\"},\"wordCount\":395,\"image\":{\"@id\":\"https:\\\/\\\/www.yucatanencorto.com\\\/noticias\\\/yucatan-nuevamente-a-la-cabeza-en-registro-de-empleadores-ante-el-imss\\\/#primaryimage\"},\"thumbnailUrl\":\"https:\\\/\\\/www.yucatanencorto.com\\\/noticias\\\/wp-content\\\/uploads\\\/2023\\\/12\\\/image00001-1.png\",\"articleSection\":[\"Yucat\u00e1n\"],\"inLanguage\":\"es\"},{\"@type\":\"WebPage\",\"@id\":\"https:\\\/\\\/www.yucatanencorto.com\\\/noticias\\\/yucatan-nuevamente-a-la-cabeza-en-registro-de-empleadores-ante-el-imss\\\/\",\"url\":\"https:\\\/\\\/www.yucatanencorto.com\\\/noticias\\\/yucatan-nuevamente-a-la-cabeza-en-registro-de-empleadores-ante-el-imss\\\/\",\"name\":\"Yucat\u00e1n nuevamente a la cabeza en registro de empleadores ante el IMSS - Yucat\u00e1n en corto\",\"isPartOf\":{\"@id\":\"https:\\\/\\\/www.yucatanencorto.com\\\/noticias\\\/#website\"},\"primaryImageOfPage\":{\"@id\":\"https:\\\/\\\/www.yucatanencorto.com\\\/noticias\\\/yucatan-nuevamente-a-la-cabeza-en-registro-de-empleadores-ante-el-imss\\\/#primaryimage\"},\"image\":{\"@id\":\"https:\\\/\\\/www.yucatanencorto.com\\\/noticias\\\/yucatan-nuevamente-a-la-cabeza-en-registro-de-empleadores-ante-el-imss\\\/#primaryimage\"},\"thumbnailUrl\":\"https:\\\/\\\/www.yucatanencorto.com\\\/noticias\\\/wp-content\\\/uploads\\\/2023\\\/12\\\/image00001-1.png\",\"datePublished\":\"2023-12-18T19:47:51+00:00\",\"author\":{\"@id\":\"https:\\\/\\\/www.yucatanencorto.com\\\/noticias\\\/#\\\/schema\\\/person\\\/e2fbdfaf30a07014a43940ce989f3119\"},\"breadcrumb\":{\"@id\":\"https:\\\/\\\/www.yucatanencorto.com\\\/noticias\\\/yucatan-nuevamente-a-la-cabeza-en-registro-de-empleadores-ante-el-imss\\\/#breadcrumb\"},\"inLanguage\":\"es\",\"potentialAction\":[{\"@type\":\"ReadAction\",\"target\":[\"https:\\\/\\\/www.yucatanencorto.com\\\/noticias\\\/yucatan-nuevamente-a-la-cabeza-en-registro-de-empleadores-ante-el-imss\\\/\"]}]},{\"@type\":\"ImageObject\",\"inLanguage\":\"es\",\"@id\":\"https:\\\/\\\/www.yucatanencorto.com\\\/noticias\\\/yucatan-nuevamente-a-la-cabeza-en-registro-de-empleadores-ante-el-imss\\\/#primaryimage\",\"url\":\"https:\\\/\\\/www.yucatanencorto.com\\\/noticias\\\/wp-content\\\/uploads\\\/2023\\\/12\\\/image00001-1.png\",\"contentUrl\":\"https:\\\/\\\/www.yucatanencorto.com\\\/noticias\\\/wp-content\\\/uploads\\\/2023\\\/12\\\/image00001-1.png\",\"width\":768,\"height\":681},{\"@type\":\"BreadcrumbList\",\"@id\":\"https:\\\/\\\/www.yucatanencorto.com\\\/noticias\\\/yucatan-nuevamente-a-la-cabeza-en-registro-de-empleadores-ante-el-imss\\\/#breadcrumb\",\"itemListElement\":[{\"@type\":\"ListItem\",\"position\":1,\"name\":\"Portada\",\"item\":\"https:\\\/\\\/www.yucatanencorto.com\\\/noticias\\\/\"},{\"@type\":\"ListItem\",\"position\":2,\"name\":\"Yucat\u00e1n nuevamente a la cabeza en registro de empleadores ante el IMSS\"}]},{\"@type\":\"WebSite\",\"@id\":\"https:\\\/\\\/www.yucatanencorto.com\\\/noticias\\\/#website\",\"url\":\"https:\\\/\\\/www.yucatanencorto.com\\\/noticias\\\/\",\"name\":\"Yucat\u00e1n en corto\",\"description\":\"Noticias\",\"potentialAction\":[{\"@type\":\"SearchAction\",\"target\":{\"@type\":\"EntryPoint\",\"urlTemplate\":\"https:\\\/\\\/www.yucatanencorto.com\\\/noticias\\\/?s={search_term_string}\"},\"query-input\":{\"@type\":\"PropertyValueSpecification\",\"valueRequired\":true,\"valueName\":\"search_term_string\"}}],\"inLanguage\":\"es\"},{\"@type\":\"Person\",\"@id\":\"https:\\\/\\\/www.yucatanencorto.com\\\/noticias\\\/#\\\/schema\\\/person\\\/e2fbdfaf30a07014a43940ce989f3119\",\"name\":\"Redes\",\"image\":{\"@type\":\"ImageObject\",\"inLanguage\":\"es\",\"@id\":\"https:\\\/\\\/secure.gravatar.com\\\/avatar\\\/5931a2d21dd7cc834f44c8c34fe56d90ed6d536ef452cbf870c7485b524dddd7?s=96&d=mm&r=g\",\"url\":\"https:\\\/\\\/secure.gravatar.com\\\/avatar\\\/5931a2d21dd7cc834f44c8c34fe56d90ed6d536ef452cbf870c7485b524dddd7?s=96&d=mm&r=g\",\"contentUrl\":\"https:\\\/\\\/secure.gravatar.com\\\/avatar\\\/5931a2d21dd7cc834f44c8c34fe56d90ed6d536ef452cbf870c7485b524dddd7?s=96&d=mm&r=g\",\"caption\":\"Redes\"},\"url\":\"https:\\\/\\\/www.yucatanencorto.com\\\/noticias\\\/author\\\/redes\\\/\"}]}<\/script>\n<!-- \/ Yoast SEO plugin. -->","yoast_head_json":{"title":"Yucat\u00e1n nuevamente a la cabeza en registro de empleadores ante el IMSS - Yucat\u00e1n en corto","robots":{"index":"index","follow":"follow","max-snippet":"max-snippet:-1","max-image-preview":"max-image-preview:large","max-video-preview":"max-video-preview:-1"},"canonical":"https:\/\/www.yucatanencorto.com\/noticias\/yucatan-nuevamente-a-la-cabeza-en-registro-de-empleadores-ante-el-imss\/","og_locale":"es_ES","og_type":"article","og_title":"Yucat\u00e1n nuevamente a la cabeza en registro de empleadores ante el IMSS - Yucat\u00e1n en corto","og_description":"M\u00e9rida,\u00a0 Yucat\u00e1n, 18 de diciembre de 2023.- Debido al importante apoyo que el Gobierno de Mauricio Vila Dosal ha dado a emprendedores y nuevos negocios, la entidad alcanz\u00f3 un total de 22,092 patrones registrados ante el Instituto Mexicano del Seguro Social (IMSS), lo que represent\u00f3 un crecimiento anual de 3% respecto al mismo mes de [&hellip;]","og_url":"https:\/\/www.yucatanencorto.com\/noticias\/yucatan-nuevamente-a-la-cabeza-en-registro-de-empleadores-ante-el-imss\/","og_site_name":"Yucat\u00e1n en corto","article_publisher":"http:\/\/www.facebook.com\/yucatanencorto","article_published_time":"2023-12-18T19:47:51+00:00","og_image":[{"width":768,"height":681,"url":"https:\/\/www.yucatanencorto.com\/noticias\/wp-content\/uploads\/2023\/12\/image00001-1.png","type":"image\/png"}],"author":"Redes","twitter_card":"summary_large_image","twitter_creator":"@yucatanencorto","twitter_site":"@yucatanencorto","twitter_misc":{"Escrito por":"Redes","Tiempo de lectura":"2 minutos"},"schema":{"@context":"https:\/\/schema.org","@graph":[{"@type":"Article","@id":"https:\/\/www.yucatanencorto.com\/noticias\/yucatan-nuevamente-a-la-cabeza-en-registro-de-empleadores-ante-el-imss\/#article","isPartOf":{"@id":"https:\/\/www.yucatanencorto.com\/noticias\/yucatan-nuevamente-a-la-cabeza-en-registro-de-empleadores-ante-el-imss\/"},"author":{"name":"Redes","@id":"https:\/\/www.yucatanencorto.com\/noticias\/#\/schema\/person\/e2fbdfaf30a07014a43940ce989f3119"},"headline":"Yucat\u00e1n nuevamente a la cabeza en registro de empleadores ante el IMSS","datePublished":"2023-12-18T19:47:51+00:00","mainEntityOfPage":{"@id":"https:\/\/www.yucatanencorto.com\/noticias\/yucatan-nuevamente-a-la-cabeza-en-registro-de-empleadores-ante-el-imss\/"},"wordCount":395,"image":{"@id":"https:\/\/www.yucatanencorto.com\/noticias\/yucatan-nuevamente-a-la-cabeza-en-registro-de-empleadores-ante-el-imss\/#primaryimage"},"thumbnailUrl":"https:\/\/www.yucatanencorto.com\/noticias\/wp-content\/uploads\/2023\/12\/image00001-1.png","articleSection":["Yucat\u00e1n"],"inLanguage":"es"},{"@type":"WebPage","@id":"https:\/\/www.yucatanencorto.com\/noticias\/yucatan-nuevamente-a-la-cabeza-en-registro-de-empleadores-ante-el-imss\/","url":"https:\/\/www.yucatanencorto.com\/noticias\/yucatan-nuevamente-a-la-cabeza-en-registro-de-empleadores-ante-el-imss\/","name":"Yucat\u00e1n nuevamente a la cabeza en registro de empleadores ante el IMSS - Yucat\u00e1n en corto","isPartOf":{"@id":"https:\/\/www.yucatanencorto.com\/noticias\/#website"},"primaryImageOfPage":{"@id":"https:\/\/www.yucatanencorto.com\/noticias\/yucatan-nuevamente-a-la-cabeza-en-registro-de-empleadores-ante-el-imss\/#primaryimage"},"image":{"@id":"https:\/\/www.yucatanencorto.com\/noticias\/yucatan-nuevamente-a-la-cabeza-en-registro-de-empleadores-ante-el-imss\/#primaryimage"},"thumbnailUrl":"https:\/\/www.yucatanencorto.com\/noticias\/wp-content\/uploads\/2023\/12\/image00001-1.png","datePublished":"2023-12-18T19:47:51+00:00","author":{"@id":"https:\/\/www.yucatanencorto.com\/noticias\/#\/schema\/person\/e2fbdfaf30a07014a43940ce989f3119"},"breadcrumb":{"@id":"https:\/\/www.yucatanencorto.com\/noticias\/yucatan-nuevamente-a-la-cabeza-en-registro-de-empleadores-ante-el-imss\/#breadcrumb"},"inLanguage":"es","potentialAction":[{"@type":"ReadAction","target":["https:\/\/www.yucatanencorto.com\/noticias\/yucatan-nuevamente-a-la-cabeza-en-registro-de-empleadores-ante-el-imss\/"]}]},{"@type":"ImageObject","inLanguage":"es","@id":"https:\/\/www.yucatanencorto.com\/noticias\/yucatan-nuevamente-a-la-cabeza-en-registro-de-empleadores-ante-el-imss\/#primaryimage","url":"https:\/\/www.yucatanencorto.com\/noticias\/wp-content\/uploads\/2023\/12\/image00001-1.png","contentUrl":"https:\/\/www.yucatanencorto.com\/noticias\/wp-content\/uploads\/2023\/12\/image00001-1.png","width":768,"height":681},{"@type":"BreadcrumbList","@id":"https:\/\/www.yucatanencorto.com\/noticias\/yucatan-nuevamente-a-la-cabeza-en-registro-de-empleadores-ante-el-imss\/#breadcrumb","itemListElement":[{"@type":"ListItem","position":1,"name":"Portada","item":"https:\/\/www.yucatanencorto.com\/noticias\/"},{"@type":"ListItem","position":2,"name":"Yucat\u00e1n nuevamente a la cabeza en registro de empleadores ante el IMSS"}]},{"@type":"WebSite","@id":"https:\/\/www.yucatanencorto.com\/noticias\/#website","url":"https:\/\/www.yucatanencorto.com\/noticias\/","name":"Yucat\u00e1n en corto","description":"Noticias","potentialAction":[{"@type":"SearchAction","target":{"@type":"EntryPoint","urlTemplate":"https:\/\/www.yucatanencorto.com\/noticias\/?s={search_term_string}"},"query-input":{"@type":"PropertyValueSpecification","valueRequired":true,"valueName":"search_term_string"}}],"inLanguage":"es"},{"@type":"Person","@id":"https:\/\/www.yucatanencorto.com\/noticias\/#\/schema\/person\/e2fbdfaf30a07014a43940ce989f3119","name":"Redes","image":{"@type":"ImageObject","inLanguage":"es","@id":"https:\/\/secure.gravatar.com\/avatar\/5931a2d21dd7cc834f44c8c34fe56d90ed6d536ef452cbf870c7485b524dddd7?s=96&d=mm&r=g","url":"https:\/\/secure.gravatar.com\/avatar\/5931a2d21dd7cc834f44c8c34fe56d90ed6d536ef452cbf870c7485b524dddd7?s=96&d=mm&r=g","contentUrl":"https:\/\/secure.gravatar.com\/avatar\/5931a2d21dd7cc834f44c8c34fe56d90ed6d536ef452cbf870c7485b524dddd7?s=96&d=mm&r=g","caption":"Redes"},"url":"https:\/\/www.yucatanencorto.com\/noticias\/author\/redes\/"}]}},"_links":{"self":[{"href":"https:\/\/www.yucatanencorto.com\/noticias\/wp-json\/wp\/v2\/posts\/101558","targetHints":{"allow":["GET"]}}],"collection":[{"href":"https:\/\/www.yucatanencorto.com\/noticias\/wp-json\/wp\/v2\/posts"}],"about":[{"href":"https:\/\/www.yucatanencorto.com\/noticias\/wp-json\/wp\/v2\/types\/post"}],"author":[{"embeddable":true,"href":"https:\/\/www.yucatanencorto.com\/noticias\/wp-json\/wp\/v2\/users\/3"}],"replies":[{"embeddable":true,"href":"https:\/\/www.yucatanencorto.com\/noticias\/wp-json\/wp\/v2\/comments?post=101558"}],"version-history":[{"count":0,"href":"https:\/\/www.yucatanencorto.com\/noticias\/wp-json\/wp\/v2\/posts\/101558\/revisions"}],"wp:featuredmedia":[{"embeddable":true,"href":"https:\/\/www.yucatanencorto.com\/noticias\/wp-json\/wp\/v2\/media\/101559"}],"wp:attachment":[{"href":"https:\/\/www.yucatanencorto.com\/noticias\/wp-json\/wp\/v2\/media?parent=101558"}],"wp:term":[{"taxonomy":"category","embeddable":true,"href":"https:\/\/www.yucatanencorto.com\/noticias\/wp-json\/wp\/v2\/categories?post=101558"},{"taxonomy":"post_tag","embeddable":true,"href":"https:\/\/www.yucatanencorto.com\/noticias\/wp-json\/wp\/v2\/tags?post=101558"}],"curies":[{"name":"wp","href":"https:\/\/api.w.org\/{rel}","templated":true}]}}