{"id":101561,"date":"2023-12-18T18:13:19","date_gmt":"2023-12-19T00:13:19","guid":{"rendered":"https:\/\/www.yucatanencorto.com\/noticias\/?p=101561"},"modified":"2023-12-18T18:13:19","modified_gmt":"2023-12-19T00:13:19","slug":"cuidemos-la-naturaleza-para-las-futuras-generaciones-cecilia-patron","status":"publish","type":"post","link":"https:\/\/www.yucatanencorto.com\/noticias\/cuidemos-la-naturaleza-para-las-futuras-generaciones-cecilia-patron\/","title":{"rendered":"Cuidemos la naturaleza para las futuras generaciones: Cecilia Patr\u00f3n"},"content":{"rendered":"<p><img loading=\"lazy\" decoding=\"async\" class=\"alignnone size-full wp-image-101562\" src=\"https:\/\/www.yucatanencorto.com\/noticias\/wp-content\/uploads\/2023\/12\/IMG-20231218-WA0028-scaled.jpg\" alt=\"\" width=\"768\" height=\"431\" srcset=\"https:\/\/www.yucatanencorto.com\/noticias\/wp-content\/uploads\/2023\/12\/IMG-20231218-WA0028-scaled.jpg 768w, https:\/\/www.yucatanencorto.com\/noticias\/wp-content\/uploads\/2023\/12\/IMG-20231218-WA0028-150x84.jpg 150w, https:\/\/www.yucatanencorto.com\/noticias\/wp-content\/uploads\/2023\/12\/IMG-20231218-WA0028-300x169.jpg 300w, https:\/\/www.yucatanencorto.com\/noticias\/wp-content\/uploads\/2023\/12\/IMG-20231218-WA0028-696x391.jpg 696w, https:\/\/www.yucatanencorto.com\/noticias\/wp-content\/uploads\/2023\/12\/IMG-20231218-WA0028-1068x600.jpg 1068w\" sizes=\"auto, (max-width: 768px) 100vw, 768px\" \/><\/p>\n<p>M\u00e9rida, Yucat\u00e1n a 18 de diciembre de 2023<\/p>\n<p>Una M\u00e9rida sostenible se traduce en cambios que permitan a la ciudad seguir creciendo de manera consciente y responsable con su medio ambiente, recalc\u00f3 Cecilia Patr\u00f3n Laviada.<\/p>\n<p>&nbsp;<\/p>\n<p>En reuni\u00f3n con militantes de la Vicente Sol\u00eds, Azcorra y Unidad Morelos, la precandidata del PAN a la presidencia municipal, dijo que para cuidar y proteger la ciudad \u201ccada acci\u00f3n debe ser pensada en el bien de las futuras generaciones\u00bb.<\/p>\n<p>&nbsp;<\/p>\n<p>&nbsp;<\/p>\n<p>\u201cLo que hoy disfrutamos es porque alguien pens\u00f3 en dejarnos un mejor futuro, y eso es lo que quiero yo para ustedes, una ciudad donde nuestros ni\u00f1os puedan seguir riendo y ser felices\u201d.<\/p>\n<p>&nbsp;<\/p>\n<p>Indic\u00f3 que una estrategia importante para lograr la sostenibilidad en la ciudad es dar el siguiente paso en el tema de la arborizaci\u00f3n que trae grandes beneficios para el ahora y el futuro de las familias medianas.<\/p>\n<p>&nbsp;<\/p>\n<p>\u201cLa ciudad sostenible cuida del medio ambiente y a trav\u00e9s de la arborizaci\u00f3n de nuestra M\u00e9rida chula podemos sembrar el futuro que le queremos dejar a nuestros hijos, en esta visi\u00f3n de una sola M\u00e9rida que impulsa el trabajo comunitario con compromiso social y humano en beneficio de todos\u00bb.<\/p>\n<p>&nbsp;<\/p>\n<p>Los \u00e1rboles ayudan a mitigar los impactos negativos de la urbanizaci\u00f3n y algunos de sus principales beneficios pueden palparse con la generaci\u00f3n de ox\u00edgeno y mejor calidad del aire, m\u00e1s sombra que ayude a disminuir las altas temperaturas, aumento de la biodiversidad urbana, plantas y animales.<\/p>\n<p>&nbsp;<\/p>\n<p>Adem\u00e1s mejora la captaci\u00f3n pluvial y calidad del agua, e influye en la mejora de la salud f\u00edsica y mental.<\/p>\n<p>&nbsp;<\/p>\n<p>M\u00e9rida cuenta con documentos estrat\u00e9gicos para aumentar la cobertura arb\u00f3rea de la ciudad como el Inventario Municipal de Emisiones de Gases y Compuestos de Efecto Invernadero, as\u00ed como el Plan Municipal de Infraestructura Verde y el Inventario de Arbolado Urbano del municipio de M\u00e9rida.<\/p>\n<p>&nbsp;<\/p>\n<p>Tambi\u00e9n, con ayuda de la participaci\u00f3n ciudadana y desde el Ayuntamiento de M\u00e9rida se han impulsado pol\u00edticas y programas como la Cruzada Forestal, Adopta un \u00c1rbol, Arbor\u00edzate para escuelas, Arborizaci\u00f3n de pisos p\u00fablicos y eco estacionamientos.<\/p>\n","protected":false},"excerpt":{"rendered":"<p>M\u00e9rida, Yucat\u00e1n a 18 de diciembre de 2023 Una M\u00e9rida sostenible se traduce en cambios que permitan a la ciudad seguir creciendo de manera consciente y responsable con su medio ambiente, recalc\u00f3 Cecilia Patr\u00f3n Laviada. &nbsp; En reuni\u00f3n con militantes de la Vicente Sol\u00eds, Azcorra y Unidad Morelos, la precandidata del PAN a la presidencia [&hellip;]<\/p>\n","protected":false},"author":3,"featured_media":101562,"comment_status":"closed","ping_status":"closed","sticky":false,"template":"","format":"standard","meta":{"footnotes":""},"categories":[3],"tags":[],"class_list":{"0":"post-101561","1":"post","2":"type-post","3":"status-publish","4":"format-standard","5":"has-post-thumbnail","7":"category-yucatan"},"yoast_head":"<!-- This site is optimized with the Yoast SEO plugin v27.4 - https:\/\/yoast.com\/product\/yoast-seo-wordpress\/ -->\n<title>Cuidemos la naturaleza para las futuras generaciones: Cecilia Patr\u00f3n - Yucat\u00e1n en corto<\/title>\n<meta name=\"robots\" content=\"index, follow, max-snippet:-1, max-image-preview:large, max-video-preview:-1\" \/>\n<link rel=\"canonical\" href=\"https:\/\/www.yucatanencorto.com\/noticias\/cuidemos-la-naturaleza-para-las-futuras-generaciones-cecilia-patron\/\" \/>\n<meta property=\"og:locale\" content=\"es_ES\" \/>\n<meta property=\"og:type\" content=\"article\" \/>\n<meta property=\"og:title\" content=\"Cuidemos la naturaleza para las futuras generaciones: Cecilia Patr\u00f3n - Yucat\u00e1n en corto\" \/>\n<meta property=\"og:description\" content=\"M\u00e9rida, Yucat\u00e1n a 18 de diciembre de 2023 Una M\u00e9rida sostenible se traduce en cambios que permitan a la ciudad seguir creciendo de manera consciente y responsable con su medio ambiente, recalc\u00f3 Cecilia Patr\u00f3n Laviada. &nbsp; En reuni\u00f3n con militantes de la Vicente Sol\u00eds, Azcorra y Unidad Morelos, la precandidata del PAN a la presidencia [&hellip;]\" \/>\n<meta property=\"og:url\" content=\"https:\/\/www.yucatanencorto.com\/noticias\/cuidemos-la-naturaleza-para-las-futuras-generaciones-cecilia-patron\/\" \/>\n<meta property=\"og:site_name\" content=\"Yucat\u00e1n en corto\" \/>\n<meta property=\"article:publisher\" content=\"http:\/\/www.facebook.com\/yucatanencorto\" \/>\n<meta property=\"article:published_time\" content=\"2023-12-19T00:13:19+00:00\" \/>\n<meta property=\"og:image\" content=\"https:\/\/www.yucatanencorto.com\/noticias\/wp-content\/uploads\/2023\/12\/IMG-20231218-WA0028-scaled.jpg\" \/>\n\t<meta property=\"og:image:width\" content=\"768\" \/>\n\t<meta property=\"og:image:height\" content=\"431\" \/>\n\t<meta property=\"og:image:type\" content=\"image\/jpeg\" \/>\n<meta name=\"author\" content=\"Redes\" \/>\n<meta name=\"twitter:card\" content=\"summary_large_image\" \/>\n<meta name=\"twitter:creator\" content=\"@yucatanencorto\" \/>\n<meta name=\"twitter:site\" content=\"@yucatanencorto\" \/>\n<meta name=\"twitter:label1\" content=\"Escrito por\" \/>\n\t<meta name=\"twitter:data1\" content=\"Redes\" \/>\n\t<meta name=\"twitter:label2\" content=\"Tiempo de lectura\" \/>\n\t<meta name=\"twitter:data2\" content=\"2 minutos\" \/>\n<script type=\"application\/ld+json\" class=\"yoast-schema-graph\">{\"@context\":\"https:\\\/\\\/schema.org\",\"@graph\":[{\"@type\":\"Article\",\"@id\":\"https:\\\/\\\/www.yucatanencorto.com\\\/noticias\\\/cuidemos-la-naturaleza-para-las-futuras-generaciones-cecilia-patron\\\/#article\",\"isPartOf\":{\"@id\":\"https:\\\/\\\/www.yucatanencorto.com\\\/noticias\\\/cuidemos-la-naturaleza-para-las-futuras-generaciones-cecilia-patron\\\/\"},\"author\":{\"name\":\"Redes\",\"@id\":\"https:\\\/\\\/www.yucatanencorto.com\\\/noticias\\\/#\\\/schema\\\/person\\\/e2fbdfaf30a07014a43940ce989f3119\"},\"headline\":\"Cuidemos la naturaleza para las futuras generaciones: Cecilia Patr\u00f3n\",\"datePublished\":\"2023-12-19T00:13:19+00:00\",\"mainEntityOfPage\":{\"@id\":\"https:\\\/\\\/www.yucatanencorto.com\\\/noticias\\\/cuidemos-la-naturaleza-para-las-futuras-generaciones-cecilia-patron\\\/\"},\"wordCount\":389,\"image\":{\"@id\":\"https:\\\/\\\/www.yucatanencorto.com\\\/noticias\\\/cuidemos-la-naturaleza-para-las-futuras-generaciones-cecilia-patron\\\/#primaryimage\"},\"thumbnailUrl\":\"https:\\\/\\\/www.yucatanencorto.com\\\/noticias\\\/wp-content\\\/uploads\\\/2023\\\/12\\\/IMG-20231218-WA0028-scaled.jpg\",\"articleSection\":[\"Yucat\u00e1n\"],\"inLanguage\":\"es\"},{\"@type\":\"WebPage\",\"@id\":\"https:\\\/\\\/www.yucatanencorto.com\\\/noticias\\\/cuidemos-la-naturaleza-para-las-futuras-generaciones-cecilia-patron\\\/\",\"url\":\"https:\\\/\\\/www.yucatanencorto.com\\\/noticias\\\/cuidemos-la-naturaleza-para-las-futuras-generaciones-cecilia-patron\\\/\",\"name\":\"Cuidemos la naturaleza para las futuras generaciones: Cecilia Patr\u00f3n - Yucat\u00e1n en corto\",\"isPartOf\":{\"@id\":\"https:\\\/\\\/www.yucatanencorto.com\\\/noticias\\\/#website\"},\"primaryImageOfPage\":{\"@id\":\"https:\\\/\\\/www.yucatanencorto.com\\\/noticias\\\/cuidemos-la-naturaleza-para-las-futuras-generaciones-cecilia-patron\\\/#primaryimage\"},\"image\":{\"@id\":\"https:\\\/\\\/www.yucatanencorto.com\\\/noticias\\\/cuidemos-la-naturaleza-para-las-futuras-generaciones-cecilia-patron\\\/#primaryimage\"},\"thumbnailUrl\":\"https:\\\/\\\/www.yucatanencorto.com\\\/noticias\\\/wp-content\\\/uploads\\\/2023\\\/12\\\/IMG-20231218-WA0028-scaled.jpg\",\"datePublished\":\"2023-12-19T00:13:19+00:00\",\"author\":{\"@id\":\"https:\\\/\\\/www.yucatanencorto.com\\\/noticias\\\/#\\\/schema\\\/person\\\/e2fbdfaf30a07014a43940ce989f3119\"},\"breadcrumb\":{\"@id\":\"https:\\\/\\\/www.yucatanencorto.com\\\/noticias\\\/cuidemos-la-naturaleza-para-las-futuras-generaciones-cecilia-patron\\\/#breadcrumb\"},\"inLanguage\":\"es\",\"potentialAction\":[{\"@type\":\"ReadAction\",\"target\":[\"https:\\\/\\\/www.yucatanencorto.com\\\/noticias\\\/cuidemos-la-naturaleza-para-las-futuras-generaciones-cecilia-patron\\\/\"]}]},{\"@type\":\"ImageObject\",\"inLanguage\":\"es\",\"@id\":\"https:\\\/\\\/www.yucatanencorto.com\\\/noticias\\\/cuidemos-la-naturaleza-para-las-futuras-generaciones-cecilia-patron\\\/#primaryimage\",\"url\":\"https:\\\/\\\/www.yucatanencorto.com\\\/noticias\\\/wp-content\\\/uploads\\\/2023\\\/12\\\/IMG-20231218-WA0028-scaled.jpg\",\"contentUrl\":\"https:\\\/\\\/www.yucatanencorto.com\\\/noticias\\\/wp-content\\\/uploads\\\/2023\\\/12\\\/IMG-20231218-WA0028-scaled.jpg\",\"width\":768,\"height\":431},{\"@type\":\"BreadcrumbList\",\"@id\":\"https:\\\/\\\/www.yucatanencorto.com\\\/noticias\\\/cuidemos-la-naturaleza-para-las-futuras-generaciones-cecilia-patron\\\/#breadcrumb\",\"itemListElement\":[{\"@type\":\"ListItem\",\"position\":1,\"name\":\"Portada\",\"item\":\"https:\\\/\\\/www.yucatanencorto.com\\\/noticias\\\/\"},{\"@type\":\"ListItem\",\"position\":2,\"name\":\"Cuidemos la naturaleza para las futuras generaciones: Cecilia Patr\u00f3n\"}]},{\"@type\":\"WebSite\",\"@id\":\"https:\\\/\\\/www.yucatanencorto.com\\\/noticias\\\/#website\",\"url\":\"https:\\\/\\\/www.yucatanencorto.com\\\/noticias\\\/\",\"name\":\"Yucat\u00e1n en corto\",\"description\":\"Noticias\",\"potentialAction\":[{\"@type\":\"SearchAction\",\"target\":{\"@type\":\"EntryPoint\",\"urlTemplate\":\"https:\\\/\\\/www.yucatanencorto.com\\\/noticias\\\/?s={search_term_string}\"},\"query-input\":{\"@type\":\"PropertyValueSpecification\",\"valueRequired\":true,\"valueName\":\"search_term_string\"}}],\"inLanguage\":\"es\"},{\"@type\":\"Person\",\"@id\":\"https:\\\/\\\/www.yucatanencorto.com\\\/noticias\\\/#\\\/schema\\\/person\\\/e2fbdfaf30a07014a43940ce989f3119\",\"name\":\"Redes\",\"image\":{\"@type\":\"ImageObject\",\"inLanguage\":\"es\",\"@id\":\"https:\\\/\\\/secure.gravatar.com\\\/avatar\\\/5931a2d21dd7cc834f44c8c34fe56d90ed6d536ef452cbf870c7485b524dddd7?s=96&d=mm&r=g\",\"url\":\"https:\\\/\\\/secure.gravatar.com\\\/avatar\\\/5931a2d21dd7cc834f44c8c34fe56d90ed6d536ef452cbf870c7485b524dddd7?s=96&d=mm&r=g\",\"contentUrl\":\"https:\\\/\\\/secure.gravatar.com\\\/avatar\\\/5931a2d21dd7cc834f44c8c34fe56d90ed6d536ef452cbf870c7485b524dddd7?s=96&d=mm&r=g\",\"caption\":\"Redes\"},\"url\":\"https:\\\/\\\/www.yucatanencorto.com\\\/noticias\\\/author\\\/redes\\\/\"}]}<\/script>\n<!-- \/ Yoast SEO plugin. -->","yoast_head_json":{"title":"Cuidemos la naturaleza para las futuras generaciones: Cecilia Patr\u00f3n - Yucat\u00e1n en corto","robots":{"index":"index","follow":"follow","max-snippet":"max-snippet:-1","max-image-preview":"max-image-preview:large","max-video-preview":"max-video-preview:-1"},"canonical":"https:\/\/www.yucatanencorto.com\/noticias\/cuidemos-la-naturaleza-para-las-futuras-generaciones-cecilia-patron\/","og_locale":"es_ES","og_type":"article","og_title":"Cuidemos la naturaleza para las futuras generaciones: Cecilia Patr\u00f3n - Yucat\u00e1n en corto","og_description":"M\u00e9rida, Yucat\u00e1n a 18 de diciembre de 2023 Una M\u00e9rida sostenible se traduce en cambios que permitan a la ciudad seguir creciendo de manera consciente y responsable con su medio ambiente, recalc\u00f3 Cecilia Patr\u00f3n Laviada. &nbsp; En reuni\u00f3n con militantes de la Vicente Sol\u00eds, Azcorra y Unidad Morelos, la precandidata del PAN a la presidencia [&hellip;]","og_url":"https:\/\/www.yucatanencorto.com\/noticias\/cuidemos-la-naturaleza-para-las-futuras-generaciones-cecilia-patron\/","og_site_name":"Yucat\u00e1n en corto","article_publisher":"http:\/\/www.facebook.com\/yucatanencorto","article_published_time":"2023-12-19T00:13:19+00:00","og_image":[{"width":768,"height":431,"url":"https:\/\/www.yucatanencorto.com\/noticias\/wp-content\/uploads\/2023\/12\/IMG-20231218-WA0028-scaled.jpg","type":"image\/jpeg"}],"author":"Redes","twitter_card":"summary_large_image","twitter_creator":"@yucatanencorto","twitter_site":"@yucatanencorto","twitter_misc":{"Escrito por":"Redes","Tiempo de lectura":"2 minutos"},"schema":{"@context":"https:\/\/schema.org","@graph":[{"@type":"Article","@id":"https:\/\/www.yucatanencorto.com\/noticias\/cuidemos-la-naturaleza-para-las-futuras-generaciones-cecilia-patron\/#article","isPartOf":{"@id":"https:\/\/www.yucatanencorto.com\/noticias\/cuidemos-la-naturaleza-para-las-futuras-generaciones-cecilia-patron\/"},"author":{"name":"Redes","@id":"https:\/\/www.yucatanencorto.com\/noticias\/#\/schema\/person\/e2fbdfaf30a07014a43940ce989f3119"},"headline":"Cuidemos la naturaleza para las futuras generaciones: Cecilia Patr\u00f3n","datePublished":"2023-12-19T00:13:19+00:00","mainEntityOfPage":{"@id":"https:\/\/www.yucatanencorto.com\/noticias\/cuidemos-la-naturaleza-para-las-futuras-generaciones-cecilia-patron\/"},"wordCount":389,"image":{"@id":"https:\/\/www.yucatanencorto.com\/noticias\/cuidemos-la-naturaleza-para-las-futuras-generaciones-cecilia-patron\/#primaryimage"},"thumbnailUrl":"https:\/\/www.yucatanencorto.com\/noticias\/wp-content\/uploads\/2023\/12\/IMG-20231218-WA0028-scaled.jpg","articleSection":["Yucat\u00e1n"],"inLanguage":"es"},{"@type":"WebPage","@id":"https:\/\/www.yucatanencorto.com\/noticias\/cuidemos-la-naturaleza-para-las-futuras-generaciones-cecilia-patron\/","url":"https:\/\/www.yucatanencorto.com\/noticias\/cuidemos-la-naturaleza-para-las-futuras-generaciones-cecilia-patron\/","name":"Cuidemos la naturaleza para las futuras generaciones: Cecilia Patr\u00f3n - Yucat\u00e1n en corto","isPartOf":{"@id":"https:\/\/www.yucatanencorto.com\/noticias\/#website"},"primaryImageOfPage":{"@id":"https:\/\/www.yucatanencorto.com\/noticias\/cuidemos-la-naturaleza-para-las-futuras-generaciones-cecilia-patron\/#primaryimage"},"image":{"@id":"https:\/\/www.yucatanencorto.com\/noticias\/cuidemos-la-naturaleza-para-las-futuras-generaciones-cecilia-patron\/#primaryimage"},"thumbnailUrl":"https:\/\/www.yucatanencorto.com\/noticias\/wp-content\/uploads\/2023\/12\/IMG-20231218-WA0028-scaled.jpg","datePublished":"2023-12-19T00:13:19+00:00","author":{"@id":"https:\/\/www.yucatanencorto.com\/noticias\/#\/schema\/person\/e2fbdfaf30a07014a43940ce989f3119"},"breadcrumb":{"@id":"https:\/\/www.yucatanencorto.com\/noticias\/cuidemos-la-naturaleza-para-las-futuras-generaciones-cecilia-patron\/#breadcrumb"},"inLanguage":"es","potentialAction":[{"@type":"ReadAction","target":["https:\/\/www.yucatanencorto.com\/noticias\/cuidemos-la-naturaleza-para-las-futuras-generaciones-cecilia-patron\/"]}]},{"@type":"ImageObject","inLanguage":"es","@id":"https:\/\/www.yucatanencorto.com\/noticias\/cuidemos-la-naturaleza-para-las-futuras-generaciones-cecilia-patron\/#primaryimage","url":"https:\/\/www.yucatanencorto.com\/noticias\/wp-content\/uploads\/2023\/12\/IMG-20231218-WA0028-scaled.jpg","contentUrl":"https:\/\/www.yucatanencorto.com\/noticias\/wp-content\/uploads\/2023\/12\/IMG-20231218-WA0028-scaled.jpg","width":768,"height":431},{"@type":"BreadcrumbList","@id":"https:\/\/www.yucatanencorto.com\/noticias\/cuidemos-la-naturaleza-para-las-futuras-generaciones-cecilia-patron\/#breadcrumb","itemListElement":[{"@type":"ListItem","position":1,"name":"Portada","item":"https:\/\/www.yucatanencorto.com\/noticias\/"},{"@type":"ListItem","position":2,"name":"Cuidemos la naturaleza para las futuras generaciones: Cecilia Patr\u00f3n"}]},{"@type":"WebSite","@id":"https:\/\/www.yucatanencorto.com\/noticias\/#website","url":"https:\/\/www.yucatanencorto.com\/noticias\/","name":"Yucat\u00e1n en corto","description":"Noticias","potentialAction":[{"@type":"SearchAction","target":{"@type":"EntryPoint","urlTemplate":"https:\/\/www.yucatanencorto.com\/noticias\/?s={search_term_string}"},"query-input":{"@type":"PropertyValueSpecification","valueRequired":true,"valueName":"search_term_string"}}],"inLanguage":"es"},{"@type":"Person","@id":"https:\/\/www.yucatanencorto.com\/noticias\/#\/schema\/person\/e2fbdfaf30a07014a43940ce989f3119","name":"Redes","image":{"@type":"ImageObject","inLanguage":"es","@id":"https:\/\/secure.gravatar.com\/avatar\/5931a2d21dd7cc834f44c8c34fe56d90ed6d536ef452cbf870c7485b524dddd7?s=96&d=mm&r=g","url":"https:\/\/secure.gravatar.com\/avatar\/5931a2d21dd7cc834f44c8c34fe56d90ed6d536ef452cbf870c7485b524dddd7?s=96&d=mm&r=g","contentUrl":"https:\/\/secure.gravatar.com\/avatar\/5931a2d21dd7cc834f44c8c34fe56d90ed6d536ef452cbf870c7485b524dddd7?s=96&d=mm&r=g","caption":"Redes"},"url":"https:\/\/www.yucatanencorto.com\/noticias\/author\/redes\/"}]}},"_links":{"self":[{"href":"https:\/\/www.yucatanencorto.com\/noticias\/wp-json\/wp\/v2\/posts\/101561","targetHints":{"allow":["GET"]}}],"collection":[{"href":"https:\/\/www.yucatanencorto.com\/noticias\/wp-json\/wp\/v2\/posts"}],"about":[{"href":"https:\/\/www.yucatanencorto.com\/noticias\/wp-json\/wp\/v2\/types\/post"}],"author":[{"embeddable":true,"href":"https:\/\/www.yucatanencorto.com\/noticias\/wp-json\/wp\/v2\/users\/3"}],"replies":[{"embeddable":true,"href":"https:\/\/www.yucatanencorto.com\/noticias\/wp-json\/wp\/v2\/comments?post=101561"}],"version-history":[{"count":0,"href":"https:\/\/www.yucatanencorto.com\/noticias\/wp-json\/wp\/v2\/posts\/101561\/revisions"}],"wp:featuredmedia":[{"embeddable":true,"href":"https:\/\/www.yucatanencorto.com\/noticias\/wp-json\/wp\/v2\/media\/101562"}],"wp:attachment":[{"href":"https:\/\/www.yucatanencorto.com\/noticias\/wp-json\/wp\/v2\/media?parent=101561"}],"wp:term":[{"taxonomy":"category","embeddable":true,"href":"https:\/\/www.yucatanencorto.com\/noticias\/wp-json\/wp\/v2\/categories?post=101561"},{"taxonomy":"post_tag","embeddable":true,"href":"https:\/\/www.yucatanencorto.com\/noticias\/wp-json\/wp\/v2\/tags?post=101561"}],"curies":[{"name":"wp","href":"https:\/\/api.w.org\/{rel}","templated":true}]}}