{"id":101567,"date":"2023-12-18T18:17:21","date_gmt":"2023-12-19T00:17:21","guid":{"rendered":"https:\/\/www.yucatanencorto.com\/noticias\/?p=101567"},"modified":"2023-12-18T18:17:21","modified_gmt":"2023-12-19T00:17:21","slug":"las-mujeres-del-interior-del-estado-se-comprometen-con-renan-barrera-para-hacerlo-gobernador","status":"publish","type":"post","link":"https:\/\/www.yucatanencorto.com\/noticias\/las-mujeres-del-interior-del-estado-se-comprometen-con-renan-barrera-para-hacerlo-gobernador\/","title":{"rendered":"Las mujeres del interior del Estado se comprometen con Ren\u00e1n Barrera para hacerlo gobernador\u00a0"},"content":{"rendered":"<p><img loading=\"lazy\" decoding=\"async\" class=\"alignnone size-full wp-image-101568\" src=\"https:\/\/www.yucatanencorto.com\/noticias\/wp-content\/uploads\/2023\/12\/IMG-20231218-WA0030-scaled.jpg\" alt=\"\" width=\"768\" height=\"512\" srcset=\"https:\/\/www.yucatanencorto.com\/noticias\/wp-content\/uploads\/2023\/12\/IMG-20231218-WA0030-scaled.jpg 768w, https:\/\/www.yucatanencorto.com\/noticias\/wp-content\/uploads\/2023\/12\/IMG-20231218-WA0030-150x100.jpg 150w, https:\/\/www.yucatanencorto.com\/noticias\/wp-content\/uploads\/2023\/12\/IMG-20231218-WA0030-300x200.jpg 300w, https:\/\/www.yucatanencorto.com\/noticias\/wp-content\/uploads\/2023\/12\/IMG-20231218-WA0030-696x464.jpg 696w\" sizes=\"auto, (max-width: 768px) 100vw, 768px\" \/><\/p>\n<p>Peto, Yucat\u00e1n a 18 de diciembre de 2023.- Con pancartas que expresaban total apoyo al coordinador del equipo Yucat\u00e1n por el Partido Acci\u00f3n Nacional (PAN), Ren\u00e1n Barrera Concha, una multitud de simpatizantes del municipio de Peto lo recibi\u00f3 con los brazos abiertos para celebrar un convivio organizado por mujeres dedicadas al campo, las artesan\u00edas y comerciantes.<\/p>\n<p>\u201cMe siento muy honrado de hacer equipo con las mujeres de Peto, son muestra de trabajo, lucha y dedicaci\u00f3n, no tienen imposibles, por ello, estoy comprometido con ustedes, como gobernador vamos a forjar un camino que de respuesta a sus necesidades, que apoye sus metas\u201d, expres\u00f3 Barrera Concha ante las mujeres que acudieron a la reuni\u00f3n.<\/p>\n<p>Adem\u00e1s, asegur\u00f3 que las trabajadoras necesitan tener apoyo decidido del gobierno, pues no se puede pensar en tener un mejor Yucat\u00e1n si no se invierte en las mujeres: \u201cinvertir en la mujer, es invertir en una familia y, cuando los recursos se invierten en las mujeres, las acciones se multiplican\u00bb.<\/p>\n<p>Se\u00f1al\u00f3 que para que el campo avance y mejore es preciso tener acceso a mejores cr\u00e9ditos y condiciones de comercializaci\u00f3n, porque no s\u00f3lo se trata de otorgar apoyos institucionales sino invertir en tecnificaci\u00f3n y capacitaci\u00f3n: \u00abse tiene que hacer que el campo sea negocio y deje de estar en manos de los intermediarios\u00bb.<\/p>\n<p>Por su parte la anfitriona del evento y coordinadora Voz Femenina, Paulina del Rosario Cetina Amaya, reconoci\u00f3 el trabajo que ha realizado Barrera Concha a lo largo de todos sus a\u00f1os al frente del servicio p\u00fablico.<\/p>\n<p>\u00abViene de abajo como nosotros, el estar aqu\u00ed es fruto de su esfuerzo, por eso \u00e9l sabe de las necesidades\u00bb, enfatiz\u00f3 la lideresa, mientras que Mar\u00eda Eduviges M\u00e9zquita Quintal, coordinadora de Voz femenina en Chochol\u00e1, afirm\u00f3 que con un buen gobierno que escuche las necesidades de cada uno de los ciudadanos se puede salir adelante.<\/p>\n<p>\u00abNosotros como mujeres y hombres de campo, vamos a luchar, porque si gana Ren\u00e1n gana todo Yucat\u00e1n\u00bb dijo.<\/p>\n<p>Para finalizar, el coordinador del equipo Yucat\u00e1n hizo un llamado a la unidad y a \u00abcargar pilas\u00bb para trabajar fuertemente y que en 2024 se pueda continuar con un estado que garantice seguridad, salud, educaci\u00f3n y paz social.<\/p>\n","protected":false},"excerpt":{"rendered":"<p>Peto, Yucat\u00e1n a 18 de diciembre de 2023.- Con pancartas que expresaban total apoyo al coordinador del equipo Yucat\u00e1n por el Partido Acci\u00f3n Nacional (PAN), Ren\u00e1n Barrera Concha, una multitud de simpatizantes del municipio de Peto lo recibi\u00f3 con los brazos abiertos para celebrar un convivio organizado por mujeres dedicadas al campo, las artesan\u00edas y [&hellip;]<\/p>\n","protected":false},"author":3,"featured_media":101568,"comment_status":"closed","ping_status":"closed","sticky":false,"template":"","format":"standard","meta":{"footnotes":""},"categories":[2],"tags":[],"class_list":{"0":"post-101567","1":"post","2":"type-post","3":"status-publish","4":"format-standard","5":"has-post-thumbnail","7":"category-merida"},"yoast_head":"<!-- This site is optimized with the Yoast SEO plugin v27.4 - https:\/\/yoast.com\/product\/yoast-seo-wordpress\/ -->\n<title>Las mujeres del interior del Estado se comprometen con Ren\u00e1n Barrera para hacerlo gobernador\u00a0 - Yucat\u00e1n en corto<\/title>\n<meta name=\"robots\" content=\"index, follow, max-snippet:-1, max-image-preview:large, max-video-preview:-1\" \/>\n<link rel=\"canonical\" href=\"https:\/\/www.yucatanencorto.com\/noticias\/las-mujeres-del-interior-del-estado-se-comprometen-con-renan-barrera-para-hacerlo-gobernador\/\" \/>\n<meta property=\"og:locale\" content=\"es_ES\" \/>\n<meta property=\"og:type\" content=\"article\" \/>\n<meta property=\"og:title\" content=\"Las mujeres del interior del Estado se comprometen con Ren\u00e1n Barrera para hacerlo gobernador\u00a0 - Yucat\u00e1n en corto\" \/>\n<meta property=\"og:description\" content=\"Peto, Yucat\u00e1n a 18 de diciembre de 2023.- Con pancartas que expresaban total apoyo al coordinador del equipo Yucat\u00e1n por el Partido Acci\u00f3n Nacional (PAN), Ren\u00e1n Barrera Concha, una multitud de simpatizantes del municipio de Peto lo recibi\u00f3 con los brazos abiertos para celebrar un convivio organizado por mujeres dedicadas al campo, las artesan\u00edas y [&hellip;]\" \/>\n<meta property=\"og:url\" content=\"https:\/\/www.yucatanencorto.com\/noticias\/las-mujeres-del-interior-del-estado-se-comprometen-con-renan-barrera-para-hacerlo-gobernador\/\" \/>\n<meta property=\"og:site_name\" content=\"Yucat\u00e1n en corto\" \/>\n<meta property=\"article:publisher\" content=\"http:\/\/www.facebook.com\/yucatanencorto\" \/>\n<meta property=\"article:published_time\" content=\"2023-12-19T00:17:21+00:00\" \/>\n<meta property=\"og:image\" content=\"https:\/\/www.yucatanencorto.com\/noticias\/wp-content\/uploads\/2023\/12\/IMG-20231218-WA0030-scaled.jpg\" \/>\n\t<meta property=\"og:image:width\" content=\"768\" \/>\n\t<meta property=\"og:image:height\" content=\"512\" \/>\n\t<meta property=\"og:image:type\" content=\"image\/jpeg\" \/>\n<meta name=\"author\" content=\"Redes\" \/>\n<meta name=\"twitter:card\" content=\"summary_large_image\" \/>\n<meta name=\"twitter:creator\" content=\"@yucatanencorto\" \/>\n<meta name=\"twitter:site\" content=\"@yucatanencorto\" \/>\n<meta name=\"twitter:label1\" content=\"Escrito por\" \/>\n\t<meta name=\"twitter:data1\" content=\"Redes\" \/>\n\t<meta name=\"twitter:label2\" content=\"Tiempo de lectura\" \/>\n\t<meta name=\"twitter:data2\" content=\"2 minutos\" \/>\n<script type=\"application\/ld+json\" class=\"yoast-schema-graph\">{\"@context\":\"https:\\\/\\\/schema.org\",\"@graph\":[{\"@type\":\"Article\",\"@id\":\"https:\\\/\\\/www.yucatanencorto.com\\\/noticias\\\/las-mujeres-del-interior-del-estado-se-comprometen-con-renan-barrera-para-hacerlo-gobernador\\\/#article\",\"isPartOf\":{\"@id\":\"https:\\\/\\\/www.yucatanencorto.com\\\/noticias\\\/las-mujeres-del-interior-del-estado-se-comprometen-con-renan-barrera-para-hacerlo-gobernador\\\/\"},\"author\":{\"name\":\"Redes\",\"@id\":\"https:\\\/\\\/www.yucatanencorto.com\\\/noticias\\\/#\\\/schema\\\/person\\\/e2fbdfaf30a07014a43940ce989f3119\"},\"headline\":\"Las mujeres del interior del Estado se comprometen con Ren\u00e1n Barrera para hacerlo gobernador\u00a0\",\"datePublished\":\"2023-12-19T00:17:21+00:00\",\"mainEntityOfPage\":{\"@id\":\"https:\\\/\\\/www.yucatanencorto.com\\\/noticias\\\/las-mujeres-del-interior-del-estado-se-comprometen-con-renan-barrera-para-hacerlo-gobernador\\\/\"},\"wordCount\":398,\"image\":{\"@id\":\"https:\\\/\\\/www.yucatanencorto.com\\\/noticias\\\/las-mujeres-del-interior-del-estado-se-comprometen-con-renan-barrera-para-hacerlo-gobernador\\\/#primaryimage\"},\"thumbnailUrl\":\"https:\\\/\\\/www.yucatanencorto.com\\\/noticias\\\/wp-content\\\/uploads\\\/2023\\\/12\\\/IMG-20231218-WA0030-scaled.jpg\",\"articleSection\":[\"M\u00e9rida\"],\"inLanguage\":\"es\"},{\"@type\":\"WebPage\",\"@id\":\"https:\\\/\\\/www.yucatanencorto.com\\\/noticias\\\/las-mujeres-del-interior-del-estado-se-comprometen-con-renan-barrera-para-hacerlo-gobernador\\\/\",\"url\":\"https:\\\/\\\/www.yucatanencorto.com\\\/noticias\\\/las-mujeres-del-interior-del-estado-se-comprometen-con-renan-barrera-para-hacerlo-gobernador\\\/\",\"name\":\"Las mujeres del interior del Estado se comprometen con Ren\u00e1n Barrera para hacerlo gobernador\u00a0 - Yucat\u00e1n en corto\",\"isPartOf\":{\"@id\":\"https:\\\/\\\/www.yucatanencorto.com\\\/noticias\\\/#website\"},\"primaryImageOfPage\":{\"@id\":\"https:\\\/\\\/www.yucatanencorto.com\\\/noticias\\\/las-mujeres-del-interior-del-estado-se-comprometen-con-renan-barrera-para-hacerlo-gobernador\\\/#primaryimage\"},\"image\":{\"@id\":\"https:\\\/\\\/www.yucatanencorto.com\\\/noticias\\\/las-mujeres-del-interior-del-estado-se-comprometen-con-renan-barrera-para-hacerlo-gobernador\\\/#primaryimage\"},\"thumbnailUrl\":\"https:\\\/\\\/www.yucatanencorto.com\\\/noticias\\\/wp-content\\\/uploads\\\/2023\\\/12\\\/IMG-20231218-WA0030-scaled.jpg\",\"datePublished\":\"2023-12-19T00:17:21+00:00\",\"author\":{\"@id\":\"https:\\\/\\\/www.yucatanencorto.com\\\/noticias\\\/#\\\/schema\\\/person\\\/e2fbdfaf30a07014a43940ce989f3119\"},\"breadcrumb\":{\"@id\":\"https:\\\/\\\/www.yucatanencorto.com\\\/noticias\\\/las-mujeres-del-interior-del-estado-se-comprometen-con-renan-barrera-para-hacerlo-gobernador\\\/#breadcrumb\"},\"inLanguage\":\"es\",\"potentialAction\":[{\"@type\":\"ReadAction\",\"target\":[\"https:\\\/\\\/www.yucatanencorto.com\\\/noticias\\\/las-mujeres-del-interior-del-estado-se-comprometen-con-renan-barrera-para-hacerlo-gobernador\\\/\"]}]},{\"@type\":\"ImageObject\",\"inLanguage\":\"es\",\"@id\":\"https:\\\/\\\/www.yucatanencorto.com\\\/noticias\\\/las-mujeres-del-interior-del-estado-se-comprometen-con-renan-barrera-para-hacerlo-gobernador\\\/#primaryimage\",\"url\":\"https:\\\/\\\/www.yucatanencorto.com\\\/noticias\\\/wp-content\\\/uploads\\\/2023\\\/12\\\/IMG-20231218-WA0030-scaled.jpg\",\"contentUrl\":\"https:\\\/\\\/www.yucatanencorto.com\\\/noticias\\\/wp-content\\\/uploads\\\/2023\\\/12\\\/IMG-20231218-WA0030-scaled.jpg\",\"width\":768,\"height\":512},{\"@type\":\"BreadcrumbList\",\"@id\":\"https:\\\/\\\/www.yucatanencorto.com\\\/noticias\\\/las-mujeres-del-interior-del-estado-se-comprometen-con-renan-barrera-para-hacerlo-gobernador\\\/#breadcrumb\",\"itemListElement\":[{\"@type\":\"ListItem\",\"position\":1,\"name\":\"Portada\",\"item\":\"https:\\\/\\\/www.yucatanencorto.com\\\/noticias\\\/\"},{\"@type\":\"ListItem\",\"position\":2,\"name\":\"Las mujeres del interior del Estado se comprometen con Ren\u00e1n Barrera para hacerlo gobernador\u00a0\"}]},{\"@type\":\"WebSite\",\"@id\":\"https:\\\/\\\/www.yucatanencorto.com\\\/noticias\\\/#website\",\"url\":\"https:\\\/\\\/www.yucatanencorto.com\\\/noticias\\\/\",\"name\":\"Yucat\u00e1n en corto\",\"description\":\"Noticias\",\"potentialAction\":[{\"@type\":\"SearchAction\",\"target\":{\"@type\":\"EntryPoint\",\"urlTemplate\":\"https:\\\/\\\/www.yucatanencorto.com\\\/noticias\\\/?s={search_term_string}\"},\"query-input\":{\"@type\":\"PropertyValueSpecification\",\"valueRequired\":true,\"valueName\":\"search_term_string\"}}],\"inLanguage\":\"es\"},{\"@type\":\"Person\",\"@id\":\"https:\\\/\\\/www.yucatanencorto.com\\\/noticias\\\/#\\\/schema\\\/person\\\/e2fbdfaf30a07014a43940ce989f3119\",\"name\":\"Redes\",\"image\":{\"@type\":\"ImageObject\",\"inLanguage\":\"es\",\"@id\":\"https:\\\/\\\/secure.gravatar.com\\\/avatar\\\/5931a2d21dd7cc834f44c8c34fe56d90ed6d536ef452cbf870c7485b524dddd7?s=96&d=mm&r=g\",\"url\":\"https:\\\/\\\/secure.gravatar.com\\\/avatar\\\/5931a2d21dd7cc834f44c8c34fe56d90ed6d536ef452cbf870c7485b524dddd7?s=96&d=mm&r=g\",\"contentUrl\":\"https:\\\/\\\/secure.gravatar.com\\\/avatar\\\/5931a2d21dd7cc834f44c8c34fe56d90ed6d536ef452cbf870c7485b524dddd7?s=96&d=mm&r=g\",\"caption\":\"Redes\"},\"url\":\"https:\\\/\\\/www.yucatanencorto.com\\\/noticias\\\/author\\\/redes\\\/\"}]}<\/script>\n<!-- \/ Yoast SEO plugin. -->","yoast_head_json":{"title":"Las mujeres del interior del Estado se comprometen con Ren\u00e1n Barrera para hacerlo gobernador\u00a0 - Yucat\u00e1n en corto","robots":{"index":"index","follow":"follow","max-snippet":"max-snippet:-1","max-image-preview":"max-image-preview:large","max-video-preview":"max-video-preview:-1"},"canonical":"https:\/\/www.yucatanencorto.com\/noticias\/las-mujeres-del-interior-del-estado-se-comprometen-con-renan-barrera-para-hacerlo-gobernador\/","og_locale":"es_ES","og_type":"article","og_title":"Las mujeres del interior del Estado se comprometen con Ren\u00e1n Barrera para hacerlo gobernador\u00a0 - Yucat\u00e1n en corto","og_description":"Peto, Yucat\u00e1n a 18 de diciembre de 2023.- Con pancartas que expresaban total apoyo al coordinador del equipo Yucat\u00e1n por el Partido Acci\u00f3n Nacional (PAN), Ren\u00e1n Barrera Concha, una multitud de simpatizantes del municipio de Peto lo recibi\u00f3 con los brazos abiertos para celebrar un convivio organizado por mujeres dedicadas al campo, las artesan\u00edas y [&hellip;]","og_url":"https:\/\/www.yucatanencorto.com\/noticias\/las-mujeres-del-interior-del-estado-se-comprometen-con-renan-barrera-para-hacerlo-gobernador\/","og_site_name":"Yucat\u00e1n en corto","article_publisher":"http:\/\/www.facebook.com\/yucatanencorto","article_published_time":"2023-12-19T00:17:21+00:00","og_image":[{"width":768,"height":512,"url":"https:\/\/www.yucatanencorto.com\/noticias\/wp-content\/uploads\/2023\/12\/IMG-20231218-WA0030-scaled.jpg","type":"image\/jpeg"}],"author":"Redes","twitter_card":"summary_large_image","twitter_creator":"@yucatanencorto","twitter_site":"@yucatanencorto","twitter_misc":{"Escrito por":"Redes","Tiempo de lectura":"2 minutos"},"schema":{"@context":"https:\/\/schema.org","@graph":[{"@type":"Article","@id":"https:\/\/www.yucatanencorto.com\/noticias\/las-mujeres-del-interior-del-estado-se-comprometen-con-renan-barrera-para-hacerlo-gobernador\/#article","isPartOf":{"@id":"https:\/\/www.yucatanencorto.com\/noticias\/las-mujeres-del-interior-del-estado-se-comprometen-con-renan-barrera-para-hacerlo-gobernador\/"},"author":{"name":"Redes","@id":"https:\/\/www.yucatanencorto.com\/noticias\/#\/schema\/person\/e2fbdfaf30a07014a43940ce989f3119"},"headline":"Las mujeres del interior del Estado se comprometen con Ren\u00e1n Barrera para hacerlo gobernador\u00a0","datePublished":"2023-12-19T00:17:21+00:00","mainEntityOfPage":{"@id":"https:\/\/www.yucatanencorto.com\/noticias\/las-mujeres-del-interior-del-estado-se-comprometen-con-renan-barrera-para-hacerlo-gobernador\/"},"wordCount":398,"image":{"@id":"https:\/\/www.yucatanencorto.com\/noticias\/las-mujeres-del-interior-del-estado-se-comprometen-con-renan-barrera-para-hacerlo-gobernador\/#primaryimage"},"thumbnailUrl":"https:\/\/www.yucatanencorto.com\/noticias\/wp-content\/uploads\/2023\/12\/IMG-20231218-WA0030-scaled.jpg","articleSection":["M\u00e9rida"],"inLanguage":"es"},{"@type":"WebPage","@id":"https:\/\/www.yucatanencorto.com\/noticias\/las-mujeres-del-interior-del-estado-se-comprometen-con-renan-barrera-para-hacerlo-gobernador\/","url":"https:\/\/www.yucatanencorto.com\/noticias\/las-mujeres-del-interior-del-estado-se-comprometen-con-renan-barrera-para-hacerlo-gobernador\/","name":"Las mujeres del interior del Estado se comprometen con Ren\u00e1n Barrera para hacerlo gobernador\u00a0 - Yucat\u00e1n en corto","isPartOf":{"@id":"https:\/\/www.yucatanencorto.com\/noticias\/#website"},"primaryImageOfPage":{"@id":"https:\/\/www.yucatanencorto.com\/noticias\/las-mujeres-del-interior-del-estado-se-comprometen-con-renan-barrera-para-hacerlo-gobernador\/#primaryimage"},"image":{"@id":"https:\/\/www.yucatanencorto.com\/noticias\/las-mujeres-del-interior-del-estado-se-comprometen-con-renan-barrera-para-hacerlo-gobernador\/#primaryimage"},"thumbnailUrl":"https:\/\/www.yucatanencorto.com\/noticias\/wp-content\/uploads\/2023\/12\/IMG-20231218-WA0030-scaled.jpg","datePublished":"2023-12-19T00:17:21+00:00","author":{"@id":"https:\/\/www.yucatanencorto.com\/noticias\/#\/schema\/person\/e2fbdfaf30a07014a43940ce989f3119"},"breadcrumb":{"@id":"https:\/\/www.yucatanencorto.com\/noticias\/las-mujeres-del-interior-del-estado-se-comprometen-con-renan-barrera-para-hacerlo-gobernador\/#breadcrumb"},"inLanguage":"es","potentialAction":[{"@type":"ReadAction","target":["https:\/\/www.yucatanencorto.com\/noticias\/las-mujeres-del-interior-del-estado-se-comprometen-con-renan-barrera-para-hacerlo-gobernador\/"]}]},{"@type":"ImageObject","inLanguage":"es","@id":"https:\/\/www.yucatanencorto.com\/noticias\/las-mujeres-del-interior-del-estado-se-comprometen-con-renan-barrera-para-hacerlo-gobernador\/#primaryimage","url":"https:\/\/www.yucatanencorto.com\/noticias\/wp-content\/uploads\/2023\/12\/IMG-20231218-WA0030-scaled.jpg","contentUrl":"https:\/\/www.yucatanencorto.com\/noticias\/wp-content\/uploads\/2023\/12\/IMG-20231218-WA0030-scaled.jpg","width":768,"height":512},{"@type":"BreadcrumbList","@id":"https:\/\/www.yucatanencorto.com\/noticias\/las-mujeres-del-interior-del-estado-se-comprometen-con-renan-barrera-para-hacerlo-gobernador\/#breadcrumb","itemListElement":[{"@type":"ListItem","position":1,"name":"Portada","item":"https:\/\/www.yucatanencorto.com\/noticias\/"},{"@type":"ListItem","position":2,"name":"Las mujeres del interior del Estado se comprometen con Ren\u00e1n Barrera para hacerlo gobernador\u00a0"}]},{"@type":"WebSite","@id":"https:\/\/www.yucatanencorto.com\/noticias\/#website","url":"https:\/\/www.yucatanencorto.com\/noticias\/","name":"Yucat\u00e1n en corto","description":"Noticias","potentialAction":[{"@type":"SearchAction","target":{"@type":"EntryPoint","urlTemplate":"https:\/\/www.yucatanencorto.com\/noticias\/?s={search_term_string}"},"query-input":{"@type":"PropertyValueSpecification","valueRequired":true,"valueName":"search_term_string"}}],"inLanguage":"es"},{"@type":"Person","@id":"https:\/\/www.yucatanencorto.com\/noticias\/#\/schema\/person\/e2fbdfaf30a07014a43940ce989f3119","name":"Redes","image":{"@type":"ImageObject","inLanguage":"es","@id":"https:\/\/secure.gravatar.com\/avatar\/5931a2d21dd7cc834f44c8c34fe56d90ed6d536ef452cbf870c7485b524dddd7?s=96&d=mm&r=g","url":"https:\/\/secure.gravatar.com\/avatar\/5931a2d21dd7cc834f44c8c34fe56d90ed6d536ef452cbf870c7485b524dddd7?s=96&d=mm&r=g","contentUrl":"https:\/\/secure.gravatar.com\/avatar\/5931a2d21dd7cc834f44c8c34fe56d90ed6d536ef452cbf870c7485b524dddd7?s=96&d=mm&r=g","caption":"Redes"},"url":"https:\/\/www.yucatanencorto.com\/noticias\/author\/redes\/"}]}},"_links":{"self":[{"href":"https:\/\/www.yucatanencorto.com\/noticias\/wp-json\/wp\/v2\/posts\/101567","targetHints":{"allow":["GET"]}}],"collection":[{"href":"https:\/\/www.yucatanencorto.com\/noticias\/wp-json\/wp\/v2\/posts"}],"about":[{"href":"https:\/\/www.yucatanencorto.com\/noticias\/wp-json\/wp\/v2\/types\/post"}],"author":[{"embeddable":true,"href":"https:\/\/www.yucatanencorto.com\/noticias\/wp-json\/wp\/v2\/users\/3"}],"replies":[{"embeddable":true,"href":"https:\/\/www.yucatanencorto.com\/noticias\/wp-json\/wp\/v2\/comments?post=101567"}],"version-history":[{"count":0,"href":"https:\/\/www.yucatanencorto.com\/noticias\/wp-json\/wp\/v2\/posts\/101567\/revisions"}],"wp:featuredmedia":[{"embeddable":true,"href":"https:\/\/www.yucatanencorto.com\/noticias\/wp-json\/wp\/v2\/media\/101568"}],"wp:attachment":[{"href":"https:\/\/www.yucatanencorto.com\/noticias\/wp-json\/wp\/v2\/media?parent=101567"}],"wp:term":[{"taxonomy":"category","embeddable":true,"href":"https:\/\/www.yucatanencorto.com\/noticias\/wp-json\/wp\/v2\/categories?post=101567"},{"taxonomy":"post_tag","embeddable":true,"href":"https:\/\/www.yucatanencorto.com\/noticias\/wp-json\/wp\/v2\/tags?post=101567"}],"curies":[{"name":"wp","href":"https:\/\/api.w.org\/{rel}","templated":true}]}}