{"id":101576,"date":"2023-12-19T19:59:34","date_gmt":"2023-12-20T01:59:34","guid":{"rendered":"https:\/\/www.yucatanencorto.com\/noticias\/?p=101576"},"modified":"2023-12-19T19:59:51","modified_gmt":"2023-12-20T01:59:51","slug":"supervisan-trabajos-de-remodelacion-y-modernizacion-de-la-unidad-deportiva-del-sur-henry-martin","status":"publish","type":"post","link":"https:\/\/www.yucatanencorto.com\/noticias\/supervisan-trabajos-de-remodelacion-y-modernizacion-de-la-unidad-deportiva-del-sur-henry-martin\/","title":{"rendered":"Supervisan trabajos de remodelaci\u00f3n y modernizaci\u00f3n de la Unidad Deportiva del Sur \u00abHenry Mart\u00edn\u00bb"},"content":{"rendered":"<p><img loading=\"lazy\" decoding=\"async\" class=\"alignnone size-full wp-image-101577\" src=\"https:\/\/www.yucatanencorto.com\/noticias\/wp-content\/uploads\/2023\/12\/IMG-20231219-WA0020-scaled.jpg\" alt=\"\" width=\"768\" height=\"574\" srcset=\"https:\/\/www.yucatanencorto.com\/noticias\/wp-content\/uploads\/2023\/12\/IMG-20231219-WA0020-scaled.jpg 768w, https:\/\/www.yucatanencorto.com\/noticias\/wp-content\/uploads\/2023\/12\/IMG-20231219-WA0020-150x112.jpg 150w, https:\/\/www.yucatanencorto.com\/noticias\/wp-content\/uploads\/2023\/12\/IMG-20231219-WA0020-300x224.jpg 300w, https:\/\/www.yucatanencorto.com\/noticias\/wp-content\/uploads\/2023\/12\/IMG-20231219-WA0020-696x520.jpg 696w, https:\/\/www.yucatanencorto.com\/noticias\/wp-content\/uploads\/2023\/12\/IMG-20231219-WA0020-1068x798.jpg 1068w\" sizes=\"auto, (max-width: 768px) 100vw, 768px\" \/><\/p>\n<p>M\u00e9rida, Yucat\u00e1n, 19 de diciembre de 2023.- Los trabajos de remodelaci\u00f3n y modernizaci\u00f3n de la Unidad Deportiva del Sur \u201cHenry Mart\u00edn\u201d avanzan a muy buen ritmo y estar\u00e1n listas pr\u00f3ximamente para convertirse en un espacio digno y de calidad para las familias de esta zona, la cual supervis\u00f3 el Gobernador Mauricio Vila Dosal, y que contribuir\u00e1 a la igualdad de todas las zonas de la ciudad, para que las familias del sur y sus alrededores tengan nuevos, mejores y m\u00e1s espacios para convivir sanamente.<\/p>\n<p>&nbsp;<\/p>\n<p>Acompa\u00f1ado del director general del Instituto para el Desarrollo y Certificaci\u00f3n de la Infraestructura F\u00edsica Educativa y El\u00e9ctrica de Yucat\u00e1n (Idefeey), Luis Jorge Montalvo Duarte y del director general del Instituto del Deporte (IDEY), Jorge Antonio Esteban Abud; Vila Dosal recorri\u00f3 el \u00e1rea de construcci\u00f3n en la colonia San Jos\u00e9 Tecoh, donde ya se encuentran instaladas grandes estructuras en las distintas \u00e1reas que conformar\u00e1n este nuevo sitio recreativo.<\/p>\n<p>&nbsp;<\/p>\n<p>Se trata de una obra con una inversi\u00f3n hist\u00f3rica estatal de 146 millones de pesos para la construcci\u00f3n de una cancha de b\u00e1squetbol, otra de fut 5, fut 7, f\u00fatbol de sal\u00f3n, tochito, as\u00ed como jaulas de bateo, y un centro de usos m\u00faltiples con tableros, techo y gradas.<\/p>\n<p>&nbsp;<\/p>\n<p>Durante el recorrido en el lugar donde se encuentran cuadrillas de trabajadores laborando, se destac\u00f3 que, la Unidad Deportiva del Sur contribuir\u00e1 a la igualdad de todas las zonas de la ciudad para que las familias del sur y sus alrededores tengan nuevos, mejores y m\u00e1s espacios para convivir sanamente, con mayor iluminaci\u00f3n led y m\u00e1s seguros.<\/p>\n<p>&nbsp;<\/p>\n<p>Cabe recordar que la rehabilitaci\u00f3n de la Unidad Deportiva del Sur \u201cHenry Mart\u00edn\u201d forma parte de un esfuerzo conjunto que anunci\u00f3 el Gobernador junto con el Ayuntamiento de M\u00e9rida para transformar al sur de la ciudad con la modernizaci\u00f3n de 23 parques del sur de la capital yucateca y la Unidad Deportiva del Sur \u201cHenry Mart\u00edn\u201d, a trav\u00e9s de una inversi\u00f3n sin precedentes de m\u00e1s de 180 millones de pesos.<\/p>\n<p>&nbsp;<\/p>\n<p>La obra contempla la modernizaci\u00f3n y ampliaci\u00f3n del gimnasio, as\u00ed como \u00e1rea de boxeo, y se est\u00e1n construyendo en esta \u00e1rea, ba\u00f1os, \u00e1rea m\u00e9dica, bodega y una nueva sala de ajedrez. Se rehabilitar\u00e1 el pasto de las canchas existentes, se implementar\u00e1 un sistema de riego y nueva iluminaci\u00f3n led, se instalar\u00e1n tambi\u00e9n nuevos espacios con pasto sint\u00e9tico, juegos, aparatos de ejercicio, y mobiliario como mesas, bancas, basureros entre otros.<\/p>\n<p>&nbsp;<\/p>\n<p>Contar\u00e1 con 6 locales comerciales, 117 nuevos cajones de estacionamiento, incluyendo espacios para personas con discapacidad, motos y bicicletas. Se modernizar\u00e1 todo el acceso principal incluyendo la explanada de entrada y el p\u00f3rtico principal, adem\u00e1s de que se construir\u00e1 otro p\u00f3rtico de acceso posterior con caseta de vigilancia y \u00e1rea de bicicletas.<\/p>\n<p>&nbsp;<\/p>\n<p>De manera hist\u00f3rica se van a construir dos nuevas grandes \u00e1reas de diversi\u00f3n para ni\u00f1as y ni\u00f1os: un splash pad con \u00e1rea techada para generar sombra, con zonas acu\u00e1ticas y juegos como lanzadores de agua, barco pirata y espacio con accesibilidad universal; as\u00ed como una nueva \u00e1rea de diversiones extremas con tirolesa, ca\u00edda libre, un brincol\u00edn para saltar sujetado, un laberinto, pared para escalar y una pista con carritos de pedales que har\u00e1n un circuito.<\/p>\n<p>&nbsp;<\/p>\n<p>Tambi\u00e9n, el \u00e1rea de oficinas estar\u00e1 recibiendo trabajos de mantenimiento y mejoras. Estos trabajos incluyen tambi\u00e9n el mejoramiento de los ba\u00f1os actuales, las instalaciones el\u00e9ctricas, iluminaci\u00f3n led en toda la unidad, la implementaci\u00f3n de un nuevo sistema de riego, la construcci\u00f3n de barda perimetral, y la instalaci\u00f3n de un moderno sistema de voz y datos en las oficinas del SITE, adem\u00e1s de aire acondicionado y un sistema de videovigilancia.<\/p>\n<p>&nbsp;<\/p>\n<p>Todo esto, como parte del fuerte impulso del Gobernador Mauricio Vila Dosal para seguir transformando la vida de las familias yucatecas del sur de M\u00e9rida para que tengan la misma calidad de espacios para el deporte y la convivencia que cualquier otra zona de la ciudad.<\/p>\n","protected":false},"excerpt":{"rendered":"<p>M\u00e9rida, Yucat\u00e1n, 19 de diciembre de 2023.- Los trabajos de remodelaci\u00f3n y modernizaci\u00f3n de la Unidad Deportiva del Sur \u201cHenry Mart\u00edn\u201d avanzan a muy buen ritmo y estar\u00e1n listas pr\u00f3ximamente para convertirse en un espacio digno y de calidad para las familias de esta zona, la cual supervis\u00f3 el Gobernador Mauricio Vila Dosal, y que [&hellip;]<\/p>\n","protected":false},"author":3,"featured_media":101577,"comment_status":"closed","ping_status":"closed","sticky":false,"template":"","format":"standard","meta":{"footnotes":""},"categories":[3],"tags":[],"class_list":{"0":"post-101576","1":"post","2":"type-post","3":"status-publish","4":"format-standard","5":"has-post-thumbnail","7":"category-yucatan"},"yoast_head":"<!-- This site is optimized with the Yoast SEO plugin v27.4 - https:\/\/yoast.com\/product\/yoast-seo-wordpress\/ -->\n<title>Supervisan trabajos de remodelaci\u00f3n y modernizaci\u00f3n de la Unidad Deportiva del Sur &quot;Henry Mart\u00edn&quot; - Yucat\u00e1n en corto<\/title>\n<meta name=\"robots\" content=\"index, follow, max-snippet:-1, max-image-preview:large, max-video-preview:-1\" \/>\n<link rel=\"canonical\" href=\"https:\/\/www.yucatanencorto.com\/noticias\/supervisan-trabajos-de-remodelacion-y-modernizacion-de-la-unidad-deportiva-del-sur-henry-martin\/\" \/>\n<meta property=\"og:locale\" content=\"es_ES\" \/>\n<meta property=\"og:type\" content=\"article\" \/>\n<meta property=\"og:title\" content=\"Supervisan trabajos de remodelaci\u00f3n y modernizaci\u00f3n de la Unidad Deportiva del Sur &quot;Henry Mart\u00edn&quot; - Yucat\u00e1n en corto\" \/>\n<meta property=\"og:description\" content=\"M\u00e9rida, Yucat\u00e1n, 19 de diciembre de 2023.- Los trabajos de remodelaci\u00f3n y modernizaci\u00f3n de la Unidad Deportiva del Sur \u201cHenry Mart\u00edn\u201d avanzan a muy buen ritmo y estar\u00e1n listas pr\u00f3ximamente para convertirse en un espacio digno y de calidad para las familias de esta zona, la cual supervis\u00f3 el Gobernador Mauricio Vila Dosal, y que [&hellip;]\" \/>\n<meta property=\"og:url\" content=\"https:\/\/www.yucatanencorto.com\/noticias\/supervisan-trabajos-de-remodelacion-y-modernizacion-de-la-unidad-deportiva-del-sur-henry-martin\/\" \/>\n<meta property=\"og:site_name\" content=\"Yucat\u00e1n en corto\" \/>\n<meta property=\"article:publisher\" content=\"http:\/\/www.facebook.com\/yucatanencorto\" \/>\n<meta property=\"article:published_time\" content=\"2023-12-20T01:59:34+00:00\" \/>\n<meta property=\"article:modified_time\" content=\"2023-12-20T01:59:51+00:00\" \/>\n<meta property=\"og:image\" content=\"https:\/\/www.yucatanencorto.com\/noticias\/wp-content\/uploads\/2023\/12\/IMG-20231219-WA0020-scaled.jpg\" \/>\n\t<meta property=\"og:image:width\" content=\"768\" \/>\n\t<meta property=\"og:image:height\" content=\"574\" \/>\n\t<meta property=\"og:image:type\" content=\"image\/jpeg\" \/>\n<meta name=\"author\" content=\"Redes\" \/>\n<meta name=\"twitter:card\" content=\"summary_large_image\" \/>\n<meta name=\"twitter:creator\" content=\"@yucatanencorto\" \/>\n<meta name=\"twitter:site\" content=\"@yucatanencorto\" \/>\n<meta name=\"twitter:label1\" content=\"Escrito por\" \/>\n\t<meta name=\"twitter:data1\" content=\"Redes\" \/>\n\t<meta name=\"twitter:label2\" content=\"Tiempo de lectura\" \/>\n\t<meta name=\"twitter:data2\" content=\"4 minutos\" \/>\n<script type=\"application\/ld+json\" class=\"yoast-schema-graph\">{\"@context\":\"https:\\\/\\\/schema.org\",\"@graph\":[{\"@type\":\"Article\",\"@id\":\"https:\\\/\\\/www.yucatanencorto.com\\\/noticias\\\/supervisan-trabajos-de-remodelacion-y-modernizacion-de-la-unidad-deportiva-del-sur-henry-martin\\\/#article\",\"isPartOf\":{\"@id\":\"https:\\\/\\\/www.yucatanencorto.com\\\/noticias\\\/supervisan-trabajos-de-remodelacion-y-modernizacion-de-la-unidad-deportiva-del-sur-henry-martin\\\/\"},\"author\":{\"name\":\"Redes\",\"@id\":\"https:\\\/\\\/www.yucatanencorto.com\\\/noticias\\\/#\\\/schema\\\/person\\\/e2fbdfaf30a07014a43940ce989f3119\"},\"headline\":\"Supervisan trabajos de remodelaci\u00f3n y modernizaci\u00f3n de la Unidad Deportiva del Sur \u00abHenry Mart\u00edn\u00bb\",\"datePublished\":\"2023-12-20T01:59:34+00:00\",\"dateModified\":\"2023-12-20T01:59:51+00:00\",\"mainEntityOfPage\":{\"@id\":\"https:\\\/\\\/www.yucatanencorto.com\\\/noticias\\\/supervisan-trabajos-de-remodelacion-y-modernizacion-de-la-unidad-deportiva-del-sur-henry-martin\\\/\"},\"wordCount\":720,\"image\":{\"@id\":\"https:\\\/\\\/www.yucatanencorto.com\\\/noticias\\\/supervisan-trabajos-de-remodelacion-y-modernizacion-de-la-unidad-deportiva-del-sur-henry-martin\\\/#primaryimage\"},\"thumbnailUrl\":\"https:\\\/\\\/www.yucatanencorto.com\\\/noticias\\\/wp-content\\\/uploads\\\/2023\\\/12\\\/IMG-20231219-WA0020-scaled.jpg\",\"articleSection\":[\"Yucat\u00e1n\"],\"inLanguage\":\"es\"},{\"@type\":\"WebPage\",\"@id\":\"https:\\\/\\\/www.yucatanencorto.com\\\/noticias\\\/supervisan-trabajos-de-remodelacion-y-modernizacion-de-la-unidad-deportiva-del-sur-henry-martin\\\/\",\"url\":\"https:\\\/\\\/www.yucatanencorto.com\\\/noticias\\\/supervisan-trabajos-de-remodelacion-y-modernizacion-de-la-unidad-deportiva-del-sur-henry-martin\\\/\",\"name\":\"Supervisan trabajos de remodelaci\u00f3n y modernizaci\u00f3n de la Unidad Deportiva del Sur \\\"Henry Mart\u00edn\\\" - Yucat\u00e1n en corto\",\"isPartOf\":{\"@id\":\"https:\\\/\\\/www.yucatanencorto.com\\\/noticias\\\/#website\"},\"primaryImageOfPage\":{\"@id\":\"https:\\\/\\\/www.yucatanencorto.com\\\/noticias\\\/supervisan-trabajos-de-remodelacion-y-modernizacion-de-la-unidad-deportiva-del-sur-henry-martin\\\/#primaryimage\"},\"image\":{\"@id\":\"https:\\\/\\\/www.yucatanencorto.com\\\/noticias\\\/supervisan-trabajos-de-remodelacion-y-modernizacion-de-la-unidad-deportiva-del-sur-henry-martin\\\/#primaryimage\"},\"thumbnailUrl\":\"https:\\\/\\\/www.yucatanencorto.com\\\/noticias\\\/wp-content\\\/uploads\\\/2023\\\/12\\\/IMG-20231219-WA0020-scaled.jpg\",\"datePublished\":\"2023-12-20T01:59:34+00:00\",\"dateModified\":\"2023-12-20T01:59:51+00:00\",\"author\":{\"@id\":\"https:\\\/\\\/www.yucatanencorto.com\\\/noticias\\\/#\\\/schema\\\/person\\\/e2fbdfaf30a07014a43940ce989f3119\"},\"breadcrumb\":{\"@id\":\"https:\\\/\\\/www.yucatanencorto.com\\\/noticias\\\/supervisan-trabajos-de-remodelacion-y-modernizacion-de-la-unidad-deportiva-del-sur-henry-martin\\\/#breadcrumb\"},\"inLanguage\":\"es\",\"potentialAction\":[{\"@type\":\"ReadAction\",\"target\":[\"https:\\\/\\\/www.yucatanencorto.com\\\/noticias\\\/supervisan-trabajos-de-remodelacion-y-modernizacion-de-la-unidad-deportiva-del-sur-henry-martin\\\/\"]}]},{\"@type\":\"ImageObject\",\"inLanguage\":\"es\",\"@id\":\"https:\\\/\\\/www.yucatanencorto.com\\\/noticias\\\/supervisan-trabajos-de-remodelacion-y-modernizacion-de-la-unidad-deportiva-del-sur-henry-martin\\\/#primaryimage\",\"url\":\"https:\\\/\\\/www.yucatanencorto.com\\\/noticias\\\/wp-content\\\/uploads\\\/2023\\\/12\\\/IMG-20231219-WA0020-scaled.jpg\",\"contentUrl\":\"https:\\\/\\\/www.yucatanencorto.com\\\/noticias\\\/wp-content\\\/uploads\\\/2023\\\/12\\\/IMG-20231219-WA0020-scaled.jpg\",\"width\":768,\"height\":574},{\"@type\":\"BreadcrumbList\",\"@id\":\"https:\\\/\\\/www.yucatanencorto.com\\\/noticias\\\/supervisan-trabajos-de-remodelacion-y-modernizacion-de-la-unidad-deportiva-del-sur-henry-martin\\\/#breadcrumb\",\"itemListElement\":[{\"@type\":\"ListItem\",\"position\":1,\"name\":\"Portada\",\"item\":\"https:\\\/\\\/www.yucatanencorto.com\\\/noticias\\\/\"},{\"@type\":\"ListItem\",\"position\":2,\"name\":\"Supervisan trabajos de remodelaci\u00f3n y modernizaci\u00f3n de la Unidad Deportiva del Sur \u00abHenry Mart\u00edn\u00bb\"}]},{\"@type\":\"WebSite\",\"@id\":\"https:\\\/\\\/www.yucatanencorto.com\\\/noticias\\\/#website\",\"url\":\"https:\\\/\\\/www.yucatanencorto.com\\\/noticias\\\/\",\"name\":\"Yucat\u00e1n en corto\",\"description\":\"Noticias\",\"potentialAction\":[{\"@type\":\"SearchAction\",\"target\":{\"@type\":\"EntryPoint\",\"urlTemplate\":\"https:\\\/\\\/www.yucatanencorto.com\\\/noticias\\\/?s={search_term_string}\"},\"query-input\":{\"@type\":\"PropertyValueSpecification\",\"valueRequired\":true,\"valueName\":\"search_term_string\"}}],\"inLanguage\":\"es\"},{\"@type\":\"Person\",\"@id\":\"https:\\\/\\\/www.yucatanencorto.com\\\/noticias\\\/#\\\/schema\\\/person\\\/e2fbdfaf30a07014a43940ce989f3119\",\"name\":\"Redes\",\"image\":{\"@type\":\"ImageObject\",\"inLanguage\":\"es\",\"@id\":\"https:\\\/\\\/secure.gravatar.com\\\/avatar\\\/5931a2d21dd7cc834f44c8c34fe56d90ed6d536ef452cbf870c7485b524dddd7?s=96&d=mm&r=g\",\"url\":\"https:\\\/\\\/secure.gravatar.com\\\/avatar\\\/5931a2d21dd7cc834f44c8c34fe56d90ed6d536ef452cbf870c7485b524dddd7?s=96&d=mm&r=g\",\"contentUrl\":\"https:\\\/\\\/secure.gravatar.com\\\/avatar\\\/5931a2d21dd7cc834f44c8c34fe56d90ed6d536ef452cbf870c7485b524dddd7?s=96&d=mm&r=g\",\"caption\":\"Redes\"},\"url\":\"https:\\\/\\\/www.yucatanencorto.com\\\/noticias\\\/author\\\/redes\\\/\"}]}<\/script>\n<!-- \/ Yoast SEO plugin. -->","yoast_head_json":{"title":"Supervisan trabajos de remodelaci\u00f3n y modernizaci\u00f3n de la Unidad Deportiva del Sur \"Henry Mart\u00edn\" - Yucat\u00e1n en corto","robots":{"index":"index","follow":"follow","max-snippet":"max-snippet:-1","max-image-preview":"max-image-preview:large","max-video-preview":"max-video-preview:-1"},"canonical":"https:\/\/www.yucatanencorto.com\/noticias\/supervisan-trabajos-de-remodelacion-y-modernizacion-de-la-unidad-deportiva-del-sur-henry-martin\/","og_locale":"es_ES","og_type":"article","og_title":"Supervisan trabajos de remodelaci\u00f3n y modernizaci\u00f3n de la Unidad Deportiva del Sur \"Henry Mart\u00edn\" - Yucat\u00e1n en corto","og_description":"M\u00e9rida, Yucat\u00e1n, 19 de diciembre de 2023.- Los trabajos de remodelaci\u00f3n y modernizaci\u00f3n de la Unidad Deportiva del Sur \u201cHenry Mart\u00edn\u201d avanzan a muy buen ritmo y estar\u00e1n listas pr\u00f3ximamente para convertirse en un espacio digno y de calidad para las familias de esta zona, la cual supervis\u00f3 el Gobernador Mauricio Vila Dosal, y que [&hellip;]","og_url":"https:\/\/www.yucatanencorto.com\/noticias\/supervisan-trabajos-de-remodelacion-y-modernizacion-de-la-unidad-deportiva-del-sur-henry-martin\/","og_site_name":"Yucat\u00e1n en corto","article_publisher":"http:\/\/www.facebook.com\/yucatanencorto","article_published_time":"2023-12-20T01:59:34+00:00","article_modified_time":"2023-12-20T01:59:51+00:00","og_image":[{"width":768,"height":574,"url":"https:\/\/www.yucatanencorto.com\/noticias\/wp-content\/uploads\/2023\/12\/IMG-20231219-WA0020-scaled.jpg","type":"image\/jpeg"}],"author":"Redes","twitter_card":"summary_large_image","twitter_creator":"@yucatanencorto","twitter_site":"@yucatanencorto","twitter_misc":{"Escrito por":"Redes","Tiempo de lectura":"4 minutos"},"schema":{"@context":"https:\/\/schema.org","@graph":[{"@type":"Article","@id":"https:\/\/www.yucatanencorto.com\/noticias\/supervisan-trabajos-de-remodelacion-y-modernizacion-de-la-unidad-deportiva-del-sur-henry-martin\/#article","isPartOf":{"@id":"https:\/\/www.yucatanencorto.com\/noticias\/supervisan-trabajos-de-remodelacion-y-modernizacion-de-la-unidad-deportiva-del-sur-henry-martin\/"},"author":{"name":"Redes","@id":"https:\/\/www.yucatanencorto.com\/noticias\/#\/schema\/person\/e2fbdfaf30a07014a43940ce989f3119"},"headline":"Supervisan trabajos de remodelaci\u00f3n y modernizaci\u00f3n de la Unidad Deportiva del Sur \u00abHenry Mart\u00edn\u00bb","datePublished":"2023-12-20T01:59:34+00:00","dateModified":"2023-12-20T01:59:51+00:00","mainEntityOfPage":{"@id":"https:\/\/www.yucatanencorto.com\/noticias\/supervisan-trabajos-de-remodelacion-y-modernizacion-de-la-unidad-deportiva-del-sur-henry-martin\/"},"wordCount":720,"image":{"@id":"https:\/\/www.yucatanencorto.com\/noticias\/supervisan-trabajos-de-remodelacion-y-modernizacion-de-la-unidad-deportiva-del-sur-henry-martin\/#primaryimage"},"thumbnailUrl":"https:\/\/www.yucatanencorto.com\/noticias\/wp-content\/uploads\/2023\/12\/IMG-20231219-WA0020-scaled.jpg","articleSection":["Yucat\u00e1n"],"inLanguage":"es"},{"@type":"WebPage","@id":"https:\/\/www.yucatanencorto.com\/noticias\/supervisan-trabajos-de-remodelacion-y-modernizacion-de-la-unidad-deportiva-del-sur-henry-martin\/","url":"https:\/\/www.yucatanencorto.com\/noticias\/supervisan-trabajos-de-remodelacion-y-modernizacion-de-la-unidad-deportiva-del-sur-henry-martin\/","name":"Supervisan trabajos de remodelaci\u00f3n y modernizaci\u00f3n de la Unidad Deportiva del Sur \"Henry Mart\u00edn\" - Yucat\u00e1n en corto","isPartOf":{"@id":"https:\/\/www.yucatanencorto.com\/noticias\/#website"},"primaryImageOfPage":{"@id":"https:\/\/www.yucatanencorto.com\/noticias\/supervisan-trabajos-de-remodelacion-y-modernizacion-de-la-unidad-deportiva-del-sur-henry-martin\/#primaryimage"},"image":{"@id":"https:\/\/www.yucatanencorto.com\/noticias\/supervisan-trabajos-de-remodelacion-y-modernizacion-de-la-unidad-deportiva-del-sur-henry-martin\/#primaryimage"},"thumbnailUrl":"https:\/\/www.yucatanencorto.com\/noticias\/wp-content\/uploads\/2023\/12\/IMG-20231219-WA0020-scaled.jpg","datePublished":"2023-12-20T01:59:34+00:00","dateModified":"2023-12-20T01:59:51+00:00","author":{"@id":"https:\/\/www.yucatanencorto.com\/noticias\/#\/schema\/person\/e2fbdfaf30a07014a43940ce989f3119"},"breadcrumb":{"@id":"https:\/\/www.yucatanencorto.com\/noticias\/supervisan-trabajos-de-remodelacion-y-modernizacion-de-la-unidad-deportiva-del-sur-henry-martin\/#breadcrumb"},"inLanguage":"es","potentialAction":[{"@type":"ReadAction","target":["https:\/\/www.yucatanencorto.com\/noticias\/supervisan-trabajos-de-remodelacion-y-modernizacion-de-la-unidad-deportiva-del-sur-henry-martin\/"]}]},{"@type":"ImageObject","inLanguage":"es","@id":"https:\/\/www.yucatanencorto.com\/noticias\/supervisan-trabajos-de-remodelacion-y-modernizacion-de-la-unidad-deportiva-del-sur-henry-martin\/#primaryimage","url":"https:\/\/www.yucatanencorto.com\/noticias\/wp-content\/uploads\/2023\/12\/IMG-20231219-WA0020-scaled.jpg","contentUrl":"https:\/\/www.yucatanencorto.com\/noticias\/wp-content\/uploads\/2023\/12\/IMG-20231219-WA0020-scaled.jpg","width":768,"height":574},{"@type":"BreadcrumbList","@id":"https:\/\/www.yucatanencorto.com\/noticias\/supervisan-trabajos-de-remodelacion-y-modernizacion-de-la-unidad-deportiva-del-sur-henry-martin\/#breadcrumb","itemListElement":[{"@type":"ListItem","position":1,"name":"Portada","item":"https:\/\/www.yucatanencorto.com\/noticias\/"},{"@type":"ListItem","position":2,"name":"Supervisan trabajos de remodelaci\u00f3n y modernizaci\u00f3n de la Unidad Deportiva del Sur \u00abHenry Mart\u00edn\u00bb"}]},{"@type":"WebSite","@id":"https:\/\/www.yucatanencorto.com\/noticias\/#website","url":"https:\/\/www.yucatanencorto.com\/noticias\/","name":"Yucat\u00e1n en corto","description":"Noticias","potentialAction":[{"@type":"SearchAction","target":{"@type":"EntryPoint","urlTemplate":"https:\/\/www.yucatanencorto.com\/noticias\/?s={search_term_string}"},"query-input":{"@type":"PropertyValueSpecification","valueRequired":true,"valueName":"search_term_string"}}],"inLanguage":"es"},{"@type":"Person","@id":"https:\/\/www.yucatanencorto.com\/noticias\/#\/schema\/person\/e2fbdfaf30a07014a43940ce989f3119","name":"Redes","image":{"@type":"ImageObject","inLanguage":"es","@id":"https:\/\/secure.gravatar.com\/avatar\/5931a2d21dd7cc834f44c8c34fe56d90ed6d536ef452cbf870c7485b524dddd7?s=96&d=mm&r=g","url":"https:\/\/secure.gravatar.com\/avatar\/5931a2d21dd7cc834f44c8c34fe56d90ed6d536ef452cbf870c7485b524dddd7?s=96&d=mm&r=g","contentUrl":"https:\/\/secure.gravatar.com\/avatar\/5931a2d21dd7cc834f44c8c34fe56d90ed6d536ef452cbf870c7485b524dddd7?s=96&d=mm&r=g","caption":"Redes"},"url":"https:\/\/www.yucatanencorto.com\/noticias\/author\/redes\/"}]}},"_links":{"self":[{"href":"https:\/\/www.yucatanencorto.com\/noticias\/wp-json\/wp\/v2\/posts\/101576","targetHints":{"allow":["GET"]}}],"collection":[{"href":"https:\/\/www.yucatanencorto.com\/noticias\/wp-json\/wp\/v2\/posts"}],"about":[{"href":"https:\/\/www.yucatanencorto.com\/noticias\/wp-json\/wp\/v2\/types\/post"}],"author":[{"embeddable":true,"href":"https:\/\/www.yucatanencorto.com\/noticias\/wp-json\/wp\/v2\/users\/3"}],"replies":[{"embeddable":true,"href":"https:\/\/www.yucatanencorto.com\/noticias\/wp-json\/wp\/v2\/comments?post=101576"}],"version-history":[{"count":0,"href":"https:\/\/www.yucatanencorto.com\/noticias\/wp-json\/wp\/v2\/posts\/101576\/revisions"}],"wp:featuredmedia":[{"embeddable":true,"href":"https:\/\/www.yucatanencorto.com\/noticias\/wp-json\/wp\/v2\/media\/101577"}],"wp:attachment":[{"href":"https:\/\/www.yucatanencorto.com\/noticias\/wp-json\/wp\/v2\/media?parent=101576"}],"wp:term":[{"taxonomy":"category","embeddable":true,"href":"https:\/\/www.yucatanencorto.com\/noticias\/wp-json\/wp\/v2\/categories?post=101576"},{"taxonomy":"post_tag","embeddable":true,"href":"https:\/\/www.yucatanencorto.com\/noticias\/wp-json\/wp\/v2\/tags?post=101576"}],"curies":[{"name":"wp","href":"https:\/\/api.w.org\/{rel}","templated":true}]}}