{"id":101579,"date":"2023-12-19T20:04:19","date_gmt":"2023-12-20T02:04:19","guid":{"rendered":"https:\/\/www.yucatanencorto.com\/noticias\/?p=101579"},"modified":"2023-12-19T20:04:19","modified_gmt":"2023-12-20T02:04:19","slug":"cecilia-patron-una-merida-chula-donde-cuidemos-juntos-el-medioambiente","status":"publish","type":"post","link":"https:\/\/www.yucatanencorto.com\/noticias\/cecilia-patron-una-merida-chula-donde-cuidemos-juntos-el-medioambiente\/","title":{"rendered":"Cecilia Patr\u00f3n: Una M\u00e9rida Chula donde cuidemos juntos el medioambiente"},"content":{"rendered":"<p><img loading=\"lazy\" decoding=\"async\" class=\"alignnone size-full wp-image-101580\" src=\"https:\/\/www.yucatanencorto.com\/noticias\/wp-content\/uploads\/2023\/12\/IMG-20231218-WA0028-1-scaled.jpg\" alt=\"\" width=\"768\" height=\"431\" srcset=\"https:\/\/www.yucatanencorto.com\/noticias\/wp-content\/uploads\/2023\/12\/IMG-20231218-WA0028-1-scaled.jpg 768w, https:\/\/www.yucatanencorto.com\/noticias\/wp-content\/uploads\/2023\/12\/IMG-20231218-WA0028-1-150x84.jpg 150w, https:\/\/www.yucatanencorto.com\/noticias\/wp-content\/uploads\/2023\/12\/IMG-20231218-WA0028-1-300x169.jpg 300w, https:\/\/www.yucatanencorto.com\/noticias\/wp-content\/uploads\/2023\/12\/IMG-20231218-WA0028-1-696x391.jpg 696w, https:\/\/www.yucatanencorto.com\/noticias\/wp-content\/uploads\/2023\/12\/IMG-20231218-WA0028-1-1068x600.jpg 1068w\" sizes=\"auto, (max-width: 768px) 100vw, 768px\" \/><\/p>\n<p>M\u00e9rida, Yucat\u00e1n a 19 de diciembre de 2023<\/p>\n<p>Innovadoras ideas en materia del cuidado y protecci\u00f3n al medio ambiente expusieron militantes panistas de M\u00e9rida a Cecilia Patr\u00f3n Laviada en el arranque de la cuarta semana de su precampa\u00f1a a la presidencia municipal.<\/p>\n<p>\u00abTomo nota de cada comentario, ya que la suma de esfuerzos permitir\u00e1 que nuestra M\u00e9rida chula siga creciendo de manera sostenible\u201d, se\u00f1al\u00f3.<\/p>\n<p>\u201cNuestra ciudad tiene la oportunidad de seguir creciendo de manera ordenada y sostenible, y es de la mano de todos y haciendo trabajo en equipo que haremos una M\u00e9rida m\u00e1s verde y comprometida con su medio ambiente\u00bb, afirm\u00f3 la precandidata a la presidencia municipal por el PAN Yucat\u00e1n.<\/p>\n<p>\u201cRealizar acciones para proteger lo que hoy tenemos permitir\u00e1 un desarrollo sostenible con igualdad de oportunidades para todos\u201d.<\/p>\n<p>Entre las ideas que expusieron los militantes destacan nuevas medidas para tener un transporte p\u00fablico sostenible con paraderos verdes.<\/p>\n<p>Adem\u00e1s hablaron de una arborizaci\u00f3n urbana planificada y aprovechar al m\u00e1ximo los servicios y espacios p\u00fablicos del municipio para el impulso de una agenda ambiental acorde a las necesidades de cada colonia o comisar\u00eda de la ciudad.<\/p>\n<p>Cecilia Patr\u00f3n comparti\u00f3 su visi\u00f3n de una sola M\u00e9rida en la que todas y todos seamos responsables y conscientes del cuidado de nuestra ciudad y sus recursos naturales, siendo copart\u00edcipes del cuidado del agua, los espacios p\u00fablicos, el desecho adecuado de residuos s\u00f3lidos, entre otras medidas.<\/p>\n<p>\u201cNuestra M\u00e9rida la hacemos en equipo, en la que ganamos todos si todos hacemos la parte que nos corresponde\u201d.<\/p>\n<p>El Ayuntamiento de M\u00e9rida cuenta con una normatividad vigente para el manejo integral de residuos s\u00f3lidos en la que adem\u00e1s se ha consolidado el impulso de m\u00e1s Mega Puntos Verdes como una pol\u00edtica p\u00fablica permanente; adem\u00e1s de la implementaci\u00f3n programas con est\u00edmulos ante el cambio clim\u00e1tico como descuentos en el pago del predial para viviendas y comercios con paneles solares o techos verdes, entre otros.<\/p>\n","protected":false},"excerpt":{"rendered":"<p>M\u00e9rida, Yucat\u00e1n a 19 de diciembre de 2023 Innovadoras ideas en materia del cuidado y protecci\u00f3n al medio ambiente expusieron militantes panistas de M\u00e9rida a Cecilia Patr\u00f3n Laviada en el arranque de la cuarta semana de su precampa\u00f1a a la presidencia municipal. \u00abTomo nota de cada comentario, ya que la suma de esfuerzos permitir\u00e1 que [&hellip;]<\/p>\n","protected":false},"author":3,"featured_media":101580,"comment_status":"closed","ping_status":"closed","sticky":false,"template":"","format":"standard","meta":{"footnotes":""},"categories":[3],"tags":[],"class_list":{"0":"post-101579","1":"post","2":"type-post","3":"status-publish","4":"format-standard","5":"has-post-thumbnail","7":"category-yucatan"},"yoast_head":"<!-- This site is optimized with the Yoast SEO plugin v27.4 - https:\/\/yoast.com\/product\/yoast-seo-wordpress\/ -->\n<title>Cecilia Patr\u00f3n: Una M\u00e9rida Chula donde cuidemos juntos el medioambiente - Yucat\u00e1n en corto<\/title>\n<meta name=\"robots\" content=\"index, follow, max-snippet:-1, max-image-preview:large, max-video-preview:-1\" \/>\n<link rel=\"canonical\" href=\"https:\/\/www.yucatanencorto.com\/noticias\/cecilia-patron-una-merida-chula-donde-cuidemos-juntos-el-medioambiente\/\" \/>\n<meta property=\"og:locale\" content=\"es_ES\" \/>\n<meta property=\"og:type\" content=\"article\" \/>\n<meta property=\"og:title\" content=\"Cecilia Patr\u00f3n: Una M\u00e9rida Chula donde cuidemos juntos el medioambiente - Yucat\u00e1n en corto\" \/>\n<meta property=\"og:description\" content=\"M\u00e9rida, Yucat\u00e1n a 19 de diciembre de 2023 Innovadoras ideas en materia del cuidado y protecci\u00f3n al medio ambiente expusieron militantes panistas de M\u00e9rida a Cecilia Patr\u00f3n Laviada en el arranque de la cuarta semana de su precampa\u00f1a a la presidencia municipal. \u00abTomo nota de cada comentario, ya que la suma de esfuerzos permitir\u00e1 que [&hellip;]\" \/>\n<meta property=\"og:url\" content=\"https:\/\/www.yucatanencorto.com\/noticias\/cecilia-patron-una-merida-chula-donde-cuidemos-juntos-el-medioambiente\/\" \/>\n<meta property=\"og:site_name\" content=\"Yucat\u00e1n en corto\" \/>\n<meta property=\"article:publisher\" content=\"http:\/\/www.facebook.com\/yucatanencorto\" \/>\n<meta property=\"article:published_time\" content=\"2023-12-20T02:04:19+00:00\" \/>\n<meta property=\"og:image\" content=\"https:\/\/www.yucatanencorto.com\/noticias\/wp-content\/uploads\/2023\/12\/IMG-20231218-WA0028-1-scaled.jpg\" \/>\n\t<meta property=\"og:image:width\" content=\"768\" \/>\n\t<meta property=\"og:image:height\" content=\"431\" \/>\n\t<meta property=\"og:image:type\" content=\"image\/jpeg\" \/>\n<meta name=\"author\" content=\"Redes\" \/>\n<meta name=\"twitter:card\" content=\"summary_large_image\" \/>\n<meta name=\"twitter:creator\" content=\"@yucatanencorto\" \/>\n<meta name=\"twitter:site\" content=\"@yucatanencorto\" \/>\n<meta name=\"twitter:label1\" content=\"Escrito por\" \/>\n\t<meta name=\"twitter:data1\" content=\"Redes\" \/>\n\t<meta name=\"twitter:label2\" content=\"Tiempo de lectura\" \/>\n\t<meta name=\"twitter:data2\" content=\"2 minutos\" \/>\n<script type=\"application\/ld+json\" class=\"yoast-schema-graph\">{\"@context\":\"https:\\\/\\\/schema.org\",\"@graph\":[{\"@type\":\"Article\",\"@id\":\"https:\\\/\\\/www.yucatanencorto.com\\\/noticias\\\/cecilia-patron-una-merida-chula-donde-cuidemos-juntos-el-medioambiente\\\/#article\",\"isPartOf\":{\"@id\":\"https:\\\/\\\/www.yucatanencorto.com\\\/noticias\\\/cecilia-patron-una-merida-chula-donde-cuidemos-juntos-el-medioambiente\\\/\"},\"author\":{\"name\":\"Redes\",\"@id\":\"https:\\\/\\\/www.yucatanencorto.com\\\/noticias\\\/#\\\/schema\\\/person\\\/e2fbdfaf30a07014a43940ce989f3119\"},\"headline\":\"Cecilia Patr\u00f3n: Una M\u00e9rida Chula donde cuidemos juntos el medioambiente\",\"datePublished\":\"2023-12-20T02:04:19+00:00\",\"mainEntityOfPage\":{\"@id\":\"https:\\\/\\\/www.yucatanencorto.com\\\/noticias\\\/cecilia-patron-una-merida-chula-donde-cuidemos-juntos-el-medioambiente\\\/\"},\"wordCount\":360,\"image\":{\"@id\":\"https:\\\/\\\/www.yucatanencorto.com\\\/noticias\\\/cecilia-patron-una-merida-chula-donde-cuidemos-juntos-el-medioambiente\\\/#primaryimage\"},\"thumbnailUrl\":\"https:\\\/\\\/www.yucatanencorto.com\\\/noticias\\\/wp-content\\\/uploads\\\/2023\\\/12\\\/IMG-20231218-WA0028-1-scaled.jpg\",\"articleSection\":[\"Yucat\u00e1n\"],\"inLanguage\":\"es\"},{\"@type\":\"WebPage\",\"@id\":\"https:\\\/\\\/www.yucatanencorto.com\\\/noticias\\\/cecilia-patron-una-merida-chula-donde-cuidemos-juntos-el-medioambiente\\\/\",\"url\":\"https:\\\/\\\/www.yucatanencorto.com\\\/noticias\\\/cecilia-patron-una-merida-chula-donde-cuidemos-juntos-el-medioambiente\\\/\",\"name\":\"Cecilia Patr\u00f3n: Una M\u00e9rida Chula donde cuidemos juntos el medioambiente - Yucat\u00e1n en corto\",\"isPartOf\":{\"@id\":\"https:\\\/\\\/www.yucatanencorto.com\\\/noticias\\\/#website\"},\"primaryImageOfPage\":{\"@id\":\"https:\\\/\\\/www.yucatanencorto.com\\\/noticias\\\/cecilia-patron-una-merida-chula-donde-cuidemos-juntos-el-medioambiente\\\/#primaryimage\"},\"image\":{\"@id\":\"https:\\\/\\\/www.yucatanencorto.com\\\/noticias\\\/cecilia-patron-una-merida-chula-donde-cuidemos-juntos-el-medioambiente\\\/#primaryimage\"},\"thumbnailUrl\":\"https:\\\/\\\/www.yucatanencorto.com\\\/noticias\\\/wp-content\\\/uploads\\\/2023\\\/12\\\/IMG-20231218-WA0028-1-scaled.jpg\",\"datePublished\":\"2023-12-20T02:04:19+00:00\",\"author\":{\"@id\":\"https:\\\/\\\/www.yucatanencorto.com\\\/noticias\\\/#\\\/schema\\\/person\\\/e2fbdfaf30a07014a43940ce989f3119\"},\"breadcrumb\":{\"@id\":\"https:\\\/\\\/www.yucatanencorto.com\\\/noticias\\\/cecilia-patron-una-merida-chula-donde-cuidemos-juntos-el-medioambiente\\\/#breadcrumb\"},\"inLanguage\":\"es\",\"potentialAction\":[{\"@type\":\"ReadAction\",\"target\":[\"https:\\\/\\\/www.yucatanencorto.com\\\/noticias\\\/cecilia-patron-una-merida-chula-donde-cuidemos-juntos-el-medioambiente\\\/\"]}]},{\"@type\":\"ImageObject\",\"inLanguage\":\"es\",\"@id\":\"https:\\\/\\\/www.yucatanencorto.com\\\/noticias\\\/cecilia-patron-una-merida-chula-donde-cuidemos-juntos-el-medioambiente\\\/#primaryimage\",\"url\":\"https:\\\/\\\/www.yucatanencorto.com\\\/noticias\\\/wp-content\\\/uploads\\\/2023\\\/12\\\/IMG-20231218-WA0028-1-scaled.jpg\",\"contentUrl\":\"https:\\\/\\\/www.yucatanencorto.com\\\/noticias\\\/wp-content\\\/uploads\\\/2023\\\/12\\\/IMG-20231218-WA0028-1-scaled.jpg\",\"width\":768,\"height\":431},{\"@type\":\"BreadcrumbList\",\"@id\":\"https:\\\/\\\/www.yucatanencorto.com\\\/noticias\\\/cecilia-patron-una-merida-chula-donde-cuidemos-juntos-el-medioambiente\\\/#breadcrumb\",\"itemListElement\":[{\"@type\":\"ListItem\",\"position\":1,\"name\":\"Portada\",\"item\":\"https:\\\/\\\/www.yucatanencorto.com\\\/noticias\\\/\"},{\"@type\":\"ListItem\",\"position\":2,\"name\":\"Cecilia Patr\u00f3n: Una M\u00e9rida Chula donde cuidemos juntos el medioambiente\"}]},{\"@type\":\"WebSite\",\"@id\":\"https:\\\/\\\/www.yucatanencorto.com\\\/noticias\\\/#website\",\"url\":\"https:\\\/\\\/www.yucatanencorto.com\\\/noticias\\\/\",\"name\":\"Yucat\u00e1n en corto\",\"description\":\"Noticias\",\"potentialAction\":[{\"@type\":\"SearchAction\",\"target\":{\"@type\":\"EntryPoint\",\"urlTemplate\":\"https:\\\/\\\/www.yucatanencorto.com\\\/noticias\\\/?s={search_term_string}\"},\"query-input\":{\"@type\":\"PropertyValueSpecification\",\"valueRequired\":true,\"valueName\":\"search_term_string\"}}],\"inLanguage\":\"es\"},{\"@type\":\"Person\",\"@id\":\"https:\\\/\\\/www.yucatanencorto.com\\\/noticias\\\/#\\\/schema\\\/person\\\/e2fbdfaf30a07014a43940ce989f3119\",\"name\":\"Redes\",\"image\":{\"@type\":\"ImageObject\",\"inLanguage\":\"es\",\"@id\":\"https:\\\/\\\/secure.gravatar.com\\\/avatar\\\/5931a2d21dd7cc834f44c8c34fe56d90ed6d536ef452cbf870c7485b524dddd7?s=96&d=mm&r=g\",\"url\":\"https:\\\/\\\/secure.gravatar.com\\\/avatar\\\/5931a2d21dd7cc834f44c8c34fe56d90ed6d536ef452cbf870c7485b524dddd7?s=96&d=mm&r=g\",\"contentUrl\":\"https:\\\/\\\/secure.gravatar.com\\\/avatar\\\/5931a2d21dd7cc834f44c8c34fe56d90ed6d536ef452cbf870c7485b524dddd7?s=96&d=mm&r=g\",\"caption\":\"Redes\"},\"url\":\"https:\\\/\\\/www.yucatanencorto.com\\\/noticias\\\/author\\\/redes\\\/\"}]}<\/script>\n<!-- \/ Yoast SEO plugin. -->","yoast_head_json":{"title":"Cecilia Patr\u00f3n: Una M\u00e9rida Chula donde cuidemos juntos el medioambiente - Yucat\u00e1n en corto","robots":{"index":"index","follow":"follow","max-snippet":"max-snippet:-1","max-image-preview":"max-image-preview:large","max-video-preview":"max-video-preview:-1"},"canonical":"https:\/\/www.yucatanencorto.com\/noticias\/cecilia-patron-una-merida-chula-donde-cuidemos-juntos-el-medioambiente\/","og_locale":"es_ES","og_type":"article","og_title":"Cecilia Patr\u00f3n: Una M\u00e9rida Chula donde cuidemos juntos el medioambiente - Yucat\u00e1n en corto","og_description":"M\u00e9rida, Yucat\u00e1n a 19 de diciembre de 2023 Innovadoras ideas en materia del cuidado y protecci\u00f3n al medio ambiente expusieron militantes panistas de M\u00e9rida a Cecilia Patr\u00f3n Laviada en el arranque de la cuarta semana de su precampa\u00f1a a la presidencia municipal. \u00abTomo nota de cada comentario, ya que la suma de esfuerzos permitir\u00e1 que [&hellip;]","og_url":"https:\/\/www.yucatanencorto.com\/noticias\/cecilia-patron-una-merida-chula-donde-cuidemos-juntos-el-medioambiente\/","og_site_name":"Yucat\u00e1n en corto","article_publisher":"http:\/\/www.facebook.com\/yucatanencorto","article_published_time":"2023-12-20T02:04:19+00:00","og_image":[{"width":768,"height":431,"url":"https:\/\/www.yucatanencorto.com\/noticias\/wp-content\/uploads\/2023\/12\/IMG-20231218-WA0028-1-scaled.jpg","type":"image\/jpeg"}],"author":"Redes","twitter_card":"summary_large_image","twitter_creator":"@yucatanencorto","twitter_site":"@yucatanencorto","twitter_misc":{"Escrito por":"Redes","Tiempo de lectura":"2 minutos"},"schema":{"@context":"https:\/\/schema.org","@graph":[{"@type":"Article","@id":"https:\/\/www.yucatanencorto.com\/noticias\/cecilia-patron-una-merida-chula-donde-cuidemos-juntos-el-medioambiente\/#article","isPartOf":{"@id":"https:\/\/www.yucatanencorto.com\/noticias\/cecilia-patron-una-merida-chula-donde-cuidemos-juntos-el-medioambiente\/"},"author":{"name":"Redes","@id":"https:\/\/www.yucatanencorto.com\/noticias\/#\/schema\/person\/e2fbdfaf30a07014a43940ce989f3119"},"headline":"Cecilia Patr\u00f3n: Una M\u00e9rida Chula donde cuidemos juntos el medioambiente","datePublished":"2023-12-20T02:04:19+00:00","mainEntityOfPage":{"@id":"https:\/\/www.yucatanencorto.com\/noticias\/cecilia-patron-una-merida-chula-donde-cuidemos-juntos-el-medioambiente\/"},"wordCount":360,"image":{"@id":"https:\/\/www.yucatanencorto.com\/noticias\/cecilia-patron-una-merida-chula-donde-cuidemos-juntos-el-medioambiente\/#primaryimage"},"thumbnailUrl":"https:\/\/www.yucatanencorto.com\/noticias\/wp-content\/uploads\/2023\/12\/IMG-20231218-WA0028-1-scaled.jpg","articleSection":["Yucat\u00e1n"],"inLanguage":"es"},{"@type":"WebPage","@id":"https:\/\/www.yucatanencorto.com\/noticias\/cecilia-patron-una-merida-chula-donde-cuidemos-juntos-el-medioambiente\/","url":"https:\/\/www.yucatanencorto.com\/noticias\/cecilia-patron-una-merida-chula-donde-cuidemos-juntos-el-medioambiente\/","name":"Cecilia Patr\u00f3n: Una M\u00e9rida Chula donde cuidemos juntos el medioambiente - Yucat\u00e1n en corto","isPartOf":{"@id":"https:\/\/www.yucatanencorto.com\/noticias\/#website"},"primaryImageOfPage":{"@id":"https:\/\/www.yucatanencorto.com\/noticias\/cecilia-patron-una-merida-chula-donde-cuidemos-juntos-el-medioambiente\/#primaryimage"},"image":{"@id":"https:\/\/www.yucatanencorto.com\/noticias\/cecilia-patron-una-merida-chula-donde-cuidemos-juntos-el-medioambiente\/#primaryimage"},"thumbnailUrl":"https:\/\/www.yucatanencorto.com\/noticias\/wp-content\/uploads\/2023\/12\/IMG-20231218-WA0028-1-scaled.jpg","datePublished":"2023-12-20T02:04:19+00:00","author":{"@id":"https:\/\/www.yucatanencorto.com\/noticias\/#\/schema\/person\/e2fbdfaf30a07014a43940ce989f3119"},"breadcrumb":{"@id":"https:\/\/www.yucatanencorto.com\/noticias\/cecilia-patron-una-merida-chula-donde-cuidemos-juntos-el-medioambiente\/#breadcrumb"},"inLanguage":"es","potentialAction":[{"@type":"ReadAction","target":["https:\/\/www.yucatanencorto.com\/noticias\/cecilia-patron-una-merida-chula-donde-cuidemos-juntos-el-medioambiente\/"]}]},{"@type":"ImageObject","inLanguage":"es","@id":"https:\/\/www.yucatanencorto.com\/noticias\/cecilia-patron-una-merida-chula-donde-cuidemos-juntos-el-medioambiente\/#primaryimage","url":"https:\/\/www.yucatanencorto.com\/noticias\/wp-content\/uploads\/2023\/12\/IMG-20231218-WA0028-1-scaled.jpg","contentUrl":"https:\/\/www.yucatanencorto.com\/noticias\/wp-content\/uploads\/2023\/12\/IMG-20231218-WA0028-1-scaled.jpg","width":768,"height":431},{"@type":"BreadcrumbList","@id":"https:\/\/www.yucatanencorto.com\/noticias\/cecilia-patron-una-merida-chula-donde-cuidemos-juntos-el-medioambiente\/#breadcrumb","itemListElement":[{"@type":"ListItem","position":1,"name":"Portada","item":"https:\/\/www.yucatanencorto.com\/noticias\/"},{"@type":"ListItem","position":2,"name":"Cecilia Patr\u00f3n: Una M\u00e9rida Chula donde cuidemos juntos el medioambiente"}]},{"@type":"WebSite","@id":"https:\/\/www.yucatanencorto.com\/noticias\/#website","url":"https:\/\/www.yucatanencorto.com\/noticias\/","name":"Yucat\u00e1n en corto","description":"Noticias","potentialAction":[{"@type":"SearchAction","target":{"@type":"EntryPoint","urlTemplate":"https:\/\/www.yucatanencorto.com\/noticias\/?s={search_term_string}"},"query-input":{"@type":"PropertyValueSpecification","valueRequired":true,"valueName":"search_term_string"}}],"inLanguage":"es"},{"@type":"Person","@id":"https:\/\/www.yucatanencorto.com\/noticias\/#\/schema\/person\/e2fbdfaf30a07014a43940ce989f3119","name":"Redes","image":{"@type":"ImageObject","inLanguage":"es","@id":"https:\/\/secure.gravatar.com\/avatar\/5931a2d21dd7cc834f44c8c34fe56d90ed6d536ef452cbf870c7485b524dddd7?s=96&d=mm&r=g","url":"https:\/\/secure.gravatar.com\/avatar\/5931a2d21dd7cc834f44c8c34fe56d90ed6d536ef452cbf870c7485b524dddd7?s=96&d=mm&r=g","contentUrl":"https:\/\/secure.gravatar.com\/avatar\/5931a2d21dd7cc834f44c8c34fe56d90ed6d536ef452cbf870c7485b524dddd7?s=96&d=mm&r=g","caption":"Redes"},"url":"https:\/\/www.yucatanencorto.com\/noticias\/author\/redes\/"}]}},"_links":{"self":[{"href":"https:\/\/www.yucatanencorto.com\/noticias\/wp-json\/wp\/v2\/posts\/101579","targetHints":{"allow":["GET"]}}],"collection":[{"href":"https:\/\/www.yucatanencorto.com\/noticias\/wp-json\/wp\/v2\/posts"}],"about":[{"href":"https:\/\/www.yucatanencorto.com\/noticias\/wp-json\/wp\/v2\/types\/post"}],"author":[{"embeddable":true,"href":"https:\/\/www.yucatanencorto.com\/noticias\/wp-json\/wp\/v2\/users\/3"}],"replies":[{"embeddable":true,"href":"https:\/\/www.yucatanencorto.com\/noticias\/wp-json\/wp\/v2\/comments?post=101579"}],"version-history":[{"count":0,"href":"https:\/\/www.yucatanencorto.com\/noticias\/wp-json\/wp\/v2\/posts\/101579\/revisions"}],"wp:featuredmedia":[{"embeddable":true,"href":"https:\/\/www.yucatanencorto.com\/noticias\/wp-json\/wp\/v2\/media\/101580"}],"wp:attachment":[{"href":"https:\/\/www.yucatanencorto.com\/noticias\/wp-json\/wp\/v2\/media?parent=101579"}],"wp:term":[{"taxonomy":"category","embeddable":true,"href":"https:\/\/www.yucatanencorto.com\/noticias\/wp-json\/wp\/v2\/categories?post=101579"},{"taxonomy":"post_tag","embeddable":true,"href":"https:\/\/www.yucatanencorto.com\/noticias\/wp-json\/wp\/v2\/tags?post=101579"}],"curies":[{"name":"wp","href":"https:\/\/api.w.org\/{rel}","templated":true}]}}