{"id":101583,"date":"2023-12-20T17:22:27","date_gmt":"2023-12-20T23:22:27","guid":{"rendered":"https:\/\/www.yucatanencorto.com\/noticias\/?p=101583"},"modified":"2023-12-20T17:22:27","modified_gmt":"2023-12-20T23:22:27","slug":"supervisan-la-construccion-del-centro-de-transferencia-multimodal-caucel","status":"publish","type":"post","link":"https:\/\/www.yucatanencorto.com\/noticias\/supervisan-la-construccion-del-centro-de-transferencia-multimodal-caucel\/","title":{"rendered":"Supervisan la construcci\u00f3n del Centro de Transferencia Multimodal Caucel"},"content":{"rendered":"<p><img loading=\"lazy\" decoding=\"async\" class=\"alignnone size-full wp-image-101584\" src=\"https:\/\/www.yucatanencorto.com\/noticias\/wp-content\/uploads\/2023\/12\/IMG-20231220-WA0053-scaled.jpg\" alt=\"\" width=\"768\" height=\"512\" srcset=\"https:\/\/www.yucatanencorto.com\/noticias\/wp-content\/uploads\/2023\/12\/IMG-20231220-WA0053-scaled.jpg 768w, https:\/\/www.yucatanencorto.com\/noticias\/wp-content\/uploads\/2023\/12\/IMG-20231220-WA0053-150x100.jpg 150w, https:\/\/www.yucatanencorto.com\/noticias\/wp-content\/uploads\/2023\/12\/IMG-20231220-WA0053-300x200.jpg 300w, https:\/\/www.yucatanencorto.com\/noticias\/wp-content\/uploads\/2023\/12\/IMG-20231220-WA0053-696x464.jpg 696w, https:\/\/www.yucatanencorto.com\/noticias\/wp-content\/uploads\/2023\/12\/IMG-20231220-WA0053-1068x712.jpg 1068w\" sizes=\"auto, (max-width: 768px) 100vw, 768px\" \/><\/p>\n<p>M\u00e9rida, Yucat\u00e1n, 20 de diciembre de 2023.- La movilidad en Yucat\u00e1n se sigue transformando, ahora, con la construcci\u00f3n del Centro de Transferencia Multimodal (Cetram) Caucel, trabajos que supervis\u00f3 el Gobernador Mauricio Vila Dosal y que, permitir\u00e1 a las y los usuarios contar con un espacio donde puedan encontrar y conectarse con varias rutas y modos de transportaci\u00f3n, lo que abonar\u00e1 a una movilidad m\u00e1s moderna, \u00e1gil, eficiente y a la altura de lo que merecen las y los yucatecos.<\/p>\n<p>Acompa\u00f1ado del titular de la Agencia de Transporte de Yucat\u00e1n (ATY), Rafael Hern\u00e1ndez Kotasek, Vila Dosal recorri\u00f3 el lugar ubicado a orillas del Perif\u00e9rico, el cual contar\u00e1 con un dise\u00f1o integral e inclusivo con sala de espera, oficinas administrativas y \u00e1reas de descanso para operadores; as\u00ed como una plazoleta que permitir\u00e1 a los usuarios el acceso a la parada del \u201cVa y Ven\u201d, mejorando la seguridad, accesibilidad y eficacia en los transbordos que realizan las personas d\u00eda con d\u00eda dentro y fuera de la ciudad de M\u00e9rida. Adem\u00e1s, esta obra tambi\u00e9n impulsa la econom\u00eda del estado al generar 672 empleos entre directos e indirectos durante su construcci\u00f3n.<\/p>\n<p>La infraestructura del Cetram contempla una sala, \u00e1rea de descanso para operadores, ba\u00f1os p\u00fablicos para mujeres y hombres, una cafeter\u00eda, taquilla, oficinas \u201cVa y Ven\u00bb, \u00e1rea de vigilancia, sala de juntas, direcci\u00f3n general, bodega, cuarto de m\u00e1quinas, \u00e1rea de tr\u00e1nsito vehicular y paraderos, mobiliario urbano, pasillos y andadores interiores.<\/p>\n<p>Sobre las labores, el director general del Instituto para la Construcci\u00f3n y Conservaci\u00f3n de Obra P\u00fablica en Yucat\u00e1n (Inccopy), Virgilio Crespo M\u00e9ndez, explic\u00f3 que, constan en el techado de una superficie de casi 4 mil metros cuadrados, acabados en piso, muros y plafones, pavimentaci\u00f3n con concreto, instalaci\u00f3n de aire acondicionado, iluminaci\u00f3n con tecnolog\u00eda Led y de huellas podot\u00e1ctil de cer\u00e1mica en piso; muros cargadores y muebles sanitarios.<\/p>\n<p>As\u00ed como la instalaci\u00f3n de un sistema de circuito cerrado de televisi\u00f3n con c\u00e1maras de seguridad con audio y video, l\u00e1mparas de emergencia y detectores de humo; tambi\u00e9n, se realizar\u00e1 la colocaci\u00f3n de se\u00f1al\u00e9tica, bancas de concreto, basureros y racks para bicicletas, bolardos y vegetaci\u00f3n.<\/p>\n<p>Cabe recordar que, en total, se construir\u00e1n 5 Cetrams en puntos estrat\u00e9gicos del Anillo Perif\u00e9rico de la ciudad de M\u00e9rida para lograr una mayor conectividad y ofrecer a la poblaci\u00f3n de la capital yucateca y sus comunidades aleda\u00f1as m\u00e1s opciones para trasbordar diferentes opciones de transporte p\u00fablico. Los Centros de Transferencia Multimodal estar\u00e1n ubicados a las alturas de Um\u00e1n, Caucel, carretera Canc\u00fan y Motul.<\/p>\n<p>Estos sitios est\u00e1n contemplados dentro de la Estrategia Integral del Sistema de Transporte P\u00fablico \u201cVa y Ven\u201d que promueve Vila Dosal y tambi\u00e9n contempla la adquisici\u00f3n de nuevas unidades, la creaci\u00f3n de nuevas rutas, operadores mejor capacitados a trav\u00e9s de un Centro de Capacitaci\u00f3n, as\u00ed como el Ie-Tram e intervenci\u00f3n en vialidades estrat\u00e9gicas para transformar la movilidad.<\/p>\n<p>Con este tipo de acciones, el Gobernador Vila Dosal est\u00e1 sentando las bases para seguir con la transformaci\u00f3n del transporte p\u00fablico mediante menos tiempos de espera y un servicio de calidad a la altura de lo que los yucatecos merecen.<\/p>\n<p>&nbsp;<\/p>\n<p>&nbsp;<\/p>\n<p>&nbsp;<\/p>\n<p>&nbsp;<\/p>\n<p>&nbsp;<\/p>\n<p>&nbsp;<\/p>\n<p>&nbsp;<\/p>\n<p>&nbsp;<\/p>\n<p>&nbsp;<\/p>\n<p>&nbsp;<\/p>\n<p>&nbsp;<\/p>\n","protected":false},"excerpt":{"rendered":"<p>M\u00e9rida, Yucat\u00e1n, 20 de diciembre de 2023.- La movilidad en Yucat\u00e1n se sigue transformando, ahora, con la construcci\u00f3n del Centro de Transferencia Multimodal (Cetram) Caucel, trabajos que supervis\u00f3 el Gobernador Mauricio Vila Dosal y que, permitir\u00e1 a las y los usuarios contar con un espacio donde puedan encontrar y conectarse con varias rutas y modos [&hellip;]<\/p>\n","protected":false},"author":3,"featured_media":101584,"comment_status":"closed","ping_status":"closed","sticky":false,"template":"","format":"standard","meta":{"footnotes":""},"categories":[3],"tags":[],"class_list":{"0":"post-101583","1":"post","2":"type-post","3":"status-publish","4":"format-standard","5":"has-post-thumbnail","7":"category-yucatan"},"yoast_head":"<!-- This site is optimized with the Yoast SEO plugin v27.4 - https:\/\/yoast.com\/product\/yoast-seo-wordpress\/ -->\n<title>Supervisan la construcci\u00f3n del Centro de Transferencia Multimodal Caucel - Yucat\u00e1n en corto<\/title>\n<meta name=\"robots\" content=\"index, follow, max-snippet:-1, max-image-preview:large, max-video-preview:-1\" \/>\n<link rel=\"canonical\" href=\"https:\/\/www.yucatanencorto.com\/noticias\/supervisan-la-construccion-del-centro-de-transferencia-multimodal-caucel\/\" \/>\n<meta property=\"og:locale\" content=\"es_ES\" \/>\n<meta property=\"og:type\" content=\"article\" \/>\n<meta property=\"og:title\" content=\"Supervisan la construcci\u00f3n del Centro de Transferencia Multimodal Caucel - Yucat\u00e1n en corto\" \/>\n<meta property=\"og:description\" content=\"M\u00e9rida, Yucat\u00e1n, 20 de diciembre de 2023.- La movilidad en Yucat\u00e1n se sigue transformando, ahora, con la construcci\u00f3n del Centro de Transferencia Multimodal (Cetram) Caucel, trabajos que supervis\u00f3 el Gobernador Mauricio Vila Dosal y que, permitir\u00e1 a las y los usuarios contar con un espacio donde puedan encontrar y conectarse con varias rutas y modos [&hellip;]\" \/>\n<meta property=\"og:url\" content=\"https:\/\/www.yucatanencorto.com\/noticias\/supervisan-la-construccion-del-centro-de-transferencia-multimodal-caucel\/\" \/>\n<meta property=\"og:site_name\" content=\"Yucat\u00e1n en corto\" \/>\n<meta property=\"article:publisher\" content=\"http:\/\/www.facebook.com\/yucatanencorto\" \/>\n<meta property=\"article:published_time\" content=\"2023-12-20T23:22:27+00:00\" \/>\n<meta property=\"og:image\" content=\"https:\/\/www.yucatanencorto.com\/noticias\/wp-content\/uploads\/2023\/12\/IMG-20231220-WA0053-scaled.jpg\" \/>\n\t<meta property=\"og:image:width\" content=\"768\" \/>\n\t<meta property=\"og:image:height\" content=\"512\" \/>\n\t<meta property=\"og:image:type\" content=\"image\/jpeg\" \/>\n<meta name=\"author\" content=\"Redes\" \/>\n<meta name=\"twitter:card\" content=\"summary_large_image\" \/>\n<meta name=\"twitter:creator\" content=\"@yucatanencorto\" \/>\n<meta name=\"twitter:site\" content=\"@yucatanencorto\" \/>\n<meta name=\"twitter:label1\" content=\"Escrito por\" \/>\n\t<meta name=\"twitter:data1\" content=\"Redes\" \/>\n\t<meta name=\"twitter:label2\" content=\"Tiempo de lectura\" \/>\n\t<meta name=\"twitter:data2\" content=\"3 minutos\" \/>\n<script type=\"application\/ld+json\" class=\"yoast-schema-graph\">{\"@context\":\"https:\\\/\\\/schema.org\",\"@graph\":[{\"@type\":\"Article\",\"@id\":\"https:\\\/\\\/www.yucatanencorto.com\\\/noticias\\\/supervisan-la-construccion-del-centro-de-transferencia-multimodal-caucel\\\/#article\",\"isPartOf\":{\"@id\":\"https:\\\/\\\/www.yucatanencorto.com\\\/noticias\\\/supervisan-la-construccion-del-centro-de-transferencia-multimodal-caucel\\\/\"},\"author\":{\"name\":\"Redes\",\"@id\":\"https:\\\/\\\/www.yucatanencorto.com\\\/noticias\\\/#\\\/schema\\\/person\\\/e2fbdfaf30a07014a43940ce989f3119\"},\"headline\":\"Supervisan la construcci\u00f3n del Centro de Transferencia Multimodal Caucel\",\"datePublished\":\"2023-12-20T23:22:27+00:00\",\"mainEntityOfPage\":{\"@id\":\"https:\\\/\\\/www.yucatanencorto.com\\\/noticias\\\/supervisan-la-construccion-del-centro-de-transferencia-multimodal-caucel\\\/\"},\"wordCount\":591,\"image\":{\"@id\":\"https:\\\/\\\/www.yucatanencorto.com\\\/noticias\\\/supervisan-la-construccion-del-centro-de-transferencia-multimodal-caucel\\\/#primaryimage\"},\"thumbnailUrl\":\"https:\\\/\\\/www.yucatanencorto.com\\\/noticias\\\/wp-content\\\/uploads\\\/2023\\\/12\\\/IMG-20231220-WA0053-scaled.jpg\",\"articleSection\":[\"Yucat\u00e1n\"],\"inLanguage\":\"es\"},{\"@type\":\"WebPage\",\"@id\":\"https:\\\/\\\/www.yucatanencorto.com\\\/noticias\\\/supervisan-la-construccion-del-centro-de-transferencia-multimodal-caucel\\\/\",\"url\":\"https:\\\/\\\/www.yucatanencorto.com\\\/noticias\\\/supervisan-la-construccion-del-centro-de-transferencia-multimodal-caucel\\\/\",\"name\":\"Supervisan la construcci\u00f3n del Centro de Transferencia Multimodal Caucel - Yucat\u00e1n en corto\",\"isPartOf\":{\"@id\":\"https:\\\/\\\/www.yucatanencorto.com\\\/noticias\\\/#website\"},\"primaryImageOfPage\":{\"@id\":\"https:\\\/\\\/www.yucatanencorto.com\\\/noticias\\\/supervisan-la-construccion-del-centro-de-transferencia-multimodal-caucel\\\/#primaryimage\"},\"image\":{\"@id\":\"https:\\\/\\\/www.yucatanencorto.com\\\/noticias\\\/supervisan-la-construccion-del-centro-de-transferencia-multimodal-caucel\\\/#primaryimage\"},\"thumbnailUrl\":\"https:\\\/\\\/www.yucatanencorto.com\\\/noticias\\\/wp-content\\\/uploads\\\/2023\\\/12\\\/IMG-20231220-WA0053-scaled.jpg\",\"datePublished\":\"2023-12-20T23:22:27+00:00\",\"author\":{\"@id\":\"https:\\\/\\\/www.yucatanencorto.com\\\/noticias\\\/#\\\/schema\\\/person\\\/e2fbdfaf30a07014a43940ce989f3119\"},\"breadcrumb\":{\"@id\":\"https:\\\/\\\/www.yucatanencorto.com\\\/noticias\\\/supervisan-la-construccion-del-centro-de-transferencia-multimodal-caucel\\\/#breadcrumb\"},\"inLanguage\":\"es\",\"potentialAction\":[{\"@type\":\"ReadAction\",\"target\":[\"https:\\\/\\\/www.yucatanencorto.com\\\/noticias\\\/supervisan-la-construccion-del-centro-de-transferencia-multimodal-caucel\\\/\"]}]},{\"@type\":\"ImageObject\",\"inLanguage\":\"es\",\"@id\":\"https:\\\/\\\/www.yucatanencorto.com\\\/noticias\\\/supervisan-la-construccion-del-centro-de-transferencia-multimodal-caucel\\\/#primaryimage\",\"url\":\"https:\\\/\\\/www.yucatanencorto.com\\\/noticias\\\/wp-content\\\/uploads\\\/2023\\\/12\\\/IMG-20231220-WA0053-scaled.jpg\",\"contentUrl\":\"https:\\\/\\\/www.yucatanencorto.com\\\/noticias\\\/wp-content\\\/uploads\\\/2023\\\/12\\\/IMG-20231220-WA0053-scaled.jpg\",\"width\":768,\"height\":512},{\"@type\":\"BreadcrumbList\",\"@id\":\"https:\\\/\\\/www.yucatanencorto.com\\\/noticias\\\/supervisan-la-construccion-del-centro-de-transferencia-multimodal-caucel\\\/#breadcrumb\",\"itemListElement\":[{\"@type\":\"ListItem\",\"position\":1,\"name\":\"Portada\",\"item\":\"https:\\\/\\\/www.yucatanencorto.com\\\/noticias\\\/\"},{\"@type\":\"ListItem\",\"position\":2,\"name\":\"Supervisan la construcci\u00f3n del Centro de Transferencia Multimodal Caucel\"}]},{\"@type\":\"WebSite\",\"@id\":\"https:\\\/\\\/www.yucatanencorto.com\\\/noticias\\\/#website\",\"url\":\"https:\\\/\\\/www.yucatanencorto.com\\\/noticias\\\/\",\"name\":\"Yucat\u00e1n en corto\",\"description\":\"Noticias\",\"potentialAction\":[{\"@type\":\"SearchAction\",\"target\":{\"@type\":\"EntryPoint\",\"urlTemplate\":\"https:\\\/\\\/www.yucatanencorto.com\\\/noticias\\\/?s={search_term_string}\"},\"query-input\":{\"@type\":\"PropertyValueSpecification\",\"valueRequired\":true,\"valueName\":\"search_term_string\"}}],\"inLanguage\":\"es\"},{\"@type\":\"Person\",\"@id\":\"https:\\\/\\\/www.yucatanencorto.com\\\/noticias\\\/#\\\/schema\\\/person\\\/e2fbdfaf30a07014a43940ce989f3119\",\"name\":\"Redes\",\"image\":{\"@type\":\"ImageObject\",\"inLanguage\":\"es\",\"@id\":\"https:\\\/\\\/secure.gravatar.com\\\/avatar\\\/5931a2d21dd7cc834f44c8c34fe56d90ed6d536ef452cbf870c7485b524dddd7?s=96&d=mm&r=g\",\"url\":\"https:\\\/\\\/secure.gravatar.com\\\/avatar\\\/5931a2d21dd7cc834f44c8c34fe56d90ed6d536ef452cbf870c7485b524dddd7?s=96&d=mm&r=g\",\"contentUrl\":\"https:\\\/\\\/secure.gravatar.com\\\/avatar\\\/5931a2d21dd7cc834f44c8c34fe56d90ed6d536ef452cbf870c7485b524dddd7?s=96&d=mm&r=g\",\"caption\":\"Redes\"},\"url\":\"https:\\\/\\\/www.yucatanencorto.com\\\/noticias\\\/author\\\/redes\\\/\"}]}<\/script>\n<!-- \/ Yoast SEO plugin. -->","yoast_head_json":{"title":"Supervisan la construcci\u00f3n del Centro de Transferencia Multimodal Caucel - Yucat\u00e1n en corto","robots":{"index":"index","follow":"follow","max-snippet":"max-snippet:-1","max-image-preview":"max-image-preview:large","max-video-preview":"max-video-preview:-1"},"canonical":"https:\/\/www.yucatanencorto.com\/noticias\/supervisan-la-construccion-del-centro-de-transferencia-multimodal-caucel\/","og_locale":"es_ES","og_type":"article","og_title":"Supervisan la construcci\u00f3n del Centro de Transferencia Multimodal Caucel - Yucat\u00e1n en corto","og_description":"M\u00e9rida, Yucat\u00e1n, 20 de diciembre de 2023.- La movilidad en Yucat\u00e1n se sigue transformando, ahora, con la construcci\u00f3n del Centro de Transferencia Multimodal (Cetram) Caucel, trabajos que supervis\u00f3 el Gobernador Mauricio Vila Dosal y que, permitir\u00e1 a las y los usuarios contar con un espacio donde puedan encontrar y conectarse con varias rutas y modos [&hellip;]","og_url":"https:\/\/www.yucatanencorto.com\/noticias\/supervisan-la-construccion-del-centro-de-transferencia-multimodal-caucel\/","og_site_name":"Yucat\u00e1n en corto","article_publisher":"http:\/\/www.facebook.com\/yucatanencorto","article_published_time":"2023-12-20T23:22:27+00:00","og_image":[{"width":768,"height":512,"url":"https:\/\/www.yucatanencorto.com\/noticias\/wp-content\/uploads\/2023\/12\/IMG-20231220-WA0053-scaled.jpg","type":"image\/jpeg"}],"author":"Redes","twitter_card":"summary_large_image","twitter_creator":"@yucatanencorto","twitter_site":"@yucatanencorto","twitter_misc":{"Escrito por":"Redes","Tiempo de lectura":"3 minutos"},"schema":{"@context":"https:\/\/schema.org","@graph":[{"@type":"Article","@id":"https:\/\/www.yucatanencorto.com\/noticias\/supervisan-la-construccion-del-centro-de-transferencia-multimodal-caucel\/#article","isPartOf":{"@id":"https:\/\/www.yucatanencorto.com\/noticias\/supervisan-la-construccion-del-centro-de-transferencia-multimodal-caucel\/"},"author":{"name":"Redes","@id":"https:\/\/www.yucatanencorto.com\/noticias\/#\/schema\/person\/e2fbdfaf30a07014a43940ce989f3119"},"headline":"Supervisan la construcci\u00f3n del Centro de Transferencia Multimodal Caucel","datePublished":"2023-12-20T23:22:27+00:00","mainEntityOfPage":{"@id":"https:\/\/www.yucatanencorto.com\/noticias\/supervisan-la-construccion-del-centro-de-transferencia-multimodal-caucel\/"},"wordCount":591,"image":{"@id":"https:\/\/www.yucatanencorto.com\/noticias\/supervisan-la-construccion-del-centro-de-transferencia-multimodal-caucel\/#primaryimage"},"thumbnailUrl":"https:\/\/www.yucatanencorto.com\/noticias\/wp-content\/uploads\/2023\/12\/IMG-20231220-WA0053-scaled.jpg","articleSection":["Yucat\u00e1n"],"inLanguage":"es"},{"@type":"WebPage","@id":"https:\/\/www.yucatanencorto.com\/noticias\/supervisan-la-construccion-del-centro-de-transferencia-multimodal-caucel\/","url":"https:\/\/www.yucatanencorto.com\/noticias\/supervisan-la-construccion-del-centro-de-transferencia-multimodal-caucel\/","name":"Supervisan la construcci\u00f3n del Centro de Transferencia Multimodal Caucel - Yucat\u00e1n en corto","isPartOf":{"@id":"https:\/\/www.yucatanencorto.com\/noticias\/#website"},"primaryImageOfPage":{"@id":"https:\/\/www.yucatanencorto.com\/noticias\/supervisan-la-construccion-del-centro-de-transferencia-multimodal-caucel\/#primaryimage"},"image":{"@id":"https:\/\/www.yucatanencorto.com\/noticias\/supervisan-la-construccion-del-centro-de-transferencia-multimodal-caucel\/#primaryimage"},"thumbnailUrl":"https:\/\/www.yucatanencorto.com\/noticias\/wp-content\/uploads\/2023\/12\/IMG-20231220-WA0053-scaled.jpg","datePublished":"2023-12-20T23:22:27+00:00","author":{"@id":"https:\/\/www.yucatanencorto.com\/noticias\/#\/schema\/person\/e2fbdfaf30a07014a43940ce989f3119"},"breadcrumb":{"@id":"https:\/\/www.yucatanencorto.com\/noticias\/supervisan-la-construccion-del-centro-de-transferencia-multimodal-caucel\/#breadcrumb"},"inLanguage":"es","potentialAction":[{"@type":"ReadAction","target":["https:\/\/www.yucatanencorto.com\/noticias\/supervisan-la-construccion-del-centro-de-transferencia-multimodal-caucel\/"]}]},{"@type":"ImageObject","inLanguage":"es","@id":"https:\/\/www.yucatanencorto.com\/noticias\/supervisan-la-construccion-del-centro-de-transferencia-multimodal-caucel\/#primaryimage","url":"https:\/\/www.yucatanencorto.com\/noticias\/wp-content\/uploads\/2023\/12\/IMG-20231220-WA0053-scaled.jpg","contentUrl":"https:\/\/www.yucatanencorto.com\/noticias\/wp-content\/uploads\/2023\/12\/IMG-20231220-WA0053-scaled.jpg","width":768,"height":512},{"@type":"BreadcrumbList","@id":"https:\/\/www.yucatanencorto.com\/noticias\/supervisan-la-construccion-del-centro-de-transferencia-multimodal-caucel\/#breadcrumb","itemListElement":[{"@type":"ListItem","position":1,"name":"Portada","item":"https:\/\/www.yucatanencorto.com\/noticias\/"},{"@type":"ListItem","position":2,"name":"Supervisan la construcci\u00f3n del Centro de Transferencia Multimodal Caucel"}]},{"@type":"WebSite","@id":"https:\/\/www.yucatanencorto.com\/noticias\/#website","url":"https:\/\/www.yucatanencorto.com\/noticias\/","name":"Yucat\u00e1n en corto","description":"Noticias","potentialAction":[{"@type":"SearchAction","target":{"@type":"EntryPoint","urlTemplate":"https:\/\/www.yucatanencorto.com\/noticias\/?s={search_term_string}"},"query-input":{"@type":"PropertyValueSpecification","valueRequired":true,"valueName":"search_term_string"}}],"inLanguage":"es"},{"@type":"Person","@id":"https:\/\/www.yucatanencorto.com\/noticias\/#\/schema\/person\/e2fbdfaf30a07014a43940ce989f3119","name":"Redes","image":{"@type":"ImageObject","inLanguage":"es","@id":"https:\/\/secure.gravatar.com\/avatar\/5931a2d21dd7cc834f44c8c34fe56d90ed6d536ef452cbf870c7485b524dddd7?s=96&d=mm&r=g","url":"https:\/\/secure.gravatar.com\/avatar\/5931a2d21dd7cc834f44c8c34fe56d90ed6d536ef452cbf870c7485b524dddd7?s=96&d=mm&r=g","contentUrl":"https:\/\/secure.gravatar.com\/avatar\/5931a2d21dd7cc834f44c8c34fe56d90ed6d536ef452cbf870c7485b524dddd7?s=96&d=mm&r=g","caption":"Redes"},"url":"https:\/\/www.yucatanencorto.com\/noticias\/author\/redes\/"}]}},"_links":{"self":[{"href":"https:\/\/www.yucatanencorto.com\/noticias\/wp-json\/wp\/v2\/posts\/101583","targetHints":{"allow":["GET"]}}],"collection":[{"href":"https:\/\/www.yucatanencorto.com\/noticias\/wp-json\/wp\/v2\/posts"}],"about":[{"href":"https:\/\/www.yucatanencorto.com\/noticias\/wp-json\/wp\/v2\/types\/post"}],"author":[{"embeddable":true,"href":"https:\/\/www.yucatanencorto.com\/noticias\/wp-json\/wp\/v2\/users\/3"}],"replies":[{"embeddable":true,"href":"https:\/\/www.yucatanencorto.com\/noticias\/wp-json\/wp\/v2\/comments?post=101583"}],"version-history":[{"count":0,"href":"https:\/\/www.yucatanencorto.com\/noticias\/wp-json\/wp\/v2\/posts\/101583\/revisions"}],"wp:featuredmedia":[{"embeddable":true,"href":"https:\/\/www.yucatanencorto.com\/noticias\/wp-json\/wp\/v2\/media\/101584"}],"wp:attachment":[{"href":"https:\/\/www.yucatanencorto.com\/noticias\/wp-json\/wp\/v2\/media?parent=101583"}],"wp:term":[{"taxonomy":"category","embeddable":true,"href":"https:\/\/www.yucatanencorto.com\/noticias\/wp-json\/wp\/v2\/categories?post=101583"},{"taxonomy":"post_tag","embeddable":true,"href":"https:\/\/www.yucatanencorto.com\/noticias\/wp-json\/wp\/v2\/tags?post=101583"}],"curies":[{"name":"wp","href":"https:\/\/api.w.org\/{rel}","templated":true}]}}