{"id":101586,"date":"2023-12-20T18:57:47","date_gmt":"2023-12-21T00:57:47","guid":{"rendered":"https:\/\/www.yucatanencorto.com\/noticias\/?p=101586"},"modified":"2023-12-20T18:57:47","modified_gmt":"2023-12-21T00:57:47","slug":"cecilia-patron-una-merida-cada-vez-mas-limpia-y-con-crecimiento-parejo","status":"publish","type":"post","link":"https:\/\/www.yucatanencorto.com\/noticias\/cecilia-patron-una-merida-cada-vez-mas-limpia-y-con-crecimiento-parejo\/","title":{"rendered":"Cecilia Patr\u00f3n: Una M\u00e9rida cada vez m\u00e1s limpia y con crecimiento parejo."},"content":{"rendered":"<p>&nbsp;<\/p>\n<p><img loading=\"lazy\" decoding=\"async\" class=\"alignnone size-full wp-image-101588\" src=\"https:\/\/www.yucatanencorto.com\/noticias\/wp-content\/uploads\/2023\/12\/IMG-20231220-WA0058-scaled.jpg\" alt=\"\" width=\"768\" height=\"512\" srcset=\"https:\/\/www.yucatanencorto.com\/noticias\/wp-content\/uploads\/2023\/12\/IMG-20231220-WA0058-scaled.jpg 768w, https:\/\/www.yucatanencorto.com\/noticias\/wp-content\/uploads\/2023\/12\/IMG-20231220-WA0058-150x100.jpg 150w, https:\/\/www.yucatanencorto.com\/noticias\/wp-content\/uploads\/2023\/12\/IMG-20231220-WA0058-300x200.jpg 300w, https:\/\/www.yucatanencorto.com\/noticias\/wp-content\/uploads\/2023\/12\/IMG-20231220-WA0058-696x464.jpg 696w, https:\/\/www.yucatanencorto.com\/noticias\/wp-content\/uploads\/2023\/12\/IMG-20231220-WA0058-1068x712.jpg 1068w\" sizes=\"auto, (max-width: 768px) 100vw, 768px\" \/><\/p>\n<p>M\u00e9rida, Yucat\u00e1n a 20 de diciembre de 2023<\/p>\n<p>&nbsp;<\/p>\n<p>Es necesario consolidar estrategias ambientales que permitan el manejo integral de residuos s\u00f3lidos de M\u00e9rida y promover una econom\u00eda circular pareja de sur a norte para el desarrollo pleno de las familias, afirm\u00f3 Cecilia Patr\u00f3n Laviada, precandidata a la presidencia municipal por el PAN Yucat\u00e1n.<\/p>\n<p>Durante los encuentros con la militancia panista, escuch\u00f3 ideas para mejorar el sistema de recolecci\u00f3n de residuos s\u00f3lidos, generar campa\u00f1as de separaci\u00f3n y disposici\u00f3n final de la basura domiciliaria, para seguir construyendo una ciudad consciente con su medio ambiente y con capacidad de desarrollo responsable.<\/p>\n<p>\u201cEn la visi\u00f3n de una sola M\u00e9rida ordenada y sostenible, debemos aprovechar al m\u00e1ximo nuestros recursos y disminuir la basura que generamos a diario\u201d.<\/p>\n<p>Cecilia Patr\u00f3n destac\u00f3 que los meridanos nos hemos caracterizado por mantener limpio el frente de nuestras casas, cosechar de los \u00e1rboles que tenemos en nuestros patios, de saber hacer rendir nuestros recursos para darle de comer a nuestras familias, \u201cdebemos seguir haciendo la parte que nos toca como ciudadanos, cuidar nuestra ciudad, cuidar el gran patrimonio de nuestros hijos que es esta grandiosa ciudad\u201d.<\/p>\n<p>A principios de a\u00f1o el Ayuntamiento de M\u00e9rida, en equipo con el Gobierno del Estado, presentaron el proyecto de construcci\u00f3n de la primera Planta de Transformaci\u00f3n de Residuos: Pellets CDR, un proyecto que beneficiar\u00e1 a m\u00e1s de un mill\u00f3n personas y que tendr\u00e1 la capacidad de procesar 1,500 toneladas de residuos s\u00f3lidos al d\u00eda.<\/p>\n<p>\u201cM\u00e9rida representa m\u00e1s del 60% de la poblaci\u00f3n yucateca, con 1.4 millones de habitantes que producen alrededor de 500 mil toneladas de \u201cbasura\u201d al a\u00f1o, \u00e9sto permite evaluar y potencializar las pol\u00edticas p\u00fablicas que hemos construido en equipo y las que debemos llevar al siguiente nivel para mantener la calidad de vida que merece cada familia de nuestra amada M\u00e9rida\u201d.<\/p>\n<p>Entre otras pol\u00edticas p\u00fablicas exitosas que resalt\u00f3 se encuentra la convocatoria \u201cDise\u00f1o de M\u00f3dulo de Separaci\u00f3n de Residuos en Casa\u201d, con el fin de convocar a la presentaci\u00f3n de ideas que abonen a problem\u00e1tica de la atenci\u00f3n integral de los residuos s\u00f3lidos empezando desde el hogar, reforzando as\u00ed la estrategia de \u201cPuntos verdes\u201d y \u201cBasura Cero\u201d en la ciudad.<\/p>\n","protected":false},"excerpt":{"rendered":"<p>&nbsp; M\u00e9rida, Yucat\u00e1n a 20 de diciembre de 2023 &nbsp; Es necesario consolidar estrategias ambientales que permitan el manejo integral de residuos s\u00f3lidos de M\u00e9rida y promover una econom\u00eda circular pareja de sur a norte para el desarrollo pleno de las familias, afirm\u00f3 Cecilia Patr\u00f3n Laviada, precandidata a la presidencia municipal por el PAN Yucat\u00e1n. [&hellip;]<\/p>\n","protected":false},"author":3,"featured_media":101588,"comment_status":"closed","ping_status":"closed","sticky":false,"template":"","format":"standard","meta":{"footnotes":""},"categories":[3],"tags":[],"class_list":{"0":"post-101586","1":"post","2":"type-post","3":"status-publish","4":"format-standard","5":"has-post-thumbnail","7":"category-yucatan"},"yoast_head":"<!-- This site is optimized with the Yoast SEO plugin v27.4 - https:\/\/yoast.com\/product\/yoast-seo-wordpress\/ -->\n<title>Cecilia Patr\u00f3n: Una M\u00e9rida cada vez m\u00e1s limpia y con crecimiento parejo. - Yucat\u00e1n en corto<\/title>\n<meta name=\"robots\" content=\"index, follow, max-snippet:-1, max-image-preview:large, max-video-preview:-1\" \/>\n<link rel=\"canonical\" href=\"https:\/\/www.yucatanencorto.com\/noticias\/cecilia-patron-una-merida-cada-vez-mas-limpia-y-con-crecimiento-parejo\/\" \/>\n<meta property=\"og:locale\" content=\"es_ES\" \/>\n<meta property=\"og:type\" content=\"article\" \/>\n<meta property=\"og:title\" content=\"Cecilia Patr\u00f3n: Una M\u00e9rida cada vez m\u00e1s limpia y con crecimiento parejo. - Yucat\u00e1n en corto\" \/>\n<meta property=\"og:description\" content=\"&nbsp; M\u00e9rida, Yucat\u00e1n a 20 de diciembre de 2023 &nbsp; Es necesario consolidar estrategias ambientales que permitan el manejo integral de residuos s\u00f3lidos de M\u00e9rida y promover una econom\u00eda circular pareja de sur a norte para el desarrollo pleno de las familias, afirm\u00f3 Cecilia Patr\u00f3n Laviada, precandidata a la presidencia municipal por el PAN Yucat\u00e1n. [&hellip;]\" \/>\n<meta property=\"og:url\" content=\"https:\/\/www.yucatanencorto.com\/noticias\/cecilia-patron-una-merida-cada-vez-mas-limpia-y-con-crecimiento-parejo\/\" \/>\n<meta property=\"og:site_name\" content=\"Yucat\u00e1n en corto\" \/>\n<meta property=\"article:publisher\" content=\"http:\/\/www.facebook.com\/yucatanencorto\" \/>\n<meta property=\"article:published_time\" content=\"2023-12-21T00:57:47+00:00\" \/>\n<meta property=\"og:image\" content=\"https:\/\/www.yucatanencorto.com\/noticias\/wp-content\/uploads\/2023\/12\/IMG-20231220-WA0058-scaled.jpg\" \/>\n\t<meta property=\"og:image:width\" content=\"768\" \/>\n\t<meta property=\"og:image:height\" content=\"512\" \/>\n\t<meta property=\"og:image:type\" content=\"image\/jpeg\" \/>\n<meta name=\"author\" content=\"Redes\" \/>\n<meta name=\"twitter:card\" content=\"summary_large_image\" \/>\n<meta name=\"twitter:creator\" content=\"@yucatanencorto\" \/>\n<meta name=\"twitter:site\" content=\"@yucatanencorto\" \/>\n<meta name=\"twitter:label1\" content=\"Escrito por\" \/>\n\t<meta name=\"twitter:data1\" content=\"Redes\" \/>\n\t<meta name=\"twitter:label2\" content=\"Tiempo de lectura\" \/>\n\t<meta name=\"twitter:data2\" content=\"2 minutos\" \/>\n<script type=\"application\/ld+json\" class=\"yoast-schema-graph\">{\"@context\":\"https:\\\/\\\/schema.org\",\"@graph\":[{\"@type\":\"Article\",\"@id\":\"https:\\\/\\\/www.yucatanencorto.com\\\/noticias\\\/cecilia-patron-una-merida-cada-vez-mas-limpia-y-con-crecimiento-parejo\\\/#article\",\"isPartOf\":{\"@id\":\"https:\\\/\\\/www.yucatanencorto.com\\\/noticias\\\/cecilia-patron-una-merida-cada-vez-mas-limpia-y-con-crecimiento-parejo\\\/\"},\"author\":{\"name\":\"Redes\",\"@id\":\"https:\\\/\\\/www.yucatanencorto.com\\\/noticias\\\/#\\\/schema\\\/person\\\/e2fbdfaf30a07014a43940ce989f3119\"},\"headline\":\"Cecilia Patr\u00f3n: Una M\u00e9rida cada vez m\u00e1s limpia y con crecimiento parejo.\",\"datePublished\":\"2023-12-21T00:57:47+00:00\",\"mainEntityOfPage\":{\"@id\":\"https:\\\/\\\/www.yucatanencorto.com\\\/noticias\\\/cecilia-patron-una-merida-cada-vez-mas-limpia-y-con-crecimiento-parejo\\\/\"},\"wordCount\":410,\"image\":{\"@id\":\"https:\\\/\\\/www.yucatanencorto.com\\\/noticias\\\/cecilia-patron-una-merida-cada-vez-mas-limpia-y-con-crecimiento-parejo\\\/#primaryimage\"},\"thumbnailUrl\":\"https:\\\/\\\/www.yucatanencorto.com\\\/noticias\\\/wp-content\\\/uploads\\\/2023\\\/12\\\/IMG-20231220-WA0058-scaled.jpg\",\"articleSection\":[\"Yucat\u00e1n\"],\"inLanguage\":\"es\"},{\"@type\":\"WebPage\",\"@id\":\"https:\\\/\\\/www.yucatanencorto.com\\\/noticias\\\/cecilia-patron-una-merida-cada-vez-mas-limpia-y-con-crecimiento-parejo\\\/\",\"url\":\"https:\\\/\\\/www.yucatanencorto.com\\\/noticias\\\/cecilia-patron-una-merida-cada-vez-mas-limpia-y-con-crecimiento-parejo\\\/\",\"name\":\"Cecilia Patr\u00f3n: Una M\u00e9rida cada vez m\u00e1s limpia y con crecimiento parejo. - Yucat\u00e1n en corto\",\"isPartOf\":{\"@id\":\"https:\\\/\\\/www.yucatanencorto.com\\\/noticias\\\/#website\"},\"primaryImageOfPage\":{\"@id\":\"https:\\\/\\\/www.yucatanencorto.com\\\/noticias\\\/cecilia-patron-una-merida-cada-vez-mas-limpia-y-con-crecimiento-parejo\\\/#primaryimage\"},\"image\":{\"@id\":\"https:\\\/\\\/www.yucatanencorto.com\\\/noticias\\\/cecilia-patron-una-merida-cada-vez-mas-limpia-y-con-crecimiento-parejo\\\/#primaryimage\"},\"thumbnailUrl\":\"https:\\\/\\\/www.yucatanencorto.com\\\/noticias\\\/wp-content\\\/uploads\\\/2023\\\/12\\\/IMG-20231220-WA0058-scaled.jpg\",\"datePublished\":\"2023-12-21T00:57:47+00:00\",\"author\":{\"@id\":\"https:\\\/\\\/www.yucatanencorto.com\\\/noticias\\\/#\\\/schema\\\/person\\\/e2fbdfaf30a07014a43940ce989f3119\"},\"breadcrumb\":{\"@id\":\"https:\\\/\\\/www.yucatanencorto.com\\\/noticias\\\/cecilia-patron-una-merida-cada-vez-mas-limpia-y-con-crecimiento-parejo\\\/#breadcrumb\"},\"inLanguage\":\"es\",\"potentialAction\":[{\"@type\":\"ReadAction\",\"target\":[\"https:\\\/\\\/www.yucatanencorto.com\\\/noticias\\\/cecilia-patron-una-merida-cada-vez-mas-limpia-y-con-crecimiento-parejo\\\/\"]}]},{\"@type\":\"ImageObject\",\"inLanguage\":\"es\",\"@id\":\"https:\\\/\\\/www.yucatanencorto.com\\\/noticias\\\/cecilia-patron-una-merida-cada-vez-mas-limpia-y-con-crecimiento-parejo\\\/#primaryimage\",\"url\":\"https:\\\/\\\/www.yucatanencorto.com\\\/noticias\\\/wp-content\\\/uploads\\\/2023\\\/12\\\/IMG-20231220-WA0058-scaled.jpg\",\"contentUrl\":\"https:\\\/\\\/www.yucatanencorto.com\\\/noticias\\\/wp-content\\\/uploads\\\/2023\\\/12\\\/IMG-20231220-WA0058-scaled.jpg\",\"width\":768,\"height\":512},{\"@type\":\"BreadcrumbList\",\"@id\":\"https:\\\/\\\/www.yucatanencorto.com\\\/noticias\\\/cecilia-patron-una-merida-cada-vez-mas-limpia-y-con-crecimiento-parejo\\\/#breadcrumb\",\"itemListElement\":[{\"@type\":\"ListItem\",\"position\":1,\"name\":\"Portada\",\"item\":\"https:\\\/\\\/www.yucatanencorto.com\\\/noticias\\\/\"},{\"@type\":\"ListItem\",\"position\":2,\"name\":\"Cecilia Patr\u00f3n: Una M\u00e9rida cada vez m\u00e1s limpia y con crecimiento parejo.\"}]},{\"@type\":\"WebSite\",\"@id\":\"https:\\\/\\\/www.yucatanencorto.com\\\/noticias\\\/#website\",\"url\":\"https:\\\/\\\/www.yucatanencorto.com\\\/noticias\\\/\",\"name\":\"Yucat\u00e1n en corto\",\"description\":\"Noticias\",\"potentialAction\":[{\"@type\":\"SearchAction\",\"target\":{\"@type\":\"EntryPoint\",\"urlTemplate\":\"https:\\\/\\\/www.yucatanencorto.com\\\/noticias\\\/?s={search_term_string}\"},\"query-input\":{\"@type\":\"PropertyValueSpecification\",\"valueRequired\":true,\"valueName\":\"search_term_string\"}}],\"inLanguage\":\"es\"},{\"@type\":\"Person\",\"@id\":\"https:\\\/\\\/www.yucatanencorto.com\\\/noticias\\\/#\\\/schema\\\/person\\\/e2fbdfaf30a07014a43940ce989f3119\",\"name\":\"Redes\",\"image\":{\"@type\":\"ImageObject\",\"inLanguage\":\"es\",\"@id\":\"https:\\\/\\\/secure.gravatar.com\\\/avatar\\\/5931a2d21dd7cc834f44c8c34fe56d90ed6d536ef452cbf870c7485b524dddd7?s=96&d=mm&r=g\",\"url\":\"https:\\\/\\\/secure.gravatar.com\\\/avatar\\\/5931a2d21dd7cc834f44c8c34fe56d90ed6d536ef452cbf870c7485b524dddd7?s=96&d=mm&r=g\",\"contentUrl\":\"https:\\\/\\\/secure.gravatar.com\\\/avatar\\\/5931a2d21dd7cc834f44c8c34fe56d90ed6d536ef452cbf870c7485b524dddd7?s=96&d=mm&r=g\",\"caption\":\"Redes\"},\"url\":\"https:\\\/\\\/www.yucatanencorto.com\\\/noticias\\\/author\\\/redes\\\/\"}]}<\/script>\n<!-- \/ Yoast SEO plugin. -->","yoast_head_json":{"title":"Cecilia Patr\u00f3n: Una M\u00e9rida cada vez m\u00e1s limpia y con crecimiento parejo. - Yucat\u00e1n en corto","robots":{"index":"index","follow":"follow","max-snippet":"max-snippet:-1","max-image-preview":"max-image-preview:large","max-video-preview":"max-video-preview:-1"},"canonical":"https:\/\/www.yucatanencorto.com\/noticias\/cecilia-patron-una-merida-cada-vez-mas-limpia-y-con-crecimiento-parejo\/","og_locale":"es_ES","og_type":"article","og_title":"Cecilia Patr\u00f3n: Una M\u00e9rida cada vez m\u00e1s limpia y con crecimiento parejo. - Yucat\u00e1n en corto","og_description":"&nbsp; M\u00e9rida, Yucat\u00e1n a 20 de diciembre de 2023 &nbsp; Es necesario consolidar estrategias ambientales que permitan el manejo integral de residuos s\u00f3lidos de M\u00e9rida y promover una econom\u00eda circular pareja de sur a norte para el desarrollo pleno de las familias, afirm\u00f3 Cecilia Patr\u00f3n Laviada, precandidata a la presidencia municipal por el PAN Yucat\u00e1n. [&hellip;]","og_url":"https:\/\/www.yucatanencorto.com\/noticias\/cecilia-patron-una-merida-cada-vez-mas-limpia-y-con-crecimiento-parejo\/","og_site_name":"Yucat\u00e1n en corto","article_publisher":"http:\/\/www.facebook.com\/yucatanencorto","article_published_time":"2023-12-21T00:57:47+00:00","og_image":[{"width":768,"height":512,"url":"https:\/\/www.yucatanencorto.com\/noticias\/wp-content\/uploads\/2023\/12\/IMG-20231220-WA0058-scaled.jpg","type":"image\/jpeg"}],"author":"Redes","twitter_card":"summary_large_image","twitter_creator":"@yucatanencorto","twitter_site":"@yucatanencorto","twitter_misc":{"Escrito por":"Redes","Tiempo de lectura":"2 minutos"},"schema":{"@context":"https:\/\/schema.org","@graph":[{"@type":"Article","@id":"https:\/\/www.yucatanencorto.com\/noticias\/cecilia-patron-una-merida-cada-vez-mas-limpia-y-con-crecimiento-parejo\/#article","isPartOf":{"@id":"https:\/\/www.yucatanencorto.com\/noticias\/cecilia-patron-una-merida-cada-vez-mas-limpia-y-con-crecimiento-parejo\/"},"author":{"name":"Redes","@id":"https:\/\/www.yucatanencorto.com\/noticias\/#\/schema\/person\/e2fbdfaf30a07014a43940ce989f3119"},"headline":"Cecilia Patr\u00f3n: Una M\u00e9rida cada vez m\u00e1s limpia y con crecimiento parejo.","datePublished":"2023-12-21T00:57:47+00:00","mainEntityOfPage":{"@id":"https:\/\/www.yucatanencorto.com\/noticias\/cecilia-patron-una-merida-cada-vez-mas-limpia-y-con-crecimiento-parejo\/"},"wordCount":410,"image":{"@id":"https:\/\/www.yucatanencorto.com\/noticias\/cecilia-patron-una-merida-cada-vez-mas-limpia-y-con-crecimiento-parejo\/#primaryimage"},"thumbnailUrl":"https:\/\/www.yucatanencorto.com\/noticias\/wp-content\/uploads\/2023\/12\/IMG-20231220-WA0058-scaled.jpg","articleSection":["Yucat\u00e1n"],"inLanguage":"es"},{"@type":"WebPage","@id":"https:\/\/www.yucatanencorto.com\/noticias\/cecilia-patron-una-merida-cada-vez-mas-limpia-y-con-crecimiento-parejo\/","url":"https:\/\/www.yucatanencorto.com\/noticias\/cecilia-patron-una-merida-cada-vez-mas-limpia-y-con-crecimiento-parejo\/","name":"Cecilia Patr\u00f3n: Una M\u00e9rida cada vez m\u00e1s limpia y con crecimiento parejo. - Yucat\u00e1n en corto","isPartOf":{"@id":"https:\/\/www.yucatanencorto.com\/noticias\/#website"},"primaryImageOfPage":{"@id":"https:\/\/www.yucatanencorto.com\/noticias\/cecilia-patron-una-merida-cada-vez-mas-limpia-y-con-crecimiento-parejo\/#primaryimage"},"image":{"@id":"https:\/\/www.yucatanencorto.com\/noticias\/cecilia-patron-una-merida-cada-vez-mas-limpia-y-con-crecimiento-parejo\/#primaryimage"},"thumbnailUrl":"https:\/\/www.yucatanencorto.com\/noticias\/wp-content\/uploads\/2023\/12\/IMG-20231220-WA0058-scaled.jpg","datePublished":"2023-12-21T00:57:47+00:00","author":{"@id":"https:\/\/www.yucatanencorto.com\/noticias\/#\/schema\/person\/e2fbdfaf30a07014a43940ce989f3119"},"breadcrumb":{"@id":"https:\/\/www.yucatanencorto.com\/noticias\/cecilia-patron-una-merida-cada-vez-mas-limpia-y-con-crecimiento-parejo\/#breadcrumb"},"inLanguage":"es","potentialAction":[{"@type":"ReadAction","target":["https:\/\/www.yucatanencorto.com\/noticias\/cecilia-patron-una-merida-cada-vez-mas-limpia-y-con-crecimiento-parejo\/"]}]},{"@type":"ImageObject","inLanguage":"es","@id":"https:\/\/www.yucatanencorto.com\/noticias\/cecilia-patron-una-merida-cada-vez-mas-limpia-y-con-crecimiento-parejo\/#primaryimage","url":"https:\/\/www.yucatanencorto.com\/noticias\/wp-content\/uploads\/2023\/12\/IMG-20231220-WA0058-scaled.jpg","contentUrl":"https:\/\/www.yucatanencorto.com\/noticias\/wp-content\/uploads\/2023\/12\/IMG-20231220-WA0058-scaled.jpg","width":768,"height":512},{"@type":"BreadcrumbList","@id":"https:\/\/www.yucatanencorto.com\/noticias\/cecilia-patron-una-merida-cada-vez-mas-limpia-y-con-crecimiento-parejo\/#breadcrumb","itemListElement":[{"@type":"ListItem","position":1,"name":"Portada","item":"https:\/\/www.yucatanencorto.com\/noticias\/"},{"@type":"ListItem","position":2,"name":"Cecilia Patr\u00f3n: Una M\u00e9rida cada vez m\u00e1s limpia y con crecimiento parejo."}]},{"@type":"WebSite","@id":"https:\/\/www.yucatanencorto.com\/noticias\/#website","url":"https:\/\/www.yucatanencorto.com\/noticias\/","name":"Yucat\u00e1n en corto","description":"Noticias","potentialAction":[{"@type":"SearchAction","target":{"@type":"EntryPoint","urlTemplate":"https:\/\/www.yucatanencorto.com\/noticias\/?s={search_term_string}"},"query-input":{"@type":"PropertyValueSpecification","valueRequired":true,"valueName":"search_term_string"}}],"inLanguage":"es"},{"@type":"Person","@id":"https:\/\/www.yucatanencorto.com\/noticias\/#\/schema\/person\/e2fbdfaf30a07014a43940ce989f3119","name":"Redes","image":{"@type":"ImageObject","inLanguage":"es","@id":"https:\/\/secure.gravatar.com\/avatar\/5931a2d21dd7cc834f44c8c34fe56d90ed6d536ef452cbf870c7485b524dddd7?s=96&d=mm&r=g","url":"https:\/\/secure.gravatar.com\/avatar\/5931a2d21dd7cc834f44c8c34fe56d90ed6d536ef452cbf870c7485b524dddd7?s=96&d=mm&r=g","contentUrl":"https:\/\/secure.gravatar.com\/avatar\/5931a2d21dd7cc834f44c8c34fe56d90ed6d536ef452cbf870c7485b524dddd7?s=96&d=mm&r=g","caption":"Redes"},"url":"https:\/\/www.yucatanencorto.com\/noticias\/author\/redes\/"}]}},"_links":{"self":[{"href":"https:\/\/www.yucatanencorto.com\/noticias\/wp-json\/wp\/v2\/posts\/101586","targetHints":{"allow":["GET"]}}],"collection":[{"href":"https:\/\/www.yucatanencorto.com\/noticias\/wp-json\/wp\/v2\/posts"}],"about":[{"href":"https:\/\/www.yucatanencorto.com\/noticias\/wp-json\/wp\/v2\/types\/post"}],"author":[{"embeddable":true,"href":"https:\/\/www.yucatanencorto.com\/noticias\/wp-json\/wp\/v2\/users\/3"}],"replies":[{"embeddable":true,"href":"https:\/\/www.yucatanencorto.com\/noticias\/wp-json\/wp\/v2\/comments?post=101586"}],"version-history":[{"count":0,"href":"https:\/\/www.yucatanencorto.com\/noticias\/wp-json\/wp\/v2\/posts\/101586\/revisions"}],"wp:featuredmedia":[{"embeddable":true,"href":"https:\/\/www.yucatanencorto.com\/noticias\/wp-json\/wp\/v2\/media\/101588"}],"wp:attachment":[{"href":"https:\/\/www.yucatanencorto.com\/noticias\/wp-json\/wp\/v2\/media?parent=101586"}],"wp:term":[{"taxonomy":"category","embeddable":true,"href":"https:\/\/www.yucatanencorto.com\/noticias\/wp-json\/wp\/v2\/categories?post=101586"},{"taxonomy":"post_tag","embeddable":true,"href":"https:\/\/www.yucatanencorto.com\/noticias\/wp-json\/wp\/v2\/tags?post=101586"}],"curies":[{"name":"wp","href":"https:\/\/api.w.org\/{rel}","templated":true}]}}