{"id":101590,"date":"2023-12-20T19:04:50","date_gmt":"2023-12-21T01:04:50","guid":{"rendered":"https:\/\/www.yucatanencorto.com\/noticias\/?p=101590"},"modified":"2023-12-20T19:04:50","modified_gmt":"2023-12-21T01:04:50","slug":"deportistas-yucatecos-ven-en-renan-la-mejor-opcion","status":"publish","type":"post","link":"https:\/\/www.yucatanencorto.com\/noticias\/deportistas-yucatecos-ven-en-renan-la-mejor-opcion\/","title":{"rendered":"Deportistas yucatecos ven en Ren\u00e1n la mejor opci\u00f3n"},"content":{"rendered":"<p><img loading=\"lazy\" decoding=\"async\" class=\"alignnone size-full wp-image-101591\" src=\"https:\/\/www.yucatanencorto.com\/noticias\/wp-content\/uploads\/2023\/12\/IMG-20231220-WA0059-1-scaled.jpg\" alt=\"\" width=\"768\" height=\"406\" srcset=\"https:\/\/www.yucatanencorto.com\/noticias\/wp-content\/uploads\/2023\/12\/IMG-20231220-WA0059-1-scaled.jpg 768w, https:\/\/www.yucatanencorto.com\/noticias\/wp-content\/uploads\/2023\/12\/IMG-20231220-WA0059-1-150x79.jpg 150w, https:\/\/www.yucatanencorto.com\/noticias\/wp-content\/uploads\/2023\/12\/IMG-20231220-WA0059-1-300x158.jpg 300w, https:\/\/www.yucatanencorto.com\/noticias\/wp-content\/uploads\/2023\/12\/IMG-20231220-WA0059-1-696x368.jpg 696w, https:\/\/www.yucatanencorto.com\/noticias\/wp-content\/uploads\/2023\/12\/IMG-20231220-WA0059-1-1068x564.jpg 1068w\" sizes=\"auto, (max-width: 768px) 100vw, 768px\" \/><\/p>\n<p>M\u00e9rida, Yucat\u00e1n a 19 de diciembre de 2023.- El deporte ser\u00e1 otro de los sectores primordiales a impulsar, as\u00ed qued\u00f3 de manifiesto para el grupo de reconocidos deportistas yucatecos que se reunieron con el coordinador del equipo Yucat\u00e1n, Ren\u00e1n Barrera Concha, quienes en amena charla externaron sus inquietudes, opiniones y sobre todo, las que consideran las necesidades m\u00e1s apremiantes de este rubro en el estado.<\/p>\n<p>&nbsp;<\/p>\n<p>Tras la reuni\u00f3n, los profesionales del deporte se\u00f1alaron que despu\u00e9s de lo discutido, tienen la total certeza de que Barrera Concha impulsar\u00e1 a\u00fan m\u00e1s el deporte en Yucat\u00e1n, pues basta con ver lo que hizo en este sentido durante sus gestiones como alcalde de M\u00e9rida.<\/p>\n<p>&nbsp;<\/p>\n<p>Al termino de la reuni\u00f3n, el preparador f\u00edsico profesional, Vicente Espadas Cervantes, se\u00f1al\u00f3 que la reuni\u00f3n fue totalmente constructiva, pues consider\u00f3 que todo lo expuesto a Ren\u00e1n Barrera ser\u00e1 tomado en cuenta pues \u201ces una persona apasionada del tema y sobre todo de apoyar a este sector\u201d.<\/p>\n<p>&nbsp;<\/p>\n<p>\u201cYucat\u00e1n es uno de los estados que mejor infraestructura (deportiva) tiene. Creo que ahora se tratar\u00e1 de concretar proyectos, atacar, abarcar y consolidar la materia de educaci\u00f3n f\u00edsica con el deporte infantil y juvenil, para que tengamos a nuestro estado cada vez con m\u00e1s deportistas de todas las disciplinas\u201d dijo.<\/p>\n<p>&nbsp;<\/p>\n<p>En el mismo tenor se expres\u00f3 Fernando Villalobos, ex jugador profesional de b\u00e9isbol y ahora entrenador infantil en la misma rama deportiva, quien expres\u00f3 que en la reuni\u00f3n se hablaron de proyectos que pueden crecer como profesionales.<\/p>\n<p>&nbsp;<\/p>\n<p>\u201cCreo que el cambio viene desde el inicio, desde los ni\u00f1os. Hay que incrementar el tiempo de la actividad f\u00edsica para que los j\u00f3venes desarrollen m\u00e1s su talento. Podemos esas generar esas oportunidades para ellos\u201d dijo, a la par que afirm\u00f3 que estos cambios se lograr\u00edan de la mano con el coordinador del equipo Yucat\u00e1n en caso de ganar la gubernatura.<\/p>\n<p>&nbsp;<\/p>\n<p>\u201cAs\u00ed como M\u00e9rida ha tenido un desarrollo deportivo muy bueno, esperamos que lo podamos tener tambi\u00e9n en el interior del estado que es donde m\u00e1s hace falta\u201d expresaron los luchadores \u201cHalc\u00f3n Rojo Junior\u201d y \u201cAztlan Trece\u201d, quienes afirmaron que durante la reuni\u00f3n, le comentaron a Ren\u00e1n Barrera las necesidades por las que pasa este deporte sobre todo en la etapa amateur.<\/p>\n<p>&nbsp;<\/p>\n<p>\u201cEstamos muy confiados en que Ren\u00e1n continuar\u00e1 con su mismo liderazgo y con la atenci\u00f3n que tiene a las necesidades de la gente\u201d se\u00f1alaron.<\/p>\n<p>&nbsp;<\/p>\n<p>\u201cCon Ren\u00e1n lucharemos juntos por Yucat\u00e1n\u201d afirmaron al un\u00edsono los guerreros del ring y del deporte.<\/p>\n<p>&nbsp;<\/p>\n<p>Entre los diversos deportistas presentes en la reuni\u00f3n, se cont\u00f3 con el r\u00e9feri de box profesional, Miguel \u00c1ngel Canul Sansores, quien se\u00f1al\u00f3 que durante la reuni\u00f3n, expuso la importancia de que haya una vinculaci\u00f3n entre una direcci\u00f3n de educaci\u00f3n f\u00edsica con el Instituto del Deporte de Yucat\u00e1n (IDEY) para poder impulsar a\u00fan m\u00e1s y mejor el deporte en la ni\u00f1ez y juventud.<\/p>\n<p>&nbsp;<\/p>\n<p>\u201cCon Ren\u00e1n veo muchas posibilidades para el deporte, \u00e9l tiene unas ideas bastante objetivas y concretas, y con la ayuda de todos, podr\u00e1 llevar por buen rumbo el deporte en Yucat\u00e1n\u201d afirm\u00f3 el refer\u00ed.<\/p>\n<p>&nbsp;<\/p>\n<p>\u201cYo he levantado la mano \u00abde victoriosos\u00bb a muchos boxeadores, pero mi mayor ilusi\u00f3n es levantar la mano de Ren\u00e1n, porque con Ren\u00e1n gana Yucat\u00e1n\u201d finaliz\u00f3.<\/p>\n","protected":false},"excerpt":{"rendered":"<p>M\u00e9rida, Yucat\u00e1n a 19 de diciembre de 2023.- El deporte ser\u00e1 otro de los sectores primordiales a impulsar, as\u00ed qued\u00f3 de manifiesto para el grupo de reconocidos deportistas yucatecos que se reunieron con el coordinador del equipo Yucat\u00e1n, Ren\u00e1n Barrera Concha, quienes en amena charla externaron sus inquietudes, opiniones y sobre todo, las que consideran [&hellip;]<\/p>\n","protected":false},"author":3,"featured_media":101591,"comment_status":"closed","ping_status":"closed","sticky":false,"template":"","format":"standard","meta":{"footnotes":""},"categories":[3],"tags":[],"class_list":{"0":"post-101590","1":"post","2":"type-post","3":"status-publish","4":"format-standard","5":"has-post-thumbnail","7":"category-yucatan"},"yoast_head":"<!-- This site is optimized with the Yoast SEO plugin v27.4 - https:\/\/yoast.com\/product\/yoast-seo-wordpress\/ -->\n<title>Deportistas yucatecos ven en Ren\u00e1n la mejor opci\u00f3n - Yucat\u00e1n en corto<\/title>\n<meta name=\"robots\" content=\"index, follow, max-snippet:-1, max-image-preview:large, max-video-preview:-1\" \/>\n<link rel=\"canonical\" href=\"https:\/\/www.yucatanencorto.com\/noticias\/deportistas-yucatecos-ven-en-renan-la-mejor-opcion\/\" \/>\n<meta property=\"og:locale\" content=\"es_ES\" \/>\n<meta property=\"og:type\" content=\"article\" \/>\n<meta property=\"og:title\" content=\"Deportistas yucatecos ven en Ren\u00e1n la mejor opci\u00f3n - Yucat\u00e1n en corto\" \/>\n<meta property=\"og:description\" content=\"M\u00e9rida, Yucat\u00e1n a 19 de diciembre de 2023.- El deporte ser\u00e1 otro de los sectores primordiales a impulsar, as\u00ed qued\u00f3 de manifiesto para el grupo de reconocidos deportistas yucatecos que se reunieron con el coordinador del equipo Yucat\u00e1n, Ren\u00e1n Barrera Concha, quienes en amena charla externaron sus inquietudes, opiniones y sobre todo, las que consideran [&hellip;]\" \/>\n<meta property=\"og:url\" content=\"https:\/\/www.yucatanencorto.com\/noticias\/deportistas-yucatecos-ven-en-renan-la-mejor-opcion\/\" \/>\n<meta property=\"og:site_name\" content=\"Yucat\u00e1n en corto\" \/>\n<meta property=\"article:publisher\" content=\"http:\/\/www.facebook.com\/yucatanencorto\" \/>\n<meta property=\"article:published_time\" content=\"2023-12-21T01:04:50+00:00\" \/>\n<meta property=\"og:image\" content=\"https:\/\/www.yucatanencorto.com\/noticias\/wp-content\/uploads\/2023\/12\/IMG-20231220-WA0059-1-scaled.jpg\" \/>\n\t<meta property=\"og:image:width\" content=\"768\" \/>\n\t<meta property=\"og:image:height\" content=\"406\" \/>\n\t<meta property=\"og:image:type\" content=\"image\/jpeg\" \/>\n<meta name=\"author\" content=\"Redes\" \/>\n<meta name=\"twitter:card\" content=\"summary_large_image\" \/>\n<meta name=\"twitter:creator\" content=\"@yucatanencorto\" \/>\n<meta name=\"twitter:site\" content=\"@yucatanencorto\" \/>\n<meta name=\"twitter:label1\" content=\"Escrito por\" \/>\n\t<meta name=\"twitter:data1\" content=\"Redes\" \/>\n\t<meta name=\"twitter:label2\" content=\"Tiempo de lectura\" \/>\n\t<meta name=\"twitter:data2\" content=\"3 minutos\" \/>\n<script type=\"application\/ld+json\" class=\"yoast-schema-graph\">{\"@context\":\"https:\\\/\\\/schema.org\",\"@graph\":[{\"@type\":\"Article\",\"@id\":\"https:\\\/\\\/www.yucatanencorto.com\\\/noticias\\\/deportistas-yucatecos-ven-en-renan-la-mejor-opcion\\\/#article\",\"isPartOf\":{\"@id\":\"https:\\\/\\\/www.yucatanencorto.com\\\/noticias\\\/deportistas-yucatecos-ven-en-renan-la-mejor-opcion\\\/\"},\"author\":{\"name\":\"Redes\",\"@id\":\"https:\\\/\\\/www.yucatanencorto.com\\\/noticias\\\/#\\\/schema\\\/person\\\/e2fbdfaf30a07014a43940ce989f3119\"},\"headline\":\"Deportistas yucatecos ven en Ren\u00e1n la mejor opci\u00f3n\",\"datePublished\":\"2023-12-21T01:04:50+00:00\",\"mainEntityOfPage\":{\"@id\":\"https:\\\/\\\/www.yucatanencorto.com\\\/noticias\\\/deportistas-yucatecos-ven-en-renan-la-mejor-opcion\\\/\"},\"wordCount\":607,\"image\":{\"@id\":\"https:\\\/\\\/www.yucatanencorto.com\\\/noticias\\\/deportistas-yucatecos-ven-en-renan-la-mejor-opcion\\\/#primaryimage\"},\"thumbnailUrl\":\"https:\\\/\\\/www.yucatanencorto.com\\\/noticias\\\/wp-content\\\/uploads\\\/2023\\\/12\\\/IMG-20231220-WA0059-1-scaled.jpg\",\"articleSection\":[\"Yucat\u00e1n\"],\"inLanguage\":\"es\"},{\"@type\":\"WebPage\",\"@id\":\"https:\\\/\\\/www.yucatanencorto.com\\\/noticias\\\/deportistas-yucatecos-ven-en-renan-la-mejor-opcion\\\/\",\"url\":\"https:\\\/\\\/www.yucatanencorto.com\\\/noticias\\\/deportistas-yucatecos-ven-en-renan-la-mejor-opcion\\\/\",\"name\":\"Deportistas yucatecos ven en Ren\u00e1n la mejor opci\u00f3n - Yucat\u00e1n en corto\",\"isPartOf\":{\"@id\":\"https:\\\/\\\/www.yucatanencorto.com\\\/noticias\\\/#website\"},\"primaryImageOfPage\":{\"@id\":\"https:\\\/\\\/www.yucatanencorto.com\\\/noticias\\\/deportistas-yucatecos-ven-en-renan-la-mejor-opcion\\\/#primaryimage\"},\"image\":{\"@id\":\"https:\\\/\\\/www.yucatanencorto.com\\\/noticias\\\/deportistas-yucatecos-ven-en-renan-la-mejor-opcion\\\/#primaryimage\"},\"thumbnailUrl\":\"https:\\\/\\\/www.yucatanencorto.com\\\/noticias\\\/wp-content\\\/uploads\\\/2023\\\/12\\\/IMG-20231220-WA0059-1-scaled.jpg\",\"datePublished\":\"2023-12-21T01:04:50+00:00\",\"author\":{\"@id\":\"https:\\\/\\\/www.yucatanencorto.com\\\/noticias\\\/#\\\/schema\\\/person\\\/e2fbdfaf30a07014a43940ce989f3119\"},\"breadcrumb\":{\"@id\":\"https:\\\/\\\/www.yucatanencorto.com\\\/noticias\\\/deportistas-yucatecos-ven-en-renan-la-mejor-opcion\\\/#breadcrumb\"},\"inLanguage\":\"es\",\"potentialAction\":[{\"@type\":\"ReadAction\",\"target\":[\"https:\\\/\\\/www.yucatanencorto.com\\\/noticias\\\/deportistas-yucatecos-ven-en-renan-la-mejor-opcion\\\/\"]}]},{\"@type\":\"ImageObject\",\"inLanguage\":\"es\",\"@id\":\"https:\\\/\\\/www.yucatanencorto.com\\\/noticias\\\/deportistas-yucatecos-ven-en-renan-la-mejor-opcion\\\/#primaryimage\",\"url\":\"https:\\\/\\\/www.yucatanencorto.com\\\/noticias\\\/wp-content\\\/uploads\\\/2023\\\/12\\\/IMG-20231220-WA0059-1-scaled.jpg\",\"contentUrl\":\"https:\\\/\\\/www.yucatanencorto.com\\\/noticias\\\/wp-content\\\/uploads\\\/2023\\\/12\\\/IMG-20231220-WA0059-1-scaled.jpg\",\"width\":768,\"height\":406},{\"@type\":\"BreadcrumbList\",\"@id\":\"https:\\\/\\\/www.yucatanencorto.com\\\/noticias\\\/deportistas-yucatecos-ven-en-renan-la-mejor-opcion\\\/#breadcrumb\",\"itemListElement\":[{\"@type\":\"ListItem\",\"position\":1,\"name\":\"Portada\",\"item\":\"https:\\\/\\\/www.yucatanencorto.com\\\/noticias\\\/\"},{\"@type\":\"ListItem\",\"position\":2,\"name\":\"Deportistas yucatecos ven en Ren\u00e1n la mejor opci\u00f3n\"}]},{\"@type\":\"WebSite\",\"@id\":\"https:\\\/\\\/www.yucatanencorto.com\\\/noticias\\\/#website\",\"url\":\"https:\\\/\\\/www.yucatanencorto.com\\\/noticias\\\/\",\"name\":\"Yucat\u00e1n en corto\",\"description\":\"Noticias\",\"potentialAction\":[{\"@type\":\"SearchAction\",\"target\":{\"@type\":\"EntryPoint\",\"urlTemplate\":\"https:\\\/\\\/www.yucatanencorto.com\\\/noticias\\\/?s={search_term_string}\"},\"query-input\":{\"@type\":\"PropertyValueSpecification\",\"valueRequired\":true,\"valueName\":\"search_term_string\"}}],\"inLanguage\":\"es\"},{\"@type\":\"Person\",\"@id\":\"https:\\\/\\\/www.yucatanencorto.com\\\/noticias\\\/#\\\/schema\\\/person\\\/e2fbdfaf30a07014a43940ce989f3119\",\"name\":\"Redes\",\"image\":{\"@type\":\"ImageObject\",\"inLanguage\":\"es\",\"@id\":\"https:\\\/\\\/secure.gravatar.com\\\/avatar\\\/5931a2d21dd7cc834f44c8c34fe56d90ed6d536ef452cbf870c7485b524dddd7?s=96&d=mm&r=g\",\"url\":\"https:\\\/\\\/secure.gravatar.com\\\/avatar\\\/5931a2d21dd7cc834f44c8c34fe56d90ed6d536ef452cbf870c7485b524dddd7?s=96&d=mm&r=g\",\"contentUrl\":\"https:\\\/\\\/secure.gravatar.com\\\/avatar\\\/5931a2d21dd7cc834f44c8c34fe56d90ed6d536ef452cbf870c7485b524dddd7?s=96&d=mm&r=g\",\"caption\":\"Redes\"},\"url\":\"https:\\\/\\\/www.yucatanencorto.com\\\/noticias\\\/author\\\/redes\\\/\"}]}<\/script>\n<!-- \/ Yoast SEO plugin. -->","yoast_head_json":{"title":"Deportistas yucatecos ven en Ren\u00e1n la mejor opci\u00f3n - Yucat\u00e1n en corto","robots":{"index":"index","follow":"follow","max-snippet":"max-snippet:-1","max-image-preview":"max-image-preview:large","max-video-preview":"max-video-preview:-1"},"canonical":"https:\/\/www.yucatanencorto.com\/noticias\/deportistas-yucatecos-ven-en-renan-la-mejor-opcion\/","og_locale":"es_ES","og_type":"article","og_title":"Deportistas yucatecos ven en Ren\u00e1n la mejor opci\u00f3n - Yucat\u00e1n en corto","og_description":"M\u00e9rida, Yucat\u00e1n a 19 de diciembre de 2023.- El deporte ser\u00e1 otro de los sectores primordiales a impulsar, as\u00ed qued\u00f3 de manifiesto para el grupo de reconocidos deportistas yucatecos que se reunieron con el coordinador del equipo Yucat\u00e1n, Ren\u00e1n Barrera Concha, quienes en amena charla externaron sus inquietudes, opiniones y sobre todo, las que consideran [&hellip;]","og_url":"https:\/\/www.yucatanencorto.com\/noticias\/deportistas-yucatecos-ven-en-renan-la-mejor-opcion\/","og_site_name":"Yucat\u00e1n en corto","article_publisher":"http:\/\/www.facebook.com\/yucatanencorto","article_published_time":"2023-12-21T01:04:50+00:00","og_image":[{"width":768,"height":406,"url":"https:\/\/www.yucatanencorto.com\/noticias\/wp-content\/uploads\/2023\/12\/IMG-20231220-WA0059-1-scaled.jpg","type":"image\/jpeg"}],"author":"Redes","twitter_card":"summary_large_image","twitter_creator":"@yucatanencorto","twitter_site":"@yucatanencorto","twitter_misc":{"Escrito por":"Redes","Tiempo de lectura":"3 minutos"},"schema":{"@context":"https:\/\/schema.org","@graph":[{"@type":"Article","@id":"https:\/\/www.yucatanencorto.com\/noticias\/deportistas-yucatecos-ven-en-renan-la-mejor-opcion\/#article","isPartOf":{"@id":"https:\/\/www.yucatanencorto.com\/noticias\/deportistas-yucatecos-ven-en-renan-la-mejor-opcion\/"},"author":{"name":"Redes","@id":"https:\/\/www.yucatanencorto.com\/noticias\/#\/schema\/person\/e2fbdfaf30a07014a43940ce989f3119"},"headline":"Deportistas yucatecos ven en Ren\u00e1n la mejor opci\u00f3n","datePublished":"2023-12-21T01:04:50+00:00","mainEntityOfPage":{"@id":"https:\/\/www.yucatanencorto.com\/noticias\/deportistas-yucatecos-ven-en-renan-la-mejor-opcion\/"},"wordCount":607,"image":{"@id":"https:\/\/www.yucatanencorto.com\/noticias\/deportistas-yucatecos-ven-en-renan-la-mejor-opcion\/#primaryimage"},"thumbnailUrl":"https:\/\/www.yucatanencorto.com\/noticias\/wp-content\/uploads\/2023\/12\/IMG-20231220-WA0059-1-scaled.jpg","articleSection":["Yucat\u00e1n"],"inLanguage":"es"},{"@type":"WebPage","@id":"https:\/\/www.yucatanencorto.com\/noticias\/deportistas-yucatecos-ven-en-renan-la-mejor-opcion\/","url":"https:\/\/www.yucatanencorto.com\/noticias\/deportistas-yucatecos-ven-en-renan-la-mejor-opcion\/","name":"Deportistas yucatecos ven en Ren\u00e1n la mejor opci\u00f3n - Yucat\u00e1n en corto","isPartOf":{"@id":"https:\/\/www.yucatanencorto.com\/noticias\/#website"},"primaryImageOfPage":{"@id":"https:\/\/www.yucatanencorto.com\/noticias\/deportistas-yucatecos-ven-en-renan-la-mejor-opcion\/#primaryimage"},"image":{"@id":"https:\/\/www.yucatanencorto.com\/noticias\/deportistas-yucatecos-ven-en-renan-la-mejor-opcion\/#primaryimage"},"thumbnailUrl":"https:\/\/www.yucatanencorto.com\/noticias\/wp-content\/uploads\/2023\/12\/IMG-20231220-WA0059-1-scaled.jpg","datePublished":"2023-12-21T01:04:50+00:00","author":{"@id":"https:\/\/www.yucatanencorto.com\/noticias\/#\/schema\/person\/e2fbdfaf30a07014a43940ce989f3119"},"breadcrumb":{"@id":"https:\/\/www.yucatanencorto.com\/noticias\/deportistas-yucatecos-ven-en-renan-la-mejor-opcion\/#breadcrumb"},"inLanguage":"es","potentialAction":[{"@type":"ReadAction","target":["https:\/\/www.yucatanencorto.com\/noticias\/deportistas-yucatecos-ven-en-renan-la-mejor-opcion\/"]}]},{"@type":"ImageObject","inLanguage":"es","@id":"https:\/\/www.yucatanencorto.com\/noticias\/deportistas-yucatecos-ven-en-renan-la-mejor-opcion\/#primaryimage","url":"https:\/\/www.yucatanencorto.com\/noticias\/wp-content\/uploads\/2023\/12\/IMG-20231220-WA0059-1-scaled.jpg","contentUrl":"https:\/\/www.yucatanencorto.com\/noticias\/wp-content\/uploads\/2023\/12\/IMG-20231220-WA0059-1-scaled.jpg","width":768,"height":406},{"@type":"BreadcrumbList","@id":"https:\/\/www.yucatanencorto.com\/noticias\/deportistas-yucatecos-ven-en-renan-la-mejor-opcion\/#breadcrumb","itemListElement":[{"@type":"ListItem","position":1,"name":"Portada","item":"https:\/\/www.yucatanencorto.com\/noticias\/"},{"@type":"ListItem","position":2,"name":"Deportistas yucatecos ven en Ren\u00e1n la mejor opci\u00f3n"}]},{"@type":"WebSite","@id":"https:\/\/www.yucatanencorto.com\/noticias\/#website","url":"https:\/\/www.yucatanencorto.com\/noticias\/","name":"Yucat\u00e1n en corto","description":"Noticias","potentialAction":[{"@type":"SearchAction","target":{"@type":"EntryPoint","urlTemplate":"https:\/\/www.yucatanencorto.com\/noticias\/?s={search_term_string}"},"query-input":{"@type":"PropertyValueSpecification","valueRequired":true,"valueName":"search_term_string"}}],"inLanguage":"es"},{"@type":"Person","@id":"https:\/\/www.yucatanencorto.com\/noticias\/#\/schema\/person\/e2fbdfaf30a07014a43940ce989f3119","name":"Redes","image":{"@type":"ImageObject","inLanguage":"es","@id":"https:\/\/secure.gravatar.com\/avatar\/5931a2d21dd7cc834f44c8c34fe56d90ed6d536ef452cbf870c7485b524dddd7?s=96&d=mm&r=g","url":"https:\/\/secure.gravatar.com\/avatar\/5931a2d21dd7cc834f44c8c34fe56d90ed6d536ef452cbf870c7485b524dddd7?s=96&d=mm&r=g","contentUrl":"https:\/\/secure.gravatar.com\/avatar\/5931a2d21dd7cc834f44c8c34fe56d90ed6d536ef452cbf870c7485b524dddd7?s=96&d=mm&r=g","caption":"Redes"},"url":"https:\/\/www.yucatanencorto.com\/noticias\/author\/redes\/"}]}},"_links":{"self":[{"href":"https:\/\/www.yucatanencorto.com\/noticias\/wp-json\/wp\/v2\/posts\/101590","targetHints":{"allow":["GET"]}}],"collection":[{"href":"https:\/\/www.yucatanencorto.com\/noticias\/wp-json\/wp\/v2\/posts"}],"about":[{"href":"https:\/\/www.yucatanencorto.com\/noticias\/wp-json\/wp\/v2\/types\/post"}],"author":[{"embeddable":true,"href":"https:\/\/www.yucatanencorto.com\/noticias\/wp-json\/wp\/v2\/users\/3"}],"replies":[{"embeddable":true,"href":"https:\/\/www.yucatanencorto.com\/noticias\/wp-json\/wp\/v2\/comments?post=101590"}],"version-history":[{"count":0,"href":"https:\/\/www.yucatanencorto.com\/noticias\/wp-json\/wp\/v2\/posts\/101590\/revisions"}],"wp:featuredmedia":[{"embeddable":true,"href":"https:\/\/www.yucatanencorto.com\/noticias\/wp-json\/wp\/v2\/media\/101591"}],"wp:attachment":[{"href":"https:\/\/www.yucatanencorto.com\/noticias\/wp-json\/wp\/v2\/media?parent=101590"}],"wp:term":[{"taxonomy":"category","embeddable":true,"href":"https:\/\/www.yucatanencorto.com\/noticias\/wp-json\/wp\/v2\/categories?post=101590"},{"taxonomy":"post_tag","embeddable":true,"href":"https:\/\/www.yucatanencorto.com\/noticias\/wp-json\/wp\/v2\/tags?post=101590"}],"curies":[{"name":"wp","href":"https:\/\/api.w.org\/{rel}","templated":true}]}}