{"id":101606,"date":"2023-12-21T18:59:29","date_gmt":"2023-12-22T00:59:29","guid":{"rendered":"https:\/\/www.yucatanencorto.com\/noticias\/?p=101606"},"modified":"2023-12-21T18:59:29","modified_gmt":"2023-12-22T00:59:29","slug":"cecilia-patron-merida-con-justicia-ambiental-para-su-desarrollo","status":"publish","type":"post","link":"https:\/\/www.yucatanencorto.com\/noticias\/cecilia-patron-merida-con-justicia-ambiental-para-su-desarrollo\/","title":{"rendered":"Cecilia Patr\u00f3n: M\u00e9rida con justicia ambiental para su desarrollo."},"content":{"rendered":"<p><img loading=\"lazy\" decoding=\"async\" class=\"alignnone size-full wp-image-101607\" src=\"https:\/\/www.yucatanencorto.com\/noticias\/wp-content\/uploads\/2023\/12\/IMG-20231221-WA0048-scaled.jpg\" alt=\"\" width=\"768\" height=\"512\" srcset=\"https:\/\/www.yucatanencorto.com\/noticias\/wp-content\/uploads\/2023\/12\/IMG-20231221-WA0048-scaled.jpg 768w, https:\/\/www.yucatanencorto.com\/noticias\/wp-content\/uploads\/2023\/12\/IMG-20231221-WA0048-150x100.jpg 150w, https:\/\/www.yucatanencorto.com\/noticias\/wp-content\/uploads\/2023\/12\/IMG-20231221-WA0048-300x200.jpg 300w, https:\/\/www.yucatanencorto.com\/noticias\/wp-content\/uploads\/2023\/12\/IMG-20231221-WA0048-696x464.jpg 696w, https:\/\/www.yucatanencorto.com\/noticias\/wp-content\/uploads\/2023\/12\/IMG-20231221-WA0048-1068x712.jpg 1068w\" sizes=\"auto, (max-width: 768px) 100vw, 768px\" \/><\/p>\n<p>M\u00e9rida, Yucat\u00e1n a 21 de diciembre de 2023<\/p>\n<p>La justicia ambiental solo se lograr\u00e1 si todos en equipo participamos en las decisiones del crecimiento ordenado y desarrollo parejo de nuestra ciudad, afirm\u00f3 Cecilia Patr\u00f3n Laviada, precandidata a la presidencia municipal de M\u00e9rida.<\/p>\n<p>&nbsp;<\/p>\n<p>\u201cDebemos asumir la responsabilidad que nos toca para alcanzar la M\u00e9rida sostenible que so\u00f1amos\u201d resalt\u00f3.<\/p>\n<p>&nbsp;<\/p>\n<p>\u201cLo que busco cada d\u00eda es que cada uno de ustedes vivan mejor, que sean felices, puedan desarrollarse plenamente y cuenten con las mejores condiciones para lograrlo, para as\u00ed construir en equipo una M\u00e9rida sostenible que no tenga limitaciones para su desarrollo, pero sin comprometer los recursos para las futuras generaciones\u201d.<\/p>\n<p>&nbsp;<\/p>\n<p>Ante militantes del PAN Yucat\u00e1n, Cecilia habl\u00f3 de la justicia ambiental que busca que todos los ciudadanos cuenten con igualdad en la distribuci\u00f3n de los recursos de la ciudad, para generar la condiciones desarrollo parejo para las colonias y comisar\u00edas de la ciudad sin tener impactos negativos al medio ambiente.<\/p>\n<p>&nbsp;<\/p>\n<p>\u201cA trav\u00e9s del dise\u00f1o participativo y corresponsabilidad social podemos atender las necesidades de cada comunidad, adecuar las condiciones del entorno y brindar igualdad de oportunidades, crecimiento econ\u00f3mico, laboral y seguro con un medio ambiente sano para el desarrollo pleno para nuestras familias.<\/p>\n<p>&nbsp;<\/p>\n<p>Agreg\u00f3 que el ritmo acelerado de la urbanizaci\u00f3n de la ciudad plantea un redise\u00f1o de las pol\u00edticas p\u00fablicas para hacer frente a nuevos retos en materia ambiental donde las autoridades sumando esfuerzos con empresarios, organizaciones civiles y ciudadanos podamos alcanzar la visi\u00f3n de una sola M\u00e9rida en la que nadie se quede atr\u00e1s, donde prevalezca la justicia social y ambiental.<\/p>\n<p>&nbsp;<\/p>\n<p>&nbsp;<\/p>\n<p>&nbsp;<\/p>\n<p>El Plan de Infraestructura Verde del municipio de M\u00e9rida cuenta con par\u00e1metros establecidos para una ciudad sustentable, biodiversa y resiliente, con calidad de vida para el presente y el futuro, en la que la justicia ambiental vaya de la mano con la educaci\u00f3n y cultura ambiental.<\/p>\n<p>&nbsp;<\/p>\n<p>&nbsp;<\/p>\n<p>Adem\u00e1s, M\u00e9rida posee un principal pulm\u00f3n verde, la Reserva Ecol\u00f3gica \u201cCuxtal\u201d que cuenta con ampl\u00eda diversidad de flora y fauna, adem\u00e1s de recursos con riqueza y aportaci\u00f3n ecol\u00f3gica imprescindibles para el desarrollo rural, econ\u00f3mico y social de las habitantes de comisar\u00edas y colonias circundantes.<\/p>\n","protected":false},"excerpt":{"rendered":"<p>M\u00e9rida, Yucat\u00e1n a 21 de diciembre de 2023 La justicia ambiental solo se lograr\u00e1 si todos en equipo participamos en las decisiones del crecimiento ordenado y desarrollo parejo de nuestra ciudad, afirm\u00f3 Cecilia Patr\u00f3n Laviada, precandidata a la presidencia municipal de M\u00e9rida. &nbsp; \u201cDebemos asumir la responsabilidad que nos toca para alcanzar la M\u00e9rida sostenible [&hellip;]<\/p>\n","protected":false},"author":3,"featured_media":101607,"comment_status":"closed","ping_status":"closed","sticky":false,"template":"","format":"standard","meta":{"footnotes":""},"categories":[3],"tags":[],"class_list":{"0":"post-101606","1":"post","2":"type-post","3":"status-publish","4":"format-standard","5":"has-post-thumbnail","7":"category-yucatan"},"yoast_head":"<!-- This site is optimized with the Yoast SEO plugin v27.4 - https:\/\/yoast.com\/product\/yoast-seo-wordpress\/ -->\n<title>Cecilia Patr\u00f3n: M\u00e9rida con justicia ambiental para su desarrollo. - Yucat\u00e1n en corto<\/title>\n<meta name=\"robots\" content=\"index, follow, max-snippet:-1, max-image-preview:large, max-video-preview:-1\" \/>\n<link rel=\"canonical\" href=\"https:\/\/www.yucatanencorto.com\/noticias\/cecilia-patron-merida-con-justicia-ambiental-para-su-desarrollo\/\" \/>\n<meta property=\"og:locale\" content=\"es_ES\" \/>\n<meta property=\"og:type\" content=\"article\" \/>\n<meta property=\"og:title\" content=\"Cecilia Patr\u00f3n: M\u00e9rida con justicia ambiental para su desarrollo. - Yucat\u00e1n en corto\" \/>\n<meta property=\"og:description\" content=\"M\u00e9rida, Yucat\u00e1n a 21 de diciembre de 2023 La justicia ambiental solo se lograr\u00e1 si todos en equipo participamos en las decisiones del crecimiento ordenado y desarrollo parejo de nuestra ciudad, afirm\u00f3 Cecilia Patr\u00f3n Laviada, precandidata a la presidencia municipal de M\u00e9rida. &nbsp; \u201cDebemos asumir la responsabilidad que nos toca para alcanzar la M\u00e9rida sostenible [&hellip;]\" \/>\n<meta property=\"og:url\" content=\"https:\/\/www.yucatanencorto.com\/noticias\/cecilia-patron-merida-con-justicia-ambiental-para-su-desarrollo\/\" \/>\n<meta property=\"og:site_name\" content=\"Yucat\u00e1n en corto\" \/>\n<meta property=\"article:publisher\" content=\"http:\/\/www.facebook.com\/yucatanencorto\" \/>\n<meta property=\"article:published_time\" content=\"2023-12-22T00:59:29+00:00\" \/>\n<meta property=\"og:image\" content=\"https:\/\/www.yucatanencorto.com\/noticias\/wp-content\/uploads\/2023\/12\/IMG-20231221-WA0048-scaled.jpg\" \/>\n\t<meta property=\"og:image:width\" content=\"768\" \/>\n\t<meta property=\"og:image:height\" content=\"512\" \/>\n\t<meta property=\"og:image:type\" content=\"image\/jpeg\" \/>\n<meta name=\"author\" content=\"Redes\" \/>\n<meta name=\"twitter:card\" content=\"summary_large_image\" \/>\n<meta name=\"twitter:creator\" content=\"@yucatanencorto\" \/>\n<meta name=\"twitter:site\" content=\"@yucatanencorto\" \/>\n<meta name=\"twitter:label1\" content=\"Escrito por\" \/>\n\t<meta name=\"twitter:data1\" content=\"Redes\" \/>\n\t<meta name=\"twitter:label2\" content=\"Tiempo de lectura\" \/>\n\t<meta name=\"twitter:data2\" content=\"2 minutos\" \/>\n<script type=\"application\/ld+json\" class=\"yoast-schema-graph\">{\"@context\":\"https:\\\/\\\/schema.org\",\"@graph\":[{\"@type\":\"Article\",\"@id\":\"https:\\\/\\\/www.yucatanencorto.com\\\/noticias\\\/cecilia-patron-merida-con-justicia-ambiental-para-su-desarrollo\\\/#article\",\"isPartOf\":{\"@id\":\"https:\\\/\\\/www.yucatanencorto.com\\\/noticias\\\/cecilia-patron-merida-con-justicia-ambiental-para-su-desarrollo\\\/\"},\"author\":{\"name\":\"Redes\",\"@id\":\"https:\\\/\\\/www.yucatanencorto.com\\\/noticias\\\/#\\\/schema\\\/person\\\/e2fbdfaf30a07014a43940ce989f3119\"},\"headline\":\"Cecilia Patr\u00f3n: M\u00e9rida con justicia ambiental para su desarrollo.\",\"datePublished\":\"2023-12-22T00:59:29+00:00\",\"mainEntityOfPage\":{\"@id\":\"https:\\\/\\\/www.yucatanencorto.com\\\/noticias\\\/cecilia-patron-merida-con-justicia-ambiental-para-su-desarrollo\\\/\"},\"wordCount\":403,\"image\":{\"@id\":\"https:\\\/\\\/www.yucatanencorto.com\\\/noticias\\\/cecilia-patron-merida-con-justicia-ambiental-para-su-desarrollo\\\/#primaryimage\"},\"thumbnailUrl\":\"https:\\\/\\\/www.yucatanencorto.com\\\/noticias\\\/wp-content\\\/uploads\\\/2023\\\/12\\\/IMG-20231221-WA0048-scaled.jpg\",\"articleSection\":[\"Yucat\u00e1n\"],\"inLanguage\":\"es\"},{\"@type\":\"WebPage\",\"@id\":\"https:\\\/\\\/www.yucatanencorto.com\\\/noticias\\\/cecilia-patron-merida-con-justicia-ambiental-para-su-desarrollo\\\/\",\"url\":\"https:\\\/\\\/www.yucatanencorto.com\\\/noticias\\\/cecilia-patron-merida-con-justicia-ambiental-para-su-desarrollo\\\/\",\"name\":\"Cecilia Patr\u00f3n: M\u00e9rida con justicia ambiental para su desarrollo. - Yucat\u00e1n en corto\",\"isPartOf\":{\"@id\":\"https:\\\/\\\/www.yucatanencorto.com\\\/noticias\\\/#website\"},\"primaryImageOfPage\":{\"@id\":\"https:\\\/\\\/www.yucatanencorto.com\\\/noticias\\\/cecilia-patron-merida-con-justicia-ambiental-para-su-desarrollo\\\/#primaryimage\"},\"image\":{\"@id\":\"https:\\\/\\\/www.yucatanencorto.com\\\/noticias\\\/cecilia-patron-merida-con-justicia-ambiental-para-su-desarrollo\\\/#primaryimage\"},\"thumbnailUrl\":\"https:\\\/\\\/www.yucatanencorto.com\\\/noticias\\\/wp-content\\\/uploads\\\/2023\\\/12\\\/IMG-20231221-WA0048-scaled.jpg\",\"datePublished\":\"2023-12-22T00:59:29+00:00\",\"author\":{\"@id\":\"https:\\\/\\\/www.yucatanencorto.com\\\/noticias\\\/#\\\/schema\\\/person\\\/e2fbdfaf30a07014a43940ce989f3119\"},\"breadcrumb\":{\"@id\":\"https:\\\/\\\/www.yucatanencorto.com\\\/noticias\\\/cecilia-patron-merida-con-justicia-ambiental-para-su-desarrollo\\\/#breadcrumb\"},\"inLanguage\":\"es\",\"potentialAction\":[{\"@type\":\"ReadAction\",\"target\":[\"https:\\\/\\\/www.yucatanencorto.com\\\/noticias\\\/cecilia-patron-merida-con-justicia-ambiental-para-su-desarrollo\\\/\"]}]},{\"@type\":\"ImageObject\",\"inLanguage\":\"es\",\"@id\":\"https:\\\/\\\/www.yucatanencorto.com\\\/noticias\\\/cecilia-patron-merida-con-justicia-ambiental-para-su-desarrollo\\\/#primaryimage\",\"url\":\"https:\\\/\\\/www.yucatanencorto.com\\\/noticias\\\/wp-content\\\/uploads\\\/2023\\\/12\\\/IMG-20231221-WA0048-scaled.jpg\",\"contentUrl\":\"https:\\\/\\\/www.yucatanencorto.com\\\/noticias\\\/wp-content\\\/uploads\\\/2023\\\/12\\\/IMG-20231221-WA0048-scaled.jpg\",\"width\":768,\"height\":512},{\"@type\":\"BreadcrumbList\",\"@id\":\"https:\\\/\\\/www.yucatanencorto.com\\\/noticias\\\/cecilia-patron-merida-con-justicia-ambiental-para-su-desarrollo\\\/#breadcrumb\",\"itemListElement\":[{\"@type\":\"ListItem\",\"position\":1,\"name\":\"Portada\",\"item\":\"https:\\\/\\\/www.yucatanencorto.com\\\/noticias\\\/\"},{\"@type\":\"ListItem\",\"position\":2,\"name\":\"Cecilia Patr\u00f3n: M\u00e9rida con justicia ambiental para su desarrollo.\"}]},{\"@type\":\"WebSite\",\"@id\":\"https:\\\/\\\/www.yucatanencorto.com\\\/noticias\\\/#website\",\"url\":\"https:\\\/\\\/www.yucatanencorto.com\\\/noticias\\\/\",\"name\":\"Yucat\u00e1n en corto\",\"description\":\"Noticias\",\"potentialAction\":[{\"@type\":\"SearchAction\",\"target\":{\"@type\":\"EntryPoint\",\"urlTemplate\":\"https:\\\/\\\/www.yucatanencorto.com\\\/noticias\\\/?s={search_term_string}\"},\"query-input\":{\"@type\":\"PropertyValueSpecification\",\"valueRequired\":true,\"valueName\":\"search_term_string\"}}],\"inLanguage\":\"es\"},{\"@type\":\"Person\",\"@id\":\"https:\\\/\\\/www.yucatanencorto.com\\\/noticias\\\/#\\\/schema\\\/person\\\/e2fbdfaf30a07014a43940ce989f3119\",\"name\":\"Redes\",\"image\":{\"@type\":\"ImageObject\",\"inLanguage\":\"es\",\"@id\":\"https:\\\/\\\/secure.gravatar.com\\\/avatar\\\/5931a2d21dd7cc834f44c8c34fe56d90ed6d536ef452cbf870c7485b524dddd7?s=96&d=mm&r=g\",\"url\":\"https:\\\/\\\/secure.gravatar.com\\\/avatar\\\/5931a2d21dd7cc834f44c8c34fe56d90ed6d536ef452cbf870c7485b524dddd7?s=96&d=mm&r=g\",\"contentUrl\":\"https:\\\/\\\/secure.gravatar.com\\\/avatar\\\/5931a2d21dd7cc834f44c8c34fe56d90ed6d536ef452cbf870c7485b524dddd7?s=96&d=mm&r=g\",\"caption\":\"Redes\"},\"url\":\"https:\\\/\\\/www.yucatanencorto.com\\\/noticias\\\/author\\\/redes\\\/\"}]}<\/script>\n<!-- \/ Yoast SEO plugin. -->","yoast_head_json":{"title":"Cecilia Patr\u00f3n: M\u00e9rida con justicia ambiental para su desarrollo. - Yucat\u00e1n en corto","robots":{"index":"index","follow":"follow","max-snippet":"max-snippet:-1","max-image-preview":"max-image-preview:large","max-video-preview":"max-video-preview:-1"},"canonical":"https:\/\/www.yucatanencorto.com\/noticias\/cecilia-patron-merida-con-justicia-ambiental-para-su-desarrollo\/","og_locale":"es_ES","og_type":"article","og_title":"Cecilia Patr\u00f3n: M\u00e9rida con justicia ambiental para su desarrollo. - Yucat\u00e1n en corto","og_description":"M\u00e9rida, Yucat\u00e1n a 21 de diciembre de 2023 La justicia ambiental solo se lograr\u00e1 si todos en equipo participamos en las decisiones del crecimiento ordenado y desarrollo parejo de nuestra ciudad, afirm\u00f3 Cecilia Patr\u00f3n Laviada, precandidata a la presidencia municipal de M\u00e9rida. &nbsp; \u201cDebemos asumir la responsabilidad que nos toca para alcanzar la M\u00e9rida sostenible [&hellip;]","og_url":"https:\/\/www.yucatanencorto.com\/noticias\/cecilia-patron-merida-con-justicia-ambiental-para-su-desarrollo\/","og_site_name":"Yucat\u00e1n en corto","article_publisher":"http:\/\/www.facebook.com\/yucatanencorto","article_published_time":"2023-12-22T00:59:29+00:00","og_image":[{"width":768,"height":512,"url":"https:\/\/www.yucatanencorto.com\/noticias\/wp-content\/uploads\/2023\/12\/IMG-20231221-WA0048-scaled.jpg","type":"image\/jpeg"}],"author":"Redes","twitter_card":"summary_large_image","twitter_creator":"@yucatanencorto","twitter_site":"@yucatanencorto","twitter_misc":{"Escrito por":"Redes","Tiempo de lectura":"2 minutos"},"schema":{"@context":"https:\/\/schema.org","@graph":[{"@type":"Article","@id":"https:\/\/www.yucatanencorto.com\/noticias\/cecilia-patron-merida-con-justicia-ambiental-para-su-desarrollo\/#article","isPartOf":{"@id":"https:\/\/www.yucatanencorto.com\/noticias\/cecilia-patron-merida-con-justicia-ambiental-para-su-desarrollo\/"},"author":{"name":"Redes","@id":"https:\/\/www.yucatanencorto.com\/noticias\/#\/schema\/person\/e2fbdfaf30a07014a43940ce989f3119"},"headline":"Cecilia Patr\u00f3n: M\u00e9rida con justicia ambiental para su desarrollo.","datePublished":"2023-12-22T00:59:29+00:00","mainEntityOfPage":{"@id":"https:\/\/www.yucatanencorto.com\/noticias\/cecilia-patron-merida-con-justicia-ambiental-para-su-desarrollo\/"},"wordCount":403,"image":{"@id":"https:\/\/www.yucatanencorto.com\/noticias\/cecilia-patron-merida-con-justicia-ambiental-para-su-desarrollo\/#primaryimage"},"thumbnailUrl":"https:\/\/www.yucatanencorto.com\/noticias\/wp-content\/uploads\/2023\/12\/IMG-20231221-WA0048-scaled.jpg","articleSection":["Yucat\u00e1n"],"inLanguage":"es"},{"@type":"WebPage","@id":"https:\/\/www.yucatanencorto.com\/noticias\/cecilia-patron-merida-con-justicia-ambiental-para-su-desarrollo\/","url":"https:\/\/www.yucatanencorto.com\/noticias\/cecilia-patron-merida-con-justicia-ambiental-para-su-desarrollo\/","name":"Cecilia Patr\u00f3n: M\u00e9rida con justicia ambiental para su desarrollo. - Yucat\u00e1n en corto","isPartOf":{"@id":"https:\/\/www.yucatanencorto.com\/noticias\/#website"},"primaryImageOfPage":{"@id":"https:\/\/www.yucatanencorto.com\/noticias\/cecilia-patron-merida-con-justicia-ambiental-para-su-desarrollo\/#primaryimage"},"image":{"@id":"https:\/\/www.yucatanencorto.com\/noticias\/cecilia-patron-merida-con-justicia-ambiental-para-su-desarrollo\/#primaryimage"},"thumbnailUrl":"https:\/\/www.yucatanencorto.com\/noticias\/wp-content\/uploads\/2023\/12\/IMG-20231221-WA0048-scaled.jpg","datePublished":"2023-12-22T00:59:29+00:00","author":{"@id":"https:\/\/www.yucatanencorto.com\/noticias\/#\/schema\/person\/e2fbdfaf30a07014a43940ce989f3119"},"breadcrumb":{"@id":"https:\/\/www.yucatanencorto.com\/noticias\/cecilia-patron-merida-con-justicia-ambiental-para-su-desarrollo\/#breadcrumb"},"inLanguage":"es","potentialAction":[{"@type":"ReadAction","target":["https:\/\/www.yucatanencorto.com\/noticias\/cecilia-patron-merida-con-justicia-ambiental-para-su-desarrollo\/"]}]},{"@type":"ImageObject","inLanguage":"es","@id":"https:\/\/www.yucatanencorto.com\/noticias\/cecilia-patron-merida-con-justicia-ambiental-para-su-desarrollo\/#primaryimage","url":"https:\/\/www.yucatanencorto.com\/noticias\/wp-content\/uploads\/2023\/12\/IMG-20231221-WA0048-scaled.jpg","contentUrl":"https:\/\/www.yucatanencorto.com\/noticias\/wp-content\/uploads\/2023\/12\/IMG-20231221-WA0048-scaled.jpg","width":768,"height":512},{"@type":"BreadcrumbList","@id":"https:\/\/www.yucatanencorto.com\/noticias\/cecilia-patron-merida-con-justicia-ambiental-para-su-desarrollo\/#breadcrumb","itemListElement":[{"@type":"ListItem","position":1,"name":"Portada","item":"https:\/\/www.yucatanencorto.com\/noticias\/"},{"@type":"ListItem","position":2,"name":"Cecilia Patr\u00f3n: M\u00e9rida con justicia ambiental para su desarrollo."}]},{"@type":"WebSite","@id":"https:\/\/www.yucatanencorto.com\/noticias\/#website","url":"https:\/\/www.yucatanencorto.com\/noticias\/","name":"Yucat\u00e1n en corto","description":"Noticias","potentialAction":[{"@type":"SearchAction","target":{"@type":"EntryPoint","urlTemplate":"https:\/\/www.yucatanencorto.com\/noticias\/?s={search_term_string}"},"query-input":{"@type":"PropertyValueSpecification","valueRequired":true,"valueName":"search_term_string"}}],"inLanguage":"es"},{"@type":"Person","@id":"https:\/\/www.yucatanencorto.com\/noticias\/#\/schema\/person\/e2fbdfaf30a07014a43940ce989f3119","name":"Redes","image":{"@type":"ImageObject","inLanguage":"es","@id":"https:\/\/secure.gravatar.com\/avatar\/5931a2d21dd7cc834f44c8c34fe56d90ed6d536ef452cbf870c7485b524dddd7?s=96&d=mm&r=g","url":"https:\/\/secure.gravatar.com\/avatar\/5931a2d21dd7cc834f44c8c34fe56d90ed6d536ef452cbf870c7485b524dddd7?s=96&d=mm&r=g","contentUrl":"https:\/\/secure.gravatar.com\/avatar\/5931a2d21dd7cc834f44c8c34fe56d90ed6d536ef452cbf870c7485b524dddd7?s=96&d=mm&r=g","caption":"Redes"},"url":"https:\/\/www.yucatanencorto.com\/noticias\/author\/redes\/"}]}},"_links":{"self":[{"href":"https:\/\/www.yucatanencorto.com\/noticias\/wp-json\/wp\/v2\/posts\/101606","targetHints":{"allow":["GET"]}}],"collection":[{"href":"https:\/\/www.yucatanencorto.com\/noticias\/wp-json\/wp\/v2\/posts"}],"about":[{"href":"https:\/\/www.yucatanencorto.com\/noticias\/wp-json\/wp\/v2\/types\/post"}],"author":[{"embeddable":true,"href":"https:\/\/www.yucatanencorto.com\/noticias\/wp-json\/wp\/v2\/users\/3"}],"replies":[{"embeddable":true,"href":"https:\/\/www.yucatanencorto.com\/noticias\/wp-json\/wp\/v2\/comments?post=101606"}],"version-history":[{"count":0,"href":"https:\/\/www.yucatanencorto.com\/noticias\/wp-json\/wp\/v2\/posts\/101606\/revisions"}],"wp:featuredmedia":[{"embeddable":true,"href":"https:\/\/www.yucatanencorto.com\/noticias\/wp-json\/wp\/v2\/media\/101607"}],"wp:attachment":[{"href":"https:\/\/www.yucatanencorto.com\/noticias\/wp-json\/wp\/v2\/media?parent=101606"}],"wp:term":[{"taxonomy":"category","embeddable":true,"href":"https:\/\/www.yucatanencorto.com\/noticias\/wp-json\/wp\/v2\/categories?post=101606"},{"taxonomy":"post_tag","embeddable":true,"href":"https:\/\/www.yucatanencorto.com\/noticias\/wp-json\/wp\/v2\/tags?post=101606"}],"curies":[{"name":"wp","href":"https:\/\/api.w.org\/{rel}","templated":true}]}}