{"id":101609,"date":"2023-12-21T19:12:06","date_gmt":"2023-12-22T01:12:06","guid":{"rendered":"https:\/\/www.yucatanencorto.com\/noticias\/?p=101609"},"modified":"2023-12-21T19:12:06","modified_gmt":"2023-12-22T01:12:06","slug":"renan-barrera-conquista-el-oriente-del-estado","status":"publish","type":"post","link":"https:\/\/www.yucatanencorto.com\/noticias\/renan-barrera-conquista-el-oriente-del-estado\/","title":{"rendered":"Ren\u00e1n Barrera conquista el oriente del Estado\u00a0"},"content":{"rendered":"<p><img loading=\"lazy\" decoding=\"async\" class=\"alignnone size-full wp-image-101610\" src=\"https:\/\/www.yucatanencorto.com\/noticias\/wp-content\/uploads\/2023\/12\/IMG-20231221-WA0053-scaled.jpg\" alt=\"\" width=\"768\" height=\"512\" srcset=\"https:\/\/www.yucatanencorto.com\/noticias\/wp-content\/uploads\/2023\/12\/IMG-20231221-WA0053-scaled.jpg 768w, https:\/\/www.yucatanencorto.com\/noticias\/wp-content\/uploads\/2023\/12\/IMG-20231221-WA0053-150x100.jpg 150w, https:\/\/www.yucatanencorto.com\/noticias\/wp-content\/uploads\/2023\/12\/IMG-20231221-WA0053-300x200.jpg 300w, https:\/\/www.yucatanencorto.com\/noticias\/wp-content\/uploads\/2023\/12\/IMG-20231221-WA0053-696x464.jpg 696w, https:\/\/www.yucatanencorto.com\/noticias\/wp-content\/uploads\/2023\/12\/IMG-20231221-WA0053-1068x712.jpg 1068w\" sizes=\"auto, (max-width: 768px) 100vw, 768px\" \/><\/p>\n<p>Tizim\u00edn, Yucat\u00e1n a 21 de diciembre de 2023.- \u201cCon la unidad que prevalece en Tizim\u00edn, m\u00e1s cuando la defensa de Yucat\u00e1n est\u00e1 de por medio, nos sabemos poner de acuerdo y formar equipos plurales y fuertes\u201d, asegur\u00f3 el coordinador del Equipo Yucat\u00e1n por el Partido Acci\u00f3n Nacional (PAN), Ren\u00e1n Barrera Concha, ante cientos de militantes panistas que refrendaron su compromiso de formar un solo frente para obtener el triunfo en 2024.<\/p>\n<p>Acompa\u00f1ado del Presidente del Comit\u00e9 Directivo Estatal del PAN, As\u00eds Cano Cetina, y de Pedro Cohuo Suaste, l\u00edder de este municipio, Barrera Concha recalc\u00f3 que Tizim\u00edn es un ejemplo de crecimiento econ\u00f3mico gracias a la suma de esfuerzos con el gobierno estatal, por ello, invit\u00f3 a todas y todos a mantener este rumbo para garantizar un Yucat\u00e1n pr\u00f3spero, justo y seguro.<\/p>\n<p>\u00abTizim\u00edn tiene mucho que aportar al Estado, por eso les pido que sigamos haciendo equipo para que siga creciendo econ\u00f3micamente y sea un municipio preponderante. Confiamos en nuestra militancia y en el trabajo que har\u00e1n para que Tizim\u00edn viva cada vez mejor\u00bb, expres\u00f3.<\/p>\n<p>Aqu\u00ed estar\u00e9, continu\u00f3, caminando las calles, tocando puertas, sumando voluntades y sinti\u00e9ndonos orgullosos de refrendar el triunfo en Tizim\u00edn y en Yucat\u00e1n en 2024.<\/p>\n<p>Cano Cetina hizo un llamado a la familia panista: \u00abs\u00e9 que aqu\u00ed en Tizim\u00edn son m\u00e1s los que quieren un ayuntamiento y Estado ordenado. Est\u00e1 en sus manos que sigamos por buen rumbo\u00bb, se\u00f1al\u00f3.<\/p>\n<p>Por su parte, Cohuo Suaste destac\u00f3 que Tizim\u00edn, adem\u00e1s de ser un municipio cuyo principal sustento econ\u00f3mico es la ganader\u00eda, tambi\u00e9n est\u00e1 atrayendo el turismo, impulsado por el gobierno estatal, como la reciente remodelaci\u00f3n del centro hist\u00f3rico. Por ello, encomend\u00f3 a Ren\u00e1n Barrera continuar con ese trabajo en equipo y crecer parejo en todos los rincones del Estado.<\/p>\n<p>\u00abEsto nos habla de la importancia de trabajar unidos, de darle continuidad a los avances, y tengo la certeza de que lo lograremos con Ren\u00e1n Barrera como gobernador\u00bb, dijo provocando una ola de aplausos.<\/p>\n<p>Posteriormente, en las instalaciones del Comit\u00e9 Directivo Municipal del PAN en Tizim\u00edn donde se dieron cita miles de militantes, Barrera Concha y Cano Cetina entregaron a Jorge D\u00edaz Loeza su nombramiento como coordinador del equipo Yucat\u00e1n en ese municipio.<\/p>\n<p>En ese contexto, Barrera Concha convoc\u00f3 a la militancia a ser un equipo fuerte y plural para defender Tizim\u00edn y, en general, al Estado, con el objetivo de crecer social y econ\u00f3micamente.<\/p>\n<p>\u201cReconozco a Jorge D\u00edaz y la capacidad que tiene para hacer equipo, buscar la unidad por encima de las diferencias. Este es un municipio fundamental para la vida de Yucat\u00e1n, para el futuro de los pr\u00f3ximos 25 a\u00f1os en nuestro estado, por eso, al ver tanta gente reunida, bajo un mismo objetivo, inspira y compromete\u201d, destac\u00f3.<\/p>\n<p>\u201cHagamos votos para que en 2024 todas y todos podamos celebrar que hemos ganado, porque Tizim\u00edn merece un buen gobierno y Yucat\u00e1n merece tener a Ren\u00e1n como gobernador\u00bb, afirm\u00f3 Jorge D\u00edaz ante los aplausos de los miles de panistas que acudieron al evento.<\/p>\n","protected":false},"excerpt":{"rendered":"<p>Tizim\u00edn, Yucat\u00e1n a 21 de diciembre de 2023.- \u201cCon la unidad que prevalece en Tizim\u00edn, m\u00e1s cuando la defensa de Yucat\u00e1n est\u00e1 de por medio, nos sabemos poner de acuerdo y formar equipos plurales y fuertes\u201d, asegur\u00f3 el coordinador del Equipo Yucat\u00e1n por el Partido Acci\u00f3n Nacional (PAN), Ren\u00e1n Barrera Concha, ante cientos de militantes [&hellip;]<\/p>\n","protected":false},"author":3,"featured_media":101610,"comment_status":"closed","ping_status":"closed","sticky":false,"template":"","format":"standard","meta":{"footnotes":""},"categories":[3],"tags":[],"class_list":{"0":"post-101609","1":"post","2":"type-post","3":"status-publish","4":"format-standard","5":"has-post-thumbnail","7":"category-yucatan"},"yoast_head":"<!-- This site is optimized with the Yoast SEO plugin v27.4 - https:\/\/yoast.com\/product\/yoast-seo-wordpress\/ -->\n<title>Ren\u00e1n Barrera conquista el oriente del Estado\u00a0 - Yucat\u00e1n en corto<\/title>\n<meta name=\"robots\" content=\"index, follow, max-snippet:-1, max-image-preview:large, max-video-preview:-1\" \/>\n<link rel=\"canonical\" href=\"https:\/\/www.yucatanencorto.com\/noticias\/renan-barrera-conquista-el-oriente-del-estado\/\" \/>\n<meta property=\"og:locale\" content=\"es_ES\" \/>\n<meta property=\"og:type\" content=\"article\" \/>\n<meta property=\"og:title\" content=\"Ren\u00e1n Barrera conquista el oriente del Estado\u00a0 - Yucat\u00e1n en corto\" \/>\n<meta property=\"og:description\" content=\"Tizim\u00edn, Yucat\u00e1n a 21 de diciembre de 2023.- \u201cCon la unidad que prevalece en Tizim\u00edn, m\u00e1s cuando la defensa de Yucat\u00e1n est\u00e1 de por medio, nos sabemos poner de acuerdo y formar equipos plurales y fuertes\u201d, asegur\u00f3 el coordinador del Equipo Yucat\u00e1n por el Partido Acci\u00f3n Nacional (PAN), Ren\u00e1n Barrera Concha, ante cientos de militantes [&hellip;]\" \/>\n<meta property=\"og:url\" content=\"https:\/\/www.yucatanencorto.com\/noticias\/renan-barrera-conquista-el-oriente-del-estado\/\" \/>\n<meta property=\"og:site_name\" content=\"Yucat\u00e1n en corto\" \/>\n<meta property=\"article:publisher\" content=\"http:\/\/www.facebook.com\/yucatanencorto\" \/>\n<meta property=\"article:published_time\" content=\"2023-12-22T01:12:06+00:00\" \/>\n<meta property=\"og:image\" content=\"https:\/\/www.yucatanencorto.com\/noticias\/wp-content\/uploads\/2023\/12\/IMG-20231221-WA0053-scaled.jpg\" \/>\n\t<meta property=\"og:image:width\" content=\"768\" \/>\n\t<meta property=\"og:image:height\" content=\"512\" \/>\n\t<meta property=\"og:image:type\" content=\"image\/jpeg\" \/>\n<meta name=\"author\" content=\"Redes\" \/>\n<meta name=\"twitter:card\" content=\"summary_large_image\" \/>\n<meta name=\"twitter:creator\" content=\"@yucatanencorto\" \/>\n<meta name=\"twitter:site\" content=\"@yucatanencorto\" \/>\n<meta name=\"twitter:label1\" content=\"Escrito por\" \/>\n\t<meta name=\"twitter:data1\" content=\"Redes\" \/>\n\t<meta name=\"twitter:label2\" content=\"Tiempo de lectura\" \/>\n\t<meta name=\"twitter:data2\" content=\"3 minutos\" \/>\n<script type=\"application\/ld+json\" class=\"yoast-schema-graph\">{\"@context\":\"https:\\\/\\\/schema.org\",\"@graph\":[{\"@type\":\"Article\",\"@id\":\"https:\\\/\\\/www.yucatanencorto.com\\\/noticias\\\/renan-barrera-conquista-el-oriente-del-estado\\\/#article\",\"isPartOf\":{\"@id\":\"https:\\\/\\\/www.yucatanencorto.com\\\/noticias\\\/renan-barrera-conquista-el-oriente-del-estado\\\/\"},\"author\":{\"name\":\"Redes\",\"@id\":\"https:\\\/\\\/www.yucatanencorto.com\\\/noticias\\\/#\\\/schema\\\/person\\\/e2fbdfaf30a07014a43940ce989f3119\"},\"headline\":\"Ren\u00e1n Barrera conquista el oriente del Estado\u00a0\",\"datePublished\":\"2023-12-22T01:12:06+00:00\",\"mainEntityOfPage\":{\"@id\":\"https:\\\/\\\/www.yucatanencorto.com\\\/noticias\\\/renan-barrera-conquista-el-oriente-del-estado\\\/\"},\"wordCount\":545,\"image\":{\"@id\":\"https:\\\/\\\/www.yucatanencorto.com\\\/noticias\\\/renan-barrera-conquista-el-oriente-del-estado\\\/#primaryimage\"},\"thumbnailUrl\":\"https:\\\/\\\/www.yucatanencorto.com\\\/noticias\\\/wp-content\\\/uploads\\\/2023\\\/12\\\/IMG-20231221-WA0053-scaled.jpg\",\"articleSection\":[\"Yucat\u00e1n\"],\"inLanguage\":\"es\"},{\"@type\":\"WebPage\",\"@id\":\"https:\\\/\\\/www.yucatanencorto.com\\\/noticias\\\/renan-barrera-conquista-el-oriente-del-estado\\\/\",\"url\":\"https:\\\/\\\/www.yucatanencorto.com\\\/noticias\\\/renan-barrera-conquista-el-oriente-del-estado\\\/\",\"name\":\"Ren\u00e1n Barrera conquista el oriente del Estado\u00a0 - Yucat\u00e1n en corto\",\"isPartOf\":{\"@id\":\"https:\\\/\\\/www.yucatanencorto.com\\\/noticias\\\/#website\"},\"primaryImageOfPage\":{\"@id\":\"https:\\\/\\\/www.yucatanencorto.com\\\/noticias\\\/renan-barrera-conquista-el-oriente-del-estado\\\/#primaryimage\"},\"image\":{\"@id\":\"https:\\\/\\\/www.yucatanencorto.com\\\/noticias\\\/renan-barrera-conquista-el-oriente-del-estado\\\/#primaryimage\"},\"thumbnailUrl\":\"https:\\\/\\\/www.yucatanencorto.com\\\/noticias\\\/wp-content\\\/uploads\\\/2023\\\/12\\\/IMG-20231221-WA0053-scaled.jpg\",\"datePublished\":\"2023-12-22T01:12:06+00:00\",\"author\":{\"@id\":\"https:\\\/\\\/www.yucatanencorto.com\\\/noticias\\\/#\\\/schema\\\/person\\\/e2fbdfaf30a07014a43940ce989f3119\"},\"breadcrumb\":{\"@id\":\"https:\\\/\\\/www.yucatanencorto.com\\\/noticias\\\/renan-barrera-conquista-el-oriente-del-estado\\\/#breadcrumb\"},\"inLanguage\":\"es\",\"potentialAction\":[{\"@type\":\"ReadAction\",\"target\":[\"https:\\\/\\\/www.yucatanencorto.com\\\/noticias\\\/renan-barrera-conquista-el-oriente-del-estado\\\/\"]}]},{\"@type\":\"ImageObject\",\"inLanguage\":\"es\",\"@id\":\"https:\\\/\\\/www.yucatanencorto.com\\\/noticias\\\/renan-barrera-conquista-el-oriente-del-estado\\\/#primaryimage\",\"url\":\"https:\\\/\\\/www.yucatanencorto.com\\\/noticias\\\/wp-content\\\/uploads\\\/2023\\\/12\\\/IMG-20231221-WA0053-scaled.jpg\",\"contentUrl\":\"https:\\\/\\\/www.yucatanencorto.com\\\/noticias\\\/wp-content\\\/uploads\\\/2023\\\/12\\\/IMG-20231221-WA0053-scaled.jpg\",\"width\":768,\"height\":512},{\"@type\":\"BreadcrumbList\",\"@id\":\"https:\\\/\\\/www.yucatanencorto.com\\\/noticias\\\/renan-barrera-conquista-el-oriente-del-estado\\\/#breadcrumb\",\"itemListElement\":[{\"@type\":\"ListItem\",\"position\":1,\"name\":\"Portada\",\"item\":\"https:\\\/\\\/www.yucatanencorto.com\\\/noticias\\\/\"},{\"@type\":\"ListItem\",\"position\":2,\"name\":\"Ren\u00e1n Barrera conquista el oriente del Estado\u00a0\"}]},{\"@type\":\"WebSite\",\"@id\":\"https:\\\/\\\/www.yucatanencorto.com\\\/noticias\\\/#website\",\"url\":\"https:\\\/\\\/www.yucatanencorto.com\\\/noticias\\\/\",\"name\":\"Yucat\u00e1n en corto\",\"description\":\"Noticias\",\"potentialAction\":[{\"@type\":\"SearchAction\",\"target\":{\"@type\":\"EntryPoint\",\"urlTemplate\":\"https:\\\/\\\/www.yucatanencorto.com\\\/noticias\\\/?s={search_term_string}\"},\"query-input\":{\"@type\":\"PropertyValueSpecification\",\"valueRequired\":true,\"valueName\":\"search_term_string\"}}],\"inLanguage\":\"es\"},{\"@type\":\"Person\",\"@id\":\"https:\\\/\\\/www.yucatanencorto.com\\\/noticias\\\/#\\\/schema\\\/person\\\/e2fbdfaf30a07014a43940ce989f3119\",\"name\":\"Redes\",\"image\":{\"@type\":\"ImageObject\",\"inLanguage\":\"es\",\"@id\":\"https:\\\/\\\/secure.gravatar.com\\\/avatar\\\/5931a2d21dd7cc834f44c8c34fe56d90ed6d536ef452cbf870c7485b524dddd7?s=96&d=mm&r=g\",\"url\":\"https:\\\/\\\/secure.gravatar.com\\\/avatar\\\/5931a2d21dd7cc834f44c8c34fe56d90ed6d536ef452cbf870c7485b524dddd7?s=96&d=mm&r=g\",\"contentUrl\":\"https:\\\/\\\/secure.gravatar.com\\\/avatar\\\/5931a2d21dd7cc834f44c8c34fe56d90ed6d536ef452cbf870c7485b524dddd7?s=96&d=mm&r=g\",\"caption\":\"Redes\"},\"url\":\"https:\\\/\\\/www.yucatanencorto.com\\\/noticias\\\/author\\\/redes\\\/\"}]}<\/script>\n<!-- \/ Yoast SEO plugin. -->","yoast_head_json":{"title":"Ren\u00e1n Barrera conquista el oriente del Estado\u00a0 - Yucat\u00e1n en corto","robots":{"index":"index","follow":"follow","max-snippet":"max-snippet:-1","max-image-preview":"max-image-preview:large","max-video-preview":"max-video-preview:-1"},"canonical":"https:\/\/www.yucatanencorto.com\/noticias\/renan-barrera-conquista-el-oriente-del-estado\/","og_locale":"es_ES","og_type":"article","og_title":"Ren\u00e1n Barrera conquista el oriente del Estado\u00a0 - Yucat\u00e1n en corto","og_description":"Tizim\u00edn, Yucat\u00e1n a 21 de diciembre de 2023.- \u201cCon la unidad que prevalece en Tizim\u00edn, m\u00e1s cuando la defensa de Yucat\u00e1n est\u00e1 de por medio, nos sabemos poner de acuerdo y formar equipos plurales y fuertes\u201d, asegur\u00f3 el coordinador del Equipo Yucat\u00e1n por el Partido Acci\u00f3n Nacional (PAN), Ren\u00e1n Barrera Concha, ante cientos de militantes [&hellip;]","og_url":"https:\/\/www.yucatanencorto.com\/noticias\/renan-barrera-conquista-el-oriente-del-estado\/","og_site_name":"Yucat\u00e1n en corto","article_publisher":"http:\/\/www.facebook.com\/yucatanencorto","article_published_time":"2023-12-22T01:12:06+00:00","og_image":[{"width":768,"height":512,"url":"https:\/\/www.yucatanencorto.com\/noticias\/wp-content\/uploads\/2023\/12\/IMG-20231221-WA0053-scaled.jpg","type":"image\/jpeg"}],"author":"Redes","twitter_card":"summary_large_image","twitter_creator":"@yucatanencorto","twitter_site":"@yucatanencorto","twitter_misc":{"Escrito por":"Redes","Tiempo de lectura":"3 minutos"},"schema":{"@context":"https:\/\/schema.org","@graph":[{"@type":"Article","@id":"https:\/\/www.yucatanencorto.com\/noticias\/renan-barrera-conquista-el-oriente-del-estado\/#article","isPartOf":{"@id":"https:\/\/www.yucatanencorto.com\/noticias\/renan-barrera-conquista-el-oriente-del-estado\/"},"author":{"name":"Redes","@id":"https:\/\/www.yucatanencorto.com\/noticias\/#\/schema\/person\/e2fbdfaf30a07014a43940ce989f3119"},"headline":"Ren\u00e1n Barrera conquista el oriente del Estado\u00a0","datePublished":"2023-12-22T01:12:06+00:00","mainEntityOfPage":{"@id":"https:\/\/www.yucatanencorto.com\/noticias\/renan-barrera-conquista-el-oriente-del-estado\/"},"wordCount":545,"image":{"@id":"https:\/\/www.yucatanencorto.com\/noticias\/renan-barrera-conquista-el-oriente-del-estado\/#primaryimage"},"thumbnailUrl":"https:\/\/www.yucatanencorto.com\/noticias\/wp-content\/uploads\/2023\/12\/IMG-20231221-WA0053-scaled.jpg","articleSection":["Yucat\u00e1n"],"inLanguage":"es"},{"@type":"WebPage","@id":"https:\/\/www.yucatanencorto.com\/noticias\/renan-barrera-conquista-el-oriente-del-estado\/","url":"https:\/\/www.yucatanencorto.com\/noticias\/renan-barrera-conquista-el-oriente-del-estado\/","name":"Ren\u00e1n Barrera conquista el oriente del Estado\u00a0 - Yucat\u00e1n en corto","isPartOf":{"@id":"https:\/\/www.yucatanencorto.com\/noticias\/#website"},"primaryImageOfPage":{"@id":"https:\/\/www.yucatanencorto.com\/noticias\/renan-barrera-conquista-el-oriente-del-estado\/#primaryimage"},"image":{"@id":"https:\/\/www.yucatanencorto.com\/noticias\/renan-barrera-conquista-el-oriente-del-estado\/#primaryimage"},"thumbnailUrl":"https:\/\/www.yucatanencorto.com\/noticias\/wp-content\/uploads\/2023\/12\/IMG-20231221-WA0053-scaled.jpg","datePublished":"2023-12-22T01:12:06+00:00","author":{"@id":"https:\/\/www.yucatanencorto.com\/noticias\/#\/schema\/person\/e2fbdfaf30a07014a43940ce989f3119"},"breadcrumb":{"@id":"https:\/\/www.yucatanencorto.com\/noticias\/renan-barrera-conquista-el-oriente-del-estado\/#breadcrumb"},"inLanguage":"es","potentialAction":[{"@type":"ReadAction","target":["https:\/\/www.yucatanencorto.com\/noticias\/renan-barrera-conquista-el-oriente-del-estado\/"]}]},{"@type":"ImageObject","inLanguage":"es","@id":"https:\/\/www.yucatanencorto.com\/noticias\/renan-barrera-conquista-el-oriente-del-estado\/#primaryimage","url":"https:\/\/www.yucatanencorto.com\/noticias\/wp-content\/uploads\/2023\/12\/IMG-20231221-WA0053-scaled.jpg","contentUrl":"https:\/\/www.yucatanencorto.com\/noticias\/wp-content\/uploads\/2023\/12\/IMG-20231221-WA0053-scaled.jpg","width":768,"height":512},{"@type":"BreadcrumbList","@id":"https:\/\/www.yucatanencorto.com\/noticias\/renan-barrera-conquista-el-oriente-del-estado\/#breadcrumb","itemListElement":[{"@type":"ListItem","position":1,"name":"Portada","item":"https:\/\/www.yucatanencorto.com\/noticias\/"},{"@type":"ListItem","position":2,"name":"Ren\u00e1n Barrera conquista el oriente del Estado\u00a0"}]},{"@type":"WebSite","@id":"https:\/\/www.yucatanencorto.com\/noticias\/#website","url":"https:\/\/www.yucatanencorto.com\/noticias\/","name":"Yucat\u00e1n en corto","description":"Noticias","potentialAction":[{"@type":"SearchAction","target":{"@type":"EntryPoint","urlTemplate":"https:\/\/www.yucatanencorto.com\/noticias\/?s={search_term_string}"},"query-input":{"@type":"PropertyValueSpecification","valueRequired":true,"valueName":"search_term_string"}}],"inLanguage":"es"},{"@type":"Person","@id":"https:\/\/www.yucatanencorto.com\/noticias\/#\/schema\/person\/e2fbdfaf30a07014a43940ce989f3119","name":"Redes","image":{"@type":"ImageObject","inLanguage":"es","@id":"https:\/\/secure.gravatar.com\/avatar\/5931a2d21dd7cc834f44c8c34fe56d90ed6d536ef452cbf870c7485b524dddd7?s=96&d=mm&r=g","url":"https:\/\/secure.gravatar.com\/avatar\/5931a2d21dd7cc834f44c8c34fe56d90ed6d536ef452cbf870c7485b524dddd7?s=96&d=mm&r=g","contentUrl":"https:\/\/secure.gravatar.com\/avatar\/5931a2d21dd7cc834f44c8c34fe56d90ed6d536ef452cbf870c7485b524dddd7?s=96&d=mm&r=g","caption":"Redes"},"url":"https:\/\/www.yucatanencorto.com\/noticias\/author\/redes\/"}]}},"_links":{"self":[{"href":"https:\/\/www.yucatanencorto.com\/noticias\/wp-json\/wp\/v2\/posts\/101609","targetHints":{"allow":["GET"]}}],"collection":[{"href":"https:\/\/www.yucatanencorto.com\/noticias\/wp-json\/wp\/v2\/posts"}],"about":[{"href":"https:\/\/www.yucatanencorto.com\/noticias\/wp-json\/wp\/v2\/types\/post"}],"author":[{"embeddable":true,"href":"https:\/\/www.yucatanencorto.com\/noticias\/wp-json\/wp\/v2\/users\/3"}],"replies":[{"embeddable":true,"href":"https:\/\/www.yucatanencorto.com\/noticias\/wp-json\/wp\/v2\/comments?post=101609"}],"version-history":[{"count":0,"href":"https:\/\/www.yucatanencorto.com\/noticias\/wp-json\/wp\/v2\/posts\/101609\/revisions"}],"wp:featuredmedia":[{"embeddable":true,"href":"https:\/\/www.yucatanencorto.com\/noticias\/wp-json\/wp\/v2\/media\/101610"}],"wp:attachment":[{"href":"https:\/\/www.yucatanencorto.com\/noticias\/wp-json\/wp\/v2\/media?parent=101609"}],"wp:term":[{"taxonomy":"category","embeddable":true,"href":"https:\/\/www.yucatanencorto.com\/noticias\/wp-json\/wp\/v2\/categories?post=101609"},{"taxonomy":"post_tag","embeddable":true,"href":"https:\/\/www.yucatanencorto.com\/noticias\/wp-json\/wp\/v2\/tags?post=101609"}],"curies":[{"name":"wp","href":"https:\/\/api.w.org\/{rel}","templated":true}]}}