{"id":101612,"date":"2023-12-21T19:56:50","date_gmt":"2023-12-22T01:56:50","guid":{"rendered":"https:\/\/www.yucatanencorto.com\/noticias\/?p=101612"},"modified":"2023-12-21T19:56:50","modified_gmt":"2023-12-22T01:56:50","slug":"reconocen-la-eficiente-labor-de-la-policia-municipal-de-merida","status":"publish","type":"post","link":"https:\/\/www.yucatanencorto.com\/noticias\/reconocen-la-eficiente-labor-de-la-policia-municipal-de-merida\/","title":{"rendered":"Reconocen la eficiente labor de la Polic\u00eda Municipal de M\u00e9rida"},"content":{"rendered":"<p style=\"text-align: left;\">\n<p style=\"text-align: left;\">M\u00e9rida, Yucat\u00e1n, 21 de diciembre de 2023.- Gra<img loading=\"lazy\" decoding=\"async\" class=\"alignnone size-full wp-image-101613\" src=\"https:\/\/www.yucatanencorto.com\/noticias\/wp-content\/uploads\/2023\/12\/IMG-20231221-WA0054-scaled.jpg\" alt=\"\" width=\"768\" height=\"512\" srcset=\"https:\/\/www.yucatanencorto.com\/noticias\/wp-content\/uploads\/2023\/12\/IMG-20231221-WA0054-scaled.jpg 768w, https:\/\/www.yucatanencorto.com\/noticias\/wp-content\/uploads\/2023\/12\/IMG-20231221-WA0054-150x100.jpg 150w, https:\/\/www.yucatanencorto.com\/noticias\/wp-content\/uploads\/2023\/12\/IMG-20231221-WA0054-300x200.jpg 300w, https:\/\/www.yucatanencorto.com\/noticias\/wp-content\/uploads\/2023\/12\/IMG-20231221-WA0054-696x464.jpg 696w, https:\/\/www.yucatanencorto.com\/noticias\/wp-content\/uploads\/2023\/12\/IMG-20231221-WA0054-1068x712.jpg 1068w\" sizes=\"auto, (max-width: 768px) 100vw, 768px\" \/>cias al desempe\u00f1o de la Polic\u00eda Municipal somos una ciudad que se destaca en todo M\u00e9xico por la coordinaci\u00f3n entre sus autoridades policiacas que la hacen una de las m\u00e1s seguras y disfrutables del pa\u00eds, dijo el Alcalde Alejandro Ruz Castro en su participaci\u00f3n durante el festejo de la tradicional posada navide\u00f1a en honor al personal administrativo y operativo de la corporaci\u00f3n.<\/p>\n<p style=\"text-align: left;\">\u201cM\u00e9rida sobresale a nivel nacional y mundial precisamente por su seguridad, y la seguridad es gracias al trabajo de cada una y uno de ustedes que velan por el bienestar de las familias, su integridad f\u00edsica y su patrimonio\u201d, continu\u00f3.<\/p>\n<p style=\"text-align: left;\">\u201cHoy aprovecho esta ocasi\u00f3n para reconocerles y agradecerles todo el trabajo que realizan por nuestra ciudad y para que M\u00e9rida se mantenga con esos altos est\u00e1ndares de calidad de vida\u201d, agreg\u00f3.<\/p>\n<p style=\"text-align: left;\">Durante el convivio, que se realiz\u00f3 en el sal\u00f3n de eventos \u201cSalim Abraham D\u00e1guer\u201d de la CANACO SERVyTUR M\u00e9rida, el Presidente Municipal manifest\u00f3 que la seguridad que la corporaci\u00f3n polic\u00edaca brinda, permite que M\u00e9rida siga con su desarrollo al seguir creciendo como una comunidad con inversiones, turismo, empleos y, sobre todo, con justicia social.<\/p>\n<p style=\"text-align: left;\">\u201cComo Alcalde, voy a poner mi mejor esfuerzo para seguir manteniendo a esta ciudad como lo que es hoy. Una ciudad que gracias a su seguridad se ha vuelto atractiva para la inversi\u00f3n nacional y extranjera, lo que permite que sigamos mejorando, y ustedes polic\u00edas municipales son parte fundamental de este gran logro\u201d, se\u00f1al\u00f3.<\/p>\n<p style=\"text-align: left;\">El Comandante Mario Arturo Romero Escalante, director de la corporaci\u00f3n, reconoci\u00f3 la entrega y dedicaci\u00f3n de las y los elementos que la integran, la comprensi\u00f3n de sus familias y el apoyo que han recibido por parte de las autoridades municipales al dotarlos de las herramientas necesarias para que puedan ejecutar de manera correcta sus labores.<\/p>\n<p style=\"text-align: left;\">De igual manera llam\u00f3 a las y los oficiales de seguridad a esforzarse durante estas \u00faltimas semanas del a\u00f1o para repetir el saldo blanco que se obtuvo en el 2022 con el Operativo Decembrino, el cual concluye la primera semana del mes de enero de 2024.<\/p>\n<p style=\"text-align: left;\">\u201cSabemos que se vienen d\u00edas muy complejos, porque tenemos que hacer una operaci\u00f3n integral para brindarle seguridad a las familias de M\u00e9rida, as\u00ed como al turismo nacional y extranjero\u201d, manifest\u00f3.<\/p>\n<p style=\"text-align: left;\">A fin de continuar garantizando la seguridad del primer cuadro de la ciudad, agreg\u00f3 el comandante, se incluir\u00e1n recorridos a pie por la zona comercial y bancaria, mercados y \u00e1rea de paraderos, adem\u00e1s habr\u00e1 rondines en veh\u00edculos para detectar las \u00e1reas con mayor tr\u00e1nsito vehicular para aplicar dispositivos viales que agilicen la circulaci\u00f3n.<\/p>\n<p style=\"text-align: left;\">Adicionalmente, en los paraderos de autobuses urbanos y en los mercados \u201cLucas de G\u00e1lvez\u201d y \u201cSan Benito\u201d intervendr\u00e1n los oficiales K9 de la Unidad Canina de la Polic\u00eda Municipal para detectar sustancias il\u00edcitas.<\/p>\n<p style=\"text-align: left;\">Mediante el uso del equipo del Dron se realizar\u00e1n mapeos a\u00e9reos a fin de detectar los puntos de mayor aforo de personas, y en d\u00f3nde existe una mayor carga vehicular, para destinar elementos policiales que refuercen dichas zonas.<\/p>\n<p style=\"text-align: left;\">Se instalar\u00e1 una base con elementos policiales y param\u00e9dicos en el parque Eulogio Rosado, y se tendr\u00e1 vigilancia especial en las terminales de autobuses for\u00e1neos CAME y TAME para atender cualquier emergencia.<\/p>\n<p style=\"text-align: left;\">Para finalizar Ruz Castro, acompa\u00f1ado de Celia Rivas Rodr\u00edguez, regidora presidenta de la Comisi\u00f3n de Seguridad P\u00fablica y Tr\u00e1nsito; Benjam\u00edn Millet Molina, secretario t\u00e9cnico del Programa Guardaparques; Carlos Loria Rodr\u00edguez, subdirector general operativo de la Polic\u00eda Municipal de M\u00e9rida e Isela Gamboa Berdugo, subdirectora de \u00c1reas de Apoyo, reiter\u00f3 su compromiso con la poblaci\u00f3n meridana de continuar trabajando, junto con el apoyo de la Polic\u00eda Municipal, para construir la mejor M\u00e9rida de la historia.<\/p>\n","protected":false},"excerpt":{"rendered":"<p>M\u00e9rida, Yucat\u00e1n, 21 de diciembre de 2023.- Gracias al desempe\u00f1o de la Polic\u00eda Municipal somos una ciudad que se destaca en todo M\u00e9xico por la coordinaci\u00f3n entre sus autoridades policiacas que la hacen una de las m\u00e1s seguras y disfrutables del pa\u00eds, dijo el Alcalde Alejandro Ruz Castro en su participaci\u00f3n durante el festejo de [&hellip;]<\/p>\n","protected":false},"author":3,"featured_media":101613,"comment_status":"closed","ping_status":"closed","sticky":false,"template":"","format":"standard","meta":{"footnotes":""},"categories":[3],"tags":[],"class_list":{"0":"post-101612","1":"post","2":"type-post","3":"status-publish","4":"format-standard","5":"has-post-thumbnail","7":"category-yucatan"},"yoast_head":"<!-- This site is optimized with the Yoast SEO plugin v27.4 - https:\/\/yoast.com\/product\/yoast-seo-wordpress\/ -->\n<title>Reconocen la eficiente labor de la Polic\u00eda Municipal de M\u00e9rida - Yucat\u00e1n en corto<\/title>\n<meta name=\"robots\" content=\"index, follow, max-snippet:-1, max-image-preview:large, max-video-preview:-1\" \/>\n<link rel=\"canonical\" href=\"https:\/\/www.yucatanencorto.com\/noticias\/reconocen-la-eficiente-labor-de-la-policia-municipal-de-merida\/\" \/>\n<meta property=\"og:locale\" content=\"es_ES\" \/>\n<meta property=\"og:type\" content=\"article\" \/>\n<meta property=\"og:title\" content=\"Reconocen la eficiente labor de la Polic\u00eda Municipal de M\u00e9rida - Yucat\u00e1n en corto\" \/>\n<meta property=\"og:description\" content=\"M\u00e9rida, Yucat\u00e1n, 21 de diciembre de 2023.- Gracias al desempe\u00f1o de la Polic\u00eda Municipal somos una ciudad que se destaca en todo M\u00e9xico por la coordinaci\u00f3n entre sus autoridades policiacas que la hacen una de las m\u00e1s seguras y disfrutables del pa\u00eds, dijo el Alcalde Alejandro Ruz Castro en su participaci\u00f3n durante el festejo de [&hellip;]\" \/>\n<meta property=\"og:url\" content=\"https:\/\/www.yucatanencorto.com\/noticias\/reconocen-la-eficiente-labor-de-la-policia-municipal-de-merida\/\" \/>\n<meta property=\"og:site_name\" content=\"Yucat\u00e1n en corto\" \/>\n<meta property=\"article:publisher\" content=\"http:\/\/www.facebook.com\/yucatanencorto\" \/>\n<meta property=\"article:published_time\" content=\"2023-12-22T01:56:50+00:00\" \/>\n<meta property=\"og:image\" content=\"https:\/\/www.yucatanencorto.com\/noticias\/wp-content\/uploads\/2023\/12\/IMG-20231221-WA0054-scaled.jpg\" \/>\n\t<meta property=\"og:image:width\" content=\"768\" \/>\n\t<meta property=\"og:image:height\" content=\"512\" \/>\n\t<meta property=\"og:image:type\" content=\"image\/jpeg\" \/>\n<meta name=\"author\" content=\"Redes\" \/>\n<meta name=\"twitter:card\" content=\"summary_large_image\" \/>\n<meta name=\"twitter:creator\" content=\"@yucatanencorto\" \/>\n<meta name=\"twitter:site\" content=\"@yucatanencorto\" \/>\n<meta name=\"twitter:label1\" content=\"Escrito por\" \/>\n\t<meta name=\"twitter:data1\" content=\"Redes\" \/>\n\t<meta name=\"twitter:label2\" content=\"Tiempo de lectura\" \/>\n\t<meta name=\"twitter:data2\" content=\"3 minutos\" \/>\n<script type=\"application\/ld+json\" class=\"yoast-schema-graph\">{\"@context\":\"https:\\\/\\\/schema.org\",\"@graph\":[{\"@type\":\"Article\",\"@id\":\"https:\\\/\\\/www.yucatanencorto.com\\\/noticias\\\/reconocen-la-eficiente-labor-de-la-policia-municipal-de-merida\\\/#article\",\"isPartOf\":{\"@id\":\"https:\\\/\\\/www.yucatanencorto.com\\\/noticias\\\/reconocen-la-eficiente-labor-de-la-policia-municipal-de-merida\\\/\"},\"author\":{\"name\":\"Redes\",\"@id\":\"https:\\\/\\\/www.yucatanencorto.com\\\/noticias\\\/#\\\/schema\\\/person\\\/e2fbdfaf30a07014a43940ce989f3119\"},\"headline\":\"Reconocen la eficiente labor de la Polic\u00eda Municipal de M\u00e9rida\",\"datePublished\":\"2023-12-22T01:56:50+00:00\",\"mainEntityOfPage\":{\"@id\":\"https:\\\/\\\/www.yucatanencorto.com\\\/noticias\\\/reconocen-la-eficiente-labor-de-la-policia-municipal-de-merida\\\/\"},\"wordCount\":677,\"image\":{\"@id\":\"https:\\\/\\\/www.yucatanencorto.com\\\/noticias\\\/reconocen-la-eficiente-labor-de-la-policia-municipal-de-merida\\\/#primaryimage\"},\"thumbnailUrl\":\"https:\\\/\\\/www.yucatanencorto.com\\\/noticias\\\/wp-content\\\/uploads\\\/2023\\\/12\\\/IMG-20231221-WA0054-scaled.jpg\",\"articleSection\":[\"Yucat\u00e1n\"],\"inLanguage\":\"es\"},{\"@type\":\"WebPage\",\"@id\":\"https:\\\/\\\/www.yucatanencorto.com\\\/noticias\\\/reconocen-la-eficiente-labor-de-la-policia-municipal-de-merida\\\/\",\"url\":\"https:\\\/\\\/www.yucatanencorto.com\\\/noticias\\\/reconocen-la-eficiente-labor-de-la-policia-municipal-de-merida\\\/\",\"name\":\"Reconocen la eficiente labor de la Polic\u00eda Municipal de M\u00e9rida - Yucat\u00e1n en corto\",\"isPartOf\":{\"@id\":\"https:\\\/\\\/www.yucatanencorto.com\\\/noticias\\\/#website\"},\"primaryImageOfPage\":{\"@id\":\"https:\\\/\\\/www.yucatanencorto.com\\\/noticias\\\/reconocen-la-eficiente-labor-de-la-policia-municipal-de-merida\\\/#primaryimage\"},\"image\":{\"@id\":\"https:\\\/\\\/www.yucatanencorto.com\\\/noticias\\\/reconocen-la-eficiente-labor-de-la-policia-municipal-de-merida\\\/#primaryimage\"},\"thumbnailUrl\":\"https:\\\/\\\/www.yucatanencorto.com\\\/noticias\\\/wp-content\\\/uploads\\\/2023\\\/12\\\/IMG-20231221-WA0054-scaled.jpg\",\"datePublished\":\"2023-12-22T01:56:50+00:00\",\"author\":{\"@id\":\"https:\\\/\\\/www.yucatanencorto.com\\\/noticias\\\/#\\\/schema\\\/person\\\/e2fbdfaf30a07014a43940ce989f3119\"},\"breadcrumb\":{\"@id\":\"https:\\\/\\\/www.yucatanencorto.com\\\/noticias\\\/reconocen-la-eficiente-labor-de-la-policia-municipal-de-merida\\\/#breadcrumb\"},\"inLanguage\":\"es\",\"potentialAction\":[{\"@type\":\"ReadAction\",\"target\":[\"https:\\\/\\\/www.yucatanencorto.com\\\/noticias\\\/reconocen-la-eficiente-labor-de-la-policia-municipal-de-merida\\\/\"]}]},{\"@type\":\"ImageObject\",\"inLanguage\":\"es\",\"@id\":\"https:\\\/\\\/www.yucatanencorto.com\\\/noticias\\\/reconocen-la-eficiente-labor-de-la-policia-municipal-de-merida\\\/#primaryimage\",\"url\":\"https:\\\/\\\/www.yucatanencorto.com\\\/noticias\\\/wp-content\\\/uploads\\\/2023\\\/12\\\/IMG-20231221-WA0054-scaled.jpg\",\"contentUrl\":\"https:\\\/\\\/www.yucatanencorto.com\\\/noticias\\\/wp-content\\\/uploads\\\/2023\\\/12\\\/IMG-20231221-WA0054-scaled.jpg\",\"width\":768,\"height\":512},{\"@type\":\"BreadcrumbList\",\"@id\":\"https:\\\/\\\/www.yucatanencorto.com\\\/noticias\\\/reconocen-la-eficiente-labor-de-la-policia-municipal-de-merida\\\/#breadcrumb\",\"itemListElement\":[{\"@type\":\"ListItem\",\"position\":1,\"name\":\"Portada\",\"item\":\"https:\\\/\\\/www.yucatanencorto.com\\\/noticias\\\/\"},{\"@type\":\"ListItem\",\"position\":2,\"name\":\"Reconocen la eficiente labor de la Polic\u00eda Municipal de M\u00e9rida\"}]},{\"@type\":\"WebSite\",\"@id\":\"https:\\\/\\\/www.yucatanencorto.com\\\/noticias\\\/#website\",\"url\":\"https:\\\/\\\/www.yucatanencorto.com\\\/noticias\\\/\",\"name\":\"Yucat\u00e1n en corto\",\"description\":\"Noticias\",\"potentialAction\":[{\"@type\":\"SearchAction\",\"target\":{\"@type\":\"EntryPoint\",\"urlTemplate\":\"https:\\\/\\\/www.yucatanencorto.com\\\/noticias\\\/?s={search_term_string}\"},\"query-input\":{\"@type\":\"PropertyValueSpecification\",\"valueRequired\":true,\"valueName\":\"search_term_string\"}}],\"inLanguage\":\"es\"},{\"@type\":\"Person\",\"@id\":\"https:\\\/\\\/www.yucatanencorto.com\\\/noticias\\\/#\\\/schema\\\/person\\\/e2fbdfaf30a07014a43940ce989f3119\",\"name\":\"Redes\",\"image\":{\"@type\":\"ImageObject\",\"inLanguage\":\"es\",\"@id\":\"https:\\\/\\\/secure.gravatar.com\\\/avatar\\\/5931a2d21dd7cc834f44c8c34fe56d90ed6d536ef452cbf870c7485b524dddd7?s=96&d=mm&r=g\",\"url\":\"https:\\\/\\\/secure.gravatar.com\\\/avatar\\\/5931a2d21dd7cc834f44c8c34fe56d90ed6d536ef452cbf870c7485b524dddd7?s=96&d=mm&r=g\",\"contentUrl\":\"https:\\\/\\\/secure.gravatar.com\\\/avatar\\\/5931a2d21dd7cc834f44c8c34fe56d90ed6d536ef452cbf870c7485b524dddd7?s=96&d=mm&r=g\",\"caption\":\"Redes\"},\"url\":\"https:\\\/\\\/www.yucatanencorto.com\\\/noticias\\\/author\\\/redes\\\/\"}]}<\/script>\n<!-- \/ Yoast SEO plugin. -->","yoast_head_json":{"title":"Reconocen la eficiente labor de la Polic\u00eda Municipal de M\u00e9rida - Yucat\u00e1n en corto","robots":{"index":"index","follow":"follow","max-snippet":"max-snippet:-1","max-image-preview":"max-image-preview:large","max-video-preview":"max-video-preview:-1"},"canonical":"https:\/\/www.yucatanencorto.com\/noticias\/reconocen-la-eficiente-labor-de-la-policia-municipal-de-merida\/","og_locale":"es_ES","og_type":"article","og_title":"Reconocen la eficiente labor de la Polic\u00eda Municipal de M\u00e9rida - Yucat\u00e1n en corto","og_description":"M\u00e9rida, Yucat\u00e1n, 21 de diciembre de 2023.- Gracias al desempe\u00f1o de la Polic\u00eda Municipal somos una ciudad que se destaca en todo M\u00e9xico por la coordinaci\u00f3n entre sus autoridades policiacas que la hacen una de las m\u00e1s seguras y disfrutables del pa\u00eds, dijo el Alcalde Alejandro Ruz Castro en su participaci\u00f3n durante el festejo de [&hellip;]","og_url":"https:\/\/www.yucatanencorto.com\/noticias\/reconocen-la-eficiente-labor-de-la-policia-municipal-de-merida\/","og_site_name":"Yucat\u00e1n en corto","article_publisher":"http:\/\/www.facebook.com\/yucatanencorto","article_published_time":"2023-12-22T01:56:50+00:00","og_image":[{"width":768,"height":512,"url":"https:\/\/www.yucatanencorto.com\/noticias\/wp-content\/uploads\/2023\/12\/IMG-20231221-WA0054-scaled.jpg","type":"image\/jpeg"}],"author":"Redes","twitter_card":"summary_large_image","twitter_creator":"@yucatanencorto","twitter_site":"@yucatanencorto","twitter_misc":{"Escrito por":"Redes","Tiempo de lectura":"3 minutos"},"schema":{"@context":"https:\/\/schema.org","@graph":[{"@type":"Article","@id":"https:\/\/www.yucatanencorto.com\/noticias\/reconocen-la-eficiente-labor-de-la-policia-municipal-de-merida\/#article","isPartOf":{"@id":"https:\/\/www.yucatanencorto.com\/noticias\/reconocen-la-eficiente-labor-de-la-policia-municipal-de-merida\/"},"author":{"name":"Redes","@id":"https:\/\/www.yucatanencorto.com\/noticias\/#\/schema\/person\/e2fbdfaf30a07014a43940ce989f3119"},"headline":"Reconocen la eficiente labor de la Polic\u00eda Municipal de M\u00e9rida","datePublished":"2023-12-22T01:56:50+00:00","mainEntityOfPage":{"@id":"https:\/\/www.yucatanencorto.com\/noticias\/reconocen-la-eficiente-labor-de-la-policia-municipal-de-merida\/"},"wordCount":677,"image":{"@id":"https:\/\/www.yucatanencorto.com\/noticias\/reconocen-la-eficiente-labor-de-la-policia-municipal-de-merida\/#primaryimage"},"thumbnailUrl":"https:\/\/www.yucatanencorto.com\/noticias\/wp-content\/uploads\/2023\/12\/IMG-20231221-WA0054-scaled.jpg","articleSection":["Yucat\u00e1n"],"inLanguage":"es"},{"@type":"WebPage","@id":"https:\/\/www.yucatanencorto.com\/noticias\/reconocen-la-eficiente-labor-de-la-policia-municipal-de-merida\/","url":"https:\/\/www.yucatanencorto.com\/noticias\/reconocen-la-eficiente-labor-de-la-policia-municipal-de-merida\/","name":"Reconocen la eficiente labor de la Polic\u00eda Municipal de M\u00e9rida - Yucat\u00e1n en corto","isPartOf":{"@id":"https:\/\/www.yucatanencorto.com\/noticias\/#website"},"primaryImageOfPage":{"@id":"https:\/\/www.yucatanencorto.com\/noticias\/reconocen-la-eficiente-labor-de-la-policia-municipal-de-merida\/#primaryimage"},"image":{"@id":"https:\/\/www.yucatanencorto.com\/noticias\/reconocen-la-eficiente-labor-de-la-policia-municipal-de-merida\/#primaryimage"},"thumbnailUrl":"https:\/\/www.yucatanencorto.com\/noticias\/wp-content\/uploads\/2023\/12\/IMG-20231221-WA0054-scaled.jpg","datePublished":"2023-12-22T01:56:50+00:00","author":{"@id":"https:\/\/www.yucatanencorto.com\/noticias\/#\/schema\/person\/e2fbdfaf30a07014a43940ce989f3119"},"breadcrumb":{"@id":"https:\/\/www.yucatanencorto.com\/noticias\/reconocen-la-eficiente-labor-de-la-policia-municipal-de-merida\/#breadcrumb"},"inLanguage":"es","potentialAction":[{"@type":"ReadAction","target":["https:\/\/www.yucatanencorto.com\/noticias\/reconocen-la-eficiente-labor-de-la-policia-municipal-de-merida\/"]}]},{"@type":"ImageObject","inLanguage":"es","@id":"https:\/\/www.yucatanencorto.com\/noticias\/reconocen-la-eficiente-labor-de-la-policia-municipal-de-merida\/#primaryimage","url":"https:\/\/www.yucatanencorto.com\/noticias\/wp-content\/uploads\/2023\/12\/IMG-20231221-WA0054-scaled.jpg","contentUrl":"https:\/\/www.yucatanencorto.com\/noticias\/wp-content\/uploads\/2023\/12\/IMG-20231221-WA0054-scaled.jpg","width":768,"height":512},{"@type":"BreadcrumbList","@id":"https:\/\/www.yucatanencorto.com\/noticias\/reconocen-la-eficiente-labor-de-la-policia-municipal-de-merida\/#breadcrumb","itemListElement":[{"@type":"ListItem","position":1,"name":"Portada","item":"https:\/\/www.yucatanencorto.com\/noticias\/"},{"@type":"ListItem","position":2,"name":"Reconocen la eficiente labor de la Polic\u00eda Municipal de M\u00e9rida"}]},{"@type":"WebSite","@id":"https:\/\/www.yucatanencorto.com\/noticias\/#website","url":"https:\/\/www.yucatanencorto.com\/noticias\/","name":"Yucat\u00e1n en corto","description":"Noticias","potentialAction":[{"@type":"SearchAction","target":{"@type":"EntryPoint","urlTemplate":"https:\/\/www.yucatanencorto.com\/noticias\/?s={search_term_string}"},"query-input":{"@type":"PropertyValueSpecification","valueRequired":true,"valueName":"search_term_string"}}],"inLanguage":"es"},{"@type":"Person","@id":"https:\/\/www.yucatanencorto.com\/noticias\/#\/schema\/person\/e2fbdfaf30a07014a43940ce989f3119","name":"Redes","image":{"@type":"ImageObject","inLanguage":"es","@id":"https:\/\/secure.gravatar.com\/avatar\/5931a2d21dd7cc834f44c8c34fe56d90ed6d536ef452cbf870c7485b524dddd7?s=96&d=mm&r=g","url":"https:\/\/secure.gravatar.com\/avatar\/5931a2d21dd7cc834f44c8c34fe56d90ed6d536ef452cbf870c7485b524dddd7?s=96&d=mm&r=g","contentUrl":"https:\/\/secure.gravatar.com\/avatar\/5931a2d21dd7cc834f44c8c34fe56d90ed6d536ef452cbf870c7485b524dddd7?s=96&d=mm&r=g","caption":"Redes"},"url":"https:\/\/www.yucatanencorto.com\/noticias\/author\/redes\/"}]}},"_links":{"self":[{"href":"https:\/\/www.yucatanencorto.com\/noticias\/wp-json\/wp\/v2\/posts\/101612","targetHints":{"allow":["GET"]}}],"collection":[{"href":"https:\/\/www.yucatanencorto.com\/noticias\/wp-json\/wp\/v2\/posts"}],"about":[{"href":"https:\/\/www.yucatanencorto.com\/noticias\/wp-json\/wp\/v2\/types\/post"}],"author":[{"embeddable":true,"href":"https:\/\/www.yucatanencorto.com\/noticias\/wp-json\/wp\/v2\/users\/3"}],"replies":[{"embeddable":true,"href":"https:\/\/www.yucatanencorto.com\/noticias\/wp-json\/wp\/v2\/comments?post=101612"}],"version-history":[{"count":0,"href":"https:\/\/www.yucatanencorto.com\/noticias\/wp-json\/wp\/v2\/posts\/101612\/revisions"}],"wp:featuredmedia":[{"embeddable":true,"href":"https:\/\/www.yucatanencorto.com\/noticias\/wp-json\/wp\/v2\/media\/101613"}],"wp:attachment":[{"href":"https:\/\/www.yucatanencorto.com\/noticias\/wp-json\/wp\/v2\/media?parent=101612"}],"wp:term":[{"taxonomy":"category","embeddable":true,"href":"https:\/\/www.yucatanencorto.com\/noticias\/wp-json\/wp\/v2\/categories?post=101612"},{"taxonomy":"post_tag","embeddable":true,"href":"https:\/\/www.yucatanencorto.com\/noticias\/wp-json\/wp\/v2\/tags?post=101612"}],"curies":[{"name":"wp","href":"https:\/\/api.w.org\/{rel}","templated":true}]}}