{"id":101615,"date":"2023-12-21T20:01:21","date_gmt":"2023-12-22T02:01:21","guid":{"rendered":"https:\/\/www.yucatanencorto.com\/noticias\/?p=101615"},"modified":"2023-12-21T20:01:21","modified_gmt":"2023-12-22T02:01:21","slug":"ayuntamiento-abre-guardias-para-navidad-y-ano-nuevo","status":"publish","type":"post","link":"https:\/\/www.yucatanencorto.com\/noticias\/ayuntamiento-abre-guardias-para-navidad-y-ano-nuevo\/","title":{"rendered":"Ayuntamiento abre guardias para Navidad y A\u00f1o Nuevo"},"content":{"rendered":"<p><img loading=\"lazy\" decoding=\"async\" class=\"alignnone size-full wp-image-101616\" src=\"https:\/\/www.yucatanencorto.com\/noticias\/wp-content\/uploads\/2023\/12\/IMG-20231221-WA0055-scaled.jpg\" alt=\"\" width=\"768\" height=\"768\" srcset=\"https:\/\/www.yucatanencorto.com\/noticias\/wp-content\/uploads\/2023\/12\/IMG-20231221-WA0055-scaled.jpg 768w, https:\/\/www.yucatanencorto.com\/noticias\/wp-content\/uploads\/2023\/12\/IMG-20231221-WA0055-150x150.jpg 150w, https:\/\/www.yucatanencorto.com\/noticias\/wp-content\/uploads\/2023\/12\/IMG-20231221-WA0055-300x300.jpg 300w, https:\/\/www.yucatanencorto.com\/noticias\/wp-content\/uploads\/2023\/12\/IMG-20231221-WA0055-696x696.jpg 696w\" sizes=\"auto, (max-width: 768px) 100vw, 768px\" \/><\/p>\n<p>&nbsp;<\/p>\n<p>M\u00e9rida, Yucat\u00e1n, 21 de diciembre de 2023.- Con motivo de las celebraciones de Navidad y A\u00f1o Nuevo, el Ayuntamiento que encabeza Alejandro Ruz Castro mantendr\u00e1 guardias para el mantenimiento de los servicios p\u00fablicos de la ciudad y la atenci\u00f3n de los reportes ciudadanos los d\u00edas 25 de diciembre y 1 de enero del 2024.<\/p>\n<p>&nbsp;<\/p>\n<p>De esta manera, la direcci\u00f3n de Servicios P\u00fablicos Municipales inform\u00f3 que las empresas recolectoras SANA, Corbase y Pamplona, no laborar\u00e1n los d\u00edas 24, 25, 31 de diciembre y 1 de enero de 2024, sin embargo la paramunicipal Servilimpia, s\u00f3lo prestar\u00e1 servicio en el centro hist\u00f3rico, mercados y hospitales esos mismos d\u00edas.<\/p>\n<p>&nbsp;<\/p>\n<p>El servicio de recolecci\u00f3n se restablecer\u00e1 de manera normal el martes 26 de diciembre y de la misma forma, el 2 de enero del 2024.<\/p>\n<p>&nbsp;<\/p>\n<p>Asimismo, el relleno sanitario cerrar\u00e1 sus puertas los d\u00edas 24 y 31 de diciembre a las 15:00 horas y permanecer\u00e1 cerrado el 25 de diciembre y 1 de enero de 2024.<\/p>\n<p>&nbsp;<\/p>\n<p>La dependencia tambi\u00e9n inform\u00f3 que el departamento de Aseo Urbano contar\u00e1 con una guardia de 08:00 a 18:00 horas los d\u00edas 24, 25, 31 de diciembre y 1 de enero de 2024, para la recoja de animales muertos y para la recolecci\u00f3n de basura, de contenedores y limpieza de calles del Centro Hist\u00f3rico.<\/p>\n<p>&nbsp;<\/p>\n<p>En la atenci\u00f3n del alumbrado p\u00fablico, Drenaje, Parques y Jardines en el primer cuadro de la ciudad y en Paseo de Montejo donde laborar\u00e1 la cuadrilla 24\/7, esas mismas fechas se dispondr\u00e1 de brigadas por turno que laborar\u00e1n en tres guardias en el horario de 07:00 a 18:00 horas.<\/p>\n<p>&nbsp;<\/p>\n<p>Asimismo, se contar\u00e1 con una cuadrilla de cortadores y una de riego las cuales laborar\u00e1n de 07:00 a 18:00 horas.<\/p>\n<p>&nbsp;<\/p>\n<p>Zool\u00f3gicos<\/p>\n<p>&nbsp;<\/p>\n<p>Por otra parte, la Direcci\u00f3n de Servicios P\u00fablicos Municipales tambi\u00e9n inform\u00f3 que el 24 y 31 de diciembre, as\u00ed como el 1 de enero el Parque Zool\u00f3gico del Centenario estar\u00e1 abierto en el horario de las 08:00 a las 16:00 horas, mientras que el 25 de diciembre permanecer\u00e1 cerrado.<\/p>\n<p>&nbsp;<\/p>\n<p>El parque zool\u00f3gico Animaya laborar\u00e1 de 08:00 a 15:00 horas los d\u00edas 24 y 31 de diciembre y de 10:00 a 16:00 horas el 25; el 1 de enero permanecer\u00e1 cerrado.<\/p>\n<p>&nbsp;<\/p>\n<p>A su vez, el Parque de Deportes Extremos no laborar\u00e1 los d\u00edas 24, 25, 31 de diciembre y 1 de enero.<\/p>\n<p>&nbsp;<\/p>\n<p>CEMAA<\/p>\n<p>&nbsp;<\/p>\n<p>El Centro Municipal de Atenci\u00f3n Animal (CEMAA) as\u00ed como los m\u00f3dulos veterinarios detendr\u00e1n sus labores los d\u00edas 24, 25, 31 de diciembre y 1 de enero, reanudando actividades hasta el jueves 4 de enero; los Mega puntos verdes laborar\u00e1n en el horario de 10:00 a 14:00 horas los d\u00edas 24 y 31 de diciembre, mientras que el 25 de diciembre y 1 de enero permanecer\u00e1n cerrados.<\/p>\n<p>&nbsp;<\/p>\n<p>La Planta de Aguas Residuales trabajar\u00e1 en horario normal el 24 y 31 de diciembre y el 25 de diciembre y 1 de enero ser\u00e1 inh\u00e1bil.<\/p>\n<p>&nbsp;<\/p>\n<p>Los reportes pueden realizarse al 999924-40-00 de Ayuntatel o al 070.<\/p>\n<p>&nbsp;<\/p>\n<p>Transporte p\u00fablico municipal<\/p>\n<p>&nbsp;<\/p>\n<p>En materia de movilidad gratuita, el Ayuntamiento tambi\u00e9n informa que el programa de Circuito Enlace detendr\u00e1 sus servicios los d\u00edas 24, 25, y 31 de diciembre y 1 de enero; Circuito Aventura laborar\u00e1 en su horario habitual los d\u00edas 24 y 31 de diciembre y suspender\u00e1 el servicio el 25 de diciembre y 1 de enero.<\/p>\n<p>&nbsp;<\/p>\n<p>El programa En Bici seguir\u00e1 funcionando de manera normal ingresando en c\u00f3digo ENBICI12. El estacionamiento del mercado San Benito cerrar\u00e1 sus puertas los d\u00edas 25 de diciembre y 1 de enero.<\/p>\n<p>&nbsp;<\/p>\n<p>Cultura<\/p>\n<p>&nbsp;<\/p>\n<p>Por su parte la direcci\u00f3n de Cultura inform\u00f3 que la cartelera de eventos se suspender\u00e1 los d\u00edas 24, 25, 31 de diciembre y 1 de enero, asimismo, los museos y centros culturales no laborar\u00e1n esos mismos d\u00edas.<\/p>\n<p>&nbsp;<\/p>\n<p>Finalmente, los horarios para las cajas recaudadoras de la direcci\u00f3n de Finanzas y Tesorer\u00eda Municipal ubicadas en el Parque zool\u00f3gico del Centenario, las instalaciones de la Polic\u00eda Municipal y Cementerio Xocl\u00e1n, son: de 8:00 a 15:00 horas 24 y 31 dic y de 10:00 a 16:00 horas el 1 de enero para la primera; de 8:00 a 20:00 horas 24, 25, 31 de dic. y 1 enero para la segunda y de 8:00 a 17:00 horas 24, 25, 31 dic. y 1 enero para la tercera.<\/p>\n","protected":false},"excerpt":{"rendered":"<p>&nbsp; M\u00e9rida, Yucat\u00e1n, 21 de diciembre de 2023.- Con motivo de las celebraciones de Navidad y A\u00f1o Nuevo, el Ayuntamiento que encabeza Alejandro Ruz Castro mantendr\u00e1 guardias para el mantenimiento de los servicios p\u00fablicos de la ciudad y la atenci\u00f3n de los reportes ciudadanos los d\u00edas 25 de diciembre y 1 de enero del 2024. [&hellip;]<\/p>\n","protected":false},"author":3,"featured_media":101616,"comment_status":"closed","ping_status":"closed","sticky":false,"template":"","format":"standard","meta":{"footnotes":""},"categories":[3],"tags":[],"class_list":{"0":"post-101615","1":"post","2":"type-post","3":"status-publish","4":"format-standard","5":"has-post-thumbnail","7":"category-yucatan"},"yoast_head":"<!-- This site is optimized with the Yoast SEO plugin v27.4 - https:\/\/yoast.com\/product\/yoast-seo-wordpress\/ -->\n<title>Ayuntamiento abre guardias para Navidad y A\u00f1o Nuevo - Yucat\u00e1n en corto<\/title>\n<meta name=\"robots\" content=\"index, follow, max-snippet:-1, max-image-preview:large, max-video-preview:-1\" \/>\n<link rel=\"canonical\" href=\"https:\/\/www.yucatanencorto.com\/noticias\/ayuntamiento-abre-guardias-para-navidad-y-ano-nuevo\/\" \/>\n<meta property=\"og:locale\" content=\"es_ES\" \/>\n<meta property=\"og:type\" content=\"article\" \/>\n<meta property=\"og:title\" content=\"Ayuntamiento abre guardias para Navidad y A\u00f1o Nuevo - Yucat\u00e1n en corto\" \/>\n<meta property=\"og:description\" content=\"&nbsp; M\u00e9rida, Yucat\u00e1n, 21 de diciembre de 2023.- Con motivo de las celebraciones de Navidad y A\u00f1o Nuevo, el Ayuntamiento que encabeza Alejandro Ruz Castro mantendr\u00e1 guardias para el mantenimiento de los servicios p\u00fablicos de la ciudad y la atenci\u00f3n de los reportes ciudadanos los d\u00edas 25 de diciembre y 1 de enero del 2024. [&hellip;]\" \/>\n<meta property=\"og:url\" content=\"https:\/\/www.yucatanencorto.com\/noticias\/ayuntamiento-abre-guardias-para-navidad-y-ano-nuevo\/\" \/>\n<meta property=\"og:site_name\" content=\"Yucat\u00e1n en corto\" \/>\n<meta property=\"article:publisher\" content=\"http:\/\/www.facebook.com\/yucatanencorto\" \/>\n<meta property=\"article:published_time\" content=\"2023-12-22T02:01:21+00:00\" \/>\n<meta property=\"og:image\" content=\"https:\/\/www.yucatanencorto.com\/noticias\/wp-content\/uploads\/2023\/12\/IMG-20231221-WA0055-scaled.jpg\" \/>\n\t<meta property=\"og:image:width\" content=\"768\" \/>\n\t<meta property=\"og:image:height\" content=\"768\" \/>\n\t<meta property=\"og:image:type\" content=\"image\/jpeg\" \/>\n<meta name=\"author\" content=\"Redes\" \/>\n<meta name=\"twitter:card\" content=\"summary_large_image\" \/>\n<meta name=\"twitter:creator\" content=\"@yucatanencorto\" \/>\n<meta name=\"twitter:site\" content=\"@yucatanencorto\" \/>\n<meta name=\"twitter:label1\" content=\"Escrito por\" \/>\n\t<meta name=\"twitter:data1\" content=\"Redes\" \/>\n\t<meta name=\"twitter:label2\" content=\"Tiempo de lectura\" \/>\n\t<meta name=\"twitter:data2\" content=\"4 minutos\" \/>\n<script type=\"application\/ld+json\" class=\"yoast-schema-graph\">{\"@context\":\"https:\\\/\\\/schema.org\",\"@graph\":[{\"@type\":\"Article\",\"@id\":\"https:\\\/\\\/www.yucatanencorto.com\\\/noticias\\\/ayuntamiento-abre-guardias-para-navidad-y-ano-nuevo\\\/#article\",\"isPartOf\":{\"@id\":\"https:\\\/\\\/www.yucatanencorto.com\\\/noticias\\\/ayuntamiento-abre-guardias-para-navidad-y-ano-nuevo\\\/\"},\"author\":{\"name\":\"Redes\",\"@id\":\"https:\\\/\\\/www.yucatanencorto.com\\\/noticias\\\/#\\\/schema\\\/person\\\/e2fbdfaf30a07014a43940ce989f3119\"},\"headline\":\"Ayuntamiento abre guardias para Navidad y A\u00f1o Nuevo\",\"datePublished\":\"2023-12-22T02:01:21+00:00\",\"mainEntityOfPage\":{\"@id\":\"https:\\\/\\\/www.yucatanencorto.com\\\/noticias\\\/ayuntamiento-abre-guardias-para-navidad-y-ano-nuevo\\\/\"},\"wordCount\":691,\"image\":{\"@id\":\"https:\\\/\\\/www.yucatanencorto.com\\\/noticias\\\/ayuntamiento-abre-guardias-para-navidad-y-ano-nuevo\\\/#primaryimage\"},\"thumbnailUrl\":\"https:\\\/\\\/www.yucatanencorto.com\\\/noticias\\\/wp-content\\\/uploads\\\/2023\\\/12\\\/IMG-20231221-WA0055-scaled.jpg\",\"articleSection\":[\"Yucat\u00e1n\"],\"inLanguage\":\"es\"},{\"@type\":\"WebPage\",\"@id\":\"https:\\\/\\\/www.yucatanencorto.com\\\/noticias\\\/ayuntamiento-abre-guardias-para-navidad-y-ano-nuevo\\\/\",\"url\":\"https:\\\/\\\/www.yucatanencorto.com\\\/noticias\\\/ayuntamiento-abre-guardias-para-navidad-y-ano-nuevo\\\/\",\"name\":\"Ayuntamiento abre guardias para Navidad y A\u00f1o Nuevo - Yucat\u00e1n en corto\",\"isPartOf\":{\"@id\":\"https:\\\/\\\/www.yucatanencorto.com\\\/noticias\\\/#website\"},\"primaryImageOfPage\":{\"@id\":\"https:\\\/\\\/www.yucatanencorto.com\\\/noticias\\\/ayuntamiento-abre-guardias-para-navidad-y-ano-nuevo\\\/#primaryimage\"},\"image\":{\"@id\":\"https:\\\/\\\/www.yucatanencorto.com\\\/noticias\\\/ayuntamiento-abre-guardias-para-navidad-y-ano-nuevo\\\/#primaryimage\"},\"thumbnailUrl\":\"https:\\\/\\\/www.yucatanencorto.com\\\/noticias\\\/wp-content\\\/uploads\\\/2023\\\/12\\\/IMG-20231221-WA0055-scaled.jpg\",\"datePublished\":\"2023-12-22T02:01:21+00:00\",\"author\":{\"@id\":\"https:\\\/\\\/www.yucatanencorto.com\\\/noticias\\\/#\\\/schema\\\/person\\\/e2fbdfaf30a07014a43940ce989f3119\"},\"breadcrumb\":{\"@id\":\"https:\\\/\\\/www.yucatanencorto.com\\\/noticias\\\/ayuntamiento-abre-guardias-para-navidad-y-ano-nuevo\\\/#breadcrumb\"},\"inLanguage\":\"es\",\"potentialAction\":[{\"@type\":\"ReadAction\",\"target\":[\"https:\\\/\\\/www.yucatanencorto.com\\\/noticias\\\/ayuntamiento-abre-guardias-para-navidad-y-ano-nuevo\\\/\"]}]},{\"@type\":\"ImageObject\",\"inLanguage\":\"es\",\"@id\":\"https:\\\/\\\/www.yucatanencorto.com\\\/noticias\\\/ayuntamiento-abre-guardias-para-navidad-y-ano-nuevo\\\/#primaryimage\",\"url\":\"https:\\\/\\\/www.yucatanencorto.com\\\/noticias\\\/wp-content\\\/uploads\\\/2023\\\/12\\\/IMG-20231221-WA0055-scaled.jpg\",\"contentUrl\":\"https:\\\/\\\/www.yucatanencorto.com\\\/noticias\\\/wp-content\\\/uploads\\\/2023\\\/12\\\/IMG-20231221-WA0055-scaled.jpg\",\"width\":768,\"height\":768},{\"@type\":\"BreadcrumbList\",\"@id\":\"https:\\\/\\\/www.yucatanencorto.com\\\/noticias\\\/ayuntamiento-abre-guardias-para-navidad-y-ano-nuevo\\\/#breadcrumb\",\"itemListElement\":[{\"@type\":\"ListItem\",\"position\":1,\"name\":\"Portada\",\"item\":\"https:\\\/\\\/www.yucatanencorto.com\\\/noticias\\\/\"},{\"@type\":\"ListItem\",\"position\":2,\"name\":\"Ayuntamiento abre guardias para Navidad y A\u00f1o Nuevo\"}]},{\"@type\":\"WebSite\",\"@id\":\"https:\\\/\\\/www.yucatanencorto.com\\\/noticias\\\/#website\",\"url\":\"https:\\\/\\\/www.yucatanencorto.com\\\/noticias\\\/\",\"name\":\"Yucat\u00e1n en corto\",\"description\":\"Noticias\",\"potentialAction\":[{\"@type\":\"SearchAction\",\"target\":{\"@type\":\"EntryPoint\",\"urlTemplate\":\"https:\\\/\\\/www.yucatanencorto.com\\\/noticias\\\/?s={search_term_string}\"},\"query-input\":{\"@type\":\"PropertyValueSpecification\",\"valueRequired\":true,\"valueName\":\"search_term_string\"}}],\"inLanguage\":\"es\"},{\"@type\":\"Person\",\"@id\":\"https:\\\/\\\/www.yucatanencorto.com\\\/noticias\\\/#\\\/schema\\\/person\\\/e2fbdfaf30a07014a43940ce989f3119\",\"name\":\"Redes\",\"image\":{\"@type\":\"ImageObject\",\"inLanguage\":\"es\",\"@id\":\"https:\\\/\\\/secure.gravatar.com\\\/avatar\\\/5931a2d21dd7cc834f44c8c34fe56d90ed6d536ef452cbf870c7485b524dddd7?s=96&d=mm&r=g\",\"url\":\"https:\\\/\\\/secure.gravatar.com\\\/avatar\\\/5931a2d21dd7cc834f44c8c34fe56d90ed6d536ef452cbf870c7485b524dddd7?s=96&d=mm&r=g\",\"contentUrl\":\"https:\\\/\\\/secure.gravatar.com\\\/avatar\\\/5931a2d21dd7cc834f44c8c34fe56d90ed6d536ef452cbf870c7485b524dddd7?s=96&d=mm&r=g\",\"caption\":\"Redes\"},\"url\":\"https:\\\/\\\/www.yucatanencorto.com\\\/noticias\\\/author\\\/redes\\\/\"}]}<\/script>\n<!-- \/ Yoast SEO plugin. -->","yoast_head_json":{"title":"Ayuntamiento abre guardias para Navidad y A\u00f1o Nuevo - Yucat\u00e1n en corto","robots":{"index":"index","follow":"follow","max-snippet":"max-snippet:-1","max-image-preview":"max-image-preview:large","max-video-preview":"max-video-preview:-1"},"canonical":"https:\/\/www.yucatanencorto.com\/noticias\/ayuntamiento-abre-guardias-para-navidad-y-ano-nuevo\/","og_locale":"es_ES","og_type":"article","og_title":"Ayuntamiento abre guardias para Navidad y A\u00f1o Nuevo - Yucat\u00e1n en corto","og_description":"&nbsp; M\u00e9rida, Yucat\u00e1n, 21 de diciembre de 2023.- Con motivo de las celebraciones de Navidad y A\u00f1o Nuevo, el Ayuntamiento que encabeza Alejandro Ruz Castro mantendr\u00e1 guardias para el mantenimiento de los servicios p\u00fablicos de la ciudad y la atenci\u00f3n de los reportes ciudadanos los d\u00edas 25 de diciembre y 1 de enero del 2024. [&hellip;]","og_url":"https:\/\/www.yucatanencorto.com\/noticias\/ayuntamiento-abre-guardias-para-navidad-y-ano-nuevo\/","og_site_name":"Yucat\u00e1n en corto","article_publisher":"http:\/\/www.facebook.com\/yucatanencorto","article_published_time":"2023-12-22T02:01:21+00:00","og_image":[{"width":768,"height":768,"url":"https:\/\/www.yucatanencorto.com\/noticias\/wp-content\/uploads\/2023\/12\/IMG-20231221-WA0055-scaled.jpg","type":"image\/jpeg"}],"author":"Redes","twitter_card":"summary_large_image","twitter_creator":"@yucatanencorto","twitter_site":"@yucatanencorto","twitter_misc":{"Escrito por":"Redes","Tiempo de lectura":"4 minutos"},"schema":{"@context":"https:\/\/schema.org","@graph":[{"@type":"Article","@id":"https:\/\/www.yucatanencorto.com\/noticias\/ayuntamiento-abre-guardias-para-navidad-y-ano-nuevo\/#article","isPartOf":{"@id":"https:\/\/www.yucatanencorto.com\/noticias\/ayuntamiento-abre-guardias-para-navidad-y-ano-nuevo\/"},"author":{"name":"Redes","@id":"https:\/\/www.yucatanencorto.com\/noticias\/#\/schema\/person\/e2fbdfaf30a07014a43940ce989f3119"},"headline":"Ayuntamiento abre guardias para Navidad y A\u00f1o Nuevo","datePublished":"2023-12-22T02:01:21+00:00","mainEntityOfPage":{"@id":"https:\/\/www.yucatanencorto.com\/noticias\/ayuntamiento-abre-guardias-para-navidad-y-ano-nuevo\/"},"wordCount":691,"image":{"@id":"https:\/\/www.yucatanencorto.com\/noticias\/ayuntamiento-abre-guardias-para-navidad-y-ano-nuevo\/#primaryimage"},"thumbnailUrl":"https:\/\/www.yucatanencorto.com\/noticias\/wp-content\/uploads\/2023\/12\/IMG-20231221-WA0055-scaled.jpg","articleSection":["Yucat\u00e1n"],"inLanguage":"es"},{"@type":"WebPage","@id":"https:\/\/www.yucatanencorto.com\/noticias\/ayuntamiento-abre-guardias-para-navidad-y-ano-nuevo\/","url":"https:\/\/www.yucatanencorto.com\/noticias\/ayuntamiento-abre-guardias-para-navidad-y-ano-nuevo\/","name":"Ayuntamiento abre guardias para Navidad y A\u00f1o Nuevo - Yucat\u00e1n en corto","isPartOf":{"@id":"https:\/\/www.yucatanencorto.com\/noticias\/#website"},"primaryImageOfPage":{"@id":"https:\/\/www.yucatanencorto.com\/noticias\/ayuntamiento-abre-guardias-para-navidad-y-ano-nuevo\/#primaryimage"},"image":{"@id":"https:\/\/www.yucatanencorto.com\/noticias\/ayuntamiento-abre-guardias-para-navidad-y-ano-nuevo\/#primaryimage"},"thumbnailUrl":"https:\/\/www.yucatanencorto.com\/noticias\/wp-content\/uploads\/2023\/12\/IMG-20231221-WA0055-scaled.jpg","datePublished":"2023-12-22T02:01:21+00:00","author":{"@id":"https:\/\/www.yucatanencorto.com\/noticias\/#\/schema\/person\/e2fbdfaf30a07014a43940ce989f3119"},"breadcrumb":{"@id":"https:\/\/www.yucatanencorto.com\/noticias\/ayuntamiento-abre-guardias-para-navidad-y-ano-nuevo\/#breadcrumb"},"inLanguage":"es","potentialAction":[{"@type":"ReadAction","target":["https:\/\/www.yucatanencorto.com\/noticias\/ayuntamiento-abre-guardias-para-navidad-y-ano-nuevo\/"]}]},{"@type":"ImageObject","inLanguage":"es","@id":"https:\/\/www.yucatanencorto.com\/noticias\/ayuntamiento-abre-guardias-para-navidad-y-ano-nuevo\/#primaryimage","url":"https:\/\/www.yucatanencorto.com\/noticias\/wp-content\/uploads\/2023\/12\/IMG-20231221-WA0055-scaled.jpg","contentUrl":"https:\/\/www.yucatanencorto.com\/noticias\/wp-content\/uploads\/2023\/12\/IMG-20231221-WA0055-scaled.jpg","width":768,"height":768},{"@type":"BreadcrumbList","@id":"https:\/\/www.yucatanencorto.com\/noticias\/ayuntamiento-abre-guardias-para-navidad-y-ano-nuevo\/#breadcrumb","itemListElement":[{"@type":"ListItem","position":1,"name":"Portada","item":"https:\/\/www.yucatanencorto.com\/noticias\/"},{"@type":"ListItem","position":2,"name":"Ayuntamiento abre guardias para Navidad y A\u00f1o Nuevo"}]},{"@type":"WebSite","@id":"https:\/\/www.yucatanencorto.com\/noticias\/#website","url":"https:\/\/www.yucatanencorto.com\/noticias\/","name":"Yucat\u00e1n en corto","description":"Noticias","potentialAction":[{"@type":"SearchAction","target":{"@type":"EntryPoint","urlTemplate":"https:\/\/www.yucatanencorto.com\/noticias\/?s={search_term_string}"},"query-input":{"@type":"PropertyValueSpecification","valueRequired":true,"valueName":"search_term_string"}}],"inLanguage":"es"},{"@type":"Person","@id":"https:\/\/www.yucatanencorto.com\/noticias\/#\/schema\/person\/e2fbdfaf30a07014a43940ce989f3119","name":"Redes","image":{"@type":"ImageObject","inLanguage":"es","@id":"https:\/\/secure.gravatar.com\/avatar\/5931a2d21dd7cc834f44c8c34fe56d90ed6d536ef452cbf870c7485b524dddd7?s=96&d=mm&r=g","url":"https:\/\/secure.gravatar.com\/avatar\/5931a2d21dd7cc834f44c8c34fe56d90ed6d536ef452cbf870c7485b524dddd7?s=96&d=mm&r=g","contentUrl":"https:\/\/secure.gravatar.com\/avatar\/5931a2d21dd7cc834f44c8c34fe56d90ed6d536ef452cbf870c7485b524dddd7?s=96&d=mm&r=g","caption":"Redes"},"url":"https:\/\/www.yucatanencorto.com\/noticias\/author\/redes\/"}]}},"_links":{"self":[{"href":"https:\/\/www.yucatanencorto.com\/noticias\/wp-json\/wp\/v2\/posts\/101615","targetHints":{"allow":["GET"]}}],"collection":[{"href":"https:\/\/www.yucatanencorto.com\/noticias\/wp-json\/wp\/v2\/posts"}],"about":[{"href":"https:\/\/www.yucatanencorto.com\/noticias\/wp-json\/wp\/v2\/types\/post"}],"author":[{"embeddable":true,"href":"https:\/\/www.yucatanencorto.com\/noticias\/wp-json\/wp\/v2\/users\/3"}],"replies":[{"embeddable":true,"href":"https:\/\/www.yucatanencorto.com\/noticias\/wp-json\/wp\/v2\/comments?post=101615"}],"version-history":[{"count":0,"href":"https:\/\/www.yucatanencorto.com\/noticias\/wp-json\/wp\/v2\/posts\/101615\/revisions"}],"wp:featuredmedia":[{"embeddable":true,"href":"https:\/\/www.yucatanencorto.com\/noticias\/wp-json\/wp\/v2\/media\/101616"}],"wp:attachment":[{"href":"https:\/\/www.yucatanencorto.com\/noticias\/wp-json\/wp\/v2\/media?parent=101615"}],"wp:term":[{"taxonomy":"category","embeddable":true,"href":"https:\/\/www.yucatanencorto.com\/noticias\/wp-json\/wp\/v2\/categories?post=101615"},{"taxonomy":"post_tag","embeddable":true,"href":"https:\/\/www.yucatanencorto.com\/noticias\/wp-json\/wp\/v2\/tags?post=101615"}],"curies":[{"name":"wp","href":"https:\/\/api.w.org\/{rel}","templated":true}]}}