{"id":101622,"date":"2023-12-22T18:02:43","date_gmt":"2023-12-23T00:02:43","guid":{"rendered":"https:\/\/www.yucatanencorto.com\/noticias\/?p=101622"},"modified":"2023-12-22T18:02:43","modified_gmt":"2023-12-23T00:02:43","slug":"merida-se-llenara-de-musica-electronica-para-despedir-el-ano-en-el-parque-de-la-paz","status":"publish","type":"post","link":"https:\/\/www.yucatanencorto.com\/noticias\/merida-se-llenara-de-musica-electronica-para-despedir-el-ano-en-el-parque-de-la-paz\/","title":{"rendered":"M\u00e9rida se llenar\u00e1 de m\u00fasica electr\u00f3nica para despedir el a\u00f1o en el Parque de la Paz"},"content":{"rendered":"<p><img loading=\"lazy\" decoding=\"async\" class=\"alignnone size-full wp-image-101623\" src=\"https:\/\/www.yucatanencorto.com\/noticias\/wp-content\/uploads\/2023\/12\/IMG-20231222-WA0095-scaled.jpg\" alt=\"\" width=\"512\" height=\"768\" srcset=\"https:\/\/www.yucatanencorto.com\/noticias\/wp-content\/uploads\/2023\/12\/IMG-20231222-WA0095-scaled.jpg 512w, https:\/\/www.yucatanencorto.com\/noticias\/wp-content\/uploads\/2023\/12\/IMG-20231222-WA0095-150x225.jpg 150w, https:\/\/www.yucatanencorto.com\/noticias\/wp-content\/uploads\/2023\/12\/IMG-20231222-WA0095-300x450.jpg 300w\" sizes=\"auto, (max-width: 512px) 100vw, 512px\" \/><\/p>\n<p>M\u00e9rida, Yucat\u00e1n, 22 de diciembre de 2023.- M\u00e9rida se llenar\u00e1 de ritmos de electr\u00f3nica para despedir el a\u00f1o con \u201c\u00c1UREA. M\u00fasica y Arte Digital\u201d, Fiesta de Fin de A\u00f1o, que por primera vez se realizar\u00e1 del 29 al 31 de diciembre en el nuevo espacio interactivo e inmersivo de \u201cLa Peni\u201d, en el Parque de la Paz.<\/p>\n<p>Se trata de la primera gran fiesta que organiza el Ayuntamiento M\u00e9rida que encabeza Alejandro Ruz Castro, a trav\u00e9s de la Direcci\u00f3n de Cultura, para despedir el a\u00f1o y recibir el 2024, que conjuntar\u00e1 el talento de 14 destacados representantes de la escena musical electr\u00f3nica local, del pa\u00eds y de foros internacionales, como Mariana Bo, Hercules &amp; Love Affair DJ set y Nickodemus, entre otros, una fiesta para todas y todos con acceso gratuito, inform\u00f3 el Director de Cultura Irving Berl\u00edn Villafa\u00f1a, al presentar el programa.<\/p>\n<p>Expuso que la m\u00fasica electr\u00f3nica era un faltante en la programaci\u00f3n cultural del Ayuntamiento, y ahora es una realidad que se suma a La Peni como un proyecto audiovisual y de di\u00e1logo con nuevas tecnolog\u00edas.<\/p>\n<p>De acuerdo con el programa, la fiesta musical electr\u00f3nica comenzar\u00e1 el viernes 29, a las 20:00 horas con la presentaci\u00f3n de tres DJ locales. Abrir\u00e1 Gala, cuyo estilo se caracteriza por un sonido el\u00e9ctrico y groovy con melod\u00edas atrapantes y sorpresas en cada set, seguido de Alfredo \u00c1vila, con m\u00fasica que mezcla lo h\u00edbrido, entre lo retro y moderno, con g\u00e9neros de la vieja escuela. Para cerrar la primera noche de la fiesta musical subir\u00e1 al escenario Gaby Silva, vers\u00e1til en g\u00e9neros underground, un viaje a trav\u00e9s del house y techno.<\/p>\n<p>El s\u00e1bado 30 las presentaciones comenzar\u00e1n a las 5 de la tarde con Tribi, referente de la m\u00fasica electr\u00f3nica en el sureste de M\u00e9xico, con una trayectoria de m\u00e1s de 15 a\u00f1os y fundador de la marca 20doce en M\u00e9rida.<\/p>\n<p>ORICANTI, procedente de Guadalajara, traer\u00e1 su m\u00fasica con una combinaci\u00f3n de instrumentos, percusiones y voces que, unidas por una base electr\u00f3nica, te har\u00e1n viajar por los ritmos del mundo.<\/p>\n<p>Desde Argentina llegar\u00e1 Lagartijeando, con la uni\u00f3n latina de la m\u00fasica folk americana con la electr\u00f3nica que expresa la fusi\u00f3n entre lo ancestral y lo moderno.<\/p>\n<p>Esa misma noche se presenta la DJ rusa Anely Kiyaro, cuyas mezclas se escuchan en estaciones de radio en el mundo, con una m\u00fasica inspirada en las fiestas de Goa (India), raz\u00f3n por la cual tiene como base melod\u00edas \u00e9tnicas\/c\u00f3smicas y profundas.<\/p>\n<p>Cerrar\u00e1 la noche del 29 Mariana Bo, quien es considerada la \u00fanica djane, m\u00fasico y productora en M\u00e9xico. Implementa un proyecto que combina la m\u00fasica electr\u00f3nica y el viol\u00edn, utilizado el instrumento en sus presentaciones en vivo. Su larga trayectoria le ha permitido posicionarse en el lugar #43 del Top 100Djmag, y compartir el escenario con grandes artistas de renombre, como David Guetta.<\/p>\n<p>El domingo 31, la \u00faltima noche del a\u00f1o, las presentaciones iniciar\u00e1n a las 16:00 horas, con los DJ locales Jordi, cuyas influencias provienen de Deep House, House, Nu Disco y Tech House, y Dolphin, quien expresa la esencia afro-latina, influenciado por los ritos de Afro, Salsa, House y Tecno.<\/p>\n<p>Luego se presentar\u00e1n Biomigrant y El Monte Adentro. Biomigrant es un productor y multinstrumentista estadounidense, quien explora puntos de encuentros entre la m\u00fasica electr\u00f3nica, m\u00fasica de ra\u00edz y paisajes sonoros, mientras que El Monte Adentro es un nuevo colectivo de soneros de Xalapa, Veracruz, M\u00e9xico que incluyen a integrantes de grupos ic\u00f3nicos como Las Aguas Aguas y Sonex.<\/p>\n<p>M\u00e9rida recibir\u00e1 tambi\u00e9n a Nickodemus, un viajero de coraz\u00f3n, un conectador de mundos, escenas y personas desde mediados de los 90. El productor neoyorkino es uno de los referentes de la electr\u00f3nica internacional; su sonido pasa por ritmos de la India, Los Balcanes, Oriente Medio, \u00c1frica, Brasil, Colombia, el Caribe y Nueva York.<\/p>\n<p>Para recibir las primeras horas del a\u00f1o nuevo en M\u00e9rida estar\u00e1n Hercules &amp; Love Affair en Dj set, con Andy Butler, la fuerza impulsora detr\u00e1s de la agrupaci\u00f3n retrofuturista, un DJ de primer nivel, quien trabaja dentro de los g\u00e9neros de m\u00fasica house, disco, techno y nu.disco. Finalmente se presentar\u00e1n Zombies in Miami, pareja que se ha convertido en uno de los miembros m\u00e1s destacados de la escena electr\u00f3nica de M\u00e9xico en la \u00faltima d\u00e9cada, cuyo sonido se puede describir con una mezcla de house y techno r\u00edtmico, basado en sintetizadores, con un toque disco y balearic, unido por el dulce drama italo.<\/p>\n<p>Jorge Contreras, productor multidisciplinario y creador art\u00edstico del proyecto \u201cLa Peni\u201d, anticip\u00f3 que durante la fiesta \u201c\u00c1UREA\u201d se introducir\u00e1n dos nuevas piezas de arte digital y contemplativo.<\/p>\n<p>El muro kin\u00e9tico (escultura kin\u00e9tica interactiva) es una pieza que reacciona ante la la presencia de los visitantes, as\u00ed como el Arco de Niebla, un portal que se abre en medio del espacio urbano y nos transporta a un mundo paralelo creado con luz, agua, sonido y la imaginaci\u00f3n.<\/p>\n<p>Asimismo, durante cuatro horas del s\u00e1bado 30 y las \u00faltimas seis del domingo 31 de diciembre se contar\u00e1 con la presencia de VideoGirl, desde Montreal, Canad\u00e1, quien deleiter\u00e1 con visuales en vivo y tendr\u00e1 una sorpresa durante el conteo de fin de a\u00f1o. La creativa ha colaborado con artistas y figuras como Steve Angello y Ti\u00ebsto.<\/p>\n<p>Los tres d\u00edas de la fiesta musical habr\u00e1 tambi\u00e9n bazares creativos de emprendedores y el Colectivo Amix M\u00e9rida, a partir de las 18:00 horas.<\/p>\n<p>Durante el acto se present\u00f3 un saludo pregrabado de la DJ Mariana Bo, quien invit\u00f3 a todos a asistir a la gran fiesta de fin de a\u00f1o en M\u00e9rida.<\/p>\n<p>Alfredo \u00c1vila, DJ y productor de White Deer Records, agradeci\u00f3 la oportunidad para que los djs locales den a conocer sus proyectos de m\u00fasica electr\u00f3nica a m\u00e1s audiencias.<\/p>\n<p>A la presentaci\u00f3n tambi\u00e9n asistieron Paola Guzm\u00e1n Arg\u00e1ez, Subdirectora de Innovaci\u00f3n Cultural, y el promotor art\u00edstico Alejandro D\u00e1vila, de The Music Business Company, quien comparti\u00f3 las trayectorias de los invitados nacionales.<\/p>\n<p>Las actividades de la fiesta \u201c\u00c1UREA. M\u00fasica y Arte Digital\u201d son gratuitas y est\u00e1n dirigidas a los j\u00f3venes y para toda la familia. En el sitio www.merida.gob.mx\/eventos y en las redes sociales de M\u00e9rida es Cultura se pueden consultar los horarios y m\u00e1s detalles.<\/p>\n<p>&nbsp;<\/p>\n<p>DIRECCI\u00d3N DE CULTURA<\/p>\n","protected":false},"excerpt":{"rendered":"<p>M\u00e9rida, Yucat\u00e1n, 22 de diciembre de 2023.- M\u00e9rida se llenar\u00e1 de ritmos de electr\u00f3nica para despedir el a\u00f1o con \u201c\u00c1UREA. M\u00fasica y Arte Digital\u201d, Fiesta de Fin de A\u00f1o, que por primera vez se realizar\u00e1 del 29 al 31 de diciembre en el nuevo espacio interactivo e inmersivo de \u201cLa Peni\u201d, en el Parque de [&hellip;]<\/p>\n","protected":false},"author":3,"featured_media":101623,"comment_status":"closed","ping_status":"closed","sticky":false,"template":"","format":"standard","meta":{"footnotes":""},"categories":[3],"tags":[],"class_list":{"0":"post-101622","1":"post","2":"type-post","3":"status-publish","4":"format-standard","5":"has-post-thumbnail","7":"category-yucatan"},"yoast_head":"<!-- This site is optimized with the Yoast SEO plugin v27.4 - https:\/\/yoast.com\/product\/yoast-seo-wordpress\/ -->\n<title>M\u00e9rida se llenar\u00e1 de m\u00fasica electr\u00f3nica para despedir el a\u00f1o en el Parque de la Paz - Yucat\u00e1n en corto<\/title>\n<meta name=\"robots\" content=\"index, follow, max-snippet:-1, max-image-preview:large, max-video-preview:-1\" \/>\n<link rel=\"canonical\" href=\"https:\/\/www.yucatanencorto.com\/noticias\/merida-se-llenara-de-musica-electronica-para-despedir-el-ano-en-el-parque-de-la-paz\/\" \/>\n<meta property=\"og:locale\" content=\"es_ES\" \/>\n<meta property=\"og:type\" content=\"article\" \/>\n<meta property=\"og:title\" content=\"M\u00e9rida se llenar\u00e1 de m\u00fasica electr\u00f3nica para despedir el a\u00f1o en el Parque de la Paz - Yucat\u00e1n en corto\" \/>\n<meta property=\"og:description\" content=\"M\u00e9rida, Yucat\u00e1n, 22 de diciembre de 2023.- M\u00e9rida se llenar\u00e1 de ritmos de electr\u00f3nica para despedir el a\u00f1o con \u201c\u00c1UREA. M\u00fasica y Arte Digital\u201d, Fiesta de Fin de A\u00f1o, que por primera vez se realizar\u00e1 del 29 al 31 de diciembre en el nuevo espacio interactivo e inmersivo de \u201cLa Peni\u201d, en el Parque de [&hellip;]\" \/>\n<meta property=\"og:url\" content=\"https:\/\/www.yucatanencorto.com\/noticias\/merida-se-llenara-de-musica-electronica-para-despedir-el-ano-en-el-parque-de-la-paz\/\" \/>\n<meta property=\"og:site_name\" content=\"Yucat\u00e1n en corto\" \/>\n<meta property=\"article:publisher\" content=\"http:\/\/www.facebook.com\/yucatanencorto\" \/>\n<meta property=\"article:published_time\" content=\"2023-12-23T00:02:43+00:00\" \/>\n<meta property=\"og:image\" content=\"https:\/\/www.yucatanencorto.com\/noticias\/wp-content\/uploads\/2023\/12\/IMG-20231222-WA0095-scaled.jpg\" \/>\n\t<meta property=\"og:image:width\" content=\"512\" \/>\n\t<meta property=\"og:image:height\" content=\"768\" \/>\n\t<meta property=\"og:image:type\" content=\"image\/jpeg\" \/>\n<meta name=\"author\" content=\"Redes\" \/>\n<meta name=\"twitter:card\" content=\"summary_large_image\" \/>\n<meta name=\"twitter:creator\" content=\"@yucatanencorto\" \/>\n<meta name=\"twitter:site\" content=\"@yucatanencorto\" \/>\n<meta name=\"twitter:label1\" content=\"Escrito por\" \/>\n\t<meta name=\"twitter:data1\" content=\"Redes\" \/>\n\t<meta name=\"twitter:label2\" content=\"Tiempo de lectura\" \/>\n\t<meta name=\"twitter:data2\" content=\"5 minutos\" \/>\n<script type=\"application\/ld+json\" class=\"yoast-schema-graph\">{\"@context\":\"https:\\\/\\\/schema.org\",\"@graph\":[{\"@type\":\"Article\",\"@id\":\"https:\\\/\\\/www.yucatanencorto.com\\\/noticias\\\/merida-se-llenara-de-musica-electronica-para-despedir-el-ano-en-el-parque-de-la-paz\\\/#article\",\"isPartOf\":{\"@id\":\"https:\\\/\\\/www.yucatanencorto.com\\\/noticias\\\/merida-se-llenara-de-musica-electronica-para-despedir-el-ano-en-el-parque-de-la-paz\\\/\"},\"author\":{\"name\":\"Redes\",\"@id\":\"https:\\\/\\\/www.yucatanencorto.com\\\/noticias\\\/#\\\/schema\\\/person\\\/e2fbdfaf30a07014a43940ce989f3119\"},\"headline\":\"M\u00e9rida se llenar\u00e1 de m\u00fasica electr\u00f3nica para despedir el a\u00f1o en el Parque de la Paz\",\"datePublished\":\"2023-12-23T00:02:43+00:00\",\"mainEntityOfPage\":{\"@id\":\"https:\\\/\\\/www.yucatanencorto.com\\\/noticias\\\/merida-se-llenara-de-musica-electronica-para-despedir-el-ano-en-el-parque-de-la-paz\\\/\"},\"wordCount\":1142,\"image\":{\"@id\":\"https:\\\/\\\/www.yucatanencorto.com\\\/noticias\\\/merida-se-llenara-de-musica-electronica-para-despedir-el-ano-en-el-parque-de-la-paz\\\/#primaryimage\"},\"thumbnailUrl\":\"https:\\\/\\\/www.yucatanencorto.com\\\/noticias\\\/wp-content\\\/uploads\\\/2023\\\/12\\\/IMG-20231222-WA0095-scaled.jpg\",\"articleSection\":[\"Yucat\u00e1n\"],\"inLanguage\":\"es\"},{\"@type\":\"WebPage\",\"@id\":\"https:\\\/\\\/www.yucatanencorto.com\\\/noticias\\\/merida-se-llenara-de-musica-electronica-para-despedir-el-ano-en-el-parque-de-la-paz\\\/\",\"url\":\"https:\\\/\\\/www.yucatanencorto.com\\\/noticias\\\/merida-se-llenara-de-musica-electronica-para-despedir-el-ano-en-el-parque-de-la-paz\\\/\",\"name\":\"M\u00e9rida se llenar\u00e1 de m\u00fasica electr\u00f3nica para despedir el a\u00f1o en el Parque de la Paz - Yucat\u00e1n en corto\",\"isPartOf\":{\"@id\":\"https:\\\/\\\/www.yucatanencorto.com\\\/noticias\\\/#website\"},\"primaryImageOfPage\":{\"@id\":\"https:\\\/\\\/www.yucatanencorto.com\\\/noticias\\\/merida-se-llenara-de-musica-electronica-para-despedir-el-ano-en-el-parque-de-la-paz\\\/#primaryimage\"},\"image\":{\"@id\":\"https:\\\/\\\/www.yucatanencorto.com\\\/noticias\\\/merida-se-llenara-de-musica-electronica-para-despedir-el-ano-en-el-parque-de-la-paz\\\/#primaryimage\"},\"thumbnailUrl\":\"https:\\\/\\\/www.yucatanencorto.com\\\/noticias\\\/wp-content\\\/uploads\\\/2023\\\/12\\\/IMG-20231222-WA0095-scaled.jpg\",\"datePublished\":\"2023-12-23T00:02:43+00:00\",\"author\":{\"@id\":\"https:\\\/\\\/www.yucatanencorto.com\\\/noticias\\\/#\\\/schema\\\/person\\\/e2fbdfaf30a07014a43940ce989f3119\"},\"breadcrumb\":{\"@id\":\"https:\\\/\\\/www.yucatanencorto.com\\\/noticias\\\/merida-se-llenara-de-musica-electronica-para-despedir-el-ano-en-el-parque-de-la-paz\\\/#breadcrumb\"},\"inLanguage\":\"es\",\"potentialAction\":[{\"@type\":\"ReadAction\",\"target\":[\"https:\\\/\\\/www.yucatanencorto.com\\\/noticias\\\/merida-se-llenara-de-musica-electronica-para-despedir-el-ano-en-el-parque-de-la-paz\\\/\"]}]},{\"@type\":\"ImageObject\",\"inLanguage\":\"es\",\"@id\":\"https:\\\/\\\/www.yucatanencorto.com\\\/noticias\\\/merida-se-llenara-de-musica-electronica-para-despedir-el-ano-en-el-parque-de-la-paz\\\/#primaryimage\",\"url\":\"https:\\\/\\\/www.yucatanencorto.com\\\/noticias\\\/wp-content\\\/uploads\\\/2023\\\/12\\\/IMG-20231222-WA0095-scaled.jpg\",\"contentUrl\":\"https:\\\/\\\/www.yucatanencorto.com\\\/noticias\\\/wp-content\\\/uploads\\\/2023\\\/12\\\/IMG-20231222-WA0095-scaled.jpg\",\"width\":512,\"height\":768},{\"@type\":\"BreadcrumbList\",\"@id\":\"https:\\\/\\\/www.yucatanencorto.com\\\/noticias\\\/merida-se-llenara-de-musica-electronica-para-despedir-el-ano-en-el-parque-de-la-paz\\\/#breadcrumb\",\"itemListElement\":[{\"@type\":\"ListItem\",\"position\":1,\"name\":\"Portada\",\"item\":\"https:\\\/\\\/www.yucatanencorto.com\\\/noticias\\\/\"},{\"@type\":\"ListItem\",\"position\":2,\"name\":\"M\u00e9rida se llenar\u00e1 de m\u00fasica electr\u00f3nica para despedir el a\u00f1o en el Parque de la Paz\"}]},{\"@type\":\"WebSite\",\"@id\":\"https:\\\/\\\/www.yucatanencorto.com\\\/noticias\\\/#website\",\"url\":\"https:\\\/\\\/www.yucatanencorto.com\\\/noticias\\\/\",\"name\":\"Yucat\u00e1n en corto\",\"description\":\"Noticias\",\"potentialAction\":[{\"@type\":\"SearchAction\",\"target\":{\"@type\":\"EntryPoint\",\"urlTemplate\":\"https:\\\/\\\/www.yucatanencorto.com\\\/noticias\\\/?s={search_term_string}\"},\"query-input\":{\"@type\":\"PropertyValueSpecification\",\"valueRequired\":true,\"valueName\":\"search_term_string\"}}],\"inLanguage\":\"es\"},{\"@type\":\"Person\",\"@id\":\"https:\\\/\\\/www.yucatanencorto.com\\\/noticias\\\/#\\\/schema\\\/person\\\/e2fbdfaf30a07014a43940ce989f3119\",\"name\":\"Redes\",\"image\":{\"@type\":\"ImageObject\",\"inLanguage\":\"es\",\"@id\":\"https:\\\/\\\/secure.gravatar.com\\\/avatar\\\/5931a2d21dd7cc834f44c8c34fe56d90ed6d536ef452cbf870c7485b524dddd7?s=96&d=mm&r=g\",\"url\":\"https:\\\/\\\/secure.gravatar.com\\\/avatar\\\/5931a2d21dd7cc834f44c8c34fe56d90ed6d536ef452cbf870c7485b524dddd7?s=96&d=mm&r=g\",\"contentUrl\":\"https:\\\/\\\/secure.gravatar.com\\\/avatar\\\/5931a2d21dd7cc834f44c8c34fe56d90ed6d536ef452cbf870c7485b524dddd7?s=96&d=mm&r=g\",\"caption\":\"Redes\"},\"url\":\"https:\\\/\\\/www.yucatanencorto.com\\\/noticias\\\/author\\\/redes\\\/\"}]}<\/script>\n<!-- \/ Yoast SEO plugin. -->","yoast_head_json":{"title":"M\u00e9rida se llenar\u00e1 de m\u00fasica electr\u00f3nica para despedir el a\u00f1o en el Parque de la Paz - Yucat\u00e1n en corto","robots":{"index":"index","follow":"follow","max-snippet":"max-snippet:-1","max-image-preview":"max-image-preview:large","max-video-preview":"max-video-preview:-1"},"canonical":"https:\/\/www.yucatanencorto.com\/noticias\/merida-se-llenara-de-musica-electronica-para-despedir-el-ano-en-el-parque-de-la-paz\/","og_locale":"es_ES","og_type":"article","og_title":"M\u00e9rida se llenar\u00e1 de m\u00fasica electr\u00f3nica para despedir el a\u00f1o en el Parque de la Paz - Yucat\u00e1n en corto","og_description":"M\u00e9rida, Yucat\u00e1n, 22 de diciembre de 2023.- M\u00e9rida se llenar\u00e1 de ritmos de electr\u00f3nica para despedir el a\u00f1o con \u201c\u00c1UREA. M\u00fasica y Arte Digital\u201d, Fiesta de Fin de A\u00f1o, que por primera vez se realizar\u00e1 del 29 al 31 de diciembre en el nuevo espacio interactivo e inmersivo de \u201cLa Peni\u201d, en el Parque de [&hellip;]","og_url":"https:\/\/www.yucatanencorto.com\/noticias\/merida-se-llenara-de-musica-electronica-para-despedir-el-ano-en-el-parque-de-la-paz\/","og_site_name":"Yucat\u00e1n en corto","article_publisher":"http:\/\/www.facebook.com\/yucatanencorto","article_published_time":"2023-12-23T00:02:43+00:00","og_image":[{"width":512,"height":768,"url":"https:\/\/www.yucatanencorto.com\/noticias\/wp-content\/uploads\/2023\/12\/IMG-20231222-WA0095-scaled.jpg","type":"image\/jpeg"}],"author":"Redes","twitter_card":"summary_large_image","twitter_creator":"@yucatanencorto","twitter_site":"@yucatanencorto","twitter_misc":{"Escrito por":"Redes","Tiempo de lectura":"5 minutos"},"schema":{"@context":"https:\/\/schema.org","@graph":[{"@type":"Article","@id":"https:\/\/www.yucatanencorto.com\/noticias\/merida-se-llenara-de-musica-electronica-para-despedir-el-ano-en-el-parque-de-la-paz\/#article","isPartOf":{"@id":"https:\/\/www.yucatanencorto.com\/noticias\/merida-se-llenara-de-musica-electronica-para-despedir-el-ano-en-el-parque-de-la-paz\/"},"author":{"name":"Redes","@id":"https:\/\/www.yucatanencorto.com\/noticias\/#\/schema\/person\/e2fbdfaf30a07014a43940ce989f3119"},"headline":"M\u00e9rida se llenar\u00e1 de m\u00fasica electr\u00f3nica para despedir el a\u00f1o en el Parque de la Paz","datePublished":"2023-12-23T00:02:43+00:00","mainEntityOfPage":{"@id":"https:\/\/www.yucatanencorto.com\/noticias\/merida-se-llenara-de-musica-electronica-para-despedir-el-ano-en-el-parque-de-la-paz\/"},"wordCount":1142,"image":{"@id":"https:\/\/www.yucatanencorto.com\/noticias\/merida-se-llenara-de-musica-electronica-para-despedir-el-ano-en-el-parque-de-la-paz\/#primaryimage"},"thumbnailUrl":"https:\/\/www.yucatanencorto.com\/noticias\/wp-content\/uploads\/2023\/12\/IMG-20231222-WA0095-scaled.jpg","articleSection":["Yucat\u00e1n"],"inLanguage":"es"},{"@type":"WebPage","@id":"https:\/\/www.yucatanencorto.com\/noticias\/merida-se-llenara-de-musica-electronica-para-despedir-el-ano-en-el-parque-de-la-paz\/","url":"https:\/\/www.yucatanencorto.com\/noticias\/merida-se-llenara-de-musica-electronica-para-despedir-el-ano-en-el-parque-de-la-paz\/","name":"M\u00e9rida se llenar\u00e1 de m\u00fasica electr\u00f3nica para despedir el a\u00f1o en el Parque de la Paz - Yucat\u00e1n en corto","isPartOf":{"@id":"https:\/\/www.yucatanencorto.com\/noticias\/#website"},"primaryImageOfPage":{"@id":"https:\/\/www.yucatanencorto.com\/noticias\/merida-se-llenara-de-musica-electronica-para-despedir-el-ano-en-el-parque-de-la-paz\/#primaryimage"},"image":{"@id":"https:\/\/www.yucatanencorto.com\/noticias\/merida-se-llenara-de-musica-electronica-para-despedir-el-ano-en-el-parque-de-la-paz\/#primaryimage"},"thumbnailUrl":"https:\/\/www.yucatanencorto.com\/noticias\/wp-content\/uploads\/2023\/12\/IMG-20231222-WA0095-scaled.jpg","datePublished":"2023-12-23T00:02:43+00:00","author":{"@id":"https:\/\/www.yucatanencorto.com\/noticias\/#\/schema\/person\/e2fbdfaf30a07014a43940ce989f3119"},"breadcrumb":{"@id":"https:\/\/www.yucatanencorto.com\/noticias\/merida-se-llenara-de-musica-electronica-para-despedir-el-ano-en-el-parque-de-la-paz\/#breadcrumb"},"inLanguage":"es","potentialAction":[{"@type":"ReadAction","target":["https:\/\/www.yucatanencorto.com\/noticias\/merida-se-llenara-de-musica-electronica-para-despedir-el-ano-en-el-parque-de-la-paz\/"]}]},{"@type":"ImageObject","inLanguage":"es","@id":"https:\/\/www.yucatanencorto.com\/noticias\/merida-se-llenara-de-musica-electronica-para-despedir-el-ano-en-el-parque-de-la-paz\/#primaryimage","url":"https:\/\/www.yucatanencorto.com\/noticias\/wp-content\/uploads\/2023\/12\/IMG-20231222-WA0095-scaled.jpg","contentUrl":"https:\/\/www.yucatanencorto.com\/noticias\/wp-content\/uploads\/2023\/12\/IMG-20231222-WA0095-scaled.jpg","width":512,"height":768},{"@type":"BreadcrumbList","@id":"https:\/\/www.yucatanencorto.com\/noticias\/merida-se-llenara-de-musica-electronica-para-despedir-el-ano-en-el-parque-de-la-paz\/#breadcrumb","itemListElement":[{"@type":"ListItem","position":1,"name":"Portada","item":"https:\/\/www.yucatanencorto.com\/noticias\/"},{"@type":"ListItem","position":2,"name":"M\u00e9rida se llenar\u00e1 de m\u00fasica electr\u00f3nica para despedir el a\u00f1o en el Parque de la Paz"}]},{"@type":"WebSite","@id":"https:\/\/www.yucatanencorto.com\/noticias\/#website","url":"https:\/\/www.yucatanencorto.com\/noticias\/","name":"Yucat\u00e1n en corto","description":"Noticias","potentialAction":[{"@type":"SearchAction","target":{"@type":"EntryPoint","urlTemplate":"https:\/\/www.yucatanencorto.com\/noticias\/?s={search_term_string}"},"query-input":{"@type":"PropertyValueSpecification","valueRequired":true,"valueName":"search_term_string"}}],"inLanguage":"es"},{"@type":"Person","@id":"https:\/\/www.yucatanencorto.com\/noticias\/#\/schema\/person\/e2fbdfaf30a07014a43940ce989f3119","name":"Redes","image":{"@type":"ImageObject","inLanguage":"es","@id":"https:\/\/secure.gravatar.com\/avatar\/5931a2d21dd7cc834f44c8c34fe56d90ed6d536ef452cbf870c7485b524dddd7?s=96&d=mm&r=g","url":"https:\/\/secure.gravatar.com\/avatar\/5931a2d21dd7cc834f44c8c34fe56d90ed6d536ef452cbf870c7485b524dddd7?s=96&d=mm&r=g","contentUrl":"https:\/\/secure.gravatar.com\/avatar\/5931a2d21dd7cc834f44c8c34fe56d90ed6d536ef452cbf870c7485b524dddd7?s=96&d=mm&r=g","caption":"Redes"},"url":"https:\/\/www.yucatanencorto.com\/noticias\/author\/redes\/"}]}},"_links":{"self":[{"href":"https:\/\/www.yucatanencorto.com\/noticias\/wp-json\/wp\/v2\/posts\/101622","targetHints":{"allow":["GET"]}}],"collection":[{"href":"https:\/\/www.yucatanencorto.com\/noticias\/wp-json\/wp\/v2\/posts"}],"about":[{"href":"https:\/\/www.yucatanencorto.com\/noticias\/wp-json\/wp\/v2\/types\/post"}],"author":[{"embeddable":true,"href":"https:\/\/www.yucatanencorto.com\/noticias\/wp-json\/wp\/v2\/users\/3"}],"replies":[{"embeddable":true,"href":"https:\/\/www.yucatanencorto.com\/noticias\/wp-json\/wp\/v2\/comments?post=101622"}],"version-history":[{"count":0,"href":"https:\/\/www.yucatanencorto.com\/noticias\/wp-json\/wp\/v2\/posts\/101622\/revisions"}],"wp:featuredmedia":[{"embeddable":true,"href":"https:\/\/www.yucatanencorto.com\/noticias\/wp-json\/wp\/v2\/media\/101623"}],"wp:attachment":[{"href":"https:\/\/www.yucatanencorto.com\/noticias\/wp-json\/wp\/v2\/media?parent=101622"}],"wp:term":[{"taxonomy":"category","embeddable":true,"href":"https:\/\/www.yucatanencorto.com\/noticias\/wp-json\/wp\/v2\/categories?post=101622"},{"taxonomy":"post_tag","embeddable":true,"href":"https:\/\/www.yucatanencorto.com\/noticias\/wp-json\/wp\/v2\/tags?post=101622"}],"curies":[{"name":"wp","href":"https:\/\/api.w.org\/{rel}","templated":true}]}}