{"id":101625,"date":"2023-12-22T18:57:07","date_gmt":"2023-12-23T00:57:07","guid":{"rendered":"https:\/\/www.yucatanencorto.com\/noticias\/?p=101625"},"modified":"2023-12-22T18:57:07","modified_gmt":"2023-12-23T00:57:07","slug":"presentan-nuevo-equipo-de-guardaparques","status":"publish","type":"post","link":"https:\/\/www.yucatanencorto.com\/noticias\/presentan-nuevo-equipo-de-guardaparques\/","title":{"rendered":"Presentan nuevo equipo de Guardaparques"},"content":{"rendered":"<p><img loading=\"lazy\" decoding=\"async\" class=\"alignnone size-full wp-image-101626\" src=\"https:\/\/www.yucatanencorto.com\/noticias\/wp-content\/uploads\/2023\/12\/IMG-20231222-WA0097-scaled.jpg\" alt=\"\" width=\"768\" height=\"512\" srcset=\"https:\/\/www.yucatanencorto.com\/noticias\/wp-content\/uploads\/2023\/12\/IMG-20231222-WA0097-scaled.jpg 768w, https:\/\/www.yucatanencorto.com\/noticias\/wp-content\/uploads\/2023\/12\/IMG-20231222-WA0097-150x100.jpg 150w, https:\/\/www.yucatanencorto.com\/noticias\/wp-content\/uploads\/2023\/12\/IMG-20231222-WA0097-300x200.jpg 300w, https:\/\/www.yucatanencorto.com\/noticias\/wp-content\/uploads\/2023\/12\/IMG-20231222-WA0097-696x464.jpg 696w, https:\/\/www.yucatanencorto.com\/noticias\/wp-content\/uploads\/2023\/12\/IMG-20231222-WA0097-1068x713.jpg 1068w\" sizes=\"auto, (max-width: 768px) 100vw, 768px\" \/><\/p>\n<p>M\u00e9rida, Yucat\u00e1n, 22 de diciembre de 2023.- Desde el Ayuntamiento promovemos pol\u00edticas p\u00fablicas que nos permiten trabajar en la prevenci\u00f3n del delito, la procuraci\u00f3n de la justicia y el estado de derecho, e impulsar programas como el de Guardardarques que, sumado a la Polic\u00eda Municipal, desempe\u00f1an un gran trabajo a favor de M\u00e9rida, asegur\u00f3 el alcalde Alejandro Ruz Castro.<\/p>\n<p>&nbsp;<\/p>\n<p>En el marco de la presentaci\u00f3n de la sexta generaci\u00f3n de Guardaparques y entrega de equipo a esta corporaci\u00f3n, evento efectuado en la explanada de usos m\u00faltiples del Jard\u00edn Bepensa, el Presidente Municipal expuso que este servicio de seguridad y vigilancia, que se realiza en los espacios p\u00fablicos de la ciudad, responde a la cultura de la prevenci\u00f3n y protecci\u00f3n ciudadana que se promueve en el municipio, donde el trabajo en equipo con la ciudadan\u00eda es una prioridad.<\/p>\n<p>&nbsp;<\/p>\n<p>\u201cEse es el trabajo de equipo que agradece la ciudadan\u00eda. Cuando todas y todos ponemos nuestro granito de arena podemos seguir construyendo esta M\u00e9rida fuerte y segura\u201d, expres\u00f3.<\/p>\n<p>&nbsp;<\/p>\n<p>Acompa\u00f1ado de Carlos Mart\u00edn Brice\u00f1o, director general de Fundaci\u00f3n Bepensa y Benjam\u00edn Millet Molina, secretario t\u00e9cnico del Programa Guardaparques, Ruz Castro inform\u00f3 que en esa generaci\u00f3n son 18 egresados de los cuales, 10 son hombres y 8 mujeres, quienes se suman a los 112 ya en operaci\u00f3n, para hacer un total de 130 elementos los que se encargar\u00e1n de vigilar 72 parques y monitorear m\u00e1s 200 espacios p\u00fabicos cercanos a sus zonas mediante rondines continuos.<\/p>\n<p>&nbsp;<\/p>\n<p>En ese contexto, record\u00f3 que Programas como \u00e9ste mantienen a M\u00e9rida con el 72.2% de percepci\u00f3n de seguridad, seg\u00fan cifras del tercer trimestre de 2023, dadas a conocer por la Encuesta de Seguridad P\u00fablica Urbana (ENSU).<\/p>\n<p>&nbsp;<\/p>\n<p>Asimismo, precis\u00f3 que el 27.7% de percepci\u00f3n de inseguridad que reporta la encuesta, contrasta con la media nacional, que es de 62.3%.<\/p>\n<p>&nbsp;<\/p>\n<p>\u201cEsto nos indica que vamos por buen camino, pero de ning\u00fan modo significa bajar la guardia. Al contrario, desde el Ayuntamiento continuamos profesionalizando y equipando a nuestros guardardarques, al igual que a toda la Polic\u00eda Municipal, para brindar el mejor servicio a todas y todos\u201d, resalt\u00f3.<\/p>\n<p>&nbsp;<\/p>\n<p>En su oportunidad, Carlos Mart\u00edn Brice\u00f1o, director general de Fundaci\u00f3n Bepensa, destac\u00f3 la sinergia que existe entre el Ayuntamiento y la sociedad civil para trabajar en equipo por la tranquilidad y seguridad de todas y todos los habitantes de M\u00e9rida.<\/p>\n<p>&nbsp;<\/p>\n<p>\u201cUna manera de lograrlo es trabajando de manera conjunta con el Ayuntamiento de M\u00e9rida y por esta raz\u00f3n decidimos sumarnos al programa de Guardaparques con la donaci\u00f3n de estas dos cuatrimotos como herramientas que faciliten la labor de vigilancia y protecci\u00f3n\u201d, coment\u00f3.<\/p>\n<p>&nbsp;<\/p>\n<p>Estoy seguro que esta colaboraci\u00f3n estrecha, abund\u00f3, ser\u00e1 pieza clave para garantizar la implementaci\u00f3n efectiva de medidas de seguridad y la gesti\u00f3n adecuada de los recursos necesarios para mantener y mejorar continuamente este espacio invaluable.<\/p>\n<p>&nbsp;<\/p>\n<p>Asimismo, Mart\u00edn Brice\u00f1o reiter\u00f3 el compromiso de Fundaci\u00f3n Bepensa para trabajar de la mano con el Ayuntamiento en este tipo de acciones y otras m\u00e1s que abonan al cuidado del medio ambiente y la sustentabilidad del municipio.<\/p>\n<p>&nbsp;<\/p>\n<p>En representaci\u00f3n de sus compa\u00f1eros, Andrea Canch\u00e9 Can egresada de la sexta generaci\u00f3n, agradeci\u00f3 la oportunidad de formar parte del equipo de Guardaparques y poder ser un v\u00ednculo importante entre la sociedad y el Ayuntamiento para servir a su comunidad, y que la ciudad siga siendo un referente de paz, armon\u00eda y cohesi\u00f3n social.<\/p>\n<p>&nbsp;<\/p>\n<p>En su intervenci\u00f3n, exhort\u00f3 a sus compa\u00f1eros de generaci\u00f3n a mantener siempre el compromiso de realizar una excelente labor buscando el bienestar de la poblaci\u00f3n procurando el cuidado de los espacios p\u00fablicos.<\/p>\n<p>&nbsp;<\/p>\n<p>\u201cLa seguridad de las personas que asisten a estos espacios es nuestra responsabilidad. Compa\u00f1eros tenemos ante nosotros una gran tarea que es la preservaci\u00f3n de los espacios p\u00fablicos como lugares de convivencia familiar y de convivencia entre los vecinos, no es una labor sencilla, tenemos que estar alertas y hacer recorridos permanentes verificando que los espacios p\u00fablicos sean usados de la manera adecuada y dispuestos\u201d, remarc\u00f3.<\/p>\n<p>&nbsp;<\/p>\n<p>Por su parte Benjam\u00edn Millet Molina, Secretario T\u00e9cnico del Programa Guardaparques precis\u00f3 que esta sexta generaci\u00f3n es una muestra clara del \u00e9xito que ha tenido el programa, y a\u00fan contamos con una alta demanda por parte de los ciudadanos, solicitando la cobertura de m\u00e1s parques.<\/p>\n<p>&nbsp;<\/p>\n<p>\u201cSolo as\u00ed, mediante la cohesi\u00f3n social, en donde prevalece la interacci\u00f3n entre gobierno, sector privado y la sociedad en su conjunto, es como M\u00e9rida se consolida como una de las mejores ciudades para vivir\u201d, expres\u00f3.<\/p>\n<p>&nbsp;<\/p>\n<p>Inform\u00f3 que las 2 cuatrimotos marca Italika, modelo ATV200, de 200 cc, con valor de 59 mil pesos, donadas por Bepensa, se suman a las 3 camionetas tipo Pick Up, 36 bicicletas, 16 motocicletas, 12 cuatrimotos, 15 scooters y 74 radios de comunicaci\u00f3n, con los que cuenta el programa y en los que se han invertido alrededor de 11 millones de pesos.<\/p>\n<p>&nbsp;<\/p>\n<p>El funcionario indico que la capacitaci\u00f3n de los 18 nuevos elementos incluy\u00f3 radio-comunicaci\u00f3n, primeros auxilios, protecci\u00f3n civil, manejo y conducci\u00f3n, cultura vial, biodiversidad, proximidad social, defensa personal y acondicionamiento f\u00edsico, arbolado urbano y parques arqueol\u00f3gicos.<\/p>\n<p>&nbsp;<\/p>\n<p>Asimismo, dijo que el Ayuntamiento invirti\u00f3 m\u00e1s de 11 millones de pesos para adquirir el equipo que permite la vigilancia y atenci\u00f3n de las familias que acuden a los parques.<\/p>\n<p>&nbsp;<\/p>\n<p>Indic\u00f3 que con la integraci\u00f3n del nuevo grupo de Guaradaparques se vigilar\u00e1n los parques de La Ermita, la Ceiba, Ex Rastro, L\u00e1zaro C\u00e1rdenas, Miraflores, Pista Roja, Deportes Extremos, Pensiones I Etapa y La Capilla en Francisco de Montejo.<\/p>\n<p>&nbsp;<\/p>\n<p>El programa actualmente est\u00e1 presente en los parques: Ecol\u00f3gico del Poniente, Parque de la Alem\u00e1n, Acuaparque, Parque Triangulo de Brisas, Parque Arqueol\u00f3gico de Xoclan, Parque Arqueol\u00f3gico de Reparto Granjas, Parque Hundido Pedro Infante Cruz, Parque Japon\u00e9s, Parque Crescencio Rej\u00f3n, Parque Emiliano Zapata Sur I y II, Parque Recreativo de Oriente, Parque Kalia, Parque Tabentha, Parque Dolores Otero, Parque de Las Am\u00e9ricas, Parque Hundido de San Jos\u00e9 Tecoh Sur.<\/p>\n<p>&nbsp;<\/p>\n<p>Tambi\u00e9n el Parque Francisco de Montejo III, Parque Cantaritos, Parque Deportivo Chenk\u00fa Norte, Parque Deportivo Madero, Parque Jardines de Pensiones, Parque Bugambilias de Chuburn\u00e1, Parque Melit\u00f3n Salazar, Parque Castilla C\u00e1mara, Parque Cinco Colonias, Parque Los Reyes, Parque Serapio Rend\u00f3n, Parque Deportivo Unidad Morelos, Parque Cuauht\u00e9moc (Mercedes Barrera) y Parque Misn\u00e9 Nuevo.<\/p>\n<p>&nbsp;<\/p>\n<p>Graciano Ricalde, Parque San Arturo Xluch, Parque Juan Pablo II, Parque Amalia Solorzano, Parque San Nicolas del Sur, Parque Cortes Sarmiento, Parque San Pedro Cholul, San Sebasti\u00e1n, Parque Tixcacal Opich\u00e9n, Parque Cantaritos Del Sur, Parque San Juanistas, Parque de la Juventud, Parque de la Xtabay, Parque Jes\u00fas Carranza, Parque Pez Volador, Parque de la Esperanza, Parque Emancipaci\u00f3n, Parque de Chuburn\u00e1, Parque de la Mestiza, Parque Colonia Roma, Parque el Porvenir, Parque Amapola, Parque \u00c1lamos del Sur, Parque Santa Rosa, Parque Alborada, Parque Roble II, Parque Azcorra, Parque San Pablo Uxmal, Parque Mulsay, Parque El Rosario, Parque Montes de Ame, Parque de la colonia Maya y Parque La Florida.<\/p>\n<p>&nbsp;<\/p>\n<p>Finalmente, en la presentaci\u00f3n estuvieron en el pres\u00eddium: Celia Rivas Rodr\u00edguez, regidora Presidenta de la Comisi\u00f3n de Seguridad P\u00fablica y Tr\u00e1nsito; el Comisario Mario Arturo Romero Escalante, director de la Polic\u00eda Municipal y Andr\u00e9s Zentella Ortega, director de Asuntos Corporativos de Bepensa.<\/p>\n","protected":false},"excerpt":{"rendered":"<p>M\u00e9rida, Yucat\u00e1n, 22 de diciembre de 2023.- Desde el Ayuntamiento promovemos pol\u00edticas p\u00fablicas que nos permiten trabajar en la prevenci\u00f3n del delito, la procuraci\u00f3n de la justicia y el estado de derecho, e impulsar programas como el de Guardardarques que, sumado a la Polic\u00eda Municipal, desempe\u00f1an un gran trabajo a favor de M\u00e9rida, asegur\u00f3 el [&hellip;]<\/p>\n","protected":false},"author":3,"featured_media":101626,"comment_status":"closed","ping_status":"closed","sticky":false,"template":"","format":"standard","meta":{"footnotes":""},"categories":[3],"tags":[],"class_list":{"0":"post-101625","1":"post","2":"type-post","3":"status-publish","4":"format-standard","5":"has-post-thumbnail","7":"category-yucatan"},"yoast_head":"<!-- This site is optimized with the Yoast SEO plugin v27.4 - https:\/\/yoast.com\/product\/yoast-seo-wordpress\/ -->\n<title>Presentan nuevo equipo de Guardaparques - Yucat\u00e1n en corto<\/title>\n<meta name=\"robots\" content=\"index, follow, max-snippet:-1, max-image-preview:large, max-video-preview:-1\" \/>\n<link rel=\"canonical\" href=\"https:\/\/www.yucatanencorto.com\/noticias\/presentan-nuevo-equipo-de-guardaparques\/\" \/>\n<meta property=\"og:locale\" content=\"es_ES\" \/>\n<meta property=\"og:type\" content=\"article\" \/>\n<meta property=\"og:title\" content=\"Presentan nuevo equipo de Guardaparques - Yucat\u00e1n en corto\" \/>\n<meta property=\"og:description\" content=\"M\u00e9rida, Yucat\u00e1n, 22 de diciembre de 2023.- Desde el Ayuntamiento promovemos pol\u00edticas p\u00fablicas que nos permiten trabajar en la prevenci\u00f3n del delito, la procuraci\u00f3n de la justicia y el estado de derecho, e impulsar programas como el de Guardardarques que, sumado a la Polic\u00eda Municipal, desempe\u00f1an un gran trabajo a favor de M\u00e9rida, asegur\u00f3 el [&hellip;]\" \/>\n<meta property=\"og:url\" content=\"https:\/\/www.yucatanencorto.com\/noticias\/presentan-nuevo-equipo-de-guardaparques\/\" \/>\n<meta property=\"og:site_name\" content=\"Yucat\u00e1n en corto\" \/>\n<meta property=\"article:publisher\" content=\"http:\/\/www.facebook.com\/yucatanencorto\" \/>\n<meta property=\"article:published_time\" content=\"2023-12-23T00:57:07+00:00\" \/>\n<meta property=\"og:image\" content=\"https:\/\/www.yucatanencorto.com\/noticias\/wp-content\/uploads\/2023\/12\/IMG-20231222-WA0097-scaled.jpg\" \/>\n\t<meta property=\"og:image:width\" content=\"768\" \/>\n\t<meta property=\"og:image:height\" content=\"512\" \/>\n\t<meta property=\"og:image:type\" content=\"image\/jpeg\" \/>\n<meta name=\"author\" content=\"Redes\" \/>\n<meta name=\"twitter:card\" content=\"summary_large_image\" \/>\n<meta name=\"twitter:creator\" content=\"@yucatanencorto\" \/>\n<meta name=\"twitter:site\" content=\"@yucatanencorto\" \/>\n<meta name=\"twitter:label1\" content=\"Escrito por\" \/>\n\t<meta name=\"twitter:data1\" content=\"Redes\" \/>\n\t<meta name=\"twitter:label2\" content=\"Tiempo de lectura\" \/>\n\t<meta name=\"twitter:data2\" content=\"6 minutos\" \/>\n<script type=\"application\/ld+json\" class=\"yoast-schema-graph\">{\"@context\":\"https:\\\/\\\/schema.org\",\"@graph\":[{\"@type\":\"Article\",\"@id\":\"https:\\\/\\\/www.yucatanencorto.com\\\/noticias\\\/presentan-nuevo-equipo-de-guardaparques\\\/#article\",\"isPartOf\":{\"@id\":\"https:\\\/\\\/www.yucatanencorto.com\\\/noticias\\\/presentan-nuevo-equipo-de-guardaparques\\\/\"},\"author\":{\"name\":\"Redes\",\"@id\":\"https:\\\/\\\/www.yucatanencorto.com\\\/noticias\\\/#\\\/schema\\\/person\\\/e2fbdfaf30a07014a43940ce989f3119\"},\"headline\":\"Presentan nuevo equipo de Guardaparques\",\"datePublished\":\"2023-12-23T00:57:07+00:00\",\"mainEntityOfPage\":{\"@id\":\"https:\\\/\\\/www.yucatanencorto.com\\\/noticias\\\/presentan-nuevo-equipo-de-guardaparques\\\/\"},\"wordCount\":1281,\"image\":{\"@id\":\"https:\\\/\\\/www.yucatanencorto.com\\\/noticias\\\/presentan-nuevo-equipo-de-guardaparques\\\/#primaryimage\"},\"thumbnailUrl\":\"https:\\\/\\\/www.yucatanencorto.com\\\/noticias\\\/wp-content\\\/uploads\\\/2023\\\/12\\\/IMG-20231222-WA0097-scaled.jpg\",\"articleSection\":[\"Yucat\u00e1n\"],\"inLanguage\":\"es\"},{\"@type\":\"WebPage\",\"@id\":\"https:\\\/\\\/www.yucatanencorto.com\\\/noticias\\\/presentan-nuevo-equipo-de-guardaparques\\\/\",\"url\":\"https:\\\/\\\/www.yucatanencorto.com\\\/noticias\\\/presentan-nuevo-equipo-de-guardaparques\\\/\",\"name\":\"Presentan nuevo equipo de Guardaparques - Yucat\u00e1n en corto\",\"isPartOf\":{\"@id\":\"https:\\\/\\\/www.yucatanencorto.com\\\/noticias\\\/#website\"},\"primaryImageOfPage\":{\"@id\":\"https:\\\/\\\/www.yucatanencorto.com\\\/noticias\\\/presentan-nuevo-equipo-de-guardaparques\\\/#primaryimage\"},\"image\":{\"@id\":\"https:\\\/\\\/www.yucatanencorto.com\\\/noticias\\\/presentan-nuevo-equipo-de-guardaparques\\\/#primaryimage\"},\"thumbnailUrl\":\"https:\\\/\\\/www.yucatanencorto.com\\\/noticias\\\/wp-content\\\/uploads\\\/2023\\\/12\\\/IMG-20231222-WA0097-scaled.jpg\",\"datePublished\":\"2023-12-23T00:57:07+00:00\",\"author\":{\"@id\":\"https:\\\/\\\/www.yucatanencorto.com\\\/noticias\\\/#\\\/schema\\\/person\\\/e2fbdfaf30a07014a43940ce989f3119\"},\"breadcrumb\":{\"@id\":\"https:\\\/\\\/www.yucatanencorto.com\\\/noticias\\\/presentan-nuevo-equipo-de-guardaparques\\\/#breadcrumb\"},\"inLanguage\":\"es\",\"potentialAction\":[{\"@type\":\"ReadAction\",\"target\":[\"https:\\\/\\\/www.yucatanencorto.com\\\/noticias\\\/presentan-nuevo-equipo-de-guardaparques\\\/\"]}]},{\"@type\":\"ImageObject\",\"inLanguage\":\"es\",\"@id\":\"https:\\\/\\\/www.yucatanencorto.com\\\/noticias\\\/presentan-nuevo-equipo-de-guardaparques\\\/#primaryimage\",\"url\":\"https:\\\/\\\/www.yucatanencorto.com\\\/noticias\\\/wp-content\\\/uploads\\\/2023\\\/12\\\/IMG-20231222-WA0097-scaled.jpg\",\"contentUrl\":\"https:\\\/\\\/www.yucatanencorto.com\\\/noticias\\\/wp-content\\\/uploads\\\/2023\\\/12\\\/IMG-20231222-WA0097-scaled.jpg\",\"width\":768,\"height\":512},{\"@type\":\"BreadcrumbList\",\"@id\":\"https:\\\/\\\/www.yucatanencorto.com\\\/noticias\\\/presentan-nuevo-equipo-de-guardaparques\\\/#breadcrumb\",\"itemListElement\":[{\"@type\":\"ListItem\",\"position\":1,\"name\":\"Portada\",\"item\":\"https:\\\/\\\/www.yucatanencorto.com\\\/noticias\\\/\"},{\"@type\":\"ListItem\",\"position\":2,\"name\":\"Presentan nuevo equipo de Guardaparques\"}]},{\"@type\":\"WebSite\",\"@id\":\"https:\\\/\\\/www.yucatanencorto.com\\\/noticias\\\/#website\",\"url\":\"https:\\\/\\\/www.yucatanencorto.com\\\/noticias\\\/\",\"name\":\"Yucat\u00e1n en corto\",\"description\":\"Noticias\",\"potentialAction\":[{\"@type\":\"SearchAction\",\"target\":{\"@type\":\"EntryPoint\",\"urlTemplate\":\"https:\\\/\\\/www.yucatanencorto.com\\\/noticias\\\/?s={search_term_string}\"},\"query-input\":{\"@type\":\"PropertyValueSpecification\",\"valueRequired\":true,\"valueName\":\"search_term_string\"}}],\"inLanguage\":\"es\"},{\"@type\":\"Person\",\"@id\":\"https:\\\/\\\/www.yucatanencorto.com\\\/noticias\\\/#\\\/schema\\\/person\\\/e2fbdfaf30a07014a43940ce989f3119\",\"name\":\"Redes\",\"image\":{\"@type\":\"ImageObject\",\"inLanguage\":\"es\",\"@id\":\"https:\\\/\\\/secure.gravatar.com\\\/avatar\\\/5931a2d21dd7cc834f44c8c34fe56d90ed6d536ef452cbf870c7485b524dddd7?s=96&d=mm&r=g\",\"url\":\"https:\\\/\\\/secure.gravatar.com\\\/avatar\\\/5931a2d21dd7cc834f44c8c34fe56d90ed6d536ef452cbf870c7485b524dddd7?s=96&d=mm&r=g\",\"contentUrl\":\"https:\\\/\\\/secure.gravatar.com\\\/avatar\\\/5931a2d21dd7cc834f44c8c34fe56d90ed6d536ef452cbf870c7485b524dddd7?s=96&d=mm&r=g\",\"caption\":\"Redes\"},\"url\":\"https:\\\/\\\/www.yucatanencorto.com\\\/noticias\\\/author\\\/redes\\\/\"}]}<\/script>\n<!-- \/ Yoast SEO plugin. -->","yoast_head_json":{"title":"Presentan nuevo equipo de Guardaparques - Yucat\u00e1n en corto","robots":{"index":"index","follow":"follow","max-snippet":"max-snippet:-1","max-image-preview":"max-image-preview:large","max-video-preview":"max-video-preview:-1"},"canonical":"https:\/\/www.yucatanencorto.com\/noticias\/presentan-nuevo-equipo-de-guardaparques\/","og_locale":"es_ES","og_type":"article","og_title":"Presentan nuevo equipo de Guardaparques - Yucat\u00e1n en corto","og_description":"M\u00e9rida, Yucat\u00e1n, 22 de diciembre de 2023.- Desde el Ayuntamiento promovemos pol\u00edticas p\u00fablicas que nos permiten trabajar en la prevenci\u00f3n del delito, la procuraci\u00f3n de la justicia y el estado de derecho, e impulsar programas como el de Guardardarques que, sumado a la Polic\u00eda Municipal, desempe\u00f1an un gran trabajo a favor de M\u00e9rida, asegur\u00f3 el [&hellip;]","og_url":"https:\/\/www.yucatanencorto.com\/noticias\/presentan-nuevo-equipo-de-guardaparques\/","og_site_name":"Yucat\u00e1n en corto","article_publisher":"http:\/\/www.facebook.com\/yucatanencorto","article_published_time":"2023-12-23T00:57:07+00:00","og_image":[{"width":768,"height":512,"url":"https:\/\/www.yucatanencorto.com\/noticias\/wp-content\/uploads\/2023\/12\/IMG-20231222-WA0097-scaled.jpg","type":"image\/jpeg"}],"author":"Redes","twitter_card":"summary_large_image","twitter_creator":"@yucatanencorto","twitter_site":"@yucatanencorto","twitter_misc":{"Escrito por":"Redes","Tiempo de lectura":"6 minutos"},"schema":{"@context":"https:\/\/schema.org","@graph":[{"@type":"Article","@id":"https:\/\/www.yucatanencorto.com\/noticias\/presentan-nuevo-equipo-de-guardaparques\/#article","isPartOf":{"@id":"https:\/\/www.yucatanencorto.com\/noticias\/presentan-nuevo-equipo-de-guardaparques\/"},"author":{"name":"Redes","@id":"https:\/\/www.yucatanencorto.com\/noticias\/#\/schema\/person\/e2fbdfaf30a07014a43940ce989f3119"},"headline":"Presentan nuevo equipo de Guardaparques","datePublished":"2023-12-23T00:57:07+00:00","mainEntityOfPage":{"@id":"https:\/\/www.yucatanencorto.com\/noticias\/presentan-nuevo-equipo-de-guardaparques\/"},"wordCount":1281,"image":{"@id":"https:\/\/www.yucatanencorto.com\/noticias\/presentan-nuevo-equipo-de-guardaparques\/#primaryimage"},"thumbnailUrl":"https:\/\/www.yucatanencorto.com\/noticias\/wp-content\/uploads\/2023\/12\/IMG-20231222-WA0097-scaled.jpg","articleSection":["Yucat\u00e1n"],"inLanguage":"es"},{"@type":"WebPage","@id":"https:\/\/www.yucatanencorto.com\/noticias\/presentan-nuevo-equipo-de-guardaparques\/","url":"https:\/\/www.yucatanencorto.com\/noticias\/presentan-nuevo-equipo-de-guardaparques\/","name":"Presentan nuevo equipo de Guardaparques - Yucat\u00e1n en corto","isPartOf":{"@id":"https:\/\/www.yucatanencorto.com\/noticias\/#website"},"primaryImageOfPage":{"@id":"https:\/\/www.yucatanencorto.com\/noticias\/presentan-nuevo-equipo-de-guardaparques\/#primaryimage"},"image":{"@id":"https:\/\/www.yucatanencorto.com\/noticias\/presentan-nuevo-equipo-de-guardaparques\/#primaryimage"},"thumbnailUrl":"https:\/\/www.yucatanencorto.com\/noticias\/wp-content\/uploads\/2023\/12\/IMG-20231222-WA0097-scaled.jpg","datePublished":"2023-12-23T00:57:07+00:00","author":{"@id":"https:\/\/www.yucatanencorto.com\/noticias\/#\/schema\/person\/e2fbdfaf30a07014a43940ce989f3119"},"breadcrumb":{"@id":"https:\/\/www.yucatanencorto.com\/noticias\/presentan-nuevo-equipo-de-guardaparques\/#breadcrumb"},"inLanguage":"es","potentialAction":[{"@type":"ReadAction","target":["https:\/\/www.yucatanencorto.com\/noticias\/presentan-nuevo-equipo-de-guardaparques\/"]}]},{"@type":"ImageObject","inLanguage":"es","@id":"https:\/\/www.yucatanencorto.com\/noticias\/presentan-nuevo-equipo-de-guardaparques\/#primaryimage","url":"https:\/\/www.yucatanencorto.com\/noticias\/wp-content\/uploads\/2023\/12\/IMG-20231222-WA0097-scaled.jpg","contentUrl":"https:\/\/www.yucatanencorto.com\/noticias\/wp-content\/uploads\/2023\/12\/IMG-20231222-WA0097-scaled.jpg","width":768,"height":512},{"@type":"BreadcrumbList","@id":"https:\/\/www.yucatanencorto.com\/noticias\/presentan-nuevo-equipo-de-guardaparques\/#breadcrumb","itemListElement":[{"@type":"ListItem","position":1,"name":"Portada","item":"https:\/\/www.yucatanencorto.com\/noticias\/"},{"@type":"ListItem","position":2,"name":"Presentan nuevo equipo de Guardaparques"}]},{"@type":"WebSite","@id":"https:\/\/www.yucatanencorto.com\/noticias\/#website","url":"https:\/\/www.yucatanencorto.com\/noticias\/","name":"Yucat\u00e1n en corto","description":"Noticias","potentialAction":[{"@type":"SearchAction","target":{"@type":"EntryPoint","urlTemplate":"https:\/\/www.yucatanencorto.com\/noticias\/?s={search_term_string}"},"query-input":{"@type":"PropertyValueSpecification","valueRequired":true,"valueName":"search_term_string"}}],"inLanguage":"es"},{"@type":"Person","@id":"https:\/\/www.yucatanencorto.com\/noticias\/#\/schema\/person\/e2fbdfaf30a07014a43940ce989f3119","name":"Redes","image":{"@type":"ImageObject","inLanguage":"es","@id":"https:\/\/secure.gravatar.com\/avatar\/5931a2d21dd7cc834f44c8c34fe56d90ed6d536ef452cbf870c7485b524dddd7?s=96&d=mm&r=g","url":"https:\/\/secure.gravatar.com\/avatar\/5931a2d21dd7cc834f44c8c34fe56d90ed6d536ef452cbf870c7485b524dddd7?s=96&d=mm&r=g","contentUrl":"https:\/\/secure.gravatar.com\/avatar\/5931a2d21dd7cc834f44c8c34fe56d90ed6d536ef452cbf870c7485b524dddd7?s=96&d=mm&r=g","caption":"Redes"},"url":"https:\/\/www.yucatanencorto.com\/noticias\/author\/redes\/"}]}},"_links":{"self":[{"href":"https:\/\/www.yucatanencorto.com\/noticias\/wp-json\/wp\/v2\/posts\/101625","targetHints":{"allow":["GET"]}}],"collection":[{"href":"https:\/\/www.yucatanencorto.com\/noticias\/wp-json\/wp\/v2\/posts"}],"about":[{"href":"https:\/\/www.yucatanencorto.com\/noticias\/wp-json\/wp\/v2\/types\/post"}],"author":[{"embeddable":true,"href":"https:\/\/www.yucatanencorto.com\/noticias\/wp-json\/wp\/v2\/users\/3"}],"replies":[{"embeddable":true,"href":"https:\/\/www.yucatanencorto.com\/noticias\/wp-json\/wp\/v2\/comments?post=101625"}],"version-history":[{"count":0,"href":"https:\/\/www.yucatanencorto.com\/noticias\/wp-json\/wp\/v2\/posts\/101625\/revisions"}],"wp:featuredmedia":[{"embeddable":true,"href":"https:\/\/www.yucatanencorto.com\/noticias\/wp-json\/wp\/v2\/media\/101626"}],"wp:attachment":[{"href":"https:\/\/www.yucatanencorto.com\/noticias\/wp-json\/wp\/v2\/media?parent=101625"}],"wp:term":[{"taxonomy":"category","embeddable":true,"href":"https:\/\/www.yucatanencorto.com\/noticias\/wp-json\/wp\/v2\/categories?post=101625"},{"taxonomy":"post_tag","embeddable":true,"href":"https:\/\/www.yucatanencorto.com\/noticias\/wp-json\/wp\/v2\/tags?post=101625"}],"curies":[{"name":"wp","href":"https:\/\/api.w.org\/{rel}","templated":true}]}}