{"id":101628,"date":"2023-12-22T18:59:58","date_gmt":"2023-12-23T00:59:58","guid":{"rendered":"https:\/\/www.yucatanencorto.com\/noticias\/?p=101628"},"modified":"2023-12-22T18:59:58","modified_gmt":"2023-12-23T00:59:58","slug":"cecilia-patron-una-sola-merida-con-energias-limpias-y-economia-verde","status":"publish","type":"post","link":"https:\/\/www.yucatanencorto.com\/noticias\/cecilia-patron-una-sola-merida-con-energias-limpias-y-economia-verde\/","title":{"rendered":"Cecilia Patr\u00f3n: Una sola M\u00e9rida con energ\u00edas limpias y econom\u00eda verde.\u00a0\u00a0"},"content":{"rendered":"<p><img loading=\"lazy\" decoding=\"async\" class=\"alignnone size-full wp-image-101629\" src=\"https:\/\/www.yucatanencorto.com\/noticias\/wp-content\/uploads\/2023\/12\/IMG-20231222-WA0101-scaled.jpg\" alt=\"\" width=\"768\" height=\"512\" srcset=\"https:\/\/www.yucatanencorto.com\/noticias\/wp-content\/uploads\/2023\/12\/IMG-20231222-WA0101-scaled.jpg 768w, https:\/\/www.yucatanencorto.com\/noticias\/wp-content\/uploads\/2023\/12\/IMG-20231222-WA0101-150x100.jpg 150w, https:\/\/www.yucatanencorto.com\/noticias\/wp-content\/uploads\/2023\/12\/IMG-20231222-WA0101-300x200.jpg 300w, https:\/\/www.yucatanencorto.com\/noticias\/wp-content\/uploads\/2023\/12\/IMG-20231222-WA0101-696x464.jpg 696w, https:\/\/www.yucatanencorto.com\/noticias\/wp-content\/uploads\/2023\/12\/IMG-20231222-WA0101-1068x712.jpg 1068w\" sizes=\"auto, (max-width: 768px) 100vw, 768px\" \/><\/p>\n<p>M\u00e9rida, Yucat\u00e1n a 22 de diciembre de 2023<\/p>\n<p>Invertir en m\u00e1s alternativas de energ\u00eda limpia que ayuden conservar el medio ambiente y mejorar la econom\u00eda de las familias meridanas son algunas ideas que compartieron a Cecilia Patr\u00f3n Laviada militantes panistas del sur y oriente de M\u00e9rida.<\/p>\n<p>&nbsp;<\/p>\n<p>\u201cReducir el consumo de energ\u00edas contaminantes y buscar alternativas que signifiquen ahorro para los ciudadanos ser\u00e1 un gran reto al que debemos estar dispuestos a enfrentar en equipo, mejorando la infraestructura de la ciudad e implementando alternativas sustentables a los servicios p\u00fablicos, lo que permitir\u00e1 darle grandes resultados al futuro de nuestra chula M\u00e9rida\u201d.<\/p>\n<p>&nbsp;<\/p>\n<p>Como parte de los di\u00e1logos con militantes y simpatizantes de PAN Yucat\u00e1n, Cecilia Patr\u00f3n coincidi\u00f3 en que ahorrar a trav\u00e9s de energ\u00edas limpias permitir\u00e1 contar con m\u00e1s servicios p\u00fablicos de calidad y mejoras en el desarrollo sostenible de los meridanos.<\/p>\n<p>&nbsp;<\/p>\n<p>\u201cPensando de forma innovadora en alternativas modernas se podr\u00e1 reducir el costo en el gasto energ\u00e9tico en los principales servicios p\u00fablicos, como por ejemplo en el alumbrado p\u00fablico que funcione con energ\u00eda solar o fuentes alternas de energ\u00eda en el dise\u00f1o de nuevos espacios p\u00fablicos\u201d resalt\u00f3.<\/p>\n<p>&nbsp;<\/p>\n<p>El Ayuntamiento M\u00e9rida ha realizado adecuaciones importantes en la colocaci\u00f3n de paneles solares en m\u00e1s de 100 edificios municipales, reduciendo el gasto de energ\u00eda el\u00e9ctrica; adem\u00e1s se ha realizado una inversi\u00f3n de alumbrado p\u00fablico con iluminaci\u00f3n LED para brindar mayor seguridad en vialidades principales, parques y \u00e1reas verdes que ayudan al ahorro del gasto de energ\u00eda.<\/p>\n<p>&nbsp;<\/p>\n<p>Adem\u00e1s de las mejoras de infraestructura p\u00fablica, se han implementado pol\u00edticas p\u00fablicas que benefician de manera directa a la poblaci\u00f3n, como lo los est\u00edmulos en pago de predial para viviendas o comercios con techos verdes, es decir que cuenten y acrediten el uso de paneles solares para la reducci\u00f3n de consumo el\u00e9ctrico.<\/p>\n","protected":false},"excerpt":{"rendered":"<p>M\u00e9rida, Yucat\u00e1n a 22 de diciembre de 2023 Invertir en m\u00e1s alternativas de energ\u00eda limpia que ayuden conservar el medio ambiente y mejorar la econom\u00eda de las familias meridanas son algunas ideas que compartieron a Cecilia Patr\u00f3n Laviada militantes panistas del sur y oriente de M\u00e9rida. &nbsp; \u201cReducir el consumo de energ\u00edas contaminantes y buscar [&hellip;]<\/p>\n","protected":false},"author":3,"featured_media":101629,"comment_status":"closed","ping_status":"closed","sticky":false,"template":"","format":"standard","meta":{"footnotes":""},"categories":[3],"tags":[],"class_list":{"0":"post-101628","1":"post","2":"type-post","3":"status-publish","4":"format-standard","5":"has-post-thumbnail","7":"category-yucatan"},"yoast_head":"<!-- This site is optimized with the Yoast SEO plugin v27.4 - https:\/\/yoast.com\/product\/yoast-seo-wordpress\/ -->\n<title>Cecilia Patr\u00f3n: Una sola M\u00e9rida con energ\u00edas limpias y econom\u00eda verde.\u00a0\u00a0 - Yucat\u00e1n en corto<\/title>\n<meta name=\"robots\" content=\"index, follow, max-snippet:-1, max-image-preview:large, max-video-preview:-1\" \/>\n<link rel=\"canonical\" href=\"https:\/\/www.yucatanencorto.com\/noticias\/cecilia-patron-una-sola-merida-con-energias-limpias-y-economia-verde\/\" \/>\n<meta property=\"og:locale\" content=\"es_ES\" \/>\n<meta property=\"og:type\" content=\"article\" \/>\n<meta property=\"og:title\" content=\"Cecilia Patr\u00f3n: Una sola M\u00e9rida con energ\u00edas limpias y econom\u00eda verde.\u00a0\u00a0 - Yucat\u00e1n en corto\" \/>\n<meta property=\"og:description\" content=\"M\u00e9rida, Yucat\u00e1n a 22 de diciembre de 2023 Invertir en m\u00e1s alternativas de energ\u00eda limpia que ayuden conservar el medio ambiente y mejorar la econom\u00eda de las familias meridanas son algunas ideas que compartieron a Cecilia Patr\u00f3n Laviada militantes panistas del sur y oriente de M\u00e9rida. &nbsp; \u201cReducir el consumo de energ\u00edas contaminantes y buscar [&hellip;]\" \/>\n<meta property=\"og:url\" content=\"https:\/\/www.yucatanencorto.com\/noticias\/cecilia-patron-una-sola-merida-con-energias-limpias-y-economia-verde\/\" \/>\n<meta property=\"og:site_name\" content=\"Yucat\u00e1n en corto\" \/>\n<meta property=\"article:publisher\" content=\"http:\/\/www.facebook.com\/yucatanencorto\" \/>\n<meta property=\"article:published_time\" content=\"2023-12-23T00:59:58+00:00\" \/>\n<meta property=\"og:image\" content=\"https:\/\/www.yucatanencorto.com\/noticias\/wp-content\/uploads\/2023\/12\/IMG-20231222-WA0101-scaled.jpg\" \/>\n\t<meta property=\"og:image:width\" content=\"768\" \/>\n\t<meta property=\"og:image:height\" content=\"512\" \/>\n\t<meta property=\"og:image:type\" content=\"image\/jpeg\" \/>\n<meta name=\"author\" content=\"Redes\" \/>\n<meta name=\"twitter:card\" content=\"summary_large_image\" \/>\n<meta name=\"twitter:creator\" content=\"@yucatanencorto\" \/>\n<meta name=\"twitter:site\" content=\"@yucatanencorto\" \/>\n<meta name=\"twitter:label1\" content=\"Escrito por\" \/>\n\t<meta name=\"twitter:data1\" content=\"Redes\" \/>\n\t<meta name=\"twitter:label2\" content=\"Tiempo de lectura\" \/>\n\t<meta name=\"twitter:data2\" content=\"2 minutos\" \/>\n<script type=\"application\/ld+json\" class=\"yoast-schema-graph\">{\"@context\":\"https:\\\/\\\/schema.org\",\"@graph\":[{\"@type\":\"Article\",\"@id\":\"https:\\\/\\\/www.yucatanencorto.com\\\/noticias\\\/cecilia-patron-una-sola-merida-con-energias-limpias-y-economia-verde\\\/#article\",\"isPartOf\":{\"@id\":\"https:\\\/\\\/www.yucatanencorto.com\\\/noticias\\\/cecilia-patron-una-sola-merida-con-energias-limpias-y-economia-verde\\\/\"},\"author\":{\"name\":\"Redes\",\"@id\":\"https:\\\/\\\/www.yucatanencorto.com\\\/noticias\\\/#\\\/schema\\\/person\\\/e2fbdfaf30a07014a43940ce989f3119\"},\"headline\":\"Cecilia Patr\u00f3n: Una sola M\u00e9rida con energ\u00edas limpias y econom\u00eda verde.\u00a0\u00a0\",\"datePublished\":\"2023-12-23T00:59:58+00:00\",\"mainEntityOfPage\":{\"@id\":\"https:\\\/\\\/www.yucatanencorto.com\\\/noticias\\\/cecilia-patron-una-sola-merida-con-energias-limpias-y-economia-verde\\\/\"},\"wordCount\":353,\"image\":{\"@id\":\"https:\\\/\\\/www.yucatanencorto.com\\\/noticias\\\/cecilia-patron-una-sola-merida-con-energias-limpias-y-economia-verde\\\/#primaryimage\"},\"thumbnailUrl\":\"https:\\\/\\\/www.yucatanencorto.com\\\/noticias\\\/wp-content\\\/uploads\\\/2023\\\/12\\\/IMG-20231222-WA0101-scaled.jpg\",\"articleSection\":[\"Yucat\u00e1n\"],\"inLanguage\":\"es\"},{\"@type\":\"WebPage\",\"@id\":\"https:\\\/\\\/www.yucatanencorto.com\\\/noticias\\\/cecilia-patron-una-sola-merida-con-energias-limpias-y-economia-verde\\\/\",\"url\":\"https:\\\/\\\/www.yucatanencorto.com\\\/noticias\\\/cecilia-patron-una-sola-merida-con-energias-limpias-y-economia-verde\\\/\",\"name\":\"Cecilia Patr\u00f3n: Una sola M\u00e9rida con energ\u00edas limpias y econom\u00eda verde.\u00a0\u00a0 - Yucat\u00e1n en corto\",\"isPartOf\":{\"@id\":\"https:\\\/\\\/www.yucatanencorto.com\\\/noticias\\\/#website\"},\"primaryImageOfPage\":{\"@id\":\"https:\\\/\\\/www.yucatanencorto.com\\\/noticias\\\/cecilia-patron-una-sola-merida-con-energias-limpias-y-economia-verde\\\/#primaryimage\"},\"image\":{\"@id\":\"https:\\\/\\\/www.yucatanencorto.com\\\/noticias\\\/cecilia-patron-una-sola-merida-con-energias-limpias-y-economia-verde\\\/#primaryimage\"},\"thumbnailUrl\":\"https:\\\/\\\/www.yucatanencorto.com\\\/noticias\\\/wp-content\\\/uploads\\\/2023\\\/12\\\/IMG-20231222-WA0101-scaled.jpg\",\"datePublished\":\"2023-12-23T00:59:58+00:00\",\"author\":{\"@id\":\"https:\\\/\\\/www.yucatanencorto.com\\\/noticias\\\/#\\\/schema\\\/person\\\/e2fbdfaf30a07014a43940ce989f3119\"},\"breadcrumb\":{\"@id\":\"https:\\\/\\\/www.yucatanencorto.com\\\/noticias\\\/cecilia-patron-una-sola-merida-con-energias-limpias-y-economia-verde\\\/#breadcrumb\"},\"inLanguage\":\"es\",\"potentialAction\":[{\"@type\":\"ReadAction\",\"target\":[\"https:\\\/\\\/www.yucatanencorto.com\\\/noticias\\\/cecilia-patron-una-sola-merida-con-energias-limpias-y-economia-verde\\\/\"]}]},{\"@type\":\"ImageObject\",\"inLanguage\":\"es\",\"@id\":\"https:\\\/\\\/www.yucatanencorto.com\\\/noticias\\\/cecilia-patron-una-sola-merida-con-energias-limpias-y-economia-verde\\\/#primaryimage\",\"url\":\"https:\\\/\\\/www.yucatanencorto.com\\\/noticias\\\/wp-content\\\/uploads\\\/2023\\\/12\\\/IMG-20231222-WA0101-scaled.jpg\",\"contentUrl\":\"https:\\\/\\\/www.yucatanencorto.com\\\/noticias\\\/wp-content\\\/uploads\\\/2023\\\/12\\\/IMG-20231222-WA0101-scaled.jpg\",\"width\":768,\"height\":512},{\"@type\":\"BreadcrumbList\",\"@id\":\"https:\\\/\\\/www.yucatanencorto.com\\\/noticias\\\/cecilia-patron-una-sola-merida-con-energias-limpias-y-economia-verde\\\/#breadcrumb\",\"itemListElement\":[{\"@type\":\"ListItem\",\"position\":1,\"name\":\"Portada\",\"item\":\"https:\\\/\\\/www.yucatanencorto.com\\\/noticias\\\/\"},{\"@type\":\"ListItem\",\"position\":2,\"name\":\"Cecilia Patr\u00f3n: Una sola M\u00e9rida con energ\u00edas limpias y econom\u00eda verde.\u00a0\u00a0\"}]},{\"@type\":\"WebSite\",\"@id\":\"https:\\\/\\\/www.yucatanencorto.com\\\/noticias\\\/#website\",\"url\":\"https:\\\/\\\/www.yucatanencorto.com\\\/noticias\\\/\",\"name\":\"Yucat\u00e1n en corto\",\"description\":\"Noticias\",\"potentialAction\":[{\"@type\":\"SearchAction\",\"target\":{\"@type\":\"EntryPoint\",\"urlTemplate\":\"https:\\\/\\\/www.yucatanencorto.com\\\/noticias\\\/?s={search_term_string}\"},\"query-input\":{\"@type\":\"PropertyValueSpecification\",\"valueRequired\":true,\"valueName\":\"search_term_string\"}}],\"inLanguage\":\"es\"},{\"@type\":\"Person\",\"@id\":\"https:\\\/\\\/www.yucatanencorto.com\\\/noticias\\\/#\\\/schema\\\/person\\\/e2fbdfaf30a07014a43940ce989f3119\",\"name\":\"Redes\",\"image\":{\"@type\":\"ImageObject\",\"inLanguage\":\"es\",\"@id\":\"https:\\\/\\\/secure.gravatar.com\\\/avatar\\\/5931a2d21dd7cc834f44c8c34fe56d90ed6d536ef452cbf870c7485b524dddd7?s=96&d=mm&r=g\",\"url\":\"https:\\\/\\\/secure.gravatar.com\\\/avatar\\\/5931a2d21dd7cc834f44c8c34fe56d90ed6d536ef452cbf870c7485b524dddd7?s=96&d=mm&r=g\",\"contentUrl\":\"https:\\\/\\\/secure.gravatar.com\\\/avatar\\\/5931a2d21dd7cc834f44c8c34fe56d90ed6d536ef452cbf870c7485b524dddd7?s=96&d=mm&r=g\",\"caption\":\"Redes\"},\"url\":\"https:\\\/\\\/www.yucatanencorto.com\\\/noticias\\\/author\\\/redes\\\/\"}]}<\/script>\n<!-- \/ Yoast SEO plugin. -->","yoast_head_json":{"title":"Cecilia Patr\u00f3n: Una sola M\u00e9rida con energ\u00edas limpias y econom\u00eda verde.\u00a0\u00a0 - Yucat\u00e1n en corto","robots":{"index":"index","follow":"follow","max-snippet":"max-snippet:-1","max-image-preview":"max-image-preview:large","max-video-preview":"max-video-preview:-1"},"canonical":"https:\/\/www.yucatanencorto.com\/noticias\/cecilia-patron-una-sola-merida-con-energias-limpias-y-economia-verde\/","og_locale":"es_ES","og_type":"article","og_title":"Cecilia Patr\u00f3n: Una sola M\u00e9rida con energ\u00edas limpias y econom\u00eda verde.\u00a0\u00a0 - Yucat\u00e1n en corto","og_description":"M\u00e9rida, Yucat\u00e1n a 22 de diciembre de 2023 Invertir en m\u00e1s alternativas de energ\u00eda limpia que ayuden conservar el medio ambiente y mejorar la econom\u00eda de las familias meridanas son algunas ideas que compartieron a Cecilia Patr\u00f3n Laviada militantes panistas del sur y oriente de M\u00e9rida. &nbsp; \u201cReducir el consumo de energ\u00edas contaminantes y buscar [&hellip;]","og_url":"https:\/\/www.yucatanencorto.com\/noticias\/cecilia-patron-una-sola-merida-con-energias-limpias-y-economia-verde\/","og_site_name":"Yucat\u00e1n en corto","article_publisher":"http:\/\/www.facebook.com\/yucatanencorto","article_published_time":"2023-12-23T00:59:58+00:00","og_image":[{"width":768,"height":512,"url":"https:\/\/www.yucatanencorto.com\/noticias\/wp-content\/uploads\/2023\/12\/IMG-20231222-WA0101-scaled.jpg","type":"image\/jpeg"}],"author":"Redes","twitter_card":"summary_large_image","twitter_creator":"@yucatanencorto","twitter_site":"@yucatanencorto","twitter_misc":{"Escrito por":"Redes","Tiempo de lectura":"2 minutos"},"schema":{"@context":"https:\/\/schema.org","@graph":[{"@type":"Article","@id":"https:\/\/www.yucatanencorto.com\/noticias\/cecilia-patron-una-sola-merida-con-energias-limpias-y-economia-verde\/#article","isPartOf":{"@id":"https:\/\/www.yucatanencorto.com\/noticias\/cecilia-patron-una-sola-merida-con-energias-limpias-y-economia-verde\/"},"author":{"name":"Redes","@id":"https:\/\/www.yucatanencorto.com\/noticias\/#\/schema\/person\/e2fbdfaf30a07014a43940ce989f3119"},"headline":"Cecilia Patr\u00f3n: Una sola M\u00e9rida con energ\u00edas limpias y econom\u00eda verde.\u00a0\u00a0","datePublished":"2023-12-23T00:59:58+00:00","mainEntityOfPage":{"@id":"https:\/\/www.yucatanencorto.com\/noticias\/cecilia-patron-una-sola-merida-con-energias-limpias-y-economia-verde\/"},"wordCount":353,"image":{"@id":"https:\/\/www.yucatanencorto.com\/noticias\/cecilia-patron-una-sola-merida-con-energias-limpias-y-economia-verde\/#primaryimage"},"thumbnailUrl":"https:\/\/www.yucatanencorto.com\/noticias\/wp-content\/uploads\/2023\/12\/IMG-20231222-WA0101-scaled.jpg","articleSection":["Yucat\u00e1n"],"inLanguage":"es"},{"@type":"WebPage","@id":"https:\/\/www.yucatanencorto.com\/noticias\/cecilia-patron-una-sola-merida-con-energias-limpias-y-economia-verde\/","url":"https:\/\/www.yucatanencorto.com\/noticias\/cecilia-patron-una-sola-merida-con-energias-limpias-y-economia-verde\/","name":"Cecilia Patr\u00f3n: Una sola M\u00e9rida con energ\u00edas limpias y econom\u00eda verde.\u00a0\u00a0 - Yucat\u00e1n en corto","isPartOf":{"@id":"https:\/\/www.yucatanencorto.com\/noticias\/#website"},"primaryImageOfPage":{"@id":"https:\/\/www.yucatanencorto.com\/noticias\/cecilia-patron-una-sola-merida-con-energias-limpias-y-economia-verde\/#primaryimage"},"image":{"@id":"https:\/\/www.yucatanencorto.com\/noticias\/cecilia-patron-una-sola-merida-con-energias-limpias-y-economia-verde\/#primaryimage"},"thumbnailUrl":"https:\/\/www.yucatanencorto.com\/noticias\/wp-content\/uploads\/2023\/12\/IMG-20231222-WA0101-scaled.jpg","datePublished":"2023-12-23T00:59:58+00:00","author":{"@id":"https:\/\/www.yucatanencorto.com\/noticias\/#\/schema\/person\/e2fbdfaf30a07014a43940ce989f3119"},"breadcrumb":{"@id":"https:\/\/www.yucatanencorto.com\/noticias\/cecilia-patron-una-sola-merida-con-energias-limpias-y-economia-verde\/#breadcrumb"},"inLanguage":"es","potentialAction":[{"@type":"ReadAction","target":["https:\/\/www.yucatanencorto.com\/noticias\/cecilia-patron-una-sola-merida-con-energias-limpias-y-economia-verde\/"]}]},{"@type":"ImageObject","inLanguage":"es","@id":"https:\/\/www.yucatanencorto.com\/noticias\/cecilia-patron-una-sola-merida-con-energias-limpias-y-economia-verde\/#primaryimage","url":"https:\/\/www.yucatanencorto.com\/noticias\/wp-content\/uploads\/2023\/12\/IMG-20231222-WA0101-scaled.jpg","contentUrl":"https:\/\/www.yucatanencorto.com\/noticias\/wp-content\/uploads\/2023\/12\/IMG-20231222-WA0101-scaled.jpg","width":768,"height":512},{"@type":"BreadcrumbList","@id":"https:\/\/www.yucatanencorto.com\/noticias\/cecilia-patron-una-sola-merida-con-energias-limpias-y-economia-verde\/#breadcrumb","itemListElement":[{"@type":"ListItem","position":1,"name":"Portada","item":"https:\/\/www.yucatanencorto.com\/noticias\/"},{"@type":"ListItem","position":2,"name":"Cecilia Patr\u00f3n: Una sola M\u00e9rida con energ\u00edas limpias y econom\u00eda verde.\u00a0\u00a0"}]},{"@type":"WebSite","@id":"https:\/\/www.yucatanencorto.com\/noticias\/#website","url":"https:\/\/www.yucatanencorto.com\/noticias\/","name":"Yucat\u00e1n en corto","description":"Noticias","potentialAction":[{"@type":"SearchAction","target":{"@type":"EntryPoint","urlTemplate":"https:\/\/www.yucatanencorto.com\/noticias\/?s={search_term_string}"},"query-input":{"@type":"PropertyValueSpecification","valueRequired":true,"valueName":"search_term_string"}}],"inLanguage":"es"},{"@type":"Person","@id":"https:\/\/www.yucatanencorto.com\/noticias\/#\/schema\/person\/e2fbdfaf30a07014a43940ce989f3119","name":"Redes","image":{"@type":"ImageObject","inLanguage":"es","@id":"https:\/\/secure.gravatar.com\/avatar\/5931a2d21dd7cc834f44c8c34fe56d90ed6d536ef452cbf870c7485b524dddd7?s=96&d=mm&r=g","url":"https:\/\/secure.gravatar.com\/avatar\/5931a2d21dd7cc834f44c8c34fe56d90ed6d536ef452cbf870c7485b524dddd7?s=96&d=mm&r=g","contentUrl":"https:\/\/secure.gravatar.com\/avatar\/5931a2d21dd7cc834f44c8c34fe56d90ed6d536ef452cbf870c7485b524dddd7?s=96&d=mm&r=g","caption":"Redes"},"url":"https:\/\/www.yucatanencorto.com\/noticias\/author\/redes\/"}]}},"_links":{"self":[{"href":"https:\/\/www.yucatanencorto.com\/noticias\/wp-json\/wp\/v2\/posts\/101628","targetHints":{"allow":["GET"]}}],"collection":[{"href":"https:\/\/www.yucatanencorto.com\/noticias\/wp-json\/wp\/v2\/posts"}],"about":[{"href":"https:\/\/www.yucatanencorto.com\/noticias\/wp-json\/wp\/v2\/types\/post"}],"author":[{"embeddable":true,"href":"https:\/\/www.yucatanencorto.com\/noticias\/wp-json\/wp\/v2\/users\/3"}],"replies":[{"embeddable":true,"href":"https:\/\/www.yucatanencorto.com\/noticias\/wp-json\/wp\/v2\/comments?post=101628"}],"version-history":[{"count":0,"href":"https:\/\/www.yucatanencorto.com\/noticias\/wp-json\/wp\/v2\/posts\/101628\/revisions"}],"wp:featuredmedia":[{"embeddable":true,"href":"https:\/\/www.yucatanencorto.com\/noticias\/wp-json\/wp\/v2\/media\/101629"}],"wp:attachment":[{"href":"https:\/\/www.yucatanencorto.com\/noticias\/wp-json\/wp\/v2\/media?parent=101628"}],"wp:term":[{"taxonomy":"category","embeddable":true,"href":"https:\/\/www.yucatanencorto.com\/noticias\/wp-json\/wp\/v2\/categories?post=101628"},{"taxonomy":"post_tag","embeddable":true,"href":"https:\/\/www.yucatanencorto.com\/noticias\/wp-json\/wp\/v2\/tags?post=101628"}],"curies":[{"name":"wp","href":"https:\/\/api.w.org\/{rel}","templated":true}]}}