{"id":101631,"date":"2023-12-22T19:01:42","date_gmt":"2023-12-23T01:01:42","guid":{"rendered":"https:\/\/www.yucatanencorto.com\/noticias\/?p=101631"},"modified":"2023-12-22T19:01:42","modified_gmt":"2023-12-23T01:01:42","slug":"construccion-del-centro-de-asistencia-social-para-ninas-ninos-y-adolescentes-casa-otoch-avanza-a-buen-ritmo","status":"publish","type":"post","link":"https:\/\/www.yucatanencorto.com\/noticias\/construccion-del-centro-de-asistencia-social-para-ninas-ninos-y-adolescentes-casa-otoch-avanza-a-buen-ritmo\/","title":{"rendered":"Construcci\u00f3n del Centro de Asistencia Social para Ni\u00f1as, Ni\u00f1os y Adolescentes \u201cCasa Otoch\u201d avanza a buen ritmo"},"content":{"rendered":"<p><img loading=\"lazy\" decoding=\"async\" class=\"alignnone size-full wp-image-101632\" src=\"https:\/\/www.yucatanencorto.com\/noticias\/wp-content\/uploads\/2023\/12\/IMG-20231222-WA0102-scaled.jpg\" alt=\"\" width=\"768\" height=\"510\" srcset=\"https:\/\/www.yucatanencorto.com\/noticias\/wp-content\/uploads\/2023\/12\/IMG-20231222-WA0102-scaled.jpg 768w, https:\/\/www.yucatanencorto.com\/noticias\/wp-content\/uploads\/2023\/12\/IMG-20231222-WA0102-150x100.jpg 150w, https:\/\/www.yucatanencorto.com\/noticias\/wp-content\/uploads\/2023\/12\/IMG-20231222-WA0102-300x199.jpg 300w, https:\/\/www.yucatanencorto.com\/noticias\/wp-content\/uploads\/2023\/12\/IMG-20231222-WA0102-696x462.jpg 696w, https:\/\/www.yucatanencorto.com\/noticias\/wp-content\/uploads\/2023\/12\/IMG-20231222-WA0102-1068x709.jpg 1068w\" sizes=\"auto, (max-width: 768px) 100vw, 768px\" \/><\/p>\n<p>M\u00e9rida, Yucat\u00e1n, 22 de diciembre de 2023.- La construcci\u00f3n del Centro de Asistencia Social para Ni\u00f1as, Ni\u00f1os y Adolescentes (Casnnay) \u201cCasa Otoch\u201d avanza a buen ritmo, obra que supervis\u00f3 el Gobernador Mauricio Vila Dosal y se encuentra casi lista para pronto, brindar un espacio de calidad para ni\u00f1as, ni\u00f1os y adolescentes que se encuentran bajo tutela del Estado, sustituyendo al actual Caimede con instalaciones nuevas, modernas y m\u00e1s dignas.<\/p>\n<p>&nbsp;<\/p>\n<p>Acompa\u00f1ado del director general del Instituto para la Construcci\u00f3n y Conservaci\u00f3n de Obra P\u00fablica en Yucat\u00e1n (Inccopy), Virgilio Crespo M\u00e9ndez, Vila Dosal realiz\u00f3 un recorrido por las instalaciones donde se encontrar\u00e1n \u00e1reas como canchas, biblioteca, piscina, dormitorios, entre otras.<\/p>\n<p>&nbsp;<\/p>\n<p>Durante la supervisi\u00f3n de Vila Dosal, se record\u00f3 que, el objetivo es que las y los ni\u00f1os en situaci\u00f3n de vulnerabilidad cuenten con espacios mejores y m\u00e1s modernos para garantizar los derechos y una vida digna, esto, a trav\u00e9s de una inversi\u00f3n estatal de m\u00e1s de 153 millones de pesos.<\/p>\n<p>&nbsp;<\/p>\n<p>Acerca de la obra, Crespo M\u00e9ndez, explic\u00f3 que, las \u00e1reas de construcci\u00f3n se dividen en Acceso, que son las de acceso principal, control y espera; la de Administraci\u00f3n, donde se encontrar\u00e1n oficinas, psicolog\u00eda, m\u00e9dica, bodegas, visitas guiadas y ba\u00f1os.<\/p>\n<p>&nbsp;<\/p>\n<p>Al pasar por cada una de ellas, Vila Dosal constat\u00f3 los avances, como los hay en la de Actividades educativas donde habr\u00e1 biblioteca, talleres, ludoteca y huerto; la de Actividades deportivas, que contar\u00e1 con una cancha de Fut 5, 2 canchas de usos m\u00faltiples, cancha de Fut 7, y piscina para ni\u00f1os y otra para adolescentes, as\u00ed como gimnasio.<\/p>\n<p>&nbsp;<\/p>\n<p>Mientras que, en la de Actividades recreativas, contar\u00e1n con juegos infantiles, anfiteatro, sala de usos m\u00faltiples, terraza, \u00e1reas de estar infantiles, juegos adolescentes y \u00e1reas de estar para adolescentes y dormitorios, donde habr\u00e1 espacios lactantes, maternal, madres adolescentes, escolares y adolescentes; las cuales recorri\u00f3 el Gobernador.<\/p>\n<p>&nbsp;<\/p>\n<p>Vila Dosal tambi\u00e9n recorri\u00f3 las \u00e1reas comunes de comedor, cocina y almac\u00e9n, andadores y pasillos, servicios, estacionamiento p\u00fablico y patio de maniobras y donde se encontrar\u00e1n las \u00e1reas verdes. Todo esto en beneficio de 250 ni\u00f1os y ni\u00f1as.<\/p>\n<p>&nbsp;<\/p>\n<p>De acuerdo con las instrucciones del Gobernador, el nuevo inmueble tambi\u00e9n contar\u00e1 con un Departamento de Psicolog\u00eda para el tema de trauma complejo, lo que convierte a la entidad en un estado pionero en implementarlo. Asimismo, como parte de las mejoras y fortalecimiento a la atenci\u00f3n, se implementar\u00e1n protocolos de intervenci\u00f3n multidisciplinaria, capacitaci\u00f3n y contrataci\u00f3n de nuevo personal.<\/p>\n<p>&nbsp;<\/p>\n<p>As\u00ed como se brindar\u00e1n servicios m\u00e9dicos, psicol\u00f3gicos, jur\u00eddicos, nutricionales y de trabajo social para quienes los requieran, al tiempo que ser\u00e1 un edificio sustentable, con amplias \u00e1reas verdes, espacios abiertos, ventilaci\u00f3n e iluminaci\u00f3n naturales, instalaciones funcionales, bajo costo de mantenimiento y accesibilidad universal.<\/p>\n<p>&nbsp;<\/p>\n<p>Para garantizar la protecci\u00f3n de los menores, tendr\u00e1 sistema de videovigilancia y monitoreo en tiempo real, siempre con enfoque de inter\u00e9s superior en la ni\u00f1ez, con \u00e1reas de convivencia acordes con las edades, para hacer valer sus derechos y cumplir sus obligaciones.<\/p>\n<p>&nbsp;<\/p>\n<p>Cabe recordar que, el Casnnay se ubica en el fraccionamiento Caucel II en un terreno donado por el Ayuntamiento de M\u00e9rida para sustituir al actual Centro de Atenci\u00f3n Integral al Menor en Desamparo (Caimede), edificio fundado en 1994 y ubicado en Jardines de la Nueva Mulsay, que adem\u00e1s se encuentra rebasado, por lo que el nuevo recinto tendr\u00e1 capacidad para dar un hogar m\u00e1s digno a los menores.<\/p>\n<p>&nbsp;<\/p>\n<p>El proyecto de \u201cCasa Otoch\u201d consta de una superficie total de m\u00e1s de 23 mil metros cuadrados donde se contar\u00e1n con diversas \u00e1reas para el desarrollo de las ni\u00f1as, ni\u00f1os y adolescentes, teniendo una capacidad de albergar hasta 250.<\/p>\n","protected":false},"excerpt":{"rendered":"<p>M\u00e9rida, Yucat\u00e1n, 22 de diciembre de 2023.- La construcci\u00f3n del Centro de Asistencia Social para Ni\u00f1as, Ni\u00f1os y Adolescentes (Casnnay) \u201cCasa Otoch\u201d avanza a buen ritmo, obra que supervis\u00f3 el Gobernador Mauricio Vila Dosal y se encuentra casi lista para pronto, brindar un espacio de calidad para ni\u00f1as, ni\u00f1os y adolescentes que se encuentran bajo [&hellip;]<\/p>\n","protected":false},"author":3,"featured_media":101632,"comment_status":"closed","ping_status":"closed","sticky":false,"template":"","format":"standard","meta":{"footnotes":""},"categories":[3],"tags":[],"class_list":{"0":"post-101631","1":"post","2":"type-post","3":"status-publish","4":"format-standard","5":"has-post-thumbnail","7":"category-yucatan"},"yoast_head":"<!-- This site is optimized with the Yoast SEO plugin v27.4 - https:\/\/yoast.com\/product\/yoast-seo-wordpress\/ -->\n<title>Construcci\u00f3n del Centro de Asistencia Social para Ni\u00f1as, Ni\u00f1os y Adolescentes \u201cCasa Otoch\u201d avanza a buen ritmo - Yucat\u00e1n en corto<\/title>\n<meta name=\"robots\" content=\"index, follow, max-snippet:-1, max-image-preview:large, max-video-preview:-1\" \/>\n<link rel=\"canonical\" href=\"https:\/\/www.yucatanencorto.com\/noticias\/construccion-del-centro-de-asistencia-social-para-ninas-ninos-y-adolescentes-casa-otoch-avanza-a-buen-ritmo\/\" \/>\n<meta property=\"og:locale\" content=\"es_ES\" \/>\n<meta property=\"og:type\" content=\"article\" \/>\n<meta property=\"og:title\" content=\"Construcci\u00f3n del Centro de Asistencia Social para Ni\u00f1as, Ni\u00f1os y Adolescentes \u201cCasa Otoch\u201d avanza a buen ritmo - Yucat\u00e1n en corto\" \/>\n<meta property=\"og:description\" content=\"M\u00e9rida, Yucat\u00e1n, 22 de diciembre de 2023.- La construcci\u00f3n del Centro de Asistencia Social para Ni\u00f1as, Ni\u00f1os y Adolescentes (Casnnay) \u201cCasa Otoch\u201d avanza a buen ritmo, obra que supervis\u00f3 el Gobernador Mauricio Vila Dosal y se encuentra casi lista para pronto, brindar un espacio de calidad para ni\u00f1as, ni\u00f1os y adolescentes que se encuentran bajo [&hellip;]\" \/>\n<meta property=\"og:url\" content=\"https:\/\/www.yucatanencorto.com\/noticias\/construccion-del-centro-de-asistencia-social-para-ninas-ninos-y-adolescentes-casa-otoch-avanza-a-buen-ritmo\/\" \/>\n<meta property=\"og:site_name\" content=\"Yucat\u00e1n en corto\" \/>\n<meta property=\"article:publisher\" content=\"http:\/\/www.facebook.com\/yucatanencorto\" \/>\n<meta property=\"article:published_time\" content=\"2023-12-23T01:01:42+00:00\" \/>\n<meta property=\"og:image\" content=\"https:\/\/www.yucatanencorto.com\/noticias\/wp-content\/uploads\/2023\/12\/IMG-20231222-WA0102-scaled.jpg\" \/>\n\t<meta property=\"og:image:width\" content=\"768\" \/>\n\t<meta property=\"og:image:height\" content=\"510\" \/>\n\t<meta property=\"og:image:type\" content=\"image\/jpeg\" \/>\n<meta name=\"author\" content=\"Redes\" \/>\n<meta name=\"twitter:card\" content=\"summary_large_image\" \/>\n<meta name=\"twitter:creator\" content=\"@yucatanencorto\" \/>\n<meta name=\"twitter:site\" content=\"@yucatanencorto\" \/>\n<meta name=\"twitter:label1\" content=\"Escrito por\" \/>\n\t<meta name=\"twitter:data1\" content=\"Redes\" \/>\n\t<meta name=\"twitter:label2\" content=\"Tiempo de lectura\" \/>\n\t<meta name=\"twitter:data2\" content=\"3 minutos\" \/>\n<script type=\"application\/ld+json\" class=\"yoast-schema-graph\">{\"@context\":\"https:\\\/\\\/schema.org\",\"@graph\":[{\"@type\":\"Article\",\"@id\":\"https:\\\/\\\/www.yucatanencorto.com\\\/noticias\\\/construccion-del-centro-de-asistencia-social-para-ninas-ninos-y-adolescentes-casa-otoch-avanza-a-buen-ritmo\\\/#article\",\"isPartOf\":{\"@id\":\"https:\\\/\\\/www.yucatanencorto.com\\\/noticias\\\/construccion-del-centro-de-asistencia-social-para-ninas-ninos-y-adolescentes-casa-otoch-avanza-a-buen-ritmo\\\/\"},\"author\":{\"name\":\"Redes\",\"@id\":\"https:\\\/\\\/www.yucatanencorto.com\\\/noticias\\\/#\\\/schema\\\/person\\\/e2fbdfaf30a07014a43940ce989f3119\"},\"headline\":\"Construcci\u00f3n del Centro de Asistencia Social para Ni\u00f1as, Ni\u00f1os y Adolescentes \u201cCasa Otoch\u201d avanza a buen ritmo\",\"datePublished\":\"2023-12-23T01:01:42+00:00\",\"mainEntityOfPage\":{\"@id\":\"https:\\\/\\\/www.yucatanencorto.com\\\/noticias\\\/construccion-del-centro-de-asistencia-social-para-ninas-ninos-y-adolescentes-casa-otoch-avanza-a-buen-ritmo\\\/\"},\"wordCount\":675,\"image\":{\"@id\":\"https:\\\/\\\/www.yucatanencorto.com\\\/noticias\\\/construccion-del-centro-de-asistencia-social-para-ninas-ninos-y-adolescentes-casa-otoch-avanza-a-buen-ritmo\\\/#primaryimage\"},\"thumbnailUrl\":\"https:\\\/\\\/www.yucatanencorto.com\\\/noticias\\\/wp-content\\\/uploads\\\/2023\\\/12\\\/IMG-20231222-WA0102-scaled.jpg\",\"articleSection\":[\"Yucat\u00e1n\"],\"inLanguage\":\"es\"},{\"@type\":\"WebPage\",\"@id\":\"https:\\\/\\\/www.yucatanencorto.com\\\/noticias\\\/construccion-del-centro-de-asistencia-social-para-ninas-ninos-y-adolescentes-casa-otoch-avanza-a-buen-ritmo\\\/\",\"url\":\"https:\\\/\\\/www.yucatanencorto.com\\\/noticias\\\/construccion-del-centro-de-asistencia-social-para-ninas-ninos-y-adolescentes-casa-otoch-avanza-a-buen-ritmo\\\/\",\"name\":\"Construcci\u00f3n del Centro de Asistencia Social para Ni\u00f1as, Ni\u00f1os y Adolescentes \u201cCasa Otoch\u201d avanza a buen ritmo - Yucat\u00e1n en corto\",\"isPartOf\":{\"@id\":\"https:\\\/\\\/www.yucatanencorto.com\\\/noticias\\\/#website\"},\"primaryImageOfPage\":{\"@id\":\"https:\\\/\\\/www.yucatanencorto.com\\\/noticias\\\/construccion-del-centro-de-asistencia-social-para-ninas-ninos-y-adolescentes-casa-otoch-avanza-a-buen-ritmo\\\/#primaryimage\"},\"image\":{\"@id\":\"https:\\\/\\\/www.yucatanencorto.com\\\/noticias\\\/construccion-del-centro-de-asistencia-social-para-ninas-ninos-y-adolescentes-casa-otoch-avanza-a-buen-ritmo\\\/#primaryimage\"},\"thumbnailUrl\":\"https:\\\/\\\/www.yucatanencorto.com\\\/noticias\\\/wp-content\\\/uploads\\\/2023\\\/12\\\/IMG-20231222-WA0102-scaled.jpg\",\"datePublished\":\"2023-12-23T01:01:42+00:00\",\"author\":{\"@id\":\"https:\\\/\\\/www.yucatanencorto.com\\\/noticias\\\/#\\\/schema\\\/person\\\/e2fbdfaf30a07014a43940ce989f3119\"},\"breadcrumb\":{\"@id\":\"https:\\\/\\\/www.yucatanencorto.com\\\/noticias\\\/construccion-del-centro-de-asistencia-social-para-ninas-ninos-y-adolescentes-casa-otoch-avanza-a-buen-ritmo\\\/#breadcrumb\"},\"inLanguage\":\"es\",\"potentialAction\":[{\"@type\":\"ReadAction\",\"target\":[\"https:\\\/\\\/www.yucatanencorto.com\\\/noticias\\\/construccion-del-centro-de-asistencia-social-para-ninas-ninos-y-adolescentes-casa-otoch-avanza-a-buen-ritmo\\\/\"]}]},{\"@type\":\"ImageObject\",\"inLanguage\":\"es\",\"@id\":\"https:\\\/\\\/www.yucatanencorto.com\\\/noticias\\\/construccion-del-centro-de-asistencia-social-para-ninas-ninos-y-adolescentes-casa-otoch-avanza-a-buen-ritmo\\\/#primaryimage\",\"url\":\"https:\\\/\\\/www.yucatanencorto.com\\\/noticias\\\/wp-content\\\/uploads\\\/2023\\\/12\\\/IMG-20231222-WA0102-scaled.jpg\",\"contentUrl\":\"https:\\\/\\\/www.yucatanencorto.com\\\/noticias\\\/wp-content\\\/uploads\\\/2023\\\/12\\\/IMG-20231222-WA0102-scaled.jpg\",\"width\":768,\"height\":510},{\"@type\":\"BreadcrumbList\",\"@id\":\"https:\\\/\\\/www.yucatanencorto.com\\\/noticias\\\/construccion-del-centro-de-asistencia-social-para-ninas-ninos-y-adolescentes-casa-otoch-avanza-a-buen-ritmo\\\/#breadcrumb\",\"itemListElement\":[{\"@type\":\"ListItem\",\"position\":1,\"name\":\"Portada\",\"item\":\"https:\\\/\\\/www.yucatanencorto.com\\\/noticias\\\/\"},{\"@type\":\"ListItem\",\"position\":2,\"name\":\"Construcci\u00f3n del Centro de Asistencia Social para Ni\u00f1as, Ni\u00f1os y Adolescentes \u201cCasa Otoch\u201d avanza a buen ritmo\"}]},{\"@type\":\"WebSite\",\"@id\":\"https:\\\/\\\/www.yucatanencorto.com\\\/noticias\\\/#website\",\"url\":\"https:\\\/\\\/www.yucatanencorto.com\\\/noticias\\\/\",\"name\":\"Yucat\u00e1n en corto\",\"description\":\"Noticias\",\"potentialAction\":[{\"@type\":\"SearchAction\",\"target\":{\"@type\":\"EntryPoint\",\"urlTemplate\":\"https:\\\/\\\/www.yucatanencorto.com\\\/noticias\\\/?s={search_term_string}\"},\"query-input\":{\"@type\":\"PropertyValueSpecification\",\"valueRequired\":true,\"valueName\":\"search_term_string\"}}],\"inLanguage\":\"es\"},{\"@type\":\"Person\",\"@id\":\"https:\\\/\\\/www.yucatanencorto.com\\\/noticias\\\/#\\\/schema\\\/person\\\/e2fbdfaf30a07014a43940ce989f3119\",\"name\":\"Redes\",\"image\":{\"@type\":\"ImageObject\",\"inLanguage\":\"es\",\"@id\":\"https:\\\/\\\/secure.gravatar.com\\\/avatar\\\/5931a2d21dd7cc834f44c8c34fe56d90ed6d536ef452cbf870c7485b524dddd7?s=96&d=mm&r=g\",\"url\":\"https:\\\/\\\/secure.gravatar.com\\\/avatar\\\/5931a2d21dd7cc834f44c8c34fe56d90ed6d536ef452cbf870c7485b524dddd7?s=96&d=mm&r=g\",\"contentUrl\":\"https:\\\/\\\/secure.gravatar.com\\\/avatar\\\/5931a2d21dd7cc834f44c8c34fe56d90ed6d536ef452cbf870c7485b524dddd7?s=96&d=mm&r=g\",\"caption\":\"Redes\"},\"url\":\"https:\\\/\\\/www.yucatanencorto.com\\\/noticias\\\/author\\\/redes\\\/\"}]}<\/script>\n<!-- \/ Yoast SEO plugin. -->","yoast_head_json":{"title":"Construcci\u00f3n del Centro de Asistencia Social para Ni\u00f1as, Ni\u00f1os y Adolescentes \u201cCasa Otoch\u201d avanza a buen ritmo - Yucat\u00e1n en corto","robots":{"index":"index","follow":"follow","max-snippet":"max-snippet:-1","max-image-preview":"max-image-preview:large","max-video-preview":"max-video-preview:-1"},"canonical":"https:\/\/www.yucatanencorto.com\/noticias\/construccion-del-centro-de-asistencia-social-para-ninas-ninos-y-adolescentes-casa-otoch-avanza-a-buen-ritmo\/","og_locale":"es_ES","og_type":"article","og_title":"Construcci\u00f3n del Centro de Asistencia Social para Ni\u00f1as, Ni\u00f1os y Adolescentes \u201cCasa Otoch\u201d avanza a buen ritmo - Yucat\u00e1n en corto","og_description":"M\u00e9rida, Yucat\u00e1n, 22 de diciembre de 2023.- La construcci\u00f3n del Centro de Asistencia Social para Ni\u00f1as, Ni\u00f1os y Adolescentes (Casnnay) \u201cCasa Otoch\u201d avanza a buen ritmo, obra que supervis\u00f3 el Gobernador Mauricio Vila Dosal y se encuentra casi lista para pronto, brindar un espacio de calidad para ni\u00f1as, ni\u00f1os y adolescentes que se encuentran bajo [&hellip;]","og_url":"https:\/\/www.yucatanencorto.com\/noticias\/construccion-del-centro-de-asistencia-social-para-ninas-ninos-y-adolescentes-casa-otoch-avanza-a-buen-ritmo\/","og_site_name":"Yucat\u00e1n en corto","article_publisher":"http:\/\/www.facebook.com\/yucatanencorto","article_published_time":"2023-12-23T01:01:42+00:00","og_image":[{"width":768,"height":510,"url":"https:\/\/www.yucatanencorto.com\/noticias\/wp-content\/uploads\/2023\/12\/IMG-20231222-WA0102-scaled.jpg","type":"image\/jpeg"}],"author":"Redes","twitter_card":"summary_large_image","twitter_creator":"@yucatanencorto","twitter_site":"@yucatanencorto","twitter_misc":{"Escrito por":"Redes","Tiempo de lectura":"3 minutos"},"schema":{"@context":"https:\/\/schema.org","@graph":[{"@type":"Article","@id":"https:\/\/www.yucatanencorto.com\/noticias\/construccion-del-centro-de-asistencia-social-para-ninas-ninos-y-adolescentes-casa-otoch-avanza-a-buen-ritmo\/#article","isPartOf":{"@id":"https:\/\/www.yucatanencorto.com\/noticias\/construccion-del-centro-de-asistencia-social-para-ninas-ninos-y-adolescentes-casa-otoch-avanza-a-buen-ritmo\/"},"author":{"name":"Redes","@id":"https:\/\/www.yucatanencorto.com\/noticias\/#\/schema\/person\/e2fbdfaf30a07014a43940ce989f3119"},"headline":"Construcci\u00f3n del Centro de Asistencia Social para Ni\u00f1as, Ni\u00f1os y Adolescentes \u201cCasa Otoch\u201d avanza a buen ritmo","datePublished":"2023-12-23T01:01:42+00:00","mainEntityOfPage":{"@id":"https:\/\/www.yucatanencorto.com\/noticias\/construccion-del-centro-de-asistencia-social-para-ninas-ninos-y-adolescentes-casa-otoch-avanza-a-buen-ritmo\/"},"wordCount":675,"image":{"@id":"https:\/\/www.yucatanencorto.com\/noticias\/construccion-del-centro-de-asistencia-social-para-ninas-ninos-y-adolescentes-casa-otoch-avanza-a-buen-ritmo\/#primaryimage"},"thumbnailUrl":"https:\/\/www.yucatanencorto.com\/noticias\/wp-content\/uploads\/2023\/12\/IMG-20231222-WA0102-scaled.jpg","articleSection":["Yucat\u00e1n"],"inLanguage":"es"},{"@type":"WebPage","@id":"https:\/\/www.yucatanencorto.com\/noticias\/construccion-del-centro-de-asistencia-social-para-ninas-ninos-y-adolescentes-casa-otoch-avanza-a-buen-ritmo\/","url":"https:\/\/www.yucatanencorto.com\/noticias\/construccion-del-centro-de-asistencia-social-para-ninas-ninos-y-adolescentes-casa-otoch-avanza-a-buen-ritmo\/","name":"Construcci\u00f3n del Centro de Asistencia Social para Ni\u00f1as, Ni\u00f1os y Adolescentes \u201cCasa Otoch\u201d avanza a buen ritmo - Yucat\u00e1n en corto","isPartOf":{"@id":"https:\/\/www.yucatanencorto.com\/noticias\/#website"},"primaryImageOfPage":{"@id":"https:\/\/www.yucatanencorto.com\/noticias\/construccion-del-centro-de-asistencia-social-para-ninas-ninos-y-adolescentes-casa-otoch-avanza-a-buen-ritmo\/#primaryimage"},"image":{"@id":"https:\/\/www.yucatanencorto.com\/noticias\/construccion-del-centro-de-asistencia-social-para-ninas-ninos-y-adolescentes-casa-otoch-avanza-a-buen-ritmo\/#primaryimage"},"thumbnailUrl":"https:\/\/www.yucatanencorto.com\/noticias\/wp-content\/uploads\/2023\/12\/IMG-20231222-WA0102-scaled.jpg","datePublished":"2023-12-23T01:01:42+00:00","author":{"@id":"https:\/\/www.yucatanencorto.com\/noticias\/#\/schema\/person\/e2fbdfaf30a07014a43940ce989f3119"},"breadcrumb":{"@id":"https:\/\/www.yucatanencorto.com\/noticias\/construccion-del-centro-de-asistencia-social-para-ninas-ninos-y-adolescentes-casa-otoch-avanza-a-buen-ritmo\/#breadcrumb"},"inLanguage":"es","potentialAction":[{"@type":"ReadAction","target":["https:\/\/www.yucatanencorto.com\/noticias\/construccion-del-centro-de-asistencia-social-para-ninas-ninos-y-adolescentes-casa-otoch-avanza-a-buen-ritmo\/"]}]},{"@type":"ImageObject","inLanguage":"es","@id":"https:\/\/www.yucatanencorto.com\/noticias\/construccion-del-centro-de-asistencia-social-para-ninas-ninos-y-adolescentes-casa-otoch-avanza-a-buen-ritmo\/#primaryimage","url":"https:\/\/www.yucatanencorto.com\/noticias\/wp-content\/uploads\/2023\/12\/IMG-20231222-WA0102-scaled.jpg","contentUrl":"https:\/\/www.yucatanencorto.com\/noticias\/wp-content\/uploads\/2023\/12\/IMG-20231222-WA0102-scaled.jpg","width":768,"height":510},{"@type":"BreadcrumbList","@id":"https:\/\/www.yucatanencorto.com\/noticias\/construccion-del-centro-de-asistencia-social-para-ninas-ninos-y-adolescentes-casa-otoch-avanza-a-buen-ritmo\/#breadcrumb","itemListElement":[{"@type":"ListItem","position":1,"name":"Portada","item":"https:\/\/www.yucatanencorto.com\/noticias\/"},{"@type":"ListItem","position":2,"name":"Construcci\u00f3n del Centro de Asistencia Social para Ni\u00f1as, Ni\u00f1os y Adolescentes \u201cCasa Otoch\u201d avanza a buen ritmo"}]},{"@type":"WebSite","@id":"https:\/\/www.yucatanencorto.com\/noticias\/#website","url":"https:\/\/www.yucatanencorto.com\/noticias\/","name":"Yucat\u00e1n en corto","description":"Noticias","potentialAction":[{"@type":"SearchAction","target":{"@type":"EntryPoint","urlTemplate":"https:\/\/www.yucatanencorto.com\/noticias\/?s={search_term_string}"},"query-input":{"@type":"PropertyValueSpecification","valueRequired":true,"valueName":"search_term_string"}}],"inLanguage":"es"},{"@type":"Person","@id":"https:\/\/www.yucatanencorto.com\/noticias\/#\/schema\/person\/e2fbdfaf30a07014a43940ce989f3119","name":"Redes","image":{"@type":"ImageObject","inLanguage":"es","@id":"https:\/\/secure.gravatar.com\/avatar\/5931a2d21dd7cc834f44c8c34fe56d90ed6d536ef452cbf870c7485b524dddd7?s=96&d=mm&r=g","url":"https:\/\/secure.gravatar.com\/avatar\/5931a2d21dd7cc834f44c8c34fe56d90ed6d536ef452cbf870c7485b524dddd7?s=96&d=mm&r=g","contentUrl":"https:\/\/secure.gravatar.com\/avatar\/5931a2d21dd7cc834f44c8c34fe56d90ed6d536ef452cbf870c7485b524dddd7?s=96&d=mm&r=g","caption":"Redes"},"url":"https:\/\/www.yucatanencorto.com\/noticias\/author\/redes\/"}]}},"_links":{"self":[{"href":"https:\/\/www.yucatanencorto.com\/noticias\/wp-json\/wp\/v2\/posts\/101631","targetHints":{"allow":["GET"]}}],"collection":[{"href":"https:\/\/www.yucatanencorto.com\/noticias\/wp-json\/wp\/v2\/posts"}],"about":[{"href":"https:\/\/www.yucatanencorto.com\/noticias\/wp-json\/wp\/v2\/types\/post"}],"author":[{"embeddable":true,"href":"https:\/\/www.yucatanencorto.com\/noticias\/wp-json\/wp\/v2\/users\/3"}],"replies":[{"embeddable":true,"href":"https:\/\/www.yucatanencorto.com\/noticias\/wp-json\/wp\/v2\/comments?post=101631"}],"version-history":[{"count":0,"href":"https:\/\/www.yucatanencorto.com\/noticias\/wp-json\/wp\/v2\/posts\/101631\/revisions"}],"wp:featuredmedia":[{"embeddable":true,"href":"https:\/\/www.yucatanencorto.com\/noticias\/wp-json\/wp\/v2\/media\/101632"}],"wp:attachment":[{"href":"https:\/\/www.yucatanencorto.com\/noticias\/wp-json\/wp\/v2\/media?parent=101631"}],"wp:term":[{"taxonomy":"category","embeddable":true,"href":"https:\/\/www.yucatanencorto.com\/noticias\/wp-json\/wp\/v2\/categories?post=101631"},{"taxonomy":"post_tag","embeddable":true,"href":"https:\/\/www.yucatanencorto.com\/noticias\/wp-json\/wp\/v2\/tags?post=101631"}],"curies":[{"name":"wp","href":"https:\/\/api.w.org\/{rel}","templated":true}]}}