{"id":101634,"date":"2023-12-23T11:22:02","date_gmt":"2023-12-23T17:22:02","guid":{"rendered":"https:\/\/www.yucatanencorto.com\/noticias\/?p=101634"},"modified":"2023-12-23T11:22:02","modified_gmt":"2023-12-23T17:22:02","slug":"renan-barrera-va-solido-a-refrendar-el-triunfo-en-2024","status":"publish","type":"post","link":"https:\/\/www.yucatanencorto.com\/noticias\/renan-barrera-va-solido-a-refrendar-el-triunfo-en-2024\/","title":{"rendered":"Ren\u00e1n Barrera va s\u00f3lido a refrendar el triunfo en 2024\u00a0"},"content":{"rendered":"<p><img loading=\"lazy\" decoding=\"async\" class=\"alignnone size-full wp-image-101635\" src=\"https:\/\/www.yucatanencorto.com\/noticias\/wp-content\/uploads\/2023\/12\/IMG-20231223-WA0002-scaled.jpg\" alt=\"\" width=\"768\" height=\"512\" srcset=\"https:\/\/www.yucatanencorto.com\/noticias\/wp-content\/uploads\/2023\/12\/IMG-20231223-WA0002-scaled.jpg 768w, https:\/\/www.yucatanencorto.com\/noticias\/wp-content\/uploads\/2023\/12\/IMG-20231223-WA0002-150x100.jpg 150w, https:\/\/www.yucatanencorto.com\/noticias\/wp-content\/uploads\/2023\/12\/IMG-20231223-WA0002-300x200.jpg 300w, https:\/\/www.yucatanencorto.com\/noticias\/wp-content\/uploads\/2023\/12\/IMG-20231223-WA0002-696x464.jpg 696w, https:\/\/www.yucatanencorto.com\/noticias\/wp-content\/uploads\/2023\/12\/IMG-20231223-WA0002-1068x712.jpg 1068w\" sizes=\"auto, (max-width: 768px) 100vw, 768px\" \/><\/p>\n<p>M\u00e9rida, Yucat\u00e1n, a 22 de diciembre de 2023.- El Coordinador del Equipo Yucat\u00e1n, Ren\u00e1n Barrera Concha, se ha posicionado como el favorito de las y los yucatecos, porque a 46 d\u00edas de que arranc\u00f3 la precampa\u00f1a, ha estrechado lazos con la militancia panista, y tambi\u00e9n se han sumado diversos sectores y asociaciones civiles en 46 municipios del interior del estado con el firme objetivo de mantener a Yucat\u00e1n como un Estado seguro y seguir creciendo de manera equitativa.<\/p>\n<p>Con el reci\u00e9n entregado nombramiento de Jorge D\u00edaz Loeza como coordinador del equipo Yucat\u00e1n en Tizim\u00edn, se contin\u00faa fortaleciendo la unidad entre la militancia panistas para refrendar el triunfo el pr\u00f3ximo a\u00f1o y defender a Yucat\u00e1n, adem\u00e1s que en cada municipio visitado se suman m\u00e1s voces para construir la plataforma pol\u00edtica que se presentar\u00e1 en 2024.<\/p>\n<p>Afirm\u00f3 que, durante estos d\u00edas de gira, ha conocido y escuchado las diversas problem\u00e1ticas de los municipios yucatecos para dise\u00f1ar propuestas concretas que presentar\u00e1 en la plataforma electoral de 2024: \u00abhay que tener claro cu\u00e1les son las preocupaciones para luego presentar propuestas. Ya lo he hecho en M\u00e9rida con pol\u00edticas p\u00fablicas para cada sector, y entonces, considero que hay que replicar las que han funcionado\u201d.<\/p>\n<p>Asimismo, dijo que la estructura del Partido Acci\u00f3n Nacional se mantiene unida y s\u00f3lida: \u00abtenemos un buen equipo de trabajo, hay coordinaci\u00f3n con el Comit\u00e9 Estatal del PAN, con el gobernador Mauricio Vila, el alcalde interino, los liderazgos de los municipios. Por ello, s\u00e9 que estamos en un buen momento para enfrentar este importante proceso electoral\u201d.<\/p>\n<p>Los municipios visitados por Ren\u00e1n Barrera han sido Um\u00e1n, Motul, Tekax, Man\u00ed, Teabo, Panab\u00e1, Conkal, Kopom\u00e1, Opich\u00e9n, Yaxcab\u00e1, Tizim\u00edn, entre otros; en los que ha prevalecido un ambiente de unidad y apertura para formar equipo sin distinci\u00f3n de colores e ideolog\u00edas pol\u00edticas, con el fin de mantener el buen rumbo del estado.<\/p>\n<p>Finalmente, Barrera Concha ha sostenido reuniones con diferentes actores sociales y econ\u00f3micos para escuchar sus inquietudes y elaborar acciones que permitan mantener la seguridad y el bien com\u00fan para las familias yucatecas.<\/p>\n","protected":false},"excerpt":{"rendered":"<p>M\u00e9rida, Yucat\u00e1n, a 22 de diciembre de 2023.- El Coordinador del Equipo Yucat\u00e1n, Ren\u00e1n Barrera Concha, se ha posicionado como el favorito de las y los yucatecos, porque a 46 d\u00edas de que arranc\u00f3 la precampa\u00f1a, ha estrechado lazos con la militancia panista, y tambi\u00e9n se han sumado diversos sectores y asociaciones civiles en 46 [&hellip;]<\/p>\n","protected":false},"author":3,"featured_media":101635,"comment_status":"closed","ping_status":"closed","sticky":false,"template":"","format":"standard","meta":{"footnotes":""},"categories":[3],"tags":[],"class_list":{"0":"post-101634","1":"post","2":"type-post","3":"status-publish","4":"format-standard","5":"has-post-thumbnail","7":"category-yucatan"},"yoast_head":"<!-- This site is optimized with the Yoast SEO plugin v27.4 - https:\/\/yoast.com\/product\/yoast-seo-wordpress\/ -->\n<title>Ren\u00e1n Barrera va s\u00f3lido a refrendar el triunfo en 2024\u00a0 - Yucat\u00e1n en corto<\/title>\n<meta name=\"robots\" content=\"index, follow, max-snippet:-1, max-image-preview:large, max-video-preview:-1\" \/>\n<link rel=\"canonical\" href=\"https:\/\/www.yucatanencorto.com\/noticias\/renan-barrera-va-solido-a-refrendar-el-triunfo-en-2024\/\" \/>\n<meta property=\"og:locale\" content=\"es_ES\" \/>\n<meta property=\"og:type\" content=\"article\" \/>\n<meta property=\"og:title\" content=\"Ren\u00e1n Barrera va s\u00f3lido a refrendar el triunfo en 2024\u00a0 - Yucat\u00e1n en corto\" \/>\n<meta property=\"og:description\" content=\"M\u00e9rida, Yucat\u00e1n, a 22 de diciembre de 2023.- El Coordinador del Equipo Yucat\u00e1n, Ren\u00e1n Barrera Concha, se ha posicionado como el favorito de las y los yucatecos, porque a 46 d\u00edas de que arranc\u00f3 la precampa\u00f1a, ha estrechado lazos con la militancia panista, y tambi\u00e9n se han sumado diversos sectores y asociaciones civiles en 46 [&hellip;]\" \/>\n<meta property=\"og:url\" content=\"https:\/\/www.yucatanencorto.com\/noticias\/renan-barrera-va-solido-a-refrendar-el-triunfo-en-2024\/\" \/>\n<meta property=\"og:site_name\" content=\"Yucat\u00e1n en corto\" \/>\n<meta property=\"article:publisher\" content=\"http:\/\/www.facebook.com\/yucatanencorto\" \/>\n<meta property=\"article:published_time\" content=\"2023-12-23T17:22:02+00:00\" \/>\n<meta property=\"og:image\" content=\"https:\/\/www.yucatanencorto.com\/noticias\/wp-content\/uploads\/2023\/12\/IMG-20231223-WA0002-scaled.jpg\" \/>\n\t<meta property=\"og:image:width\" content=\"768\" \/>\n\t<meta property=\"og:image:height\" content=\"512\" \/>\n\t<meta property=\"og:image:type\" content=\"image\/jpeg\" \/>\n<meta name=\"author\" content=\"Redes\" \/>\n<meta name=\"twitter:card\" content=\"summary_large_image\" \/>\n<meta name=\"twitter:creator\" content=\"@yucatanencorto\" \/>\n<meta name=\"twitter:site\" content=\"@yucatanencorto\" \/>\n<meta name=\"twitter:label1\" content=\"Escrito por\" \/>\n\t<meta name=\"twitter:data1\" content=\"Redes\" \/>\n\t<meta name=\"twitter:label2\" content=\"Tiempo de lectura\" \/>\n\t<meta name=\"twitter:data2\" content=\"2 minutos\" \/>\n<script type=\"application\/ld+json\" class=\"yoast-schema-graph\">{\"@context\":\"https:\\\/\\\/schema.org\",\"@graph\":[{\"@type\":\"Article\",\"@id\":\"https:\\\/\\\/www.yucatanencorto.com\\\/noticias\\\/renan-barrera-va-solido-a-refrendar-el-triunfo-en-2024\\\/#article\",\"isPartOf\":{\"@id\":\"https:\\\/\\\/www.yucatanencorto.com\\\/noticias\\\/renan-barrera-va-solido-a-refrendar-el-triunfo-en-2024\\\/\"},\"author\":{\"name\":\"Redes\",\"@id\":\"https:\\\/\\\/www.yucatanencorto.com\\\/noticias\\\/#\\\/schema\\\/person\\\/e2fbdfaf30a07014a43940ce989f3119\"},\"headline\":\"Ren\u00e1n Barrera va s\u00f3lido a refrendar el triunfo en 2024\u00a0\",\"datePublished\":\"2023-12-23T17:22:02+00:00\",\"mainEntityOfPage\":{\"@id\":\"https:\\\/\\\/www.yucatanencorto.com\\\/noticias\\\/renan-barrera-va-solido-a-refrendar-el-triunfo-en-2024\\\/\"},\"wordCount\":383,\"image\":{\"@id\":\"https:\\\/\\\/www.yucatanencorto.com\\\/noticias\\\/renan-barrera-va-solido-a-refrendar-el-triunfo-en-2024\\\/#primaryimage\"},\"thumbnailUrl\":\"https:\\\/\\\/www.yucatanencorto.com\\\/noticias\\\/wp-content\\\/uploads\\\/2023\\\/12\\\/IMG-20231223-WA0002-scaled.jpg\",\"articleSection\":[\"Yucat\u00e1n\"],\"inLanguage\":\"es\"},{\"@type\":\"WebPage\",\"@id\":\"https:\\\/\\\/www.yucatanencorto.com\\\/noticias\\\/renan-barrera-va-solido-a-refrendar-el-triunfo-en-2024\\\/\",\"url\":\"https:\\\/\\\/www.yucatanencorto.com\\\/noticias\\\/renan-barrera-va-solido-a-refrendar-el-triunfo-en-2024\\\/\",\"name\":\"Ren\u00e1n Barrera va s\u00f3lido a refrendar el triunfo en 2024\u00a0 - Yucat\u00e1n en corto\",\"isPartOf\":{\"@id\":\"https:\\\/\\\/www.yucatanencorto.com\\\/noticias\\\/#website\"},\"primaryImageOfPage\":{\"@id\":\"https:\\\/\\\/www.yucatanencorto.com\\\/noticias\\\/renan-barrera-va-solido-a-refrendar-el-triunfo-en-2024\\\/#primaryimage\"},\"image\":{\"@id\":\"https:\\\/\\\/www.yucatanencorto.com\\\/noticias\\\/renan-barrera-va-solido-a-refrendar-el-triunfo-en-2024\\\/#primaryimage\"},\"thumbnailUrl\":\"https:\\\/\\\/www.yucatanencorto.com\\\/noticias\\\/wp-content\\\/uploads\\\/2023\\\/12\\\/IMG-20231223-WA0002-scaled.jpg\",\"datePublished\":\"2023-12-23T17:22:02+00:00\",\"author\":{\"@id\":\"https:\\\/\\\/www.yucatanencorto.com\\\/noticias\\\/#\\\/schema\\\/person\\\/e2fbdfaf30a07014a43940ce989f3119\"},\"breadcrumb\":{\"@id\":\"https:\\\/\\\/www.yucatanencorto.com\\\/noticias\\\/renan-barrera-va-solido-a-refrendar-el-triunfo-en-2024\\\/#breadcrumb\"},\"inLanguage\":\"es\",\"potentialAction\":[{\"@type\":\"ReadAction\",\"target\":[\"https:\\\/\\\/www.yucatanencorto.com\\\/noticias\\\/renan-barrera-va-solido-a-refrendar-el-triunfo-en-2024\\\/\"]}]},{\"@type\":\"ImageObject\",\"inLanguage\":\"es\",\"@id\":\"https:\\\/\\\/www.yucatanencorto.com\\\/noticias\\\/renan-barrera-va-solido-a-refrendar-el-triunfo-en-2024\\\/#primaryimage\",\"url\":\"https:\\\/\\\/www.yucatanencorto.com\\\/noticias\\\/wp-content\\\/uploads\\\/2023\\\/12\\\/IMG-20231223-WA0002-scaled.jpg\",\"contentUrl\":\"https:\\\/\\\/www.yucatanencorto.com\\\/noticias\\\/wp-content\\\/uploads\\\/2023\\\/12\\\/IMG-20231223-WA0002-scaled.jpg\",\"width\":768,\"height\":512},{\"@type\":\"BreadcrumbList\",\"@id\":\"https:\\\/\\\/www.yucatanencorto.com\\\/noticias\\\/renan-barrera-va-solido-a-refrendar-el-triunfo-en-2024\\\/#breadcrumb\",\"itemListElement\":[{\"@type\":\"ListItem\",\"position\":1,\"name\":\"Portada\",\"item\":\"https:\\\/\\\/www.yucatanencorto.com\\\/noticias\\\/\"},{\"@type\":\"ListItem\",\"position\":2,\"name\":\"Ren\u00e1n Barrera va s\u00f3lido a refrendar el triunfo en 2024\u00a0\"}]},{\"@type\":\"WebSite\",\"@id\":\"https:\\\/\\\/www.yucatanencorto.com\\\/noticias\\\/#website\",\"url\":\"https:\\\/\\\/www.yucatanencorto.com\\\/noticias\\\/\",\"name\":\"Yucat\u00e1n en corto\",\"description\":\"Noticias\",\"potentialAction\":[{\"@type\":\"SearchAction\",\"target\":{\"@type\":\"EntryPoint\",\"urlTemplate\":\"https:\\\/\\\/www.yucatanencorto.com\\\/noticias\\\/?s={search_term_string}\"},\"query-input\":{\"@type\":\"PropertyValueSpecification\",\"valueRequired\":true,\"valueName\":\"search_term_string\"}}],\"inLanguage\":\"es\"},{\"@type\":\"Person\",\"@id\":\"https:\\\/\\\/www.yucatanencorto.com\\\/noticias\\\/#\\\/schema\\\/person\\\/e2fbdfaf30a07014a43940ce989f3119\",\"name\":\"Redes\",\"image\":{\"@type\":\"ImageObject\",\"inLanguage\":\"es\",\"@id\":\"https:\\\/\\\/secure.gravatar.com\\\/avatar\\\/5931a2d21dd7cc834f44c8c34fe56d90ed6d536ef452cbf870c7485b524dddd7?s=96&d=mm&r=g\",\"url\":\"https:\\\/\\\/secure.gravatar.com\\\/avatar\\\/5931a2d21dd7cc834f44c8c34fe56d90ed6d536ef452cbf870c7485b524dddd7?s=96&d=mm&r=g\",\"contentUrl\":\"https:\\\/\\\/secure.gravatar.com\\\/avatar\\\/5931a2d21dd7cc834f44c8c34fe56d90ed6d536ef452cbf870c7485b524dddd7?s=96&d=mm&r=g\",\"caption\":\"Redes\"},\"url\":\"https:\\\/\\\/www.yucatanencorto.com\\\/noticias\\\/author\\\/redes\\\/\"}]}<\/script>\n<!-- \/ Yoast SEO plugin. -->","yoast_head_json":{"title":"Ren\u00e1n Barrera va s\u00f3lido a refrendar el triunfo en 2024\u00a0 - Yucat\u00e1n en corto","robots":{"index":"index","follow":"follow","max-snippet":"max-snippet:-1","max-image-preview":"max-image-preview:large","max-video-preview":"max-video-preview:-1"},"canonical":"https:\/\/www.yucatanencorto.com\/noticias\/renan-barrera-va-solido-a-refrendar-el-triunfo-en-2024\/","og_locale":"es_ES","og_type":"article","og_title":"Ren\u00e1n Barrera va s\u00f3lido a refrendar el triunfo en 2024\u00a0 - Yucat\u00e1n en corto","og_description":"M\u00e9rida, Yucat\u00e1n, a 22 de diciembre de 2023.- El Coordinador del Equipo Yucat\u00e1n, Ren\u00e1n Barrera Concha, se ha posicionado como el favorito de las y los yucatecos, porque a 46 d\u00edas de que arranc\u00f3 la precampa\u00f1a, ha estrechado lazos con la militancia panista, y tambi\u00e9n se han sumado diversos sectores y asociaciones civiles en 46 [&hellip;]","og_url":"https:\/\/www.yucatanencorto.com\/noticias\/renan-barrera-va-solido-a-refrendar-el-triunfo-en-2024\/","og_site_name":"Yucat\u00e1n en corto","article_publisher":"http:\/\/www.facebook.com\/yucatanencorto","article_published_time":"2023-12-23T17:22:02+00:00","og_image":[{"width":768,"height":512,"url":"https:\/\/www.yucatanencorto.com\/noticias\/wp-content\/uploads\/2023\/12\/IMG-20231223-WA0002-scaled.jpg","type":"image\/jpeg"}],"author":"Redes","twitter_card":"summary_large_image","twitter_creator":"@yucatanencorto","twitter_site":"@yucatanencorto","twitter_misc":{"Escrito por":"Redes","Tiempo de lectura":"2 minutos"},"schema":{"@context":"https:\/\/schema.org","@graph":[{"@type":"Article","@id":"https:\/\/www.yucatanencorto.com\/noticias\/renan-barrera-va-solido-a-refrendar-el-triunfo-en-2024\/#article","isPartOf":{"@id":"https:\/\/www.yucatanencorto.com\/noticias\/renan-barrera-va-solido-a-refrendar-el-triunfo-en-2024\/"},"author":{"name":"Redes","@id":"https:\/\/www.yucatanencorto.com\/noticias\/#\/schema\/person\/e2fbdfaf30a07014a43940ce989f3119"},"headline":"Ren\u00e1n Barrera va s\u00f3lido a refrendar el triunfo en 2024\u00a0","datePublished":"2023-12-23T17:22:02+00:00","mainEntityOfPage":{"@id":"https:\/\/www.yucatanencorto.com\/noticias\/renan-barrera-va-solido-a-refrendar-el-triunfo-en-2024\/"},"wordCount":383,"image":{"@id":"https:\/\/www.yucatanencorto.com\/noticias\/renan-barrera-va-solido-a-refrendar-el-triunfo-en-2024\/#primaryimage"},"thumbnailUrl":"https:\/\/www.yucatanencorto.com\/noticias\/wp-content\/uploads\/2023\/12\/IMG-20231223-WA0002-scaled.jpg","articleSection":["Yucat\u00e1n"],"inLanguage":"es"},{"@type":"WebPage","@id":"https:\/\/www.yucatanencorto.com\/noticias\/renan-barrera-va-solido-a-refrendar-el-triunfo-en-2024\/","url":"https:\/\/www.yucatanencorto.com\/noticias\/renan-barrera-va-solido-a-refrendar-el-triunfo-en-2024\/","name":"Ren\u00e1n Barrera va s\u00f3lido a refrendar el triunfo en 2024\u00a0 - Yucat\u00e1n en corto","isPartOf":{"@id":"https:\/\/www.yucatanencorto.com\/noticias\/#website"},"primaryImageOfPage":{"@id":"https:\/\/www.yucatanencorto.com\/noticias\/renan-barrera-va-solido-a-refrendar-el-triunfo-en-2024\/#primaryimage"},"image":{"@id":"https:\/\/www.yucatanencorto.com\/noticias\/renan-barrera-va-solido-a-refrendar-el-triunfo-en-2024\/#primaryimage"},"thumbnailUrl":"https:\/\/www.yucatanencorto.com\/noticias\/wp-content\/uploads\/2023\/12\/IMG-20231223-WA0002-scaled.jpg","datePublished":"2023-12-23T17:22:02+00:00","author":{"@id":"https:\/\/www.yucatanencorto.com\/noticias\/#\/schema\/person\/e2fbdfaf30a07014a43940ce989f3119"},"breadcrumb":{"@id":"https:\/\/www.yucatanencorto.com\/noticias\/renan-barrera-va-solido-a-refrendar-el-triunfo-en-2024\/#breadcrumb"},"inLanguage":"es","potentialAction":[{"@type":"ReadAction","target":["https:\/\/www.yucatanencorto.com\/noticias\/renan-barrera-va-solido-a-refrendar-el-triunfo-en-2024\/"]}]},{"@type":"ImageObject","inLanguage":"es","@id":"https:\/\/www.yucatanencorto.com\/noticias\/renan-barrera-va-solido-a-refrendar-el-triunfo-en-2024\/#primaryimage","url":"https:\/\/www.yucatanencorto.com\/noticias\/wp-content\/uploads\/2023\/12\/IMG-20231223-WA0002-scaled.jpg","contentUrl":"https:\/\/www.yucatanencorto.com\/noticias\/wp-content\/uploads\/2023\/12\/IMG-20231223-WA0002-scaled.jpg","width":768,"height":512},{"@type":"BreadcrumbList","@id":"https:\/\/www.yucatanencorto.com\/noticias\/renan-barrera-va-solido-a-refrendar-el-triunfo-en-2024\/#breadcrumb","itemListElement":[{"@type":"ListItem","position":1,"name":"Portada","item":"https:\/\/www.yucatanencorto.com\/noticias\/"},{"@type":"ListItem","position":2,"name":"Ren\u00e1n Barrera va s\u00f3lido a refrendar el triunfo en 2024\u00a0"}]},{"@type":"WebSite","@id":"https:\/\/www.yucatanencorto.com\/noticias\/#website","url":"https:\/\/www.yucatanencorto.com\/noticias\/","name":"Yucat\u00e1n en corto","description":"Noticias","potentialAction":[{"@type":"SearchAction","target":{"@type":"EntryPoint","urlTemplate":"https:\/\/www.yucatanencorto.com\/noticias\/?s={search_term_string}"},"query-input":{"@type":"PropertyValueSpecification","valueRequired":true,"valueName":"search_term_string"}}],"inLanguage":"es"},{"@type":"Person","@id":"https:\/\/www.yucatanencorto.com\/noticias\/#\/schema\/person\/e2fbdfaf30a07014a43940ce989f3119","name":"Redes","image":{"@type":"ImageObject","inLanguage":"es","@id":"https:\/\/secure.gravatar.com\/avatar\/5931a2d21dd7cc834f44c8c34fe56d90ed6d536ef452cbf870c7485b524dddd7?s=96&d=mm&r=g","url":"https:\/\/secure.gravatar.com\/avatar\/5931a2d21dd7cc834f44c8c34fe56d90ed6d536ef452cbf870c7485b524dddd7?s=96&d=mm&r=g","contentUrl":"https:\/\/secure.gravatar.com\/avatar\/5931a2d21dd7cc834f44c8c34fe56d90ed6d536ef452cbf870c7485b524dddd7?s=96&d=mm&r=g","caption":"Redes"},"url":"https:\/\/www.yucatanencorto.com\/noticias\/author\/redes\/"}]}},"_links":{"self":[{"href":"https:\/\/www.yucatanencorto.com\/noticias\/wp-json\/wp\/v2\/posts\/101634","targetHints":{"allow":["GET"]}}],"collection":[{"href":"https:\/\/www.yucatanencorto.com\/noticias\/wp-json\/wp\/v2\/posts"}],"about":[{"href":"https:\/\/www.yucatanencorto.com\/noticias\/wp-json\/wp\/v2\/types\/post"}],"author":[{"embeddable":true,"href":"https:\/\/www.yucatanencorto.com\/noticias\/wp-json\/wp\/v2\/users\/3"}],"replies":[{"embeddable":true,"href":"https:\/\/www.yucatanencorto.com\/noticias\/wp-json\/wp\/v2\/comments?post=101634"}],"version-history":[{"count":0,"href":"https:\/\/www.yucatanencorto.com\/noticias\/wp-json\/wp\/v2\/posts\/101634\/revisions"}],"wp:featuredmedia":[{"embeddable":true,"href":"https:\/\/www.yucatanencorto.com\/noticias\/wp-json\/wp\/v2\/media\/101635"}],"wp:attachment":[{"href":"https:\/\/www.yucatanencorto.com\/noticias\/wp-json\/wp\/v2\/media?parent=101634"}],"wp:term":[{"taxonomy":"category","embeddable":true,"href":"https:\/\/www.yucatanencorto.com\/noticias\/wp-json\/wp\/v2\/categories?post=101634"},{"taxonomy":"post_tag","embeddable":true,"href":"https:\/\/www.yucatanencorto.com\/noticias\/wp-json\/wp\/v2\/tags?post=101634"}],"curies":[{"name":"wp","href":"https:\/\/api.w.org\/{rel}","templated":true}]}}