{"id":101637,"date":"2023-12-23T17:45:37","date_gmt":"2023-12-23T23:45:37","guid":{"rendered":"https:\/\/www.yucatanencorto.com\/noticias\/?p=101637"},"modified":"2023-12-23T17:45:37","modified_gmt":"2023-12-23T23:45:37","slug":"el-ayuntamiento-rehabilita-y-da-mantenimiento-a-los-espacios-publicos","status":"publish","type":"post","link":"https:\/\/www.yucatanencorto.com\/noticias\/el-ayuntamiento-rehabilita-y-da-mantenimiento-a-los-espacios-publicos\/","title":{"rendered":"El Ayuntamiento rehabilita y da mantenimiento a los espacios p\u00fablicos"},"content":{"rendered":"<p><img loading=\"lazy\" decoding=\"async\" class=\"alignnone size-full wp-image-101638\" src=\"https:\/\/www.yucatanencorto.com\/noticias\/wp-content\/uploads\/2023\/12\/81bd4691-a905-4df1-a60a-91b31fbd8f86-scaled.jpeg\" alt=\"\" width=\"768\" height=\"512\" srcset=\"https:\/\/www.yucatanencorto.com\/noticias\/wp-content\/uploads\/2023\/12\/81bd4691-a905-4df1-a60a-91b31fbd8f86-scaled.jpeg 768w, https:\/\/www.yucatanencorto.com\/noticias\/wp-content\/uploads\/2023\/12\/81bd4691-a905-4df1-a60a-91b31fbd8f86-150x100.jpeg 150w, https:\/\/www.yucatanencorto.com\/noticias\/wp-content\/uploads\/2023\/12\/81bd4691-a905-4df1-a60a-91b31fbd8f86-300x200.jpeg 300w, https:\/\/www.yucatanencorto.com\/noticias\/wp-content\/uploads\/2023\/12\/81bd4691-a905-4df1-a60a-91b31fbd8f86-696x464.jpeg 696w, https:\/\/www.yucatanencorto.com\/noticias\/wp-content\/uploads\/2023\/12\/81bd4691-a905-4df1-a60a-91b31fbd8f86-1068x712.jpeg 1068w\" sizes=\"auto, (max-width: 768px) 100vw, 768px\" \/><\/p>\n<p>M\u00e9rida, Yucat\u00e1n, 23 de diciembre de 2023.- Garantizar espacios p\u00fablicos de calidad en todas las zonas de la ciudad y sus comisar\u00edas para que las familias se sientan c\u00f3modas y seguras mientras se divierten, es un compromiso de nuestro gobierno, y el trabajo en equipo es una prioridad para lograrlo, asegur\u00f3 el alcalde Alejandro Ruz Castro.<\/p>\n<p>&nbsp;<\/p>\n<p>&nbsp;<\/p>\n<p>&nbsp;<\/p>\n<p>El Presidente Municipal supervis\u00f3 los trabajos de mantenimiento y rehabilitaci\u00f3n del Parque de la colonia Adolfo L\u00f3pez Mateos, al oriente de M\u00e9rida, en donde se llevan a cabo labores de desazolve de zanjas, limpieza de calles, poda de \u00e1rboles, as\u00ed como la limpieza general, pintura, siembra de arbolitos, reparaci\u00f3n de juegos infantiles y cambio de luminarias.<\/p>\n<p>&nbsp;<\/p>\n<p>&nbsp;<\/p>\n<p>&nbsp;<\/p>\n<p>\u201cM\u00e9rida es una ciudad funcional y din\u00e1mica porque protege y cuida su patrimonio urbano, y nuestros espacios p\u00fablicos son el reflejo de una sociedad que basa su crecimiento en el impulso de su tejido social\u201d, expres\u00f3.<\/p>\n<p>&nbsp;<\/p>\n<p>&nbsp;<\/p>\n<p>&nbsp;<\/p>\n<p>Acompa\u00f1ado de David Lor\u00eda Magdub, director de Obras P\u00fablicas, Ruz Castro destac\u00f3 que durante esta administraci\u00f3n se ha hecho mantenimiento integral a la colonia L\u00f3pez Mateos en materia de drenaje, alumbrado p\u00fablico y aseo urbano en sus calles, as\u00ed como mantenimiento a los parques y canchas deportivas, con el objetivo de fomentar la cohesi\u00f3n social y la convivencia de las y los habitantes de la zona.<\/p>\n<p>&nbsp;<\/p>\n<p>&nbsp;<\/p>\n<p>&nbsp;<\/p>\n<p>Asimismo, record\u00f3 que, en coordinaci\u00f3n con el gobierno del estado, en octubre pasado, el Ayuntamiento de M\u00e9rida anunci\u00f3 la rehabilitaci\u00f3n y modernizaci\u00f3n de 23 parques del sur de la ciudad con una inversi\u00f3n de 40 millones de pesos, con el fin de ofrecer a las y los meridanos de todo el municipio, la misma calidad de espacios para el deporte y la convivencia que cualquier otra zona de la ciudad.<\/p>\n<p>\u00abEs nuestro compromiso seguir atendiendo los espacios p\u00fablicos de la ciudad porque queremos que todas y todos crezcan parejo y con igualdad de oportunidades para todas las familias\u201d, coment\u00f3.<\/p>\n<p>&nbsp;<\/p>\n<p>&nbsp;<\/p>\n<p>&nbsp;<\/p>\n<p>De esta manera, el Presidente Municipal agradeci\u00f3 el trabajo, compromiso y labor de los trabajadores municipales de las direcciones de Servicios P\u00fablicos y Obras P\u00fablicas, de quienes dijo, con su empe\u00f1o se logra recobrar el esplendor de los espacios p\u00fablicos de la ciudad para el disfrute de las familias.<\/p>\n<p>&nbsp;<\/p>\n<p>&nbsp;<\/p>\n<p>&nbsp;<\/p>\n<p>Al ofrecer una explicaci\u00f3n t\u00e9cnica de las acciones emprendidas en el lugar, Ricardo Negroe Acosta, Subdirector de Servicios P\u00fablicos Oriente dijo que entre las mejoras que se realizan est\u00e1 el desazolve de zanjas pluviales con rejilla en calles aleda\u00f1as al parque, reparaciones de tapas de pozos y brocales, limpieza de calles aleda\u00f1as al parque, poda de \u00e1rboles del parque, limpieza general del parque, pintura general del parque.<\/p>\n<p>&nbsp;<\/p>\n<p>&nbsp;<\/p>\n<p>&nbsp;<\/p>\n<p>Asimismo, se sembraron nuevos arbolitos en algunos arriates debido que los anteriores fueron vandalizados; tambi\u00e9n se trabaj\u00f3 en la reparaci\u00f3n menor de juegos infantiles, cambio de luminarias en cancha de b\u00e1squet y en el escenario, reparaci\u00f3n de registros y ductos el\u00e9ctricos y se dio mantenimiento a las luminarias en calles aleda\u00f1as al espacio p\u00fablico.<\/p>\n<p>&nbsp;<\/p>\n<p>&nbsp;<\/p>\n<p>&nbsp;<\/p>\n<p>El funcionario mencion\u00f3 que esos trabajos participaron en total 46 personas, entre electricistas, pintores, poceros, alba\u00f1iles, operadores de maquinaria, pertenecientes a las \u00e1reas de drenaje, alumbrado p\u00fablico, aseo urbano, parques y jardines.<\/p>\n<p>&nbsp;<\/p>\n<p>&nbsp;<\/p>\n<p>&nbsp;<\/p>\n<p>Finalmente, dijo que tambi\u00e9n se dispuso de 12 equipos entre maquinaria y veh\u00edculos tales como una desazolvadora, 2 volquetes de 10 toneladas, 4 camiones de 3 tons. 3 camiones de redilas de 3 tons. una gr\u00faa telesc\u00f3pica con canasta y una astilladora de troncos y ramas.<\/p>\n<p>&nbsp;<\/p>\n<p>&nbsp;<\/p>\n<p>&nbsp;<\/p>\n<p>&nbsp;<\/p>\n","protected":false},"excerpt":{"rendered":"<p>M\u00e9rida, Yucat\u00e1n, 23 de diciembre de 2023.- Garantizar espacios p\u00fablicos de calidad en todas las zonas de la ciudad y sus comisar\u00edas para que las familias se sientan c\u00f3modas y seguras mientras se divierten, es un compromiso de nuestro gobierno, y el trabajo en equipo es una prioridad para lograrlo, asegur\u00f3 el alcalde Alejandro Ruz [&hellip;]<\/p>\n","protected":false},"author":3,"featured_media":101638,"comment_status":"closed","ping_status":"closed","sticky":false,"template":"","format":"standard","meta":{"footnotes":""},"categories":[3],"tags":[],"class_list":{"0":"post-101637","1":"post","2":"type-post","3":"status-publish","4":"format-standard","5":"has-post-thumbnail","7":"category-yucatan"},"yoast_head":"<!-- This site is optimized with the Yoast SEO plugin v27.4 - https:\/\/yoast.com\/product\/yoast-seo-wordpress\/ -->\n<title>El Ayuntamiento rehabilita y da mantenimiento a los espacios p\u00fablicos - Yucat\u00e1n en corto<\/title>\n<meta name=\"robots\" content=\"index, follow, max-snippet:-1, max-image-preview:large, max-video-preview:-1\" \/>\n<link rel=\"canonical\" href=\"https:\/\/www.yucatanencorto.com\/noticias\/el-ayuntamiento-rehabilita-y-da-mantenimiento-a-los-espacios-publicos\/\" \/>\n<meta property=\"og:locale\" content=\"es_ES\" \/>\n<meta property=\"og:type\" content=\"article\" \/>\n<meta property=\"og:title\" content=\"El Ayuntamiento rehabilita y da mantenimiento a los espacios p\u00fablicos - Yucat\u00e1n en corto\" \/>\n<meta property=\"og:description\" content=\"M\u00e9rida, Yucat\u00e1n, 23 de diciembre de 2023.- Garantizar espacios p\u00fablicos de calidad en todas las zonas de la ciudad y sus comisar\u00edas para que las familias se sientan c\u00f3modas y seguras mientras se divierten, es un compromiso de nuestro gobierno, y el trabajo en equipo es una prioridad para lograrlo, asegur\u00f3 el alcalde Alejandro Ruz [&hellip;]\" \/>\n<meta property=\"og:url\" content=\"https:\/\/www.yucatanencorto.com\/noticias\/el-ayuntamiento-rehabilita-y-da-mantenimiento-a-los-espacios-publicos\/\" \/>\n<meta property=\"og:site_name\" content=\"Yucat\u00e1n en corto\" \/>\n<meta property=\"article:publisher\" content=\"http:\/\/www.facebook.com\/yucatanencorto\" \/>\n<meta property=\"article:published_time\" content=\"2023-12-23T23:45:37+00:00\" \/>\n<meta property=\"og:image\" content=\"https:\/\/www.yucatanencorto.com\/noticias\/wp-content\/uploads\/2023\/12\/81bd4691-a905-4df1-a60a-91b31fbd8f86-scaled.jpeg\" \/>\n\t<meta property=\"og:image:width\" content=\"768\" \/>\n\t<meta property=\"og:image:height\" content=\"512\" \/>\n\t<meta property=\"og:image:type\" content=\"image\/jpeg\" \/>\n<meta name=\"author\" content=\"Redes\" \/>\n<meta name=\"twitter:card\" content=\"summary_large_image\" \/>\n<meta name=\"twitter:creator\" content=\"@yucatanencorto\" \/>\n<meta name=\"twitter:site\" content=\"@yucatanencorto\" \/>\n<meta name=\"twitter:label1\" content=\"Escrito por\" \/>\n\t<meta name=\"twitter:data1\" content=\"Redes\" \/>\n\t<meta name=\"twitter:label2\" content=\"Tiempo de lectura\" \/>\n\t<meta name=\"twitter:data2\" content=\"3 minutos\" \/>\n<script type=\"application\/ld+json\" class=\"yoast-schema-graph\">{\"@context\":\"https:\\\/\\\/schema.org\",\"@graph\":[{\"@type\":\"Article\",\"@id\":\"https:\\\/\\\/www.yucatanencorto.com\\\/noticias\\\/el-ayuntamiento-rehabilita-y-da-mantenimiento-a-los-espacios-publicos\\\/#article\",\"isPartOf\":{\"@id\":\"https:\\\/\\\/www.yucatanencorto.com\\\/noticias\\\/el-ayuntamiento-rehabilita-y-da-mantenimiento-a-los-espacios-publicos\\\/\"},\"author\":{\"name\":\"Redes\",\"@id\":\"https:\\\/\\\/www.yucatanencorto.com\\\/noticias\\\/#\\\/schema\\\/person\\\/e2fbdfaf30a07014a43940ce989f3119\"},\"headline\":\"El Ayuntamiento rehabilita y da mantenimiento a los espacios p\u00fablicos\",\"datePublished\":\"2023-12-23T23:45:37+00:00\",\"mainEntityOfPage\":{\"@id\":\"https:\\\/\\\/www.yucatanencorto.com\\\/noticias\\\/el-ayuntamiento-rehabilita-y-da-mantenimiento-a-los-espacios-publicos\\\/\"},\"wordCount\":639,\"image\":{\"@id\":\"https:\\\/\\\/www.yucatanencorto.com\\\/noticias\\\/el-ayuntamiento-rehabilita-y-da-mantenimiento-a-los-espacios-publicos\\\/#primaryimage\"},\"thumbnailUrl\":\"https:\\\/\\\/www.yucatanencorto.com\\\/noticias\\\/wp-content\\\/uploads\\\/2023\\\/12\\\/81bd4691-a905-4df1-a60a-91b31fbd8f86-scaled.jpeg\",\"articleSection\":[\"Yucat\u00e1n\"],\"inLanguage\":\"es\"},{\"@type\":\"WebPage\",\"@id\":\"https:\\\/\\\/www.yucatanencorto.com\\\/noticias\\\/el-ayuntamiento-rehabilita-y-da-mantenimiento-a-los-espacios-publicos\\\/\",\"url\":\"https:\\\/\\\/www.yucatanencorto.com\\\/noticias\\\/el-ayuntamiento-rehabilita-y-da-mantenimiento-a-los-espacios-publicos\\\/\",\"name\":\"El Ayuntamiento rehabilita y da mantenimiento a los espacios p\u00fablicos - Yucat\u00e1n en corto\",\"isPartOf\":{\"@id\":\"https:\\\/\\\/www.yucatanencorto.com\\\/noticias\\\/#website\"},\"primaryImageOfPage\":{\"@id\":\"https:\\\/\\\/www.yucatanencorto.com\\\/noticias\\\/el-ayuntamiento-rehabilita-y-da-mantenimiento-a-los-espacios-publicos\\\/#primaryimage\"},\"image\":{\"@id\":\"https:\\\/\\\/www.yucatanencorto.com\\\/noticias\\\/el-ayuntamiento-rehabilita-y-da-mantenimiento-a-los-espacios-publicos\\\/#primaryimage\"},\"thumbnailUrl\":\"https:\\\/\\\/www.yucatanencorto.com\\\/noticias\\\/wp-content\\\/uploads\\\/2023\\\/12\\\/81bd4691-a905-4df1-a60a-91b31fbd8f86-scaled.jpeg\",\"datePublished\":\"2023-12-23T23:45:37+00:00\",\"author\":{\"@id\":\"https:\\\/\\\/www.yucatanencorto.com\\\/noticias\\\/#\\\/schema\\\/person\\\/e2fbdfaf30a07014a43940ce989f3119\"},\"breadcrumb\":{\"@id\":\"https:\\\/\\\/www.yucatanencorto.com\\\/noticias\\\/el-ayuntamiento-rehabilita-y-da-mantenimiento-a-los-espacios-publicos\\\/#breadcrumb\"},\"inLanguage\":\"es\",\"potentialAction\":[{\"@type\":\"ReadAction\",\"target\":[\"https:\\\/\\\/www.yucatanencorto.com\\\/noticias\\\/el-ayuntamiento-rehabilita-y-da-mantenimiento-a-los-espacios-publicos\\\/\"]}]},{\"@type\":\"ImageObject\",\"inLanguage\":\"es\",\"@id\":\"https:\\\/\\\/www.yucatanencorto.com\\\/noticias\\\/el-ayuntamiento-rehabilita-y-da-mantenimiento-a-los-espacios-publicos\\\/#primaryimage\",\"url\":\"https:\\\/\\\/www.yucatanencorto.com\\\/noticias\\\/wp-content\\\/uploads\\\/2023\\\/12\\\/81bd4691-a905-4df1-a60a-91b31fbd8f86-scaled.jpeg\",\"contentUrl\":\"https:\\\/\\\/www.yucatanencorto.com\\\/noticias\\\/wp-content\\\/uploads\\\/2023\\\/12\\\/81bd4691-a905-4df1-a60a-91b31fbd8f86-scaled.jpeg\",\"width\":768,\"height\":512},{\"@type\":\"BreadcrumbList\",\"@id\":\"https:\\\/\\\/www.yucatanencorto.com\\\/noticias\\\/el-ayuntamiento-rehabilita-y-da-mantenimiento-a-los-espacios-publicos\\\/#breadcrumb\",\"itemListElement\":[{\"@type\":\"ListItem\",\"position\":1,\"name\":\"Portada\",\"item\":\"https:\\\/\\\/www.yucatanencorto.com\\\/noticias\\\/\"},{\"@type\":\"ListItem\",\"position\":2,\"name\":\"El Ayuntamiento rehabilita y da mantenimiento a los espacios p\u00fablicos\"}]},{\"@type\":\"WebSite\",\"@id\":\"https:\\\/\\\/www.yucatanencorto.com\\\/noticias\\\/#website\",\"url\":\"https:\\\/\\\/www.yucatanencorto.com\\\/noticias\\\/\",\"name\":\"Yucat\u00e1n en corto\",\"description\":\"Noticias\",\"potentialAction\":[{\"@type\":\"SearchAction\",\"target\":{\"@type\":\"EntryPoint\",\"urlTemplate\":\"https:\\\/\\\/www.yucatanencorto.com\\\/noticias\\\/?s={search_term_string}\"},\"query-input\":{\"@type\":\"PropertyValueSpecification\",\"valueRequired\":true,\"valueName\":\"search_term_string\"}}],\"inLanguage\":\"es\"},{\"@type\":\"Person\",\"@id\":\"https:\\\/\\\/www.yucatanencorto.com\\\/noticias\\\/#\\\/schema\\\/person\\\/e2fbdfaf30a07014a43940ce989f3119\",\"name\":\"Redes\",\"image\":{\"@type\":\"ImageObject\",\"inLanguage\":\"es\",\"@id\":\"https:\\\/\\\/secure.gravatar.com\\\/avatar\\\/5931a2d21dd7cc834f44c8c34fe56d90ed6d536ef452cbf870c7485b524dddd7?s=96&d=mm&r=g\",\"url\":\"https:\\\/\\\/secure.gravatar.com\\\/avatar\\\/5931a2d21dd7cc834f44c8c34fe56d90ed6d536ef452cbf870c7485b524dddd7?s=96&d=mm&r=g\",\"contentUrl\":\"https:\\\/\\\/secure.gravatar.com\\\/avatar\\\/5931a2d21dd7cc834f44c8c34fe56d90ed6d536ef452cbf870c7485b524dddd7?s=96&d=mm&r=g\",\"caption\":\"Redes\"},\"url\":\"https:\\\/\\\/www.yucatanencorto.com\\\/noticias\\\/author\\\/redes\\\/\"}]}<\/script>\n<!-- \/ Yoast SEO plugin. -->","yoast_head_json":{"title":"El Ayuntamiento rehabilita y da mantenimiento a los espacios p\u00fablicos - Yucat\u00e1n en corto","robots":{"index":"index","follow":"follow","max-snippet":"max-snippet:-1","max-image-preview":"max-image-preview:large","max-video-preview":"max-video-preview:-1"},"canonical":"https:\/\/www.yucatanencorto.com\/noticias\/el-ayuntamiento-rehabilita-y-da-mantenimiento-a-los-espacios-publicos\/","og_locale":"es_ES","og_type":"article","og_title":"El Ayuntamiento rehabilita y da mantenimiento a los espacios p\u00fablicos - Yucat\u00e1n en corto","og_description":"M\u00e9rida, Yucat\u00e1n, 23 de diciembre de 2023.- Garantizar espacios p\u00fablicos de calidad en todas las zonas de la ciudad y sus comisar\u00edas para que las familias se sientan c\u00f3modas y seguras mientras se divierten, es un compromiso de nuestro gobierno, y el trabajo en equipo es una prioridad para lograrlo, asegur\u00f3 el alcalde Alejandro Ruz [&hellip;]","og_url":"https:\/\/www.yucatanencorto.com\/noticias\/el-ayuntamiento-rehabilita-y-da-mantenimiento-a-los-espacios-publicos\/","og_site_name":"Yucat\u00e1n en corto","article_publisher":"http:\/\/www.facebook.com\/yucatanencorto","article_published_time":"2023-12-23T23:45:37+00:00","og_image":[{"width":768,"height":512,"url":"https:\/\/www.yucatanencorto.com\/noticias\/wp-content\/uploads\/2023\/12\/81bd4691-a905-4df1-a60a-91b31fbd8f86-scaled.jpeg","type":"image\/jpeg"}],"author":"Redes","twitter_card":"summary_large_image","twitter_creator":"@yucatanencorto","twitter_site":"@yucatanencorto","twitter_misc":{"Escrito por":"Redes","Tiempo de lectura":"3 minutos"},"schema":{"@context":"https:\/\/schema.org","@graph":[{"@type":"Article","@id":"https:\/\/www.yucatanencorto.com\/noticias\/el-ayuntamiento-rehabilita-y-da-mantenimiento-a-los-espacios-publicos\/#article","isPartOf":{"@id":"https:\/\/www.yucatanencorto.com\/noticias\/el-ayuntamiento-rehabilita-y-da-mantenimiento-a-los-espacios-publicos\/"},"author":{"name":"Redes","@id":"https:\/\/www.yucatanencorto.com\/noticias\/#\/schema\/person\/e2fbdfaf30a07014a43940ce989f3119"},"headline":"El Ayuntamiento rehabilita y da mantenimiento a los espacios p\u00fablicos","datePublished":"2023-12-23T23:45:37+00:00","mainEntityOfPage":{"@id":"https:\/\/www.yucatanencorto.com\/noticias\/el-ayuntamiento-rehabilita-y-da-mantenimiento-a-los-espacios-publicos\/"},"wordCount":639,"image":{"@id":"https:\/\/www.yucatanencorto.com\/noticias\/el-ayuntamiento-rehabilita-y-da-mantenimiento-a-los-espacios-publicos\/#primaryimage"},"thumbnailUrl":"https:\/\/www.yucatanencorto.com\/noticias\/wp-content\/uploads\/2023\/12\/81bd4691-a905-4df1-a60a-91b31fbd8f86-scaled.jpeg","articleSection":["Yucat\u00e1n"],"inLanguage":"es"},{"@type":"WebPage","@id":"https:\/\/www.yucatanencorto.com\/noticias\/el-ayuntamiento-rehabilita-y-da-mantenimiento-a-los-espacios-publicos\/","url":"https:\/\/www.yucatanencorto.com\/noticias\/el-ayuntamiento-rehabilita-y-da-mantenimiento-a-los-espacios-publicos\/","name":"El Ayuntamiento rehabilita y da mantenimiento a los espacios p\u00fablicos - Yucat\u00e1n en corto","isPartOf":{"@id":"https:\/\/www.yucatanencorto.com\/noticias\/#website"},"primaryImageOfPage":{"@id":"https:\/\/www.yucatanencorto.com\/noticias\/el-ayuntamiento-rehabilita-y-da-mantenimiento-a-los-espacios-publicos\/#primaryimage"},"image":{"@id":"https:\/\/www.yucatanencorto.com\/noticias\/el-ayuntamiento-rehabilita-y-da-mantenimiento-a-los-espacios-publicos\/#primaryimage"},"thumbnailUrl":"https:\/\/www.yucatanencorto.com\/noticias\/wp-content\/uploads\/2023\/12\/81bd4691-a905-4df1-a60a-91b31fbd8f86-scaled.jpeg","datePublished":"2023-12-23T23:45:37+00:00","author":{"@id":"https:\/\/www.yucatanencorto.com\/noticias\/#\/schema\/person\/e2fbdfaf30a07014a43940ce989f3119"},"breadcrumb":{"@id":"https:\/\/www.yucatanencorto.com\/noticias\/el-ayuntamiento-rehabilita-y-da-mantenimiento-a-los-espacios-publicos\/#breadcrumb"},"inLanguage":"es","potentialAction":[{"@type":"ReadAction","target":["https:\/\/www.yucatanencorto.com\/noticias\/el-ayuntamiento-rehabilita-y-da-mantenimiento-a-los-espacios-publicos\/"]}]},{"@type":"ImageObject","inLanguage":"es","@id":"https:\/\/www.yucatanencorto.com\/noticias\/el-ayuntamiento-rehabilita-y-da-mantenimiento-a-los-espacios-publicos\/#primaryimage","url":"https:\/\/www.yucatanencorto.com\/noticias\/wp-content\/uploads\/2023\/12\/81bd4691-a905-4df1-a60a-91b31fbd8f86-scaled.jpeg","contentUrl":"https:\/\/www.yucatanencorto.com\/noticias\/wp-content\/uploads\/2023\/12\/81bd4691-a905-4df1-a60a-91b31fbd8f86-scaled.jpeg","width":768,"height":512},{"@type":"BreadcrumbList","@id":"https:\/\/www.yucatanencorto.com\/noticias\/el-ayuntamiento-rehabilita-y-da-mantenimiento-a-los-espacios-publicos\/#breadcrumb","itemListElement":[{"@type":"ListItem","position":1,"name":"Portada","item":"https:\/\/www.yucatanencorto.com\/noticias\/"},{"@type":"ListItem","position":2,"name":"El Ayuntamiento rehabilita y da mantenimiento a los espacios p\u00fablicos"}]},{"@type":"WebSite","@id":"https:\/\/www.yucatanencorto.com\/noticias\/#website","url":"https:\/\/www.yucatanencorto.com\/noticias\/","name":"Yucat\u00e1n en corto","description":"Noticias","potentialAction":[{"@type":"SearchAction","target":{"@type":"EntryPoint","urlTemplate":"https:\/\/www.yucatanencorto.com\/noticias\/?s={search_term_string}"},"query-input":{"@type":"PropertyValueSpecification","valueRequired":true,"valueName":"search_term_string"}}],"inLanguage":"es"},{"@type":"Person","@id":"https:\/\/www.yucatanencorto.com\/noticias\/#\/schema\/person\/e2fbdfaf30a07014a43940ce989f3119","name":"Redes","image":{"@type":"ImageObject","inLanguage":"es","@id":"https:\/\/secure.gravatar.com\/avatar\/5931a2d21dd7cc834f44c8c34fe56d90ed6d536ef452cbf870c7485b524dddd7?s=96&d=mm&r=g","url":"https:\/\/secure.gravatar.com\/avatar\/5931a2d21dd7cc834f44c8c34fe56d90ed6d536ef452cbf870c7485b524dddd7?s=96&d=mm&r=g","contentUrl":"https:\/\/secure.gravatar.com\/avatar\/5931a2d21dd7cc834f44c8c34fe56d90ed6d536ef452cbf870c7485b524dddd7?s=96&d=mm&r=g","caption":"Redes"},"url":"https:\/\/www.yucatanencorto.com\/noticias\/author\/redes\/"}]}},"_links":{"self":[{"href":"https:\/\/www.yucatanencorto.com\/noticias\/wp-json\/wp\/v2\/posts\/101637","targetHints":{"allow":["GET"]}}],"collection":[{"href":"https:\/\/www.yucatanencorto.com\/noticias\/wp-json\/wp\/v2\/posts"}],"about":[{"href":"https:\/\/www.yucatanencorto.com\/noticias\/wp-json\/wp\/v2\/types\/post"}],"author":[{"embeddable":true,"href":"https:\/\/www.yucatanencorto.com\/noticias\/wp-json\/wp\/v2\/users\/3"}],"replies":[{"embeddable":true,"href":"https:\/\/www.yucatanencorto.com\/noticias\/wp-json\/wp\/v2\/comments?post=101637"}],"version-history":[{"count":0,"href":"https:\/\/www.yucatanencorto.com\/noticias\/wp-json\/wp\/v2\/posts\/101637\/revisions"}],"wp:featuredmedia":[{"embeddable":true,"href":"https:\/\/www.yucatanencorto.com\/noticias\/wp-json\/wp\/v2\/media\/101638"}],"wp:attachment":[{"href":"https:\/\/www.yucatanencorto.com\/noticias\/wp-json\/wp\/v2\/media?parent=101637"}],"wp:term":[{"taxonomy":"category","embeddable":true,"href":"https:\/\/www.yucatanencorto.com\/noticias\/wp-json\/wp\/v2\/categories?post=101637"},{"taxonomy":"post_tag","embeddable":true,"href":"https:\/\/www.yucatanencorto.com\/noticias\/wp-json\/wp\/v2\/tags?post=101637"}],"curies":[{"name":"wp","href":"https:\/\/api.w.org\/{rel}","templated":true}]}}