{"id":101644,"date":"2023-12-24T15:32:52","date_gmt":"2023-12-24T21:32:52","guid":{"rendered":"https:\/\/www.yucatanencorto.com\/noticias\/?p=101644"},"modified":"2023-12-24T15:32:52","modified_gmt":"2023-12-24T21:32:52","slug":"celebran-la-navidad-con-las-y-los-abuelitos-del-albergue-renacer","status":"publish","type":"post","link":"https:\/\/www.yucatanencorto.com\/noticias\/celebran-la-navidad-con-las-y-los-abuelitos-del-albergue-renacer\/","title":{"rendered":"Celebran  la navidad con las y los abuelitos del albergue \u201cRenacer\u201d"},"content":{"rendered":"<p><img loading=\"lazy\" decoding=\"async\" class=\"alignnone size-full wp-image-101645\" src=\"https:\/\/www.yucatanencorto.com\/noticias\/wp-content\/uploads\/2023\/12\/15b5928c-4ed5-4ea2-b74f-39af4e0a18ee-scaled.jpeg\" alt=\"\" width=\"768\" height=\"512\" srcset=\"https:\/\/www.yucatanencorto.com\/noticias\/wp-content\/uploads\/2023\/12\/15b5928c-4ed5-4ea2-b74f-39af4e0a18ee-scaled.jpeg 768w, https:\/\/www.yucatanencorto.com\/noticias\/wp-content\/uploads\/2023\/12\/15b5928c-4ed5-4ea2-b74f-39af4e0a18ee-150x100.jpeg 150w, https:\/\/www.yucatanencorto.com\/noticias\/wp-content\/uploads\/2023\/12\/15b5928c-4ed5-4ea2-b74f-39af4e0a18ee-300x200.jpeg 300w, https:\/\/www.yucatanencorto.com\/noticias\/wp-content\/uploads\/2023\/12\/15b5928c-4ed5-4ea2-b74f-39af4e0a18ee-696x464.jpeg 696w\" sizes=\"auto, (max-width: 768px) 100vw, 768px\" \/><\/p>\n<p>M\u00e9rida, Yucat\u00e1n, 24 de diciembre de 2023.- Con una tradicional posada, las y los abuelitos del Centro Integral para la Plenitud de Personas Mayores \u00abRenacer\u00bb, disfrutaron de divertidos momentos donde estuvo presente el alcalde Alejandro Ruz Castro y su esposa Ver\u00f3nica Cetina Arjona, presidenta del DIF M\u00e9rida.<\/p>\n<p>&nbsp;<\/p>\n<p>&nbsp;<\/p>\n<p>&nbsp;<\/p>\n<p>Con la petici\u00f3n de posada en la que participaron autoridades municipales, Santa y la se\u00f1ora Claus, el Grinch y duendes, interpretados por estudiantes de la licenciatura de enfermer\u00eda y pasantes del \u00e1rea de psicolog\u00eda del Centro Universitario Siglo XXI, las personas mayores disfrutaron de un gran festejo navide\u00f1o lleno de muestras de cari\u00f1o, apapachos y aplausos.<\/p>\n<p>&nbsp;<\/p>\n<p>&nbsp;<\/p>\n<p>&nbsp;<\/p>\n<p>En su mensaje, el presidente municipal mencion\u00f3 que estos d\u00edas de fiesta son una excelente oportunidad para ser solidarios con las personas m\u00e1s vulnerables, en especial con las personas mayores, quienes han dedicado gran parte de sus vidas a trabajar por el desarrollo de la ciudad.<\/p>\n<p>&nbsp;<\/p>\n<p>&nbsp;<\/p>\n<p>&nbsp;<\/p>\n<p>\u00abUno de nuestros compromisos primordiales como Ayuntamiento de M\u00e9rida, es brindar las mejores condiciones posibles de vida a las personas mayores, ya que refleja el grado de valor humano y \u00e9tico que nos mantiene unidos como sociedad\u00bb, expres\u00f3.<\/p>\n<p>&nbsp;<\/p>\n<p>&nbsp;<\/p>\n<p>&nbsp;<\/p>\n<p>Acompa\u00f1ado de Silvia Sarti Gonz\u00e1lez, directora del DIF Municipal y Susy Pasos Alpuche, Jefa del Departamento de Atenci\u00f3n a Personas Mayores, el Alcalde agreg\u00f3 que una de las mejores formas de demostrar que M\u00e9rida es, y contin\u00faa siendo, una ciudad con rostro humano, es a trav\u00e9s del trabajo que realiza el DIF Municipal en el albergue \u00abRenacer\u00bb, donde se busca ofrecer una vida digna a las personas de la tercera edad que no tienen hogar o familia que vele por ellas.<\/p>\n<p>&nbsp;<\/p>\n<p>&nbsp;<\/p>\n<p>&nbsp;<\/p>\n<p>\u201cEstoy profundamente emocionado por estar con ustedes y por ver esa alegr\u00eda que traen todas y todos, es una alegr\u00eda que contagia y emociona, y que nos impulsa a seguir haciendo nuestro mejor esfuerzo para continuar dando espacios dignos para que ustedes puedan disfrutar\u201d, coment\u00f3.<\/p>\n<p>&nbsp;<\/p>\n<p>&nbsp;<\/p>\n<p>&nbsp;<\/p>\n<p>Por espacio de hora y media, las risas, cantos y aplausos llenaron de magia y felicidad el festejo que el Ayuntamiento, en coordinaci\u00f3n con la instituci\u00f3n educativa prepar\u00f3 para agasajar a las y los residentes del centro \u00abRenacer\u00bb que no dejaron de entonar las canciones navide\u00f1as.<\/p>\n<p>&nbsp;<\/p>\n<p>&nbsp;<\/p>\n<p>&nbsp;<\/p>\n<p>Ataviados con gorritos y bufandas y miradas de entusiasmo las y los abuelitos recibieron regalos y detalles de manos del presidente municipal y de su esposa Ver\u00f3nica Cetina; asimismo, le dieron con gran emoci\u00f3n a la pi\u00f1ata mientras los presentes los animaban con aplausos y gritos al tono de \u201cdale, dale, dale, no pierdas el tino, porque si lo pierdes, pierdes el camino\u201d.<\/p>\n<p>&nbsp;<\/p>\n<p>&nbsp;<\/p>\n<p>&nbsp;<\/p>\n<p>Igualmente, el alcalde Alejandro Ruz, agradeci\u00f3 a las y los abuelitos por todos los a\u00f1os de vida y sabidur\u00eda que le han regalado al municipio, contribuyendo a qu\u00e9 hoy sea una ciudad de paz, segura, amable y solidaria con quienes la habitan y la visitan.<\/p>\n<p>&nbsp;<\/p>\n<p>&nbsp;<\/p>\n<p>&nbsp;<\/p>\n<p>Cabe se\u00f1alar que, actualmente el albergue atiende a 22 personas mayores de 60 a\u00f1os o m\u00e1s que se encontraban en estado de desamparo y abandono social, el objetivo es poder brindarles protecci\u00f3n f\u00edsica, mental y social mediante servicios de alojamiento, alimentaci\u00f3n, vestido, atenci\u00f3n m\u00e9dica y rehabilitaci\u00f3n, as\u00ed como actividades ocupacionales, recreativas y culturales, con el prop\u00f3sito de promover su desarrollo integral y gozar de una vida digna.<\/p>\n<p>&nbsp;<\/p>\n<p>&nbsp;<\/p>\n<p>&nbsp;<\/p>\n<p>Adicionalmente, el Centro Integral para la Plenitud del Adulto Mayor \u201cRenacer\u201d, \u00fanico en el Sureste de M\u00e9xico, ubicado en el fraccionamiento Juan Pablo II, tambi\u00e9n atiende a unos 300 usuarias y usuarios de 60 a\u00f1os o m\u00e1s, ofreci\u00e9ndoles actividades f\u00edsicas, culturales, de terapia ocupacional e inclusi\u00f3n laboral y educativas y de desarrollo, con el fin de mantener y optimizar una vida m\u00e1s larga y saludable para ellas y ellos.<\/p>\n","protected":false},"excerpt":{"rendered":"<p>M\u00e9rida, Yucat\u00e1n, 24 de diciembre de 2023.- Con una tradicional posada, las y los abuelitos del Centro Integral para la Plenitud de Personas Mayores \u00abRenacer\u00bb, disfrutaron de divertidos momentos donde estuvo presente el alcalde Alejandro Ruz Castro y su esposa Ver\u00f3nica Cetina Arjona, presidenta del DIF M\u00e9rida. &nbsp; &nbsp; &nbsp; Con la petici\u00f3n de posada [&hellip;]<\/p>\n","protected":false},"author":3,"featured_media":101645,"comment_status":"closed","ping_status":"closed","sticky":false,"template":"","format":"standard","meta":{"footnotes":""},"categories":[3],"tags":[],"class_list":{"0":"post-101644","1":"post","2":"type-post","3":"status-publish","4":"format-standard","5":"has-post-thumbnail","7":"category-yucatan"},"yoast_head":"<!-- This site is optimized with the Yoast SEO plugin v27.4 - https:\/\/yoast.com\/product\/yoast-seo-wordpress\/ -->\n<title>Celebran la navidad con las y los abuelitos del albergue \u201cRenacer\u201d - Yucat\u00e1n en corto<\/title>\n<meta name=\"robots\" content=\"index, follow, max-snippet:-1, max-image-preview:large, max-video-preview:-1\" \/>\n<link rel=\"canonical\" href=\"https:\/\/www.yucatanencorto.com\/noticias\/celebran-la-navidad-con-las-y-los-abuelitos-del-albergue-renacer\/\" \/>\n<meta property=\"og:locale\" content=\"es_ES\" \/>\n<meta property=\"og:type\" content=\"article\" \/>\n<meta property=\"og:title\" content=\"Celebran la navidad con las y los abuelitos del albergue \u201cRenacer\u201d - Yucat\u00e1n en corto\" \/>\n<meta property=\"og:description\" content=\"M\u00e9rida, Yucat\u00e1n, 24 de diciembre de 2023.- Con una tradicional posada, las y los abuelitos del Centro Integral para la Plenitud de Personas Mayores \u00abRenacer\u00bb, disfrutaron de divertidos momentos donde estuvo presente el alcalde Alejandro Ruz Castro y su esposa Ver\u00f3nica Cetina Arjona, presidenta del DIF M\u00e9rida. &nbsp; &nbsp; &nbsp; Con la petici\u00f3n de posada [&hellip;]\" \/>\n<meta property=\"og:url\" content=\"https:\/\/www.yucatanencorto.com\/noticias\/celebran-la-navidad-con-las-y-los-abuelitos-del-albergue-renacer\/\" \/>\n<meta property=\"og:site_name\" content=\"Yucat\u00e1n en corto\" \/>\n<meta property=\"article:publisher\" content=\"http:\/\/www.facebook.com\/yucatanencorto\" \/>\n<meta property=\"article:published_time\" content=\"2023-12-24T21:32:52+00:00\" \/>\n<meta property=\"og:image\" content=\"https:\/\/www.yucatanencorto.com\/noticias\/wp-content\/uploads\/2023\/12\/15b5928c-4ed5-4ea2-b74f-39af4e0a18ee-scaled.jpeg\" \/>\n\t<meta property=\"og:image:width\" content=\"768\" \/>\n\t<meta property=\"og:image:height\" content=\"512\" \/>\n\t<meta property=\"og:image:type\" content=\"image\/jpeg\" \/>\n<meta name=\"author\" content=\"Redes\" \/>\n<meta name=\"twitter:card\" content=\"summary_large_image\" \/>\n<meta name=\"twitter:creator\" content=\"@yucatanencorto\" \/>\n<meta name=\"twitter:site\" content=\"@yucatanencorto\" \/>\n<meta name=\"twitter:label1\" content=\"Escrito por\" \/>\n\t<meta name=\"twitter:data1\" content=\"Redes\" \/>\n\t<meta name=\"twitter:label2\" content=\"Tiempo de lectura\" \/>\n\t<meta name=\"twitter:data2\" content=\"3 minutos\" \/>\n<script type=\"application\/ld+json\" class=\"yoast-schema-graph\">{\"@context\":\"https:\\\/\\\/schema.org\",\"@graph\":[{\"@type\":\"Article\",\"@id\":\"https:\\\/\\\/www.yucatanencorto.com\\\/noticias\\\/celebran-la-navidad-con-las-y-los-abuelitos-del-albergue-renacer\\\/#article\",\"isPartOf\":{\"@id\":\"https:\\\/\\\/www.yucatanencorto.com\\\/noticias\\\/celebran-la-navidad-con-las-y-los-abuelitos-del-albergue-renacer\\\/\"},\"author\":{\"name\":\"Redes\",\"@id\":\"https:\\\/\\\/www.yucatanencorto.com\\\/noticias\\\/#\\\/schema\\\/person\\\/e2fbdfaf30a07014a43940ce989f3119\"},\"headline\":\"Celebran la navidad con las y los abuelitos del albergue \u201cRenacer\u201d\",\"datePublished\":\"2023-12-24T21:32:52+00:00\",\"mainEntityOfPage\":{\"@id\":\"https:\\\/\\\/www.yucatanencorto.com\\\/noticias\\\/celebran-la-navidad-con-las-y-los-abuelitos-del-albergue-renacer\\\/\"},\"wordCount\":686,\"image\":{\"@id\":\"https:\\\/\\\/www.yucatanencorto.com\\\/noticias\\\/celebran-la-navidad-con-las-y-los-abuelitos-del-albergue-renacer\\\/#primaryimage\"},\"thumbnailUrl\":\"https:\\\/\\\/www.yucatanencorto.com\\\/noticias\\\/wp-content\\\/uploads\\\/2023\\\/12\\\/15b5928c-4ed5-4ea2-b74f-39af4e0a18ee-scaled.jpeg\",\"articleSection\":[\"Yucat\u00e1n\"],\"inLanguage\":\"es\"},{\"@type\":\"WebPage\",\"@id\":\"https:\\\/\\\/www.yucatanencorto.com\\\/noticias\\\/celebran-la-navidad-con-las-y-los-abuelitos-del-albergue-renacer\\\/\",\"url\":\"https:\\\/\\\/www.yucatanencorto.com\\\/noticias\\\/celebran-la-navidad-con-las-y-los-abuelitos-del-albergue-renacer\\\/\",\"name\":\"Celebran la navidad con las y los abuelitos del albergue \u201cRenacer\u201d - Yucat\u00e1n en corto\",\"isPartOf\":{\"@id\":\"https:\\\/\\\/www.yucatanencorto.com\\\/noticias\\\/#website\"},\"primaryImageOfPage\":{\"@id\":\"https:\\\/\\\/www.yucatanencorto.com\\\/noticias\\\/celebran-la-navidad-con-las-y-los-abuelitos-del-albergue-renacer\\\/#primaryimage\"},\"image\":{\"@id\":\"https:\\\/\\\/www.yucatanencorto.com\\\/noticias\\\/celebran-la-navidad-con-las-y-los-abuelitos-del-albergue-renacer\\\/#primaryimage\"},\"thumbnailUrl\":\"https:\\\/\\\/www.yucatanencorto.com\\\/noticias\\\/wp-content\\\/uploads\\\/2023\\\/12\\\/15b5928c-4ed5-4ea2-b74f-39af4e0a18ee-scaled.jpeg\",\"datePublished\":\"2023-12-24T21:32:52+00:00\",\"author\":{\"@id\":\"https:\\\/\\\/www.yucatanencorto.com\\\/noticias\\\/#\\\/schema\\\/person\\\/e2fbdfaf30a07014a43940ce989f3119\"},\"breadcrumb\":{\"@id\":\"https:\\\/\\\/www.yucatanencorto.com\\\/noticias\\\/celebran-la-navidad-con-las-y-los-abuelitos-del-albergue-renacer\\\/#breadcrumb\"},\"inLanguage\":\"es\",\"potentialAction\":[{\"@type\":\"ReadAction\",\"target\":[\"https:\\\/\\\/www.yucatanencorto.com\\\/noticias\\\/celebran-la-navidad-con-las-y-los-abuelitos-del-albergue-renacer\\\/\"]}]},{\"@type\":\"ImageObject\",\"inLanguage\":\"es\",\"@id\":\"https:\\\/\\\/www.yucatanencorto.com\\\/noticias\\\/celebran-la-navidad-con-las-y-los-abuelitos-del-albergue-renacer\\\/#primaryimage\",\"url\":\"https:\\\/\\\/www.yucatanencorto.com\\\/noticias\\\/wp-content\\\/uploads\\\/2023\\\/12\\\/15b5928c-4ed5-4ea2-b74f-39af4e0a18ee-scaled.jpeg\",\"contentUrl\":\"https:\\\/\\\/www.yucatanencorto.com\\\/noticias\\\/wp-content\\\/uploads\\\/2023\\\/12\\\/15b5928c-4ed5-4ea2-b74f-39af4e0a18ee-scaled.jpeg\",\"width\":768,\"height\":512},{\"@type\":\"BreadcrumbList\",\"@id\":\"https:\\\/\\\/www.yucatanencorto.com\\\/noticias\\\/celebran-la-navidad-con-las-y-los-abuelitos-del-albergue-renacer\\\/#breadcrumb\",\"itemListElement\":[{\"@type\":\"ListItem\",\"position\":1,\"name\":\"Portada\",\"item\":\"https:\\\/\\\/www.yucatanencorto.com\\\/noticias\\\/\"},{\"@type\":\"ListItem\",\"position\":2,\"name\":\"Celebran la navidad con las y los abuelitos del albergue \u201cRenacer\u201d\"}]},{\"@type\":\"WebSite\",\"@id\":\"https:\\\/\\\/www.yucatanencorto.com\\\/noticias\\\/#website\",\"url\":\"https:\\\/\\\/www.yucatanencorto.com\\\/noticias\\\/\",\"name\":\"Yucat\u00e1n en corto\",\"description\":\"Noticias\",\"potentialAction\":[{\"@type\":\"SearchAction\",\"target\":{\"@type\":\"EntryPoint\",\"urlTemplate\":\"https:\\\/\\\/www.yucatanencorto.com\\\/noticias\\\/?s={search_term_string}\"},\"query-input\":{\"@type\":\"PropertyValueSpecification\",\"valueRequired\":true,\"valueName\":\"search_term_string\"}}],\"inLanguage\":\"es\"},{\"@type\":\"Person\",\"@id\":\"https:\\\/\\\/www.yucatanencorto.com\\\/noticias\\\/#\\\/schema\\\/person\\\/e2fbdfaf30a07014a43940ce989f3119\",\"name\":\"Redes\",\"image\":{\"@type\":\"ImageObject\",\"inLanguage\":\"es\",\"@id\":\"https:\\\/\\\/secure.gravatar.com\\\/avatar\\\/5931a2d21dd7cc834f44c8c34fe56d90ed6d536ef452cbf870c7485b524dddd7?s=96&d=mm&r=g\",\"url\":\"https:\\\/\\\/secure.gravatar.com\\\/avatar\\\/5931a2d21dd7cc834f44c8c34fe56d90ed6d536ef452cbf870c7485b524dddd7?s=96&d=mm&r=g\",\"contentUrl\":\"https:\\\/\\\/secure.gravatar.com\\\/avatar\\\/5931a2d21dd7cc834f44c8c34fe56d90ed6d536ef452cbf870c7485b524dddd7?s=96&d=mm&r=g\",\"caption\":\"Redes\"},\"url\":\"https:\\\/\\\/www.yucatanencorto.com\\\/noticias\\\/author\\\/redes\\\/\"}]}<\/script>\n<!-- \/ Yoast SEO plugin. -->","yoast_head_json":{"title":"Celebran la navidad con las y los abuelitos del albergue \u201cRenacer\u201d - Yucat\u00e1n en corto","robots":{"index":"index","follow":"follow","max-snippet":"max-snippet:-1","max-image-preview":"max-image-preview:large","max-video-preview":"max-video-preview:-1"},"canonical":"https:\/\/www.yucatanencorto.com\/noticias\/celebran-la-navidad-con-las-y-los-abuelitos-del-albergue-renacer\/","og_locale":"es_ES","og_type":"article","og_title":"Celebran la navidad con las y los abuelitos del albergue \u201cRenacer\u201d - Yucat\u00e1n en corto","og_description":"M\u00e9rida, Yucat\u00e1n, 24 de diciembre de 2023.- Con una tradicional posada, las y los abuelitos del Centro Integral para la Plenitud de Personas Mayores \u00abRenacer\u00bb, disfrutaron de divertidos momentos donde estuvo presente el alcalde Alejandro Ruz Castro y su esposa Ver\u00f3nica Cetina Arjona, presidenta del DIF M\u00e9rida. &nbsp; &nbsp; &nbsp; Con la petici\u00f3n de posada [&hellip;]","og_url":"https:\/\/www.yucatanencorto.com\/noticias\/celebran-la-navidad-con-las-y-los-abuelitos-del-albergue-renacer\/","og_site_name":"Yucat\u00e1n en corto","article_publisher":"http:\/\/www.facebook.com\/yucatanencorto","article_published_time":"2023-12-24T21:32:52+00:00","og_image":[{"width":768,"height":512,"url":"https:\/\/www.yucatanencorto.com\/noticias\/wp-content\/uploads\/2023\/12\/15b5928c-4ed5-4ea2-b74f-39af4e0a18ee-scaled.jpeg","type":"image\/jpeg"}],"author":"Redes","twitter_card":"summary_large_image","twitter_creator":"@yucatanencorto","twitter_site":"@yucatanencorto","twitter_misc":{"Escrito por":"Redes","Tiempo de lectura":"3 minutos"},"schema":{"@context":"https:\/\/schema.org","@graph":[{"@type":"Article","@id":"https:\/\/www.yucatanencorto.com\/noticias\/celebran-la-navidad-con-las-y-los-abuelitos-del-albergue-renacer\/#article","isPartOf":{"@id":"https:\/\/www.yucatanencorto.com\/noticias\/celebran-la-navidad-con-las-y-los-abuelitos-del-albergue-renacer\/"},"author":{"name":"Redes","@id":"https:\/\/www.yucatanencorto.com\/noticias\/#\/schema\/person\/e2fbdfaf30a07014a43940ce989f3119"},"headline":"Celebran la navidad con las y los abuelitos del albergue \u201cRenacer\u201d","datePublished":"2023-12-24T21:32:52+00:00","mainEntityOfPage":{"@id":"https:\/\/www.yucatanencorto.com\/noticias\/celebran-la-navidad-con-las-y-los-abuelitos-del-albergue-renacer\/"},"wordCount":686,"image":{"@id":"https:\/\/www.yucatanencorto.com\/noticias\/celebran-la-navidad-con-las-y-los-abuelitos-del-albergue-renacer\/#primaryimage"},"thumbnailUrl":"https:\/\/www.yucatanencorto.com\/noticias\/wp-content\/uploads\/2023\/12\/15b5928c-4ed5-4ea2-b74f-39af4e0a18ee-scaled.jpeg","articleSection":["Yucat\u00e1n"],"inLanguage":"es"},{"@type":"WebPage","@id":"https:\/\/www.yucatanencorto.com\/noticias\/celebran-la-navidad-con-las-y-los-abuelitos-del-albergue-renacer\/","url":"https:\/\/www.yucatanencorto.com\/noticias\/celebran-la-navidad-con-las-y-los-abuelitos-del-albergue-renacer\/","name":"Celebran la navidad con las y los abuelitos del albergue \u201cRenacer\u201d - Yucat\u00e1n en corto","isPartOf":{"@id":"https:\/\/www.yucatanencorto.com\/noticias\/#website"},"primaryImageOfPage":{"@id":"https:\/\/www.yucatanencorto.com\/noticias\/celebran-la-navidad-con-las-y-los-abuelitos-del-albergue-renacer\/#primaryimage"},"image":{"@id":"https:\/\/www.yucatanencorto.com\/noticias\/celebran-la-navidad-con-las-y-los-abuelitos-del-albergue-renacer\/#primaryimage"},"thumbnailUrl":"https:\/\/www.yucatanencorto.com\/noticias\/wp-content\/uploads\/2023\/12\/15b5928c-4ed5-4ea2-b74f-39af4e0a18ee-scaled.jpeg","datePublished":"2023-12-24T21:32:52+00:00","author":{"@id":"https:\/\/www.yucatanencorto.com\/noticias\/#\/schema\/person\/e2fbdfaf30a07014a43940ce989f3119"},"breadcrumb":{"@id":"https:\/\/www.yucatanencorto.com\/noticias\/celebran-la-navidad-con-las-y-los-abuelitos-del-albergue-renacer\/#breadcrumb"},"inLanguage":"es","potentialAction":[{"@type":"ReadAction","target":["https:\/\/www.yucatanencorto.com\/noticias\/celebran-la-navidad-con-las-y-los-abuelitos-del-albergue-renacer\/"]}]},{"@type":"ImageObject","inLanguage":"es","@id":"https:\/\/www.yucatanencorto.com\/noticias\/celebran-la-navidad-con-las-y-los-abuelitos-del-albergue-renacer\/#primaryimage","url":"https:\/\/www.yucatanencorto.com\/noticias\/wp-content\/uploads\/2023\/12\/15b5928c-4ed5-4ea2-b74f-39af4e0a18ee-scaled.jpeg","contentUrl":"https:\/\/www.yucatanencorto.com\/noticias\/wp-content\/uploads\/2023\/12\/15b5928c-4ed5-4ea2-b74f-39af4e0a18ee-scaled.jpeg","width":768,"height":512},{"@type":"BreadcrumbList","@id":"https:\/\/www.yucatanencorto.com\/noticias\/celebran-la-navidad-con-las-y-los-abuelitos-del-albergue-renacer\/#breadcrumb","itemListElement":[{"@type":"ListItem","position":1,"name":"Portada","item":"https:\/\/www.yucatanencorto.com\/noticias\/"},{"@type":"ListItem","position":2,"name":"Celebran la navidad con las y los abuelitos del albergue \u201cRenacer\u201d"}]},{"@type":"WebSite","@id":"https:\/\/www.yucatanencorto.com\/noticias\/#website","url":"https:\/\/www.yucatanencorto.com\/noticias\/","name":"Yucat\u00e1n en corto","description":"Noticias","potentialAction":[{"@type":"SearchAction","target":{"@type":"EntryPoint","urlTemplate":"https:\/\/www.yucatanencorto.com\/noticias\/?s={search_term_string}"},"query-input":{"@type":"PropertyValueSpecification","valueRequired":true,"valueName":"search_term_string"}}],"inLanguage":"es"},{"@type":"Person","@id":"https:\/\/www.yucatanencorto.com\/noticias\/#\/schema\/person\/e2fbdfaf30a07014a43940ce989f3119","name":"Redes","image":{"@type":"ImageObject","inLanguage":"es","@id":"https:\/\/secure.gravatar.com\/avatar\/5931a2d21dd7cc834f44c8c34fe56d90ed6d536ef452cbf870c7485b524dddd7?s=96&d=mm&r=g","url":"https:\/\/secure.gravatar.com\/avatar\/5931a2d21dd7cc834f44c8c34fe56d90ed6d536ef452cbf870c7485b524dddd7?s=96&d=mm&r=g","contentUrl":"https:\/\/secure.gravatar.com\/avatar\/5931a2d21dd7cc834f44c8c34fe56d90ed6d536ef452cbf870c7485b524dddd7?s=96&d=mm&r=g","caption":"Redes"},"url":"https:\/\/www.yucatanencorto.com\/noticias\/author\/redes\/"}]}},"_links":{"self":[{"href":"https:\/\/www.yucatanencorto.com\/noticias\/wp-json\/wp\/v2\/posts\/101644","targetHints":{"allow":["GET"]}}],"collection":[{"href":"https:\/\/www.yucatanencorto.com\/noticias\/wp-json\/wp\/v2\/posts"}],"about":[{"href":"https:\/\/www.yucatanencorto.com\/noticias\/wp-json\/wp\/v2\/types\/post"}],"author":[{"embeddable":true,"href":"https:\/\/www.yucatanencorto.com\/noticias\/wp-json\/wp\/v2\/users\/3"}],"replies":[{"embeddable":true,"href":"https:\/\/www.yucatanencorto.com\/noticias\/wp-json\/wp\/v2\/comments?post=101644"}],"version-history":[{"count":0,"href":"https:\/\/www.yucatanencorto.com\/noticias\/wp-json\/wp\/v2\/posts\/101644\/revisions"}],"wp:featuredmedia":[{"embeddable":true,"href":"https:\/\/www.yucatanencorto.com\/noticias\/wp-json\/wp\/v2\/media\/101645"}],"wp:attachment":[{"href":"https:\/\/www.yucatanencorto.com\/noticias\/wp-json\/wp\/v2\/media?parent=101644"}],"wp:term":[{"taxonomy":"category","embeddable":true,"href":"https:\/\/www.yucatanencorto.com\/noticias\/wp-json\/wp\/v2\/categories?post=101644"},{"taxonomy":"post_tag","embeddable":true,"href":"https:\/\/www.yucatanencorto.com\/noticias\/wp-json\/wp\/v2\/tags?post=101644"}],"curies":[{"name":"wp","href":"https:\/\/api.w.org\/{rel}","templated":true}]}}