{"id":101650,"date":"2023-12-26T10:49:32","date_gmt":"2023-12-26T16:49:32","guid":{"rendered":"https:\/\/www.yucatanencorto.com\/noticias\/?p=101650"},"modified":"2023-12-26T10:49:32","modified_gmt":"2023-12-26T16:49:32","slug":"se-graduan-alumnas-de-la-utm-becadas-por-el-programa-tecnolochicas","status":"publish","type":"post","link":"https:\/\/www.yucatanencorto.com\/noticias\/se-graduan-alumnas-de-la-utm-becadas-por-el-programa-tecnolochicas\/","title":{"rendered":"Se grad\u00faan alumnas de la UTM becadas por el programa Tecnolochicas"},"content":{"rendered":"<p><img loading=\"lazy\" decoding=\"async\" class=\"alignnone size-full wp-image-101651\" src=\"https:\/\/www.yucatanencorto.com\/noticias\/wp-content\/uploads\/2023\/12\/IMG-20231226-WA0005-scaled.jpg\" alt=\"\" width=\"768\" height=\"512\" srcset=\"https:\/\/www.yucatanencorto.com\/noticias\/wp-content\/uploads\/2023\/12\/IMG-20231226-WA0005-scaled.jpg 768w, https:\/\/www.yucatanencorto.com\/noticias\/wp-content\/uploads\/2023\/12\/IMG-20231226-WA0005-150x100.jpg 150w, https:\/\/www.yucatanencorto.com\/noticias\/wp-content\/uploads\/2023\/12\/IMG-20231226-WA0005-300x200.jpg 300w, https:\/\/www.yucatanencorto.com\/noticias\/wp-content\/uploads\/2023\/12\/IMG-20231226-WA0005-696x464.jpg 696w\" sizes=\"auto, (max-width: 768px) 100vw, 768px\" \/><\/p>\n<p>M\u00e9rida, Yucat\u00e1n, 25 de diciembre de 2023.- Mujeres estudiantes de diferentes carreras de la Divisi\u00f3n Industrial y de Tecnolog\u00edas de la Informaci\u00f3n y Comunicaci\u00f3n (TIC) de la Universidad Tecnol\u00f3gica Metropolitana (UTM) se graduaron del programa de Tecnolochicas PRO, para aprender habilidades digitales y de empleabilidad, como parte del impulso que el Gobernador Mauricio Vila Dosal le da a este sector.<\/p>\n<p>La rectora de la UTM, Mar\u00eda Isabel Rodr\u00edguez Heredia, encabez\u00f3 la ceremonia de entrega de reconocimientos, donde se destac\u00f3 el trabajo y dedicaci\u00f3n de las j\u00f3venes que tomaron esta formaci\u00f3n extracurricular.<\/p>\n<p>\u201cUstedes son el orgullo de la Universidad, son ejemplo de determinaci\u00f3n y disciplina; habilidades que son ampliamente valoradas no solo en el plano educativo, sino tambi\u00e9n profesional. Con esta experiencia enriquecen su vida universitaria y adquieren m\u00e1s herramientas para su \u00e9xito en la vida\u201d, dijo Rodr\u00edguez Heredia.<\/p>\n<p>Por su parte Pamela Mimila Jasso, l\u00edder de Tecnolochicas PRO, explic\u00f3 que estas becas de capacitaci\u00f3n, son resultado de la aportaci\u00f3n de las organizaciones Fundaci\u00f3n Televisa, Microsoft y Accenture, las cuales realizan alianzas con escuelas de nivel superior para beneficiar a su comunidad educativa.<\/p>\n<p>Esta es la primera generaci\u00f3n en Yucat\u00e1n, y para lograr el objetivo, las alumnas tomaron sesiones formativas en l\u00ednea durante octubre, noviembre y diciembre, con un total de 80 horas, de las cuales el 50 por ciento fue pr\u00e1ctico y el resto te\u00f3rico.<\/p>\n<p>En este periodo, expertas y expertos en el tema, dotaron a las estudiantes de habilidades digitales y de empleabilidad, mediante la ense\u00f1anza de programaci\u00f3n web y creaci\u00f3n de su primer perfil laboral.<\/p>\n<p>Todo esto con un prop\u00f3sito: romper la brecha de g\u00e9nero existente en temas relacionados con tecnolog\u00eda a nivel acad\u00e9mico y laboral.<\/p>\n<p>Para el desarrollo de este programa participaron directores de divisiones acad\u00e9micas, coordinadores de carrera y docentes.<\/p>\n<p>En la ceremonia de graduaci\u00f3n tambi\u00e9n participaron el director de Vinculaci\u00f3n, Mario Alberto L\u00f3pez Irigoyen, la directora de la divisi\u00f3n TIC, Lisset Estrada Ortega, as\u00ed como familiares y amigos de las j\u00f3venes graduadas.<\/p>\n<p>&nbsp;<\/p>\n<p>&nbsp;<\/p>\n<p>&nbsp;<\/p>\n<p>&nbsp;<\/p>\n<p>&nbsp;<\/p>\n<p>&nbsp;<\/p>\n<p>&nbsp;<\/p>\n<p>&nbsp;<\/p>\n<p>&nbsp;<\/p>\n<p>&nbsp;<\/p>\n","protected":false},"excerpt":{"rendered":"<p>M\u00e9rida, Yucat\u00e1n, 25 de diciembre de 2023.- Mujeres estudiantes de diferentes carreras de la Divisi\u00f3n Industrial y de Tecnolog\u00edas de la Informaci\u00f3n y Comunicaci\u00f3n (TIC) de la Universidad Tecnol\u00f3gica Metropolitana (UTM) se graduaron del programa de Tecnolochicas PRO, para aprender habilidades digitales y de empleabilidad, como parte del impulso que el Gobernador Mauricio Vila Dosal [&hellip;]<\/p>\n","protected":false},"author":3,"featured_media":101651,"comment_status":"closed","ping_status":"closed","sticky":false,"template":"","format":"standard","meta":{"footnotes":""},"categories":[3],"tags":[],"class_list":{"0":"post-101650","1":"post","2":"type-post","3":"status-publish","4":"format-standard","5":"has-post-thumbnail","7":"category-yucatan"},"yoast_head":"<!-- This site is optimized with the Yoast SEO plugin v27.5 - https:\/\/yoast.com\/product\/yoast-seo-wordpress\/ -->\n<title>Se grad\u00faan alumnas de la UTM becadas por el programa Tecnolochicas - Yucat\u00e1n en corto<\/title>\n<meta name=\"robots\" content=\"index, follow, max-snippet:-1, max-image-preview:large, max-video-preview:-1\" \/>\n<link rel=\"canonical\" href=\"https:\/\/www.yucatanencorto.com\/noticias\/se-graduan-alumnas-de-la-utm-becadas-por-el-programa-tecnolochicas\/\" \/>\n<meta property=\"og:locale\" content=\"es_ES\" \/>\n<meta property=\"og:type\" content=\"article\" \/>\n<meta property=\"og:title\" content=\"Se grad\u00faan alumnas de la UTM becadas por el programa Tecnolochicas - Yucat\u00e1n en corto\" \/>\n<meta property=\"og:description\" content=\"M\u00e9rida, Yucat\u00e1n, 25 de diciembre de 2023.- Mujeres estudiantes de diferentes carreras de la Divisi\u00f3n Industrial y de Tecnolog\u00edas de la Informaci\u00f3n y Comunicaci\u00f3n (TIC) de la Universidad Tecnol\u00f3gica Metropolitana (UTM) se graduaron del programa de Tecnolochicas PRO, para aprender habilidades digitales y de empleabilidad, como parte del impulso que el Gobernador Mauricio Vila Dosal [&hellip;]\" \/>\n<meta property=\"og:url\" content=\"https:\/\/www.yucatanencorto.com\/noticias\/se-graduan-alumnas-de-la-utm-becadas-por-el-programa-tecnolochicas\/\" \/>\n<meta property=\"og:site_name\" content=\"Yucat\u00e1n en corto\" \/>\n<meta property=\"article:publisher\" content=\"http:\/\/www.facebook.com\/yucatanencorto\" \/>\n<meta property=\"article:published_time\" content=\"2023-12-26T16:49:32+00:00\" \/>\n<meta property=\"og:image\" content=\"https:\/\/www.yucatanencorto.com\/noticias\/wp-content\/uploads\/2023\/12\/IMG-20231226-WA0005-scaled.jpg\" \/>\n\t<meta property=\"og:image:width\" content=\"768\" \/>\n\t<meta property=\"og:image:height\" content=\"512\" \/>\n\t<meta property=\"og:image:type\" content=\"image\/jpeg\" \/>\n<meta name=\"author\" content=\"Redes\" \/>\n<meta name=\"twitter:card\" content=\"summary_large_image\" \/>\n<meta name=\"twitter:creator\" content=\"@yucatanencorto\" \/>\n<meta name=\"twitter:site\" content=\"@yucatanencorto\" \/>\n<meta name=\"twitter:label1\" content=\"Escrito por\" \/>\n\t<meta name=\"twitter:data1\" content=\"Redes\" \/>\n\t<meta name=\"twitter:label2\" content=\"Tiempo de lectura\" \/>\n\t<meta name=\"twitter:data2\" content=\"2 minutos\" \/>\n<script type=\"application\/ld+json\" class=\"yoast-schema-graph\">{\"@context\":\"https:\\\/\\\/schema.org\",\"@graph\":[{\"@type\":\"Article\",\"@id\":\"https:\\\/\\\/www.yucatanencorto.com\\\/noticias\\\/se-graduan-alumnas-de-la-utm-becadas-por-el-programa-tecnolochicas\\\/#article\",\"isPartOf\":{\"@id\":\"https:\\\/\\\/www.yucatanencorto.com\\\/noticias\\\/se-graduan-alumnas-de-la-utm-becadas-por-el-programa-tecnolochicas\\\/\"},\"author\":{\"name\":\"Redes\",\"@id\":\"https:\\\/\\\/www.yucatanencorto.com\\\/noticias\\\/#\\\/schema\\\/person\\\/e2fbdfaf30a07014a43940ce989f3119\"},\"headline\":\"Se grad\u00faan alumnas de la UTM becadas por el programa Tecnolochicas\",\"datePublished\":\"2023-12-26T16:49:32+00:00\",\"mainEntityOfPage\":{\"@id\":\"https:\\\/\\\/www.yucatanencorto.com\\\/noticias\\\/se-graduan-alumnas-de-la-utm-becadas-por-el-programa-tecnolochicas\\\/\"},\"wordCount\":385,\"image\":{\"@id\":\"https:\\\/\\\/www.yucatanencorto.com\\\/noticias\\\/se-graduan-alumnas-de-la-utm-becadas-por-el-programa-tecnolochicas\\\/#primaryimage\"},\"thumbnailUrl\":\"https:\\\/\\\/www.yucatanencorto.com\\\/noticias\\\/wp-content\\\/uploads\\\/2023\\\/12\\\/IMG-20231226-WA0005-scaled.jpg\",\"articleSection\":[\"Yucat\u00e1n\"],\"inLanguage\":\"es\"},{\"@type\":\"WebPage\",\"@id\":\"https:\\\/\\\/www.yucatanencorto.com\\\/noticias\\\/se-graduan-alumnas-de-la-utm-becadas-por-el-programa-tecnolochicas\\\/\",\"url\":\"https:\\\/\\\/www.yucatanencorto.com\\\/noticias\\\/se-graduan-alumnas-de-la-utm-becadas-por-el-programa-tecnolochicas\\\/\",\"name\":\"Se grad\u00faan alumnas de la UTM becadas por el programa Tecnolochicas - Yucat\u00e1n en corto\",\"isPartOf\":{\"@id\":\"https:\\\/\\\/www.yucatanencorto.com\\\/noticias\\\/#website\"},\"primaryImageOfPage\":{\"@id\":\"https:\\\/\\\/www.yucatanencorto.com\\\/noticias\\\/se-graduan-alumnas-de-la-utm-becadas-por-el-programa-tecnolochicas\\\/#primaryimage\"},\"image\":{\"@id\":\"https:\\\/\\\/www.yucatanencorto.com\\\/noticias\\\/se-graduan-alumnas-de-la-utm-becadas-por-el-programa-tecnolochicas\\\/#primaryimage\"},\"thumbnailUrl\":\"https:\\\/\\\/www.yucatanencorto.com\\\/noticias\\\/wp-content\\\/uploads\\\/2023\\\/12\\\/IMG-20231226-WA0005-scaled.jpg\",\"datePublished\":\"2023-12-26T16:49:32+00:00\",\"author\":{\"@id\":\"https:\\\/\\\/www.yucatanencorto.com\\\/noticias\\\/#\\\/schema\\\/person\\\/e2fbdfaf30a07014a43940ce989f3119\"},\"breadcrumb\":{\"@id\":\"https:\\\/\\\/www.yucatanencorto.com\\\/noticias\\\/se-graduan-alumnas-de-la-utm-becadas-por-el-programa-tecnolochicas\\\/#breadcrumb\"},\"inLanguage\":\"es\",\"potentialAction\":[{\"@type\":\"ReadAction\",\"target\":[\"https:\\\/\\\/www.yucatanencorto.com\\\/noticias\\\/se-graduan-alumnas-de-la-utm-becadas-por-el-programa-tecnolochicas\\\/\"]}]},{\"@type\":\"ImageObject\",\"inLanguage\":\"es\",\"@id\":\"https:\\\/\\\/www.yucatanencorto.com\\\/noticias\\\/se-graduan-alumnas-de-la-utm-becadas-por-el-programa-tecnolochicas\\\/#primaryimage\",\"url\":\"https:\\\/\\\/www.yucatanencorto.com\\\/noticias\\\/wp-content\\\/uploads\\\/2023\\\/12\\\/IMG-20231226-WA0005-scaled.jpg\",\"contentUrl\":\"https:\\\/\\\/www.yucatanencorto.com\\\/noticias\\\/wp-content\\\/uploads\\\/2023\\\/12\\\/IMG-20231226-WA0005-scaled.jpg\",\"width\":768,\"height\":512},{\"@type\":\"BreadcrumbList\",\"@id\":\"https:\\\/\\\/www.yucatanencorto.com\\\/noticias\\\/se-graduan-alumnas-de-la-utm-becadas-por-el-programa-tecnolochicas\\\/#breadcrumb\",\"itemListElement\":[{\"@type\":\"ListItem\",\"position\":1,\"name\":\"Portada\",\"item\":\"https:\\\/\\\/www.yucatanencorto.com\\\/noticias\\\/\"},{\"@type\":\"ListItem\",\"position\":2,\"name\":\"Se grad\u00faan alumnas de la UTM becadas por el programa Tecnolochicas\"}]},{\"@type\":\"WebSite\",\"@id\":\"https:\\\/\\\/www.yucatanencorto.com\\\/noticias\\\/#website\",\"url\":\"https:\\\/\\\/www.yucatanencorto.com\\\/noticias\\\/\",\"name\":\"Yucat\u00e1n en corto\",\"description\":\"Noticias\",\"potentialAction\":[{\"@type\":\"SearchAction\",\"target\":{\"@type\":\"EntryPoint\",\"urlTemplate\":\"https:\\\/\\\/www.yucatanencorto.com\\\/noticias\\\/?s={search_term_string}\"},\"query-input\":{\"@type\":\"PropertyValueSpecification\",\"valueRequired\":true,\"valueName\":\"search_term_string\"}}],\"inLanguage\":\"es\"},{\"@type\":\"Person\",\"@id\":\"https:\\\/\\\/www.yucatanencorto.com\\\/noticias\\\/#\\\/schema\\\/person\\\/e2fbdfaf30a07014a43940ce989f3119\",\"name\":\"Redes\",\"image\":{\"@type\":\"ImageObject\",\"inLanguage\":\"es\",\"@id\":\"https:\\\/\\\/secure.gravatar.com\\\/avatar\\\/5931a2d21dd7cc834f44c8c34fe56d90ed6d536ef452cbf870c7485b524dddd7?s=96&d=mm&r=g\",\"url\":\"https:\\\/\\\/secure.gravatar.com\\\/avatar\\\/5931a2d21dd7cc834f44c8c34fe56d90ed6d536ef452cbf870c7485b524dddd7?s=96&d=mm&r=g\",\"contentUrl\":\"https:\\\/\\\/secure.gravatar.com\\\/avatar\\\/5931a2d21dd7cc834f44c8c34fe56d90ed6d536ef452cbf870c7485b524dddd7?s=96&d=mm&r=g\",\"caption\":\"Redes\"},\"url\":\"https:\\\/\\\/www.yucatanencorto.com\\\/noticias\\\/author\\\/redes\\\/\"}]}<\/script>\n<!-- \/ Yoast SEO plugin. -->","yoast_head_json":{"title":"Se grad\u00faan alumnas de la UTM becadas por el programa Tecnolochicas - Yucat\u00e1n en corto","robots":{"index":"index","follow":"follow","max-snippet":"max-snippet:-1","max-image-preview":"max-image-preview:large","max-video-preview":"max-video-preview:-1"},"canonical":"https:\/\/www.yucatanencorto.com\/noticias\/se-graduan-alumnas-de-la-utm-becadas-por-el-programa-tecnolochicas\/","og_locale":"es_ES","og_type":"article","og_title":"Se grad\u00faan alumnas de la UTM becadas por el programa Tecnolochicas - Yucat\u00e1n en corto","og_description":"M\u00e9rida, Yucat\u00e1n, 25 de diciembre de 2023.- Mujeres estudiantes de diferentes carreras de la Divisi\u00f3n Industrial y de Tecnolog\u00edas de la Informaci\u00f3n y Comunicaci\u00f3n (TIC) de la Universidad Tecnol\u00f3gica Metropolitana (UTM) se graduaron del programa de Tecnolochicas PRO, para aprender habilidades digitales y de empleabilidad, como parte del impulso que el Gobernador Mauricio Vila Dosal [&hellip;]","og_url":"https:\/\/www.yucatanencorto.com\/noticias\/se-graduan-alumnas-de-la-utm-becadas-por-el-programa-tecnolochicas\/","og_site_name":"Yucat\u00e1n en corto","article_publisher":"http:\/\/www.facebook.com\/yucatanencorto","article_published_time":"2023-12-26T16:49:32+00:00","og_image":[{"width":768,"height":512,"url":"https:\/\/www.yucatanencorto.com\/noticias\/wp-content\/uploads\/2023\/12\/IMG-20231226-WA0005-scaled.jpg","type":"image\/jpeg"}],"author":"Redes","twitter_card":"summary_large_image","twitter_creator":"@yucatanencorto","twitter_site":"@yucatanencorto","twitter_misc":{"Escrito por":"Redes","Tiempo de lectura":"2 minutos"},"schema":{"@context":"https:\/\/schema.org","@graph":[{"@type":"Article","@id":"https:\/\/www.yucatanencorto.com\/noticias\/se-graduan-alumnas-de-la-utm-becadas-por-el-programa-tecnolochicas\/#article","isPartOf":{"@id":"https:\/\/www.yucatanencorto.com\/noticias\/se-graduan-alumnas-de-la-utm-becadas-por-el-programa-tecnolochicas\/"},"author":{"name":"Redes","@id":"https:\/\/www.yucatanencorto.com\/noticias\/#\/schema\/person\/e2fbdfaf30a07014a43940ce989f3119"},"headline":"Se grad\u00faan alumnas de la UTM becadas por el programa Tecnolochicas","datePublished":"2023-12-26T16:49:32+00:00","mainEntityOfPage":{"@id":"https:\/\/www.yucatanencorto.com\/noticias\/se-graduan-alumnas-de-la-utm-becadas-por-el-programa-tecnolochicas\/"},"wordCount":385,"image":{"@id":"https:\/\/www.yucatanencorto.com\/noticias\/se-graduan-alumnas-de-la-utm-becadas-por-el-programa-tecnolochicas\/#primaryimage"},"thumbnailUrl":"https:\/\/www.yucatanencorto.com\/noticias\/wp-content\/uploads\/2023\/12\/IMG-20231226-WA0005-scaled.jpg","articleSection":["Yucat\u00e1n"],"inLanguage":"es"},{"@type":"WebPage","@id":"https:\/\/www.yucatanencorto.com\/noticias\/se-graduan-alumnas-de-la-utm-becadas-por-el-programa-tecnolochicas\/","url":"https:\/\/www.yucatanencorto.com\/noticias\/se-graduan-alumnas-de-la-utm-becadas-por-el-programa-tecnolochicas\/","name":"Se grad\u00faan alumnas de la UTM becadas por el programa Tecnolochicas - Yucat\u00e1n en corto","isPartOf":{"@id":"https:\/\/www.yucatanencorto.com\/noticias\/#website"},"primaryImageOfPage":{"@id":"https:\/\/www.yucatanencorto.com\/noticias\/se-graduan-alumnas-de-la-utm-becadas-por-el-programa-tecnolochicas\/#primaryimage"},"image":{"@id":"https:\/\/www.yucatanencorto.com\/noticias\/se-graduan-alumnas-de-la-utm-becadas-por-el-programa-tecnolochicas\/#primaryimage"},"thumbnailUrl":"https:\/\/www.yucatanencorto.com\/noticias\/wp-content\/uploads\/2023\/12\/IMG-20231226-WA0005-scaled.jpg","datePublished":"2023-12-26T16:49:32+00:00","author":{"@id":"https:\/\/www.yucatanencorto.com\/noticias\/#\/schema\/person\/e2fbdfaf30a07014a43940ce989f3119"},"breadcrumb":{"@id":"https:\/\/www.yucatanencorto.com\/noticias\/se-graduan-alumnas-de-la-utm-becadas-por-el-programa-tecnolochicas\/#breadcrumb"},"inLanguage":"es","potentialAction":[{"@type":"ReadAction","target":["https:\/\/www.yucatanencorto.com\/noticias\/se-graduan-alumnas-de-la-utm-becadas-por-el-programa-tecnolochicas\/"]}]},{"@type":"ImageObject","inLanguage":"es","@id":"https:\/\/www.yucatanencorto.com\/noticias\/se-graduan-alumnas-de-la-utm-becadas-por-el-programa-tecnolochicas\/#primaryimage","url":"https:\/\/www.yucatanencorto.com\/noticias\/wp-content\/uploads\/2023\/12\/IMG-20231226-WA0005-scaled.jpg","contentUrl":"https:\/\/www.yucatanencorto.com\/noticias\/wp-content\/uploads\/2023\/12\/IMG-20231226-WA0005-scaled.jpg","width":768,"height":512},{"@type":"BreadcrumbList","@id":"https:\/\/www.yucatanencorto.com\/noticias\/se-graduan-alumnas-de-la-utm-becadas-por-el-programa-tecnolochicas\/#breadcrumb","itemListElement":[{"@type":"ListItem","position":1,"name":"Portada","item":"https:\/\/www.yucatanencorto.com\/noticias\/"},{"@type":"ListItem","position":2,"name":"Se grad\u00faan alumnas de la UTM becadas por el programa Tecnolochicas"}]},{"@type":"WebSite","@id":"https:\/\/www.yucatanencorto.com\/noticias\/#website","url":"https:\/\/www.yucatanencorto.com\/noticias\/","name":"Yucat\u00e1n en corto","description":"Noticias","potentialAction":[{"@type":"SearchAction","target":{"@type":"EntryPoint","urlTemplate":"https:\/\/www.yucatanencorto.com\/noticias\/?s={search_term_string}"},"query-input":{"@type":"PropertyValueSpecification","valueRequired":true,"valueName":"search_term_string"}}],"inLanguage":"es"},{"@type":"Person","@id":"https:\/\/www.yucatanencorto.com\/noticias\/#\/schema\/person\/e2fbdfaf30a07014a43940ce989f3119","name":"Redes","image":{"@type":"ImageObject","inLanguage":"es","@id":"https:\/\/secure.gravatar.com\/avatar\/5931a2d21dd7cc834f44c8c34fe56d90ed6d536ef452cbf870c7485b524dddd7?s=96&d=mm&r=g","url":"https:\/\/secure.gravatar.com\/avatar\/5931a2d21dd7cc834f44c8c34fe56d90ed6d536ef452cbf870c7485b524dddd7?s=96&d=mm&r=g","contentUrl":"https:\/\/secure.gravatar.com\/avatar\/5931a2d21dd7cc834f44c8c34fe56d90ed6d536ef452cbf870c7485b524dddd7?s=96&d=mm&r=g","caption":"Redes"},"url":"https:\/\/www.yucatanencorto.com\/noticias\/author\/redes\/"}]}},"_links":{"self":[{"href":"https:\/\/www.yucatanencorto.com\/noticias\/wp-json\/wp\/v2\/posts\/101650","targetHints":{"allow":["GET"]}}],"collection":[{"href":"https:\/\/www.yucatanencorto.com\/noticias\/wp-json\/wp\/v2\/posts"}],"about":[{"href":"https:\/\/www.yucatanencorto.com\/noticias\/wp-json\/wp\/v2\/types\/post"}],"author":[{"embeddable":true,"href":"https:\/\/www.yucatanencorto.com\/noticias\/wp-json\/wp\/v2\/users\/3"}],"replies":[{"embeddable":true,"href":"https:\/\/www.yucatanencorto.com\/noticias\/wp-json\/wp\/v2\/comments?post=101650"}],"version-history":[{"count":0,"href":"https:\/\/www.yucatanencorto.com\/noticias\/wp-json\/wp\/v2\/posts\/101650\/revisions"}],"wp:featuredmedia":[{"embeddable":true,"href":"https:\/\/www.yucatanencorto.com\/noticias\/wp-json\/wp\/v2\/media\/101651"}],"wp:attachment":[{"href":"https:\/\/www.yucatanencorto.com\/noticias\/wp-json\/wp\/v2\/media?parent=101650"}],"wp:term":[{"taxonomy":"category","embeddable":true,"href":"https:\/\/www.yucatanencorto.com\/noticias\/wp-json\/wp\/v2\/categories?post=101650"},{"taxonomy":"post_tag","embeddable":true,"href":"https:\/\/www.yucatanencorto.com\/noticias\/wp-json\/wp\/v2\/tags?post=101650"}],"curies":[{"name":"wp","href":"https:\/\/api.w.org\/{rel}","templated":true}]}}