{"id":101656,"date":"2023-12-26T12:30:23","date_gmt":"2023-12-26T18:30:23","guid":{"rendered":"https:\/\/www.yucatanencorto.com\/noticias\/?p=101656"},"modified":"2023-12-26T12:30:23","modified_gmt":"2023-12-26T18:30:23","slug":"se-refuerza-la-seguridad-publica-en-kanasin-en-esta-epoca-decembrina-edwin-bojorquez","status":"publish","type":"post","link":"https:\/\/www.yucatanencorto.com\/noticias\/se-refuerza-la-seguridad-publica-en-kanasin-en-esta-epoca-decembrina-edwin-bojorquez\/","title":{"rendered":"Se refuerza la seguridad p\u00fablica en Kanas\u00edn en esta \u00e9poca decembrina: Edwin Boj\u00f3rquez\u00a0"},"content":{"rendered":"<p><img loading=\"lazy\" decoding=\"async\" class=\"alignnone size-full wp-image-101657\" src=\"https:\/\/www.yucatanencorto.com\/noticias\/wp-content\/uploads\/2023\/12\/IMG-20231226-WA0015-scaled.jpg\" alt=\"\" width=\"768\" height=\"432\" srcset=\"https:\/\/www.yucatanencorto.com\/noticias\/wp-content\/uploads\/2023\/12\/IMG-20231226-WA0015-scaled.jpg 768w, https:\/\/www.yucatanencorto.com\/noticias\/wp-content\/uploads\/2023\/12\/IMG-20231226-WA0015-1536x864.jpg 1536w, https:\/\/www.yucatanencorto.com\/noticias\/wp-content\/uploads\/2023\/12\/IMG-20231226-WA0015-150x84.jpg 150w, https:\/\/www.yucatanencorto.com\/noticias\/wp-content\/uploads\/2023\/12\/IMG-20231226-WA0015-300x169.jpg 300w, https:\/\/www.yucatanencorto.com\/noticias\/wp-content\/uploads\/2023\/12\/IMG-20231226-WA0015-696x391.jpg 696w, https:\/\/www.yucatanencorto.com\/noticias\/wp-content\/uploads\/2023\/12\/IMG-20231226-WA0015-1068x600.jpg 1068w\" sizes=\"auto, (max-width: 768px) 100vw, 768px\" \/><\/p>\n<p>La Polic\u00eda Municipal de Kanas\u00edn, en coordinaci\u00f3n con otras corporaciones estatales y municipales, contin\u00faa con su operativo de vigilancia y protecci\u00f3n a las familias del municipio en este temporada decembrina, el cual se prev\u00e9 concluya el pr\u00f3ximo 7 de enero.<\/p>\n<p>&nbsp;<\/p>\n<p>Edwin Boj\u00f3rquez Ram\u00edrez, alcalde de Kanas\u00edn, destac\u00f3 que en esta estrategia participan de manera coordinada la Polic\u00eda Municipal de Kanas\u00edn, la Polic\u00eda Ecol\u00f3gica de Kanas\u00edn y la Secretar\u00eda de Seguridad P\u00fablica de Yucat\u00e1n, con \u201cla encomienda de salvaguardar la integridad de las y los kanasinenses, as\u00ed como tambi\u00e9n reforzar la seguridad en la zona comercial del municipio\u201d.<\/p>\n<p>&nbsp;<\/p>\n<p>\u201cEn esta temporada decembrina aumenta la presencia de compradores en el centro de la ciudad y en las tiendas departamentales y autoservicio, por lo que para nuestra administraci\u00f3n es importante inhibir cualquier tipo de delito que ponga en riesgo la vida y el patrimonio de las personas\u201d, dijo.<\/p>\n<p>&nbsp;<\/p>\n<p>\u201cEs elemental para nuestro gobierno garantizar la paz y la tranquilidad de las y los kanasinenses\u201d, apunt\u00f3.<\/p>\n<p>&nbsp;<\/p>\n<p>Por su parte, el director de la Polic\u00eda Municipal de Kanas\u00edn, Comandante Luciano Moo Arceo, inform\u00f3 que desde hace varias semanas se reforz\u00f3 la vigilancia en la zona comercial del municipio, de manera especial en las tiendas departamentales y de autoservicio que funcionan en el centro.<\/p>\n<p>&nbsp;<\/p>\n<p>Apunt\u00f3 que a los rondines de vigilancia de elementos de la corporaci\u00f3n, se sum\u00f3 la presencia de agentes de pie pr\u00e1cticamente durante todo el tiempo en el que est\u00e1n abiertos los establecimientos.<\/p>\n<p>&nbsp;<\/p>\n<p>Apunt\u00f3 que se est\u00e1 trabajando de manera coordinada con otras corporaciones de seguridad y \u201cque se tenga la seguridad de que nuestro objetivo es proteger a la poblaci\u00f3n y prestar auxilio de manera inmediata\u201d.<\/p>\n<p>&nbsp;<\/p>\n<p>Inform\u00f3 que la poblaci\u00f3n puede hacer sus reportes a los n\u00fameros telef\u00f3nicos 9996 476247 y 9994 313316.<\/p>\n","protected":false},"excerpt":{"rendered":"<p>La Polic\u00eda Municipal de Kanas\u00edn, en coordinaci\u00f3n con otras corporaciones estatales y municipales, contin\u00faa con su operativo de vigilancia y protecci\u00f3n a las familias del municipio en este temporada decembrina, el cual se prev\u00e9 concluya el pr\u00f3ximo 7 de enero. &nbsp; Edwin Boj\u00f3rquez Ram\u00edrez, alcalde de Kanas\u00edn, destac\u00f3 que en esta estrategia participan de manera [&hellip;]<\/p>\n","protected":false},"author":3,"featured_media":101657,"comment_status":"closed","ping_status":"closed","sticky":false,"template":"","format":"standard","meta":{"footnotes":""},"categories":[3],"tags":[],"class_list":{"0":"post-101656","1":"post","2":"type-post","3":"status-publish","4":"format-standard","5":"has-post-thumbnail","7":"category-yucatan"},"yoast_head":"<!-- This site is optimized with the Yoast SEO plugin v27.5 - https:\/\/yoast.com\/product\/yoast-seo-wordpress\/ -->\n<title>Se refuerza la seguridad p\u00fablica en Kanas\u00edn en esta \u00e9poca decembrina: Edwin Boj\u00f3rquez\u00a0 - Yucat\u00e1n en corto<\/title>\n<meta name=\"robots\" content=\"index, follow, max-snippet:-1, max-image-preview:large, max-video-preview:-1\" \/>\n<link rel=\"canonical\" href=\"https:\/\/www.yucatanencorto.com\/noticias\/se-refuerza-la-seguridad-publica-en-kanasin-en-esta-epoca-decembrina-edwin-bojorquez\/\" \/>\n<meta property=\"og:locale\" content=\"es_ES\" \/>\n<meta property=\"og:type\" content=\"article\" \/>\n<meta property=\"og:title\" content=\"Se refuerza la seguridad p\u00fablica en Kanas\u00edn en esta \u00e9poca decembrina: Edwin Boj\u00f3rquez\u00a0 - Yucat\u00e1n en corto\" \/>\n<meta property=\"og:description\" content=\"La Polic\u00eda Municipal de Kanas\u00edn, en coordinaci\u00f3n con otras corporaciones estatales y municipales, contin\u00faa con su operativo de vigilancia y protecci\u00f3n a las familias del municipio en este temporada decembrina, el cual se prev\u00e9 concluya el pr\u00f3ximo 7 de enero. &nbsp; Edwin Boj\u00f3rquez Ram\u00edrez, alcalde de Kanas\u00edn, destac\u00f3 que en esta estrategia participan de manera [&hellip;]\" \/>\n<meta property=\"og:url\" content=\"https:\/\/www.yucatanencorto.com\/noticias\/se-refuerza-la-seguridad-publica-en-kanasin-en-esta-epoca-decembrina-edwin-bojorquez\/\" \/>\n<meta property=\"og:site_name\" content=\"Yucat\u00e1n en corto\" \/>\n<meta property=\"article:publisher\" content=\"http:\/\/www.facebook.com\/yucatanencorto\" \/>\n<meta property=\"article:published_time\" content=\"2023-12-26T18:30:23+00:00\" \/>\n<meta property=\"og:image\" content=\"https:\/\/www.yucatanencorto.com\/noticias\/wp-content\/uploads\/2023\/12\/IMG-20231226-WA0015-scaled.jpg\" \/>\n\t<meta property=\"og:image:width\" content=\"768\" \/>\n\t<meta property=\"og:image:height\" content=\"432\" \/>\n\t<meta property=\"og:image:type\" content=\"image\/jpeg\" \/>\n<meta name=\"author\" content=\"Redes\" \/>\n<meta name=\"twitter:card\" content=\"summary_large_image\" \/>\n<meta name=\"twitter:creator\" content=\"@yucatanencorto\" \/>\n<meta name=\"twitter:site\" content=\"@yucatanencorto\" \/>\n<meta name=\"twitter:label1\" content=\"Escrito por\" \/>\n\t<meta name=\"twitter:data1\" content=\"Redes\" \/>\n\t<meta name=\"twitter:label2\" content=\"Tiempo de lectura\" \/>\n\t<meta name=\"twitter:data2\" content=\"2 minutos\" \/>\n<script type=\"application\/ld+json\" class=\"yoast-schema-graph\">{\"@context\":\"https:\\\/\\\/schema.org\",\"@graph\":[{\"@type\":\"Article\",\"@id\":\"https:\\\/\\\/www.yucatanencorto.com\\\/noticias\\\/se-refuerza-la-seguridad-publica-en-kanasin-en-esta-epoca-decembrina-edwin-bojorquez\\\/#article\",\"isPartOf\":{\"@id\":\"https:\\\/\\\/www.yucatanencorto.com\\\/noticias\\\/se-refuerza-la-seguridad-publica-en-kanasin-en-esta-epoca-decembrina-edwin-bojorquez\\\/\"},\"author\":{\"name\":\"Redes\",\"@id\":\"https:\\\/\\\/www.yucatanencorto.com\\\/noticias\\\/#\\\/schema\\\/person\\\/e2fbdfaf30a07014a43940ce989f3119\"},\"headline\":\"Se refuerza la seguridad p\u00fablica en Kanas\u00edn en esta \u00e9poca decembrina: Edwin Boj\u00f3rquez\u00a0\",\"datePublished\":\"2023-12-26T18:30:23+00:00\",\"mainEntityOfPage\":{\"@id\":\"https:\\\/\\\/www.yucatanencorto.com\\\/noticias\\\/se-refuerza-la-seguridad-publica-en-kanasin-en-esta-epoca-decembrina-edwin-bojorquez\\\/\"},\"wordCount\":337,\"image\":{\"@id\":\"https:\\\/\\\/www.yucatanencorto.com\\\/noticias\\\/se-refuerza-la-seguridad-publica-en-kanasin-en-esta-epoca-decembrina-edwin-bojorquez\\\/#primaryimage\"},\"thumbnailUrl\":\"https:\\\/\\\/www.yucatanencorto.com\\\/noticias\\\/wp-content\\\/uploads\\\/2023\\\/12\\\/IMG-20231226-WA0015-scaled.jpg\",\"articleSection\":[\"Yucat\u00e1n\"],\"inLanguage\":\"es\"},{\"@type\":\"WebPage\",\"@id\":\"https:\\\/\\\/www.yucatanencorto.com\\\/noticias\\\/se-refuerza-la-seguridad-publica-en-kanasin-en-esta-epoca-decembrina-edwin-bojorquez\\\/\",\"url\":\"https:\\\/\\\/www.yucatanencorto.com\\\/noticias\\\/se-refuerza-la-seguridad-publica-en-kanasin-en-esta-epoca-decembrina-edwin-bojorquez\\\/\",\"name\":\"Se refuerza la seguridad p\u00fablica en Kanas\u00edn en esta \u00e9poca decembrina: Edwin Boj\u00f3rquez\u00a0 - Yucat\u00e1n en corto\",\"isPartOf\":{\"@id\":\"https:\\\/\\\/www.yucatanencorto.com\\\/noticias\\\/#website\"},\"primaryImageOfPage\":{\"@id\":\"https:\\\/\\\/www.yucatanencorto.com\\\/noticias\\\/se-refuerza-la-seguridad-publica-en-kanasin-en-esta-epoca-decembrina-edwin-bojorquez\\\/#primaryimage\"},\"image\":{\"@id\":\"https:\\\/\\\/www.yucatanencorto.com\\\/noticias\\\/se-refuerza-la-seguridad-publica-en-kanasin-en-esta-epoca-decembrina-edwin-bojorquez\\\/#primaryimage\"},\"thumbnailUrl\":\"https:\\\/\\\/www.yucatanencorto.com\\\/noticias\\\/wp-content\\\/uploads\\\/2023\\\/12\\\/IMG-20231226-WA0015-scaled.jpg\",\"datePublished\":\"2023-12-26T18:30:23+00:00\",\"author\":{\"@id\":\"https:\\\/\\\/www.yucatanencorto.com\\\/noticias\\\/#\\\/schema\\\/person\\\/e2fbdfaf30a07014a43940ce989f3119\"},\"breadcrumb\":{\"@id\":\"https:\\\/\\\/www.yucatanencorto.com\\\/noticias\\\/se-refuerza-la-seguridad-publica-en-kanasin-en-esta-epoca-decembrina-edwin-bojorquez\\\/#breadcrumb\"},\"inLanguage\":\"es\",\"potentialAction\":[{\"@type\":\"ReadAction\",\"target\":[\"https:\\\/\\\/www.yucatanencorto.com\\\/noticias\\\/se-refuerza-la-seguridad-publica-en-kanasin-en-esta-epoca-decembrina-edwin-bojorquez\\\/\"]}]},{\"@type\":\"ImageObject\",\"inLanguage\":\"es\",\"@id\":\"https:\\\/\\\/www.yucatanencorto.com\\\/noticias\\\/se-refuerza-la-seguridad-publica-en-kanasin-en-esta-epoca-decembrina-edwin-bojorquez\\\/#primaryimage\",\"url\":\"https:\\\/\\\/www.yucatanencorto.com\\\/noticias\\\/wp-content\\\/uploads\\\/2023\\\/12\\\/IMG-20231226-WA0015-scaled.jpg\",\"contentUrl\":\"https:\\\/\\\/www.yucatanencorto.com\\\/noticias\\\/wp-content\\\/uploads\\\/2023\\\/12\\\/IMG-20231226-WA0015-scaled.jpg\",\"width\":768,\"height\":432},{\"@type\":\"BreadcrumbList\",\"@id\":\"https:\\\/\\\/www.yucatanencorto.com\\\/noticias\\\/se-refuerza-la-seguridad-publica-en-kanasin-en-esta-epoca-decembrina-edwin-bojorquez\\\/#breadcrumb\",\"itemListElement\":[{\"@type\":\"ListItem\",\"position\":1,\"name\":\"Portada\",\"item\":\"https:\\\/\\\/www.yucatanencorto.com\\\/noticias\\\/\"},{\"@type\":\"ListItem\",\"position\":2,\"name\":\"Se refuerza la seguridad p\u00fablica en Kanas\u00edn en esta \u00e9poca decembrina: Edwin Boj\u00f3rquez\u00a0\"}]},{\"@type\":\"WebSite\",\"@id\":\"https:\\\/\\\/www.yucatanencorto.com\\\/noticias\\\/#website\",\"url\":\"https:\\\/\\\/www.yucatanencorto.com\\\/noticias\\\/\",\"name\":\"Yucat\u00e1n en corto\",\"description\":\"Noticias\",\"potentialAction\":[{\"@type\":\"SearchAction\",\"target\":{\"@type\":\"EntryPoint\",\"urlTemplate\":\"https:\\\/\\\/www.yucatanencorto.com\\\/noticias\\\/?s={search_term_string}\"},\"query-input\":{\"@type\":\"PropertyValueSpecification\",\"valueRequired\":true,\"valueName\":\"search_term_string\"}}],\"inLanguage\":\"es\"},{\"@type\":\"Person\",\"@id\":\"https:\\\/\\\/www.yucatanencorto.com\\\/noticias\\\/#\\\/schema\\\/person\\\/e2fbdfaf30a07014a43940ce989f3119\",\"name\":\"Redes\",\"image\":{\"@type\":\"ImageObject\",\"inLanguage\":\"es\",\"@id\":\"https:\\\/\\\/secure.gravatar.com\\\/avatar\\\/5931a2d21dd7cc834f44c8c34fe56d90ed6d536ef452cbf870c7485b524dddd7?s=96&d=mm&r=g\",\"url\":\"https:\\\/\\\/secure.gravatar.com\\\/avatar\\\/5931a2d21dd7cc834f44c8c34fe56d90ed6d536ef452cbf870c7485b524dddd7?s=96&d=mm&r=g\",\"contentUrl\":\"https:\\\/\\\/secure.gravatar.com\\\/avatar\\\/5931a2d21dd7cc834f44c8c34fe56d90ed6d536ef452cbf870c7485b524dddd7?s=96&d=mm&r=g\",\"caption\":\"Redes\"},\"url\":\"https:\\\/\\\/www.yucatanencorto.com\\\/noticias\\\/author\\\/redes\\\/\"}]}<\/script>\n<!-- \/ Yoast SEO plugin. -->","yoast_head_json":{"title":"Se refuerza la seguridad p\u00fablica en Kanas\u00edn en esta \u00e9poca decembrina: Edwin Boj\u00f3rquez\u00a0 - Yucat\u00e1n en corto","robots":{"index":"index","follow":"follow","max-snippet":"max-snippet:-1","max-image-preview":"max-image-preview:large","max-video-preview":"max-video-preview:-1"},"canonical":"https:\/\/www.yucatanencorto.com\/noticias\/se-refuerza-la-seguridad-publica-en-kanasin-en-esta-epoca-decembrina-edwin-bojorquez\/","og_locale":"es_ES","og_type":"article","og_title":"Se refuerza la seguridad p\u00fablica en Kanas\u00edn en esta \u00e9poca decembrina: Edwin Boj\u00f3rquez\u00a0 - Yucat\u00e1n en corto","og_description":"La Polic\u00eda Municipal de Kanas\u00edn, en coordinaci\u00f3n con otras corporaciones estatales y municipales, contin\u00faa con su operativo de vigilancia y protecci\u00f3n a las familias del municipio en este temporada decembrina, el cual se prev\u00e9 concluya el pr\u00f3ximo 7 de enero. &nbsp; Edwin Boj\u00f3rquez Ram\u00edrez, alcalde de Kanas\u00edn, destac\u00f3 que en esta estrategia participan de manera [&hellip;]","og_url":"https:\/\/www.yucatanencorto.com\/noticias\/se-refuerza-la-seguridad-publica-en-kanasin-en-esta-epoca-decembrina-edwin-bojorquez\/","og_site_name":"Yucat\u00e1n en corto","article_publisher":"http:\/\/www.facebook.com\/yucatanencorto","article_published_time":"2023-12-26T18:30:23+00:00","og_image":[{"width":768,"height":432,"url":"https:\/\/www.yucatanencorto.com\/noticias\/wp-content\/uploads\/2023\/12\/IMG-20231226-WA0015-scaled.jpg","type":"image\/jpeg"}],"author":"Redes","twitter_card":"summary_large_image","twitter_creator":"@yucatanencorto","twitter_site":"@yucatanencorto","twitter_misc":{"Escrito por":"Redes","Tiempo de lectura":"2 minutos"},"schema":{"@context":"https:\/\/schema.org","@graph":[{"@type":"Article","@id":"https:\/\/www.yucatanencorto.com\/noticias\/se-refuerza-la-seguridad-publica-en-kanasin-en-esta-epoca-decembrina-edwin-bojorquez\/#article","isPartOf":{"@id":"https:\/\/www.yucatanencorto.com\/noticias\/se-refuerza-la-seguridad-publica-en-kanasin-en-esta-epoca-decembrina-edwin-bojorquez\/"},"author":{"name":"Redes","@id":"https:\/\/www.yucatanencorto.com\/noticias\/#\/schema\/person\/e2fbdfaf30a07014a43940ce989f3119"},"headline":"Se refuerza la seguridad p\u00fablica en Kanas\u00edn en esta \u00e9poca decembrina: Edwin Boj\u00f3rquez\u00a0","datePublished":"2023-12-26T18:30:23+00:00","mainEntityOfPage":{"@id":"https:\/\/www.yucatanencorto.com\/noticias\/se-refuerza-la-seguridad-publica-en-kanasin-en-esta-epoca-decembrina-edwin-bojorquez\/"},"wordCount":337,"image":{"@id":"https:\/\/www.yucatanencorto.com\/noticias\/se-refuerza-la-seguridad-publica-en-kanasin-en-esta-epoca-decembrina-edwin-bojorquez\/#primaryimage"},"thumbnailUrl":"https:\/\/www.yucatanencorto.com\/noticias\/wp-content\/uploads\/2023\/12\/IMG-20231226-WA0015-scaled.jpg","articleSection":["Yucat\u00e1n"],"inLanguage":"es"},{"@type":"WebPage","@id":"https:\/\/www.yucatanencorto.com\/noticias\/se-refuerza-la-seguridad-publica-en-kanasin-en-esta-epoca-decembrina-edwin-bojorquez\/","url":"https:\/\/www.yucatanencorto.com\/noticias\/se-refuerza-la-seguridad-publica-en-kanasin-en-esta-epoca-decembrina-edwin-bojorquez\/","name":"Se refuerza la seguridad p\u00fablica en Kanas\u00edn en esta \u00e9poca decembrina: Edwin Boj\u00f3rquez\u00a0 - Yucat\u00e1n en corto","isPartOf":{"@id":"https:\/\/www.yucatanencorto.com\/noticias\/#website"},"primaryImageOfPage":{"@id":"https:\/\/www.yucatanencorto.com\/noticias\/se-refuerza-la-seguridad-publica-en-kanasin-en-esta-epoca-decembrina-edwin-bojorquez\/#primaryimage"},"image":{"@id":"https:\/\/www.yucatanencorto.com\/noticias\/se-refuerza-la-seguridad-publica-en-kanasin-en-esta-epoca-decembrina-edwin-bojorquez\/#primaryimage"},"thumbnailUrl":"https:\/\/www.yucatanencorto.com\/noticias\/wp-content\/uploads\/2023\/12\/IMG-20231226-WA0015-scaled.jpg","datePublished":"2023-12-26T18:30:23+00:00","author":{"@id":"https:\/\/www.yucatanencorto.com\/noticias\/#\/schema\/person\/e2fbdfaf30a07014a43940ce989f3119"},"breadcrumb":{"@id":"https:\/\/www.yucatanencorto.com\/noticias\/se-refuerza-la-seguridad-publica-en-kanasin-en-esta-epoca-decembrina-edwin-bojorquez\/#breadcrumb"},"inLanguage":"es","potentialAction":[{"@type":"ReadAction","target":["https:\/\/www.yucatanencorto.com\/noticias\/se-refuerza-la-seguridad-publica-en-kanasin-en-esta-epoca-decembrina-edwin-bojorquez\/"]}]},{"@type":"ImageObject","inLanguage":"es","@id":"https:\/\/www.yucatanencorto.com\/noticias\/se-refuerza-la-seguridad-publica-en-kanasin-en-esta-epoca-decembrina-edwin-bojorquez\/#primaryimage","url":"https:\/\/www.yucatanencorto.com\/noticias\/wp-content\/uploads\/2023\/12\/IMG-20231226-WA0015-scaled.jpg","contentUrl":"https:\/\/www.yucatanencorto.com\/noticias\/wp-content\/uploads\/2023\/12\/IMG-20231226-WA0015-scaled.jpg","width":768,"height":432},{"@type":"BreadcrumbList","@id":"https:\/\/www.yucatanencorto.com\/noticias\/se-refuerza-la-seguridad-publica-en-kanasin-en-esta-epoca-decembrina-edwin-bojorquez\/#breadcrumb","itemListElement":[{"@type":"ListItem","position":1,"name":"Portada","item":"https:\/\/www.yucatanencorto.com\/noticias\/"},{"@type":"ListItem","position":2,"name":"Se refuerza la seguridad p\u00fablica en Kanas\u00edn en esta \u00e9poca decembrina: Edwin Boj\u00f3rquez\u00a0"}]},{"@type":"WebSite","@id":"https:\/\/www.yucatanencorto.com\/noticias\/#website","url":"https:\/\/www.yucatanencorto.com\/noticias\/","name":"Yucat\u00e1n en corto","description":"Noticias","potentialAction":[{"@type":"SearchAction","target":{"@type":"EntryPoint","urlTemplate":"https:\/\/www.yucatanencorto.com\/noticias\/?s={search_term_string}"},"query-input":{"@type":"PropertyValueSpecification","valueRequired":true,"valueName":"search_term_string"}}],"inLanguage":"es"},{"@type":"Person","@id":"https:\/\/www.yucatanencorto.com\/noticias\/#\/schema\/person\/e2fbdfaf30a07014a43940ce989f3119","name":"Redes","image":{"@type":"ImageObject","inLanguage":"es","@id":"https:\/\/secure.gravatar.com\/avatar\/5931a2d21dd7cc834f44c8c34fe56d90ed6d536ef452cbf870c7485b524dddd7?s=96&d=mm&r=g","url":"https:\/\/secure.gravatar.com\/avatar\/5931a2d21dd7cc834f44c8c34fe56d90ed6d536ef452cbf870c7485b524dddd7?s=96&d=mm&r=g","contentUrl":"https:\/\/secure.gravatar.com\/avatar\/5931a2d21dd7cc834f44c8c34fe56d90ed6d536ef452cbf870c7485b524dddd7?s=96&d=mm&r=g","caption":"Redes"},"url":"https:\/\/www.yucatanencorto.com\/noticias\/author\/redes\/"}]}},"_links":{"self":[{"href":"https:\/\/www.yucatanencorto.com\/noticias\/wp-json\/wp\/v2\/posts\/101656","targetHints":{"allow":["GET"]}}],"collection":[{"href":"https:\/\/www.yucatanencorto.com\/noticias\/wp-json\/wp\/v2\/posts"}],"about":[{"href":"https:\/\/www.yucatanencorto.com\/noticias\/wp-json\/wp\/v2\/types\/post"}],"author":[{"embeddable":true,"href":"https:\/\/www.yucatanencorto.com\/noticias\/wp-json\/wp\/v2\/users\/3"}],"replies":[{"embeddable":true,"href":"https:\/\/www.yucatanencorto.com\/noticias\/wp-json\/wp\/v2\/comments?post=101656"}],"version-history":[{"count":0,"href":"https:\/\/www.yucatanencorto.com\/noticias\/wp-json\/wp\/v2\/posts\/101656\/revisions"}],"wp:featuredmedia":[{"embeddable":true,"href":"https:\/\/www.yucatanencorto.com\/noticias\/wp-json\/wp\/v2\/media\/101657"}],"wp:attachment":[{"href":"https:\/\/www.yucatanencorto.com\/noticias\/wp-json\/wp\/v2\/media?parent=101656"}],"wp:term":[{"taxonomy":"category","embeddable":true,"href":"https:\/\/www.yucatanencorto.com\/noticias\/wp-json\/wp\/v2\/categories?post=101656"},{"taxonomy":"post_tag","embeddable":true,"href":"https:\/\/www.yucatanencorto.com\/noticias\/wp-json\/wp\/v2\/tags?post=101656"}],"curies":[{"name":"wp","href":"https:\/\/api.w.org\/{rel}","templated":true}]}}