{"id":101810,"date":"2024-01-09T19:36:55","date_gmt":"2024-01-10T01:36:55","guid":{"rendered":"https:\/\/www.yucatanencorto.com\/noticias\/?p=101810"},"modified":"2024-01-09T19:36:55","modified_gmt":"2024-01-10T01:36:55","slug":"cecilia-patron-acompana-al-gobernador-mauricio-vila-en-la-inauguracion-de-la-universidad-de-las-artes-de-yucatan","status":"publish","type":"post","link":"https:\/\/www.yucatanencorto.com\/noticias\/cecilia-patron-acompana-al-gobernador-mauricio-vila-en-la-inauguracion-de-la-universidad-de-las-artes-de-yucatan\/","title":{"rendered":"Cecilia Patr\u00f3n acompa\u00f1a al Gobernador Mauricio Vila en la inauguraci\u00f3n de la Universidad de las Artes de Yucat\u00e1n."},"content":{"rendered":"<p><img loading=\"lazy\" decoding=\"async\" class=\"alignnone size-full wp-image-101811\" src=\"https:\/\/www.yucatanencorto.com\/noticias\/wp-content\/uploads\/2024\/01\/IMG-20240109-WA0034-scaled.jpg\" alt=\"\" width=\"768\" height=\"512\" srcset=\"https:\/\/www.yucatanencorto.com\/noticias\/wp-content\/uploads\/2024\/01\/IMG-20240109-WA0034-scaled.jpg 768w, https:\/\/www.yucatanencorto.com\/noticias\/wp-content\/uploads\/2024\/01\/IMG-20240109-WA0034-150x100.jpg 150w, https:\/\/www.yucatanencorto.com\/noticias\/wp-content\/uploads\/2024\/01\/IMG-20240109-WA0034-300x200.jpg 300w, https:\/\/www.yucatanencorto.com\/noticias\/wp-content\/uploads\/2024\/01\/IMG-20240109-WA0034-696x464.jpg 696w, https:\/\/www.yucatanencorto.com\/noticias\/wp-content\/uploads\/2024\/01\/IMG-20240109-WA0034-1068x712.jpg 1068w\" sizes=\"auto, (max-width: 768px) 100vw, 768px\" \/><\/p>\n<p>La Diputada Federal Cecilia Patr\u00f3n Laviada resalt\u00f3 el impulso a la educaci\u00f3n y cultura para todas y todos que realiza el Gobierno que encabeza Mauricio Vila Dosal y refrenda el t\u00edtulo de M\u00e9rida como la mejor ciudad del pa\u00eds.<\/p>\n<p>&nbsp;<\/p>\n<p>\u201cLa nueva Universidad de las Artes de Yucat\u00e1n es el ejemplo de lo que se puede lograr cuando se utiliza el presupuesto de forma responsable, para hacer un estado cada vez m\u00e1s justo y con m\u00e1s oportunidades\u201d, indic\u00f3.<\/p>\n<p>&nbsp;<\/p>\n<p>Durante el discurso que ofreci\u00f3 en la inauguraci\u00f3n de las renovadas instalaciones de la UNAY, destac\u00f3 el compromiso del gobierno estatal con la formaci\u00f3n de los j\u00f3venes al proporcionarles un espacio con infraestructura de primer nivel y con un amplio abanico de opciones para profesionalizarse en lo que m\u00e1s les apasiona.<\/p>\n<p>&nbsp;<\/p>\n<p>Reconoci\u00f3 el estilo de hacer las cosas del Gobierno de Yucat\u00e1n que es siempre trabajar en equipo y por el bienestar de las y los yucatecos, porque as\u00ed como se busca incansablemente atraer inversiones y generar cada vez m\u00e1s empleos, tambi\u00e9n se apuesta por la educaci\u00f3n para que los j\u00f3venes est\u00e9n preparados para aprovechar las oportunidades y sentar las bases para que nos sigamos transformando.<\/p>\n<p>&nbsp;<\/p>\n<p>\u201cSon grandes los logros en educaci\u00f3n, como la agenda estatal de ingl\u00e9s en la educaci\u00f3n b\u00e1sica, las becas del 100 por ciento a mujeres que estudian ingenier\u00edas en universidades estatales, as\u00ed como la apertura de nuevas carreras como ciberseguridad\u201d, a\u00f1adi\u00f3.<\/p>\n<p>&nbsp;<\/p>\n<p>La nueva Universidad de Artes de Yucat\u00e1n, con una inversi\u00f3n de 280 millones de pesos para la remodelaci\u00f3n y ampliaci\u00f3n, contar\u00e1 con espacios para danza, teatro, cine y artes visuales; con un foro de grabaci\u00f3n para cine, sala de proyecci\u00f3n, 8 nuevos salones, 4 aulas de danza con vestidores y ba\u00f1os, 2 salas de c\u00f3mputo, nuevos sanitarios, cafeter\u00eda, galer\u00eda, biblioteca y m\u00e1s, pasando de una capacidad matricular de 400 a 2,000 alumnos.<\/p>\n","protected":false},"excerpt":{"rendered":"<p>La Diputada Federal Cecilia Patr\u00f3n Laviada resalt\u00f3 el impulso a la educaci\u00f3n y cultura para todas y todos que realiza el Gobierno que encabeza Mauricio Vila Dosal y refrenda el t\u00edtulo de M\u00e9rida como la mejor ciudad del pa\u00eds. &nbsp; \u201cLa nueva Universidad de las Artes de Yucat\u00e1n es el ejemplo de lo que se [&hellip;]<\/p>\n","protected":false},"author":3,"featured_media":101811,"comment_status":"closed","ping_status":"closed","sticky":false,"template":"","format":"standard","meta":{"footnotes":""},"categories":[3],"tags":[],"class_list":{"0":"post-101810","1":"post","2":"type-post","3":"status-publish","4":"format-standard","5":"has-post-thumbnail","7":"category-yucatan"},"yoast_head":"<!-- This site is optimized with the Yoast SEO plugin v27.5 - https:\/\/yoast.com\/product\/yoast-seo-wordpress\/ -->\n<title>Cecilia Patr\u00f3n acompa\u00f1a al Gobernador Mauricio Vila en la inauguraci\u00f3n de la Universidad de las Artes de Yucat\u00e1n. - Yucat\u00e1n en corto<\/title>\n<meta name=\"robots\" content=\"index, follow, max-snippet:-1, max-image-preview:large, max-video-preview:-1\" \/>\n<link rel=\"canonical\" href=\"https:\/\/www.yucatanencorto.com\/noticias\/cecilia-patron-acompana-al-gobernador-mauricio-vila-en-la-inauguracion-de-la-universidad-de-las-artes-de-yucatan\/\" \/>\n<meta property=\"og:locale\" content=\"es_ES\" \/>\n<meta property=\"og:type\" content=\"article\" \/>\n<meta property=\"og:title\" content=\"Cecilia Patr\u00f3n acompa\u00f1a al Gobernador Mauricio Vila en la inauguraci\u00f3n de la Universidad de las Artes de Yucat\u00e1n. - Yucat\u00e1n en corto\" \/>\n<meta property=\"og:description\" content=\"La Diputada Federal Cecilia Patr\u00f3n Laviada resalt\u00f3 el impulso a la educaci\u00f3n y cultura para todas y todos que realiza el Gobierno que encabeza Mauricio Vila Dosal y refrenda el t\u00edtulo de M\u00e9rida como la mejor ciudad del pa\u00eds. &nbsp; \u201cLa nueva Universidad de las Artes de Yucat\u00e1n es el ejemplo de lo que se [&hellip;]\" \/>\n<meta property=\"og:url\" content=\"https:\/\/www.yucatanencorto.com\/noticias\/cecilia-patron-acompana-al-gobernador-mauricio-vila-en-la-inauguracion-de-la-universidad-de-las-artes-de-yucatan\/\" \/>\n<meta property=\"og:site_name\" content=\"Yucat\u00e1n en corto\" \/>\n<meta property=\"article:publisher\" content=\"http:\/\/www.facebook.com\/yucatanencorto\" \/>\n<meta property=\"article:published_time\" content=\"2024-01-10T01:36:55+00:00\" \/>\n<meta property=\"og:image\" content=\"https:\/\/www.yucatanencorto.com\/noticias\/wp-content\/uploads\/2024\/01\/IMG-20240109-WA0034-scaled.jpg\" \/>\n\t<meta property=\"og:image:width\" content=\"768\" \/>\n\t<meta property=\"og:image:height\" content=\"512\" \/>\n\t<meta property=\"og:image:type\" content=\"image\/jpeg\" \/>\n<meta name=\"author\" content=\"Redes\" \/>\n<meta name=\"twitter:card\" content=\"summary_large_image\" \/>\n<meta name=\"twitter:creator\" content=\"@yucatanencorto\" \/>\n<meta name=\"twitter:site\" content=\"@yucatanencorto\" \/>\n<meta name=\"twitter:label1\" content=\"Escrito por\" \/>\n\t<meta name=\"twitter:data1\" content=\"Redes\" \/>\n\t<meta name=\"twitter:label2\" content=\"Tiempo de lectura\" \/>\n\t<meta name=\"twitter:data2\" content=\"2 minutos\" \/>\n<script type=\"application\/ld+json\" class=\"yoast-schema-graph\">{\"@context\":\"https:\\\/\\\/schema.org\",\"@graph\":[{\"@type\":\"Article\",\"@id\":\"https:\\\/\\\/www.yucatanencorto.com\\\/noticias\\\/cecilia-patron-acompana-al-gobernador-mauricio-vila-en-la-inauguracion-de-la-universidad-de-las-artes-de-yucatan\\\/#article\",\"isPartOf\":{\"@id\":\"https:\\\/\\\/www.yucatanencorto.com\\\/noticias\\\/cecilia-patron-acompana-al-gobernador-mauricio-vila-en-la-inauguracion-de-la-universidad-de-las-artes-de-yucatan\\\/\"},\"author\":{\"name\":\"Redes\",\"@id\":\"https:\\\/\\\/www.yucatanencorto.com\\\/noticias\\\/#\\\/schema\\\/person\\\/e2fbdfaf30a07014a43940ce989f3119\"},\"headline\":\"Cecilia Patr\u00f3n acompa\u00f1a al Gobernador Mauricio Vila en la inauguraci\u00f3n de la Universidad de las Artes de Yucat\u00e1n.\",\"datePublished\":\"2024-01-10T01:36:55+00:00\",\"mainEntityOfPage\":{\"@id\":\"https:\\\/\\\/www.yucatanencorto.com\\\/noticias\\\/cecilia-patron-acompana-al-gobernador-mauricio-vila-en-la-inauguracion-de-la-universidad-de-las-artes-de-yucatan\\\/\"},\"wordCount\":360,\"image\":{\"@id\":\"https:\\\/\\\/www.yucatanencorto.com\\\/noticias\\\/cecilia-patron-acompana-al-gobernador-mauricio-vila-en-la-inauguracion-de-la-universidad-de-las-artes-de-yucatan\\\/#primaryimage\"},\"thumbnailUrl\":\"https:\\\/\\\/www.yucatanencorto.com\\\/noticias\\\/wp-content\\\/uploads\\\/2024\\\/01\\\/IMG-20240109-WA0034-scaled.jpg\",\"articleSection\":[\"Yucat\u00e1n\"],\"inLanguage\":\"es\"},{\"@type\":\"WebPage\",\"@id\":\"https:\\\/\\\/www.yucatanencorto.com\\\/noticias\\\/cecilia-patron-acompana-al-gobernador-mauricio-vila-en-la-inauguracion-de-la-universidad-de-las-artes-de-yucatan\\\/\",\"url\":\"https:\\\/\\\/www.yucatanencorto.com\\\/noticias\\\/cecilia-patron-acompana-al-gobernador-mauricio-vila-en-la-inauguracion-de-la-universidad-de-las-artes-de-yucatan\\\/\",\"name\":\"Cecilia Patr\u00f3n acompa\u00f1a al Gobernador Mauricio Vila en la inauguraci\u00f3n de la Universidad de las Artes de Yucat\u00e1n. - Yucat\u00e1n en corto\",\"isPartOf\":{\"@id\":\"https:\\\/\\\/www.yucatanencorto.com\\\/noticias\\\/#website\"},\"primaryImageOfPage\":{\"@id\":\"https:\\\/\\\/www.yucatanencorto.com\\\/noticias\\\/cecilia-patron-acompana-al-gobernador-mauricio-vila-en-la-inauguracion-de-la-universidad-de-las-artes-de-yucatan\\\/#primaryimage\"},\"image\":{\"@id\":\"https:\\\/\\\/www.yucatanencorto.com\\\/noticias\\\/cecilia-patron-acompana-al-gobernador-mauricio-vila-en-la-inauguracion-de-la-universidad-de-las-artes-de-yucatan\\\/#primaryimage\"},\"thumbnailUrl\":\"https:\\\/\\\/www.yucatanencorto.com\\\/noticias\\\/wp-content\\\/uploads\\\/2024\\\/01\\\/IMG-20240109-WA0034-scaled.jpg\",\"datePublished\":\"2024-01-10T01:36:55+00:00\",\"author\":{\"@id\":\"https:\\\/\\\/www.yucatanencorto.com\\\/noticias\\\/#\\\/schema\\\/person\\\/e2fbdfaf30a07014a43940ce989f3119\"},\"breadcrumb\":{\"@id\":\"https:\\\/\\\/www.yucatanencorto.com\\\/noticias\\\/cecilia-patron-acompana-al-gobernador-mauricio-vila-en-la-inauguracion-de-la-universidad-de-las-artes-de-yucatan\\\/#breadcrumb\"},\"inLanguage\":\"es\",\"potentialAction\":[{\"@type\":\"ReadAction\",\"target\":[\"https:\\\/\\\/www.yucatanencorto.com\\\/noticias\\\/cecilia-patron-acompana-al-gobernador-mauricio-vila-en-la-inauguracion-de-la-universidad-de-las-artes-de-yucatan\\\/\"]}]},{\"@type\":\"ImageObject\",\"inLanguage\":\"es\",\"@id\":\"https:\\\/\\\/www.yucatanencorto.com\\\/noticias\\\/cecilia-patron-acompana-al-gobernador-mauricio-vila-en-la-inauguracion-de-la-universidad-de-las-artes-de-yucatan\\\/#primaryimage\",\"url\":\"https:\\\/\\\/www.yucatanencorto.com\\\/noticias\\\/wp-content\\\/uploads\\\/2024\\\/01\\\/IMG-20240109-WA0034-scaled.jpg\",\"contentUrl\":\"https:\\\/\\\/www.yucatanencorto.com\\\/noticias\\\/wp-content\\\/uploads\\\/2024\\\/01\\\/IMG-20240109-WA0034-scaled.jpg\",\"width\":768,\"height\":512},{\"@type\":\"BreadcrumbList\",\"@id\":\"https:\\\/\\\/www.yucatanencorto.com\\\/noticias\\\/cecilia-patron-acompana-al-gobernador-mauricio-vila-en-la-inauguracion-de-la-universidad-de-las-artes-de-yucatan\\\/#breadcrumb\",\"itemListElement\":[{\"@type\":\"ListItem\",\"position\":1,\"name\":\"Portada\",\"item\":\"https:\\\/\\\/www.yucatanencorto.com\\\/noticias\\\/\"},{\"@type\":\"ListItem\",\"position\":2,\"name\":\"Cecilia Patr\u00f3n acompa\u00f1a al Gobernador Mauricio Vila en la inauguraci\u00f3n de la Universidad de las Artes de Yucat\u00e1n.\"}]},{\"@type\":\"WebSite\",\"@id\":\"https:\\\/\\\/www.yucatanencorto.com\\\/noticias\\\/#website\",\"url\":\"https:\\\/\\\/www.yucatanencorto.com\\\/noticias\\\/\",\"name\":\"Yucat\u00e1n en corto\",\"description\":\"Noticias\",\"potentialAction\":[{\"@type\":\"SearchAction\",\"target\":{\"@type\":\"EntryPoint\",\"urlTemplate\":\"https:\\\/\\\/www.yucatanencorto.com\\\/noticias\\\/?s={search_term_string}\"},\"query-input\":{\"@type\":\"PropertyValueSpecification\",\"valueRequired\":true,\"valueName\":\"search_term_string\"}}],\"inLanguage\":\"es\"},{\"@type\":\"Person\",\"@id\":\"https:\\\/\\\/www.yucatanencorto.com\\\/noticias\\\/#\\\/schema\\\/person\\\/e2fbdfaf30a07014a43940ce989f3119\",\"name\":\"Redes\",\"image\":{\"@type\":\"ImageObject\",\"inLanguage\":\"es\",\"@id\":\"https:\\\/\\\/secure.gravatar.com\\\/avatar\\\/5931a2d21dd7cc834f44c8c34fe56d90ed6d536ef452cbf870c7485b524dddd7?s=96&d=mm&r=g\",\"url\":\"https:\\\/\\\/secure.gravatar.com\\\/avatar\\\/5931a2d21dd7cc834f44c8c34fe56d90ed6d536ef452cbf870c7485b524dddd7?s=96&d=mm&r=g\",\"contentUrl\":\"https:\\\/\\\/secure.gravatar.com\\\/avatar\\\/5931a2d21dd7cc834f44c8c34fe56d90ed6d536ef452cbf870c7485b524dddd7?s=96&d=mm&r=g\",\"caption\":\"Redes\"},\"url\":\"https:\\\/\\\/www.yucatanencorto.com\\\/noticias\\\/author\\\/redes\\\/\"}]}<\/script>\n<!-- \/ Yoast SEO plugin. -->","yoast_head_json":{"title":"Cecilia Patr\u00f3n acompa\u00f1a al Gobernador Mauricio Vila en la inauguraci\u00f3n de la Universidad de las Artes de Yucat\u00e1n. - Yucat\u00e1n en corto","robots":{"index":"index","follow":"follow","max-snippet":"max-snippet:-1","max-image-preview":"max-image-preview:large","max-video-preview":"max-video-preview:-1"},"canonical":"https:\/\/www.yucatanencorto.com\/noticias\/cecilia-patron-acompana-al-gobernador-mauricio-vila-en-la-inauguracion-de-la-universidad-de-las-artes-de-yucatan\/","og_locale":"es_ES","og_type":"article","og_title":"Cecilia Patr\u00f3n acompa\u00f1a al Gobernador Mauricio Vila en la inauguraci\u00f3n de la Universidad de las Artes de Yucat\u00e1n. - Yucat\u00e1n en corto","og_description":"La Diputada Federal Cecilia Patr\u00f3n Laviada resalt\u00f3 el impulso a la educaci\u00f3n y cultura para todas y todos que realiza el Gobierno que encabeza Mauricio Vila Dosal y refrenda el t\u00edtulo de M\u00e9rida como la mejor ciudad del pa\u00eds. &nbsp; \u201cLa nueva Universidad de las Artes de Yucat\u00e1n es el ejemplo de lo que se [&hellip;]","og_url":"https:\/\/www.yucatanencorto.com\/noticias\/cecilia-patron-acompana-al-gobernador-mauricio-vila-en-la-inauguracion-de-la-universidad-de-las-artes-de-yucatan\/","og_site_name":"Yucat\u00e1n en corto","article_publisher":"http:\/\/www.facebook.com\/yucatanencorto","article_published_time":"2024-01-10T01:36:55+00:00","og_image":[{"width":768,"height":512,"url":"https:\/\/www.yucatanencorto.com\/noticias\/wp-content\/uploads\/2024\/01\/IMG-20240109-WA0034-scaled.jpg","type":"image\/jpeg"}],"author":"Redes","twitter_card":"summary_large_image","twitter_creator":"@yucatanencorto","twitter_site":"@yucatanencorto","twitter_misc":{"Escrito por":"Redes","Tiempo de lectura":"2 minutos"},"schema":{"@context":"https:\/\/schema.org","@graph":[{"@type":"Article","@id":"https:\/\/www.yucatanencorto.com\/noticias\/cecilia-patron-acompana-al-gobernador-mauricio-vila-en-la-inauguracion-de-la-universidad-de-las-artes-de-yucatan\/#article","isPartOf":{"@id":"https:\/\/www.yucatanencorto.com\/noticias\/cecilia-patron-acompana-al-gobernador-mauricio-vila-en-la-inauguracion-de-la-universidad-de-las-artes-de-yucatan\/"},"author":{"name":"Redes","@id":"https:\/\/www.yucatanencorto.com\/noticias\/#\/schema\/person\/e2fbdfaf30a07014a43940ce989f3119"},"headline":"Cecilia Patr\u00f3n acompa\u00f1a al Gobernador Mauricio Vila en la inauguraci\u00f3n de la Universidad de las Artes de Yucat\u00e1n.","datePublished":"2024-01-10T01:36:55+00:00","mainEntityOfPage":{"@id":"https:\/\/www.yucatanencorto.com\/noticias\/cecilia-patron-acompana-al-gobernador-mauricio-vila-en-la-inauguracion-de-la-universidad-de-las-artes-de-yucatan\/"},"wordCount":360,"image":{"@id":"https:\/\/www.yucatanencorto.com\/noticias\/cecilia-patron-acompana-al-gobernador-mauricio-vila-en-la-inauguracion-de-la-universidad-de-las-artes-de-yucatan\/#primaryimage"},"thumbnailUrl":"https:\/\/www.yucatanencorto.com\/noticias\/wp-content\/uploads\/2024\/01\/IMG-20240109-WA0034-scaled.jpg","articleSection":["Yucat\u00e1n"],"inLanguage":"es"},{"@type":"WebPage","@id":"https:\/\/www.yucatanencorto.com\/noticias\/cecilia-patron-acompana-al-gobernador-mauricio-vila-en-la-inauguracion-de-la-universidad-de-las-artes-de-yucatan\/","url":"https:\/\/www.yucatanencorto.com\/noticias\/cecilia-patron-acompana-al-gobernador-mauricio-vila-en-la-inauguracion-de-la-universidad-de-las-artes-de-yucatan\/","name":"Cecilia Patr\u00f3n acompa\u00f1a al Gobernador Mauricio Vila en la inauguraci\u00f3n de la Universidad de las Artes de Yucat\u00e1n. - Yucat\u00e1n en corto","isPartOf":{"@id":"https:\/\/www.yucatanencorto.com\/noticias\/#website"},"primaryImageOfPage":{"@id":"https:\/\/www.yucatanencorto.com\/noticias\/cecilia-patron-acompana-al-gobernador-mauricio-vila-en-la-inauguracion-de-la-universidad-de-las-artes-de-yucatan\/#primaryimage"},"image":{"@id":"https:\/\/www.yucatanencorto.com\/noticias\/cecilia-patron-acompana-al-gobernador-mauricio-vila-en-la-inauguracion-de-la-universidad-de-las-artes-de-yucatan\/#primaryimage"},"thumbnailUrl":"https:\/\/www.yucatanencorto.com\/noticias\/wp-content\/uploads\/2024\/01\/IMG-20240109-WA0034-scaled.jpg","datePublished":"2024-01-10T01:36:55+00:00","author":{"@id":"https:\/\/www.yucatanencorto.com\/noticias\/#\/schema\/person\/e2fbdfaf30a07014a43940ce989f3119"},"breadcrumb":{"@id":"https:\/\/www.yucatanencorto.com\/noticias\/cecilia-patron-acompana-al-gobernador-mauricio-vila-en-la-inauguracion-de-la-universidad-de-las-artes-de-yucatan\/#breadcrumb"},"inLanguage":"es","potentialAction":[{"@type":"ReadAction","target":["https:\/\/www.yucatanencorto.com\/noticias\/cecilia-patron-acompana-al-gobernador-mauricio-vila-en-la-inauguracion-de-la-universidad-de-las-artes-de-yucatan\/"]}]},{"@type":"ImageObject","inLanguage":"es","@id":"https:\/\/www.yucatanencorto.com\/noticias\/cecilia-patron-acompana-al-gobernador-mauricio-vila-en-la-inauguracion-de-la-universidad-de-las-artes-de-yucatan\/#primaryimage","url":"https:\/\/www.yucatanencorto.com\/noticias\/wp-content\/uploads\/2024\/01\/IMG-20240109-WA0034-scaled.jpg","contentUrl":"https:\/\/www.yucatanencorto.com\/noticias\/wp-content\/uploads\/2024\/01\/IMG-20240109-WA0034-scaled.jpg","width":768,"height":512},{"@type":"BreadcrumbList","@id":"https:\/\/www.yucatanencorto.com\/noticias\/cecilia-patron-acompana-al-gobernador-mauricio-vila-en-la-inauguracion-de-la-universidad-de-las-artes-de-yucatan\/#breadcrumb","itemListElement":[{"@type":"ListItem","position":1,"name":"Portada","item":"https:\/\/www.yucatanencorto.com\/noticias\/"},{"@type":"ListItem","position":2,"name":"Cecilia Patr\u00f3n acompa\u00f1a al Gobernador Mauricio Vila en la inauguraci\u00f3n de la Universidad de las Artes de Yucat\u00e1n."}]},{"@type":"WebSite","@id":"https:\/\/www.yucatanencorto.com\/noticias\/#website","url":"https:\/\/www.yucatanencorto.com\/noticias\/","name":"Yucat\u00e1n en corto","description":"Noticias","potentialAction":[{"@type":"SearchAction","target":{"@type":"EntryPoint","urlTemplate":"https:\/\/www.yucatanencorto.com\/noticias\/?s={search_term_string}"},"query-input":{"@type":"PropertyValueSpecification","valueRequired":true,"valueName":"search_term_string"}}],"inLanguage":"es"},{"@type":"Person","@id":"https:\/\/www.yucatanencorto.com\/noticias\/#\/schema\/person\/e2fbdfaf30a07014a43940ce989f3119","name":"Redes","image":{"@type":"ImageObject","inLanguage":"es","@id":"https:\/\/secure.gravatar.com\/avatar\/5931a2d21dd7cc834f44c8c34fe56d90ed6d536ef452cbf870c7485b524dddd7?s=96&d=mm&r=g","url":"https:\/\/secure.gravatar.com\/avatar\/5931a2d21dd7cc834f44c8c34fe56d90ed6d536ef452cbf870c7485b524dddd7?s=96&d=mm&r=g","contentUrl":"https:\/\/secure.gravatar.com\/avatar\/5931a2d21dd7cc834f44c8c34fe56d90ed6d536ef452cbf870c7485b524dddd7?s=96&d=mm&r=g","caption":"Redes"},"url":"https:\/\/www.yucatanencorto.com\/noticias\/author\/redes\/"}]}},"_links":{"self":[{"href":"https:\/\/www.yucatanencorto.com\/noticias\/wp-json\/wp\/v2\/posts\/101810","targetHints":{"allow":["GET"]}}],"collection":[{"href":"https:\/\/www.yucatanencorto.com\/noticias\/wp-json\/wp\/v2\/posts"}],"about":[{"href":"https:\/\/www.yucatanencorto.com\/noticias\/wp-json\/wp\/v2\/types\/post"}],"author":[{"embeddable":true,"href":"https:\/\/www.yucatanencorto.com\/noticias\/wp-json\/wp\/v2\/users\/3"}],"replies":[{"embeddable":true,"href":"https:\/\/www.yucatanencorto.com\/noticias\/wp-json\/wp\/v2\/comments?post=101810"}],"version-history":[{"count":0,"href":"https:\/\/www.yucatanencorto.com\/noticias\/wp-json\/wp\/v2\/posts\/101810\/revisions"}],"wp:featuredmedia":[{"embeddable":true,"href":"https:\/\/www.yucatanencorto.com\/noticias\/wp-json\/wp\/v2\/media\/101811"}],"wp:attachment":[{"href":"https:\/\/www.yucatanencorto.com\/noticias\/wp-json\/wp\/v2\/media?parent=101810"}],"wp:term":[{"taxonomy":"category","embeddable":true,"href":"https:\/\/www.yucatanencorto.com\/noticias\/wp-json\/wp\/v2\/categories?post=101810"},{"taxonomy":"post_tag","embeddable":true,"href":"https:\/\/www.yucatanencorto.com\/noticias\/wp-json\/wp\/v2\/tags?post=101810"}],"curies":[{"name":"wp","href":"https:\/\/api.w.org\/{rel}","templated":true}]}}