{"id":101813,"date":"2024-01-09T19:40:44","date_gmt":"2024-01-10T01:40:44","guid":{"rendered":"https:\/\/www.yucatanencorto.com\/noticias\/?p=101813"},"modified":"2024-01-09T19:40:44","modified_gmt":"2024-01-10T01:40:44","slug":"anuncia-gobierno-del-estado-cambios-en-el-gabinete-estatal","status":"publish","type":"post","link":"https:\/\/www.yucatanencorto.com\/noticias\/anuncia-gobierno-del-estado-cambios-en-el-gabinete-estatal\/","title":{"rendered":"Anuncia Gobierno del Estado cambios en el gabinete estatal"},"content":{"rendered":"<p><img loading=\"lazy\" decoding=\"async\" class=\"alignnone size-full wp-image-101814\" src=\"https:\/\/www.yucatanencorto.com\/noticias\/wp-content\/uploads\/2024\/01\/IMG-20240109-WA0030-scaled.jpg\" alt=\"\" width=\"768\" height=\"768\" srcset=\"https:\/\/www.yucatanencorto.com\/noticias\/wp-content\/uploads\/2024\/01\/IMG-20240109-WA0030-scaled.jpg 768w, https:\/\/www.yucatanencorto.com\/noticias\/wp-content\/uploads\/2024\/01\/IMG-20240109-WA0030-1536x1536.jpg 1536w, https:\/\/www.yucatanencorto.com\/noticias\/wp-content\/uploads\/2024\/01\/IMG-20240109-WA0030-150x150.jpg 150w, https:\/\/www.yucatanencorto.com\/noticias\/wp-content\/uploads\/2024\/01\/IMG-20240109-WA0030-300x300.jpg 300w, https:\/\/www.yucatanencorto.com\/noticias\/wp-content\/uploads\/2024\/01\/IMG-20240109-WA0030-696x696.jpg 696w, https:\/\/www.yucatanencorto.com\/noticias\/wp-content\/uploads\/2024\/01\/IMG-20240109-WA0030-1068x1068.jpg 1068w\" sizes=\"auto, (max-width: 768px) 100vw, 768px\" \/><\/p>\n<p>M\u00e9rida, Yucat\u00e1n, 09 de enero de 2024.- El Gobierno del Estado anunci\u00f3 los nombramientos de Diana P\u00e9rez Jauma y Luis Mart\u00edn Oroza como titulares de las Secretar\u00edas de Desarrollo Sustentable (SDS) y Desarrollo Rural (Seder), respectivamente, as\u00ed como de Juan Barea Canul como director del Sistema para el Desarrollo Integral de la Familia (DIF) Yucat\u00e1n, con lo que se contin\u00faa fortaleciendo la administraci\u00f3n p\u00fablica estatal a trav\u00e9s de m\u00e1s perfiles profesionales que sumen a la transformaci\u00f3n del estado.<\/p>\n<p>&nbsp;<\/p>\n<p>En ese sentido, se inform\u00f3 que P\u00e9rez Jauma es maestra en Gesti\u00f3n Ambiental por la Universidad Marista de M\u00e9rida y hasta el d\u00eda de hoy se desempe\u00f1aba como subsecretaria de Planeaci\u00f3n de la SDS. Tiene experiencia en la administraci\u00f3n p\u00fablica, en donde ha ocupado el cargo de Jefa de Educaci\u00f3n Ambiental en el Ayuntamiento de M\u00e9rida y tambi\u00e9n fue docente en la Universidad Marista.<\/p>\n<p>&nbsp;<\/p>\n<p>El a\u00f1o pasado fue reconocida por el Governors&#8217; Climate and Forests (GCF) Task Force como Everyday Hero 2023 y tambi\u00e9n fue seleccionada para el Programa de Lideres Visitantes Internacionales (IVLP, por sus siglas en ingl\u00e9s) del Departamento de Estado de los Estados Unidos de Am\u00e9rica.<\/p>\n<p>&nbsp;<\/p>\n<p>A su vez, Mart\u00edn Oroza, quien es Ingeniero Agr\u00f3nomo por el Instituto Tecnol\u00f3gico de Conkal, fue designado nuevo titular de la Seder, en donde ya se ven\u00eda desempe\u00f1ando como subsecretario de Desarrollo Rural.<\/p>\n<p>&nbsp;<\/p>\n<p>Por lo que toca al DIF Yucat\u00e1n, se indic\u00f3 que el nuevo director, Juan Barea Canul, es Licenciado en Contadur\u00eda y Administraci\u00f3n por la Universidad Aut\u00f3noma de Yucat\u00e1n (UADY). En 2021, fue encargado del Despacho de esa misma dependencia. En la administraci\u00f3n p\u00fablica, se ha desempe\u00f1ado como regidor y director de la Unidad de Gesti\u00f3n Estrat\u00e9gica Ayuntamiento de M\u00e9rida.<\/p>\n<p>&nbsp;<\/p>\n<p>El Gobierno del Estado reconoce el trabajo de quienes colaboran en la administraci\u00f3n p\u00fablica y exhort\u00f3 a los nuevos funcionarios a seguir aportando al desarrollo de la entidad, desde sus nuevos encargos. Cabe mencionar que, podr\u00eda haber m\u00e1s designaciones, pues el objetivo es reforzar las \u00e1reas que lo requieran para efectuar los cambios que Yucat\u00e1n necesita.<\/p>\n","protected":false},"excerpt":{"rendered":"<p>M\u00e9rida, Yucat\u00e1n, 09 de enero de 2024.- El Gobierno del Estado anunci\u00f3 los nombramientos de Diana P\u00e9rez Jauma y Luis Mart\u00edn Oroza como titulares de las Secretar\u00edas de Desarrollo Sustentable (SDS) y Desarrollo Rural (Seder), respectivamente, as\u00ed como de Juan Barea Canul como director del Sistema para el Desarrollo Integral de la Familia (DIF) Yucat\u00e1n, [&hellip;]<\/p>\n","protected":false},"author":3,"featured_media":101814,"comment_status":"closed","ping_status":"closed","sticky":false,"template":"","format":"standard","meta":{"footnotes":""},"categories":[3],"tags":[],"class_list":{"0":"post-101813","1":"post","2":"type-post","3":"status-publish","4":"format-standard","5":"has-post-thumbnail","7":"category-yucatan"},"yoast_head":"<!-- This site is optimized with the Yoast SEO plugin v27.5 - https:\/\/yoast.com\/product\/yoast-seo-wordpress\/ -->\n<title>Anuncia Gobierno del Estado cambios en el gabinete estatal - Yucat\u00e1n en corto<\/title>\n<meta name=\"robots\" content=\"index, follow, max-snippet:-1, max-image-preview:large, max-video-preview:-1\" \/>\n<link rel=\"canonical\" href=\"https:\/\/www.yucatanencorto.com\/noticias\/anuncia-gobierno-del-estado-cambios-en-el-gabinete-estatal\/\" \/>\n<meta property=\"og:locale\" content=\"es_ES\" \/>\n<meta property=\"og:type\" content=\"article\" \/>\n<meta property=\"og:title\" content=\"Anuncia Gobierno del Estado cambios en el gabinete estatal - Yucat\u00e1n en corto\" \/>\n<meta property=\"og:description\" content=\"M\u00e9rida, Yucat\u00e1n, 09 de enero de 2024.- El Gobierno del Estado anunci\u00f3 los nombramientos de Diana P\u00e9rez Jauma y Luis Mart\u00edn Oroza como titulares de las Secretar\u00edas de Desarrollo Sustentable (SDS) y Desarrollo Rural (Seder), respectivamente, as\u00ed como de Juan Barea Canul como director del Sistema para el Desarrollo Integral de la Familia (DIF) Yucat\u00e1n, [&hellip;]\" \/>\n<meta property=\"og:url\" content=\"https:\/\/www.yucatanencorto.com\/noticias\/anuncia-gobierno-del-estado-cambios-en-el-gabinete-estatal\/\" \/>\n<meta property=\"og:site_name\" content=\"Yucat\u00e1n en corto\" \/>\n<meta property=\"article:publisher\" content=\"http:\/\/www.facebook.com\/yucatanencorto\" \/>\n<meta property=\"article:published_time\" content=\"2024-01-10T01:40:44+00:00\" \/>\n<meta property=\"og:image\" content=\"https:\/\/www.yucatanencorto.com\/noticias\/wp-content\/uploads\/2024\/01\/IMG-20240109-WA0030-scaled.jpg\" \/>\n\t<meta property=\"og:image:width\" content=\"768\" \/>\n\t<meta property=\"og:image:height\" content=\"768\" \/>\n\t<meta property=\"og:image:type\" content=\"image\/jpeg\" \/>\n<meta name=\"author\" content=\"Redes\" \/>\n<meta name=\"twitter:card\" content=\"summary_large_image\" \/>\n<meta name=\"twitter:creator\" content=\"@yucatanencorto\" \/>\n<meta name=\"twitter:site\" content=\"@yucatanencorto\" \/>\n<meta name=\"twitter:label1\" content=\"Escrito por\" \/>\n\t<meta name=\"twitter:data1\" content=\"Redes\" \/>\n\t<meta name=\"twitter:label2\" content=\"Tiempo de lectura\" \/>\n\t<meta name=\"twitter:data2\" content=\"2 minutos\" \/>\n<script type=\"application\/ld+json\" class=\"yoast-schema-graph\">{\"@context\":\"https:\\\/\\\/schema.org\",\"@graph\":[{\"@type\":\"Article\",\"@id\":\"https:\\\/\\\/www.yucatanencorto.com\\\/noticias\\\/anuncia-gobierno-del-estado-cambios-en-el-gabinete-estatal\\\/#article\",\"isPartOf\":{\"@id\":\"https:\\\/\\\/www.yucatanencorto.com\\\/noticias\\\/anuncia-gobierno-del-estado-cambios-en-el-gabinete-estatal\\\/\"},\"author\":{\"name\":\"Redes\",\"@id\":\"https:\\\/\\\/www.yucatanencorto.com\\\/noticias\\\/#\\\/schema\\\/person\\\/e2fbdfaf30a07014a43940ce989f3119\"},\"headline\":\"Anuncia Gobierno del Estado cambios en el gabinete estatal\",\"datePublished\":\"2024-01-10T01:40:44+00:00\",\"mainEntityOfPage\":{\"@id\":\"https:\\\/\\\/www.yucatanencorto.com\\\/noticias\\\/anuncia-gobierno-del-estado-cambios-en-el-gabinete-estatal\\\/\"},\"wordCount\":394,\"image\":{\"@id\":\"https:\\\/\\\/www.yucatanencorto.com\\\/noticias\\\/anuncia-gobierno-del-estado-cambios-en-el-gabinete-estatal\\\/#primaryimage\"},\"thumbnailUrl\":\"https:\\\/\\\/www.yucatanencorto.com\\\/noticias\\\/wp-content\\\/uploads\\\/2024\\\/01\\\/IMG-20240109-WA0030-scaled.jpg\",\"articleSection\":[\"Yucat\u00e1n\"],\"inLanguage\":\"es\"},{\"@type\":\"WebPage\",\"@id\":\"https:\\\/\\\/www.yucatanencorto.com\\\/noticias\\\/anuncia-gobierno-del-estado-cambios-en-el-gabinete-estatal\\\/\",\"url\":\"https:\\\/\\\/www.yucatanencorto.com\\\/noticias\\\/anuncia-gobierno-del-estado-cambios-en-el-gabinete-estatal\\\/\",\"name\":\"Anuncia Gobierno del Estado cambios en el gabinete estatal - Yucat\u00e1n en corto\",\"isPartOf\":{\"@id\":\"https:\\\/\\\/www.yucatanencorto.com\\\/noticias\\\/#website\"},\"primaryImageOfPage\":{\"@id\":\"https:\\\/\\\/www.yucatanencorto.com\\\/noticias\\\/anuncia-gobierno-del-estado-cambios-en-el-gabinete-estatal\\\/#primaryimage\"},\"image\":{\"@id\":\"https:\\\/\\\/www.yucatanencorto.com\\\/noticias\\\/anuncia-gobierno-del-estado-cambios-en-el-gabinete-estatal\\\/#primaryimage\"},\"thumbnailUrl\":\"https:\\\/\\\/www.yucatanencorto.com\\\/noticias\\\/wp-content\\\/uploads\\\/2024\\\/01\\\/IMG-20240109-WA0030-scaled.jpg\",\"datePublished\":\"2024-01-10T01:40:44+00:00\",\"author\":{\"@id\":\"https:\\\/\\\/www.yucatanencorto.com\\\/noticias\\\/#\\\/schema\\\/person\\\/e2fbdfaf30a07014a43940ce989f3119\"},\"breadcrumb\":{\"@id\":\"https:\\\/\\\/www.yucatanencorto.com\\\/noticias\\\/anuncia-gobierno-del-estado-cambios-en-el-gabinete-estatal\\\/#breadcrumb\"},\"inLanguage\":\"es\",\"potentialAction\":[{\"@type\":\"ReadAction\",\"target\":[\"https:\\\/\\\/www.yucatanencorto.com\\\/noticias\\\/anuncia-gobierno-del-estado-cambios-en-el-gabinete-estatal\\\/\"]}]},{\"@type\":\"ImageObject\",\"inLanguage\":\"es\",\"@id\":\"https:\\\/\\\/www.yucatanencorto.com\\\/noticias\\\/anuncia-gobierno-del-estado-cambios-en-el-gabinete-estatal\\\/#primaryimage\",\"url\":\"https:\\\/\\\/www.yucatanencorto.com\\\/noticias\\\/wp-content\\\/uploads\\\/2024\\\/01\\\/IMG-20240109-WA0030-scaled.jpg\",\"contentUrl\":\"https:\\\/\\\/www.yucatanencorto.com\\\/noticias\\\/wp-content\\\/uploads\\\/2024\\\/01\\\/IMG-20240109-WA0030-scaled.jpg\",\"width\":768,\"height\":768},{\"@type\":\"BreadcrumbList\",\"@id\":\"https:\\\/\\\/www.yucatanencorto.com\\\/noticias\\\/anuncia-gobierno-del-estado-cambios-en-el-gabinete-estatal\\\/#breadcrumb\",\"itemListElement\":[{\"@type\":\"ListItem\",\"position\":1,\"name\":\"Portada\",\"item\":\"https:\\\/\\\/www.yucatanencorto.com\\\/noticias\\\/\"},{\"@type\":\"ListItem\",\"position\":2,\"name\":\"Anuncia Gobierno del Estado cambios en el gabinete estatal\"}]},{\"@type\":\"WebSite\",\"@id\":\"https:\\\/\\\/www.yucatanencorto.com\\\/noticias\\\/#website\",\"url\":\"https:\\\/\\\/www.yucatanencorto.com\\\/noticias\\\/\",\"name\":\"Yucat\u00e1n en corto\",\"description\":\"Noticias\",\"potentialAction\":[{\"@type\":\"SearchAction\",\"target\":{\"@type\":\"EntryPoint\",\"urlTemplate\":\"https:\\\/\\\/www.yucatanencorto.com\\\/noticias\\\/?s={search_term_string}\"},\"query-input\":{\"@type\":\"PropertyValueSpecification\",\"valueRequired\":true,\"valueName\":\"search_term_string\"}}],\"inLanguage\":\"es\"},{\"@type\":\"Person\",\"@id\":\"https:\\\/\\\/www.yucatanencorto.com\\\/noticias\\\/#\\\/schema\\\/person\\\/e2fbdfaf30a07014a43940ce989f3119\",\"name\":\"Redes\",\"image\":{\"@type\":\"ImageObject\",\"inLanguage\":\"es\",\"@id\":\"https:\\\/\\\/secure.gravatar.com\\\/avatar\\\/5931a2d21dd7cc834f44c8c34fe56d90ed6d536ef452cbf870c7485b524dddd7?s=96&d=mm&r=g\",\"url\":\"https:\\\/\\\/secure.gravatar.com\\\/avatar\\\/5931a2d21dd7cc834f44c8c34fe56d90ed6d536ef452cbf870c7485b524dddd7?s=96&d=mm&r=g\",\"contentUrl\":\"https:\\\/\\\/secure.gravatar.com\\\/avatar\\\/5931a2d21dd7cc834f44c8c34fe56d90ed6d536ef452cbf870c7485b524dddd7?s=96&d=mm&r=g\",\"caption\":\"Redes\"},\"url\":\"https:\\\/\\\/www.yucatanencorto.com\\\/noticias\\\/author\\\/redes\\\/\"}]}<\/script>\n<!-- \/ Yoast SEO plugin. -->","yoast_head_json":{"title":"Anuncia Gobierno del Estado cambios en el gabinete estatal - Yucat\u00e1n en corto","robots":{"index":"index","follow":"follow","max-snippet":"max-snippet:-1","max-image-preview":"max-image-preview:large","max-video-preview":"max-video-preview:-1"},"canonical":"https:\/\/www.yucatanencorto.com\/noticias\/anuncia-gobierno-del-estado-cambios-en-el-gabinete-estatal\/","og_locale":"es_ES","og_type":"article","og_title":"Anuncia Gobierno del Estado cambios en el gabinete estatal - Yucat\u00e1n en corto","og_description":"M\u00e9rida, Yucat\u00e1n, 09 de enero de 2024.- El Gobierno del Estado anunci\u00f3 los nombramientos de Diana P\u00e9rez Jauma y Luis Mart\u00edn Oroza como titulares de las Secretar\u00edas de Desarrollo Sustentable (SDS) y Desarrollo Rural (Seder), respectivamente, as\u00ed como de Juan Barea Canul como director del Sistema para el Desarrollo Integral de la Familia (DIF) Yucat\u00e1n, [&hellip;]","og_url":"https:\/\/www.yucatanencorto.com\/noticias\/anuncia-gobierno-del-estado-cambios-en-el-gabinete-estatal\/","og_site_name":"Yucat\u00e1n en corto","article_publisher":"http:\/\/www.facebook.com\/yucatanencorto","article_published_time":"2024-01-10T01:40:44+00:00","og_image":[{"width":768,"height":768,"url":"https:\/\/www.yucatanencorto.com\/noticias\/wp-content\/uploads\/2024\/01\/IMG-20240109-WA0030-scaled.jpg","type":"image\/jpeg"}],"author":"Redes","twitter_card":"summary_large_image","twitter_creator":"@yucatanencorto","twitter_site":"@yucatanencorto","twitter_misc":{"Escrito por":"Redes","Tiempo de lectura":"2 minutos"},"schema":{"@context":"https:\/\/schema.org","@graph":[{"@type":"Article","@id":"https:\/\/www.yucatanencorto.com\/noticias\/anuncia-gobierno-del-estado-cambios-en-el-gabinete-estatal\/#article","isPartOf":{"@id":"https:\/\/www.yucatanencorto.com\/noticias\/anuncia-gobierno-del-estado-cambios-en-el-gabinete-estatal\/"},"author":{"name":"Redes","@id":"https:\/\/www.yucatanencorto.com\/noticias\/#\/schema\/person\/e2fbdfaf30a07014a43940ce989f3119"},"headline":"Anuncia Gobierno del Estado cambios en el gabinete estatal","datePublished":"2024-01-10T01:40:44+00:00","mainEntityOfPage":{"@id":"https:\/\/www.yucatanencorto.com\/noticias\/anuncia-gobierno-del-estado-cambios-en-el-gabinete-estatal\/"},"wordCount":394,"image":{"@id":"https:\/\/www.yucatanencorto.com\/noticias\/anuncia-gobierno-del-estado-cambios-en-el-gabinete-estatal\/#primaryimage"},"thumbnailUrl":"https:\/\/www.yucatanencorto.com\/noticias\/wp-content\/uploads\/2024\/01\/IMG-20240109-WA0030-scaled.jpg","articleSection":["Yucat\u00e1n"],"inLanguage":"es"},{"@type":"WebPage","@id":"https:\/\/www.yucatanencorto.com\/noticias\/anuncia-gobierno-del-estado-cambios-en-el-gabinete-estatal\/","url":"https:\/\/www.yucatanencorto.com\/noticias\/anuncia-gobierno-del-estado-cambios-en-el-gabinete-estatal\/","name":"Anuncia Gobierno del Estado cambios en el gabinete estatal - Yucat\u00e1n en corto","isPartOf":{"@id":"https:\/\/www.yucatanencorto.com\/noticias\/#website"},"primaryImageOfPage":{"@id":"https:\/\/www.yucatanencorto.com\/noticias\/anuncia-gobierno-del-estado-cambios-en-el-gabinete-estatal\/#primaryimage"},"image":{"@id":"https:\/\/www.yucatanencorto.com\/noticias\/anuncia-gobierno-del-estado-cambios-en-el-gabinete-estatal\/#primaryimage"},"thumbnailUrl":"https:\/\/www.yucatanencorto.com\/noticias\/wp-content\/uploads\/2024\/01\/IMG-20240109-WA0030-scaled.jpg","datePublished":"2024-01-10T01:40:44+00:00","author":{"@id":"https:\/\/www.yucatanencorto.com\/noticias\/#\/schema\/person\/e2fbdfaf30a07014a43940ce989f3119"},"breadcrumb":{"@id":"https:\/\/www.yucatanencorto.com\/noticias\/anuncia-gobierno-del-estado-cambios-en-el-gabinete-estatal\/#breadcrumb"},"inLanguage":"es","potentialAction":[{"@type":"ReadAction","target":["https:\/\/www.yucatanencorto.com\/noticias\/anuncia-gobierno-del-estado-cambios-en-el-gabinete-estatal\/"]}]},{"@type":"ImageObject","inLanguage":"es","@id":"https:\/\/www.yucatanencorto.com\/noticias\/anuncia-gobierno-del-estado-cambios-en-el-gabinete-estatal\/#primaryimage","url":"https:\/\/www.yucatanencorto.com\/noticias\/wp-content\/uploads\/2024\/01\/IMG-20240109-WA0030-scaled.jpg","contentUrl":"https:\/\/www.yucatanencorto.com\/noticias\/wp-content\/uploads\/2024\/01\/IMG-20240109-WA0030-scaled.jpg","width":768,"height":768},{"@type":"BreadcrumbList","@id":"https:\/\/www.yucatanencorto.com\/noticias\/anuncia-gobierno-del-estado-cambios-en-el-gabinete-estatal\/#breadcrumb","itemListElement":[{"@type":"ListItem","position":1,"name":"Portada","item":"https:\/\/www.yucatanencorto.com\/noticias\/"},{"@type":"ListItem","position":2,"name":"Anuncia Gobierno del Estado cambios en el gabinete estatal"}]},{"@type":"WebSite","@id":"https:\/\/www.yucatanencorto.com\/noticias\/#website","url":"https:\/\/www.yucatanencorto.com\/noticias\/","name":"Yucat\u00e1n en corto","description":"Noticias","potentialAction":[{"@type":"SearchAction","target":{"@type":"EntryPoint","urlTemplate":"https:\/\/www.yucatanencorto.com\/noticias\/?s={search_term_string}"},"query-input":{"@type":"PropertyValueSpecification","valueRequired":true,"valueName":"search_term_string"}}],"inLanguage":"es"},{"@type":"Person","@id":"https:\/\/www.yucatanencorto.com\/noticias\/#\/schema\/person\/e2fbdfaf30a07014a43940ce989f3119","name":"Redes","image":{"@type":"ImageObject","inLanguage":"es","@id":"https:\/\/secure.gravatar.com\/avatar\/5931a2d21dd7cc834f44c8c34fe56d90ed6d536ef452cbf870c7485b524dddd7?s=96&d=mm&r=g","url":"https:\/\/secure.gravatar.com\/avatar\/5931a2d21dd7cc834f44c8c34fe56d90ed6d536ef452cbf870c7485b524dddd7?s=96&d=mm&r=g","contentUrl":"https:\/\/secure.gravatar.com\/avatar\/5931a2d21dd7cc834f44c8c34fe56d90ed6d536ef452cbf870c7485b524dddd7?s=96&d=mm&r=g","caption":"Redes"},"url":"https:\/\/www.yucatanencorto.com\/noticias\/author\/redes\/"}]}},"_links":{"self":[{"href":"https:\/\/www.yucatanencorto.com\/noticias\/wp-json\/wp\/v2\/posts\/101813","targetHints":{"allow":["GET"]}}],"collection":[{"href":"https:\/\/www.yucatanencorto.com\/noticias\/wp-json\/wp\/v2\/posts"}],"about":[{"href":"https:\/\/www.yucatanencorto.com\/noticias\/wp-json\/wp\/v2\/types\/post"}],"author":[{"embeddable":true,"href":"https:\/\/www.yucatanencorto.com\/noticias\/wp-json\/wp\/v2\/users\/3"}],"replies":[{"embeddable":true,"href":"https:\/\/www.yucatanencorto.com\/noticias\/wp-json\/wp\/v2\/comments?post=101813"}],"version-history":[{"count":0,"href":"https:\/\/www.yucatanencorto.com\/noticias\/wp-json\/wp\/v2\/posts\/101813\/revisions"}],"wp:featuredmedia":[{"embeddable":true,"href":"https:\/\/www.yucatanencorto.com\/noticias\/wp-json\/wp\/v2\/media\/101814"}],"wp:attachment":[{"href":"https:\/\/www.yucatanencorto.com\/noticias\/wp-json\/wp\/v2\/media?parent=101813"}],"wp:term":[{"taxonomy":"category","embeddable":true,"href":"https:\/\/www.yucatanencorto.com\/noticias\/wp-json\/wp\/v2\/categories?post=101813"},{"taxonomy":"post_tag","embeddable":true,"href":"https:\/\/www.yucatanencorto.com\/noticias\/wp-json\/wp\/v2\/tags?post=101813"}],"curies":[{"name":"wp","href":"https:\/\/api.w.org\/{rel}","templated":true}]}}