{"id":101817,"date":"2024-01-10T16:39:33","date_gmt":"2024-01-10T22:39:33","guid":{"rendered":"https:\/\/www.yucatanencorto.com\/noticias\/?p=101817"},"modified":"2024-01-10T16:39:33","modified_gmt":"2024-01-10T22:39:33","slug":"protegen-a-las-familias-mas-vulnerables-del-municipio","status":"publish","type":"post","link":"https:\/\/www.yucatanencorto.com\/noticias\/protegen-a-las-familias-mas-vulnerables-del-municipio\/","title":{"rendered":"Protegen a las familias m\u00e1s vulnerables del Municipio"},"content":{"rendered":"<p style=\"padding-left: 40px;\"><img loading=\"lazy\" decoding=\"async\" class=\"alignnone size-full wp-image-101818 alignright\" src=\"https:\/\/www.yucatanencorto.com\/noticias\/wp-content\/uploads\/2024\/01\/IMG-20240110-WA0004-scaled.jpg\" alt=\"\" width=\"768\" height=\"512\" srcset=\"https:\/\/www.yucatanencorto.com\/noticias\/wp-content\/uploads\/2024\/01\/IMG-20240110-WA0004-scaled.jpg 768w, https:\/\/www.yucatanencorto.com\/noticias\/wp-content\/uploads\/2024\/01\/IMG-20240110-WA0004-150x100.jpg 150w, https:\/\/www.yucatanencorto.com\/noticias\/wp-content\/uploads\/2024\/01\/IMG-20240110-WA0004-300x200.jpg 300w, https:\/\/www.yucatanencorto.com\/noticias\/wp-content\/uploads\/2024\/01\/IMG-20240110-WA0004-696x464.jpg 696w, https:\/\/www.yucatanencorto.com\/noticias\/wp-content\/uploads\/2024\/01\/IMG-20240110-WA0004-1068x712.jpg 1068w\" sizes=\"auto, (max-width: 768px) 100vw, 768px\" \/><\/p>\n<p style=\"padding-left: 40px;\">M\u00e9rida, Yucat\u00e1n, 10 enero de 2024.- En la entrega de acciones de vivienda digna y vialidades a las familias m\u00e1s vulnerables de M\u00e9rida, el Alcalde Alejandro Ruz Castro asegur\u00f3 que en Yucat\u00e1n crecemos parejo al brindar seguridad patrimonial e incrementar las oportunidades de desarrollo para todas y todos.<\/p>\n<p style=\"padding-left: 40px;\">En la entrega de acciones de vivienda y la construcci\u00f3n de 4,760.78 metros cuadrados de calle en la colonia Dzununc\u00e1n, Ruz Castro inform\u00f3 que en la zona se han efectuado 416 acciones de vivienda, de las cuales 393 ya concluyeron y 23 m\u00e1s est\u00e1n en proceso, que representan una inversi\u00f3n de 48 millones 757 mil 685.52 pesos.<\/p>\n<p style=\"padding-left: 40px;\">\u201cSabemos que la vivienda es uno de los anhelos m\u00e1s importantes para las familias de M\u00e9rida, por ese motivo, lo complementamos con obras y servicios p\u00fablicos, como la calle que hoy entregamos, que les permite una movilidad m\u00e1s segura y el acceso de vigilancia policial y servicios de emergencia\u201d, expres\u00f3.<\/p>\n<p style=\"padding-left: 40px;\">Destac\u00f3 que el Ayuntamiento contribuye al crecimiento parejo de Yucat\u00e1n al priorizar el uso de los recursos para atender las necesidades m\u00e1s apremiantes de la ciudadan\u00eda, aplicando de manera eficiente el presupuesto en acciones destinadas a cuidar a las familias.<\/p>\n<p style=\"padding-left: 40px;\">Acompa\u00f1ado de las y los vecinos de la colonia Dzununc\u00e1n, el Alcalde puntualiz\u00f3 que: \u201cla entrega de estas viviendas nos permite, como Ayuntamiento, garantizar el crecimiento parejo de M\u00e9rida y de Yucat\u00e1n, tambi\u00e9n nos da la oportunidad de brindar un techo seguro a las familias\u201d.<\/p>\n<p style=\"padding-left: 40px;\">Adem\u00e1s, agradeci\u00f3 a las y los vecinos por su confianza y participaci\u00f3n con la autoridad municipal, porque las obras se transforman en bien com\u00fan cuando son resultado de un consenso ciudadano, adem\u00e1s que atienden las necesidades b\u00e1sicas la vivienda digna, servicios b\u00e1sicos y vialidades eficientes.<\/p>\n<p style=\"padding-left: 40px;\">Asimismo, destac\u00f3 que esta labor constante de los \u00faltimos a\u00f1os permiti\u00f3 a M\u00e9rida ser la \u00fanica ciudad del pa\u00eds que registr\u00f3 una reducci\u00f3n de la pobreza en un 9 por ciento durante 2010 y 2020, de acuerdo con la informaci\u00f3n del Consejo Nacional de Evaluaci\u00f3n de Pol\u00edticas de Desarrollo Social (CONEVAL).<\/p>\n<p style=\"padding-left: 40px;\">Por su parte, Wilbert Medina Peralta, subdirector de Obras e Infraestructura, detall\u00f3 que las obras en la colonia continuar\u00e1n en el corto plazo, las cuales contemplan la construcci\u00f3n de banquetas y sistemas de drenaje pluvial.<\/p>\n<p style=\"padding-left: 40px;\">Sobre las viviendas entregadas este d\u00eda, Medina Peralta precis\u00f3 que incluyeron dormitorio y un ba\u00f1o, adem\u00e1s que se construyeron 4, 760.78 metros cuadrados de calles con una inversi\u00f3n de 2 millones 561 mil 852.83 pesos.<\/p>\n<p style=\"padding-left: 40px;\">Margarita Cach\u00f3n Casta\u00f1eda, integrante del Comit\u00e9 de Participaci\u00f3n Ciudadana de la colonia, se\u00f1al\u00f3 que las y los vecinos que solicitaron al Ayuntamiento estas obras: \u201cagradecemos mucho el apoyo del Alcalde, porque antes la calle se inundaba y por su mal estado no permit\u00eda el acceso de ambulancias y de las patrullas de polic\u00eda. Pero ahora, todo quedo muy bien y todos salimos beneficiados\u201d.<\/p>\n<p style=\"padding-left: 40px;\">De igual manera, acot\u00f3 que gracias al apoyo que brind\u00f3 el Alcalde, m\u00e1s familias tienen una vivienda digna, porque antes viv\u00edan en casas de cart\u00f3n sin acceso a servicios b\u00e1sicos.<\/p>\n<p style=\"padding-left: 40px;\">En ese sentido, Rosa Mar\u00eda Chabl\u00e9 Pech, beneficiaria de acci\u00f3n de vivienda, agradeci\u00f3 al Alcalde por la construcci\u00f3n de un cuarto para ba\u00f1o y cuarto dormitorio, porque ahora su familia no estar\u00e1 expuesta a las inclemencias del tiempo, como el fr\u00edo o la lluvia: \u201cpara mi significa mucho el tener esta casita, no s\u00f3lo porque mi familia est\u00e1 m\u00e1s segura y protegida, sino porque yo s\u00e9 que ahora mis hijos tienen un patrimonio\u201d.<\/p>\n<p style=\"padding-left: 40px; text-align: left;\">Finalmente, acompa\u00f1aron al Alcalde, el Secretario Municipal, Julio Sauma Castillo; el director de Servicios P\u00fablicos Municipales, Jos\u00e9 Collado Soberanis y la subdirectora de Infraestructura Social, Sandra Zapata Moo<\/p>\n","protected":false},"excerpt":{"rendered":"<p>M\u00e9rida, Yucat\u00e1n, 10 enero de 2024.- En la entrega de acciones de vivienda digna y vialidades a las familias m\u00e1s vulnerables de M\u00e9rida, el Alcalde Alejandro Ruz Castro asegur\u00f3 que en Yucat\u00e1n crecemos parejo al brindar seguridad patrimonial e incrementar las oportunidades de desarrollo para todas y todos. En la entrega de acciones de vivienda [&hellip;]<\/p>\n","protected":false},"author":3,"featured_media":101818,"comment_status":"closed","ping_status":"closed","sticky":false,"template":"","format":"standard","meta":{"footnotes":""},"categories":[3],"tags":[],"class_list":{"0":"post-101817","1":"post","2":"type-post","3":"status-publish","4":"format-standard","5":"has-post-thumbnail","7":"category-yucatan"},"yoast_head":"<!-- This site is optimized with the Yoast SEO plugin v27.5 - https:\/\/yoast.com\/product\/yoast-seo-wordpress\/ -->\n<title>Protegen a las familias m\u00e1s vulnerables del Municipio - Yucat\u00e1n en corto<\/title>\n<meta name=\"robots\" content=\"index, follow, max-snippet:-1, max-image-preview:large, max-video-preview:-1\" \/>\n<link rel=\"canonical\" href=\"https:\/\/www.yucatanencorto.com\/noticias\/protegen-a-las-familias-mas-vulnerables-del-municipio\/\" \/>\n<meta property=\"og:locale\" content=\"es_ES\" \/>\n<meta property=\"og:type\" content=\"article\" \/>\n<meta property=\"og:title\" content=\"Protegen a las familias m\u00e1s vulnerables del Municipio - Yucat\u00e1n en corto\" \/>\n<meta property=\"og:description\" content=\"M\u00e9rida, Yucat\u00e1n, 10 enero de 2024.- En la entrega de acciones de vivienda digna y vialidades a las familias m\u00e1s vulnerables de M\u00e9rida, el Alcalde Alejandro Ruz Castro asegur\u00f3 que en Yucat\u00e1n crecemos parejo al brindar seguridad patrimonial e incrementar las oportunidades de desarrollo para todas y todos. En la entrega de acciones de vivienda [&hellip;]\" \/>\n<meta property=\"og:url\" content=\"https:\/\/www.yucatanencorto.com\/noticias\/protegen-a-las-familias-mas-vulnerables-del-municipio\/\" \/>\n<meta property=\"og:site_name\" content=\"Yucat\u00e1n en corto\" \/>\n<meta property=\"article:publisher\" content=\"http:\/\/www.facebook.com\/yucatanencorto\" \/>\n<meta property=\"article:published_time\" content=\"2024-01-10T22:39:33+00:00\" \/>\n<meta property=\"og:image\" content=\"https:\/\/www.yucatanencorto.com\/noticias\/wp-content\/uploads\/2024\/01\/IMG-20240110-WA0004-scaled.jpg\" \/>\n\t<meta property=\"og:image:width\" content=\"768\" \/>\n\t<meta property=\"og:image:height\" content=\"512\" \/>\n\t<meta property=\"og:image:type\" content=\"image\/jpeg\" \/>\n<meta name=\"author\" content=\"Redes\" \/>\n<meta name=\"twitter:card\" content=\"summary_large_image\" \/>\n<meta name=\"twitter:creator\" content=\"@yucatanencorto\" \/>\n<meta name=\"twitter:site\" content=\"@yucatanencorto\" \/>\n<meta name=\"twitter:label1\" content=\"Escrito por\" \/>\n\t<meta name=\"twitter:data1\" content=\"Redes\" \/>\n\t<meta name=\"twitter:label2\" content=\"Tiempo de lectura\" \/>\n\t<meta name=\"twitter:data2\" content=\"3 minutos\" \/>\n<script type=\"application\/ld+json\" class=\"yoast-schema-graph\">{\"@context\":\"https:\\\/\\\/schema.org\",\"@graph\":[{\"@type\":\"Article\",\"@id\":\"https:\\\/\\\/www.yucatanencorto.com\\\/noticias\\\/protegen-a-las-familias-mas-vulnerables-del-municipio\\\/#article\",\"isPartOf\":{\"@id\":\"https:\\\/\\\/www.yucatanencorto.com\\\/noticias\\\/protegen-a-las-familias-mas-vulnerables-del-municipio\\\/\"},\"author\":{\"name\":\"Redes\",\"@id\":\"https:\\\/\\\/www.yucatanencorto.com\\\/noticias\\\/#\\\/schema\\\/person\\\/e2fbdfaf30a07014a43940ce989f3119\"},\"headline\":\"Protegen a las familias m\u00e1s vulnerables del Municipio\",\"datePublished\":\"2024-01-10T22:39:33+00:00\",\"mainEntityOfPage\":{\"@id\":\"https:\\\/\\\/www.yucatanencorto.com\\\/noticias\\\/protegen-a-las-familias-mas-vulnerables-del-municipio\\\/\"},\"wordCount\":653,\"image\":{\"@id\":\"https:\\\/\\\/www.yucatanencorto.com\\\/noticias\\\/protegen-a-las-familias-mas-vulnerables-del-municipio\\\/#primaryimage\"},\"thumbnailUrl\":\"https:\\\/\\\/www.yucatanencorto.com\\\/noticias\\\/wp-content\\\/uploads\\\/2024\\\/01\\\/IMG-20240110-WA0004-scaled.jpg\",\"articleSection\":[\"Yucat\u00e1n\"],\"inLanguage\":\"es\"},{\"@type\":\"WebPage\",\"@id\":\"https:\\\/\\\/www.yucatanencorto.com\\\/noticias\\\/protegen-a-las-familias-mas-vulnerables-del-municipio\\\/\",\"url\":\"https:\\\/\\\/www.yucatanencorto.com\\\/noticias\\\/protegen-a-las-familias-mas-vulnerables-del-municipio\\\/\",\"name\":\"Protegen a las familias m\u00e1s vulnerables del Municipio - Yucat\u00e1n en corto\",\"isPartOf\":{\"@id\":\"https:\\\/\\\/www.yucatanencorto.com\\\/noticias\\\/#website\"},\"primaryImageOfPage\":{\"@id\":\"https:\\\/\\\/www.yucatanencorto.com\\\/noticias\\\/protegen-a-las-familias-mas-vulnerables-del-municipio\\\/#primaryimage\"},\"image\":{\"@id\":\"https:\\\/\\\/www.yucatanencorto.com\\\/noticias\\\/protegen-a-las-familias-mas-vulnerables-del-municipio\\\/#primaryimage\"},\"thumbnailUrl\":\"https:\\\/\\\/www.yucatanencorto.com\\\/noticias\\\/wp-content\\\/uploads\\\/2024\\\/01\\\/IMG-20240110-WA0004-scaled.jpg\",\"datePublished\":\"2024-01-10T22:39:33+00:00\",\"author\":{\"@id\":\"https:\\\/\\\/www.yucatanencorto.com\\\/noticias\\\/#\\\/schema\\\/person\\\/e2fbdfaf30a07014a43940ce989f3119\"},\"breadcrumb\":{\"@id\":\"https:\\\/\\\/www.yucatanencorto.com\\\/noticias\\\/protegen-a-las-familias-mas-vulnerables-del-municipio\\\/#breadcrumb\"},\"inLanguage\":\"es\",\"potentialAction\":[{\"@type\":\"ReadAction\",\"target\":[\"https:\\\/\\\/www.yucatanencorto.com\\\/noticias\\\/protegen-a-las-familias-mas-vulnerables-del-municipio\\\/\"]}]},{\"@type\":\"ImageObject\",\"inLanguage\":\"es\",\"@id\":\"https:\\\/\\\/www.yucatanencorto.com\\\/noticias\\\/protegen-a-las-familias-mas-vulnerables-del-municipio\\\/#primaryimage\",\"url\":\"https:\\\/\\\/www.yucatanencorto.com\\\/noticias\\\/wp-content\\\/uploads\\\/2024\\\/01\\\/IMG-20240110-WA0004-scaled.jpg\",\"contentUrl\":\"https:\\\/\\\/www.yucatanencorto.com\\\/noticias\\\/wp-content\\\/uploads\\\/2024\\\/01\\\/IMG-20240110-WA0004-scaled.jpg\",\"width\":768,\"height\":512},{\"@type\":\"BreadcrumbList\",\"@id\":\"https:\\\/\\\/www.yucatanencorto.com\\\/noticias\\\/protegen-a-las-familias-mas-vulnerables-del-municipio\\\/#breadcrumb\",\"itemListElement\":[{\"@type\":\"ListItem\",\"position\":1,\"name\":\"Portada\",\"item\":\"https:\\\/\\\/www.yucatanencorto.com\\\/noticias\\\/\"},{\"@type\":\"ListItem\",\"position\":2,\"name\":\"Protegen a las familias m\u00e1s vulnerables del Municipio\"}]},{\"@type\":\"WebSite\",\"@id\":\"https:\\\/\\\/www.yucatanencorto.com\\\/noticias\\\/#website\",\"url\":\"https:\\\/\\\/www.yucatanencorto.com\\\/noticias\\\/\",\"name\":\"Yucat\u00e1n en corto\",\"description\":\"Noticias\",\"potentialAction\":[{\"@type\":\"SearchAction\",\"target\":{\"@type\":\"EntryPoint\",\"urlTemplate\":\"https:\\\/\\\/www.yucatanencorto.com\\\/noticias\\\/?s={search_term_string}\"},\"query-input\":{\"@type\":\"PropertyValueSpecification\",\"valueRequired\":true,\"valueName\":\"search_term_string\"}}],\"inLanguage\":\"es\"},{\"@type\":\"Person\",\"@id\":\"https:\\\/\\\/www.yucatanencorto.com\\\/noticias\\\/#\\\/schema\\\/person\\\/e2fbdfaf30a07014a43940ce989f3119\",\"name\":\"Redes\",\"image\":{\"@type\":\"ImageObject\",\"inLanguage\":\"es\",\"@id\":\"https:\\\/\\\/secure.gravatar.com\\\/avatar\\\/5931a2d21dd7cc834f44c8c34fe56d90ed6d536ef452cbf870c7485b524dddd7?s=96&d=mm&r=g\",\"url\":\"https:\\\/\\\/secure.gravatar.com\\\/avatar\\\/5931a2d21dd7cc834f44c8c34fe56d90ed6d536ef452cbf870c7485b524dddd7?s=96&d=mm&r=g\",\"contentUrl\":\"https:\\\/\\\/secure.gravatar.com\\\/avatar\\\/5931a2d21dd7cc834f44c8c34fe56d90ed6d536ef452cbf870c7485b524dddd7?s=96&d=mm&r=g\",\"caption\":\"Redes\"},\"url\":\"https:\\\/\\\/www.yucatanencorto.com\\\/noticias\\\/author\\\/redes\\\/\"}]}<\/script>\n<!-- \/ Yoast SEO plugin. -->","yoast_head_json":{"title":"Protegen a las familias m\u00e1s vulnerables del Municipio - Yucat\u00e1n en corto","robots":{"index":"index","follow":"follow","max-snippet":"max-snippet:-1","max-image-preview":"max-image-preview:large","max-video-preview":"max-video-preview:-1"},"canonical":"https:\/\/www.yucatanencorto.com\/noticias\/protegen-a-las-familias-mas-vulnerables-del-municipio\/","og_locale":"es_ES","og_type":"article","og_title":"Protegen a las familias m\u00e1s vulnerables del Municipio - Yucat\u00e1n en corto","og_description":"M\u00e9rida, Yucat\u00e1n, 10 enero de 2024.- En la entrega de acciones de vivienda digna y vialidades a las familias m\u00e1s vulnerables de M\u00e9rida, el Alcalde Alejandro Ruz Castro asegur\u00f3 que en Yucat\u00e1n crecemos parejo al brindar seguridad patrimonial e incrementar las oportunidades de desarrollo para todas y todos. En la entrega de acciones de vivienda [&hellip;]","og_url":"https:\/\/www.yucatanencorto.com\/noticias\/protegen-a-las-familias-mas-vulnerables-del-municipio\/","og_site_name":"Yucat\u00e1n en corto","article_publisher":"http:\/\/www.facebook.com\/yucatanencorto","article_published_time":"2024-01-10T22:39:33+00:00","og_image":[{"width":768,"height":512,"url":"https:\/\/www.yucatanencorto.com\/noticias\/wp-content\/uploads\/2024\/01\/IMG-20240110-WA0004-scaled.jpg","type":"image\/jpeg"}],"author":"Redes","twitter_card":"summary_large_image","twitter_creator":"@yucatanencorto","twitter_site":"@yucatanencorto","twitter_misc":{"Escrito por":"Redes","Tiempo de lectura":"3 minutos"},"schema":{"@context":"https:\/\/schema.org","@graph":[{"@type":"Article","@id":"https:\/\/www.yucatanencorto.com\/noticias\/protegen-a-las-familias-mas-vulnerables-del-municipio\/#article","isPartOf":{"@id":"https:\/\/www.yucatanencorto.com\/noticias\/protegen-a-las-familias-mas-vulnerables-del-municipio\/"},"author":{"name":"Redes","@id":"https:\/\/www.yucatanencorto.com\/noticias\/#\/schema\/person\/e2fbdfaf30a07014a43940ce989f3119"},"headline":"Protegen a las familias m\u00e1s vulnerables del Municipio","datePublished":"2024-01-10T22:39:33+00:00","mainEntityOfPage":{"@id":"https:\/\/www.yucatanencorto.com\/noticias\/protegen-a-las-familias-mas-vulnerables-del-municipio\/"},"wordCount":653,"image":{"@id":"https:\/\/www.yucatanencorto.com\/noticias\/protegen-a-las-familias-mas-vulnerables-del-municipio\/#primaryimage"},"thumbnailUrl":"https:\/\/www.yucatanencorto.com\/noticias\/wp-content\/uploads\/2024\/01\/IMG-20240110-WA0004-scaled.jpg","articleSection":["Yucat\u00e1n"],"inLanguage":"es"},{"@type":"WebPage","@id":"https:\/\/www.yucatanencorto.com\/noticias\/protegen-a-las-familias-mas-vulnerables-del-municipio\/","url":"https:\/\/www.yucatanencorto.com\/noticias\/protegen-a-las-familias-mas-vulnerables-del-municipio\/","name":"Protegen a las familias m\u00e1s vulnerables del Municipio - Yucat\u00e1n en corto","isPartOf":{"@id":"https:\/\/www.yucatanencorto.com\/noticias\/#website"},"primaryImageOfPage":{"@id":"https:\/\/www.yucatanencorto.com\/noticias\/protegen-a-las-familias-mas-vulnerables-del-municipio\/#primaryimage"},"image":{"@id":"https:\/\/www.yucatanencorto.com\/noticias\/protegen-a-las-familias-mas-vulnerables-del-municipio\/#primaryimage"},"thumbnailUrl":"https:\/\/www.yucatanencorto.com\/noticias\/wp-content\/uploads\/2024\/01\/IMG-20240110-WA0004-scaled.jpg","datePublished":"2024-01-10T22:39:33+00:00","author":{"@id":"https:\/\/www.yucatanencorto.com\/noticias\/#\/schema\/person\/e2fbdfaf30a07014a43940ce989f3119"},"breadcrumb":{"@id":"https:\/\/www.yucatanencorto.com\/noticias\/protegen-a-las-familias-mas-vulnerables-del-municipio\/#breadcrumb"},"inLanguage":"es","potentialAction":[{"@type":"ReadAction","target":["https:\/\/www.yucatanencorto.com\/noticias\/protegen-a-las-familias-mas-vulnerables-del-municipio\/"]}]},{"@type":"ImageObject","inLanguage":"es","@id":"https:\/\/www.yucatanencorto.com\/noticias\/protegen-a-las-familias-mas-vulnerables-del-municipio\/#primaryimage","url":"https:\/\/www.yucatanencorto.com\/noticias\/wp-content\/uploads\/2024\/01\/IMG-20240110-WA0004-scaled.jpg","contentUrl":"https:\/\/www.yucatanencorto.com\/noticias\/wp-content\/uploads\/2024\/01\/IMG-20240110-WA0004-scaled.jpg","width":768,"height":512},{"@type":"BreadcrumbList","@id":"https:\/\/www.yucatanencorto.com\/noticias\/protegen-a-las-familias-mas-vulnerables-del-municipio\/#breadcrumb","itemListElement":[{"@type":"ListItem","position":1,"name":"Portada","item":"https:\/\/www.yucatanencorto.com\/noticias\/"},{"@type":"ListItem","position":2,"name":"Protegen a las familias m\u00e1s vulnerables del Municipio"}]},{"@type":"WebSite","@id":"https:\/\/www.yucatanencorto.com\/noticias\/#website","url":"https:\/\/www.yucatanencorto.com\/noticias\/","name":"Yucat\u00e1n en corto","description":"Noticias","potentialAction":[{"@type":"SearchAction","target":{"@type":"EntryPoint","urlTemplate":"https:\/\/www.yucatanencorto.com\/noticias\/?s={search_term_string}"},"query-input":{"@type":"PropertyValueSpecification","valueRequired":true,"valueName":"search_term_string"}}],"inLanguage":"es"},{"@type":"Person","@id":"https:\/\/www.yucatanencorto.com\/noticias\/#\/schema\/person\/e2fbdfaf30a07014a43940ce989f3119","name":"Redes","image":{"@type":"ImageObject","inLanguage":"es","@id":"https:\/\/secure.gravatar.com\/avatar\/5931a2d21dd7cc834f44c8c34fe56d90ed6d536ef452cbf870c7485b524dddd7?s=96&d=mm&r=g","url":"https:\/\/secure.gravatar.com\/avatar\/5931a2d21dd7cc834f44c8c34fe56d90ed6d536ef452cbf870c7485b524dddd7?s=96&d=mm&r=g","contentUrl":"https:\/\/secure.gravatar.com\/avatar\/5931a2d21dd7cc834f44c8c34fe56d90ed6d536ef452cbf870c7485b524dddd7?s=96&d=mm&r=g","caption":"Redes"},"url":"https:\/\/www.yucatanencorto.com\/noticias\/author\/redes\/"}]}},"_links":{"self":[{"href":"https:\/\/www.yucatanencorto.com\/noticias\/wp-json\/wp\/v2\/posts\/101817","targetHints":{"allow":["GET"]}}],"collection":[{"href":"https:\/\/www.yucatanencorto.com\/noticias\/wp-json\/wp\/v2\/posts"}],"about":[{"href":"https:\/\/www.yucatanencorto.com\/noticias\/wp-json\/wp\/v2\/types\/post"}],"author":[{"embeddable":true,"href":"https:\/\/www.yucatanencorto.com\/noticias\/wp-json\/wp\/v2\/users\/3"}],"replies":[{"embeddable":true,"href":"https:\/\/www.yucatanencorto.com\/noticias\/wp-json\/wp\/v2\/comments?post=101817"}],"version-history":[{"count":0,"href":"https:\/\/www.yucatanencorto.com\/noticias\/wp-json\/wp\/v2\/posts\/101817\/revisions"}],"wp:featuredmedia":[{"embeddable":true,"href":"https:\/\/www.yucatanencorto.com\/noticias\/wp-json\/wp\/v2\/media\/101818"}],"wp:attachment":[{"href":"https:\/\/www.yucatanencorto.com\/noticias\/wp-json\/wp\/v2\/media?parent=101817"}],"wp:term":[{"taxonomy":"category","embeddable":true,"href":"https:\/\/www.yucatanencorto.com\/noticias\/wp-json\/wp\/v2\/categories?post=101817"},{"taxonomy":"post_tag","embeddable":true,"href":"https:\/\/www.yucatanencorto.com\/noticias\/wp-json\/wp\/v2\/tags?post=101817"}],"curies":[{"name":"wp","href":"https:\/\/api.w.org\/{rel}","templated":true}]}}