{"id":101820,"date":"2024-01-10T17:43:19","date_gmt":"2024-01-10T23:43:19","guid":{"rendered":"https:\/\/www.yucatanencorto.com\/noticias\/?p=101820"},"modified":"2024-01-10T17:43:19","modified_gmt":"2024-01-10T23:43:19","slug":"inauguran-los-centros-de-salud-de-chankom-y-tinum","status":"publish","type":"post","link":"https:\/\/www.yucatanencorto.com\/noticias\/inauguran-los-centros-de-salud-de-chankom-y-tinum\/","title":{"rendered":"Inauguran los Centros de Salud de Chankom y Tinum"},"content":{"rendered":"<p><img loading=\"lazy\" decoding=\"async\" class=\"alignnone size-full wp-image-101821\" src=\"https:\/\/www.yucatanencorto.com\/noticias\/wp-content\/uploads\/2024\/01\/IMG-20240110-WA0006-scaled.jpg\" alt=\"\" width=\"768\" height=\"508\" srcset=\"https:\/\/www.yucatanencorto.com\/noticias\/wp-content\/uploads\/2024\/01\/IMG-20240110-WA0006-scaled.jpg 768w, https:\/\/www.yucatanencorto.com\/noticias\/wp-content\/uploads\/2024\/01\/IMG-20240110-WA0006-150x99.jpg 150w, https:\/\/www.yucatanencorto.com\/noticias\/wp-content\/uploads\/2024\/01\/IMG-20240110-WA0006-300x198.jpg 300w, https:\/\/www.yucatanencorto.com\/noticias\/wp-content\/uploads\/2024\/01\/IMG-20240110-WA0006-696x460.jpg 696w, https:\/\/www.yucatanencorto.com\/noticias\/wp-content\/uploads\/2024\/01\/IMG-20240110-WA0006-1068x706.jpg 1068w\" sizes=\"auto, (max-width: 768px) 100vw, 768px\" \/><\/p>\n<p>Tinum, Yucat\u00e1n, 10 de enero de 2024.- Con nuevos servicios que garanticen una mejor atenci\u00f3n m\u00e9dica m\u00e1s r\u00e1pida y eficiente, el Gobernador Mauricio Vila Dosal entreg\u00f3 los trabajos de rehabilitaci\u00f3n de los Centros de Salud de los municipios de Chankom y Tinum, que permitir\u00e1n seguir transformando la calidad de vida de los yucatecos que m\u00e1s lo necesitan.<\/p>\n<p>&nbsp;<\/p>\n<p>En gira de trabajo por estas localidades, Vila Dosal tambi\u00e9n entreg\u00f3 los trabajos de rehabilitaci\u00f3n de calles, casa ejidal e inaugur\u00f3 el Centro Regional Violeta de Chankom, que ofrece atenci\u00f3n jur\u00eddica y psicol\u00f3gica a aquellas mujeres que han sufrido alg\u00fan tipo de violencia.<\/p>\n<p>&nbsp;<\/p>\n<p>Junto al titular de la Secretar\u00eda de Salud del Estado (SSY), Mauricio Sauri Vivas, el Gobernador inform\u00f3 que, a partir de ahora, los 140 Centros de Salud de la entidad ya cuentan con ex\u00e1menes de laboratorio gratuitos, ultrasonidos, atenci\u00f3n dental y psicol\u00f3gica, as\u00ed como una mochila roja para estabilizar a pacientes que sufren un infarto en lo que llega la ambulancia para su traslado, as\u00ed como un tanque de ox\u00edgeno, servicios a los que podr\u00e1n acceder a trav\u00e9s de la Tarjeta Universal de Salud.<\/p>\n<p>&nbsp;<\/p>\n<p>\u00abEste centro ya cuenta con ex\u00e1menes de laboratorio gratuitos, los lunes se toma la muestra y en 2 d\u00edas se entregan los resultados. Tambi\u00e9n, con ultrasonido todos los mi\u00e9rcoles de 8 a. m. a 1 p. m.; atenci\u00f3n dental y psicolog\u00eda. Adem\u00e1s, el centro de salud funcionar\u00e1 las 24 horas, los 6 d\u00edas de la semana\u00bb, explic\u00f3 en Chankom.<\/p>\n<p>&nbsp;<\/p>\n<p>Acompa\u00f1ado del titular de la Secretar\u00eda de Desarrollo Social (Sedesol), Roger Torres Peniche, el Gobernador exhort\u00f3 a los vecinos a tramitar con los Asistentes del Pueblo su Tarjeta Universal de Salud, que les permitir\u00e1 acceder de manera gratuita a todos estos servicios.<\/p>\n<p>&nbsp;<\/p>\n<p>Al inaugurar el Centro Regional Violeta de Chankom, Vila Dosal reafirm\u00f3 el compromiso de su Gobierno para seguir creando infraestructura y fortalecer las instituciones que atienden a mujeres que han sido v\u00edctimas de alg\u00fan tipo de violencia.<\/p>\n<p>&nbsp;<\/p>\n<p>\u00abNo est\u00e1n solas, las instituciones y el Gobernador est\u00e1n para apoyarles y decirles que nunca m\u00e1s van a volver a estar solas\u00bb, afirm\u00f3 ante la titular de la Secretar\u00eda de las Mujeres (Semujeres), Mar\u00eda Cristina Castillo Espinosa.<\/p>\n<p>&nbsp;<\/p>\n<p>Posteriormente, Vila Dosal se traslad\u00f3 a la localidad de San Francisco el Grande, en Tinum, donde por primera vez visita un Gobernador para entregar los trabajos del programa de Mejoramiento y Equipamiento de la Casa Ejidal que beneficia a 187 ejidatarios. Los trabajos consistieron en raspado y cambio de pintura, rotulaci\u00f3n de los t\u00edtulos y logos, instalaci\u00f3n de ventiladores y l\u00e1mparas, as\u00ed como reparaci\u00f3n de puertas y ventanas.<\/p>\n<p>&nbsp;<\/p>\n<p>El renovado espacio tambi\u00e9n beneficiar\u00e1 a los alumnos de la escuela inicial \u201cRosario Castellanos\u201d.<\/p>\n<p>&nbsp;<\/p>\n<p>Ah\u00ed mismo, entreg\u00f3 los trabajos de rehabilitaci\u00f3n del Centro de Salud que consistieron en la instalaci\u00f3n de ventiladores, l\u00e1mparas lineales, aires acondicionados, lavabos y cortinas antibacteriales.<\/p>\n<p>&nbsp;<\/p>\n<p>Al igual que en Chankom, tambi\u00e9n incluyeron la intervenci\u00f3n de todas las \u00e1reas del centro de salud, como las salas de espera, vacunaci\u00f3n, medicina general y curaciones; el Centro de Especializaci\u00f3n y equipos; Cedathos, cuarto m\u00e9dico y farmacia. Tambi\u00e9n se remodelaron los ba\u00f1os de personal y p\u00fablicos, puertas y ventanas, y se aplic\u00f3 pintura blanca y antibacterial en los muros interiores.<\/p>\n<p>&nbsp;<\/p>\n<p>Se atendieron los sistemas hidr\u00e1ulico y el\u00e9ctrico, y se mejoraron las obras exteriores, como el jard\u00edn y la construcci\u00f3n de banquetas con rampas para el acceso de personas con discapacidad.<\/p>\n<p>&nbsp;<\/p>\n<p>Previamente, en beneficio de 6,740 habitantes, el Gobernador entreg\u00f3 los trabajos de rehabilitaci\u00f3n de 24 calles en la localidad de Pist\u00e9, que cont\u00f3 con una inversi\u00f3n de 6.2 millones de pesos, que suman 2.6 kil\u00f3metros.<\/p>\n","protected":false},"excerpt":{"rendered":"<p>Tinum, Yucat\u00e1n, 10 de enero de 2024.- Con nuevos servicios que garanticen una mejor atenci\u00f3n m\u00e9dica m\u00e1s r\u00e1pida y eficiente, el Gobernador Mauricio Vila Dosal entreg\u00f3 los trabajos de rehabilitaci\u00f3n de los Centros de Salud de los municipios de Chankom y Tinum, que permitir\u00e1n seguir transformando la calidad de vida de los yucatecos que m\u00e1s [&hellip;]<\/p>\n","protected":false},"author":3,"featured_media":101821,"comment_status":"closed","ping_status":"closed","sticky":false,"template":"","format":"standard","meta":{"footnotes":""},"categories":[3],"tags":[],"class_list":{"0":"post-101820","1":"post","2":"type-post","3":"status-publish","4":"format-standard","5":"has-post-thumbnail","7":"category-yucatan"},"yoast_head":"<!-- This site is optimized with the Yoast SEO plugin v27.5 - https:\/\/yoast.com\/product\/yoast-seo-wordpress\/ -->\n<title>Inauguran los Centros de Salud de Chankom y Tinum - Yucat\u00e1n en corto<\/title>\n<meta name=\"robots\" content=\"index, follow, max-snippet:-1, max-image-preview:large, max-video-preview:-1\" \/>\n<link rel=\"canonical\" href=\"https:\/\/www.yucatanencorto.com\/noticias\/inauguran-los-centros-de-salud-de-chankom-y-tinum\/\" \/>\n<meta property=\"og:locale\" content=\"es_ES\" \/>\n<meta property=\"og:type\" content=\"article\" \/>\n<meta property=\"og:title\" content=\"Inauguran los Centros de Salud de Chankom y Tinum - Yucat\u00e1n en corto\" \/>\n<meta property=\"og:description\" content=\"Tinum, Yucat\u00e1n, 10 de enero de 2024.- Con nuevos servicios que garanticen una mejor atenci\u00f3n m\u00e9dica m\u00e1s r\u00e1pida y eficiente, el Gobernador Mauricio Vila Dosal entreg\u00f3 los trabajos de rehabilitaci\u00f3n de los Centros de Salud de los municipios de Chankom y Tinum, que permitir\u00e1n seguir transformando la calidad de vida de los yucatecos que m\u00e1s [&hellip;]\" \/>\n<meta property=\"og:url\" content=\"https:\/\/www.yucatanencorto.com\/noticias\/inauguran-los-centros-de-salud-de-chankom-y-tinum\/\" \/>\n<meta property=\"og:site_name\" content=\"Yucat\u00e1n en corto\" \/>\n<meta property=\"article:publisher\" content=\"http:\/\/www.facebook.com\/yucatanencorto\" \/>\n<meta property=\"article:published_time\" content=\"2024-01-10T23:43:19+00:00\" \/>\n<meta property=\"og:image\" content=\"https:\/\/www.yucatanencorto.com\/noticias\/wp-content\/uploads\/2024\/01\/IMG-20240110-WA0006-scaled.jpg\" \/>\n\t<meta property=\"og:image:width\" content=\"768\" \/>\n\t<meta property=\"og:image:height\" content=\"508\" \/>\n\t<meta property=\"og:image:type\" content=\"image\/jpeg\" \/>\n<meta name=\"author\" content=\"Redes\" \/>\n<meta name=\"twitter:card\" content=\"summary_large_image\" \/>\n<meta name=\"twitter:creator\" content=\"@yucatanencorto\" \/>\n<meta name=\"twitter:site\" content=\"@yucatanencorto\" \/>\n<meta name=\"twitter:label1\" content=\"Escrito por\" \/>\n\t<meta name=\"twitter:data1\" content=\"Redes\" \/>\n\t<meta name=\"twitter:label2\" content=\"Tiempo de lectura\" \/>\n\t<meta name=\"twitter:data2\" content=\"3 minutos\" \/>\n<script type=\"application\/ld+json\" class=\"yoast-schema-graph\">{\"@context\":\"https:\\\/\\\/schema.org\",\"@graph\":[{\"@type\":\"Article\",\"@id\":\"https:\\\/\\\/www.yucatanencorto.com\\\/noticias\\\/inauguran-los-centros-de-salud-de-chankom-y-tinum\\\/#article\",\"isPartOf\":{\"@id\":\"https:\\\/\\\/www.yucatanencorto.com\\\/noticias\\\/inauguran-los-centros-de-salud-de-chankom-y-tinum\\\/\"},\"author\":{\"name\":\"Redes\",\"@id\":\"https:\\\/\\\/www.yucatanencorto.com\\\/noticias\\\/#\\\/schema\\\/person\\\/e2fbdfaf30a07014a43940ce989f3119\"},\"headline\":\"Inauguran los Centros de Salud de Chankom y Tinum\",\"datePublished\":\"2024-01-10T23:43:19+00:00\",\"mainEntityOfPage\":{\"@id\":\"https:\\\/\\\/www.yucatanencorto.com\\\/noticias\\\/inauguran-los-centros-de-salud-de-chankom-y-tinum\\\/\"},\"wordCount\":664,\"image\":{\"@id\":\"https:\\\/\\\/www.yucatanencorto.com\\\/noticias\\\/inauguran-los-centros-de-salud-de-chankom-y-tinum\\\/#primaryimage\"},\"thumbnailUrl\":\"https:\\\/\\\/www.yucatanencorto.com\\\/noticias\\\/wp-content\\\/uploads\\\/2024\\\/01\\\/IMG-20240110-WA0006-scaled.jpg\",\"articleSection\":[\"Yucat\u00e1n\"],\"inLanguage\":\"es\"},{\"@type\":\"WebPage\",\"@id\":\"https:\\\/\\\/www.yucatanencorto.com\\\/noticias\\\/inauguran-los-centros-de-salud-de-chankom-y-tinum\\\/\",\"url\":\"https:\\\/\\\/www.yucatanencorto.com\\\/noticias\\\/inauguran-los-centros-de-salud-de-chankom-y-tinum\\\/\",\"name\":\"Inauguran los Centros de Salud de Chankom y Tinum - Yucat\u00e1n en corto\",\"isPartOf\":{\"@id\":\"https:\\\/\\\/www.yucatanencorto.com\\\/noticias\\\/#website\"},\"primaryImageOfPage\":{\"@id\":\"https:\\\/\\\/www.yucatanencorto.com\\\/noticias\\\/inauguran-los-centros-de-salud-de-chankom-y-tinum\\\/#primaryimage\"},\"image\":{\"@id\":\"https:\\\/\\\/www.yucatanencorto.com\\\/noticias\\\/inauguran-los-centros-de-salud-de-chankom-y-tinum\\\/#primaryimage\"},\"thumbnailUrl\":\"https:\\\/\\\/www.yucatanencorto.com\\\/noticias\\\/wp-content\\\/uploads\\\/2024\\\/01\\\/IMG-20240110-WA0006-scaled.jpg\",\"datePublished\":\"2024-01-10T23:43:19+00:00\",\"author\":{\"@id\":\"https:\\\/\\\/www.yucatanencorto.com\\\/noticias\\\/#\\\/schema\\\/person\\\/e2fbdfaf30a07014a43940ce989f3119\"},\"breadcrumb\":{\"@id\":\"https:\\\/\\\/www.yucatanencorto.com\\\/noticias\\\/inauguran-los-centros-de-salud-de-chankom-y-tinum\\\/#breadcrumb\"},\"inLanguage\":\"es\",\"potentialAction\":[{\"@type\":\"ReadAction\",\"target\":[\"https:\\\/\\\/www.yucatanencorto.com\\\/noticias\\\/inauguran-los-centros-de-salud-de-chankom-y-tinum\\\/\"]}]},{\"@type\":\"ImageObject\",\"inLanguage\":\"es\",\"@id\":\"https:\\\/\\\/www.yucatanencorto.com\\\/noticias\\\/inauguran-los-centros-de-salud-de-chankom-y-tinum\\\/#primaryimage\",\"url\":\"https:\\\/\\\/www.yucatanencorto.com\\\/noticias\\\/wp-content\\\/uploads\\\/2024\\\/01\\\/IMG-20240110-WA0006-scaled.jpg\",\"contentUrl\":\"https:\\\/\\\/www.yucatanencorto.com\\\/noticias\\\/wp-content\\\/uploads\\\/2024\\\/01\\\/IMG-20240110-WA0006-scaled.jpg\",\"width\":768,\"height\":508},{\"@type\":\"BreadcrumbList\",\"@id\":\"https:\\\/\\\/www.yucatanencorto.com\\\/noticias\\\/inauguran-los-centros-de-salud-de-chankom-y-tinum\\\/#breadcrumb\",\"itemListElement\":[{\"@type\":\"ListItem\",\"position\":1,\"name\":\"Portada\",\"item\":\"https:\\\/\\\/www.yucatanencorto.com\\\/noticias\\\/\"},{\"@type\":\"ListItem\",\"position\":2,\"name\":\"Inauguran los Centros de Salud de Chankom y Tinum\"}]},{\"@type\":\"WebSite\",\"@id\":\"https:\\\/\\\/www.yucatanencorto.com\\\/noticias\\\/#website\",\"url\":\"https:\\\/\\\/www.yucatanencorto.com\\\/noticias\\\/\",\"name\":\"Yucat\u00e1n en corto\",\"description\":\"Noticias\",\"potentialAction\":[{\"@type\":\"SearchAction\",\"target\":{\"@type\":\"EntryPoint\",\"urlTemplate\":\"https:\\\/\\\/www.yucatanencorto.com\\\/noticias\\\/?s={search_term_string}\"},\"query-input\":{\"@type\":\"PropertyValueSpecification\",\"valueRequired\":true,\"valueName\":\"search_term_string\"}}],\"inLanguage\":\"es\"},{\"@type\":\"Person\",\"@id\":\"https:\\\/\\\/www.yucatanencorto.com\\\/noticias\\\/#\\\/schema\\\/person\\\/e2fbdfaf30a07014a43940ce989f3119\",\"name\":\"Redes\",\"image\":{\"@type\":\"ImageObject\",\"inLanguage\":\"es\",\"@id\":\"https:\\\/\\\/secure.gravatar.com\\\/avatar\\\/5931a2d21dd7cc834f44c8c34fe56d90ed6d536ef452cbf870c7485b524dddd7?s=96&d=mm&r=g\",\"url\":\"https:\\\/\\\/secure.gravatar.com\\\/avatar\\\/5931a2d21dd7cc834f44c8c34fe56d90ed6d536ef452cbf870c7485b524dddd7?s=96&d=mm&r=g\",\"contentUrl\":\"https:\\\/\\\/secure.gravatar.com\\\/avatar\\\/5931a2d21dd7cc834f44c8c34fe56d90ed6d536ef452cbf870c7485b524dddd7?s=96&d=mm&r=g\",\"caption\":\"Redes\"},\"url\":\"https:\\\/\\\/www.yucatanencorto.com\\\/noticias\\\/author\\\/redes\\\/\"}]}<\/script>\n<!-- \/ Yoast SEO plugin. -->","yoast_head_json":{"title":"Inauguran los Centros de Salud de Chankom y Tinum - Yucat\u00e1n en corto","robots":{"index":"index","follow":"follow","max-snippet":"max-snippet:-1","max-image-preview":"max-image-preview:large","max-video-preview":"max-video-preview:-1"},"canonical":"https:\/\/www.yucatanencorto.com\/noticias\/inauguran-los-centros-de-salud-de-chankom-y-tinum\/","og_locale":"es_ES","og_type":"article","og_title":"Inauguran los Centros de Salud de Chankom y Tinum - Yucat\u00e1n en corto","og_description":"Tinum, Yucat\u00e1n, 10 de enero de 2024.- Con nuevos servicios que garanticen una mejor atenci\u00f3n m\u00e9dica m\u00e1s r\u00e1pida y eficiente, el Gobernador Mauricio Vila Dosal entreg\u00f3 los trabajos de rehabilitaci\u00f3n de los Centros de Salud de los municipios de Chankom y Tinum, que permitir\u00e1n seguir transformando la calidad de vida de los yucatecos que m\u00e1s [&hellip;]","og_url":"https:\/\/www.yucatanencorto.com\/noticias\/inauguran-los-centros-de-salud-de-chankom-y-tinum\/","og_site_name":"Yucat\u00e1n en corto","article_publisher":"http:\/\/www.facebook.com\/yucatanencorto","article_published_time":"2024-01-10T23:43:19+00:00","og_image":[{"width":768,"height":508,"url":"https:\/\/www.yucatanencorto.com\/noticias\/wp-content\/uploads\/2024\/01\/IMG-20240110-WA0006-scaled.jpg","type":"image\/jpeg"}],"author":"Redes","twitter_card":"summary_large_image","twitter_creator":"@yucatanencorto","twitter_site":"@yucatanencorto","twitter_misc":{"Escrito por":"Redes","Tiempo de lectura":"3 minutos"},"schema":{"@context":"https:\/\/schema.org","@graph":[{"@type":"Article","@id":"https:\/\/www.yucatanencorto.com\/noticias\/inauguran-los-centros-de-salud-de-chankom-y-tinum\/#article","isPartOf":{"@id":"https:\/\/www.yucatanencorto.com\/noticias\/inauguran-los-centros-de-salud-de-chankom-y-tinum\/"},"author":{"name":"Redes","@id":"https:\/\/www.yucatanencorto.com\/noticias\/#\/schema\/person\/e2fbdfaf30a07014a43940ce989f3119"},"headline":"Inauguran los Centros de Salud de Chankom y Tinum","datePublished":"2024-01-10T23:43:19+00:00","mainEntityOfPage":{"@id":"https:\/\/www.yucatanencorto.com\/noticias\/inauguran-los-centros-de-salud-de-chankom-y-tinum\/"},"wordCount":664,"image":{"@id":"https:\/\/www.yucatanencorto.com\/noticias\/inauguran-los-centros-de-salud-de-chankom-y-tinum\/#primaryimage"},"thumbnailUrl":"https:\/\/www.yucatanencorto.com\/noticias\/wp-content\/uploads\/2024\/01\/IMG-20240110-WA0006-scaled.jpg","articleSection":["Yucat\u00e1n"],"inLanguage":"es"},{"@type":"WebPage","@id":"https:\/\/www.yucatanencorto.com\/noticias\/inauguran-los-centros-de-salud-de-chankom-y-tinum\/","url":"https:\/\/www.yucatanencorto.com\/noticias\/inauguran-los-centros-de-salud-de-chankom-y-tinum\/","name":"Inauguran los Centros de Salud de Chankom y Tinum - Yucat\u00e1n en corto","isPartOf":{"@id":"https:\/\/www.yucatanencorto.com\/noticias\/#website"},"primaryImageOfPage":{"@id":"https:\/\/www.yucatanencorto.com\/noticias\/inauguran-los-centros-de-salud-de-chankom-y-tinum\/#primaryimage"},"image":{"@id":"https:\/\/www.yucatanencorto.com\/noticias\/inauguran-los-centros-de-salud-de-chankom-y-tinum\/#primaryimage"},"thumbnailUrl":"https:\/\/www.yucatanencorto.com\/noticias\/wp-content\/uploads\/2024\/01\/IMG-20240110-WA0006-scaled.jpg","datePublished":"2024-01-10T23:43:19+00:00","author":{"@id":"https:\/\/www.yucatanencorto.com\/noticias\/#\/schema\/person\/e2fbdfaf30a07014a43940ce989f3119"},"breadcrumb":{"@id":"https:\/\/www.yucatanencorto.com\/noticias\/inauguran-los-centros-de-salud-de-chankom-y-tinum\/#breadcrumb"},"inLanguage":"es","potentialAction":[{"@type":"ReadAction","target":["https:\/\/www.yucatanencorto.com\/noticias\/inauguran-los-centros-de-salud-de-chankom-y-tinum\/"]}]},{"@type":"ImageObject","inLanguage":"es","@id":"https:\/\/www.yucatanencorto.com\/noticias\/inauguran-los-centros-de-salud-de-chankom-y-tinum\/#primaryimage","url":"https:\/\/www.yucatanencorto.com\/noticias\/wp-content\/uploads\/2024\/01\/IMG-20240110-WA0006-scaled.jpg","contentUrl":"https:\/\/www.yucatanencorto.com\/noticias\/wp-content\/uploads\/2024\/01\/IMG-20240110-WA0006-scaled.jpg","width":768,"height":508},{"@type":"BreadcrumbList","@id":"https:\/\/www.yucatanencorto.com\/noticias\/inauguran-los-centros-de-salud-de-chankom-y-tinum\/#breadcrumb","itemListElement":[{"@type":"ListItem","position":1,"name":"Portada","item":"https:\/\/www.yucatanencorto.com\/noticias\/"},{"@type":"ListItem","position":2,"name":"Inauguran los Centros de Salud de Chankom y Tinum"}]},{"@type":"WebSite","@id":"https:\/\/www.yucatanencorto.com\/noticias\/#website","url":"https:\/\/www.yucatanencorto.com\/noticias\/","name":"Yucat\u00e1n en corto","description":"Noticias","potentialAction":[{"@type":"SearchAction","target":{"@type":"EntryPoint","urlTemplate":"https:\/\/www.yucatanencorto.com\/noticias\/?s={search_term_string}"},"query-input":{"@type":"PropertyValueSpecification","valueRequired":true,"valueName":"search_term_string"}}],"inLanguage":"es"},{"@type":"Person","@id":"https:\/\/www.yucatanencorto.com\/noticias\/#\/schema\/person\/e2fbdfaf30a07014a43940ce989f3119","name":"Redes","image":{"@type":"ImageObject","inLanguage":"es","@id":"https:\/\/secure.gravatar.com\/avatar\/5931a2d21dd7cc834f44c8c34fe56d90ed6d536ef452cbf870c7485b524dddd7?s=96&d=mm&r=g","url":"https:\/\/secure.gravatar.com\/avatar\/5931a2d21dd7cc834f44c8c34fe56d90ed6d536ef452cbf870c7485b524dddd7?s=96&d=mm&r=g","contentUrl":"https:\/\/secure.gravatar.com\/avatar\/5931a2d21dd7cc834f44c8c34fe56d90ed6d536ef452cbf870c7485b524dddd7?s=96&d=mm&r=g","caption":"Redes"},"url":"https:\/\/www.yucatanencorto.com\/noticias\/author\/redes\/"}]}},"_links":{"self":[{"href":"https:\/\/www.yucatanencorto.com\/noticias\/wp-json\/wp\/v2\/posts\/101820","targetHints":{"allow":["GET"]}}],"collection":[{"href":"https:\/\/www.yucatanencorto.com\/noticias\/wp-json\/wp\/v2\/posts"}],"about":[{"href":"https:\/\/www.yucatanencorto.com\/noticias\/wp-json\/wp\/v2\/types\/post"}],"author":[{"embeddable":true,"href":"https:\/\/www.yucatanencorto.com\/noticias\/wp-json\/wp\/v2\/users\/3"}],"replies":[{"embeddable":true,"href":"https:\/\/www.yucatanencorto.com\/noticias\/wp-json\/wp\/v2\/comments?post=101820"}],"version-history":[{"count":0,"href":"https:\/\/www.yucatanencorto.com\/noticias\/wp-json\/wp\/v2\/posts\/101820\/revisions"}],"wp:featuredmedia":[{"embeddable":true,"href":"https:\/\/www.yucatanencorto.com\/noticias\/wp-json\/wp\/v2\/media\/101821"}],"wp:attachment":[{"href":"https:\/\/www.yucatanencorto.com\/noticias\/wp-json\/wp\/v2\/media?parent=101820"}],"wp:term":[{"taxonomy":"category","embeddable":true,"href":"https:\/\/www.yucatanencorto.com\/noticias\/wp-json\/wp\/v2\/categories?post=101820"},{"taxonomy":"post_tag","embeddable":true,"href":"https:\/\/www.yucatanencorto.com\/noticias\/wp-json\/wp\/v2\/tags?post=101820"}],"curies":[{"name":"wp","href":"https:\/\/api.w.org\/{rel}","templated":true}]}}