{"id":110104,"date":"2024-05-07T19:06:51","date_gmt":"2024-05-08T01:06:51","guid":{"rendered":"https:\/\/www.yucatanencorto.com\/noticias\/?p=110104"},"modified":"2024-05-07T19:06:51","modified_gmt":"2024-05-08T01:06:51","slug":"fortalecen-la-cohesion-social-a-traves-de-los-espacios-publicos","status":"publish","type":"post","link":"https:\/\/www.yucatanencorto.com\/noticias\/fortalecen-la-cohesion-social-a-traves-de-los-espacios-publicos\/","title":{"rendered":"Fortalecen la cohesi\u00f3n social a trav\u00e9s de los espacios p\u00fablicos"},"content":{"rendered":"<p><img loading=\"lazy\" decoding=\"async\" class=\"alignnone size-full wp-image-110105\" src=\"https:\/\/www.yucatanencorto.com\/noticias\/wp-content\/uploads\/2024\/05\/IMG-20240507-WA0030-scaled.jpg\" alt=\"\" width=\"768\" height=\"512\" srcset=\"https:\/\/www.yucatanencorto.com\/noticias\/wp-content\/uploads\/2024\/05\/IMG-20240507-WA0030-scaled.jpg 768w, https:\/\/www.yucatanencorto.com\/noticias\/wp-content\/uploads\/2024\/05\/IMG-20240507-WA0030-150x100.jpg 150w, https:\/\/www.yucatanencorto.com\/noticias\/wp-content\/uploads\/2024\/05\/IMG-20240507-WA0030-300x200.jpg 300w, https:\/\/www.yucatanencorto.com\/noticias\/wp-content\/uploads\/2024\/05\/IMG-20240507-WA0030-696x464.jpg 696w, https:\/\/www.yucatanencorto.com\/noticias\/wp-content\/uploads\/2024\/05\/IMG-20240507-WA0030-1068x712.jpg 1068w\" sizes=\"auto, (max-width: 768px) 100vw, 768px\" \/><\/p>\n<p>M\u00e9rida, Yucat\u00e1n, a 7 de mayo de 2024-. En compa\u00f1\u00eda de vecinos y vecinas que colaboraron de la mano del Ayuntamiento en la toma de decisiones sobre el uso de los espacios p\u00fablicos de M\u00e9rida, el Alcalde Alejandro Ruz Castro supervis\u00f3 el avance de los trabajos realizados a trav\u00e9s del programa \u201cDise\u00f1o Participativo en Espacios P\u00fablicos\u201d en el Parque de Los Pinos.<\/p>\n<p>&nbsp;<\/p>\n<p>Durante el recorrido, el Presidente Municipal destac\u00f3 la importancia de la participaci\u00f3n ciudadana en la modificaci\u00f3n de los espacios p\u00fablicos de acuerdo con las necesidades de cada comunidad, ya que son ellos quienes los habitan y utilizan.<\/p>\n<p>&nbsp;<\/p>\n<p>\u201cGracias a este trabajo conjunto entre la sociedad civil y el gobierno municipal, no solo mejora la calidad de vida de los habitantes, sino que tambi\u00e9n se fortalecen la cohesi\u00f3n social, la salud y la seguridad\u201d, expres\u00f3.<\/p>\n<p>&nbsp;<\/p>\n<p>Acompa\u00f1ado por el director de Obras P\u00fablicas, David Lor\u00eda Magdub, Ruz Castro inform\u00f3 a los vecinos que la obra tiene un avance del 90% en los trabajos de Dise\u00f1o Participativo de este parque, en el cual el Ayuntamiento invirti\u00f3 m\u00e1s de 6 millones de pesos para satisfacer las necesidades de la zona.<\/p>\n<p>&nbsp;<\/p>\n<p>\u201cEsta rehabilitaci\u00f3n es el resultado de las reuniones y acuerdos tomados en junio del a\u00f1o pasado, donde m\u00e1s de 60 vecinos de la zona manifestaron sus necesidades para decidir las caracter\u00edsticas del parque que deseaban\u201d, reiter\u00f3.<\/p>\n<p>&nbsp;<\/p>\n<p>Asimismo, dio a conocer que a trav\u00e9s del programa \u201cDise\u00f1o Participativo de Espacios P\u00fablicos\u201d, se han intervenido 37 \u00e1reas en distintas zonas de la ciudad con la participaci\u00f3n de m\u00e1s de 3 mil personas en diferentes puntos de la urbe y sus comisar\u00edas.<\/p>\n<p>&nbsp;<\/p>\n<p>Adem\u00e1s, a\u00f1adi\u00f3, para llevar el desarrollo justo y equitativo a todo el municipio se est\u00e1 trabajando en la rehabilitaci\u00f3n de otros 23 espacios en el sur, como parte de la Agenda 2050, en la cual se invertir\u00e1n 40 millones de pesos para el disfrute de las familias meridanas.<\/p>\n<p>&nbsp;<\/p>\n<p>Ruz Castro asegur\u00f3 que M\u00e9rida continuar\u00e1 contando con espacios dignos y seguros que promuevan la convivencia entre vecinos en un ambiente de armon\u00eda y paz social.<\/p>\n<p>&nbsp;<\/p>\n<p>\u201cLos trabajos en este parque concluir\u00e1n el pr\u00f3ximo 15 de mayo, as\u00ed que disfruten y cuiden este espacio porque es el resultado del proyecto, que junto con el apoyo del Ayuntamiento a trav\u00e9s del programa \u201cDise\u00f1o Participativo de Espacios P\u00fablicos\u201d, se ha convertido en una realidad\u201d, se\u00f1al\u00f3.<\/p>\n<p>&nbsp;<\/p>\n<p>El Alcalde tambi\u00e9n felicit\u00f3 a los vecinos del Parque de Los Pinos por estar pendientes del cuidado y la limpieza de este espacio p\u00fablico.<\/p>\n<p>&nbsp;<\/p>\n<p>En ese sentido, los vecinos del parque agradecieron al Alcalde por la construcci\u00f3n de nuevas y modernas instalaciones que permitir\u00e1n a las familias disfrutar del lugar.<\/p>\n<p>&nbsp;<\/p>\n<p>Por su parte, David Lor\u00eda Madgub explic\u00f3 a los vecinos que el parque ahora cuenta con ejercitadores modernos, un \u00e1rea para mascotas con basureros especiales para la disposici\u00f3n de sus desechos y tambi\u00e9n botes de basura para diferentes tipos de residuos.<\/p>\n<p>&nbsp;<\/p>\n<p>De igual manera, agreg\u00f3, tambi\u00e9n podr\u00e1n disfrutar de un \u00e1rea de picnic y un \u00e1rea infantil con velaria, que tambi\u00e9n cuenta con un columpio inclusivo para personas con discapacidad o adultos mayores.<\/p>\n<p>&nbsp;<\/p>\n<p>Finalmente, inform\u00f3 que los trabajos de rehabilitaci\u00f3n incluyen el mantenimiento de la cancha de usos m\u00faltiples, incluyendo pintura; el sistema de alimentaci\u00f3n el\u00e9ctrica, la instalaci\u00f3n de postes, l\u00e1mparas y reflectores en todo el parque; as\u00ed como un nuevo sistema de riego, con bomba sumergible, murete de acometidas el\u00e9ctricas y murete conmemorativo.<\/p>\n<p>&nbsp;<\/p>\n<p>Tambi\u00e9n acompa\u00f1aron al Alcalde el director de Servicios P\u00fablicos Municipales, Jos\u00e9 Collado Soberanis y la titular de la Unidad de Contralor\u00eda Municipal, Martha Elena G\u00f3mez Nechar.<\/p>\n","protected":false},"excerpt":{"rendered":"<p>M\u00e9rida, Yucat\u00e1n, a 7 de mayo de 2024-. En compa\u00f1\u00eda de vecinos y vecinas que colaboraron de la mano del Ayuntamiento en la toma de decisiones sobre el uso de los espacios p\u00fablicos de M\u00e9rida, el Alcalde Alejandro Ruz Castro supervis\u00f3 el avance de los trabajos realizados a trav\u00e9s del programa \u201cDise\u00f1o Participativo en Espacios [&hellip;]<\/p>\n","protected":false},"author":3,"featured_media":110105,"comment_status":"closed","ping_status":"closed","sticky":false,"template":"","format":"standard","meta":{"footnotes":""},"categories":[3],"tags":[],"class_list":{"0":"post-110104","1":"post","2":"type-post","3":"status-publish","4":"format-standard","5":"has-post-thumbnail","7":"category-yucatan"},"yoast_head":"<!-- This site is optimized with the Yoast SEO plugin v27.5 - https:\/\/yoast.com\/product\/yoast-seo-wordpress\/ -->\n<title>Fortalecen la cohesi\u00f3n social a trav\u00e9s de los espacios p\u00fablicos - Yucat\u00e1n en corto<\/title>\n<meta name=\"robots\" content=\"index, follow, max-snippet:-1, max-image-preview:large, max-video-preview:-1\" \/>\n<link rel=\"canonical\" href=\"https:\/\/www.yucatanencorto.com\/noticias\/fortalecen-la-cohesion-social-a-traves-de-los-espacios-publicos\/\" \/>\n<meta property=\"og:locale\" content=\"es_ES\" \/>\n<meta property=\"og:type\" content=\"article\" \/>\n<meta property=\"og:title\" content=\"Fortalecen la cohesi\u00f3n social a trav\u00e9s de los espacios p\u00fablicos - Yucat\u00e1n en corto\" \/>\n<meta property=\"og:description\" content=\"M\u00e9rida, Yucat\u00e1n, a 7 de mayo de 2024-. En compa\u00f1\u00eda de vecinos y vecinas que colaboraron de la mano del Ayuntamiento en la toma de decisiones sobre el uso de los espacios p\u00fablicos de M\u00e9rida, el Alcalde Alejandro Ruz Castro supervis\u00f3 el avance de los trabajos realizados a trav\u00e9s del programa \u201cDise\u00f1o Participativo en Espacios [&hellip;]\" \/>\n<meta property=\"og:url\" content=\"https:\/\/www.yucatanencorto.com\/noticias\/fortalecen-la-cohesion-social-a-traves-de-los-espacios-publicos\/\" \/>\n<meta property=\"og:site_name\" content=\"Yucat\u00e1n en corto\" \/>\n<meta property=\"article:publisher\" content=\"http:\/\/www.facebook.com\/yucatanencorto\" \/>\n<meta property=\"article:published_time\" content=\"2024-05-08T01:06:51+00:00\" \/>\n<meta property=\"og:image\" content=\"https:\/\/www.yucatanencorto.com\/noticias\/wp-content\/uploads\/2024\/05\/IMG-20240507-WA0030-scaled.jpg\" \/>\n\t<meta property=\"og:image:width\" content=\"768\" \/>\n\t<meta property=\"og:image:height\" content=\"512\" \/>\n\t<meta property=\"og:image:type\" content=\"image\/jpeg\" \/>\n<meta name=\"author\" content=\"Redes\" \/>\n<meta name=\"twitter:card\" content=\"summary_large_image\" \/>\n<meta name=\"twitter:creator\" content=\"@yucatanencorto\" \/>\n<meta name=\"twitter:site\" content=\"@yucatanencorto\" \/>\n<meta name=\"twitter:label1\" content=\"Escrito por\" \/>\n\t<meta name=\"twitter:data1\" content=\"Redes\" \/>\n\t<meta name=\"twitter:label2\" content=\"Tiempo de lectura\" \/>\n\t<meta name=\"twitter:data2\" content=\"3 minutos\" \/>\n<script type=\"application\/ld+json\" class=\"yoast-schema-graph\">{\"@context\":\"https:\\\/\\\/schema.org\",\"@graph\":[{\"@type\":\"Article\",\"@id\":\"https:\\\/\\\/www.yucatanencorto.com\\\/noticias\\\/fortalecen-la-cohesion-social-a-traves-de-los-espacios-publicos\\\/#article\",\"isPartOf\":{\"@id\":\"https:\\\/\\\/www.yucatanencorto.com\\\/noticias\\\/fortalecen-la-cohesion-social-a-traves-de-los-espacios-publicos\\\/\"},\"author\":{\"name\":\"Redes\",\"@id\":\"https:\\\/\\\/www.yucatanencorto.com\\\/noticias\\\/#\\\/schema\\\/person\\\/e2fbdfaf30a07014a43940ce989f3119\"},\"headline\":\"Fortalecen la cohesi\u00f3n social a trav\u00e9s de los espacios p\u00fablicos\",\"datePublished\":\"2024-05-08T01:06:51+00:00\",\"mainEntityOfPage\":{\"@id\":\"https:\\\/\\\/www.yucatanencorto.com\\\/noticias\\\/fortalecen-la-cohesion-social-a-traves-de-los-espacios-publicos\\\/\"},\"wordCount\":667,\"image\":{\"@id\":\"https:\\\/\\\/www.yucatanencorto.com\\\/noticias\\\/fortalecen-la-cohesion-social-a-traves-de-los-espacios-publicos\\\/#primaryimage\"},\"thumbnailUrl\":\"https:\\\/\\\/www.yucatanencorto.com\\\/noticias\\\/wp-content\\\/uploads\\\/2024\\\/05\\\/IMG-20240507-WA0030-scaled.jpg\",\"articleSection\":[\"Yucat\u00e1n\"],\"inLanguage\":\"es\"},{\"@type\":\"WebPage\",\"@id\":\"https:\\\/\\\/www.yucatanencorto.com\\\/noticias\\\/fortalecen-la-cohesion-social-a-traves-de-los-espacios-publicos\\\/\",\"url\":\"https:\\\/\\\/www.yucatanencorto.com\\\/noticias\\\/fortalecen-la-cohesion-social-a-traves-de-los-espacios-publicos\\\/\",\"name\":\"Fortalecen la cohesi\u00f3n social a trav\u00e9s de los espacios p\u00fablicos - Yucat\u00e1n en corto\",\"isPartOf\":{\"@id\":\"https:\\\/\\\/www.yucatanencorto.com\\\/noticias\\\/#website\"},\"primaryImageOfPage\":{\"@id\":\"https:\\\/\\\/www.yucatanencorto.com\\\/noticias\\\/fortalecen-la-cohesion-social-a-traves-de-los-espacios-publicos\\\/#primaryimage\"},\"image\":{\"@id\":\"https:\\\/\\\/www.yucatanencorto.com\\\/noticias\\\/fortalecen-la-cohesion-social-a-traves-de-los-espacios-publicos\\\/#primaryimage\"},\"thumbnailUrl\":\"https:\\\/\\\/www.yucatanencorto.com\\\/noticias\\\/wp-content\\\/uploads\\\/2024\\\/05\\\/IMG-20240507-WA0030-scaled.jpg\",\"datePublished\":\"2024-05-08T01:06:51+00:00\",\"author\":{\"@id\":\"https:\\\/\\\/www.yucatanencorto.com\\\/noticias\\\/#\\\/schema\\\/person\\\/e2fbdfaf30a07014a43940ce989f3119\"},\"breadcrumb\":{\"@id\":\"https:\\\/\\\/www.yucatanencorto.com\\\/noticias\\\/fortalecen-la-cohesion-social-a-traves-de-los-espacios-publicos\\\/#breadcrumb\"},\"inLanguage\":\"es\",\"potentialAction\":[{\"@type\":\"ReadAction\",\"target\":[\"https:\\\/\\\/www.yucatanencorto.com\\\/noticias\\\/fortalecen-la-cohesion-social-a-traves-de-los-espacios-publicos\\\/\"]}]},{\"@type\":\"ImageObject\",\"inLanguage\":\"es\",\"@id\":\"https:\\\/\\\/www.yucatanencorto.com\\\/noticias\\\/fortalecen-la-cohesion-social-a-traves-de-los-espacios-publicos\\\/#primaryimage\",\"url\":\"https:\\\/\\\/www.yucatanencorto.com\\\/noticias\\\/wp-content\\\/uploads\\\/2024\\\/05\\\/IMG-20240507-WA0030-scaled.jpg\",\"contentUrl\":\"https:\\\/\\\/www.yucatanencorto.com\\\/noticias\\\/wp-content\\\/uploads\\\/2024\\\/05\\\/IMG-20240507-WA0030-scaled.jpg\",\"width\":768,\"height\":512},{\"@type\":\"BreadcrumbList\",\"@id\":\"https:\\\/\\\/www.yucatanencorto.com\\\/noticias\\\/fortalecen-la-cohesion-social-a-traves-de-los-espacios-publicos\\\/#breadcrumb\",\"itemListElement\":[{\"@type\":\"ListItem\",\"position\":1,\"name\":\"Portada\",\"item\":\"https:\\\/\\\/www.yucatanencorto.com\\\/noticias\\\/\"},{\"@type\":\"ListItem\",\"position\":2,\"name\":\"Fortalecen la cohesi\u00f3n social a trav\u00e9s de los espacios p\u00fablicos\"}]},{\"@type\":\"WebSite\",\"@id\":\"https:\\\/\\\/www.yucatanencorto.com\\\/noticias\\\/#website\",\"url\":\"https:\\\/\\\/www.yucatanencorto.com\\\/noticias\\\/\",\"name\":\"Yucat\u00e1n en corto\",\"description\":\"Noticias\",\"potentialAction\":[{\"@type\":\"SearchAction\",\"target\":{\"@type\":\"EntryPoint\",\"urlTemplate\":\"https:\\\/\\\/www.yucatanencorto.com\\\/noticias\\\/?s={search_term_string}\"},\"query-input\":{\"@type\":\"PropertyValueSpecification\",\"valueRequired\":true,\"valueName\":\"search_term_string\"}}],\"inLanguage\":\"es\"},{\"@type\":\"Person\",\"@id\":\"https:\\\/\\\/www.yucatanencorto.com\\\/noticias\\\/#\\\/schema\\\/person\\\/e2fbdfaf30a07014a43940ce989f3119\",\"name\":\"Redes\",\"image\":{\"@type\":\"ImageObject\",\"inLanguage\":\"es\",\"@id\":\"https:\\\/\\\/secure.gravatar.com\\\/avatar\\\/5931a2d21dd7cc834f44c8c34fe56d90ed6d536ef452cbf870c7485b524dddd7?s=96&d=mm&r=g\",\"url\":\"https:\\\/\\\/secure.gravatar.com\\\/avatar\\\/5931a2d21dd7cc834f44c8c34fe56d90ed6d536ef452cbf870c7485b524dddd7?s=96&d=mm&r=g\",\"contentUrl\":\"https:\\\/\\\/secure.gravatar.com\\\/avatar\\\/5931a2d21dd7cc834f44c8c34fe56d90ed6d536ef452cbf870c7485b524dddd7?s=96&d=mm&r=g\",\"caption\":\"Redes\"},\"url\":\"https:\\\/\\\/www.yucatanencorto.com\\\/noticias\\\/author\\\/redes\\\/\"}]}<\/script>\n<!-- \/ Yoast SEO plugin. -->","yoast_head_json":{"title":"Fortalecen la cohesi\u00f3n social a trav\u00e9s de los espacios p\u00fablicos - Yucat\u00e1n en corto","robots":{"index":"index","follow":"follow","max-snippet":"max-snippet:-1","max-image-preview":"max-image-preview:large","max-video-preview":"max-video-preview:-1"},"canonical":"https:\/\/www.yucatanencorto.com\/noticias\/fortalecen-la-cohesion-social-a-traves-de-los-espacios-publicos\/","og_locale":"es_ES","og_type":"article","og_title":"Fortalecen la cohesi\u00f3n social a trav\u00e9s de los espacios p\u00fablicos - Yucat\u00e1n en corto","og_description":"M\u00e9rida, Yucat\u00e1n, a 7 de mayo de 2024-. En compa\u00f1\u00eda de vecinos y vecinas que colaboraron de la mano del Ayuntamiento en la toma de decisiones sobre el uso de los espacios p\u00fablicos de M\u00e9rida, el Alcalde Alejandro Ruz Castro supervis\u00f3 el avance de los trabajos realizados a trav\u00e9s del programa \u201cDise\u00f1o Participativo en Espacios [&hellip;]","og_url":"https:\/\/www.yucatanencorto.com\/noticias\/fortalecen-la-cohesion-social-a-traves-de-los-espacios-publicos\/","og_site_name":"Yucat\u00e1n en corto","article_publisher":"http:\/\/www.facebook.com\/yucatanencorto","article_published_time":"2024-05-08T01:06:51+00:00","og_image":[{"width":768,"height":512,"url":"https:\/\/www.yucatanencorto.com\/noticias\/wp-content\/uploads\/2024\/05\/IMG-20240507-WA0030-scaled.jpg","type":"image\/jpeg"}],"author":"Redes","twitter_card":"summary_large_image","twitter_creator":"@yucatanencorto","twitter_site":"@yucatanencorto","twitter_misc":{"Escrito por":"Redes","Tiempo de lectura":"3 minutos"},"schema":{"@context":"https:\/\/schema.org","@graph":[{"@type":"Article","@id":"https:\/\/www.yucatanencorto.com\/noticias\/fortalecen-la-cohesion-social-a-traves-de-los-espacios-publicos\/#article","isPartOf":{"@id":"https:\/\/www.yucatanencorto.com\/noticias\/fortalecen-la-cohesion-social-a-traves-de-los-espacios-publicos\/"},"author":{"name":"Redes","@id":"https:\/\/www.yucatanencorto.com\/noticias\/#\/schema\/person\/e2fbdfaf30a07014a43940ce989f3119"},"headline":"Fortalecen la cohesi\u00f3n social a trav\u00e9s de los espacios p\u00fablicos","datePublished":"2024-05-08T01:06:51+00:00","mainEntityOfPage":{"@id":"https:\/\/www.yucatanencorto.com\/noticias\/fortalecen-la-cohesion-social-a-traves-de-los-espacios-publicos\/"},"wordCount":667,"image":{"@id":"https:\/\/www.yucatanencorto.com\/noticias\/fortalecen-la-cohesion-social-a-traves-de-los-espacios-publicos\/#primaryimage"},"thumbnailUrl":"https:\/\/www.yucatanencorto.com\/noticias\/wp-content\/uploads\/2024\/05\/IMG-20240507-WA0030-scaled.jpg","articleSection":["Yucat\u00e1n"],"inLanguage":"es"},{"@type":"WebPage","@id":"https:\/\/www.yucatanencorto.com\/noticias\/fortalecen-la-cohesion-social-a-traves-de-los-espacios-publicos\/","url":"https:\/\/www.yucatanencorto.com\/noticias\/fortalecen-la-cohesion-social-a-traves-de-los-espacios-publicos\/","name":"Fortalecen la cohesi\u00f3n social a trav\u00e9s de los espacios p\u00fablicos - Yucat\u00e1n en corto","isPartOf":{"@id":"https:\/\/www.yucatanencorto.com\/noticias\/#website"},"primaryImageOfPage":{"@id":"https:\/\/www.yucatanencorto.com\/noticias\/fortalecen-la-cohesion-social-a-traves-de-los-espacios-publicos\/#primaryimage"},"image":{"@id":"https:\/\/www.yucatanencorto.com\/noticias\/fortalecen-la-cohesion-social-a-traves-de-los-espacios-publicos\/#primaryimage"},"thumbnailUrl":"https:\/\/www.yucatanencorto.com\/noticias\/wp-content\/uploads\/2024\/05\/IMG-20240507-WA0030-scaled.jpg","datePublished":"2024-05-08T01:06:51+00:00","author":{"@id":"https:\/\/www.yucatanencorto.com\/noticias\/#\/schema\/person\/e2fbdfaf30a07014a43940ce989f3119"},"breadcrumb":{"@id":"https:\/\/www.yucatanencorto.com\/noticias\/fortalecen-la-cohesion-social-a-traves-de-los-espacios-publicos\/#breadcrumb"},"inLanguage":"es","potentialAction":[{"@type":"ReadAction","target":["https:\/\/www.yucatanencorto.com\/noticias\/fortalecen-la-cohesion-social-a-traves-de-los-espacios-publicos\/"]}]},{"@type":"ImageObject","inLanguage":"es","@id":"https:\/\/www.yucatanencorto.com\/noticias\/fortalecen-la-cohesion-social-a-traves-de-los-espacios-publicos\/#primaryimage","url":"https:\/\/www.yucatanencorto.com\/noticias\/wp-content\/uploads\/2024\/05\/IMG-20240507-WA0030-scaled.jpg","contentUrl":"https:\/\/www.yucatanencorto.com\/noticias\/wp-content\/uploads\/2024\/05\/IMG-20240507-WA0030-scaled.jpg","width":768,"height":512},{"@type":"BreadcrumbList","@id":"https:\/\/www.yucatanencorto.com\/noticias\/fortalecen-la-cohesion-social-a-traves-de-los-espacios-publicos\/#breadcrumb","itemListElement":[{"@type":"ListItem","position":1,"name":"Portada","item":"https:\/\/www.yucatanencorto.com\/noticias\/"},{"@type":"ListItem","position":2,"name":"Fortalecen la cohesi\u00f3n social a trav\u00e9s de los espacios p\u00fablicos"}]},{"@type":"WebSite","@id":"https:\/\/www.yucatanencorto.com\/noticias\/#website","url":"https:\/\/www.yucatanencorto.com\/noticias\/","name":"Yucat\u00e1n en corto","description":"Noticias","potentialAction":[{"@type":"SearchAction","target":{"@type":"EntryPoint","urlTemplate":"https:\/\/www.yucatanencorto.com\/noticias\/?s={search_term_string}"},"query-input":{"@type":"PropertyValueSpecification","valueRequired":true,"valueName":"search_term_string"}}],"inLanguage":"es"},{"@type":"Person","@id":"https:\/\/www.yucatanencorto.com\/noticias\/#\/schema\/person\/e2fbdfaf30a07014a43940ce989f3119","name":"Redes","image":{"@type":"ImageObject","inLanguage":"es","@id":"https:\/\/secure.gravatar.com\/avatar\/5931a2d21dd7cc834f44c8c34fe56d90ed6d536ef452cbf870c7485b524dddd7?s=96&d=mm&r=g","url":"https:\/\/secure.gravatar.com\/avatar\/5931a2d21dd7cc834f44c8c34fe56d90ed6d536ef452cbf870c7485b524dddd7?s=96&d=mm&r=g","contentUrl":"https:\/\/secure.gravatar.com\/avatar\/5931a2d21dd7cc834f44c8c34fe56d90ed6d536ef452cbf870c7485b524dddd7?s=96&d=mm&r=g","caption":"Redes"},"url":"https:\/\/www.yucatanencorto.com\/noticias\/author\/redes\/"}]}},"_links":{"self":[{"href":"https:\/\/www.yucatanencorto.com\/noticias\/wp-json\/wp\/v2\/posts\/110104","targetHints":{"allow":["GET"]}}],"collection":[{"href":"https:\/\/www.yucatanencorto.com\/noticias\/wp-json\/wp\/v2\/posts"}],"about":[{"href":"https:\/\/www.yucatanencorto.com\/noticias\/wp-json\/wp\/v2\/types\/post"}],"author":[{"embeddable":true,"href":"https:\/\/www.yucatanencorto.com\/noticias\/wp-json\/wp\/v2\/users\/3"}],"replies":[{"embeddable":true,"href":"https:\/\/www.yucatanencorto.com\/noticias\/wp-json\/wp\/v2\/comments?post=110104"}],"version-history":[{"count":0,"href":"https:\/\/www.yucatanencorto.com\/noticias\/wp-json\/wp\/v2\/posts\/110104\/revisions"}],"wp:featuredmedia":[{"embeddable":true,"href":"https:\/\/www.yucatanencorto.com\/noticias\/wp-json\/wp\/v2\/media\/110105"}],"wp:attachment":[{"href":"https:\/\/www.yucatanencorto.com\/noticias\/wp-json\/wp\/v2\/media?parent=110104"}],"wp:term":[{"taxonomy":"category","embeddable":true,"href":"https:\/\/www.yucatanencorto.com\/noticias\/wp-json\/wp\/v2\/categories?post=110104"},{"taxonomy":"post_tag","embeddable":true,"href":"https:\/\/www.yucatanencorto.com\/noticias\/wp-json\/wp\/v2\/tags?post=110104"}],"curies":[{"name":"wp","href":"https:\/\/api.w.org\/{rel}","templated":true}]}}