{"id":110111,"date":"2024-05-07T22:04:06","date_gmt":"2024-05-08T04:04:06","guid":{"rendered":"https:\/\/www.yucatanencorto.com\/noticias\/?p=110111"},"modified":"2024-05-07T22:04:06","modified_gmt":"2024-05-08T04:04:06","slug":"el-ayuntamiento-listo-para-recibir-a-miles-de-visitantes-en-los-cementerios-municipales-por-el-dia-de-las-madres","status":"publish","type":"post","link":"https:\/\/www.yucatanencorto.com\/noticias\/el-ayuntamiento-listo-para-recibir-a-miles-de-visitantes-en-los-cementerios-municipales-por-el-dia-de-las-madres\/","title":{"rendered":"El Ayuntamiento, listo para recibir a miles de visitantes en los cementerios municipales por el D\u00eda de las Madres"},"content":{"rendered":"<p><img loading=\"lazy\" decoding=\"async\" class=\"alignnone size-full wp-image-110112\" src=\"https:\/\/www.yucatanencorto.com\/noticias\/wp-content\/uploads\/2024\/05\/IMG-20240507-WA0035-scaled.jpg\" alt=\"\" width=\"768\" height=\"512\" srcset=\"https:\/\/www.yucatanencorto.com\/noticias\/wp-content\/uploads\/2024\/05\/IMG-20240507-WA0035-scaled.jpg 768w, https:\/\/www.yucatanencorto.com\/noticias\/wp-content\/uploads\/2024\/05\/IMG-20240507-WA0035-150x100.jpg 150w, https:\/\/www.yucatanencorto.com\/noticias\/wp-content\/uploads\/2024\/05\/IMG-20240507-WA0035-300x200.jpg 300w, https:\/\/www.yucatanencorto.com\/noticias\/wp-content\/uploads\/2024\/05\/IMG-20240507-WA0035-696x464.jpg 696w, https:\/\/www.yucatanencorto.com\/noticias\/wp-content\/uploads\/2024\/05\/IMG-20240507-WA0035-1068x712.jpg 1068w\" sizes=\"auto, (max-width: 768px) 100vw, 768px\" \/><\/p>\n<p>M\u00e9rida, Yucat\u00e1n 7 de mayo de 2024.- El Ayuntamiento de M\u00e9rida, encabezado por Alejandro Ruz Castro, refuerza las labores de limpieza y mantenimiento integral de los cementerios municipales. Tambi\u00e9n se implementar\u00e1 un operativo especial de vigilancia para garantizar la seguridad y tranquilidad de los miles de visitantes que se espera recibir el pr\u00f3ximo 10 de mayo, D\u00eda de las Madres.<\/p>\n<p>&nbsp;<\/p>\n<p>De acuerdo con datos de a\u00f1os anteriores, se estima que los panteones municipales reciban aproximadamente unas 20 mil personas durante los 4 d\u00edas que dure el operativo. Se contempla que m\u00e1s de 10 mil visitantes acudan el viernes 10 de mayo. Por lo tanto, se le pide a la ciudadan\u00eda extremar sus precauciones para evitar accidentes de tr\u00e1nsito o golpes de calor.<\/p>\n<p>&nbsp;<\/p>\n<p>El operativo especial se llevar\u00e1 a cabo del jueves 9 al domingo 12 de mayo, en horario de 8 de la ma\u00f1ana a 5 de la tarde. Contar\u00e1 con el apoyo y la participaci\u00f3n de la Secretar\u00eda de Seguridad P\u00fablica y la Direcci\u00f3n de la Polic\u00eda Municipal de M\u00e9rida.<\/p>\n<p>&nbsp;<\/p>\n<p>Las corporaciones policiacas ser\u00e1n las encargadas de cuidar la circulaci\u00f3n vehicular y mantener el orden, la vigilancia y seguridad dentro y fuera de los cementerios Xocl\u00e1n, Cementerio General, Florido, Chuburn\u00e1, Jardines de la Paz, as\u00ed como en algunas comisar\u00edas.<\/p>\n<p>&nbsp;<\/p>\n<p>Adem\u00e1s, se dispondr\u00e1n de 5 cuadrillas de limpieza durante los d\u00edas que dure el operativo especial. Estas se encargar\u00e1n de levantar toda la basura que se genere en los cementerios Xocl\u00e1n, Cementerio General y Comisar\u00edas.<\/p>\n<p>&nbsp;<\/p>\n<p>Con el fin de garantizar el suministro de agua, se instalar\u00e1n 10 tinacos de agua provisionales en diversos puntos de los camposantos. Esto permitir\u00e1 que las y los visitantes puedan disponer del vital l\u00edquido durante su permanencia.<\/p>\n<p>&nbsp;<\/p>\n<p>El despliegue de acciones incluye tambi\u00e9n la fumigaci\u00f3n de los panteones este mi\u00e9rcoles por la noche. Esto se realizar\u00e1 para el control de los mosquitos, tambi\u00e9n se habilitar\u00e1n ba\u00f1os p\u00fablicos en los panteones Chuburn\u00e1, Florido, Cementerio General, Jardines de la Paz y Xocl\u00e1n. Todo esto se hace para mayor comodidad de las y los visitantes.<\/p>\n<p>&nbsp;<\/p>\n<p>Aunado a lo anterior, se informa que la oficina del departamento de Panteones laborar\u00e1 de manera normal de 8 de la ma\u00f1ana a 6 de la tarde para atenci\u00f3n al p\u00fablico.<\/p>\n<p>&nbsp;<\/p>\n<p>Asimismo, la Funeraria Xocl\u00e1n trabajar\u00e1 en su horario habitual de 24 horas, brindando servicios funerarios, tal como lo hace los 365 d\u00edas del a\u00f1o.<\/p>\n<p>&nbsp;<\/p>\n<p>Cabe se\u00f1alar que actualmente brigadas de la direcci\u00f3n de Servicios P\u00fablicos Municipales llevan a cabo un operativo intensivo de limpieza y mantenimiento general en los camposantos. Esto se hace para dejarlos en \u00f3ptimas condiciones previo a la llegada de las y los visitantes.<\/p>\n<p>&nbsp;<\/p>\n<p>Actividades recreativas.<\/p>\n<p>&nbsp;<\/p>\n<p>Por otro lado, el Ayuntamiento de M\u00e9rida tambi\u00e9n prepar\u00f3 diversos eventos para festejar a las madres en su d\u00eda.<\/p>\n<p>&nbsp;<\/p>\n<p>El mi\u00e9rcoles 8 de mayo, a las 8 de la noche, se llevar\u00e1 a cabo el concierto de Lucero y Mijares en el Pabell\u00f3n Alegr\u00eda ubicado a un costado de Plaza Canek. La entrada es libre.<\/p>\n<p>&nbsp;<\/p>\n<p>El jueves 9 de mayo, de 9 a 10 de la noche, se realizar\u00e1 un programa especial en el parque de Santa Luc\u00eda.<\/p>\n<p>&nbsp;<\/p>\n<p>Finalmente, las actividades concluir\u00e1n el s\u00e1bado 11 de mayo, con el programa especial \u00abCelebremos a las madres\u00bb en el Remate de Montejo. El evento se realizar\u00e1 de 8 a 10 de la noche.<\/p>\n","protected":false},"excerpt":{"rendered":"<p>M\u00e9rida, Yucat\u00e1n 7 de mayo de 2024.- El Ayuntamiento de M\u00e9rida, encabezado por Alejandro Ruz Castro, refuerza las labores de limpieza y mantenimiento integral de los cementerios municipales. Tambi\u00e9n se implementar\u00e1 un operativo especial de vigilancia para garantizar la seguridad y tranquilidad de los miles de visitantes que se espera recibir el pr\u00f3ximo 10 de [&hellip;]<\/p>\n","protected":false},"author":3,"featured_media":110112,"comment_status":"closed","ping_status":"closed","sticky":false,"template":"","format":"standard","meta":{"footnotes":""},"categories":[3],"tags":[],"class_list":{"0":"post-110111","1":"post","2":"type-post","3":"status-publish","4":"format-standard","5":"has-post-thumbnail","7":"category-yucatan"},"yoast_head":"<!-- This site is optimized with the Yoast SEO plugin v27.5 - https:\/\/yoast.com\/product\/yoast-seo-wordpress\/ -->\n<title>El Ayuntamiento, listo para recibir a miles de visitantes en los cementerios municipales por el D\u00eda de las Madres - Yucat\u00e1n en corto<\/title>\n<meta name=\"robots\" content=\"index, follow, max-snippet:-1, max-image-preview:large, max-video-preview:-1\" \/>\n<link rel=\"canonical\" href=\"https:\/\/www.yucatanencorto.com\/noticias\/el-ayuntamiento-listo-para-recibir-a-miles-de-visitantes-en-los-cementerios-municipales-por-el-dia-de-las-madres\/\" \/>\n<meta property=\"og:locale\" content=\"es_ES\" \/>\n<meta property=\"og:type\" content=\"article\" \/>\n<meta property=\"og:title\" content=\"El Ayuntamiento, listo para recibir a miles de visitantes en los cementerios municipales por el D\u00eda de las Madres - Yucat\u00e1n en corto\" \/>\n<meta property=\"og:description\" content=\"M\u00e9rida, Yucat\u00e1n 7 de mayo de 2024.- El Ayuntamiento de M\u00e9rida, encabezado por Alejandro Ruz Castro, refuerza las labores de limpieza y mantenimiento integral de los cementerios municipales. Tambi\u00e9n se implementar\u00e1 un operativo especial de vigilancia para garantizar la seguridad y tranquilidad de los miles de visitantes que se espera recibir el pr\u00f3ximo 10 de [&hellip;]\" \/>\n<meta property=\"og:url\" content=\"https:\/\/www.yucatanencorto.com\/noticias\/el-ayuntamiento-listo-para-recibir-a-miles-de-visitantes-en-los-cementerios-municipales-por-el-dia-de-las-madres\/\" \/>\n<meta property=\"og:site_name\" content=\"Yucat\u00e1n en corto\" \/>\n<meta property=\"article:publisher\" content=\"http:\/\/www.facebook.com\/yucatanencorto\" \/>\n<meta property=\"article:published_time\" content=\"2024-05-08T04:04:06+00:00\" \/>\n<meta property=\"og:image\" content=\"https:\/\/www.yucatanencorto.com\/noticias\/wp-content\/uploads\/2024\/05\/IMG-20240507-WA0035-scaled.jpg\" \/>\n\t<meta property=\"og:image:width\" content=\"768\" \/>\n\t<meta property=\"og:image:height\" content=\"512\" \/>\n\t<meta property=\"og:image:type\" content=\"image\/jpeg\" \/>\n<meta name=\"author\" content=\"Redes\" \/>\n<meta name=\"twitter:card\" content=\"summary_large_image\" \/>\n<meta name=\"twitter:creator\" content=\"@yucatanencorto\" \/>\n<meta name=\"twitter:site\" content=\"@yucatanencorto\" \/>\n<meta name=\"twitter:label1\" content=\"Escrito por\" \/>\n\t<meta name=\"twitter:data1\" content=\"Redes\" \/>\n\t<meta name=\"twitter:label2\" content=\"Tiempo de lectura\" \/>\n\t<meta name=\"twitter:data2\" content=\"3 minutos\" \/>\n<script type=\"application\/ld+json\" class=\"yoast-schema-graph\">{\"@context\":\"https:\\\/\\\/schema.org\",\"@graph\":[{\"@type\":\"Article\",\"@id\":\"https:\\\/\\\/www.yucatanencorto.com\\\/noticias\\\/el-ayuntamiento-listo-para-recibir-a-miles-de-visitantes-en-los-cementerios-municipales-por-el-dia-de-las-madres\\\/#article\",\"isPartOf\":{\"@id\":\"https:\\\/\\\/www.yucatanencorto.com\\\/noticias\\\/el-ayuntamiento-listo-para-recibir-a-miles-de-visitantes-en-los-cementerios-municipales-por-el-dia-de-las-madres\\\/\"},\"author\":{\"name\":\"Redes\",\"@id\":\"https:\\\/\\\/www.yucatanencorto.com\\\/noticias\\\/#\\\/schema\\\/person\\\/e2fbdfaf30a07014a43940ce989f3119\"},\"headline\":\"El Ayuntamiento, listo para recibir a miles de visitantes en los cementerios municipales por el D\u00eda de las Madres\",\"datePublished\":\"2024-05-08T04:04:06+00:00\",\"mainEntityOfPage\":{\"@id\":\"https:\\\/\\\/www.yucatanencorto.com\\\/noticias\\\/el-ayuntamiento-listo-para-recibir-a-miles-de-visitantes-en-los-cementerios-municipales-por-el-dia-de-las-madres\\\/\"},\"wordCount\":614,\"image\":{\"@id\":\"https:\\\/\\\/www.yucatanencorto.com\\\/noticias\\\/el-ayuntamiento-listo-para-recibir-a-miles-de-visitantes-en-los-cementerios-municipales-por-el-dia-de-las-madres\\\/#primaryimage\"},\"thumbnailUrl\":\"https:\\\/\\\/www.yucatanencorto.com\\\/noticias\\\/wp-content\\\/uploads\\\/2024\\\/05\\\/IMG-20240507-WA0035-scaled.jpg\",\"articleSection\":[\"Yucat\u00e1n\"],\"inLanguage\":\"es\"},{\"@type\":\"WebPage\",\"@id\":\"https:\\\/\\\/www.yucatanencorto.com\\\/noticias\\\/el-ayuntamiento-listo-para-recibir-a-miles-de-visitantes-en-los-cementerios-municipales-por-el-dia-de-las-madres\\\/\",\"url\":\"https:\\\/\\\/www.yucatanencorto.com\\\/noticias\\\/el-ayuntamiento-listo-para-recibir-a-miles-de-visitantes-en-los-cementerios-municipales-por-el-dia-de-las-madres\\\/\",\"name\":\"El Ayuntamiento, listo para recibir a miles de visitantes en los cementerios municipales por el D\u00eda de las Madres - Yucat\u00e1n en corto\",\"isPartOf\":{\"@id\":\"https:\\\/\\\/www.yucatanencorto.com\\\/noticias\\\/#website\"},\"primaryImageOfPage\":{\"@id\":\"https:\\\/\\\/www.yucatanencorto.com\\\/noticias\\\/el-ayuntamiento-listo-para-recibir-a-miles-de-visitantes-en-los-cementerios-municipales-por-el-dia-de-las-madres\\\/#primaryimage\"},\"image\":{\"@id\":\"https:\\\/\\\/www.yucatanencorto.com\\\/noticias\\\/el-ayuntamiento-listo-para-recibir-a-miles-de-visitantes-en-los-cementerios-municipales-por-el-dia-de-las-madres\\\/#primaryimage\"},\"thumbnailUrl\":\"https:\\\/\\\/www.yucatanencorto.com\\\/noticias\\\/wp-content\\\/uploads\\\/2024\\\/05\\\/IMG-20240507-WA0035-scaled.jpg\",\"datePublished\":\"2024-05-08T04:04:06+00:00\",\"author\":{\"@id\":\"https:\\\/\\\/www.yucatanencorto.com\\\/noticias\\\/#\\\/schema\\\/person\\\/e2fbdfaf30a07014a43940ce989f3119\"},\"breadcrumb\":{\"@id\":\"https:\\\/\\\/www.yucatanencorto.com\\\/noticias\\\/el-ayuntamiento-listo-para-recibir-a-miles-de-visitantes-en-los-cementerios-municipales-por-el-dia-de-las-madres\\\/#breadcrumb\"},\"inLanguage\":\"es\",\"potentialAction\":[{\"@type\":\"ReadAction\",\"target\":[\"https:\\\/\\\/www.yucatanencorto.com\\\/noticias\\\/el-ayuntamiento-listo-para-recibir-a-miles-de-visitantes-en-los-cementerios-municipales-por-el-dia-de-las-madres\\\/\"]}]},{\"@type\":\"ImageObject\",\"inLanguage\":\"es\",\"@id\":\"https:\\\/\\\/www.yucatanencorto.com\\\/noticias\\\/el-ayuntamiento-listo-para-recibir-a-miles-de-visitantes-en-los-cementerios-municipales-por-el-dia-de-las-madres\\\/#primaryimage\",\"url\":\"https:\\\/\\\/www.yucatanencorto.com\\\/noticias\\\/wp-content\\\/uploads\\\/2024\\\/05\\\/IMG-20240507-WA0035-scaled.jpg\",\"contentUrl\":\"https:\\\/\\\/www.yucatanencorto.com\\\/noticias\\\/wp-content\\\/uploads\\\/2024\\\/05\\\/IMG-20240507-WA0035-scaled.jpg\",\"width\":768,\"height\":512},{\"@type\":\"BreadcrumbList\",\"@id\":\"https:\\\/\\\/www.yucatanencorto.com\\\/noticias\\\/el-ayuntamiento-listo-para-recibir-a-miles-de-visitantes-en-los-cementerios-municipales-por-el-dia-de-las-madres\\\/#breadcrumb\",\"itemListElement\":[{\"@type\":\"ListItem\",\"position\":1,\"name\":\"Portada\",\"item\":\"https:\\\/\\\/www.yucatanencorto.com\\\/noticias\\\/\"},{\"@type\":\"ListItem\",\"position\":2,\"name\":\"El Ayuntamiento, listo para recibir a miles de visitantes en los cementerios municipales por el D\u00eda de las Madres\"}]},{\"@type\":\"WebSite\",\"@id\":\"https:\\\/\\\/www.yucatanencorto.com\\\/noticias\\\/#website\",\"url\":\"https:\\\/\\\/www.yucatanencorto.com\\\/noticias\\\/\",\"name\":\"Yucat\u00e1n en corto\",\"description\":\"Noticias\",\"potentialAction\":[{\"@type\":\"SearchAction\",\"target\":{\"@type\":\"EntryPoint\",\"urlTemplate\":\"https:\\\/\\\/www.yucatanencorto.com\\\/noticias\\\/?s={search_term_string}\"},\"query-input\":{\"@type\":\"PropertyValueSpecification\",\"valueRequired\":true,\"valueName\":\"search_term_string\"}}],\"inLanguage\":\"es\"},{\"@type\":\"Person\",\"@id\":\"https:\\\/\\\/www.yucatanencorto.com\\\/noticias\\\/#\\\/schema\\\/person\\\/e2fbdfaf30a07014a43940ce989f3119\",\"name\":\"Redes\",\"image\":{\"@type\":\"ImageObject\",\"inLanguage\":\"es\",\"@id\":\"https:\\\/\\\/secure.gravatar.com\\\/avatar\\\/5931a2d21dd7cc834f44c8c34fe56d90ed6d536ef452cbf870c7485b524dddd7?s=96&d=mm&r=g\",\"url\":\"https:\\\/\\\/secure.gravatar.com\\\/avatar\\\/5931a2d21dd7cc834f44c8c34fe56d90ed6d536ef452cbf870c7485b524dddd7?s=96&d=mm&r=g\",\"contentUrl\":\"https:\\\/\\\/secure.gravatar.com\\\/avatar\\\/5931a2d21dd7cc834f44c8c34fe56d90ed6d536ef452cbf870c7485b524dddd7?s=96&d=mm&r=g\",\"caption\":\"Redes\"},\"url\":\"https:\\\/\\\/www.yucatanencorto.com\\\/noticias\\\/author\\\/redes\\\/\"}]}<\/script>\n<!-- \/ Yoast SEO plugin. -->","yoast_head_json":{"title":"El Ayuntamiento, listo para recibir a miles de visitantes en los cementerios municipales por el D\u00eda de las Madres - Yucat\u00e1n en corto","robots":{"index":"index","follow":"follow","max-snippet":"max-snippet:-1","max-image-preview":"max-image-preview:large","max-video-preview":"max-video-preview:-1"},"canonical":"https:\/\/www.yucatanencorto.com\/noticias\/el-ayuntamiento-listo-para-recibir-a-miles-de-visitantes-en-los-cementerios-municipales-por-el-dia-de-las-madres\/","og_locale":"es_ES","og_type":"article","og_title":"El Ayuntamiento, listo para recibir a miles de visitantes en los cementerios municipales por el D\u00eda de las Madres - Yucat\u00e1n en corto","og_description":"M\u00e9rida, Yucat\u00e1n 7 de mayo de 2024.- El Ayuntamiento de M\u00e9rida, encabezado por Alejandro Ruz Castro, refuerza las labores de limpieza y mantenimiento integral de los cementerios municipales. Tambi\u00e9n se implementar\u00e1 un operativo especial de vigilancia para garantizar la seguridad y tranquilidad de los miles de visitantes que se espera recibir el pr\u00f3ximo 10 de [&hellip;]","og_url":"https:\/\/www.yucatanencorto.com\/noticias\/el-ayuntamiento-listo-para-recibir-a-miles-de-visitantes-en-los-cementerios-municipales-por-el-dia-de-las-madres\/","og_site_name":"Yucat\u00e1n en corto","article_publisher":"http:\/\/www.facebook.com\/yucatanencorto","article_published_time":"2024-05-08T04:04:06+00:00","og_image":[{"width":768,"height":512,"url":"https:\/\/www.yucatanencorto.com\/noticias\/wp-content\/uploads\/2024\/05\/IMG-20240507-WA0035-scaled.jpg","type":"image\/jpeg"}],"author":"Redes","twitter_card":"summary_large_image","twitter_creator":"@yucatanencorto","twitter_site":"@yucatanencorto","twitter_misc":{"Escrito por":"Redes","Tiempo de lectura":"3 minutos"},"schema":{"@context":"https:\/\/schema.org","@graph":[{"@type":"Article","@id":"https:\/\/www.yucatanencorto.com\/noticias\/el-ayuntamiento-listo-para-recibir-a-miles-de-visitantes-en-los-cementerios-municipales-por-el-dia-de-las-madres\/#article","isPartOf":{"@id":"https:\/\/www.yucatanencorto.com\/noticias\/el-ayuntamiento-listo-para-recibir-a-miles-de-visitantes-en-los-cementerios-municipales-por-el-dia-de-las-madres\/"},"author":{"name":"Redes","@id":"https:\/\/www.yucatanencorto.com\/noticias\/#\/schema\/person\/e2fbdfaf30a07014a43940ce989f3119"},"headline":"El Ayuntamiento, listo para recibir a miles de visitantes en los cementerios municipales por el D\u00eda de las Madres","datePublished":"2024-05-08T04:04:06+00:00","mainEntityOfPage":{"@id":"https:\/\/www.yucatanencorto.com\/noticias\/el-ayuntamiento-listo-para-recibir-a-miles-de-visitantes-en-los-cementerios-municipales-por-el-dia-de-las-madres\/"},"wordCount":614,"image":{"@id":"https:\/\/www.yucatanencorto.com\/noticias\/el-ayuntamiento-listo-para-recibir-a-miles-de-visitantes-en-los-cementerios-municipales-por-el-dia-de-las-madres\/#primaryimage"},"thumbnailUrl":"https:\/\/www.yucatanencorto.com\/noticias\/wp-content\/uploads\/2024\/05\/IMG-20240507-WA0035-scaled.jpg","articleSection":["Yucat\u00e1n"],"inLanguage":"es"},{"@type":"WebPage","@id":"https:\/\/www.yucatanencorto.com\/noticias\/el-ayuntamiento-listo-para-recibir-a-miles-de-visitantes-en-los-cementerios-municipales-por-el-dia-de-las-madres\/","url":"https:\/\/www.yucatanencorto.com\/noticias\/el-ayuntamiento-listo-para-recibir-a-miles-de-visitantes-en-los-cementerios-municipales-por-el-dia-de-las-madres\/","name":"El Ayuntamiento, listo para recibir a miles de visitantes en los cementerios municipales por el D\u00eda de las Madres - Yucat\u00e1n en corto","isPartOf":{"@id":"https:\/\/www.yucatanencorto.com\/noticias\/#website"},"primaryImageOfPage":{"@id":"https:\/\/www.yucatanencorto.com\/noticias\/el-ayuntamiento-listo-para-recibir-a-miles-de-visitantes-en-los-cementerios-municipales-por-el-dia-de-las-madres\/#primaryimage"},"image":{"@id":"https:\/\/www.yucatanencorto.com\/noticias\/el-ayuntamiento-listo-para-recibir-a-miles-de-visitantes-en-los-cementerios-municipales-por-el-dia-de-las-madres\/#primaryimage"},"thumbnailUrl":"https:\/\/www.yucatanencorto.com\/noticias\/wp-content\/uploads\/2024\/05\/IMG-20240507-WA0035-scaled.jpg","datePublished":"2024-05-08T04:04:06+00:00","author":{"@id":"https:\/\/www.yucatanencorto.com\/noticias\/#\/schema\/person\/e2fbdfaf30a07014a43940ce989f3119"},"breadcrumb":{"@id":"https:\/\/www.yucatanencorto.com\/noticias\/el-ayuntamiento-listo-para-recibir-a-miles-de-visitantes-en-los-cementerios-municipales-por-el-dia-de-las-madres\/#breadcrumb"},"inLanguage":"es","potentialAction":[{"@type":"ReadAction","target":["https:\/\/www.yucatanencorto.com\/noticias\/el-ayuntamiento-listo-para-recibir-a-miles-de-visitantes-en-los-cementerios-municipales-por-el-dia-de-las-madres\/"]}]},{"@type":"ImageObject","inLanguage":"es","@id":"https:\/\/www.yucatanencorto.com\/noticias\/el-ayuntamiento-listo-para-recibir-a-miles-de-visitantes-en-los-cementerios-municipales-por-el-dia-de-las-madres\/#primaryimage","url":"https:\/\/www.yucatanencorto.com\/noticias\/wp-content\/uploads\/2024\/05\/IMG-20240507-WA0035-scaled.jpg","contentUrl":"https:\/\/www.yucatanencorto.com\/noticias\/wp-content\/uploads\/2024\/05\/IMG-20240507-WA0035-scaled.jpg","width":768,"height":512},{"@type":"BreadcrumbList","@id":"https:\/\/www.yucatanencorto.com\/noticias\/el-ayuntamiento-listo-para-recibir-a-miles-de-visitantes-en-los-cementerios-municipales-por-el-dia-de-las-madres\/#breadcrumb","itemListElement":[{"@type":"ListItem","position":1,"name":"Portada","item":"https:\/\/www.yucatanencorto.com\/noticias\/"},{"@type":"ListItem","position":2,"name":"El Ayuntamiento, listo para recibir a miles de visitantes en los cementerios municipales por el D\u00eda de las Madres"}]},{"@type":"WebSite","@id":"https:\/\/www.yucatanencorto.com\/noticias\/#website","url":"https:\/\/www.yucatanencorto.com\/noticias\/","name":"Yucat\u00e1n en corto","description":"Noticias","potentialAction":[{"@type":"SearchAction","target":{"@type":"EntryPoint","urlTemplate":"https:\/\/www.yucatanencorto.com\/noticias\/?s={search_term_string}"},"query-input":{"@type":"PropertyValueSpecification","valueRequired":true,"valueName":"search_term_string"}}],"inLanguage":"es"},{"@type":"Person","@id":"https:\/\/www.yucatanencorto.com\/noticias\/#\/schema\/person\/e2fbdfaf30a07014a43940ce989f3119","name":"Redes","image":{"@type":"ImageObject","inLanguage":"es","@id":"https:\/\/secure.gravatar.com\/avatar\/5931a2d21dd7cc834f44c8c34fe56d90ed6d536ef452cbf870c7485b524dddd7?s=96&d=mm&r=g","url":"https:\/\/secure.gravatar.com\/avatar\/5931a2d21dd7cc834f44c8c34fe56d90ed6d536ef452cbf870c7485b524dddd7?s=96&d=mm&r=g","contentUrl":"https:\/\/secure.gravatar.com\/avatar\/5931a2d21dd7cc834f44c8c34fe56d90ed6d536ef452cbf870c7485b524dddd7?s=96&d=mm&r=g","caption":"Redes"},"url":"https:\/\/www.yucatanencorto.com\/noticias\/author\/redes\/"}]}},"_links":{"self":[{"href":"https:\/\/www.yucatanencorto.com\/noticias\/wp-json\/wp\/v2\/posts\/110111","targetHints":{"allow":["GET"]}}],"collection":[{"href":"https:\/\/www.yucatanencorto.com\/noticias\/wp-json\/wp\/v2\/posts"}],"about":[{"href":"https:\/\/www.yucatanencorto.com\/noticias\/wp-json\/wp\/v2\/types\/post"}],"author":[{"embeddable":true,"href":"https:\/\/www.yucatanencorto.com\/noticias\/wp-json\/wp\/v2\/users\/3"}],"replies":[{"embeddable":true,"href":"https:\/\/www.yucatanencorto.com\/noticias\/wp-json\/wp\/v2\/comments?post=110111"}],"version-history":[{"count":0,"href":"https:\/\/www.yucatanencorto.com\/noticias\/wp-json\/wp\/v2\/posts\/110111\/revisions"}],"wp:featuredmedia":[{"embeddable":true,"href":"https:\/\/www.yucatanencorto.com\/noticias\/wp-json\/wp\/v2\/media\/110112"}],"wp:attachment":[{"href":"https:\/\/www.yucatanencorto.com\/noticias\/wp-json\/wp\/v2\/media?parent=110111"}],"wp:term":[{"taxonomy":"category","embeddable":true,"href":"https:\/\/www.yucatanencorto.com\/noticias\/wp-json\/wp\/v2\/categories?post=110111"},{"taxonomy":"post_tag","embeddable":true,"href":"https:\/\/www.yucatanencorto.com\/noticias\/wp-json\/wp\/v2\/tags?post=110111"}],"curies":[{"name":"wp","href":"https:\/\/api.w.org\/{rel}","templated":true}]}}