{"id":110116,"date":"2024-05-08T16:16:42","date_gmt":"2024-05-08T22:16:42","guid":{"rendered":"https:\/\/www.yucatanencorto.com\/noticias\/?p=110116"},"modified":"2024-05-08T16:16:42","modified_gmt":"2024-05-08T22:16:42","slug":"la-salud-mental-entre-las-prioridades-para-fortalecer-el-bienestar-de-la-ninez-y-adolescencia-de-yucatan","status":"publish","type":"post","link":"https:\/\/www.yucatanencorto.com\/noticias\/la-salud-mental-entre-las-prioridades-para-fortalecer-el-bienestar-de-la-ninez-y-adolescencia-de-yucatan\/","title":{"rendered":"La salud mental, entre las prioridades para fortalecer el bienestar de la ni\u00f1ez y adolescencia de Yucat\u00e1n  \u00a0"},"content":{"rendered":"<p><img loading=\"lazy\" decoding=\"async\" class=\"alignnone size-full wp-image-110117\" src=\"https:\/\/www.yucatanencorto.com\/noticias\/wp-content\/uploads\/2024\/05\/IMG-20240508-WA0045-scaled.jpg\" alt=\"\" width=\"768\" height=\"512\" srcset=\"https:\/\/www.yucatanencorto.com\/noticias\/wp-content\/uploads\/2024\/05\/IMG-20240508-WA0045-scaled.jpg 768w, https:\/\/www.yucatanencorto.com\/noticias\/wp-content\/uploads\/2024\/05\/IMG-20240508-WA0045-150x100.jpg 150w, https:\/\/www.yucatanencorto.com\/noticias\/wp-content\/uploads\/2024\/05\/IMG-20240508-WA0045-300x200.jpg 300w, https:\/\/www.yucatanencorto.com\/noticias\/wp-content\/uploads\/2024\/05\/IMG-20240508-WA0045-696x464.jpg 696w, https:\/\/www.yucatanencorto.com\/noticias\/wp-content\/uploads\/2024\/05\/IMG-20240508-WA0045-1068x712.jpg 1068w\" sizes=\"auto, (max-width: 768px) 100vw, 768px\" \/><\/p>\n<p>M\u00e9rida, Yucat\u00e1n a 8 de mayo de 2024<\/p>\n<p>En sesi\u00f3n ordinaria, las y los diputados aprobaron por unanimidad el dictamen correspondiente a la modificaci\u00f3n a la Ley de los Derechos de Ni\u00f1as, Ni\u00f1os y Adolescentes con el objetivo de adicionar la definici\u00f3n de \u201csalud mental\u201d para que las autoridades realicen acciones que garanticen mayor seguridad para la ni\u00f1ez y adolescencia en Yucat\u00e1n.<\/p>\n<p>&nbsp;<\/p>\n<p>Al respecto, la diputada Carmen Gonz\u00e1lez Mart\u00edn expres\u00f3 que entre las propiedades de esta iniciativa se determina garantizar dentro del sistema educativo estatal la educaci\u00f3n emocional como una herramienta adecuada en materia de salud mental mediante instrumentos que favorezcan el desarrollo de la inteligencia emocional y su aplicaci\u00f3n en situaciones cotidianas.<\/p>\n<p>&nbsp;<\/p>\n<p>\u201cEs necesario resaltar la importancia de realizar intervenciones tempranas e integrales, con el prop\u00f3sito de brindar a nuestros ni\u00f1os y j\u00f3venes ambientes saludables que les permitan fortalecer su autoestima al interior de sus familias y comunidades\u201d, puntualiz\u00f3.<\/p>\n<p>&nbsp;<\/p>\n<p>En la plenaria, se aprob\u00f3 el dictamen para declarar a \u201cLa Chispa de la Rebeli\u00f3n de Valladolid\u201d, como Patrimonio Cultural Intangible del Estado de Yucat\u00e1n.<\/p>\n<p>&nbsp;<\/p>\n<p>Por unanimidad aprobaron el dictamen para modificar diversos art\u00edculos de la Ley de Salud del Estado en materia de parteras tradicionales, siendo esta una pr\u00e1ctica de la medicina ancestral ind\u00edgena.<\/p>\n<p>&nbsp;<\/p>\n<p>Como parte del orden del d\u00eda aprobaron el dictamen para modificar la Constituci\u00f3n, la Ley de Fiscalizaci\u00f3n de la Cuenta P\u00fablica y la Ley de Presupuesto y Contabilidad Gubernamental, todas del estado, en materia de irreductibilidad del presupuesto de la Auditor\u00eda Superior y del Congreso del Estado.<\/p>\n<p>&nbsp;<\/p>\n<p>El diputado Gaspar Quintal Parra expres\u00f3 que con este dictamen se fortalece de manera imparcial a ambos, \u201cbuscando las mejores pr\u00e1cticas en materia de fiscalizaci\u00f3n y control gubernamental, demostrando el compromiso del estado de Yucat\u00e1n con los principios de transparencia, rendici\u00f3n de cuentas y buen gobierno\u201d.<\/p>\n<p>&nbsp;<\/p>\n<p>Las y los legisladores aprobaron el dictamen que contiene la resoluci\u00f3n de la solicitud de Sey\u00e9 relativo al pago de laudos dictados en expedientes laborales del Juzgado Segundo de Distrito en el Estado con cargo a las participaciones que en ingresos federales correspondan.<\/p>\n<p>&nbsp;<\/p>\n<p>Asimismo, se dio por enterado al Pleno el oficio de la separaci\u00f3n del cargo del Gobernador Constitucional del Estado, Mauricio Vila Dosal, quedando como encargada del Despacho, Mar\u00eda Fritz Sierra.<\/p>\n<p>&nbsp;<\/p>\n<p>Se turn\u00f3 a la Auditor\u00eda Superior del Estado los oficios de los ayuntamientos de Kinchil y Tetiz con el que remiten los informes de la cuenta p\u00fablica de 2023.<\/p>\n<p>&nbsp;<\/p>\n<p>A la comisi\u00f3n de Puntos Constitucionales se envi\u00f3 el oficio de la Secretar\u00eda General de la Suprema Corte de Justicia de la Naci\u00f3n, secci\u00f3n tr\u00e1mites de controversias constitucionales, mediante el cual se notifica los puntos resolutivos de la sentencia dictada en la acci\u00f3n de inconstitucionalidad promovida por la Comisi\u00f3n de Derechos Humanos.<\/p>\n<p>&nbsp;<\/p>\n<p>En asuntos generales, se present\u00f3 una iniciativa que obliga a la presidencia de la Mesa Directiva a tomar acciones eficaces con el fin de prevenir hechos u omisiones relativos a los intentos de violencia pol\u00edtica hacia las mujeres legisladoras.<\/p>\n<p>&nbsp;<\/p>\n<p>Al t\u00e9rmino se aprob\u00f3 la realizaci\u00f3n de la siguiente sesi\u00f3n, el 22 de mayo a las 10 horas.<\/p>\n","protected":false},"excerpt":{"rendered":"<p>M\u00e9rida, Yucat\u00e1n a 8 de mayo de 2024 En sesi\u00f3n ordinaria, las y los diputados aprobaron por unanimidad el dictamen correspondiente a la modificaci\u00f3n a la Ley de los Derechos de Ni\u00f1as, Ni\u00f1os y Adolescentes con el objetivo de adicionar la definici\u00f3n de \u201csalud mental\u201d para que las autoridades realicen acciones que garanticen mayor seguridad [&hellip;]<\/p>\n","protected":false},"author":3,"featured_media":110117,"comment_status":"closed","ping_status":"closed","sticky":false,"template":"","format":"standard","meta":{"footnotes":""},"categories":[3],"tags":[],"class_list":{"0":"post-110116","1":"post","2":"type-post","3":"status-publish","4":"format-standard","5":"has-post-thumbnail","7":"category-yucatan"},"yoast_head":"<!-- This site is optimized with the Yoast SEO plugin v27.5 - https:\/\/yoast.com\/product\/yoast-seo-wordpress\/ -->\n<title>La salud mental, entre las prioridades para fortalecer el bienestar de la ni\u00f1ez y adolescencia de Yucat\u00e1n \u00a0 - Yucat\u00e1n en corto<\/title>\n<meta name=\"robots\" content=\"index, follow, max-snippet:-1, max-image-preview:large, max-video-preview:-1\" \/>\n<link rel=\"canonical\" href=\"https:\/\/www.yucatanencorto.com\/noticias\/la-salud-mental-entre-las-prioridades-para-fortalecer-el-bienestar-de-la-ninez-y-adolescencia-de-yucatan\/\" \/>\n<meta property=\"og:locale\" content=\"es_ES\" \/>\n<meta property=\"og:type\" content=\"article\" \/>\n<meta property=\"og:title\" content=\"La salud mental, entre las prioridades para fortalecer el bienestar de la ni\u00f1ez y adolescencia de Yucat\u00e1n \u00a0 - Yucat\u00e1n en corto\" \/>\n<meta property=\"og:description\" content=\"M\u00e9rida, Yucat\u00e1n a 8 de mayo de 2024 En sesi\u00f3n ordinaria, las y los diputados aprobaron por unanimidad el dictamen correspondiente a la modificaci\u00f3n a la Ley de los Derechos de Ni\u00f1as, Ni\u00f1os y Adolescentes con el objetivo de adicionar la definici\u00f3n de \u201csalud mental\u201d para que las autoridades realicen acciones que garanticen mayor seguridad [&hellip;]\" \/>\n<meta property=\"og:url\" content=\"https:\/\/www.yucatanencorto.com\/noticias\/la-salud-mental-entre-las-prioridades-para-fortalecer-el-bienestar-de-la-ninez-y-adolescencia-de-yucatan\/\" \/>\n<meta property=\"og:site_name\" content=\"Yucat\u00e1n en corto\" \/>\n<meta property=\"article:publisher\" content=\"http:\/\/www.facebook.com\/yucatanencorto\" \/>\n<meta property=\"article:published_time\" content=\"2024-05-08T22:16:42+00:00\" \/>\n<meta property=\"og:image\" content=\"https:\/\/www.yucatanencorto.com\/noticias\/wp-content\/uploads\/2024\/05\/IMG-20240508-WA0045-scaled.jpg\" \/>\n\t<meta property=\"og:image:width\" content=\"768\" \/>\n\t<meta property=\"og:image:height\" content=\"512\" \/>\n\t<meta property=\"og:image:type\" content=\"image\/jpeg\" \/>\n<meta name=\"author\" content=\"Redes\" \/>\n<meta name=\"twitter:card\" content=\"summary_large_image\" \/>\n<meta name=\"twitter:creator\" content=\"@yucatanencorto\" \/>\n<meta name=\"twitter:site\" content=\"@yucatanencorto\" \/>\n<meta name=\"twitter:label1\" content=\"Escrito por\" \/>\n\t<meta name=\"twitter:data1\" content=\"Redes\" \/>\n\t<meta name=\"twitter:label2\" content=\"Tiempo de lectura\" \/>\n\t<meta name=\"twitter:data2\" content=\"3 minutos\" \/>\n<script type=\"application\/ld+json\" class=\"yoast-schema-graph\">{\"@context\":\"https:\\\/\\\/schema.org\",\"@graph\":[{\"@type\":\"Article\",\"@id\":\"https:\\\/\\\/www.yucatanencorto.com\\\/noticias\\\/la-salud-mental-entre-las-prioridades-para-fortalecer-el-bienestar-de-la-ninez-y-adolescencia-de-yucatan\\\/#article\",\"isPartOf\":{\"@id\":\"https:\\\/\\\/www.yucatanencorto.com\\\/noticias\\\/la-salud-mental-entre-las-prioridades-para-fortalecer-el-bienestar-de-la-ninez-y-adolescencia-de-yucatan\\\/\"},\"author\":{\"name\":\"Redes\",\"@id\":\"https:\\\/\\\/www.yucatanencorto.com\\\/noticias\\\/#\\\/schema\\\/person\\\/e2fbdfaf30a07014a43940ce989f3119\"},\"headline\":\"La salud mental, entre las prioridades para fortalecer el bienestar de la ni\u00f1ez y adolescencia de Yucat\u00e1n \u00a0\",\"datePublished\":\"2024-05-08T22:16:42+00:00\",\"mainEntityOfPage\":{\"@id\":\"https:\\\/\\\/www.yucatanencorto.com\\\/noticias\\\/la-salud-mental-entre-las-prioridades-para-fortalecer-el-bienestar-de-la-ninez-y-adolescencia-de-yucatan\\\/\"},\"wordCount\":581,\"image\":{\"@id\":\"https:\\\/\\\/www.yucatanencorto.com\\\/noticias\\\/la-salud-mental-entre-las-prioridades-para-fortalecer-el-bienestar-de-la-ninez-y-adolescencia-de-yucatan\\\/#primaryimage\"},\"thumbnailUrl\":\"https:\\\/\\\/www.yucatanencorto.com\\\/noticias\\\/wp-content\\\/uploads\\\/2024\\\/05\\\/IMG-20240508-WA0045-scaled.jpg\",\"articleSection\":[\"Yucat\u00e1n\"],\"inLanguage\":\"es\"},{\"@type\":\"WebPage\",\"@id\":\"https:\\\/\\\/www.yucatanencorto.com\\\/noticias\\\/la-salud-mental-entre-las-prioridades-para-fortalecer-el-bienestar-de-la-ninez-y-adolescencia-de-yucatan\\\/\",\"url\":\"https:\\\/\\\/www.yucatanencorto.com\\\/noticias\\\/la-salud-mental-entre-las-prioridades-para-fortalecer-el-bienestar-de-la-ninez-y-adolescencia-de-yucatan\\\/\",\"name\":\"La salud mental, entre las prioridades para fortalecer el bienestar de la ni\u00f1ez y adolescencia de Yucat\u00e1n \u00a0 - Yucat\u00e1n en corto\",\"isPartOf\":{\"@id\":\"https:\\\/\\\/www.yucatanencorto.com\\\/noticias\\\/#website\"},\"primaryImageOfPage\":{\"@id\":\"https:\\\/\\\/www.yucatanencorto.com\\\/noticias\\\/la-salud-mental-entre-las-prioridades-para-fortalecer-el-bienestar-de-la-ninez-y-adolescencia-de-yucatan\\\/#primaryimage\"},\"image\":{\"@id\":\"https:\\\/\\\/www.yucatanencorto.com\\\/noticias\\\/la-salud-mental-entre-las-prioridades-para-fortalecer-el-bienestar-de-la-ninez-y-adolescencia-de-yucatan\\\/#primaryimage\"},\"thumbnailUrl\":\"https:\\\/\\\/www.yucatanencorto.com\\\/noticias\\\/wp-content\\\/uploads\\\/2024\\\/05\\\/IMG-20240508-WA0045-scaled.jpg\",\"datePublished\":\"2024-05-08T22:16:42+00:00\",\"author\":{\"@id\":\"https:\\\/\\\/www.yucatanencorto.com\\\/noticias\\\/#\\\/schema\\\/person\\\/e2fbdfaf30a07014a43940ce989f3119\"},\"breadcrumb\":{\"@id\":\"https:\\\/\\\/www.yucatanencorto.com\\\/noticias\\\/la-salud-mental-entre-las-prioridades-para-fortalecer-el-bienestar-de-la-ninez-y-adolescencia-de-yucatan\\\/#breadcrumb\"},\"inLanguage\":\"es\",\"potentialAction\":[{\"@type\":\"ReadAction\",\"target\":[\"https:\\\/\\\/www.yucatanencorto.com\\\/noticias\\\/la-salud-mental-entre-las-prioridades-para-fortalecer-el-bienestar-de-la-ninez-y-adolescencia-de-yucatan\\\/\"]}]},{\"@type\":\"ImageObject\",\"inLanguage\":\"es\",\"@id\":\"https:\\\/\\\/www.yucatanencorto.com\\\/noticias\\\/la-salud-mental-entre-las-prioridades-para-fortalecer-el-bienestar-de-la-ninez-y-adolescencia-de-yucatan\\\/#primaryimage\",\"url\":\"https:\\\/\\\/www.yucatanencorto.com\\\/noticias\\\/wp-content\\\/uploads\\\/2024\\\/05\\\/IMG-20240508-WA0045-scaled.jpg\",\"contentUrl\":\"https:\\\/\\\/www.yucatanencorto.com\\\/noticias\\\/wp-content\\\/uploads\\\/2024\\\/05\\\/IMG-20240508-WA0045-scaled.jpg\",\"width\":768,\"height\":512},{\"@type\":\"BreadcrumbList\",\"@id\":\"https:\\\/\\\/www.yucatanencorto.com\\\/noticias\\\/la-salud-mental-entre-las-prioridades-para-fortalecer-el-bienestar-de-la-ninez-y-adolescencia-de-yucatan\\\/#breadcrumb\",\"itemListElement\":[{\"@type\":\"ListItem\",\"position\":1,\"name\":\"Portada\",\"item\":\"https:\\\/\\\/www.yucatanencorto.com\\\/noticias\\\/\"},{\"@type\":\"ListItem\",\"position\":2,\"name\":\"La salud mental, entre las prioridades para fortalecer el bienestar de la ni\u00f1ez y adolescencia de Yucat\u00e1n \u00a0\"}]},{\"@type\":\"WebSite\",\"@id\":\"https:\\\/\\\/www.yucatanencorto.com\\\/noticias\\\/#website\",\"url\":\"https:\\\/\\\/www.yucatanencorto.com\\\/noticias\\\/\",\"name\":\"Yucat\u00e1n en corto\",\"description\":\"Noticias\",\"potentialAction\":[{\"@type\":\"SearchAction\",\"target\":{\"@type\":\"EntryPoint\",\"urlTemplate\":\"https:\\\/\\\/www.yucatanencorto.com\\\/noticias\\\/?s={search_term_string}\"},\"query-input\":{\"@type\":\"PropertyValueSpecification\",\"valueRequired\":true,\"valueName\":\"search_term_string\"}}],\"inLanguage\":\"es\"},{\"@type\":\"Person\",\"@id\":\"https:\\\/\\\/www.yucatanencorto.com\\\/noticias\\\/#\\\/schema\\\/person\\\/e2fbdfaf30a07014a43940ce989f3119\",\"name\":\"Redes\",\"image\":{\"@type\":\"ImageObject\",\"inLanguage\":\"es\",\"@id\":\"https:\\\/\\\/secure.gravatar.com\\\/avatar\\\/5931a2d21dd7cc834f44c8c34fe56d90ed6d536ef452cbf870c7485b524dddd7?s=96&d=mm&r=g\",\"url\":\"https:\\\/\\\/secure.gravatar.com\\\/avatar\\\/5931a2d21dd7cc834f44c8c34fe56d90ed6d536ef452cbf870c7485b524dddd7?s=96&d=mm&r=g\",\"contentUrl\":\"https:\\\/\\\/secure.gravatar.com\\\/avatar\\\/5931a2d21dd7cc834f44c8c34fe56d90ed6d536ef452cbf870c7485b524dddd7?s=96&d=mm&r=g\",\"caption\":\"Redes\"},\"url\":\"https:\\\/\\\/www.yucatanencorto.com\\\/noticias\\\/author\\\/redes\\\/\"}]}<\/script>\n<!-- \/ Yoast SEO plugin. -->","yoast_head_json":{"title":"La salud mental, entre las prioridades para fortalecer el bienestar de la ni\u00f1ez y adolescencia de Yucat\u00e1n \u00a0 - Yucat\u00e1n en corto","robots":{"index":"index","follow":"follow","max-snippet":"max-snippet:-1","max-image-preview":"max-image-preview:large","max-video-preview":"max-video-preview:-1"},"canonical":"https:\/\/www.yucatanencorto.com\/noticias\/la-salud-mental-entre-las-prioridades-para-fortalecer-el-bienestar-de-la-ninez-y-adolescencia-de-yucatan\/","og_locale":"es_ES","og_type":"article","og_title":"La salud mental, entre las prioridades para fortalecer el bienestar de la ni\u00f1ez y adolescencia de Yucat\u00e1n \u00a0 - Yucat\u00e1n en corto","og_description":"M\u00e9rida, Yucat\u00e1n a 8 de mayo de 2024 En sesi\u00f3n ordinaria, las y los diputados aprobaron por unanimidad el dictamen correspondiente a la modificaci\u00f3n a la Ley de los Derechos de Ni\u00f1as, Ni\u00f1os y Adolescentes con el objetivo de adicionar la definici\u00f3n de \u201csalud mental\u201d para que las autoridades realicen acciones que garanticen mayor seguridad [&hellip;]","og_url":"https:\/\/www.yucatanencorto.com\/noticias\/la-salud-mental-entre-las-prioridades-para-fortalecer-el-bienestar-de-la-ninez-y-adolescencia-de-yucatan\/","og_site_name":"Yucat\u00e1n en corto","article_publisher":"http:\/\/www.facebook.com\/yucatanencorto","article_published_time":"2024-05-08T22:16:42+00:00","og_image":[{"width":768,"height":512,"url":"https:\/\/www.yucatanencorto.com\/noticias\/wp-content\/uploads\/2024\/05\/IMG-20240508-WA0045-scaled.jpg","type":"image\/jpeg"}],"author":"Redes","twitter_card":"summary_large_image","twitter_creator":"@yucatanencorto","twitter_site":"@yucatanencorto","twitter_misc":{"Escrito por":"Redes","Tiempo de lectura":"3 minutos"},"schema":{"@context":"https:\/\/schema.org","@graph":[{"@type":"Article","@id":"https:\/\/www.yucatanencorto.com\/noticias\/la-salud-mental-entre-las-prioridades-para-fortalecer-el-bienestar-de-la-ninez-y-adolescencia-de-yucatan\/#article","isPartOf":{"@id":"https:\/\/www.yucatanencorto.com\/noticias\/la-salud-mental-entre-las-prioridades-para-fortalecer-el-bienestar-de-la-ninez-y-adolescencia-de-yucatan\/"},"author":{"name":"Redes","@id":"https:\/\/www.yucatanencorto.com\/noticias\/#\/schema\/person\/e2fbdfaf30a07014a43940ce989f3119"},"headline":"La salud mental, entre las prioridades para fortalecer el bienestar de la ni\u00f1ez y adolescencia de Yucat\u00e1n \u00a0","datePublished":"2024-05-08T22:16:42+00:00","mainEntityOfPage":{"@id":"https:\/\/www.yucatanencorto.com\/noticias\/la-salud-mental-entre-las-prioridades-para-fortalecer-el-bienestar-de-la-ninez-y-adolescencia-de-yucatan\/"},"wordCount":581,"image":{"@id":"https:\/\/www.yucatanencorto.com\/noticias\/la-salud-mental-entre-las-prioridades-para-fortalecer-el-bienestar-de-la-ninez-y-adolescencia-de-yucatan\/#primaryimage"},"thumbnailUrl":"https:\/\/www.yucatanencorto.com\/noticias\/wp-content\/uploads\/2024\/05\/IMG-20240508-WA0045-scaled.jpg","articleSection":["Yucat\u00e1n"],"inLanguage":"es"},{"@type":"WebPage","@id":"https:\/\/www.yucatanencorto.com\/noticias\/la-salud-mental-entre-las-prioridades-para-fortalecer-el-bienestar-de-la-ninez-y-adolescencia-de-yucatan\/","url":"https:\/\/www.yucatanencorto.com\/noticias\/la-salud-mental-entre-las-prioridades-para-fortalecer-el-bienestar-de-la-ninez-y-adolescencia-de-yucatan\/","name":"La salud mental, entre las prioridades para fortalecer el bienestar de la ni\u00f1ez y adolescencia de Yucat\u00e1n \u00a0 - Yucat\u00e1n en corto","isPartOf":{"@id":"https:\/\/www.yucatanencorto.com\/noticias\/#website"},"primaryImageOfPage":{"@id":"https:\/\/www.yucatanencorto.com\/noticias\/la-salud-mental-entre-las-prioridades-para-fortalecer-el-bienestar-de-la-ninez-y-adolescencia-de-yucatan\/#primaryimage"},"image":{"@id":"https:\/\/www.yucatanencorto.com\/noticias\/la-salud-mental-entre-las-prioridades-para-fortalecer-el-bienestar-de-la-ninez-y-adolescencia-de-yucatan\/#primaryimage"},"thumbnailUrl":"https:\/\/www.yucatanencorto.com\/noticias\/wp-content\/uploads\/2024\/05\/IMG-20240508-WA0045-scaled.jpg","datePublished":"2024-05-08T22:16:42+00:00","author":{"@id":"https:\/\/www.yucatanencorto.com\/noticias\/#\/schema\/person\/e2fbdfaf30a07014a43940ce989f3119"},"breadcrumb":{"@id":"https:\/\/www.yucatanencorto.com\/noticias\/la-salud-mental-entre-las-prioridades-para-fortalecer-el-bienestar-de-la-ninez-y-adolescencia-de-yucatan\/#breadcrumb"},"inLanguage":"es","potentialAction":[{"@type":"ReadAction","target":["https:\/\/www.yucatanencorto.com\/noticias\/la-salud-mental-entre-las-prioridades-para-fortalecer-el-bienestar-de-la-ninez-y-adolescencia-de-yucatan\/"]}]},{"@type":"ImageObject","inLanguage":"es","@id":"https:\/\/www.yucatanencorto.com\/noticias\/la-salud-mental-entre-las-prioridades-para-fortalecer-el-bienestar-de-la-ninez-y-adolescencia-de-yucatan\/#primaryimage","url":"https:\/\/www.yucatanencorto.com\/noticias\/wp-content\/uploads\/2024\/05\/IMG-20240508-WA0045-scaled.jpg","contentUrl":"https:\/\/www.yucatanencorto.com\/noticias\/wp-content\/uploads\/2024\/05\/IMG-20240508-WA0045-scaled.jpg","width":768,"height":512},{"@type":"BreadcrumbList","@id":"https:\/\/www.yucatanencorto.com\/noticias\/la-salud-mental-entre-las-prioridades-para-fortalecer-el-bienestar-de-la-ninez-y-adolescencia-de-yucatan\/#breadcrumb","itemListElement":[{"@type":"ListItem","position":1,"name":"Portada","item":"https:\/\/www.yucatanencorto.com\/noticias\/"},{"@type":"ListItem","position":2,"name":"La salud mental, entre las prioridades para fortalecer el bienestar de la ni\u00f1ez y adolescencia de Yucat\u00e1n \u00a0"}]},{"@type":"WebSite","@id":"https:\/\/www.yucatanencorto.com\/noticias\/#website","url":"https:\/\/www.yucatanencorto.com\/noticias\/","name":"Yucat\u00e1n en corto","description":"Noticias","potentialAction":[{"@type":"SearchAction","target":{"@type":"EntryPoint","urlTemplate":"https:\/\/www.yucatanencorto.com\/noticias\/?s={search_term_string}"},"query-input":{"@type":"PropertyValueSpecification","valueRequired":true,"valueName":"search_term_string"}}],"inLanguage":"es"},{"@type":"Person","@id":"https:\/\/www.yucatanencorto.com\/noticias\/#\/schema\/person\/e2fbdfaf30a07014a43940ce989f3119","name":"Redes","image":{"@type":"ImageObject","inLanguage":"es","@id":"https:\/\/secure.gravatar.com\/avatar\/5931a2d21dd7cc834f44c8c34fe56d90ed6d536ef452cbf870c7485b524dddd7?s=96&d=mm&r=g","url":"https:\/\/secure.gravatar.com\/avatar\/5931a2d21dd7cc834f44c8c34fe56d90ed6d536ef452cbf870c7485b524dddd7?s=96&d=mm&r=g","contentUrl":"https:\/\/secure.gravatar.com\/avatar\/5931a2d21dd7cc834f44c8c34fe56d90ed6d536ef452cbf870c7485b524dddd7?s=96&d=mm&r=g","caption":"Redes"},"url":"https:\/\/www.yucatanencorto.com\/noticias\/author\/redes\/"}]}},"_links":{"self":[{"href":"https:\/\/www.yucatanencorto.com\/noticias\/wp-json\/wp\/v2\/posts\/110116","targetHints":{"allow":["GET"]}}],"collection":[{"href":"https:\/\/www.yucatanencorto.com\/noticias\/wp-json\/wp\/v2\/posts"}],"about":[{"href":"https:\/\/www.yucatanencorto.com\/noticias\/wp-json\/wp\/v2\/types\/post"}],"author":[{"embeddable":true,"href":"https:\/\/www.yucatanencorto.com\/noticias\/wp-json\/wp\/v2\/users\/3"}],"replies":[{"embeddable":true,"href":"https:\/\/www.yucatanencorto.com\/noticias\/wp-json\/wp\/v2\/comments?post=110116"}],"version-history":[{"count":0,"href":"https:\/\/www.yucatanencorto.com\/noticias\/wp-json\/wp\/v2\/posts\/110116\/revisions"}],"wp:featuredmedia":[{"embeddable":true,"href":"https:\/\/www.yucatanencorto.com\/noticias\/wp-json\/wp\/v2\/media\/110117"}],"wp:attachment":[{"href":"https:\/\/www.yucatanencorto.com\/noticias\/wp-json\/wp\/v2\/media?parent=110116"}],"wp:term":[{"taxonomy":"category","embeddable":true,"href":"https:\/\/www.yucatanencorto.com\/noticias\/wp-json\/wp\/v2\/categories?post=110116"},{"taxonomy":"post_tag","embeddable":true,"href":"https:\/\/www.yucatanencorto.com\/noticias\/wp-json\/wp\/v2\/tags?post=110116"}],"curies":[{"name":"wp","href":"https:\/\/api.w.org\/{rel}","templated":true}]}}