{"id":110119,"date":"2024-05-08T20:30:39","date_gmt":"2024-05-09T02:30:39","guid":{"rendered":"https:\/\/www.yucatanencorto.com\/noticias\/?p=110119"},"modified":"2024-05-08T20:30:39","modified_gmt":"2024-05-09T02:30:39","slug":"el-ayuntamiento-de-merida-cumple-su-compromiso-de-acercar-los-servicios-medicos-gratuitos-a-la-poblacion","status":"publish","type":"post","link":"https:\/\/www.yucatanencorto.com\/noticias\/el-ayuntamiento-de-merida-cumple-su-compromiso-de-acercar-los-servicios-medicos-gratuitos-a-la-poblacion\/","title":{"rendered":"El Ayuntamiento de M\u00e9rida cumple su compromiso de acercar los servicios m\u00e9dicos gratuitos a la poblaci\u00f3n"},"content":{"rendered":"<p><img loading=\"lazy\" decoding=\"async\" class=\"alignnone size-full wp-image-110120\" src=\"https:\/\/www.yucatanencorto.com\/noticias\/wp-content\/uploads\/2024\/05\/IMG-20240508-WA0067-scaled.jpg\" alt=\"\" width=\"768\" height=\"544\" srcset=\"https:\/\/www.yucatanencorto.com\/noticias\/wp-content\/uploads\/2024\/05\/IMG-20240508-WA0067-scaled.jpg 768w, https:\/\/www.yucatanencorto.com\/noticias\/wp-content\/uploads\/2024\/05\/IMG-20240508-WA0067-150x106.jpg 150w, https:\/\/www.yucatanencorto.com\/noticias\/wp-content\/uploads\/2024\/05\/IMG-20240508-WA0067-300x213.jpg 300w, https:\/\/www.yucatanencorto.com\/noticias\/wp-content\/uploads\/2024\/05\/IMG-20240508-WA0067-696x493.jpg 696w, https:\/\/www.yucatanencorto.com\/noticias\/wp-content\/uploads\/2024\/05\/IMG-20240508-WA0067-1068x757.jpg 1068w\" sizes=\"auto, (max-width: 768px) 100vw, 768px\" \/><\/p>\n<p>M\u00e9rida, Yucat\u00e1n, 8 de mayo de 2024.- Como respuesta a una solicitud realizada por beneficiarios del comedor comunitario \u00abCasa del Anciano Bajo la Mirada del Se\u00f1or\u00bb, ubicado en la colonia Miguel Hidalgo, el Alcalde Alejandro Ruz Castro acerc\u00f3 los servicios del programa \u00abFeria de la Salud\u00bb al parque ubicado en esa zona de la ciudad.<\/p>\n<p>&nbsp;<\/p>\n<p>Durante la supervisi\u00f3n de la implementaci\u00f3n de este programa, el Presidente Municipal, acompa\u00f1ado del director de Salud y Bienestar Social, Dr. Ildefonso Machado Dom\u00ednguez, indic\u00f3 que la prevenci\u00f3n de la salud en nuestro Municipio representa una prioridad para todas las familias meridanas, por lo que el Ayuntamiento trabaja todos los d\u00edas para coadyuvar en la prestaci\u00f3n de servicios m\u00e9dicos que anticipen los problemas de salud en la poblaci\u00f3n.<\/p>\n<p>&nbsp;<\/p>\n<p>\u00abSabemos que para muchas personas el tratamiento de las enfermedades es caro y puede derivar en la p\u00e9rdida del patrimonio o la desintegraci\u00f3n familiar debido a que muchas veces los recursos no alcanzan, por eso estamos trabajando en prevenir ciertos padecimientos acercando esta atenci\u00f3n gratuita\u00bb, dijo.<\/p>\n<p>&nbsp;<\/p>\n<p>Ruz Castro inform\u00f3 que como ejemplo de lo realizado, se ha brindado atenci\u00f3n m\u00e9dica a 69,993 personas en los 25 m\u00f3dulos de salud distribuidos en toda la ciudad.<\/p>\n<p>&nbsp;<\/p>\n<p>Adem\u00e1s, se han realizado m\u00e1s de 22 mil atenciones de enfermer\u00eda y se han llevado a cabo 888 eventos de brigadas de salud municipal, y otras 8,600 personas han sido atendidas en las 59 Ferias de la Salud.<\/p>\n<p>&nbsp;<\/p>\n<p>Para brindar estos servicios se han adquirido dos veh\u00edculos nuevos como unidades \u00abm\u00e9dico dental m\u00f3vil\u00bb, sumando cinco unidades m\u00f3viles para consulta m\u00e9dica y odontol\u00f3gica gratuita, agreg\u00f3 el Alcalde.<\/p>\n<p>&nbsp;<\/p>\n<p>Por su parte, las vecinas de la colonia Miguel Hidalgo agradecieron al Ayuntamiento por cumplir su compromiso de acercar estos servicios que privilegian la salud y la econom\u00eda de las familias, lo cual se refleja en su calidad de vida.<\/p>\n<p>&nbsp;<\/p>\n<p>\u00abHace un mes, cuando el Alcalde nos visit\u00f3 en el comedor comunitario, nos prometi\u00f3 que iba a traer la Feria de la Salud y lo cumpli\u00f3. Estoy muy contenta porque por este rumbo hay mucha gente necesitada de atenci\u00f3n para la salud y esto representa un ahorro en nuestra econom\u00eda, adem\u00e1s de que nos est\u00e1n atendiendo gratuitamente\u00bb, coment\u00f3 Martha Arroyo Arjona.<\/p>\n<p>&nbsp;<\/p>\n<p>\u00abEst\u00e1 muy bien que lo haya tra\u00eddo porque a veces nos queda lejos el centro de salud, y al acercar la Feria de la Salud no solo estamos ahorrando dinero, sino tambi\u00e9n el tiempo que a veces no tenemos porque hay que trabajar o atender a nuestros hijos\u00bb, dijo Ingrid Sul\u00fa Estrella.<\/p>\n<p>&nbsp;<\/p>\n<p>De igual manera, los estudiantes de las universidades que est\u00e1n realizando su servicio social o pr\u00e1cticas profesionales en las Ferias de la Salud reconocieron el compromiso que el Ayuntamiento tiene con la juventud al involucrarlos en estos programas que les ayudan en su crecimiento profesional.<\/p>\n<p>&nbsp;<\/p>\n<p>\u00abPara m\u00ed es un placer atender a la poblaci\u00f3n, es una experiencia que me est\u00e1 ayudando en mi formaci\u00f3n profesional, y adem\u00e1s estar colaborando en la Feria de la Salud, a trav\u00e9s de mi servicio social, me sirve para aprender a tratar a todo tipo de personas\u00bb, expres\u00f3 Rodrigo Flores Escalante, estudiante de la Universidad Vizcaya de Las Am\u00e9ricas M\u00e9rida.<\/p>\n<p>&nbsp;<\/p>\n<p>\u00abAgradecemos el espacio que el Ayuntamiento nos da para que podamos hacer nuestro servicio social y aplicar nuestros conocimientos como profesionales de la salud en desarrollo a la poblaci\u00f3n. Esta oportunidad es magn\u00edfica porque no solo aprendemos, sino que tambi\u00e9n les estamos ayudando a la poblaci\u00f3n a conocer la importancia de la prevenci\u00f3n de la salud en estos d\u00edas\u00bb, manifest\u00f3 Paulina Maga\u00f1a Echeverr\u00eda, estudiante del CERT M\u00e9rida.<\/p>\n<p>&nbsp;<\/p>\n<p>Cabe recordar que el cat\u00e1logo de servicios que se brindan en la \u201cFeria de la Salud\u201d son: atenci\u00f3n dental, consulta m\u00e9dica, detecciones de enfermer\u00eda, orientaci\u00f3n nutricional, atenci\u00f3n psicol\u00f3gica, promoci\u00f3n a la juventud, pruebas r\u00e1pidas de VIH y campa\u00f1a de salud visual gratuita.<\/p>\n","protected":false},"excerpt":{"rendered":"<p>M\u00e9rida, Yucat\u00e1n, 8 de mayo de 2024.- Como respuesta a una solicitud realizada por beneficiarios del comedor comunitario \u00abCasa del Anciano Bajo la Mirada del Se\u00f1or\u00bb, ubicado en la colonia Miguel Hidalgo, el Alcalde Alejandro Ruz Castro acerc\u00f3 los servicios del programa \u00abFeria de la Salud\u00bb al parque ubicado en esa zona de la ciudad. [&hellip;]<\/p>\n","protected":false},"author":3,"featured_media":110120,"comment_status":"closed","ping_status":"closed","sticky":false,"template":"","format":"standard","meta":{"footnotes":""},"categories":[3],"tags":[],"class_list":{"0":"post-110119","1":"post","2":"type-post","3":"status-publish","4":"format-standard","5":"has-post-thumbnail","7":"category-yucatan"},"yoast_head":"<!-- This site is optimized with the Yoast SEO plugin v27.5 - https:\/\/yoast.com\/product\/yoast-seo-wordpress\/ -->\n<title>El Ayuntamiento de M\u00e9rida cumple su compromiso de acercar los servicios m\u00e9dicos gratuitos a la poblaci\u00f3n - Yucat\u00e1n en corto<\/title>\n<meta name=\"robots\" content=\"index, follow, max-snippet:-1, max-image-preview:large, max-video-preview:-1\" \/>\n<link rel=\"canonical\" href=\"https:\/\/www.yucatanencorto.com\/noticias\/el-ayuntamiento-de-merida-cumple-su-compromiso-de-acercar-los-servicios-medicos-gratuitos-a-la-poblacion\/\" \/>\n<meta property=\"og:locale\" content=\"es_ES\" \/>\n<meta property=\"og:type\" content=\"article\" \/>\n<meta property=\"og:title\" content=\"El Ayuntamiento de M\u00e9rida cumple su compromiso de acercar los servicios m\u00e9dicos gratuitos a la poblaci\u00f3n - Yucat\u00e1n en corto\" \/>\n<meta property=\"og:description\" content=\"M\u00e9rida, Yucat\u00e1n, 8 de mayo de 2024.- Como respuesta a una solicitud realizada por beneficiarios del comedor comunitario \u00abCasa del Anciano Bajo la Mirada del Se\u00f1or\u00bb, ubicado en la colonia Miguel Hidalgo, el Alcalde Alejandro Ruz Castro acerc\u00f3 los servicios del programa \u00abFeria de la Salud\u00bb al parque ubicado en esa zona de la ciudad. [&hellip;]\" \/>\n<meta property=\"og:url\" content=\"https:\/\/www.yucatanencorto.com\/noticias\/el-ayuntamiento-de-merida-cumple-su-compromiso-de-acercar-los-servicios-medicos-gratuitos-a-la-poblacion\/\" \/>\n<meta property=\"og:site_name\" content=\"Yucat\u00e1n en corto\" \/>\n<meta property=\"article:publisher\" content=\"http:\/\/www.facebook.com\/yucatanencorto\" \/>\n<meta property=\"article:published_time\" content=\"2024-05-09T02:30:39+00:00\" \/>\n<meta property=\"og:image\" content=\"https:\/\/www.yucatanencorto.com\/noticias\/wp-content\/uploads\/2024\/05\/IMG-20240508-WA0067-scaled.jpg\" \/>\n\t<meta property=\"og:image:width\" content=\"768\" \/>\n\t<meta property=\"og:image:height\" content=\"544\" \/>\n\t<meta property=\"og:image:type\" content=\"image\/jpeg\" \/>\n<meta name=\"author\" content=\"Redes\" \/>\n<meta name=\"twitter:card\" content=\"summary_large_image\" \/>\n<meta name=\"twitter:creator\" content=\"@yucatanencorto\" \/>\n<meta name=\"twitter:site\" content=\"@yucatanencorto\" \/>\n<meta name=\"twitter:label1\" content=\"Escrito por\" \/>\n\t<meta name=\"twitter:data1\" content=\"Redes\" \/>\n\t<meta name=\"twitter:label2\" content=\"Tiempo de lectura\" \/>\n\t<meta name=\"twitter:data2\" content=\"4 minutos\" \/>\n<script type=\"application\/ld+json\" class=\"yoast-schema-graph\">{\"@context\":\"https:\\\/\\\/schema.org\",\"@graph\":[{\"@type\":\"Article\",\"@id\":\"https:\\\/\\\/www.yucatanencorto.com\\\/noticias\\\/el-ayuntamiento-de-merida-cumple-su-compromiso-de-acercar-los-servicios-medicos-gratuitos-a-la-poblacion\\\/#article\",\"isPartOf\":{\"@id\":\"https:\\\/\\\/www.yucatanencorto.com\\\/noticias\\\/el-ayuntamiento-de-merida-cumple-su-compromiso-de-acercar-los-servicios-medicos-gratuitos-a-la-poblacion\\\/\"},\"author\":{\"name\":\"Redes\",\"@id\":\"https:\\\/\\\/www.yucatanencorto.com\\\/noticias\\\/#\\\/schema\\\/person\\\/e2fbdfaf30a07014a43940ce989f3119\"},\"headline\":\"El Ayuntamiento de M\u00e9rida cumple su compromiso de acercar los servicios m\u00e9dicos gratuitos a la poblaci\u00f3n\",\"datePublished\":\"2024-05-09T02:30:39+00:00\",\"mainEntityOfPage\":{\"@id\":\"https:\\\/\\\/www.yucatanencorto.com\\\/noticias\\\/el-ayuntamiento-de-merida-cumple-su-compromiso-de-acercar-los-servicios-medicos-gratuitos-a-la-poblacion\\\/\"},\"wordCount\":715,\"image\":{\"@id\":\"https:\\\/\\\/www.yucatanencorto.com\\\/noticias\\\/el-ayuntamiento-de-merida-cumple-su-compromiso-de-acercar-los-servicios-medicos-gratuitos-a-la-poblacion\\\/#primaryimage\"},\"thumbnailUrl\":\"https:\\\/\\\/www.yucatanencorto.com\\\/noticias\\\/wp-content\\\/uploads\\\/2024\\\/05\\\/IMG-20240508-WA0067-scaled.jpg\",\"articleSection\":[\"Yucat\u00e1n\"],\"inLanguage\":\"es\"},{\"@type\":\"WebPage\",\"@id\":\"https:\\\/\\\/www.yucatanencorto.com\\\/noticias\\\/el-ayuntamiento-de-merida-cumple-su-compromiso-de-acercar-los-servicios-medicos-gratuitos-a-la-poblacion\\\/\",\"url\":\"https:\\\/\\\/www.yucatanencorto.com\\\/noticias\\\/el-ayuntamiento-de-merida-cumple-su-compromiso-de-acercar-los-servicios-medicos-gratuitos-a-la-poblacion\\\/\",\"name\":\"El Ayuntamiento de M\u00e9rida cumple su compromiso de acercar los servicios m\u00e9dicos gratuitos a la poblaci\u00f3n - Yucat\u00e1n en corto\",\"isPartOf\":{\"@id\":\"https:\\\/\\\/www.yucatanencorto.com\\\/noticias\\\/#website\"},\"primaryImageOfPage\":{\"@id\":\"https:\\\/\\\/www.yucatanencorto.com\\\/noticias\\\/el-ayuntamiento-de-merida-cumple-su-compromiso-de-acercar-los-servicios-medicos-gratuitos-a-la-poblacion\\\/#primaryimage\"},\"image\":{\"@id\":\"https:\\\/\\\/www.yucatanencorto.com\\\/noticias\\\/el-ayuntamiento-de-merida-cumple-su-compromiso-de-acercar-los-servicios-medicos-gratuitos-a-la-poblacion\\\/#primaryimage\"},\"thumbnailUrl\":\"https:\\\/\\\/www.yucatanencorto.com\\\/noticias\\\/wp-content\\\/uploads\\\/2024\\\/05\\\/IMG-20240508-WA0067-scaled.jpg\",\"datePublished\":\"2024-05-09T02:30:39+00:00\",\"author\":{\"@id\":\"https:\\\/\\\/www.yucatanencorto.com\\\/noticias\\\/#\\\/schema\\\/person\\\/e2fbdfaf30a07014a43940ce989f3119\"},\"breadcrumb\":{\"@id\":\"https:\\\/\\\/www.yucatanencorto.com\\\/noticias\\\/el-ayuntamiento-de-merida-cumple-su-compromiso-de-acercar-los-servicios-medicos-gratuitos-a-la-poblacion\\\/#breadcrumb\"},\"inLanguage\":\"es\",\"potentialAction\":[{\"@type\":\"ReadAction\",\"target\":[\"https:\\\/\\\/www.yucatanencorto.com\\\/noticias\\\/el-ayuntamiento-de-merida-cumple-su-compromiso-de-acercar-los-servicios-medicos-gratuitos-a-la-poblacion\\\/\"]}]},{\"@type\":\"ImageObject\",\"inLanguage\":\"es\",\"@id\":\"https:\\\/\\\/www.yucatanencorto.com\\\/noticias\\\/el-ayuntamiento-de-merida-cumple-su-compromiso-de-acercar-los-servicios-medicos-gratuitos-a-la-poblacion\\\/#primaryimage\",\"url\":\"https:\\\/\\\/www.yucatanencorto.com\\\/noticias\\\/wp-content\\\/uploads\\\/2024\\\/05\\\/IMG-20240508-WA0067-scaled.jpg\",\"contentUrl\":\"https:\\\/\\\/www.yucatanencorto.com\\\/noticias\\\/wp-content\\\/uploads\\\/2024\\\/05\\\/IMG-20240508-WA0067-scaled.jpg\",\"width\":768,\"height\":544},{\"@type\":\"BreadcrumbList\",\"@id\":\"https:\\\/\\\/www.yucatanencorto.com\\\/noticias\\\/el-ayuntamiento-de-merida-cumple-su-compromiso-de-acercar-los-servicios-medicos-gratuitos-a-la-poblacion\\\/#breadcrumb\",\"itemListElement\":[{\"@type\":\"ListItem\",\"position\":1,\"name\":\"Portada\",\"item\":\"https:\\\/\\\/www.yucatanencorto.com\\\/noticias\\\/\"},{\"@type\":\"ListItem\",\"position\":2,\"name\":\"El Ayuntamiento de M\u00e9rida cumple su compromiso de acercar los servicios m\u00e9dicos gratuitos a la poblaci\u00f3n\"}]},{\"@type\":\"WebSite\",\"@id\":\"https:\\\/\\\/www.yucatanencorto.com\\\/noticias\\\/#website\",\"url\":\"https:\\\/\\\/www.yucatanencorto.com\\\/noticias\\\/\",\"name\":\"Yucat\u00e1n en corto\",\"description\":\"Noticias\",\"potentialAction\":[{\"@type\":\"SearchAction\",\"target\":{\"@type\":\"EntryPoint\",\"urlTemplate\":\"https:\\\/\\\/www.yucatanencorto.com\\\/noticias\\\/?s={search_term_string}\"},\"query-input\":{\"@type\":\"PropertyValueSpecification\",\"valueRequired\":true,\"valueName\":\"search_term_string\"}}],\"inLanguage\":\"es\"},{\"@type\":\"Person\",\"@id\":\"https:\\\/\\\/www.yucatanencorto.com\\\/noticias\\\/#\\\/schema\\\/person\\\/e2fbdfaf30a07014a43940ce989f3119\",\"name\":\"Redes\",\"image\":{\"@type\":\"ImageObject\",\"inLanguage\":\"es\",\"@id\":\"https:\\\/\\\/secure.gravatar.com\\\/avatar\\\/5931a2d21dd7cc834f44c8c34fe56d90ed6d536ef452cbf870c7485b524dddd7?s=96&d=mm&r=g\",\"url\":\"https:\\\/\\\/secure.gravatar.com\\\/avatar\\\/5931a2d21dd7cc834f44c8c34fe56d90ed6d536ef452cbf870c7485b524dddd7?s=96&d=mm&r=g\",\"contentUrl\":\"https:\\\/\\\/secure.gravatar.com\\\/avatar\\\/5931a2d21dd7cc834f44c8c34fe56d90ed6d536ef452cbf870c7485b524dddd7?s=96&d=mm&r=g\",\"caption\":\"Redes\"},\"url\":\"https:\\\/\\\/www.yucatanencorto.com\\\/noticias\\\/author\\\/redes\\\/\"}]}<\/script>\n<!-- \/ Yoast SEO plugin. -->","yoast_head_json":{"title":"El Ayuntamiento de M\u00e9rida cumple su compromiso de acercar los servicios m\u00e9dicos gratuitos a la poblaci\u00f3n - Yucat\u00e1n en corto","robots":{"index":"index","follow":"follow","max-snippet":"max-snippet:-1","max-image-preview":"max-image-preview:large","max-video-preview":"max-video-preview:-1"},"canonical":"https:\/\/www.yucatanencorto.com\/noticias\/el-ayuntamiento-de-merida-cumple-su-compromiso-de-acercar-los-servicios-medicos-gratuitos-a-la-poblacion\/","og_locale":"es_ES","og_type":"article","og_title":"El Ayuntamiento de M\u00e9rida cumple su compromiso de acercar los servicios m\u00e9dicos gratuitos a la poblaci\u00f3n - Yucat\u00e1n en corto","og_description":"M\u00e9rida, Yucat\u00e1n, 8 de mayo de 2024.- Como respuesta a una solicitud realizada por beneficiarios del comedor comunitario \u00abCasa del Anciano Bajo la Mirada del Se\u00f1or\u00bb, ubicado en la colonia Miguel Hidalgo, el Alcalde Alejandro Ruz Castro acerc\u00f3 los servicios del programa \u00abFeria de la Salud\u00bb al parque ubicado en esa zona de la ciudad. [&hellip;]","og_url":"https:\/\/www.yucatanencorto.com\/noticias\/el-ayuntamiento-de-merida-cumple-su-compromiso-de-acercar-los-servicios-medicos-gratuitos-a-la-poblacion\/","og_site_name":"Yucat\u00e1n en corto","article_publisher":"http:\/\/www.facebook.com\/yucatanencorto","article_published_time":"2024-05-09T02:30:39+00:00","og_image":[{"width":768,"height":544,"url":"https:\/\/www.yucatanencorto.com\/noticias\/wp-content\/uploads\/2024\/05\/IMG-20240508-WA0067-scaled.jpg","type":"image\/jpeg"}],"author":"Redes","twitter_card":"summary_large_image","twitter_creator":"@yucatanencorto","twitter_site":"@yucatanencorto","twitter_misc":{"Escrito por":"Redes","Tiempo de lectura":"4 minutos"},"schema":{"@context":"https:\/\/schema.org","@graph":[{"@type":"Article","@id":"https:\/\/www.yucatanencorto.com\/noticias\/el-ayuntamiento-de-merida-cumple-su-compromiso-de-acercar-los-servicios-medicos-gratuitos-a-la-poblacion\/#article","isPartOf":{"@id":"https:\/\/www.yucatanencorto.com\/noticias\/el-ayuntamiento-de-merida-cumple-su-compromiso-de-acercar-los-servicios-medicos-gratuitos-a-la-poblacion\/"},"author":{"name":"Redes","@id":"https:\/\/www.yucatanencorto.com\/noticias\/#\/schema\/person\/e2fbdfaf30a07014a43940ce989f3119"},"headline":"El Ayuntamiento de M\u00e9rida cumple su compromiso de acercar los servicios m\u00e9dicos gratuitos a la poblaci\u00f3n","datePublished":"2024-05-09T02:30:39+00:00","mainEntityOfPage":{"@id":"https:\/\/www.yucatanencorto.com\/noticias\/el-ayuntamiento-de-merida-cumple-su-compromiso-de-acercar-los-servicios-medicos-gratuitos-a-la-poblacion\/"},"wordCount":715,"image":{"@id":"https:\/\/www.yucatanencorto.com\/noticias\/el-ayuntamiento-de-merida-cumple-su-compromiso-de-acercar-los-servicios-medicos-gratuitos-a-la-poblacion\/#primaryimage"},"thumbnailUrl":"https:\/\/www.yucatanencorto.com\/noticias\/wp-content\/uploads\/2024\/05\/IMG-20240508-WA0067-scaled.jpg","articleSection":["Yucat\u00e1n"],"inLanguage":"es"},{"@type":"WebPage","@id":"https:\/\/www.yucatanencorto.com\/noticias\/el-ayuntamiento-de-merida-cumple-su-compromiso-de-acercar-los-servicios-medicos-gratuitos-a-la-poblacion\/","url":"https:\/\/www.yucatanencorto.com\/noticias\/el-ayuntamiento-de-merida-cumple-su-compromiso-de-acercar-los-servicios-medicos-gratuitos-a-la-poblacion\/","name":"El Ayuntamiento de M\u00e9rida cumple su compromiso de acercar los servicios m\u00e9dicos gratuitos a la poblaci\u00f3n - Yucat\u00e1n en corto","isPartOf":{"@id":"https:\/\/www.yucatanencorto.com\/noticias\/#website"},"primaryImageOfPage":{"@id":"https:\/\/www.yucatanencorto.com\/noticias\/el-ayuntamiento-de-merida-cumple-su-compromiso-de-acercar-los-servicios-medicos-gratuitos-a-la-poblacion\/#primaryimage"},"image":{"@id":"https:\/\/www.yucatanencorto.com\/noticias\/el-ayuntamiento-de-merida-cumple-su-compromiso-de-acercar-los-servicios-medicos-gratuitos-a-la-poblacion\/#primaryimage"},"thumbnailUrl":"https:\/\/www.yucatanencorto.com\/noticias\/wp-content\/uploads\/2024\/05\/IMG-20240508-WA0067-scaled.jpg","datePublished":"2024-05-09T02:30:39+00:00","author":{"@id":"https:\/\/www.yucatanencorto.com\/noticias\/#\/schema\/person\/e2fbdfaf30a07014a43940ce989f3119"},"breadcrumb":{"@id":"https:\/\/www.yucatanencorto.com\/noticias\/el-ayuntamiento-de-merida-cumple-su-compromiso-de-acercar-los-servicios-medicos-gratuitos-a-la-poblacion\/#breadcrumb"},"inLanguage":"es","potentialAction":[{"@type":"ReadAction","target":["https:\/\/www.yucatanencorto.com\/noticias\/el-ayuntamiento-de-merida-cumple-su-compromiso-de-acercar-los-servicios-medicos-gratuitos-a-la-poblacion\/"]}]},{"@type":"ImageObject","inLanguage":"es","@id":"https:\/\/www.yucatanencorto.com\/noticias\/el-ayuntamiento-de-merida-cumple-su-compromiso-de-acercar-los-servicios-medicos-gratuitos-a-la-poblacion\/#primaryimage","url":"https:\/\/www.yucatanencorto.com\/noticias\/wp-content\/uploads\/2024\/05\/IMG-20240508-WA0067-scaled.jpg","contentUrl":"https:\/\/www.yucatanencorto.com\/noticias\/wp-content\/uploads\/2024\/05\/IMG-20240508-WA0067-scaled.jpg","width":768,"height":544},{"@type":"BreadcrumbList","@id":"https:\/\/www.yucatanencorto.com\/noticias\/el-ayuntamiento-de-merida-cumple-su-compromiso-de-acercar-los-servicios-medicos-gratuitos-a-la-poblacion\/#breadcrumb","itemListElement":[{"@type":"ListItem","position":1,"name":"Portada","item":"https:\/\/www.yucatanencorto.com\/noticias\/"},{"@type":"ListItem","position":2,"name":"El Ayuntamiento de M\u00e9rida cumple su compromiso de acercar los servicios m\u00e9dicos gratuitos a la poblaci\u00f3n"}]},{"@type":"WebSite","@id":"https:\/\/www.yucatanencorto.com\/noticias\/#website","url":"https:\/\/www.yucatanencorto.com\/noticias\/","name":"Yucat\u00e1n en corto","description":"Noticias","potentialAction":[{"@type":"SearchAction","target":{"@type":"EntryPoint","urlTemplate":"https:\/\/www.yucatanencorto.com\/noticias\/?s={search_term_string}"},"query-input":{"@type":"PropertyValueSpecification","valueRequired":true,"valueName":"search_term_string"}}],"inLanguage":"es"},{"@type":"Person","@id":"https:\/\/www.yucatanencorto.com\/noticias\/#\/schema\/person\/e2fbdfaf30a07014a43940ce989f3119","name":"Redes","image":{"@type":"ImageObject","inLanguage":"es","@id":"https:\/\/secure.gravatar.com\/avatar\/5931a2d21dd7cc834f44c8c34fe56d90ed6d536ef452cbf870c7485b524dddd7?s=96&d=mm&r=g","url":"https:\/\/secure.gravatar.com\/avatar\/5931a2d21dd7cc834f44c8c34fe56d90ed6d536ef452cbf870c7485b524dddd7?s=96&d=mm&r=g","contentUrl":"https:\/\/secure.gravatar.com\/avatar\/5931a2d21dd7cc834f44c8c34fe56d90ed6d536ef452cbf870c7485b524dddd7?s=96&d=mm&r=g","caption":"Redes"},"url":"https:\/\/www.yucatanencorto.com\/noticias\/author\/redes\/"}]}},"_links":{"self":[{"href":"https:\/\/www.yucatanencorto.com\/noticias\/wp-json\/wp\/v2\/posts\/110119","targetHints":{"allow":["GET"]}}],"collection":[{"href":"https:\/\/www.yucatanencorto.com\/noticias\/wp-json\/wp\/v2\/posts"}],"about":[{"href":"https:\/\/www.yucatanencorto.com\/noticias\/wp-json\/wp\/v2\/types\/post"}],"author":[{"embeddable":true,"href":"https:\/\/www.yucatanencorto.com\/noticias\/wp-json\/wp\/v2\/users\/3"}],"replies":[{"embeddable":true,"href":"https:\/\/www.yucatanencorto.com\/noticias\/wp-json\/wp\/v2\/comments?post=110119"}],"version-history":[{"count":0,"href":"https:\/\/www.yucatanencorto.com\/noticias\/wp-json\/wp\/v2\/posts\/110119\/revisions"}],"wp:featuredmedia":[{"embeddable":true,"href":"https:\/\/www.yucatanencorto.com\/noticias\/wp-json\/wp\/v2\/media\/110120"}],"wp:attachment":[{"href":"https:\/\/www.yucatanencorto.com\/noticias\/wp-json\/wp\/v2\/media?parent=110119"}],"wp:term":[{"taxonomy":"category","embeddable":true,"href":"https:\/\/www.yucatanencorto.com\/noticias\/wp-json\/wp\/v2\/categories?post=110119"},{"taxonomy":"post_tag","embeddable":true,"href":"https:\/\/www.yucatanencorto.com\/noticias\/wp-json\/wp\/v2\/tags?post=110119"}],"curies":[{"name":"wp","href":"https:\/\/api.w.org\/{rel}","templated":true}]}}