{"id":110133,"date":"2024-05-10T17:19:26","date_gmt":"2024-05-10T23:19:26","guid":{"rendered":"https:\/\/www.yucatanencorto.com\/noticias\/?p=110133"},"modified":"2024-05-10T17:19:26","modified_gmt":"2024-05-10T23:19:26","slug":"yucatan-continua-fortaleciendo-los-servicios-de-salud-en-beneficio-de-toda-la-poblacion","status":"publish","type":"post","link":"https:\/\/www.yucatanencorto.com\/noticias\/yucatan-continua-fortaleciendo-los-servicios-de-salud-en-beneficio-de-toda-la-poblacion\/","title":{"rendered":"Yucat\u00e1n contin\u00faa fortaleciendo los servicios de salud en beneficio de toda la poblaci\u00f3n\u00a0"},"content":{"rendered":"<p><img loading=\"lazy\" decoding=\"async\" class=\"alignnone size-full wp-image-110134\" src=\"https:\/\/www.yucatanencorto.com\/noticias\/wp-content\/uploads\/2024\/05\/IMG-20240510-WA0017-scaled.jpg\" alt=\"\" width=\"768\" height=\"510\" srcset=\"https:\/\/www.yucatanencorto.com\/noticias\/wp-content\/uploads\/2024\/05\/IMG-20240510-WA0017-scaled.jpg 768w, https:\/\/www.yucatanencorto.com\/noticias\/wp-content\/uploads\/2024\/05\/IMG-20240510-WA0017-150x100.jpg 150w, https:\/\/www.yucatanencorto.com\/noticias\/wp-content\/uploads\/2024\/05\/IMG-20240510-WA0017-300x199.jpg 300w, https:\/\/www.yucatanencorto.com\/noticias\/wp-content\/uploads\/2024\/05\/IMG-20240510-WA0017-696x462.jpg 696w, https:\/\/www.yucatanencorto.com\/noticias\/wp-content\/uploads\/2024\/05\/IMG-20240510-WA0017-1068x709.jpg 1068w\" sizes=\"auto, (max-width: 768px) 100vw, 768px\" \/><\/p>\n<p>&nbsp;<\/p>\n<p>M\u00e9rida, Yucat\u00e1n 10 de mayo de 2024.- Habitantes del sur de la ciudad, ya pueden aprovechar los beneficios del M\u00f3dulo M\u00e9dico 24\/7 del Centro Integral de Salud y Rehabilitaci\u00f3n \u201cRenacimiento\u201d, que este d\u00eda visit\u00f3 la encargada del Despacho del Gobernador de Yucat\u00e1n, Mar\u00eda Dolores Fritz Sierra, y con el cual ya suman 107 de estos espacios en todo el territorio que buscan mejorar y fortalecer los servicios de salud en el estado.<\/p>\n<p>&nbsp;<\/p>\n<p>Junto al alcalde de M\u00e9rida, Alejandro Ruz Castro, Fritz Sierra recorri\u00f3 el nuevo espacio que se suma al Centro Integral de Salud y Rehabilitaci\u00f3n \u201cRenacimiento\u201d del Ayuntamiento de M\u00e9rida, para fortalecer los servicios de consultas, ambulatorios de urgencias, curaci\u00f3n y sutura de heridas simples; y, en caso de as\u00ed requerirse, los de traslado de pacientes a unidades de segundo y tercer nivel de atenci\u00f3n.<\/p>\n<p>&nbsp;<\/p>\n<p>Al reconocer la labor del personal m\u00e9dico que hace posible el funcionamiento de estos m\u00f3dulos, as\u00ed como su dedicaci\u00f3n y solidaridad para la operaci\u00f3n de este programa, la encargada del Despacho del Gobernador destac\u00f3 que, con esta estrategia, los yucatecos reciben atenci\u00f3n m\u00e9dica de primer nivel, medicamentos y equipo necesario, para garantizar un servicio oportuno y de calidad, sin importar d\u00eda y hora.<\/p>\n<p>&nbsp;<\/p>\n<p>\u201cY despu\u00e9s de haber proporcionado cobertura a los 105 municipios del interior del Estado, toca, por fin, hoy el turno, al de M\u00e9rida. Dando as\u00ed satisfacci\u00f3n a una de las mayores preocupaciones de nuestra gente: el acceso a los servicios de salud. A una salud p\u00fablica y digna\u201d, agreg\u00f3.<\/p>\n<p>&nbsp;<\/p>\n<p>En presencia del titular de la Secretar\u00eda de Salud del Estado (SSY), Mauricio Sauri Vivas, Fritz Sierra reiter\u00f3 que desde el Gobierno del Estado se avanza en la transformaci\u00f3n de la salud, con m\u00e1s programas, m\u00e1s ambulancias y veh\u00edculos de emergencia y traslado, m\u00e1s infraestructura, y m\u00e1s apoyos sociales.<\/p>\n<p>&nbsp;<\/p>\n<p>En ese sentido, record\u00f3 que se han impulsado programas como \u201cM\u00e9dico a Domicilio\u201d, la remodelaci\u00f3n de los 140 Centros de Salud de todo el estado, la \u201cTarjeta Universal de Salud\u201d para que todos tengan acceso a estos servicios; adem\u00e1s del mejoramiento de la infraestructura hospitalaria como los hospitales General Naval de Progreso, el General de Ticul y General \u201cDr. Agust\u00edn O\u2019Hor\u00e1n\u201d.<\/p>\n<p>&nbsp;<\/p>\n<p>Por lo que toca al nuevo m\u00f3dulo ubicado en la localidad Emiliano Zapata Sur III, Alejandro de Jes\u00fas Novelo C\u00e1mara, encargado de la Secretar\u00eda de Desarrollo Social del Estado de Yucat\u00e1n (SEDESOL) explic\u00f3 que este ofrecer\u00e1 orientaci\u00f3n m\u00e9dica, consultas y medicamentos gratuitos.<\/p>\n<p>&nbsp;<\/p>\n<p>Adem\u00e1s de servicios de ultrasonidos m\u00e9dicos, para tiroides, inguinal, h\u00edgado y v\u00edas biliares, pared abdominal, renal vesical, obst\u00e9trico I, II y III trimestre, p\u00e9lvico ginecol\u00f3gico, testicular, vesicoprost\u00e1tico y abdomen superior.<\/p>\n<p>&nbsp;<\/p>\n<p>En su turno, el Alcalde de M\u00e9rida, Alejandro Ruz Castro, expres\u00f3 que el trabajo coordinado desde el \u00e1mbito estatal y municipal, impulsa el desarrollo y crecimiento equitativo de la poblaci\u00f3n bajo la premisa de la justicia social, particularmente cuando se trata de acciones conjuntas que impulsan la salud.<\/p>\n<p>&nbsp;<\/p>\n<p>\u00abLa ciudadan\u00eda ve con buenos ojos que sus autoridades se pongan de acuerdo en lo fundamental, porque la salud es un derecho y debe estar asegurada con servicios y medicinas gratuitas para quienes las necesitan\u201d, manifest\u00f3.<\/p>\n<p>&nbsp;<\/p>\n<p>Ruz Castro reconoci\u00f3 que con el programa \u201cM\u00e9dico 24\/7\u201d y los m\u00f3dulos estatales de salud, se garantiza la atenci\u00f3n m\u00e9dica de calidad a todas las familias yucatecas, sin importar la hora o el d\u00eda para atenderlas.<\/p>\n<p>&nbsp;<\/p>\n<p>\u00abEsta alianza reafirma que en Yucat\u00e1n se privilegia la salud f\u00edsica y emocional, porque sabemos que es la mejor manera de contar con hombres, mujeres y ni\u00f1os sanos, que pueden desempe\u00f1ar sus labores para continuar siendo productivos y llevar bienestar a sus familias\u00bb, dijo.<\/p>\n<p>&nbsp;<\/p>\n<p>Asimismo, agreg\u00f3 que la implementaci\u00f3n del programa 24\/7 en el m\u00f3dulo m\u00e9dico de la colonia Renacimiento cambiar\u00e1 vidas sabi\u00e9ndose atendidos, \u00abporque hacemos diferencia en el trato y la atenci\u00f3n, porque nos interesa la condici\u00f3n humana para atender la salud\u00bb.<\/p>\n","protected":false},"excerpt":{"rendered":"<p>&nbsp; M\u00e9rida, Yucat\u00e1n 10 de mayo de 2024.- Habitantes del sur de la ciudad, ya pueden aprovechar los beneficios del M\u00f3dulo M\u00e9dico 24\/7 del Centro Integral de Salud y Rehabilitaci\u00f3n \u201cRenacimiento\u201d, que este d\u00eda visit\u00f3 la encargada del Despacho del Gobernador de Yucat\u00e1n, Mar\u00eda Dolores Fritz Sierra, y con el cual ya suman 107 de [&hellip;]<\/p>\n","protected":false},"author":3,"featured_media":110134,"comment_status":"closed","ping_status":"closed","sticky":false,"template":"","format":"standard","meta":{"footnotes":""},"categories":[3],"tags":[],"class_list":{"0":"post-110133","1":"post","2":"type-post","3":"status-publish","4":"format-standard","5":"has-post-thumbnail","7":"category-yucatan"},"yoast_head":"<!-- This site is optimized with the Yoast SEO plugin v27.5 - https:\/\/yoast.com\/product\/yoast-seo-wordpress\/ -->\n<title>Yucat\u00e1n contin\u00faa fortaleciendo los servicios de salud en beneficio de toda la poblaci\u00f3n\u00a0 - Yucat\u00e1n en corto<\/title>\n<meta name=\"robots\" content=\"index, follow, max-snippet:-1, max-image-preview:large, max-video-preview:-1\" \/>\n<link rel=\"canonical\" href=\"https:\/\/www.yucatanencorto.com\/noticias\/yucatan-continua-fortaleciendo-los-servicios-de-salud-en-beneficio-de-toda-la-poblacion\/\" \/>\n<meta property=\"og:locale\" content=\"es_ES\" \/>\n<meta property=\"og:type\" content=\"article\" \/>\n<meta property=\"og:title\" content=\"Yucat\u00e1n contin\u00faa fortaleciendo los servicios de salud en beneficio de toda la poblaci\u00f3n\u00a0 - Yucat\u00e1n en corto\" \/>\n<meta property=\"og:description\" content=\"&nbsp; M\u00e9rida, Yucat\u00e1n 10 de mayo de 2024.- Habitantes del sur de la ciudad, ya pueden aprovechar los beneficios del M\u00f3dulo M\u00e9dico 24\/7 del Centro Integral de Salud y Rehabilitaci\u00f3n \u201cRenacimiento\u201d, que este d\u00eda visit\u00f3 la encargada del Despacho del Gobernador de Yucat\u00e1n, Mar\u00eda Dolores Fritz Sierra, y con el cual ya suman 107 de [&hellip;]\" \/>\n<meta property=\"og:url\" content=\"https:\/\/www.yucatanencorto.com\/noticias\/yucatan-continua-fortaleciendo-los-servicios-de-salud-en-beneficio-de-toda-la-poblacion\/\" \/>\n<meta property=\"og:site_name\" content=\"Yucat\u00e1n en corto\" \/>\n<meta property=\"article:publisher\" content=\"http:\/\/www.facebook.com\/yucatanencorto\" \/>\n<meta property=\"article:published_time\" content=\"2024-05-10T23:19:26+00:00\" \/>\n<meta property=\"og:image\" content=\"https:\/\/www.yucatanencorto.com\/noticias\/wp-content\/uploads\/2024\/05\/IMG-20240510-WA0017-scaled.jpg\" \/>\n\t<meta property=\"og:image:width\" content=\"768\" \/>\n\t<meta property=\"og:image:height\" content=\"510\" \/>\n\t<meta property=\"og:image:type\" content=\"image\/jpeg\" \/>\n<meta name=\"author\" content=\"Redes\" \/>\n<meta name=\"twitter:card\" content=\"summary_large_image\" \/>\n<meta name=\"twitter:creator\" content=\"@yucatanencorto\" \/>\n<meta name=\"twitter:site\" content=\"@yucatanencorto\" \/>\n<meta name=\"twitter:label1\" content=\"Escrito por\" \/>\n\t<meta name=\"twitter:data1\" content=\"Redes\" \/>\n\t<meta name=\"twitter:label2\" content=\"Tiempo de lectura\" \/>\n\t<meta name=\"twitter:data2\" content=\"4 minutos\" \/>\n<script type=\"application\/ld+json\" class=\"yoast-schema-graph\">{\"@context\":\"https:\\\/\\\/schema.org\",\"@graph\":[{\"@type\":\"Article\",\"@id\":\"https:\\\/\\\/www.yucatanencorto.com\\\/noticias\\\/yucatan-continua-fortaleciendo-los-servicios-de-salud-en-beneficio-de-toda-la-poblacion\\\/#article\",\"isPartOf\":{\"@id\":\"https:\\\/\\\/www.yucatanencorto.com\\\/noticias\\\/yucatan-continua-fortaleciendo-los-servicios-de-salud-en-beneficio-de-toda-la-poblacion\\\/\"},\"author\":{\"name\":\"Redes\",\"@id\":\"https:\\\/\\\/www.yucatanencorto.com\\\/noticias\\\/#\\\/schema\\\/person\\\/e2fbdfaf30a07014a43940ce989f3119\"},\"headline\":\"Yucat\u00e1n contin\u00faa fortaleciendo los servicios de salud en beneficio de toda la poblaci\u00f3n\u00a0\",\"datePublished\":\"2024-05-10T23:19:26+00:00\",\"mainEntityOfPage\":{\"@id\":\"https:\\\/\\\/www.yucatanencorto.com\\\/noticias\\\/yucatan-continua-fortaleciendo-los-servicios-de-salud-en-beneficio-de-toda-la-poblacion\\\/\"},\"wordCount\":725,\"image\":{\"@id\":\"https:\\\/\\\/www.yucatanencorto.com\\\/noticias\\\/yucatan-continua-fortaleciendo-los-servicios-de-salud-en-beneficio-de-toda-la-poblacion\\\/#primaryimage\"},\"thumbnailUrl\":\"https:\\\/\\\/www.yucatanencorto.com\\\/noticias\\\/wp-content\\\/uploads\\\/2024\\\/05\\\/IMG-20240510-WA0017-scaled.jpg\",\"articleSection\":[\"Yucat\u00e1n\"],\"inLanguage\":\"es\"},{\"@type\":\"WebPage\",\"@id\":\"https:\\\/\\\/www.yucatanencorto.com\\\/noticias\\\/yucatan-continua-fortaleciendo-los-servicios-de-salud-en-beneficio-de-toda-la-poblacion\\\/\",\"url\":\"https:\\\/\\\/www.yucatanencorto.com\\\/noticias\\\/yucatan-continua-fortaleciendo-los-servicios-de-salud-en-beneficio-de-toda-la-poblacion\\\/\",\"name\":\"Yucat\u00e1n contin\u00faa fortaleciendo los servicios de salud en beneficio de toda la poblaci\u00f3n\u00a0 - Yucat\u00e1n en corto\",\"isPartOf\":{\"@id\":\"https:\\\/\\\/www.yucatanencorto.com\\\/noticias\\\/#website\"},\"primaryImageOfPage\":{\"@id\":\"https:\\\/\\\/www.yucatanencorto.com\\\/noticias\\\/yucatan-continua-fortaleciendo-los-servicios-de-salud-en-beneficio-de-toda-la-poblacion\\\/#primaryimage\"},\"image\":{\"@id\":\"https:\\\/\\\/www.yucatanencorto.com\\\/noticias\\\/yucatan-continua-fortaleciendo-los-servicios-de-salud-en-beneficio-de-toda-la-poblacion\\\/#primaryimage\"},\"thumbnailUrl\":\"https:\\\/\\\/www.yucatanencorto.com\\\/noticias\\\/wp-content\\\/uploads\\\/2024\\\/05\\\/IMG-20240510-WA0017-scaled.jpg\",\"datePublished\":\"2024-05-10T23:19:26+00:00\",\"author\":{\"@id\":\"https:\\\/\\\/www.yucatanencorto.com\\\/noticias\\\/#\\\/schema\\\/person\\\/e2fbdfaf30a07014a43940ce989f3119\"},\"breadcrumb\":{\"@id\":\"https:\\\/\\\/www.yucatanencorto.com\\\/noticias\\\/yucatan-continua-fortaleciendo-los-servicios-de-salud-en-beneficio-de-toda-la-poblacion\\\/#breadcrumb\"},\"inLanguage\":\"es\",\"potentialAction\":[{\"@type\":\"ReadAction\",\"target\":[\"https:\\\/\\\/www.yucatanencorto.com\\\/noticias\\\/yucatan-continua-fortaleciendo-los-servicios-de-salud-en-beneficio-de-toda-la-poblacion\\\/\"]}]},{\"@type\":\"ImageObject\",\"inLanguage\":\"es\",\"@id\":\"https:\\\/\\\/www.yucatanencorto.com\\\/noticias\\\/yucatan-continua-fortaleciendo-los-servicios-de-salud-en-beneficio-de-toda-la-poblacion\\\/#primaryimage\",\"url\":\"https:\\\/\\\/www.yucatanencorto.com\\\/noticias\\\/wp-content\\\/uploads\\\/2024\\\/05\\\/IMG-20240510-WA0017-scaled.jpg\",\"contentUrl\":\"https:\\\/\\\/www.yucatanencorto.com\\\/noticias\\\/wp-content\\\/uploads\\\/2024\\\/05\\\/IMG-20240510-WA0017-scaled.jpg\",\"width\":768,\"height\":510},{\"@type\":\"BreadcrumbList\",\"@id\":\"https:\\\/\\\/www.yucatanencorto.com\\\/noticias\\\/yucatan-continua-fortaleciendo-los-servicios-de-salud-en-beneficio-de-toda-la-poblacion\\\/#breadcrumb\",\"itemListElement\":[{\"@type\":\"ListItem\",\"position\":1,\"name\":\"Portada\",\"item\":\"https:\\\/\\\/www.yucatanencorto.com\\\/noticias\\\/\"},{\"@type\":\"ListItem\",\"position\":2,\"name\":\"Yucat\u00e1n contin\u00faa fortaleciendo los servicios de salud en beneficio de toda la poblaci\u00f3n\u00a0\"}]},{\"@type\":\"WebSite\",\"@id\":\"https:\\\/\\\/www.yucatanencorto.com\\\/noticias\\\/#website\",\"url\":\"https:\\\/\\\/www.yucatanencorto.com\\\/noticias\\\/\",\"name\":\"Yucat\u00e1n en corto\",\"description\":\"Noticias\",\"potentialAction\":[{\"@type\":\"SearchAction\",\"target\":{\"@type\":\"EntryPoint\",\"urlTemplate\":\"https:\\\/\\\/www.yucatanencorto.com\\\/noticias\\\/?s={search_term_string}\"},\"query-input\":{\"@type\":\"PropertyValueSpecification\",\"valueRequired\":true,\"valueName\":\"search_term_string\"}}],\"inLanguage\":\"es\"},{\"@type\":\"Person\",\"@id\":\"https:\\\/\\\/www.yucatanencorto.com\\\/noticias\\\/#\\\/schema\\\/person\\\/e2fbdfaf30a07014a43940ce989f3119\",\"name\":\"Redes\",\"image\":{\"@type\":\"ImageObject\",\"inLanguage\":\"es\",\"@id\":\"https:\\\/\\\/secure.gravatar.com\\\/avatar\\\/5931a2d21dd7cc834f44c8c34fe56d90ed6d536ef452cbf870c7485b524dddd7?s=96&d=mm&r=g\",\"url\":\"https:\\\/\\\/secure.gravatar.com\\\/avatar\\\/5931a2d21dd7cc834f44c8c34fe56d90ed6d536ef452cbf870c7485b524dddd7?s=96&d=mm&r=g\",\"contentUrl\":\"https:\\\/\\\/secure.gravatar.com\\\/avatar\\\/5931a2d21dd7cc834f44c8c34fe56d90ed6d536ef452cbf870c7485b524dddd7?s=96&d=mm&r=g\",\"caption\":\"Redes\"},\"url\":\"https:\\\/\\\/www.yucatanencorto.com\\\/noticias\\\/author\\\/redes\\\/\"}]}<\/script>\n<!-- \/ Yoast SEO plugin. -->","yoast_head_json":{"title":"Yucat\u00e1n contin\u00faa fortaleciendo los servicios de salud en beneficio de toda la poblaci\u00f3n\u00a0 - Yucat\u00e1n en corto","robots":{"index":"index","follow":"follow","max-snippet":"max-snippet:-1","max-image-preview":"max-image-preview:large","max-video-preview":"max-video-preview:-1"},"canonical":"https:\/\/www.yucatanencorto.com\/noticias\/yucatan-continua-fortaleciendo-los-servicios-de-salud-en-beneficio-de-toda-la-poblacion\/","og_locale":"es_ES","og_type":"article","og_title":"Yucat\u00e1n contin\u00faa fortaleciendo los servicios de salud en beneficio de toda la poblaci\u00f3n\u00a0 - Yucat\u00e1n en corto","og_description":"&nbsp; M\u00e9rida, Yucat\u00e1n 10 de mayo de 2024.- Habitantes del sur de la ciudad, ya pueden aprovechar los beneficios del M\u00f3dulo M\u00e9dico 24\/7 del Centro Integral de Salud y Rehabilitaci\u00f3n \u201cRenacimiento\u201d, que este d\u00eda visit\u00f3 la encargada del Despacho del Gobernador de Yucat\u00e1n, Mar\u00eda Dolores Fritz Sierra, y con el cual ya suman 107 de [&hellip;]","og_url":"https:\/\/www.yucatanencorto.com\/noticias\/yucatan-continua-fortaleciendo-los-servicios-de-salud-en-beneficio-de-toda-la-poblacion\/","og_site_name":"Yucat\u00e1n en corto","article_publisher":"http:\/\/www.facebook.com\/yucatanencorto","article_published_time":"2024-05-10T23:19:26+00:00","og_image":[{"width":768,"height":510,"url":"https:\/\/www.yucatanencorto.com\/noticias\/wp-content\/uploads\/2024\/05\/IMG-20240510-WA0017-scaled.jpg","type":"image\/jpeg"}],"author":"Redes","twitter_card":"summary_large_image","twitter_creator":"@yucatanencorto","twitter_site":"@yucatanencorto","twitter_misc":{"Escrito por":"Redes","Tiempo de lectura":"4 minutos"},"schema":{"@context":"https:\/\/schema.org","@graph":[{"@type":"Article","@id":"https:\/\/www.yucatanencorto.com\/noticias\/yucatan-continua-fortaleciendo-los-servicios-de-salud-en-beneficio-de-toda-la-poblacion\/#article","isPartOf":{"@id":"https:\/\/www.yucatanencorto.com\/noticias\/yucatan-continua-fortaleciendo-los-servicios-de-salud-en-beneficio-de-toda-la-poblacion\/"},"author":{"name":"Redes","@id":"https:\/\/www.yucatanencorto.com\/noticias\/#\/schema\/person\/e2fbdfaf30a07014a43940ce989f3119"},"headline":"Yucat\u00e1n contin\u00faa fortaleciendo los servicios de salud en beneficio de toda la poblaci\u00f3n\u00a0","datePublished":"2024-05-10T23:19:26+00:00","mainEntityOfPage":{"@id":"https:\/\/www.yucatanencorto.com\/noticias\/yucatan-continua-fortaleciendo-los-servicios-de-salud-en-beneficio-de-toda-la-poblacion\/"},"wordCount":725,"image":{"@id":"https:\/\/www.yucatanencorto.com\/noticias\/yucatan-continua-fortaleciendo-los-servicios-de-salud-en-beneficio-de-toda-la-poblacion\/#primaryimage"},"thumbnailUrl":"https:\/\/www.yucatanencorto.com\/noticias\/wp-content\/uploads\/2024\/05\/IMG-20240510-WA0017-scaled.jpg","articleSection":["Yucat\u00e1n"],"inLanguage":"es"},{"@type":"WebPage","@id":"https:\/\/www.yucatanencorto.com\/noticias\/yucatan-continua-fortaleciendo-los-servicios-de-salud-en-beneficio-de-toda-la-poblacion\/","url":"https:\/\/www.yucatanencorto.com\/noticias\/yucatan-continua-fortaleciendo-los-servicios-de-salud-en-beneficio-de-toda-la-poblacion\/","name":"Yucat\u00e1n contin\u00faa fortaleciendo los servicios de salud en beneficio de toda la poblaci\u00f3n\u00a0 - Yucat\u00e1n en corto","isPartOf":{"@id":"https:\/\/www.yucatanencorto.com\/noticias\/#website"},"primaryImageOfPage":{"@id":"https:\/\/www.yucatanencorto.com\/noticias\/yucatan-continua-fortaleciendo-los-servicios-de-salud-en-beneficio-de-toda-la-poblacion\/#primaryimage"},"image":{"@id":"https:\/\/www.yucatanencorto.com\/noticias\/yucatan-continua-fortaleciendo-los-servicios-de-salud-en-beneficio-de-toda-la-poblacion\/#primaryimage"},"thumbnailUrl":"https:\/\/www.yucatanencorto.com\/noticias\/wp-content\/uploads\/2024\/05\/IMG-20240510-WA0017-scaled.jpg","datePublished":"2024-05-10T23:19:26+00:00","author":{"@id":"https:\/\/www.yucatanencorto.com\/noticias\/#\/schema\/person\/e2fbdfaf30a07014a43940ce989f3119"},"breadcrumb":{"@id":"https:\/\/www.yucatanencorto.com\/noticias\/yucatan-continua-fortaleciendo-los-servicios-de-salud-en-beneficio-de-toda-la-poblacion\/#breadcrumb"},"inLanguage":"es","potentialAction":[{"@type":"ReadAction","target":["https:\/\/www.yucatanencorto.com\/noticias\/yucatan-continua-fortaleciendo-los-servicios-de-salud-en-beneficio-de-toda-la-poblacion\/"]}]},{"@type":"ImageObject","inLanguage":"es","@id":"https:\/\/www.yucatanencorto.com\/noticias\/yucatan-continua-fortaleciendo-los-servicios-de-salud-en-beneficio-de-toda-la-poblacion\/#primaryimage","url":"https:\/\/www.yucatanencorto.com\/noticias\/wp-content\/uploads\/2024\/05\/IMG-20240510-WA0017-scaled.jpg","contentUrl":"https:\/\/www.yucatanencorto.com\/noticias\/wp-content\/uploads\/2024\/05\/IMG-20240510-WA0017-scaled.jpg","width":768,"height":510},{"@type":"BreadcrumbList","@id":"https:\/\/www.yucatanencorto.com\/noticias\/yucatan-continua-fortaleciendo-los-servicios-de-salud-en-beneficio-de-toda-la-poblacion\/#breadcrumb","itemListElement":[{"@type":"ListItem","position":1,"name":"Portada","item":"https:\/\/www.yucatanencorto.com\/noticias\/"},{"@type":"ListItem","position":2,"name":"Yucat\u00e1n contin\u00faa fortaleciendo los servicios de salud en beneficio de toda la poblaci\u00f3n\u00a0"}]},{"@type":"WebSite","@id":"https:\/\/www.yucatanencorto.com\/noticias\/#website","url":"https:\/\/www.yucatanencorto.com\/noticias\/","name":"Yucat\u00e1n en corto","description":"Noticias","potentialAction":[{"@type":"SearchAction","target":{"@type":"EntryPoint","urlTemplate":"https:\/\/www.yucatanencorto.com\/noticias\/?s={search_term_string}"},"query-input":{"@type":"PropertyValueSpecification","valueRequired":true,"valueName":"search_term_string"}}],"inLanguage":"es"},{"@type":"Person","@id":"https:\/\/www.yucatanencorto.com\/noticias\/#\/schema\/person\/e2fbdfaf30a07014a43940ce989f3119","name":"Redes","image":{"@type":"ImageObject","inLanguage":"es","@id":"https:\/\/secure.gravatar.com\/avatar\/5931a2d21dd7cc834f44c8c34fe56d90ed6d536ef452cbf870c7485b524dddd7?s=96&d=mm&r=g","url":"https:\/\/secure.gravatar.com\/avatar\/5931a2d21dd7cc834f44c8c34fe56d90ed6d536ef452cbf870c7485b524dddd7?s=96&d=mm&r=g","contentUrl":"https:\/\/secure.gravatar.com\/avatar\/5931a2d21dd7cc834f44c8c34fe56d90ed6d536ef452cbf870c7485b524dddd7?s=96&d=mm&r=g","caption":"Redes"},"url":"https:\/\/www.yucatanencorto.com\/noticias\/author\/redes\/"}]}},"_links":{"self":[{"href":"https:\/\/www.yucatanencorto.com\/noticias\/wp-json\/wp\/v2\/posts\/110133","targetHints":{"allow":["GET"]}}],"collection":[{"href":"https:\/\/www.yucatanencorto.com\/noticias\/wp-json\/wp\/v2\/posts"}],"about":[{"href":"https:\/\/www.yucatanencorto.com\/noticias\/wp-json\/wp\/v2\/types\/post"}],"author":[{"embeddable":true,"href":"https:\/\/www.yucatanencorto.com\/noticias\/wp-json\/wp\/v2\/users\/3"}],"replies":[{"embeddable":true,"href":"https:\/\/www.yucatanencorto.com\/noticias\/wp-json\/wp\/v2\/comments?post=110133"}],"version-history":[{"count":0,"href":"https:\/\/www.yucatanencorto.com\/noticias\/wp-json\/wp\/v2\/posts\/110133\/revisions"}],"wp:featuredmedia":[{"embeddable":true,"href":"https:\/\/www.yucatanencorto.com\/noticias\/wp-json\/wp\/v2\/media\/110134"}],"wp:attachment":[{"href":"https:\/\/www.yucatanencorto.com\/noticias\/wp-json\/wp\/v2\/media?parent=110133"}],"wp:term":[{"taxonomy":"category","embeddable":true,"href":"https:\/\/www.yucatanencorto.com\/noticias\/wp-json\/wp\/v2\/categories?post=110133"},{"taxonomy":"post_tag","embeddable":true,"href":"https:\/\/www.yucatanencorto.com\/noticias\/wp-json\/wp\/v2\/tags?post=110133"}],"curies":[{"name":"wp","href":"https:\/\/api.w.org\/{rel}","templated":true}]}}