{"id":110140,"date":"2024-05-11T14:10:35","date_gmt":"2024-05-11T20:10:35","guid":{"rendered":"https:\/\/www.yucatanencorto.com\/noticias\/?p=110140"},"modified":"2024-05-11T14:10:35","modified_gmt":"2024-05-11T20:10:35","slug":"unidades-va-y-ven-llegan-a-valladolid","status":"publish","type":"post","link":"https:\/\/www.yucatanencorto.com\/noticias\/unidades-va-y-ven-llegan-a-valladolid\/","title":{"rendered":"Unidades Va y Ven llegan a Valladolid"},"content":{"rendered":"<p style=\"text-align: left;\"><img loading=\"lazy\" decoding=\"async\" class=\"alignnone size-full wp-image-110141\" src=\"https:\/\/www.yucatanencorto.com\/noticias\/wp-content\/uploads\/2024\/05\/IMG-20240511-WA0070-scaled.jpg\" alt=\"\" width=\"768\" height=\"432\" srcset=\"https:\/\/www.yucatanencorto.com\/noticias\/wp-content\/uploads\/2024\/05\/IMG-20240511-WA0070-scaled.jpg 768w, https:\/\/www.yucatanencorto.com\/noticias\/wp-content\/uploads\/2024\/05\/IMG-20240511-WA0070-150x84.jpg 150w, https:\/\/www.yucatanencorto.com\/noticias\/wp-content\/uploads\/2024\/05\/IMG-20240511-WA0070-300x169.jpg 300w, https:\/\/www.yucatanencorto.com\/noticias\/wp-content\/uploads\/2024\/05\/IMG-20240511-WA0070-696x392.jpg 696w, https:\/\/www.yucatanencorto.com\/noticias\/wp-content\/uploads\/2024\/05\/IMG-20240511-WA0070-1068x601.jpg 1068w\" sizes=\"auto, (max-width: 768px) 100vw, 768px\" \/><\/p>\n<p style=\"text-align: left;\">Valladolid, Yucat\u00e1n, 11 de mayo de 2024.- La transformaci\u00f3n de la movilidad llega al oriente del estado, con el inicio de la ruta transversal del sistema Va y Ven en el municipio de Valladolid, donde ahora los usuarios pueden acceder a viajes m\u00e1s c\u00f3modos y \u00e1giles a bordo de modernas unidades, que vienen a ofrecer un servicio de transporte p\u00fablico a la altura que merecen los yucatecos<\/p>\n<p style=\"text-align: left;\">\n<p style=\"text-align: left;\">Este s\u00e1bado arranc\u00f3 el primer trayecto contemplado en ese municipio, para el cual se pusieron a disposici\u00f3n 5 unidades que har\u00e1n un recorrido de m\u00e1s de 15 kil\u00f3metros, pasando por los principales puntos de esa ciudad; adem\u00e1s ser\u00e1 gratuito hasta el 26 de mayo para que la gente conozca la ruta y los beneficios del servicio; despu\u00e9s de ese periodo, el pago ser\u00e1 completamente electr\u00f3nico a trav\u00e9s de la tarjeta inteligente \u201cVa y Ven\u201d.<\/p>\n<p style=\"text-align: left;\">\n<p style=\"text-align: left;\">Y como parte de este impulso a la modernizaci\u00f3n del transporte p\u00fablico, este s\u00e1bado en M\u00e9rida tambi\u00e9n se continu\u00f3 con la entrada en operaci\u00f3n de una nueva ruta dentro de dicho sistema al ponerse en marcha la Vergel 4 y 5, que cubre parte de este fraccionamiento del oriente de la capital yucateca.<\/p>\n<p style=\"text-align: left;\">\n<p style=\"text-align: left;\">En esta ruta se estima atender a 3,200 usuarios mediante 4 nuevas y modernas unidades. En apoyo de la econom\u00eda de las familias yucatecas, el servicio se mantendr\u00e1 gratis de hoy y hasta el pr\u00f3ximo domingo 19 de mayo, por lo que el cobro electr\u00f3nico con la tarjeta \u201cVa y ven\u201d iniciar\u00e1 el lunes 20. As\u00ed, esta ruta contar\u00e1 con tarifa social para estudiantes, personas adultas mayores y con discapacidad que ser\u00e1 v\u00e1lida los 365 d\u00edas del a\u00f1o. Adem\u00e1s, esto permitir\u00e1 a las y los usuarios acceder a transbordos gratis y con descuentos, en los primeros 120 minutos a partir de su primer viaje, haciendo interconexi\u00f3n con cualquier otra ruta del Sistema \u201cVa y Ven\u201d.<\/p>\n<p style=\"text-align: left;\">\n<p style=\"text-align: left;\">Entre los vallisoletanos que han comprobado estos beneficios se encuentra Gladys Chan Uc, quien destac\u00f3 la gran ayuda que ser\u00e1 para ella la Ruta Transversal Valladolid, pues ahora se podr\u00e1 mover para ir a su trabajo o hacer sus compras r\u00e1pido y por menos dinero.<\/p>\n<p style=\"text-align: left;\">\n<p style=\"text-align: left;\">\u00abQu\u00e9 bueno que trajeron algo as\u00ed aqu\u00ed a Valladolid, es una ayuda porque ya no vamos a gastar mucho, ni tendremos que caminar\u00bb, se\u00f1al\u00f3.<\/p>\n<p style=\"text-align: left;\">\n<p style=\"text-align: left;\">La madre de familia afirm\u00f3 que hac\u00eda falta algo as\u00ed en su municipio; tener rutas y autobuses nuevos es algo que nunca antes hab\u00edan hecho por Valladolid y es algo que verdaderamente se necesitaba. Hay que recordar que al d\u00eda de hoy no exist\u00eda un servicio de transporte de autobuses en esta ciudad siendo una de las m\u00e1s grandes del estado.<\/p>\n<p style=\"text-align: left;\">\n<p style=\"text-align: left;\">\u00abEst\u00e1n bonitos los camiones, nunca hab\u00edan tra\u00eddo algo as\u00ed aqu\u00ed. Antes, en la combi \u00edbamos todos pegados y pasando calor, pero ahora estaremos viajando c\u00f3modos y frescos\u00bb, finaliz\u00f3.<\/p>\n<p style=\"text-align: left;\">\n<p style=\"text-align: left;\">La ruta Transversal Valladolid es la primera de tres que se implementar\u00e1n en esa localidad, con derrotero que atraviesa la ciudad, iniciando en la Escuela Secundaria T\u00e9cnica No. 6 y culminando en el Instituto Tecnol\u00f3gico Superior de Valladolid, tocando puntos de inter\u00e9s como la Universidad para el Bienestar Benito Ju\u00e1rez Garc\u00eda, el Jard\u00edn de ni\u00f1os Zac\u00ed, la Unidad Deportiva San Juan, los parques San Juan, el principal, el de Santa Luc\u00eda, el Centro de Estudios Zac\u00ed y la plaza Bella Valladolid.<\/p>\n<p style=\"text-align: left;\">\n<p style=\"text-align: left;\">Las y los usuarios podr\u00e1n aprovechar el beneficio de los transbordos gratis y con descuentos que ofrece el Sistema \u201cVa y Ven\u201d haciendo interconexi\u00f3n con los Circuitos Oriente y Poniente, una vez hayan arrancado.<\/p>\n<p style=\"text-align: left;\">\n<p style=\"text-align: left;\">La tarjeta \u00abVa y Ven\u00bb puede ser adquirida en el cajero ubicado en el mercado local, establecimientos de Oxxo, S\u00faper Willys y Dunosusa. En el caso de estudiantes, personas adultas mayores y personas con discapacidad, quienes tienen derecho a la tarifa social en el transporte p\u00fablico pueden tramitar su credencial amarilla en los m\u00f3dulos que la Agencia de Transporte de Yucat\u00e1n (ATY) ha dispuesto en el DIF municipal, las oficinas de la instancia en Valladolid de forma permanentes y en instituciones educativas de manera itinerante.<\/p>\n<p style=\"text-align: left;\">\n<p style=\"text-align: left;\">Al respecto, el director de la ATY, Rafael Hern\u00e1ndez Kotasek, indic\u00f3 que el trayecto dura alrededor de 1 hora y 10 minutos, con frecuencias de entre 12 y 14 minutos y se espera mueva a 2,500 personas por d\u00eda. Aunado a ello, se estima que, en su momento, atienda la estaci\u00f3n del Tren Maya en este punto del estado.<\/p>\n<p style=\"text-align: left;\">\n<p style=\"text-align: left;\">Explic\u00f3 que, adem\u00e1s de est\u00e1s 5 unidades, con los circuitos, que pr\u00f3ximamente comenzar\u00e1n a funcionar, se sumar\u00e1n otras 10, para sumar 15 en Valladolid. Agreg\u00f3 que el sistema Va y Ven ah\u00ed atender\u00eda a alrededor de 7,500 usuarios por jornada y que actualmente se est\u00e1n terminando las adecuaciones en vialidades para que puedan entrar en funcionamiento.<\/p>\n<p style=\"text-align: left;\">\n<p style=\"text-align: left;\">Sobre la credencializaci\u00f3n, Hern\u00e1ndez Kotasek dijo que se han entregado casi 3,500 tarjetas amarillas para tarifa social, de las cuales 3,200 han sido a estudiantes.<\/p>\n<p style=\"text-align: left;\">\n<p style=\"text-align: left;\">El pago ser\u00e1 exclusivamente electr\u00f3nico con la tarjeta inteligente \u201cVa y Ven\u201d, lo que significa que la tarifa social para estudiantes, personas adultas mayores y con discapacidad ser\u00e1 v\u00e1lida los 365 d\u00edas del a\u00f1o.<\/p>\n<p style=\"text-align: left;\">\n<p style=\"text-align: left;\">Al igual que ha sucedido con las rutas anteriores del Sistema Va y Ven, el servicio se prestar\u00e1 en nuevas unidades Volvo, que cuentan con las ventajas ya conocidas por los yucatecos, como espacios c\u00f3modos y aire acondicionado, rack para llevar bicicletas y el rastreo mediante la app Va-y-ven para dispositivos m\u00f3viles. Asimismo, los espacios accesibles para personas con discapacidad fomentan la inclusi\u00f3n de este sector.<\/p>\n<p style=\"text-align: left;\">\n<p style=\"text-align: left;\">Para despejar cualquier duda y levantar reportes con respecto al servicio de transporte p\u00fablico, la ATY cuenta con la l\u00ednea telef\u00f3nica 072 y el Chatbus, por medio de mensaje de WhatsApp al 999 165 24 74.<\/p>\n","protected":false},"excerpt":{"rendered":"<p>Valladolid, Yucat\u00e1n, 11 de mayo de 2024.- La transformaci\u00f3n de la movilidad llega al oriente del estado, con el inicio de la ruta transversal del sistema Va y Ven en el municipio de Valladolid, donde ahora los usuarios pueden acceder a viajes m\u00e1s c\u00f3modos y \u00e1giles a bordo de modernas unidades, que vienen a ofrecer [&hellip;]<\/p>\n","protected":false},"author":3,"featured_media":110141,"comment_status":"closed","ping_status":"closed","sticky":false,"template":"","format":"standard","meta":{"footnotes":""},"categories":[3],"tags":[],"class_list":{"0":"post-110140","1":"post","2":"type-post","3":"status-publish","4":"format-standard","5":"has-post-thumbnail","7":"category-yucatan"},"yoast_head":"<!-- This site is optimized with the Yoast SEO plugin v27.5 - https:\/\/yoast.com\/product\/yoast-seo-wordpress\/ -->\n<title>Unidades Va y Ven llegan a Valladolid - Yucat\u00e1n en corto<\/title>\n<meta name=\"robots\" content=\"index, follow, max-snippet:-1, max-image-preview:large, max-video-preview:-1\" \/>\n<link rel=\"canonical\" href=\"https:\/\/www.yucatanencorto.com\/noticias\/unidades-va-y-ven-llegan-a-valladolid\/\" \/>\n<meta property=\"og:locale\" content=\"es_ES\" \/>\n<meta property=\"og:type\" content=\"article\" \/>\n<meta property=\"og:title\" content=\"Unidades Va y Ven llegan a Valladolid - Yucat\u00e1n en corto\" \/>\n<meta property=\"og:description\" content=\"Valladolid, Yucat\u00e1n, 11 de mayo de 2024.- La transformaci\u00f3n de la movilidad llega al oriente del estado, con el inicio de la ruta transversal del sistema Va y Ven en el municipio de Valladolid, donde ahora los usuarios pueden acceder a viajes m\u00e1s c\u00f3modos y \u00e1giles a bordo de modernas unidades, que vienen a ofrecer [&hellip;]\" \/>\n<meta property=\"og:url\" content=\"https:\/\/www.yucatanencorto.com\/noticias\/unidades-va-y-ven-llegan-a-valladolid\/\" \/>\n<meta property=\"og:site_name\" content=\"Yucat\u00e1n en corto\" \/>\n<meta property=\"article:publisher\" content=\"http:\/\/www.facebook.com\/yucatanencorto\" \/>\n<meta property=\"article:published_time\" content=\"2024-05-11T20:10:35+00:00\" \/>\n<meta property=\"og:image\" content=\"https:\/\/www.yucatanencorto.com\/noticias\/wp-content\/uploads\/2024\/05\/IMG-20240511-WA0070-scaled.jpg\" \/>\n\t<meta property=\"og:image:width\" content=\"768\" \/>\n\t<meta property=\"og:image:height\" content=\"432\" \/>\n\t<meta property=\"og:image:type\" content=\"image\/jpeg\" \/>\n<meta name=\"author\" content=\"Redes\" \/>\n<meta name=\"twitter:card\" content=\"summary_large_image\" \/>\n<meta name=\"twitter:creator\" content=\"@yucatanencorto\" \/>\n<meta name=\"twitter:site\" content=\"@yucatanencorto\" \/>\n<meta name=\"twitter:label1\" content=\"Escrito por\" \/>\n\t<meta name=\"twitter:data1\" content=\"Redes\" \/>\n\t<meta name=\"twitter:label2\" content=\"Tiempo de lectura\" \/>\n\t<meta name=\"twitter:data2\" content=\"5 minutos\" \/>\n<script type=\"application\/ld+json\" class=\"yoast-schema-graph\">{\"@context\":\"https:\\\/\\\/schema.org\",\"@graph\":[{\"@type\":\"Article\",\"@id\":\"https:\\\/\\\/www.yucatanencorto.com\\\/noticias\\\/unidades-va-y-ven-llegan-a-valladolid\\\/#article\",\"isPartOf\":{\"@id\":\"https:\\\/\\\/www.yucatanencorto.com\\\/noticias\\\/unidades-va-y-ven-llegan-a-valladolid\\\/\"},\"author\":{\"name\":\"Redes\",\"@id\":\"https:\\\/\\\/www.yucatanencorto.com\\\/noticias\\\/#\\\/schema\\\/person\\\/e2fbdfaf30a07014a43940ce989f3119\"},\"headline\":\"Unidades Va y Ven llegan a Valladolid\",\"datePublished\":\"2024-05-11T20:10:35+00:00\",\"mainEntityOfPage\":{\"@id\":\"https:\\\/\\\/www.yucatanencorto.com\\\/noticias\\\/unidades-va-y-ven-llegan-a-valladolid\\\/\"},\"wordCount\":996,\"image\":{\"@id\":\"https:\\\/\\\/www.yucatanencorto.com\\\/noticias\\\/unidades-va-y-ven-llegan-a-valladolid\\\/#primaryimage\"},\"thumbnailUrl\":\"https:\\\/\\\/www.yucatanencorto.com\\\/noticias\\\/wp-content\\\/uploads\\\/2024\\\/05\\\/IMG-20240511-WA0070-scaled.jpg\",\"articleSection\":[\"Yucat\u00e1n\"],\"inLanguage\":\"es\"},{\"@type\":\"WebPage\",\"@id\":\"https:\\\/\\\/www.yucatanencorto.com\\\/noticias\\\/unidades-va-y-ven-llegan-a-valladolid\\\/\",\"url\":\"https:\\\/\\\/www.yucatanencorto.com\\\/noticias\\\/unidades-va-y-ven-llegan-a-valladolid\\\/\",\"name\":\"Unidades Va y Ven llegan a Valladolid - Yucat\u00e1n en corto\",\"isPartOf\":{\"@id\":\"https:\\\/\\\/www.yucatanencorto.com\\\/noticias\\\/#website\"},\"primaryImageOfPage\":{\"@id\":\"https:\\\/\\\/www.yucatanencorto.com\\\/noticias\\\/unidades-va-y-ven-llegan-a-valladolid\\\/#primaryimage\"},\"image\":{\"@id\":\"https:\\\/\\\/www.yucatanencorto.com\\\/noticias\\\/unidades-va-y-ven-llegan-a-valladolid\\\/#primaryimage\"},\"thumbnailUrl\":\"https:\\\/\\\/www.yucatanencorto.com\\\/noticias\\\/wp-content\\\/uploads\\\/2024\\\/05\\\/IMG-20240511-WA0070-scaled.jpg\",\"datePublished\":\"2024-05-11T20:10:35+00:00\",\"author\":{\"@id\":\"https:\\\/\\\/www.yucatanencorto.com\\\/noticias\\\/#\\\/schema\\\/person\\\/e2fbdfaf30a07014a43940ce989f3119\"},\"breadcrumb\":{\"@id\":\"https:\\\/\\\/www.yucatanencorto.com\\\/noticias\\\/unidades-va-y-ven-llegan-a-valladolid\\\/#breadcrumb\"},\"inLanguage\":\"es\",\"potentialAction\":[{\"@type\":\"ReadAction\",\"target\":[\"https:\\\/\\\/www.yucatanencorto.com\\\/noticias\\\/unidades-va-y-ven-llegan-a-valladolid\\\/\"]}]},{\"@type\":\"ImageObject\",\"inLanguage\":\"es\",\"@id\":\"https:\\\/\\\/www.yucatanencorto.com\\\/noticias\\\/unidades-va-y-ven-llegan-a-valladolid\\\/#primaryimage\",\"url\":\"https:\\\/\\\/www.yucatanencorto.com\\\/noticias\\\/wp-content\\\/uploads\\\/2024\\\/05\\\/IMG-20240511-WA0070-scaled.jpg\",\"contentUrl\":\"https:\\\/\\\/www.yucatanencorto.com\\\/noticias\\\/wp-content\\\/uploads\\\/2024\\\/05\\\/IMG-20240511-WA0070-scaled.jpg\",\"width\":768,\"height\":432},{\"@type\":\"BreadcrumbList\",\"@id\":\"https:\\\/\\\/www.yucatanencorto.com\\\/noticias\\\/unidades-va-y-ven-llegan-a-valladolid\\\/#breadcrumb\",\"itemListElement\":[{\"@type\":\"ListItem\",\"position\":1,\"name\":\"Portada\",\"item\":\"https:\\\/\\\/www.yucatanencorto.com\\\/noticias\\\/\"},{\"@type\":\"ListItem\",\"position\":2,\"name\":\"Unidades Va y Ven llegan a Valladolid\"}]},{\"@type\":\"WebSite\",\"@id\":\"https:\\\/\\\/www.yucatanencorto.com\\\/noticias\\\/#website\",\"url\":\"https:\\\/\\\/www.yucatanencorto.com\\\/noticias\\\/\",\"name\":\"Yucat\u00e1n en corto\",\"description\":\"Noticias\",\"potentialAction\":[{\"@type\":\"SearchAction\",\"target\":{\"@type\":\"EntryPoint\",\"urlTemplate\":\"https:\\\/\\\/www.yucatanencorto.com\\\/noticias\\\/?s={search_term_string}\"},\"query-input\":{\"@type\":\"PropertyValueSpecification\",\"valueRequired\":true,\"valueName\":\"search_term_string\"}}],\"inLanguage\":\"es\"},{\"@type\":\"Person\",\"@id\":\"https:\\\/\\\/www.yucatanencorto.com\\\/noticias\\\/#\\\/schema\\\/person\\\/e2fbdfaf30a07014a43940ce989f3119\",\"name\":\"Redes\",\"image\":{\"@type\":\"ImageObject\",\"inLanguage\":\"es\",\"@id\":\"https:\\\/\\\/secure.gravatar.com\\\/avatar\\\/5931a2d21dd7cc834f44c8c34fe56d90ed6d536ef452cbf870c7485b524dddd7?s=96&d=mm&r=g\",\"url\":\"https:\\\/\\\/secure.gravatar.com\\\/avatar\\\/5931a2d21dd7cc834f44c8c34fe56d90ed6d536ef452cbf870c7485b524dddd7?s=96&d=mm&r=g\",\"contentUrl\":\"https:\\\/\\\/secure.gravatar.com\\\/avatar\\\/5931a2d21dd7cc834f44c8c34fe56d90ed6d536ef452cbf870c7485b524dddd7?s=96&d=mm&r=g\",\"caption\":\"Redes\"},\"url\":\"https:\\\/\\\/www.yucatanencorto.com\\\/noticias\\\/author\\\/redes\\\/\"}]}<\/script>\n<!-- \/ Yoast SEO plugin. -->","yoast_head_json":{"title":"Unidades Va y Ven llegan a Valladolid - Yucat\u00e1n en corto","robots":{"index":"index","follow":"follow","max-snippet":"max-snippet:-1","max-image-preview":"max-image-preview:large","max-video-preview":"max-video-preview:-1"},"canonical":"https:\/\/www.yucatanencorto.com\/noticias\/unidades-va-y-ven-llegan-a-valladolid\/","og_locale":"es_ES","og_type":"article","og_title":"Unidades Va y Ven llegan a Valladolid - Yucat\u00e1n en corto","og_description":"Valladolid, Yucat\u00e1n, 11 de mayo de 2024.- La transformaci\u00f3n de la movilidad llega al oriente del estado, con el inicio de la ruta transversal del sistema Va y Ven en el municipio de Valladolid, donde ahora los usuarios pueden acceder a viajes m\u00e1s c\u00f3modos y \u00e1giles a bordo de modernas unidades, que vienen a ofrecer [&hellip;]","og_url":"https:\/\/www.yucatanencorto.com\/noticias\/unidades-va-y-ven-llegan-a-valladolid\/","og_site_name":"Yucat\u00e1n en corto","article_publisher":"http:\/\/www.facebook.com\/yucatanencorto","article_published_time":"2024-05-11T20:10:35+00:00","og_image":[{"width":768,"height":432,"url":"https:\/\/www.yucatanencorto.com\/noticias\/wp-content\/uploads\/2024\/05\/IMG-20240511-WA0070-scaled.jpg","type":"image\/jpeg"}],"author":"Redes","twitter_card":"summary_large_image","twitter_creator":"@yucatanencorto","twitter_site":"@yucatanencorto","twitter_misc":{"Escrito por":"Redes","Tiempo de lectura":"5 minutos"},"schema":{"@context":"https:\/\/schema.org","@graph":[{"@type":"Article","@id":"https:\/\/www.yucatanencorto.com\/noticias\/unidades-va-y-ven-llegan-a-valladolid\/#article","isPartOf":{"@id":"https:\/\/www.yucatanencorto.com\/noticias\/unidades-va-y-ven-llegan-a-valladolid\/"},"author":{"name":"Redes","@id":"https:\/\/www.yucatanencorto.com\/noticias\/#\/schema\/person\/e2fbdfaf30a07014a43940ce989f3119"},"headline":"Unidades Va y Ven llegan a Valladolid","datePublished":"2024-05-11T20:10:35+00:00","mainEntityOfPage":{"@id":"https:\/\/www.yucatanencorto.com\/noticias\/unidades-va-y-ven-llegan-a-valladolid\/"},"wordCount":996,"image":{"@id":"https:\/\/www.yucatanencorto.com\/noticias\/unidades-va-y-ven-llegan-a-valladolid\/#primaryimage"},"thumbnailUrl":"https:\/\/www.yucatanencorto.com\/noticias\/wp-content\/uploads\/2024\/05\/IMG-20240511-WA0070-scaled.jpg","articleSection":["Yucat\u00e1n"],"inLanguage":"es"},{"@type":"WebPage","@id":"https:\/\/www.yucatanencorto.com\/noticias\/unidades-va-y-ven-llegan-a-valladolid\/","url":"https:\/\/www.yucatanencorto.com\/noticias\/unidades-va-y-ven-llegan-a-valladolid\/","name":"Unidades Va y Ven llegan a Valladolid - Yucat\u00e1n en corto","isPartOf":{"@id":"https:\/\/www.yucatanencorto.com\/noticias\/#website"},"primaryImageOfPage":{"@id":"https:\/\/www.yucatanencorto.com\/noticias\/unidades-va-y-ven-llegan-a-valladolid\/#primaryimage"},"image":{"@id":"https:\/\/www.yucatanencorto.com\/noticias\/unidades-va-y-ven-llegan-a-valladolid\/#primaryimage"},"thumbnailUrl":"https:\/\/www.yucatanencorto.com\/noticias\/wp-content\/uploads\/2024\/05\/IMG-20240511-WA0070-scaled.jpg","datePublished":"2024-05-11T20:10:35+00:00","author":{"@id":"https:\/\/www.yucatanencorto.com\/noticias\/#\/schema\/person\/e2fbdfaf30a07014a43940ce989f3119"},"breadcrumb":{"@id":"https:\/\/www.yucatanencorto.com\/noticias\/unidades-va-y-ven-llegan-a-valladolid\/#breadcrumb"},"inLanguage":"es","potentialAction":[{"@type":"ReadAction","target":["https:\/\/www.yucatanencorto.com\/noticias\/unidades-va-y-ven-llegan-a-valladolid\/"]}]},{"@type":"ImageObject","inLanguage":"es","@id":"https:\/\/www.yucatanencorto.com\/noticias\/unidades-va-y-ven-llegan-a-valladolid\/#primaryimage","url":"https:\/\/www.yucatanencorto.com\/noticias\/wp-content\/uploads\/2024\/05\/IMG-20240511-WA0070-scaled.jpg","contentUrl":"https:\/\/www.yucatanencorto.com\/noticias\/wp-content\/uploads\/2024\/05\/IMG-20240511-WA0070-scaled.jpg","width":768,"height":432},{"@type":"BreadcrumbList","@id":"https:\/\/www.yucatanencorto.com\/noticias\/unidades-va-y-ven-llegan-a-valladolid\/#breadcrumb","itemListElement":[{"@type":"ListItem","position":1,"name":"Portada","item":"https:\/\/www.yucatanencorto.com\/noticias\/"},{"@type":"ListItem","position":2,"name":"Unidades Va y Ven llegan a Valladolid"}]},{"@type":"WebSite","@id":"https:\/\/www.yucatanencorto.com\/noticias\/#website","url":"https:\/\/www.yucatanencorto.com\/noticias\/","name":"Yucat\u00e1n en corto","description":"Noticias","potentialAction":[{"@type":"SearchAction","target":{"@type":"EntryPoint","urlTemplate":"https:\/\/www.yucatanencorto.com\/noticias\/?s={search_term_string}"},"query-input":{"@type":"PropertyValueSpecification","valueRequired":true,"valueName":"search_term_string"}}],"inLanguage":"es"},{"@type":"Person","@id":"https:\/\/www.yucatanencorto.com\/noticias\/#\/schema\/person\/e2fbdfaf30a07014a43940ce989f3119","name":"Redes","image":{"@type":"ImageObject","inLanguage":"es","@id":"https:\/\/secure.gravatar.com\/avatar\/5931a2d21dd7cc834f44c8c34fe56d90ed6d536ef452cbf870c7485b524dddd7?s=96&d=mm&r=g","url":"https:\/\/secure.gravatar.com\/avatar\/5931a2d21dd7cc834f44c8c34fe56d90ed6d536ef452cbf870c7485b524dddd7?s=96&d=mm&r=g","contentUrl":"https:\/\/secure.gravatar.com\/avatar\/5931a2d21dd7cc834f44c8c34fe56d90ed6d536ef452cbf870c7485b524dddd7?s=96&d=mm&r=g","caption":"Redes"},"url":"https:\/\/www.yucatanencorto.com\/noticias\/author\/redes\/"}]}},"_links":{"self":[{"href":"https:\/\/www.yucatanencorto.com\/noticias\/wp-json\/wp\/v2\/posts\/110140","targetHints":{"allow":["GET"]}}],"collection":[{"href":"https:\/\/www.yucatanencorto.com\/noticias\/wp-json\/wp\/v2\/posts"}],"about":[{"href":"https:\/\/www.yucatanencorto.com\/noticias\/wp-json\/wp\/v2\/types\/post"}],"author":[{"embeddable":true,"href":"https:\/\/www.yucatanencorto.com\/noticias\/wp-json\/wp\/v2\/users\/3"}],"replies":[{"embeddable":true,"href":"https:\/\/www.yucatanencorto.com\/noticias\/wp-json\/wp\/v2\/comments?post=110140"}],"version-history":[{"count":0,"href":"https:\/\/www.yucatanencorto.com\/noticias\/wp-json\/wp\/v2\/posts\/110140\/revisions"}],"wp:featuredmedia":[{"embeddable":true,"href":"https:\/\/www.yucatanencorto.com\/noticias\/wp-json\/wp\/v2\/media\/110141"}],"wp:attachment":[{"href":"https:\/\/www.yucatanencorto.com\/noticias\/wp-json\/wp\/v2\/media?parent=110140"}],"wp:term":[{"taxonomy":"category","embeddable":true,"href":"https:\/\/www.yucatanencorto.com\/noticias\/wp-json\/wp\/v2\/categories?post=110140"},{"taxonomy":"post_tag","embeddable":true,"href":"https:\/\/www.yucatanencorto.com\/noticias\/wp-json\/wp\/v2\/tags?post=110140"}],"curies":[{"name":"wp","href":"https:\/\/api.w.org\/{rel}","templated":true}]}}