{"id":110147,"date":"2024-05-14T20:08:15","date_gmt":"2024-05-15T02:08:15","guid":{"rendered":"https:\/\/www.yucatanencorto.com\/noticias\/?p=110147"},"modified":"2024-05-14T20:08:15","modified_gmt":"2024-05-15T02:08:15","slug":"la-utm-celebra-25-anos-de-innovacion-y-calidad-educativa","status":"publish","type":"post","link":"https:\/\/www.yucatanencorto.com\/noticias\/la-utm-celebra-25-anos-de-innovacion-y-calidad-educativa\/","title":{"rendered":"La UTM celebra 25 a\u00f1os de innovaci\u00f3n y calidad educativa"},"content":{"rendered":"<p><img loading=\"lazy\" decoding=\"async\" class=\"alignnone size-full wp-image-110148\" src=\"https:\/\/www.yucatanencorto.com\/noticias\/wp-content\/uploads\/2024\/05\/IMG-20240514-WA0046-scaled.jpg\" alt=\"\" width=\"768\" height=\"547\" srcset=\"https:\/\/www.yucatanencorto.com\/noticias\/wp-content\/uploads\/2024\/05\/IMG-20240514-WA0046-scaled.jpg 768w, https:\/\/www.yucatanencorto.com\/noticias\/wp-content\/uploads\/2024\/05\/IMG-20240514-WA0046-150x107.jpg 150w, https:\/\/www.yucatanencorto.com\/noticias\/wp-content\/uploads\/2024\/05\/IMG-20240514-WA0046-300x213.jpg 300w, https:\/\/www.yucatanencorto.com\/noticias\/wp-content\/uploads\/2024\/05\/IMG-20240514-WA0046-696x495.jpg 696w, https:\/\/www.yucatanencorto.com\/noticias\/wp-content\/uploads\/2024\/05\/IMG-20240514-WA0046-1068x760.jpg 1068w\" sizes=\"auto, (max-width: 768px) 100vw, 768px\" \/><\/p>\n<p>M\u00e9rida, Yucat\u00e1n, 14 de mayo de 2024.- La encargada del Despacho del Gobernador, Mar\u00eda Fritz Sierra, encabez\u00f3 la conmemoraci\u00f3n del 25 aniversario de la Universidad Tecnol\u00f3gica Metropolitana (UTM), donde reiter\u00f3 el compromiso de seguir haciendo que los cambios en Yucat\u00e1n se vean y se sientan a trav\u00e9s de la educaci\u00f3n, brindando m\u00e1s oportunidades a los j\u00f3venes yucatecos.<\/p>\n<p>&nbsp;<\/p>\n<p>En el auditorio 3 de la instituci\u00f3n educativa, Fritz Sierra destac\u00f3 que, en este primer cuarto de siglo, bajo el impulso de pilares tales como la innovaci\u00f3n, la investigaci\u00f3n y el emprendimiento, se ha convertido en referente formativo en el sureste entre las instituciones tecnol\u00f3gicas de nivel superior.<\/p>\n<p>&nbsp;<\/p>\n<p>Ante la encargada de la UTM, Georgina Aguilar Gamboa, la encargada del Despacho del Gobernador se\u00f1al\u00f3 que en esta administraci\u00f3n hemos impulsado, como nunca antes, para consolidarla como una instituci\u00f3n p\u00fablica ejemplo en sectores como Dise\u00f1o Industrial, Tecnolog\u00edas de la Informaci\u00f3n, Aeron\u00e1utica, Ciberseguridad, entre otras m\u00e1s de vanguardia.<\/p>\n<p>&nbsp;<\/p>\n<p>En ese sentido, refrend\u00f3 la promesa de seguir avanzando y a superar cualquier desaf\u00edo. Por ello, se ha puesto especial \u00e9nfasis a la mejora continua, con m\u00e1s y mejores herramientas y con programas acad\u00e9micos innovadores para que nuestro capital humano sea competitivo en el mundo laboral.<\/p>\n<p>&nbsp;<\/p>\n<p>\u00abEs as\u00ed que a lo largo de un vital cuarto de siglo, hemos sido testigos de un cambio significativo en su componente program\u00e1tico, al contar actualmente con una oferta educativa de 35 programas o carreras, entre las que se incluyen 7 licenciaturas, 8 ingenier\u00edas y 2 especialidades\u00bb, a\u00f1adi\u00f3.<\/p>\n<p>&nbsp;<\/p>\n<p>Finalmente, Fritz Sierra expres\u00f3 su reconocimiento a los profesores, al personal administrativo, al personal operativo, y a sus autoridades, por el esfuerzo y dedicaci\u00f3n con los que han ido forjando los valores y principios de esta Instituci\u00f3n universitaria.<\/p>\n<p>&nbsp;<\/p>\n<p>En ese marco, la encargada del Despacho del Gobernador entreg\u00f3 reconocimientos a Nelly Zetina Reyes, Claudia C\u00f3rdoba Aguilar, Nelly Cahero Mendoza, Teresa del Rosario G\u00f3ngora Franco, Lucelly Sierra Gonz\u00e1lez y Martha Zapata Vargas, por sus 24 a\u00f1os de servicio como colaboradores y profesores de esta casa de estudios.<\/p>\n<p>&nbsp;<\/p>\n<p>Por su parte, el titular de la Secretar\u00eda de Investigaci\u00f3n, Innovaci\u00f3n y Educaci\u00f3n Superior del Estado de Yucat\u00e1n (Siies), Mauricio C\u00e1mara Leal, asever\u00f3 que la UTM es un referente en el sureste de M\u00e9xico, pues aporta a Yucat\u00e1n y la regi\u00f3n lo m\u00e1s importante que tenemos que es el capital humano, ya que a lo largo de 25 a\u00f1os han egresado salido miles de personas que ahora est\u00e1n insertos en el campo laboral y la econom\u00eda yucateca.<\/p>\n<p>&nbsp;<\/p>\n<p>En la conmemoraci\u00f3n, se record\u00f3 que el 14 de mayo de 1999 fue cuando el Gobierno del Estado de Yucat\u00e1n cre\u00f3 la Universidad Tecnol\u00f3gica Metropolitana, con el firme objetivo y la misi\u00f3n de formar generaciones de profesionales competitivos para atender la demanda del mercado laboral.<\/p>\n<p>&nbsp;<\/p>\n<p>Resultado del trabajo del Gobierno del Estado para ofrecer m\u00e1s y mejores oportunidades a la juventud yucateca, actualmente la UTM ofrece 35 programas educativos desde el nivel de t\u00e9cnico superior universitario y hasta posgrados. De los cuales 16 se activaron en la presente administraci\u00f3n.<\/p>\n<p>&nbsp;<\/p>\n<p>En este periodo tambi\u00e9n se fortaleci\u00f3 la infraestructura tecnol\u00f3gica con instalaciones modernas como el Laboratorio Acad\u00e9mico de Innovaci\u00f3n, Dise\u00f1o y Manufactura Digital, el de Log\u00edstica 4.0; el de Ciberseguridad y el Centro Certificador STEM que integra los Laboratorios de Internet de las Cosas, de Rob\u00f3tica Colaborativa y M\u00f3vil.<\/p>\n<p>&nbsp;<\/p>\n<p>Desde su fundaci\u00f3n, y hasta el curso escolar pasado, han egresado m\u00e1s de 14 mil estudiantes altamente calificados en diferentes sectores, pero sobre todo capacitados para atender la demanda de capital humano que las nuevas industrias que han elegido a Yucat\u00e1n para instalarse requieren.<\/p>\n<p>&nbsp;<\/p>\n<p>De esta manera se ha consolidar a la UTM como referente en la formaci\u00f3n de t\u00e9cnicos superiores universitarios en Manufactura Aeron\u00e1utica, en la especialidad en Ciberseguridad, y en Ingenier\u00eda Aeron\u00e1utica.<\/p>\n","protected":false},"excerpt":{"rendered":"<p>M\u00e9rida, Yucat\u00e1n, 14 de mayo de 2024.- La encargada del Despacho del Gobernador, Mar\u00eda Fritz Sierra, encabez\u00f3 la conmemoraci\u00f3n del 25 aniversario de la Universidad Tecnol\u00f3gica Metropolitana (UTM), donde reiter\u00f3 el compromiso de seguir haciendo que los cambios en Yucat\u00e1n se vean y se sientan a trav\u00e9s de la educaci\u00f3n, brindando m\u00e1s oportunidades a los [&hellip;]<\/p>\n","protected":false},"author":3,"featured_media":110148,"comment_status":"closed","ping_status":"closed","sticky":false,"template":"","format":"standard","meta":{"footnotes":""},"categories":[3],"tags":[],"class_list":{"0":"post-110147","1":"post","2":"type-post","3":"status-publish","4":"format-standard","5":"has-post-thumbnail","7":"category-yucatan"},"yoast_head":"<!-- This site is optimized with the Yoast SEO plugin v27.5 - https:\/\/yoast.com\/product\/yoast-seo-wordpress\/ -->\n<title>La UTM celebra 25 a\u00f1os de innovaci\u00f3n y calidad educativa - Yucat\u00e1n en corto<\/title>\n<meta name=\"robots\" content=\"index, follow, max-snippet:-1, max-image-preview:large, max-video-preview:-1\" \/>\n<link rel=\"canonical\" href=\"https:\/\/www.yucatanencorto.com\/noticias\/la-utm-celebra-25-anos-de-innovacion-y-calidad-educativa\/\" \/>\n<meta property=\"og:locale\" content=\"es_ES\" \/>\n<meta property=\"og:type\" content=\"article\" \/>\n<meta property=\"og:title\" content=\"La UTM celebra 25 a\u00f1os de innovaci\u00f3n y calidad educativa - Yucat\u00e1n en corto\" \/>\n<meta property=\"og:description\" content=\"M\u00e9rida, Yucat\u00e1n, 14 de mayo de 2024.- La encargada del Despacho del Gobernador, Mar\u00eda Fritz Sierra, encabez\u00f3 la conmemoraci\u00f3n del 25 aniversario de la Universidad Tecnol\u00f3gica Metropolitana (UTM), donde reiter\u00f3 el compromiso de seguir haciendo que los cambios en Yucat\u00e1n se vean y se sientan a trav\u00e9s de la educaci\u00f3n, brindando m\u00e1s oportunidades a los [&hellip;]\" \/>\n<meta property=\"og:url\" content=\"https:\/\/www.yucatanencorto.com\/noticias\/la-utm-celebra-25-anos-de-innovacion-y-calidad-educativa\/\" \/>\n<meta property=\"og:site_name\" content=\"Yucat\u00e1n en corto\" \/>\n<meta property=\"article:publisher\" content=\"http:\/\/www.facebook.com\/yucatanencorto\" \/>\n<meta property=\"article:published_time\" content=\"2024-05-15T02:08:15+00:00\" \/>\n<meta property=\"og:image\" content=\"https:\/\/www.yucatanencorto.com\/noticias\/wp-content\/uploads\/2024\/05\/IMG-20240514-WA0046-scaled.jpg\" \/>\n\t<meta property=\"og:image:width\" content=\"768\" \/>\n\t<meta property=\"og:image:height\" content=\"547\" \/>\n\t<meta property=\"og:image:type\" content=\"image\/jpeg\" \/>\n<meta name=\"author\" content=\"Redes\" \/>\n<meta name=\"twitter:card\" content=\"summary_large_image\" \/>\n<meta name=\"twitter:creator\" content=\"@yucatanencorto\" \/>\n<meta name=\"twitter:site\" content=\"@yucatanencorto\" \/>\n<meta name=\"twitter:label1\" content=\"Escrito por\" \/>\n\t<meta name=\"twitter:data1\" content=\"Redes\" \/>\n\t<meta name=\"twitter:label2\" content=\"Tiempo de lectura\" \/>\n\t<meta name=\"twitter:data2\" content=\"4 minutos\" \/>\n<script type=\"application\/ld+json\" class=\"yoast-schema-graph\">{\"@context\":\"https:\\\/\\\/schema.org\",\"@graph\":[{\"@type\":\"Article\",\"@id\":\"https:\\\/\\\/www.yucatanencorto.com\\\/noticias\\\/la-utm-celebra-25-anos-de-innovacion-y-calidad-educativa\\\/#article\",\"isPartOf\":{\"@id\":\"https:\\\/\\\/www.yucatanencorto.com\\\/noticias\\\/la-utm-celebra-25-anos-de-innovacion-y-calidad-educativa\\\/\"},\"author\":{\"name\":\"Redes\",\"@id\":\"https:\\\/\\\/www.yucatanencorto.com\\\/noticias\\\/#\\\/schema\\\/person\\\/e2fbdfaf30a07014a43940ce989f3119\"},\"headline\":\"La UTM celebra 25 a\u00f1os de innovaci\u00f3n y calidad educativa\",\"datePublished\":\"2024-05-15T02:08:15+00:00\",\"mainEntityOfPage\":{\"@id\":\"https:\\\/\\\/www.yucatanencorto.com\\\/noticias\\\/la-utm-celebra-25-anos-de-innovacion-y-calidad-educativa\\\/\"},\"wordCount\":700,\"image\":{\"@id\":\"https:\\\/\\\/www.yucatanencorto.com\\\/noticias\\\/la-utm-celebra-25-anos-de-innovacion-y-calidad-educativa\\\/#primaryimage\"},\"thumbnailUrl\":\"https:\\\/\\\/www.yucatanencorto.com\\\/noticias\\\/wp-content\\\/uploads\\\/2024\\\/05\\\/IMG-20240514-WA0046-scaled.jpg\",\"articleSection\":[\"Yucat\u00e1n\"],\"inLanguage\":\"es\"},{\"@type\":\"WebPage\",\"@id\":\"https:\\\/\\\/www.yucatanencorto.com\\\/noticias\\\/la-utm-celebra-25-anos-de-innovacion-y-calidad-educativa\\\/\",\"url\":\"https:\\\/\\\/www.yucatanencorto.com\\\/noticias\\\/la-utm-celebra-25-anos-de-innovacion-y-calidad-educativa\\\/\",\"name\":\"La UTM celebra 25 a\u00f1os de innovaci\u00f3n y calidad educativa - Yucat\u00e1n en corto\",\"isPartOf\":{\"@id\":\"https:\\\/\\\/www.yucatanencorto.com\\\/noticias\\\/#website\"},\"primaryImageOfPage\":{\"@id\":\"https:\\\/\\\/www.yucatanencorto.com\\\/noticias\\\/la-utm-celebra-25-anos-de-innovacion-y-calidad-educativa\\\/#primaryimage\"},\"image\":{\"@id\":\"https:\\\/\\\/www.yucatanencorto.com\\\/noticias\\\/la-utm-celebra-25-anos-de-innovacion-y-calidad-educativa\\\/#primaryimage\"},\"thumbnailUrl\":\"https:\\\/\\\/www.yucatanencorto.com\\\/noticias\\\/wp-content\\\/uploads\\\/2024\\\/05\\\/IMG-20240514-WA0046-scaled.jpg\",\"datePublished\":\"2024-05-15T02:08:15+00:00\",\"author\":{\"@id\":\"https:\\\/\\\/www.yucatanencorto.com\\\/noticias\\\/#\\\/schema\\\/person\\\/e2fbdfaf30a07014a43940ce989f3119\"},\"breadcrumb\":{\"@id\":\"https:\\\/\\\/www.yucatanencorto.com\\\/noticias\\\/la-utm-celebra-25-anos-de-innovacion-y-calidad-educativa\\\/#breadcrumb\"},\"inLanguage\":\"es\",\"potentialAction\":[{\"@type\":\"ReadAction\",\"target\":[\"https:\\\/\\\/www.yucatanencorto.com\\\/noticias\\\/la-utm-celebra-25-anos-de-innovacion-y-calidad-educativa\\\/\"]}]},{\"@type\":\"ImageObject\",\"inLanguage\":\"es\",\"@id\":\"https:\\\/\\\/www.yucatanencorto.com\\\/noticias\\\/la-utm-celebra-25-anos-de-innovacion-y-calidad-educativa\\\/#primaryimage\",\"url\":\"https:\\\/\\\/www.yucatanencorto.com\\\/noticias\\\/wp-content\\\/uploads\\\/2024\\\/05\\\/IMG-20240514-WA0046-scaled.jpg\",\"contentUrl\":\"https:\\\/\\\/www.yucatanencorto.com\\\/noticias\\\/wp-content\\\/uploads\\\/2024\\\/05\\\/IMG-20240514-WA0046-scaled.jpg\",\"width\":768,\"height\":547},{\"@type\":\"BreadcrumbList\",\"@id\":\"https:\\\/\\\/www.yucatanencorto.com\\\/noticias\\\/la-utm-celebra-25-anos-de-innovacion-y-calidad-educativa\\\/#breadcrumb\",\"itemListElement\":[{\"@type\":\"ListItem\",\"position\":1,\"name\":\"Portada\",\"item\":\"https:\\\/\\\/www.yucatanencorto.com\\\/noticias\\\/\"},{\"@type\":\"ListItem\",\"position\":2,\"name\":\"La UTM celebra 25 a\u00f1os de innovaci\u00f3n y calidad educativa\"}]},{\"@type\":\"WebSite\",\"@id\":\"https:\\\/\\\/www.yucatanencorto.com\\\/noticias\\\/#website\",\"url\":\"https:\\\/\\\/www.yucatanencorto.com\\\/noticias\\\/\",\"name\":\"Yucat\u00e1n en corto\",\"description\":\"Noticias\",\"potentialAction\":[{\"@type\":\"SearchAction\",\"target\":{\"@type\":\"EntryPoint\",\"urlTemplate\":\"https:\\\/\\\/www.yucatanencorto.com\\\/noticias\\\/?s={search_term_string}\"},\"query-input\":{\"@type\":\"PropertyValueSpecification\",\"valueRequired\":true,\"valueName\":\"search_term_string\"}}],\"inLanguage\":\"es\"},{\"@type\":\"Person\",\"@id\":\"https:\\\/\\\/www.yucatanencorto.com\\\/noticias\\\/#\\\/schema\\\/person\\\/e2fbdfaf30a07014a43940ce989f3119\",\"name\":\"Redes\",\"image\":{\"@type\":\"ImageObject\",\"inLanguage\":\"es\",\"@id\":\"https:\\\/\\\/secure.gravatar.com\\\/avatar\\\/5931a2d21dd7cc834f44c8c34fe56d90ed6d536ef452cbf870c7485b524dddd7?s=96&d=mm&r=g\",\"url\":\"https:\\\/\\\/secure.gravatar.com\\\/avatar\\\/5931a2d21dd7cc834f44c8c34fe56d90ed6d536ef452cbf870c7485b524dddd7?s=96&d=mm&r=g\",\"contentUrl\":\"https:\\\/\\\/secure.gravatar.com\\\/avatar\\\/5931a2d21dd7cc834f44c8c34fe56d90ed6d536ef452cbf870c7485b524dddd7?s=96&d=mm&r=g\",\"caption\":\"Redes\"},\"url\":\"https:\\\/\\\/www.yucatanencorto.com\\\/noticias\\\/author\\\/redes\\\/\"}]}<\/script>\n<!-- \/ Yoast SEO plugin. -->","yoast_head_json":{"title":"La UTM celebra 25 a\u00f1os de innovaci\u00f3n y calidad educativa - Yucat\u00e1n en corto","robots":{"index":"index","follow":"follow","max-snippet":"max-snippet:-1","max-image-preview":"max-image-preview:large","max-video-preview":"max-video-preview:-1"},"canonical":"https:\/\/www.yucatanencorto.com\/noticias\/la-utm-celebra-25-anos-de-innovacion-y-calidad-educativa\/","og_locale":"es_ES","og_type":"article","og_title":"La UTM celebra 25 a\u00f1os de innovaci\u00f3n y calidad educativa - Yucat\u00e1n en corto","og_description":"M\u00e9rida, Yucat\u00e1n, 14 de mayo de 2024.- La encargada del Despacho del Gobernador, Mar\u00eda Fritz Sierra, encabez\u00f3 la conmemoraci\u00f3n del 25 aniversario de la Universidad Tecnol\u00f3gica Metropolitana (UTM), donde reiter\u00f3 el compromiso de seguir haciendo que los cambios en Yucat\u00e1n se vean y se sientan a trav\u00e9s de la educaci\u00f3n, brindando m\u00e1s oportunidades a los [&hellip;]","og_url":"https:\/\/www.yucatanencorto.com\/noticias\/la-utm-celebra-25-anos-de-innovacion-y-calidad-educativa\/","og_site_name":"Yucat\u00e1n en corto","article_publisher":"http:\/\/www.facebook.com\/yucatanencorto","article_published_time":"2024-05-15T02:08:15+00:00","og_image":[{"width":768,"height":547,"url":"https:\/\/www.yucatanencorto.com\/noticias\/wp-content\/uploads\/2024\/05\/IMG-20240514-WA0046-scaled.jpg","type":"image\/jpeg"}],"author":"Redes","twitter_card":"summary_large_image","twitter_creator":"@yucatanencorto","twitter_site":"@yucatanencorto","twitter_misc":{"Escrito por":"Redes","Tiempo de lectura":"4 minutos"},"schema":{"@context":"https:\/\/schema.org","@graph":[{"@type":"Article","@id":"https:\/\/www.yucatanencorto.com\/noticias\/la-utm-celebra-25-anos-de-innovacion-y-calidad-educativa\/#article","isPartOf":{"@id":"https:\/\/www.yucatanencorto.com\/noticias\/la-utm-celebra-25-anos-de-innovacion-y-calidad-educativa\/"},"author":{"name":"Redes","@id":"https:\/\/www.yucatanencorto.com\/noticias\/#\/schema\/person\/e2fbdfaf30a07014a43940ce989f3119"},"headline":"La UTM celebra 25 a\u00f1os de innovaci\u00f3n y calidad educativa","datePublished":"2024-05-15T02:08:15+00:00","mainEntityOfPage":{"@id":"https:\/\/www.yucatanencorto.com\/noticias\/la-utm-celebra-25-anos-de-innovacion-y-calidad-educativa\/"},"wordCount":700,"image":{"@id":"https:\/\/www.yucatanencorto.com\/noticias\/la-utm-celebra-25-anos-de-innovacion-y-calidad-educativa\/#primaryimage"},"thumbnailUrl":"https:\/\/www.yucatanencorto.com\/noticias\/wp-content\/uploads\/2024\/05\/IMG-20240514-WA0046-scaled.jpg","articleSection":["Yucat\u00e1n"],"inLanguage":"es"},{"@type":"WebPage","@id":"https:\/\/www.yucatanencorto.com\/noticias\/la-utm-celebra-25-anos-de-innovacion-y-calidad-educativa\/","url":"https:\/\/www.yucatanencorto.com\/noticias\/la-utm-celebra-25-anos-de-innovacion-y-calidad-educativa\/","name":"La UTM celebra 25 a\u00f1os de innovaci\u00f3n y calidad educativa - Yucat\u00e1n en corto","isPartOf":{"@id":"https:\/\/www.yucatanencorto.com\/noticias\/#website"},"primaryImageOfPage":{"@id":"https:\/\/www.yucatanencorto.com\/noticias\/la-utm-celebra-25-anos-de-innovacion-y-calidad-educativa\/#primaryimage"},"image":{"@id":"https:\/\/www.yucatanencorto.com\/noticias\/la-utm-celebra-25-anos-de-innovacion-y-calidad-educativa\/#primaryimage"},"thumbnailUrl":"https:\/\/www.yucatanencorto.com\/noticias\/wp-content\/uploads\/2024\/05\/IMG-20240514-WA0046-scaled.jpg","datePublished":"2024-05-15T02:08:15+00:00","author":{"@id":"https:\/\/www.yucatanencorto.com\/noticias\/#\/schema\/person\/e2fbdfaf30a07014a43940ce989f3119"},"breadcrumb":{"@id":"https:\/\/www.yucatanencorto.com\/noticias\/la-utm-celebra-25-anos-de-innovacion-y-calidad-educativa\/#breadcrumb"},"inLanguage":"es","potentialAction":[{"@type":"ReadAction","target":["https:\/\/www.yucatanencorto.com\/noticias\/la-utm-celebra-25-anos-de-innovacion-y-calidad-educativa\/"]}]},{"@type":"ImageObject","inLanguage":"es","@id":"https:\/\/www.yucatanencorto.com\/noticias\/la-utm-celebra-25-anos-de-innovacion-y-calidad-educativa\/#primaryimage","url":"https:\/\/www.yucatanencorto.com\/noticias\/wp-content\/uploads\/2024\/05\/IMG-20240514-WA0046-scaled.jpg","contentUrl":"https:\/\/www.yucatanencorto.com\/noticias\/wp-content\/uploads\/2024\/05\/IMG-20240514-WA0046-scaled.jpg","width":768,"height":547},{"@type":"BreadcrumbList","@id":"https:\/\/www.yucatanencorto.com\/noticias\/la-utm-celebra-25-anos-de-innovacion-y-calidad-educativa\/#breadcrumb","itemListElement":[{"@type":"ListItem","position":1,"name":"Portada","item":"https:\/\/www.yucatanencorto.com\/noticias\/"},{"@type":"ListItem","position":2,"name":"La UTM celebra 25 a\u00f1os de innovaci\u00f3n y calidad educativa"}]},{"@type":"WebSite","@id":"https:\/\/www.yucatanencorto.com\/noticias\/#website","url":"https:\/\/www.yucatanencorto.com\/noticias\/","name":"Yucat\u00e1n en corto","description":"Noticias","potentialAction":[{"@type":"SearchAction","target":{"@type":"EntryPoint","urlTemplate":"https:\/\/www.yucatanencorto.com\/noticias\/?s={search_term_string}"},"query-input":{"@type":"PropertyValueSpecification","valueRequired":true,"valueName":"search_term_string"}}],"inLanguage":"es"},{"@type":"Person","@id":"https:\/\/www.yucatanencorto.com\/noticias\/#\/schema\/person\/e2fbdfaf30a07014a43940ce989f3119","name":"Redes","image":{"@type":"ImageObject","inLanguage":"es","@id":"https:\/\/secure.gravatar.com\/avatar\/5931a2d21dd7cc834f44c8c34fe56d90ed6d536ef452cbf870c7485b524dddd7?s=96&d=mm&r=g","url":"https:\/\/secure.gravatar.com\/avatar\/5931a2d21dd7cc834f44c8c34fe56d90ed6d536ef452cbf870c7485b524dddd7?s=96&d=mm&r=g","contentUrl":"https:\/\/secure.gravatar.com\/avatar\/5931a2d21dd7cc834f44c8c34fe56d90ed6d536ef452cbf870c7485b524dddd7?s=96&d=mm&r=g","caption":"Redes"},"url":"https:\/\/www.yucatanencorto.com\/noticias\/author\/redes\/"}]}},"_links":{"self":[{"href":"https:\/\/www.yucatanencorto.com\/noticias\/wp-json\/wp\/v2\/posts\/110147","targetHints":{"allow":["GET"]}}],"collection":[{"href":"https:\/\/www.yucatanencorto.com\/noticias\/wp-json\/wp\/v2\/posts"}],"about":[{"href":"https:\/\/www.yucatanencorto.com\/noticias\/wp-json\/wp\/v2\/types\/post"}],"author":[{"embeddable":true,"href":"https:\/\/www.yucatanencorto.com\/noticias\/wp-json\/wp\/v2\/users\/3"}],"replies":[{"embeddable":true,"href":"https:\/\/www.yucatanencorto.com\/noticias\/wp-json\/wp\/v2\/comments?post=110147"}],"version-history":[{"count":0,"href":"https:\/\/www.yucatanencorto.com\/noticias\/wp-json\/wp\/v2\/posts\/110147\/revisions"}],"wp:featuredmedia":[{"embeddable":true,"href":"https:\/\/www.yucatanencorto.com\/noticias\/wp-json\/wp\/v2\/media\/110148"}],"wp:attachment":[{"href":"https:\/\/www.yucatanencorto.com\/noticias\/wp-json\/wp\/v2\/media?parent=110147"}],"wp:term":[{"taxonomy":"category","embeddable":true,"href":"https:\/\/www.yucatanencorto.com\/noticias\/wp-json\/wp\/v2\/categories?post=110147"},{"taxonomy":"post_tag","embeddable":true,"href":"https:\/\/www.yucatanencorto.com\/noticias\/wp-json\/wp\/v2\/tags?post=110147"}],"curies":[{"name":"wp","href":"https:\/\/api.w.org\/{rel}","templated":true}]}}