{"id":110152,"date":"2024-05-14T22:29:41","date_gmt":"2024-05-15T04:29:41","guid":{"rendered":"https:\/\/www.yucatanencorto.com\/noticias\/?p=110152"},"modified":"2024-05-14T22:29:41","modified_gmt":"2024-05-15T04:29:41","slug":"impulsan-la-creacion-de-espacios-para-crear-conciencia-ambiental","status":"publish","type":"post","link":"https:\/\/www.yucatanencorto.com\/noticias\/impulsan-la-creacion-de-espacios-para-crear-conciencia-ambiental\/","title":{"rendered":"Impulsan la creaci\u00f3n de espacios para crear conciencia ambiental"},"content":{"rendered":"<p><img loading=\"lazy\" decoding=\"async\" class=\"alignnone size-full wp-image-110153\" src=\"https:\/\/www.yucatanencorto.com\/noticias\/wp-content\/uploads\/2024\/05\/IMG-20240514-WA0054-scaled.jpg\" alt=\"\" width=\"768\" height=\"512\" srcset=\"https:\/\/www.yucatanencorto.com\/noticias\/wp-content\/uploads\/2024\/05\/IMG-20240514-WA0054-scaled.jpg 768w, https:\/\/www.yucatanencorto.com\/noticias\/wp-content\/uploads\/2024\/05\/IMG-20240514-WA0054-150x100.jpg 150w, https:\/\/www.yucatanencorto.com\/noticias\/wp-content\/uploads\/2024\/05\/IMG-20240514-WA0054-300x200.jpg 300w, https:\/\/www.yucatanencorto.com\/noticias\/wp-content\/uploads\/2024\/05\/IMG-20240514-WA0054-696x464.jpg 696w, https:\/\/www.yucatanencorto.com\/noticias\/wp-content\/uploads\/2024\/05\/IMG-20240514-WA0054-1068x712.jpg 1068w\" sizes=\"auto, (max-width: 768px) 100vw, 768px\" \/><\/p>\n<p>M\u00e9rida, Yucat\u00e1n, 14 de mayo de 2024.-Gracias al trabajo colaborativo de la mano con la ciudadan\u00eda, M\u00e9rida es una ciudad cada vez m\u00e1s verde, donde se privilegia la participaci\u00f3n de la poblaci\u00f3n y la iniciativa privada para impulsar acciones que benefician al cuidado del medioambiente, afirm\u00f3 el Alcalde Alejandro Ruz Castro.<\/p>\n<p>&nbsp;<\/p>\n<p>Asimismo, confirm\u00f3 que desde hace una d\u00e9cada se mantiene una pol\u00edtica sostenida de reforestaci\u00f3n que se ha consolidado trabajando en conjunto con la sociedad tanto en el dise\u00f1o como en la aplicaci\u00f3n de las pol\u00edticas p\u00fablicas a favor del cuidado y preservaci\u00f3n del medio ambiente.<\/p>\n<p>&nbsp;<\/p>\n<p>Durante una visita a las instalaciones de la Unidad de Desarrollo Sustentable (UDS), ubicada en la calle 10 entre 23 y 25 en el fraccionamiento Mulsay, el Presidente Municipal, acompa\u00f1ado de la titular de la dependencia, Alejandra Bolio Rojas, recorri\u00f3 las diversas \u00e1reas del inmueble para conocer de cerca las actividades que se realizan para fomentar en la ciudadan\u00eda la concientizaci\u00f3n, sensibilizaci\u00f3n y divulgaci\u00f3n de los saberes sobre el cuidado del medio ambiente y los recursos naturales en el Municipio.<\/p>\n<p>&nbsp;<\/p>\n<p>Como primer punto, Ruz Castro visit\u00f3 el \u00abvivero interactivo\u00bb donde hay hasta 130 especies que se dividen en florales, frutales, ecol\u00f3gicas, ornamentales y para sombra, las cuales se distribuyen en los diferentes programas con los que cuenta la UDS.<\/p>\n<p>&nbsp;<\/p>\n<p>Entre los programas est\u00e1n: Cruzada Forestal, Adopta un \u00e1rbol, Arbor\u00edzate, los m\u00f3dulos especiales de adopci\u00f3n en comisar\u00edas y empresas y jornadas en espacios p\u00fablicos, abund\u00f3.<\/p>\n<p>&nbsp;<\/p>\n<p>En cuanto a Adopta un \u00e1rbol, la poblaci\u00f3n puede adquirir alguna especie en las instalaciones de la UDS en un horario de lunes a viernes de 8:30 a 14:00 horas.<\/p>\n<p>&nbsp;<\/p>\n<p>Entre las especies se encuentran: c\u00edtricos, guayaba, guan\u00e1bana, maculis, caoba, cedro, mango, zapote, mamey, por mencionar algunas.<\/p>\n<p>&nbsp;<\/p>\n<p>Durante la visita, el Alcalde tambi\u00e9n salud\u00f3 a los participantes de los talleres de la \u00abPandilla Ambiental\u00bb, realizados por el departamento de Cultura Ambiental, a trav\u00e9s de su programa \u201cS\u00e9 Verde\u201d, el cual incluye una serie de actividades dise\u00f1adas para todas las edades contribuyendo a la formaci\u00f3n de ciudadanas y ciudadanos informados y con competencias para tomar decisiones conscientes respecto al medio ambiente.<\/p>\n<p>&nbsp;<\/p>\n<p>\u201cLa Pandilla Ambiental\u201d, la cual se cre\u00f3 en septiembre de 2023, es una iniciativa municipal que tiene el objetivo de fomentar en la ciudadan\u00eda de M\u00e9rida la concientizaci\u00f3n, sensibilizaci\u00f3n y divulgaci\u00f3n de saberes sobre el cuidado del medio ambiente y los recursos naturales.<\/p>\n<p>&nbsp;<\/p>\n<p>Ruz Castro inform\u00f3 que hasta la fecha, en los talleres han participado unas 1,600 personas, incluyendo 800 ni\u00f1as y ni\u00f1os, a quienes se les proporcionan oportunidades de aprendizaje sobre c\u00f3mo preservar y conservar el medio ambiente; fomentar la reducci\u00f3n, reutilizaci\u00f3n y reciclaje de los residuos s\u00f3lidos urbanos; acompa\u00f1amiento y capacitaci\u00f3n de grupos organizados y\/o comunitarios; educar a la ciudadan\u00eda sobre el impacto de sus decisiones en el medio ambiente.<\/p>\n<p>&nbsp;<\/p>\n<p>Ruz Castro manifest\u00f3 que desde la Comuna se ofrecen talleres y actividades para crear y fortalecer la cultura ambiental que garantice a las pr\u00f3ximas generaciones disponer de los recursos naturales suficientes para una mejor calidad de vida.<\/p>\n<p>&nbsp;<\/p>\n<p>Por su parte, Bolio Rojas explic\u00f3 que \u201cLa Pandilla Ambiental\u201d cuenta con actividades para ni\u00f1as y ni\u00f1os de 5 a 15 a\u00f1os de edad, mientras que los talleres de manualidades ecol\u00f3gicas est\u00e1n dirigidos a personas a partir de los 18 a\u00f1os de edad.<\/p>\n<p>&nbsp;<\/p>\n<p>Asimismo, destac\u00f3 que desde el inicio de esta administraci\u00f3n, hasta la fecha, las actividades han llegado a m\u00e1s de 12,756 personas atendidas.<\/p>\n<p>&nbsp;<\/p>\n<p>De igual manera, explic\u00f3 que los temas en los talleres corresponden a los t\u00f3picos de bienestar animal y tenencia responsable de animales de compa\u00f1\u00eda, importancia de la vegetaci\u00f3n nativa urbana (\u00e1rboles y plantas), importancia del agua, residuos s\u00f3lidos urbanos y puntos verdes, huertos y actividades relacionadas con efem\u00e9rides ambientales.<\/p>\n<p>&nbsp;<\/p>\n<p>En cuanto a las actividades, se han impartido talleres de eco-juguetes para gatos, velas con aceite reciclado, taller de kokedamas, arte sobre vidrio, canastas con hdpe, taller de repelentes org\u00e1nicos, taller de hilo con pet, taller de canastas de pet y una tarde entre aves y plumas, agreg\u00f3.<\/p>\n<p>&nbsp;<\/p>\n<p>Cabe mencionar que \u201cLa Pandilla Ambiental\u201d se ofrece todos los martes de marzo, abril, mayo y junio en el edificio de la UDS a ni\u00f1as y ni\u00f1os de 5 a 15 a\u00f1os y el taller de manualidades ecol\u00f3gicas, los mismos d\u00edas y en el mismo horario, pero dirigido a j\u00f3venes y adultos a partir de los 18 a\u00f1os.<\/p>\n<p>&nbsp;<\/p>\n<p>Las inscripciones son al correo: cultura.merida.ambiental@gmail.com.<\/p>\n<p>&nbsp;<\/p>\n<p>Finalmente, el Departamento de Cultura Ambiental, tambi\u00e9n realiza pl\u00e1ticas, talleres, cursos, ferias ambientales, teatros gui\u00f1oles, viernes ambientales (los d\u00edas del consejo t\u00e9cnico), vistas guiadas a la Unidad de Desarrollo Sustentable y a la ex Hacienda Dzoyaxch\u00e9, eventos para celebrar las efem\u00e9rides ambientales (foros, mesas panel, conversatorios), stands de promoci\u00f3n de la cultura sustentable y de los programas, entre otras actividades.<\/p>\n","protected":false},"excerpt":{"rendered":"<p>M\u00e9rida, Yucat\u00e1n, 14 de mayo de 2024.-Gracias al trabajo colaborativo de la mano con la ciudadan\u00eda, M\u00e9rida es una ciudad cada vez m\u00e1s verde, donde se privilegia la participaci\u00f3n de la poblaci\u00f3n y la iniciativa privada para impulsar acciones que benefician al cuidado del medioambiente, afirm\u00f3 el Alcalde Alejandro Ruz Castro. &nbsp; Asimismo, confirm\u00f3 que [&hellip;]<\/p>\n","protected":false},"author":3,"featured_media":110153,"comment_status":"closed","ping_status":"closed","sticky":false,"template":"","format":"standard","meta":{"footnotes":""},"categories":[3],"tags":[],"class_list":{"0":"post-110152","1":"post","2":"type-post","3":"status-publish","4":"format-standard","5":"has-post-thumbnail","7":"category-yucatan"},"yoast_head":"<!-- This site is optimized with the Yoast SEO plugin v27.5 - https:\/\/yoast.com\/product\/yoast-seo-wordpress\/ -->\n<title>Impulsan la creaci\u00f3n de espacios para crear conciencia ambiental - Yucat\u00e1n en corto<\/title>\n<meta name=\"robots\" content=\"index, follow, max-snippet:-1, max-image-preview:large, max-video-preview:-1\" \/>\n<link rel=\"canonical\" href=\"https:\/\/www.yucatanencorto.com\/noticias\/impulsan-la-creacion-de-espacios-para-crear-conciencia-ambiental\/\" \/>\n<meta property=\"og:locale\" content=\"es_ES\" \/>\n<meta property=\"og:type\" content=\"article\" \/>\n<meta property=\"og:title\" content=\"Impulsan la creaci\u00f3n de espacios para crear conciencia ambiental - Yucat\u00e1n en corto\" \/>\n<meta property=\"og:description\" content=\"M\u00e9rida, Yucat\u00e1n, 14 de mayo de 2024.-Gracias al trabajo colaborativo de la mano con la ciudadan\u00eda, M\u00e9rida es una ciudad cada vez m\u00e1s verde, donde se privilegia la participaci\u00f3n de la poblaci\u00f3n y la iniciativa privada para impulsar acciones que benefician al cuidado del medioambiente, afirm\u00f3 el Alcalde Alejandro Ruz Castro. &nbsp; Asimismo, confirm\u00f3 que [&hellip;]\" \/>\n<meta property=\"og:url\" content=\"https:\/\/www.yucatanencorto.com\/noticias\/impulsan-la-creacion-de-espacios-para-crear-conciencia-ambiental\/\" \/>\n<meta property=\"og:site_name\" content=\"Yucat\u00e1n en corto\" \/>\n<meta property=\"article:publisher\" content=\"http:\/\/www.facebook.com\/yucatanencorto\" \/>\n<meta property=\"article:published_time\" content=\"2024-05-15T04:29:41+00:00\" \/>\n<meta property=\"og:image\" content=\"https:\/\/www.yucatanencorto.com\/noticias\/wp-content\/uploads\/2024\/05\/IMG-20240514-WA0054-scaled.jpg\" \/>\n\t<meta property=\"og:image:width\" content=\"768\" \/>\n\t<meta property=\"og:image:height\" content=\"512\" \/>\n\t<meta property=\"og:image:type\" content=\"image\/jpeg\" \/>\n<meta name=\"author\" content=\"Redes\" \/>\n<meta name=\"twitter:card\" content=\"summary_large_image\" \/>\n<meta name=\"twitter:creator\" content=\"@yucatanencorto\" \/>\n<meta name=\"twitter:site\" content=\"@yucatanencorto\" \/>\n<meta name=\"twitter:label1\" content=\"Escrito por\" \/>\n\t<meta name=\"twitter:data1\" content=\"Redes\" \/>\n\t<meta name=\"twitter:label2\" content=\"Tiempo de lectura\" \/>\n\t<meta name=\"twitter:data2\" content=\"4 minutos\" \/>\n<script type=\"application\/ld+json\" class=\"yoast-schema-graph\">{\"@context\":\"https:\\\/\\\/schema.org\",\"@graph\":[{\"@type\":\"Article\",\"@id\":\"https:\\\/\\\/www.yucatanencorto.com\\\/noticias\\\/impulsan-la-creacion-de-espacios-para-crear-conciencia-ambiental\\\/#article\",\"isPartOf\":{\"@id\":\"https:\\\/\\\/www.yucatanencorto.com\\\/noticias\\\/impulsan-la-creacion-de-espacios-para-crear-conciencia-ambiental\\\/\"},\"author\":{\"name\":\"Redes\",\"@id\":\"https:\\\/\\\/www.yucatanencorto.com\\\/noticias\\\/#\\\/schema\\\/person\\\/e2fbdfaf30a07014a43940ce989f3119\"},\"headline\":\"Impulsan la creaci\u00f3n de espacios para crear conciencia ambiental\",\"datePublished\":\"2024-05-15T04:29:41+00:00\",\"mainEntityOfPage\":{\"@id\":\"https:\\\/\\\/www.yucatanencorto.com\\\/noticias\\\/impulsan-la-creacion-de-espacios-para-crear-conciencia-ambiental\\\/\"},\"wordCount\":877,\"image\":{\"@id\":\"https:\\\/\\\/www.yucatanencorto.com\\\/noticias\\\/impulsan-la-creacion-de-espacios-para-crear-conciencia-ambiental\\\/#primaryimage\"},\"thumbnailUrl\":\"https:\\\/\\\/www.yucatanencorto.com\\\/noticias\\\/wp-content\\\/uploads\\\/2024\\\/05\\\/IMG-20240514-WA0054-scaled.jpg\",\"articleSection\":[\"Yucat\u00e1n\"],\"inLanguage\":\"es\"},{\"@type\":\"WebPage\",\"@id\":\"https:\\\/\\\/www.yucatanencorto.com\\\/noticias\\\/impulsan-la-creacion-de-espacios-para-crear-conciencia-ambiental\\\/\",\"url\":\"https:\\\/\\\/www.yucatanencorto.com\\\/noticias\\\/impulsan-la-creacion-de-espacios-para-crear-conciencia-ambiental\\\/\",\"name\":\"Impulsan la creaci\u00f3n de espacios para crear conciencia ambiental - Yucat\u00e1n en corto\",\"isPartOf\":{\"@id\":\"https:\\\/\\\/www.yucatanencorto.com\\\/noticias\\\/#website\"},\"primaryImageOfPage\":{\"@id\":\"https:\\\/\\\/www.yucatanencorto.com\\\/noticias\\\/impulsan-la-creacion-de-espacios-para-crear-conciencia-ambiental\\\/#primaryimage\"},\"image\":{\"@id\":\"https:\\\/\\\/www.yucatanencorto.com\\\/noticias\\\/impulsan-la-creacion-de-espacios-para-crear-conciencia-ambiental\\\/#primaryimage\"},\"thumbnailUrl\":\"https:\\\/\\\/www.yucatanencorto.com\\\/noticias\\\/wp-content\\\/uploads\\\/2024\\\/05\\\/IMG-20240514-WA0054-scaled.jpg\",\"datePublished\":\"2024-05-15T04:29:41+00:00\",\"author\":{\"@id\":\"https:\\\/\\\/www.yucatanencorto.com\\\/noticias\\\/#\\\/schema\\\/person\\\/e2fbdfaf30a07014a43940ce989f3119\"},\"breadcrumb\":{\"@id\":\"https:\\\/\\\/www.yucatanencorto.com\\\/noticias\\\/impulsan-la-creacion-de-espacios-para-crear-conciencia-ambiental\\\/#breadcrumb\"},\"inLanguage\":\"es\",\"potentialAction\":[{\"@type\":\"ReadAction\",\"target\":[\"https:\\\/\\\/www.yucatanencorto.com\\\/noticias\\\/impulsan-la-creacion-de-espacios-para-crear-conciencia-ambiental\\\/\"]}]},{\"@type\":\"ImageObject\",\"inLanguage\":\"es\",\"@id\":\"https:\\\/\\\/www.yucatanencorto.com\\\/noticias\\\/impulsan-la-creacion-de-espacios-para-crear-conciencia-ambiental\\\/#primaryimage\",\"url\":\"https:\\\/\\\/www.yucatanencorto.com\\\/noticias\\\/wp-content\\\/uploads\\\/2024\\\/05\\\/IMG-20240514-WA0054-scaled.jpg\",\"contentUrl\":\"https:\\\/\\\/www.yucatanencorto.com\\\/noticias\\\/wp-content\\\/uploads\\\/2024\\\/05\\\/IMG-20240514-WA0054-scaled.jpg\",\"width\":768,\"height\":512},{\"@type\":\"BreadcrumbList\",\"@id\":\"https:\\\/\\\/www.yucatanencorto.com\\\/noticias\\\/impulsan-la-creacion-de-espacios-para-crear-conciencia-ambiental\\\/#breadcrumb\",\"itemListElement\":[{\"@type\":\"ListItem\",\"position\":1,\"name\":\"Portada\",\"item\":\"https:\\\/\\\/www.yucatanencorto.com\\\/noticias\\\/\"},{\"@type\":\"ListItem\",\"position\":2,\"name\":\"Impulsan la creaci\u00f3n de espacios para crear conciencia ambiental\"}]},{\"@type\":\"WebSite\",\"@id\":\"https:\\\/\\\/www.yucatanencorto.com\\\/noticias\\\/#website\",\"url\":\"https:\\\/\\\/www.yucatanencorto.com\\\/noticias\\\/\",\"name\":\"Yucat\u00e1n en corto\",\"description\":\"Noticias\",\"potentialAction\":[{\"@type\":\"SearchAction\",\"target\":{\"@type\":\"EntryPoint\",\"urlTemplate\":\"https:\\\/\\\/www.yucatanencorto.com\\\/noticias\\\/?s={search_term_string}\"},\"query-input\":{\"@type\":\"PropertyValueSpecification\",\"valueRequired\":true,\"valueName\":\"search_term_string\"}}],\"inLanguage\":\"es\"},{\"@type\":\"Person\",\"@id\":\"https:\\\/\\\/www.yucatanencorto.com\\\/noticias\\\/#\\\/schema\\\/person\\\/e2fbdfaf30a07014a43940ce989f3119\",\"name\":\"Redes\",\"image\":{\"@type\":\"ImageObject\",\"inLanguage\":\"es\",\"@id\":\"https:\\\/\\\/secure.gravatar.com\\\/avatar\\\/5931a2d21dd7cc834f44c8c34fe56d90ed6d536ef452cbf870c7485b524dddd7?s=96&d=mm&r=g\",\"url\":\"https:\\\/\\\/secure.gravatar.com\\\/avatar\\\/5931a2d21dd7cc834f44c8c34fe56d90ed6d536ef452cbf870c7485b524dddd7?s=96&d=mm&r=g\",\"contentUrl\":\"https:\\\/\\\/secure.gravatar.com\\\/avatar\\\/5931a2d21dd7cc834f44c8c34fe56d90ed6d536ef452cbf870c7485b524dddd7?s=96&d=mm&r=g\",\"caption\":\"Redes\"},\"url\":\"https:\\\/\\\/www.yucatanencorto.com\\\/noticias\\\/author\\\/redes\\\/\"}]}<\/script>\n<!-- \/ Yoast SEO plugin. -->","yoast_head_json":{"title":"Impulsan la creaci\u00f3n de espacios para crear conciencia ambiental - Yucat\u00e1n en corto","robots":{"index":"index","follow":"follow","max-snippet":"max-snippet:-1","max-image-preview":"max-image-preview:large","max-video-preview":"max-video-preview:-1"},"canonical":"https:\/\/www.yucatanencorto.com\/noticias\/impulsan-la-creacion-de-espacios-para-crear-conciencia-ambiental\/","og_locale":"es_ES","og_type":"article","og_title":"Impulsan la creaci\u00f3n de espacios para crear conciencia ambiental - Yucat\u00e1n en corto","og_description":"M\u00e9rida, Yucat\u00e1n, 14 de mayo de 2024.-Gracias al trabajo colaborativo de la mano con la ciudadan\u00eda, M\u00e9rida es una ciudad cada vez m\u00e1s verde, donde se privilegia la participaci\u00f3n de la poblaci\u00f3n y la iniciativa privada para impulsar acciones que benefician al cuidado del medioambiente, afirm\u00f3 el Alcalde Alejandro Ruz Castro. &nbsp; Asimismo, confirm\u00f3 que [&hellip;]","og_url":"https:\/\/www.yucatanencorto.com\/noticias\/impulsan-la-creacion-de-espacios-para-crear-conciencia-ambiental\/","og_site_name":"Yucat\u00e1n en corto","article_publisher":"http:\/\/www.facebook.com\/yucatanencorto","article_published_time":"2024-05-15T04:29:41+00:00","og_image":[{"width":768,"height":512,"url":"https:\/\/www.yucatanencorto.com\/noticias\/wp-content\/uploads\/2024\/05\/IMG-20240514-WA0054-scaled.jpg","type":"image\/jpeg"}],"author":"Redes","twitter_card":"summary_large_image","twitter_creator":"@yucatanencorto","twitter_site":"@yucatanencorto","twitter_misc":{"Escrito por":"Redes","Tiempo de lectura":"4 minutos"},"schema":{"@context":"https:\/\/schema.org","@graph":[{"@type":"Article","@id":"https:\/\/www.yucatanencorto.com\/noticias\/impulsan-la-creacion-de-espacios-para-crear-conciencia-ambiental\/#article","isPartOf":{"@id":"https:\/\/www.yucatanencorto.com\/noticias\/impulsan-la-creacion-de-espacios-para-crear-conciencia-ambiental\/"},"author":{"name":"Redes","@id":"https:\/\/www.yucatanencorto.com\/noticias\/#\/schema\/person\/e2fbdfaf30a07014a43940ce989f3119"},"headline":"Impulsan la creaci\u00f3n de espacios para crear conciencia ambiental","datePublished":"2024-05-15T04:29:41+00:00","mainEntityOfPage":{"@id":"https:\/\/www.yucatanencorto.com\/noticias\/impulsan-la-creacion-de-espacios-para-crear-conciencia-ambiental\/"},"wordCount":877,"image":{"@id":"https:\/\/www.yucatanencorto.com\/noticias\/impulsan-la-creacion-de-espacios-para-crear-conciencia-ambiental\/#primaryimage"},"thumbnailUrl":"https:\/\/www.yucatanencorto.com\/noticias\/wp-content\/uploads\/2024\/05\/IMG-20240514-WA0054-scaled.jpg","articleSection":["Yucat\u00e1n"],"inLanguage":"es"},{"@type":"WebPage","@id":"https:\/\/www.yucatanencorto.com\/noticias\/impulsan-la-creacion-de-espacios-para-crear-conciencia-ambiental\/","url":"https:\/\/www.yucatanencorto.com\/noticias\/impulsan-la-creacion-de-espacios-para-crear-conciencia-ambiental\/","name":"Impulsan la creaci\u00f3n de espacios para crear conciencia ambiental - Yucat\u00e1n en corto","isPartOf":{"@id":"https:\/\/www.yucatanencorto.com\/noticias\/#website"},"primaryImageOfPage":{"@id":"https:\/\/www.yucatanencorto.com\/noticias\/impulsan-la-creacion-de-espacios-para-crear-conciencia-ambiental\/#primaryimage"},"image":{"@id":"https:\/\/www.yucatanencorto.com\/noticias\/impulsan-la-creacion-de-espacios-para-crear-conciencia-ambiental\/#primaryimage"},"thumbnailUrl":"https:\/\/www.yucatanencorto.com\/noticias\/wp-content\/uploads\/2024\/05\/IMG-20240514-WA0054-scaled.jpg","datePublished":"2024-05-15T04:29:41+00:00","author":{"@id":"https:\/\/www.yucatanencorto.com\/noticias\/#\/schema\/person\/e2fbdfaf30a07014a43940ce989f3119"},"breadcrumb":{"@id":"https:\/\/www.yucatanencorto.com\/noticias\/impulsan-la-creacion-de-espacios-para-crear-conciencia-ambiental\/#breadcrumb"},"inLanguage":"es","potentialAction":[{"@type":"ReadAction","target":["https:\/\/www.yucatanencorto.com\/noticias\/impulsan-la-creacion-de-espacios-para-crear-conciencia-ambiental\/"]}]},{"@type":"ImageObject","inLanguage":"es","@id":"https:\/\/www.yucatanencorto.com\/noticias\/impulsan-la-creacion-de-espacios-para-crear-conciencia-ambiental\/#primaryimage","url":"https:\/\/www.yucatanencorto.com\/noticias\/wp-content\/uploads\/2024\/05\/IMG-20240514-WA0054-scaled.jpg","contentUrl":"https:\/\/www.yucatanencorto.com\/noticias\/wp-content\/uploads\/2024\/05\/IMG-20240514-WA0054-scaled.jpg","width":768,"height":512},{"@type":"BreadcrumbList","@id":"https:\/\/www.yucatanencorto.com\/noticias\/impulsan-la-creacion-de-espacios-para-crear-conciencia-ambiental\/#breadcrumb","itemListElement":[{"@type":"ListItem","position":1,"name":"Portada","item":"https:\/\/www.yucatanencorto.com\/noticias\/"},{"@type":"ListItem","position":2,"name":"Impulsan la creaci\u00f3n de espacios para crear conciencia ambiental"}]},{"@type":"WebSite","@id":"https:\/\/www.yucatanencorto.com\/noticias\/#website","url":"https:\/\/www.yucatanencorto.com\/noticias\/","name":"Yucat\u00e1n en corto","description":"Noticias","potentialAction":[{"@type":"SearchAction","target":{"@type":"EntryPoint","urlTemplate":"https:\/\/www.yucatanencorto.com\/noticias\/?s={search_term_string}"},"query-input":{"@type":"PropertyValueSpecification","valueRequired":true,"valueName":"search_term_string"}}],"inLanguage":"es"},{"@type":"Person","@id":"https:\/\/www.yucatanencorto.com\/noticias\/#\/schema\/person\/e2fbdfaf30a07014a43940ce989f3119","name":"Redes","image":{"@type":"ImageObject","inLanguage":"es","@id":"https:\/\/secure.gravatar.com\/avatar\/5931a2d21dd7cc834f44c8c34fe56d90ed6d536ef452cbf870c7485b524dddd7?s=96&d=mm&r=g","url":"https:\/\/secure.gravatar.com\/avatar\/5931a2d21dd7cc834f44c8c34fe56d90ed6d536ef452cbf870c7485b524dddd7?s=96&d=mm&r=g","contentUrl":"https:\/\/secure.gravatar.com\/avatar\/5931a2d21dd7cc834f44c8c34fe56d90ed6d536ef452cbf870c7485b524dddd7?s=96&d=mm&r=g","caption":"Redes"},"url":"https:\/\/www.yucatanencorto.com\/noticias\/author\/redes\/"}]}},"_links":{"self":[{"href":"https:\/\/www.yucatanencorto.com\/noticias\/wp-json\/wp\/v2\/posts\/110152","targetHints":{"allow":["GET"]}}],"collection":[{"href":"https:\/\/www.yucatanencorto.com\/noticias\/wp-json\/wp\/v2\/posts"}],"about":[{"href":"https:\/\/www.yucatanencorto.com\/noticias\/wp-json\/wp\/v2\/types\/post"}],"author":[{"embeddable":true,"href":"https:\/\/www.yucatanencorto.com\/noticias\/wp-json\/wp\/v2\/users\/3"}],"replies":[{"embeddable":true,"href":"https:\/\/www.yucatanencorto.com\/noticias\/wp-json\/wp\/v2\/comments?post=110152"}],"version-history":[{"count":0,"href":"https:\/\/www.yucatanencorto.com\/noticias\/wp-json\/wp\/v2\/posts\/110152\/revisions"}],"wp:featuredmedia":[{"embeddable":true,"href":"https:\/\/www.yucatanencorto.com\/noticias\/wp-json\/wp\/v2\/media\/110153"}],"wp:attachment":[{"href":"https:\/\/www.yucatanencorto.com\/noticias\/wp-json\/wp\/v2\/media?parent=110152"}],"wp:term":[{"taxonomy":"category","embeddable":true,"href":"https:\/\/www.yucatanencorto.com\/noticias\/wp-json\/wp\/v2\/categories?post=110152"},{"taxonomy":"post_tag","embeddable":true,"href":"https:\/\/www.yucatanencorto.com\/noticias\/wp-json\/wp\/v2\/tags?post=110152"}],"curies":[{"name":"wp","href":"https:\/\/api.w.org\/{rel}","templated":true}]}}