{"id":110155,"date":"2024-05-15T15:36:09","date_gmt":"2024-05-15T21:36:09","guid":{"rendered":"https:\/\/www.yucatanencorto.com\/noticias\/?p=110155"},"modified":"2024-05-15T15:36:09","modified_gmt":"2024-05-15T21:36:09","slug":"construyen-un-par-vial-para-desahogar-el-transito-en-la-avenida-aviacion","status":"publish","type":"post","link":"https:\/\/www.yucatanencorto.com\/noticias\/construyen-un-par-vial-para-desahogar-el-transito-en-la-avenida-aviacion\/","title":{"rendered":"Construyen un par vial para desahogar el tr\u00e1nsito en la Avenida Aviaci\u00f3n\u00a0"},"content":{"rendered":"<p>&nbsp;<\/p>\n<p><img loading=\"lazy\" decoding=\"async\" class=\"alignnone size-full wp-image-110156\" src=\"https:\/\/www.yucatanencorto.com\/noticias\/wp-content\/uploads\/2024\/05\/IMG-20240515-WA0016-scaled.jpg\" alt=\"\" width=\"768\" height=\"512\" srcset=\"https:\/\/www.yucatanencorto.com\/noticias\/wp-content\/uploads\/2024\/05\/IMG-20240515-WA0016-scaled.jpg 768w, https:\/\/www.yucatanencorto.com\/noticias\/wp-content\/uploads\/2024\/05\/IMG-20240515-WA0016-150x100.jpg 150w, https:\/\/www.yucatanencorto.com\/noticias\/wp-content\/uploads\/2024\/05\/IMG-20240515-WA0016-300x200.jpg 300w, https:\/\/www.yucatanencorto.com\/noticias\/wp-content\/uploads\/2024\/05\/IMG-20240515-WA0016-696x464.jpg 696w, https:\/\/www.yucatanencorto.com\/noticias\/wp-content\/uploads\/2024\/05\/IMG-20240515-WA0016-1068x712.jpg 1068w\" sizes=\"auto, (max-width: 768px) 100vw, 768px\" \/><\/p>\n<p>M\u00e9rida, Yucat\u00e1n, 15 de mayo de 2024.- Con el objetivo de garantizar una movilidad m\u00e1s segura y eficiente, el Gobierno del Estado est\u00e1 construyendo un par vial, principalmente para el desahogo del transporte de carga pesada que actualmente circula sobre la avenida Aviaci\u00f3n, una de las zonas m\u00e1s congestionadas de la ciudad y que conecta al Anillo Perif\u00e9rico con salida a Um\u00e1n.<\/p>\n<p>&nbsp;<\/p>\n<p>El Instituto de Infraestructura Carretera de Yucat\u00e1n (INCAY) inform\u00f3 que ya se comenz\u00f3 con esta obra que correr\u00e1 desde la calle 128 de la colonia Ciudad Industrial hacia el Anillo Perif\u00e9rico, paralela a las antiguas v\u00edas del ferrocarril.<\/p>\n<p>&nbsp;<\/p>\n<p>Se pretende reducir los congestionamientos de tr\u00e1nsito en la zona y que los veh\u00edculos de carga se muevan de manera m\u00e1s eficiente sin afectar el flujo del transporte p\u00fablico, peatones, ciclistas y veh\u00edculos particulares que circula en la avenida Aviaci\u00f3n.<\/p>\n<p>&nbsp;<\/p>\n<p>Contar\u00e1 con una longitud de 3.5 km y 9 metros de ancho, por lo que permitir\u00e1 mejorar la seguridad vial al separar los veh\u00edculos de carga del tr\u00e1nsito regular, pues se reducir\u00e1 el riesgo de accidentes y colisiones, ya que los camiones de carga suelen tener requerimientos de frenado y aceleraci\u00f3n diferentes, as\u00ed como tiempos de reacci\u00f3n m\u00e1s largos.<\/p>\n<p>&nbsp;<\/p>\n<p>Adem\u00e1s, ayudar\u00e1 a reducir la emisi\u00f3n de gases contaminantes, debido a que la disminuci\u00f3n del tr\u00e1nsito contribuir\u00e1 a una conducci\u00f3n m\u00e1s eficiente y, por ende, a una reducci\u00f3n en las emisiones de gases de efecto invernadero y el consumo de combustible.<\/p>\n<p>&nbsp;<\/p>\n<p>En esta obra se invierten 61 millones de pesos y traer\u00e1 beneficios ambientales y econ\u00f3micos para la poblaci\u00f3n que transita por la importante v\u00eda.<\/p>\n<p>&nbsp;<\/p>\n<p>Aunado a ello, se mejorar\u00e1 la eficiencia del transporte p\u00fablico al liberar el tr\u00e1nsito y reducir las emisiones, lo que permitir\u00e1, entre otras cumplir con los horarios establecidos y mejorar la experiencia de los usuarios, atrayendo a m\u00e1s personas para usar el transporte p\u00fablico.<\/p>\n<p>&nbsp;<\/p>\n<p>Por otro lado, se reducir\u00e1 el desgaste de las calles destinadas al transporte p\u00fablico, ciclistas y autos particulares, ya que los veh\u00edculos pesados contribuyen considerablemente la degradaci\u00f3n de la infraestructura vial.<\/p>\n<p>&nbsp;<\/p>\n<p>La habilitaci\u00f3n de este par vial para el transporte de carga tendr\u00e1 un impacto positivo tanto en la eficiencia log\u00edstica como en la calidad de vida de la poblaci\u00f3n, al tiempo que contribuye a la sostenibilidad ambiental y al desarrollo econ\u00f3mico, beneficiando a miles de personas que transitan frecuentemente por este tramo de la avenida Aviaci\u00f3n.<\/p>\n","protected":false},"excerpt":{"rendered":"<p>&nbsp; M\u00e9rida, Yucat\u00e1n, 15 de mayo de 2024.- Con el objetivo de garantizar una movilidad m\u00e1s segura y eficiente, el Gobierno del Estado est\u00e1 construyendo un par vial, principalmente para el desahogo del transporte de carga pesada que actualmente circula sobre la avenida Aviaci\u00f3n, una de las zonas m\u00e1s congestionadas de la ciudad y que [&hellip;]<\/p>\n","protected":false},"author":3,"featured_media":110156,"comment_status":"closed","ping_status":"closed","sticky":false,"template":"","format":"standard","meta":{"footnotes":""},"categories":[3],"tags":[],"class_list":{"0":"post-110155","1":"post","2":"type-post","3":"status-publish","4":"format-standard","5":"has-post-thumbnail","7":"category-yucatan"},"yoast_head":"<!-- This site is optimized with the Yoast SEO plugin v27.5 - https:\/\/yoast.com\/product\/yoast-seo-wordpress\/ -->\n<title>Construyen un par vial para desahogar el tr\u00e1nsito en la Avenida Aviaci\u00f3n\u00a0 - Yucat\u00e1n en corto<\/title>\n<meta name=\"robots\" content=\"index, follow, max-snippet:-1, max-image-preview:large, max-video-preview:-1\" \/>\n<link rel=\"canonical\" href=\"https:\/\/www.yucatanencorto.com\/noticias\/construyen-un-par-vial-para-desahogar-el-transito-en-la-avenida-aviacion\/\" \/>\n<meta property=\"og:locale\" content=\"es_ES\" \/>\n<meta property=\"og:type\" content=\"article\" \/>\n<meta property=\"og:title\" content=\"Construyen un par vial para desahogar el tr\u00e1nsito en la Avenida Aviaci\u00f3n\u00a0 - Yucat\u00e1n en corto\" \/>\n<meta property=\"og:description\" content=\"&nbsp; M\u00e9rida, Yucat\u00e1n, 15 de mayo de 2024.- Con el objetivo de garantizar una movilidad m\u00e1s segura y eficiente, el Gobierno del Estado est\u00e1 construyendo un par vial, principalmente para el desahogo del transporte de carga pesada que actualmente circula sobre la avenida Aviaci\u00f3n, una de las zonas m\u00e1s congestionadas de la ciudad y que [&hellip;]\" \/>\n<meta property=\"og:url\" content=\"https:\/\/www.yucatanencorto.com\/noticias\/construyen-un-par-vial-para-desahogar-el-transito-en-la-avenida-aviacion\/\" \/>\n<meta property=\"og:site_name\" content=\"Yucat\u00e1n en corto\" \/>\n<meta property=\"article:publisher\" content=\"http:\/\/www.facebook.com\/yucatanencorto\" \/>\n<meta property=\"article:published_time\" content=\"2024-05-15T21:36:09+00:00\" \/>\n<meta property=\"og:image\" content=\"https:\/\/www.yucatanencorto.com\/noticias\/wp-content\/uploads\/2024\/05\/IMG-20240515-WA0016-scaled.jpg\" \/>\n\t<meta property=\"og:image:width\" content=\"768\" \/>\n\t<meta property=\"og:image:height\" content=\"512\" \/>\n\t<meta property=\"og:image:type\" content=\"image\/jpeg\" \/>\n<meta name=\"author\" content=\"Redes\" \/>\n<meta name=\"twitter:card\" content=\"summary_large_image\" \/>\n<meta name=\"twitter:creator\" content=\"@yucatanencorto\" \/>\n<meta name=\"twitter:site\" content=\"@yucatanencorto\" \/>\n<meta name=\"twitter:label1\" content=\"Escrito por\" \/>\n\t<meta name=\"twitter:data1\" content=\"Redes\" \/>\n\t<meta name=\"twitter:label2\" content=\"Tiempo de lectura\" \/>\n\t<meta name=\"twitter:data2\" content=\"3 minutos\" \/>\n<script type=\"application\/ld+json\" class=\"yoast-schema-graph\">{\"@context\":\"https:\\\/\\\/schema.org\",\"@graph\":[{\"@type\":\"Article\",\"@id\":\"https:\\\/\\\/www.yucatanencorto.com\\\/noticias\\\/construyen-un-par-vial-para-desahogar-el-transito-en-la-avenida-aviacion\\\/#article\",\"isPartOf\":{\"@id\":\"https:\\\/\\\/www.yucatanencorto.com\\\/noticias\\\/construyen-un-par-vial-para-desahogar-el-transito-en-la-avenida-aviacion\\\/\"},\"author\":{\"name\":\"Redes\",\"@id\":\"https:\\\/\\\/www.yucatanencorto.com\\\/noticias\\\/#\\\/schema\\\/person\\\/e2fbdfaf30a07014a43940ce989f3119\"},\"headline\":\"Construyen un par vial para desahogar el tr\u00e1nsito en la Avenida Aviaci\u00f3n\u00a0\",\"datePublished\":\"2024-05-15T21:36:09+00:00\",\"mainEntityOfPage\":{\"@id\":\"https:\\\/\\\/www.yucatanencorto.com\\\/noticias\\\/construyen-un-par-vial-para-desahogar-el-transito-en-la-avenida-aviacion\\\/\"},\"wordCount\":456,\"image\":{\"@id\":\"https:\\\/\\\/www.yucatanencorto.com\\\/noticias\\\/construyen-un-par-vial-para-desahogar-el-transito-en-la-avenida-aviacion\\\/#primaryimage\"},\"thumbnailUrl\":\"https:\\\/\\\/www.yucatanencorto.com\\\/noticias\\\/wp-content\\\/uploads\\\/2024\\\/05\\\/IMG-20240515-WA0016-scaled.jpg\",\"articleSection\":[\"Yucat\u00e1n\"],\"inLanguage\":\"es\"},{\"@type\":\"WebPage\",\"@id\":\"https:\\\/\\\/www.yucatanencorto.com\\\/noticias\\\/construyen-un-par-vial-para-desahogar-el-transito-en-la-avenida-aviacion\\\/\",\"url\":\"https:\\\/\\\/www.yucatanencorto.com\\\/noticias\\\/construyen-un-par-vial-para-desahogar-el-transito-en-la-avenida-aviacion\\\/\",\"name\":\"Construyen un par vial para desahogar el tr\u00e1nsito en la Avenida Aviaci\u00f3n\u00a0 - Yucat\u00e1n en corto\",\"isPartOf\":{\"@id\":\"https:\\\/\\\/www.yucatanencorto.com\\\/noticias\\\/#website\"},\"primaryImageOfPage\":{\"@id\":\"https:\\\/\\\/www.yucatanencorto.com\\\/noticias\\\/construyen-un-par-vial-para-desahogar-el-transito-en-la-avenida-aviacion\\\/#primaryimage\"},\"image\":{\"@id\":\"https:\\\/\\\/www.yucatanencorto.com\\\/noticias\\\/construyen-un-par-vial-para-desahogar-el-transito-en-la-avenida-aviacion\\\/#primaryimage\"},\"thumbnailUrl\":\"https:\\\/\\\/www.yucatanencorto.com\\\/noticias\\\/wp-content\\\/uploads\\\/2024\\\/05\\\/IMG-20240515-WA0016-scaled.jpg\",\"datePublished\":\"2024-05-15T21:36:09+00:00\",\"author\":{\"@id\":\"https:\\\/\\\/www.yucatanencorto.com\\\/noticias\\\/#\\\/schema\\\/person\\\/e2fbdfaf30a07014a43940ce989f3119\"},\"breadcrumb\":{\"@id\":\"https:\\\/\\\/www.yucatanencorto.com\\\/noticias\\\/construyen-un-par-vial-para-desahogar-el-transito-en-la-avenida-aviacion\\\/#breadcrumb\"},\"inLanguage\":\"es\",\"potentialAction\":[{\"@type\":\"ReadAction\",\"target\":[\"https:\\\/\\\/www.yucatanencorto.com\\\/noticias\\\/construyen-un-par-vial-para-desahogar-el-transito-en-la-avenida-aviacion\\\/\"]}]},{\"@type\":\"ImageObject\",\"inLanguage\":\"es\",\"@id\":\"https:\\\/\\\/www.yucatanencorto.com\\\/noticias\\\/construyen-un-par-vial-para-desahogar-el-transito-en-la-avenida-aviacion\\\/#primaryimage\",\"url\":\"https:\\\/\\\/www.yucatanencorto.com\\\/noticias\\\/wp-content\\\/uploads\\\/2024\\\/05\\\/IMG-20240515-WA0016-scaled.jpg\",\"contentUrl\":\"https:\\\/\\\/www.yucatanencorto.com\\\/noticias\\\/wp-content\\\/uploads\\\/2024\\\/05\\\/IMG-20240515-WA0016-scaled.jpg\",\"width\":768,\"height\":512},{\"@type\":\"BreadcrumbList\",\"@id\":\"https:\\\/\\\/www.yucatanencorto.com\\\/noticias\\\/construyen-un-par-vial-para-desahogar-el-transito-en-la-avenida-aviacion\\\/#breadcrumb\",\"itemListElement\":[{\"@type\":\"ListItem\",\"position\":1,\"name\":\"Portada\",\"item\":\"https:\\\/\\\/www.yucatanencorto.com\\\/noticias\\\/\"},{\"@type\":\"ListItem\",\"position\":2,\"name\":\"Construyen un par vial para desahogar el tr\u00e1nsito en la Avenida Aviaci\u00f3n\u00a0\"}]},{\"@type\":\"WebSite\",\"@id\":\"https:\\\/\\\/www.yucatanencorto.com\\\/noticias\\\/#website\",\"url\":\"https:\\\/\\\/www.yucatanencorto.com\\\/noticias\\\/\",\"name\":\"Yucat\u00e1n en corto\",\"description\":\"Noticias\",\"potentialAction\":[{\"@type\":\"SearchAction\",\"target\":{\"@type\":\"EntryPoint\",\"urlTemplate\":\"https:\\\/\\\/www.yucatanencorto.com\\\/noticias\\\/?s={search_term_string}\"},\"query-input\":{\"@type\":\"PropertyValueSpecification\",\"valueRequired\":true,\"valueName\":\"search_term_string\"}}],\"inLanguage\":\"es\"},{\"@type\":\"Person\",\"@id\":\"https:\\\/\\\/www.yucatanencorto.com\\\/noticias\\\/#\\\/schema\\\/person\\\/e2fbdfaf30a07014a43940ce989f3119\",\"name\":\"Redes\",\"image\":{\"@type\":\"ImageObject\",\"inLanguage\":\"es\",\"@id\":\"https:\\\/\\\/secure.gravatar.com\\\/avatar\\\/5931a2d21dd7cc834f44c8c34fe56d90ed6d536ef452cbf870c7485b524dddd7?s=96&d=mm&r=g\",\"url\":\"https:\\\/\\\/secure.gravatar.com\\\/avatar\\\/5931a2d21dd7cc834f44c8c34fe56d90ed6d536ef452cbf870c7485b524dddd7?s=96&d=mm&r=g\",\"contentUrl\":\"https:\\\/\\\/secure.gravatar.com\\\/avatar\\\/5931a2d21dd7cc834f44c8c34fe56d90ed6d536ef452cbf870c7485b524dddd7?s=96&d=mm&r=g\",\"caption\":\"Redes\"},\"url\":\"https:\\\/\\\/www.yucatanencorto.com\\\/noticias\\\/author\\\/redes\\\/\"}]}<\/script>\n<!-- \/ Yoast SEO plugin. -->","yoast_head_json":{"title":"Construyen un par vial para desahogar el tr\u00e1nsito en la Avenida Aviaci\u00f3n\u00a0 - Yucat\u00e1n en corto","robots":{"index":"index","follow":"follow","max-snippet":"max-snippet:-1","max-image-preview":"max-image-preview:large","max-video-preview":"max-video-preview:-1"},"canonical":"https:\/\/www.yucatanencorto.com\/noticias\/construyen-un-par-vial-para-desahogar-el-transito-en-la-avenida-aviacion\/","og_locale":"es_ES","og_type":"article","og_title":"Construyen un par vial para desahogar el tr\u00e1nsito en la Avenida Aviaci\u00f3n\u00a0 - Yucat\u00e1n en corto","og_description":"&nbsp; M\u00e9rida, Yucat\u00e1n, 15 de mayo de 2024.- Con el objetivo de garantizar una movilidad m\u00e1s segura y eficiente, el Gobierno del Estado est\u00e1 construyendo un par vial, principalmente para el desahogo del transporte de carga pesada que actualmente circula sobre la avenida Aviaci\u00f3n, una de las zonas m\u00e1s congestionadas de la ciudad y que [&hellip;]","og_url":"https:\/\/www.yucatanencorto.com\/noticias\/construyen-un-par-vial-para-desahogar-el-transito-en-la-avenida-aviacion\/","og_site_name":"Yucat\u00e1n en corto","article_publisher":"http:\/\/www.facebook.com\/yucatanencorto","article_published_time":"2024-05-15T21:36:09+00:00","og_image":[{"width":768,"height":512,"url":"https:\/\/www.yucatanencorto.com\/noticias\/wp-content\/uploads\/2024\/05\/IMG-20240515-WA0016-scaled.jpg","type":"image\/jpeg"}],"author":"Redes","twitter_card":"summary_large_image","twitter_creator":"@yucatanencorto","twitter_site":"@yucatanencorto","twitter_misc":{"Escrito por":"Redes","Tiempo de lectura":"3 minutos"},"schema":{"@context":"https:\/\/schema.org","@graph":[{"@type":"Article","@id":"https:\/\/www.yucatanencorto.com\/noticias\/construyen-un-par-vial-para-desahogar-el-transito-en-la-avenida-aviacion\/#article","isPartOf":{"@id":"https:\/\/www.yucatanencorto.com\/noticias\/construyen-un-par-vial-para-desahogar-el-transito-en-la-avenida-aviacion\/"},"author":{"name":"Redes","@id":"https:\/\/www.yucatanencorto.com\/noticias\/#\/schema\/person\/e2fbdfaf30a07014a43940ce989f3119"},"headline":"Construyen un par vial para desahogar el tr\u00e1nsito en la Avenida Aviaci\u00f3n\u00a0","datePublished":"2024-05-15T21:36:09+00:00","mainEntityOfPage":{"@id":"https:\/\/www.yucatanencorto.com\/noticias\/construyen-un-par-vial-para-desahogar-el-transito-en-la-avenida-aviacion\/"},"wordCount":456,"image":{"@id":"https:\/\/www.yucatanencorto.com\/noticias\/construyen-un-par-vial-para-desahogar-el-transito-en-la-avenida-aviacion\/#primaryimage"},"thumbnailUrl":"https:\/\/www.yucatanencorto.com\/noticias\/wp-content\/uploads\/2024\/05\/IMG-20240515-WA0016-scaled.jpg","articleSection":["Yucat\u00e1n"],"inLanguage":"es"},{"@type":"WebPage","@id":"https:\/\/www.yucatanencorto.com\/noticias\/construyen-un-par-vial-para-desahogar-el-transito-en-la-avenida-aviacion\/","url":"https:\/\/www.yucatanencorto.com\/noticias\/construyen-un-par-vial-para-desahogar-el-transito-en-la-avenida-aviacion\/","name":"Construyen un par vial para desahogar el tr\u00e1nsito en la Avenida Aviaci\u00f3n\u00a0 - Yucat\u00e1n en corto","isPartOf":{"@id":"https:\/\/www.yucatanencorto.com\/noticias\/#website"},"primaryImageOfPage":{"@id":"https:\/\/www.yucatanencorto.com\/noticias\/construyen-un-par-vial-para-desahogar-el-transito-en-la-avenida-aviacion\/#primaryimage"},"image":{"@id":"https:\/\/www.yucatanencorto.com\/noticias\/construyen-un-par-vial-para-desahogar-el-transito-en-la-avenida-aviacion\/#primaryimage"},"thumbnailUrl":"https:\/\/www.yucatanencorto.com\/noticias\/wp-content\/uploads\/2024\/05\/IMG-20240515-WA0016-scaled.jpg","datePublished":"2024-05-15T21:36:09+00:00","author":{"@id":"https:\/\/www.yucatanencorto.com\/noticias\/#\/schema\/person\/e2fbdfaf30a07014a43940ce989f3119"},"breadcrumb":{"@id":"https:\/\/www.yucatanencorto.com\/noticias\/construyen-un-par-vial-para-desahogar-el-transito-en-la-avenida-aviacion\/#breadcrumb"},"inLanguage":"es","potentialAction":[{"@type":"ReadAction","target":["https:\/\/www.yucatanencorto.com\/noticias\/construyen-un-par-vial-para-desahogar-el-transito-en-la-avenida-aviacion\/"]}]},{"@type":"ImageObject","inLanguage":"es","@id":"https:\/\/www.yucatanencorto.com\/noticias\/construyen-un-par-vial-para-desahogar-el-transito-en-la-avenida-aviacion\/#primaryimage","url":"https:\/\/www.yucatanencorto.com\/noticias\/wp-content\/uploads\/2024\/05\/IMG-20240515-WA0016-scaled.jpg","contentUrl":"https:\/\/www.yucatanencorto.com\/noticias\/wp-content\/uploads\/2024\/05\/IMG-20240515-WA0016-scaled.jpg","width":768,"height":512},{"@type":"BreadcrumbList","@id":"https:\/\/www.yucatanencorto.com\/noticias\/construyen-un-par-vial-para-desahogar-el-transito-en-la-avenida-aviacion\/#breadcrumb","itemListElement":[{"@type":"ListItem","position":1,"name":"Portada","item":"https:\/\/www.yucatanencorto.com\/noticias\/"},{"@type":"ListItem","position":2,"name":"Construyen un par vial para desahogar el tr\u00e1nsito en la Avenida Aviaci\u00f3n\u00a0"}]},{"@type":"WebSite","@id":"https:\/\/www.yucatanencorto.com\/noticias\/#website","url":"https:\/\/www.yucatanencorto.com\/noticias\/","name":"Yucat\u00e1n en corto","description":"Noticias","potentialAction":[{"@type":"SearchAction","target":{"@type":"EntryPoint","urlTemplate":"https:\/\/www.yucatanencorto.com\/noticias\/?s={search_term_string}"},"query-input":{"@type":"PropertyValueSpecification","valueRequired":true,"valueName":"search_term_string"}}],"inLanguage":"es"},{"@type":"Person","@id":"https:\/\/www.yucatanencorto.com\/noticias\/#\/schema\/person\/e2fbdfaf30a07014a43940ce989f3119","name":"Redes","image":{"@type":"ImageObject","inLanguage":"es","@id":"https:\/\/secure.gravatar.com\/avatar\/5931a2d21dd7cc834f44c8c34fe56d90ed6d536ef452cbf870c7485b524dddd7?s=96&d=mm&r=g","url":"https:\/\/secure.gravatar.com\/avatar\/5931a2d21dd7cc834f44c8c34fe56d90ed6d536ef452cbf870c7485b524dddd7?s=96&d=mm&r=g","contentUrl":"https:\/\/secure.gravatar.com\/avatar\/5931a2d21dd7cc834f44c8c34fe56d90ed6d536ef452cbf870c7485b524dddd7?s=96&d=mm&r=g","caption":"Redes"},"url":"https:\/\/www.yucatanencorto.com\/noticias\/author\/redes\/"}]}},"_links":{"self":[{"href":"https:\/\/www.yucatanencorto.com\/noticias\/wp-json\/wp\/v2\/posts\/110155","targetHints":{"allow":["GET"]}}],"collection":[{"href":"https:\/\/www.yucatanencorto.com\/noticias\/wp-json\/wp\/v2\/posts"}],"about":[{"href":"https:\/\/www.yucatanencorto.com\/noticias\/wp-json\/wp\/v2\/types\/post"}],"author":[{"embeddable":true,"href":"https:\/\/www.yucatanencorto.com\/noticias\/wp-json\/wp\/v2\/users\/3"}],"replies":[{"embeddable":true,"href":"https:\/\/www.yucatanencorto.com\/noticias\/wp-json\/wp\/v2\/comments?post=110155"}],"version-history":[{"count":0,"href":"https:\/\/www.yucatanencorto.com\/noticias\/wp-json\/wp\/v2\/posts\/110155\/revisions"}],"wp:featuredmedia":[{"embeddable":true,"href":"https:\/\/www.yucatanencorto.com\/noticias\/wp-json\/wp\/v2\/media\/110156"}],"wp:attachment":[{"href":"https:\/\/www.yucatanencorto.com\/noticias\/wp-json\/wp\/v2\/media?parent=110155"}],"wp:term":[{"taxonomy":"category","embeddable":true,"href":"https:\/\/www.yucatanencorto.com\/noticias\/wp-json\/wp\/v2\/categories?post=110155"},{"taxonomy":"post_tag","embeddable":true,"href":"https:\/\/www.yucatanencorto.com\/noticias\/wp-json\/wp\/v2\/tags?post=110155"}],"curies":[{"name":"wp","href":"https:\/\/api.w.org\/{rel}","templated":true}]}}