{"id":110158,"date":"2024-05-15T19:01:49","date_gmt":"2024-05-16T01:01:49","guid":{"rendered":"https:\/\/www.yucatanencorto.com\/noticias\/?p=110158"},"modified":"2024-05-15T19:01:49","modified_gmt":"2024-05-16T01:01:49","slug":"mantienen-acciones-para-reducir-las-brechas-de-desigualdad-en-el-municipio","status":"publish","type":"post","link":"https:\/\/www.yucatanencorto.com\/noticias\/mantienen-acciones-para-reducir-las-brechas-de-desigualdad-en-el-municipio\/","title":{"rendered":"Mantienen acciones para reducir las brechas de desigualdad en el Municipio"},"content":{"rendered":"<p><img loading=\"lazy\" decoding=\"async\" class=\"alignnone size-full wp-image-110159\" src=\"https:\/\/www.yucatanencorto.com\/noticias\/wp-content\/uploads\/2024\/05\/150524-scaled.jpeg\" alt=\"\" width=\"768\" height=\"512\" srcset=\"https:\/\/www.yucatanencorto.com\/noticias\/wp-content\/uploads\/2024\/05\/150524-scaled.jpeg 768w, https:\/\/www.yucatanencorto.com\/noticias\/wp-content\/uploads\/2024\/05\/150524-150x100.jpeg 150w, https:\/\/www.yucatanencorto.com\/noticias\/wp-content\/uploads\/2024\/05\/150524-300x200.jpeg 300w, https:\/\/www.yucatanencorto.com\/noticias\/wp-content\/uploads\/2024\/05\/150524-696x464.jpeg 696w, https:\/\/www.yucatanencorto.com\/noticias\/wp-content\/uploads\/2024\/05\/150524-1068x712.jpeg 1068w\" sizes=\"auto, (max-width: 768px) 100vw, 768px\" \/><\/p>\n<p>M\u00e9rida, Yucat\u00e1n, 15 de mayo de 2024. Como parte de su compromiso de mejorar las condiciones de vida de la poblaci\u00f3n de M\u00e9rida y avanzar en el combate a la pobreza, el cabildo aprob\u00f3 la propuesta del Alcalde Alejandro Ruz Castro para realizar obras con recursos del Fondo de Aportaciones para la Infraestructura Social Municipal y de las Demarcaciones Territoriales del Distrito Federal que se ejecutar\u00e1n en las zonas m\u00e1s necesitadas del Municipio.<\/p>\n<p>&nbsp;<\/p>\n<p>En un primer acuerdo, se autoriz\u00f3 contratar, mediante el procedimiento de invitaci\u00f3n, a cuando menos tres personas para ejecutar tres acciones de obra p\u00fablica referentes a la construcci\u00f3n de techo firme y de cuartos dormitorio que se realizar\u00e1n en las colonias Guadalupana y Nueva Sambul\u00e1. Posteriormente, se aprobaron dos convocatorias: la n\u00famero 13, con bases de licitaciones p\u00fablicas para ampliaciones de red el\u00e9ctrica, ampliaci\u00f3n de alumbrado p\u00fablico, rehabilitaci\u00f3n de parques y construcci\u00f3n de carreteras; y la n\u00famero 14, para la construcci\u00f3n de ba\u00f1os y casetas en el campo de Misn\u00e9, habilitaci\u00f3n del edificio de la Direcci\u00f3n de Gobernaci\u00f3n, rehabilitaci\u00f3n del parque de los Reyes, construcci\u00f3n de sistema hidr\u00e1ulico y filtrado, trabajos de alba\u00f1iler\u00eda y ambientaci\u00f3n en encierros del felinario (parque zool\u00f3gico del Animaya), repavimentaci\u00f3n de calles y construcci\u00f3n de calles. Todo esto se llevar\u00e1 a cabo en diversos fraccionamientos, colonias y una comisar\u00eda de M\u00e9rida.<\/p>\n<p>&nbsp;<\/p>\n<p>En otro punto, los regidores aprobaron celebrar un Convenio de Coordinaci\u00f3n y Reasignaci\u00f3n con el Poder Ejecutivo del Estado de Yucat\u00e1n, a trav\u00e9s de la Secretar\u00eda de Administraci\u00f3n y Finanzas, para que la Secretar\u00eda transfiera al Municipio recursos estatales por un monto de hasta 100 millones de pesos. Esto permitir\u00e1 la implementaci\u00f3n de la Declaraci\u00f3n por M\u00e9rida 2050, mediante trabajos de construcci\u00f3n, rehabilitaci\u00f3n, adecuaci\u00f3n y\/o mantenimiento en bienes del dominio p\u00fablico del Municipio.<\/p>\n<p>&nbsp;<\/p>\n<p>Para continuar avanzando en el mejoramiento de la movilidad en la ciudad, se autoriz\u00f3 la desincorporaci\u00f3n del predio marcado con el n\u00famero 300 de la calle 4 del fraccionamiento Paseos de Vergel, con una superficie de 4,058.07 M2, para pasar del dominio p\u00fablico al dominio privado, a favor de la \u00abAgencia de Transporte de Yucat\u00e1n\u00bb. Dicho organismo utilizar\u00e1 el predio se\u00f1alado para la implementaci\u00f3n y construcci\u00f3n de infraestructura y equipamiento de la estaci\u00f3n IE-TRAM de la zona Oriente, y as\u00ed satisfacer la prestaci\u00f3n del servicio de transporte p\u00fablico para la poblaci\u00f3n usuaria.<\/p>\n<p>&nbsp;<\/p>\n<p>Al inicio de la sesi\u00f3n, tambi\u00e9n se aprob\u00f3 la cuenta p\u00fablica correspondiente al mes de abril, en la cual los ingresos ascendieron a 478 millones 724 mil 152 pesos, sumando un total acumulado de 2 mil 378 millones 156 mil 169 pesos. En cuanto a los gastos ejercidos en ese mismo mes, se inform\u00f3 que fue por la cantidad de 526 millones 557 mil 202 pesos, sumando un total acumulado de 1 mil 777 millones 885 mil 800 pesos.<\/p>\n<p>&nbsp;<\/p>\n<p>Otros puntos aprobados en la sesi\u00f3n ordinaria, celebrada en el sal\u00f3n \u00abRosa Torre Gonz\u00e1lez\u00bb del Palacio Municipal, fueron un contrato de donaci\u00f3n, a t\u00edtulo gratuito, con la ciudadana Alejandrina Correa Canto, respecto de un bien mueble, a favor del Municipio de M\u00e9rida, el programa de est\u00edmulo denominado \u00abEstablecimiento Seguro\u00bb, licencias de uso de suelo a diversas tiendas de autoservicio y dos licitaciones p\u00fablicas requeridas por la Direcci\u00f3n de Obras P\u00fablicas.<\/p>\n","protected":false},"excerpt":{"rendered":"<p>M\u00e9rida, Yucat\u00e1n, 15 de mayo de 2024. Como parte de su compromiso de mejorar las condiciones de vida de la poblaci\u00f3n de M\u00e9rida y avanzar en el combate a la pobreza, el cabildo aprob\u00f3 la propuesta del Alcalde Alejandro Ruz Castro para realizar obras con recursos del Fondo de Aportaciones para la Infraestructura Social Municipal [&hellip;]<\/p>\n","protected":false},"author":3,"featured_media":110159,"comment_status":"closed","ping_status":"closed","sticky":false,"template":"","format":"standard","meta":{"footnotes":""},"categories":[3],"tags":[],"class_list":{"0":"post-110158","1":"post","2":"type-post","3":"status-publish","4":"format-standard","5":"has-post-thumbnail","7":"category-yucatan"},"yoast_head":"<!-- This site is optimized with the Yoast SEO plugin v27.5 - https:\/\/yoast.com\/product\/yoast-seo-wordpress\/ -->\n<title>Mantienen acciones para reducir las brechas de desigualdad en el Municipio - Yucat\u00e1n en corto<\/title>\n<meta name=\"robots\" content=\"index, follow, max-snippet:-1, max-image-preview:large, max-video-preview:-1\" \/>\n<link rel=\"canonical\" href=\"https:\/\/www.yucatanencorto.com\/noticias\/mantienen-acciones-para-reducir-las-brechas-de-desigualdad-en-el-municipio\/\" \/>\n<meta property=\"og:locale\" content=\"es_ES\" \/>\n<meta property=\"og:type\" content=\"article\" \/>\n<meta property=\"og:title\" content=\"Mantienen acciones para reducir las brechas de desigualdad en el Municipio - Yucat\u00e1n en corto\" \/>\n<meta property=\"og:description\" content=\"M\u00e9rida, Yucat\u00e1n, 15 de mayo de 2024. Como parte de su compromiso de mejorar las condiciones de vida de la poblaci\u00f3n de M\u00e9rida y avanzar en el combate a la pobreza, el cabildo aprob\u00f3 la propuesta del Alcalde Alejandro Ruz Castro para realizar obras con recursos del Fondo de Aportaciones para la Infraestructura Social Municipal [&hellip;]\" \/>\n<meta property=\"og:url\" content=\"https:\/\/www.yucatanencorto.com\/noticias\/mantienen-acciones-para-reducir-las-brechas-de-desigualdad-en-el-municipio\/\" \/>\n<meta property=\"og:site_name\" content=\"Yucat\u00e1n en corto\" \/>\n<meta property=\"article:publisher\" content=\"http:\/\/www.facebook.com\/yucatanencorto\" \/>\n<meta property=\"article:published_time\" content=\"2024-05-16T01:01:49+00:00\" \/>\n<meta property=\"og:image\" content=\"https:\/\/www.yucatanencorto.com\/noticias\/wp-content\/uploads\/2024\/05\/150524-scaled.jpeg\" \/>\n\t<meta property=\"og:image:width\" content=\"768\" \/>\n\t<meta property=\"og:image:height\" content=\"512\" \/>\n\t<meta property=\"og:image:type\" content=\"image\/jpeg\" \/>\n<meta name=\"author\" content=\"Redes\" \/>\n<meta name=\"twitter:card\" content=\"summary_large_image\" \/>\n<meta name=\"twitter:creator\" content=\"@yucatanencorto\" \/>\n<meta name=\"twitter:site\" content=\"@yucatanencorto\" \/>\n<meta name=\"twitter:label1\" content=\"Escrito por\" \/>\n\t<meta name=\"twitter:data1\" content=\"Redes\" \/>\n\t<meta name=\"twitter:label2\" content=\"Tiempo de lectura\" \/>\n\t<meta name=\"twitter:data2\" content=\"3 minutos\" \/>\n<script type=\"application\/ld+json\" class=\"yoast-schema-graph\">{\"@context\":\"https:\\\/\\\/schema.org\",\"@graph\":[{\"@type\":\"Article\",\"@id\":\"https:\\\/\\\/www.yucatanencorto.com\\\/noticias\\\/mantienen-acciones-para-reducir-las-brechas-de-desigualdad-en-el-municipio\\\/#article\",\"isPartOf\":{\"@id\":\"https:\\\/\\\/www.yucatanencorto.com\\\/noticias\\\/mantienen-acciones-para-reducir-las-brechas-de-desigualdad-en-el-municipio\\\/\"},\"author\":{\"name\":\"Redes\",\"@id\":\"https:\\\/\\\/www.yucatanencorto.com\\\/noticias\\\/#\\\/schema\\\/person\\\/e2fbdfaf30a07014a43940ce989f3119\"},\"headline\":\"Mantienen acciones para reducir las brechas de desigualdad en el Municipio\",\"datePublished\":\"2024-05-16T01:01:49+00:00\",\"mainEntityOfPage\":{\"@id\":\"https:\\\/\\\/www.yucatanencorto.com\\\/noticias\\\/mantienen-acciones-para-reducir-las-brechas-de-desigualdad-en-el-municipio\\\/\"},\"wordCount\":598,\"image\":{\"@id\":\"https:\\\/\\\/www.yucatanencorto.com\\\/noticias\\\/mantienen-acciones-para-reducir-las-brechas-de-desigualdad-en-el-municipio\\\/#primaryimage\"},\"thumbnailUrl\":\"https:\\\/\\\/www.yucatanencorto.com\\\/noticias\\\/wp-content\\\/uploads\\\/2024\\\/05\\\/150524-scaled.jpeg\",\"articleSection\":[\"Yucat\u00e1n\"],\"inLanguage\":\"es\"},{\"@type\":\"WebPage\",\"@id\":\"https:\\\/\\\/www.yucatanencorto.com\\\/noticias\\\/mantienen-acciones-para-reducir-las-brechas-de-desigualdad-en-el-municipio\\\/\",\"url\":\"https:\\\/\\\/www.yucatanencorto.com\\\/noticias\\\/mantienen-acciones-para-reducir-las-brechas-de-desigualdad-en-el-municipio\\\/\",\"name\":\"Mantienen acciones para reducir las brechas de desigualdad en el Municipio - Yucat\u00e1n en corto\",\"isPartOf\":{\"@id\":\"https:\\\/\\\/www.yucatanencorto.com\\\/noticias\\\/#website\"},\"primaryImageOfPage\":{\"@id\":\"https:\\\/\\\/www.yucatanencorto.com\\\/noticias\\\/mantienen-acciones-para-reducir-las-brechas-de-desigualdad-en-el-municipio\\\/#primaryimage\"},\"image\":{\"@id\":\"https:\\\/\\\/www.yucatanencorto.com\\\/noticias\\\/mantienen-acciones-para-reducir-las-brechas-de-desigualdad-en-el-municipio\\\/#primaryimage\"},\"thumbnailUrl\":\"https:\\\/\\\/www.yucatanencorto.com\\\/noticias\\\/wp-content\\\/uploads\\\/2024\\\/05\\\/150524-scaled.jpeg\",\"datePublished\":\"2024-05-16T01:01:49+00:00\",\"author\":{\"@id\":\"https:\\\/\\\/www.yucatanencorto.com\\\/noticias\\\/#\\\/schema\\\/person\\\/e2fbdfaf30a07014a43940ce989f3119\"},\"breadcrumb\":{\"@id\":\"https:\\\/\\\/www.yucatanencorto.com\\\/noticias\\\/mantienen-acciones-para-reducir-las-brechas-de-desigualdad-en-el-municipio\\\/#breadcrumb\"},\"inLanguage\":\"es\",\"potentialAction\":[{\"@type\":\"ReadAction\",\"target\":[\"https:\\\/\\\/www.yucatanencorto.com\\\/noticias\\\/mantienen-acciones-para-reducir-las-brechas-de-desigualdad-en-el-municipio\\\/\"]}]},{\"@type\":\"ImageObject\",\"inLanguage\":\"es\",\"@id\":\"https:\\\/\\\/www.yucatanencorto.com\\\/noticias\\\/mantienen-acciones-para-reducir-las-brechas-de-desigualdad-en-el-municipio\\\/#primaryimage\",\"url\":\"https:\\\/\\\/www.yucatanencorto.com\\\/noticias\\\/wp-content\\\/uploads\\\/2024\\\/05\\\/150524-scaled.jpeg\",\"contentUrl\":\"https:\\\/\\\/www.yucatanencorto.com\\\/noticias\\\/wp-content\\\/uploads\\\/2024\\\/05\\\/150524-scaled.jpeg\",\"width\":768,\"height\":512},{\"@type\":\"BreadcrumbList\",\"@id\":\"https:\\\/\\\/www.yucatanencorto.com\\\/noticias\\\/mantienen-acciones-para-reducir-las-brechas-de-desigualdad-en-el-municipio\\\/#breadcrumb\",\"itemListElement\":[{\"@type\":\"ListItem\",\"position\":1,\"name\":\"Portada\",\"item\":\"https:\\\/\\\/www.yucatanencorto.com\\\/noticias\\\/\"},{\"@type\":\"ListItem\",\"position\":2,\"name\":\"Mantienen acciones para reducir las brechas de desigualdad en el Municipio\"}]},{\"@type\":\"WebSite\",\"@id\":\"https:\\\/\\\/www.yucatanencorto.com\\\/noticias\\\/#website\",\"url\":\"https:\\\/\\\/www.yucatanencorto.com\\\/noticias\\\/\",\"name\":\"Yucat\u00e1n en corto\",\"description\":\"Noticias\",\"potentialAction\":[{\"@type\":\"SearchAction\",\"target\":{\"@type\":\"EntryPoint\",\"urlTemplate\":\"https:\\\/\\\/www.yucatanencorto.com\\\/noticias\\\/?s={search_term_string}\"},\"query-input\":{\"@type\":\"PropertyValueSpecification\",\"valueRequired\":true,\"valueName\":\"search_term_string\"}}],\"inLanguage\":\"es\"},{\"@type\":\"Person\",\"@id\":\"https:\\\/\\\/www.yucatanencorto.com\\\/noticias\\\/#\\\/schema\\\/person\\\/e2fbdfaf30a07014a43940ce989f3119\",\"name\":\"Redes\",\"image\":{\"@type\":\"ImageObject\",\"inLanguage\":\"es\",\"@id\":\"https:\\\/\\\/secure.gravatar.com\\\/avatar\\\/5931a2d21dd7cc834f44c8c34fe56d90ed6d536ef452cbf870c7485b524dddd7?s=96&d=mm&r=g\",\"url\":\"https:\\\/\\\/secure.gravatar.com\\\/avatar\\\/5931a2d21dd7cc834f44c8c34fe56d90ed6d536ef452cbf870c7485b524dddd7?s=96&d=mm&r=g\",\"contentUrl\":\"https:\\\/\\\/secure.gravatar.com\\\/avatar\\\/5931a2d21dd7cc834f44c8c34fe56d90ed6d536ef452cbf870c7485b524dddd7?s=96&d=mm&r=g\",\"caption\":\"Redes\"},\"url\":\"https:\\\/\\\/www.yucatanencorto.com\\\/noticias\\\/author\\\/redes\\\/\"}]}<\/script>\n<!-- \/ Yoast SEO plugin. -->","yoast_head_json":{"title":"Mantienen acciones para reducir las brechas de desigualdad en el Municipio - Yucat\u00e1n en corto","robots":{"index":"index","follow":"follow","max-snippet":"max-snippet:-1","max-image-preview":"max-image-preview:large","max-video-preview":"max-video-preview:-1"},"canonical":"https:\/\/www.yucatanencorto.com\/noticias\/mantienen-acciones-para-reducir-las-brechas-de-desigualdad-en-el-municipio\/","og_locale":"es_ES","og_type":"article","og_title":"Mantienen acciones para reducir las brechas de desigualdad en el Municipio - Yucat\u00e1n en corto","og_description":"M\u00e9rida, Yucat\u00e1n, 15 de mayo de 2024. Como parte de su compromiso de mejorar las condiciones de vida de la poblaci\u00f3n de M\u00e9rida y avanzar en el combate a la pobreza, el cabildo aprob\u00f3 la propuesta del Alcalde Alejandro Ruz Castro para realizar obras con recursos del Fondo de Aportaciones para la Infraestructura Social Municipal [&hellip;]","og_url":"https:\/\/www.yucatanencorto.com\/noticias\/mantienen-acciones-para-reducir-las-brechas-de-desigualdad-en-el-municipio\/","og_site_name":"Yucat\u00e1n en corto","article_publisher":"http:\/\/www.facebook.com\/yucatanencorto","article_published_time":"2024-05-16T01:01:49+00:00","og_image":[{"width":768,"height":512,"url":"https:\/\/www.yucatanencorto.com\/noticias\/wp-content\/uploads\/2024\/05\/150524-scaled.jpeg","type":"image\/jpeg"}],"author":"Redes","twitter_card":"summary_large_image","twitter_creator":"@yucatanencorto","twitter_site":"@yucatanencorto","twitter_misc":{"Escrito por":"Redes","Tiempo de lectura":"3 minutos"},"schema":{"@context":"https:\/\/schema.org","@graph":[{"@type":"Article","@id":"https:\/\/www.yucatanencorto.com\/noticias\/mantienen-acciones-para-reducir-las-brechas-de-desigualdad-en-el-municipio\/#article","isPartOf":{"@id":"https:\/\/www.yucatanencorto.com\/noticias\/mantienen-acciones-para-reducir-las-brechas-de-desigualdad-en-el-municipio\/"},"author":{"name":"Redes","@id":"https:\/\/www.yucatanencorto.com\/noticias\/#\/schema\/person\/e2fbdfaf30a07014a43940ce989f3119"},"headline":"Mantienen acciones para reducir las brechas de desigualdad en el Municipio","datePublished":"2024-05-16T01:01:49+00:00","mainEntityOfPage":{"@id":"https:\/\/www.yucatanencorto.com\/noticias\/mantienen-acciones-para-reducir-las-brechas-de-desigualdad-en-el-municipio\/"},"wordCount":598,"image":{"@id":"https:\/\/www.yucatanencorto.com\/noticias\/mantienen-acciones-para-reducir-las-brechas-de-desigualdad-en-el-municipio\/#primaryimage"},"thumbnailUrl":"https:\/\/www.yucatanencorto.com\/noticias\/wp-content\/uploads\/2024\/05\/150524-scaled.jpeg","articleSection":["Yucat\u00e1n"],"inLanguage":"es"},{"@type":"WebPage","@id":"https:\/\/www.yucatanencorto.com\/noticias\/mantienen-acciones-para-reducir-las-brechas-de-desigualdad-en-el-municipio\/","url":"https:\/\/www.yucatanencorto.com\/noticias\/mantienen-acciones-para-reducir-las-brechas-de-desigualdad-en-el-municipio\/","name":"Mantienen acciones para reducir las brechas de desigualdad en el Municipio - Yucat\u00e1n en corto","isPartOf":{"@id":"https:\/\/www.yucatanencorto.com\/noticias\/#website"},"primaryImageOfPage":{"@id":"https:\/\/www.yucatanencorto.com\/noticias\/mantienen-acciones-para-reducir-las-brechas-de-desigualdad-en-el-municipio\/#primaryimage"},"image":{"@id":"https:\/\/www.yucatanencorto.com\/noticias\/mantienen-acciones-para-reducir-las-brechas-de-desigualdad-en-el-municipio\/#primaryimage"},"thumbnailUrl":"https:\/\/www.yucatanencorto.com\/noticias\/wp-content\/uploads\/2024\/05\/150524-scaled.jpeg","datePublished":"2024-05-16T01:01:49+00:00","author":{"@id":"https:\/\/www.yucatanencorto.com\/noticias\/#\/schema\/person\/e2fbdfaf30a07014a43940ce989f3119"},"breadcrumb":{"@id":"https:\/\/www.yucatanencorto.com\/noticias\/mantienen-acciones-para-reducir-las-brechas-de-desigualdad-en-el-municipio\/#breadcrumb"},"inLanguage":"es","potentialAction":[{"@type":"ReadAction","target":["https:\/\/www.yucatanencorto.com\/noticias\/mantienen-acciones-para-reducir-las-brechas-de-desigualdad-en-el-municipio\/"]}]},{"@type":"ImageObject","inLanguage":"es","@id":"https:\/\/www.yucatanencorto.com\/noticias\/mantienen-acciones-para-reducir-las-brechas-de-desigualdad-en-el-municipio\/#primaryimage","url":"https:\/\/www.yucatanencorto.com\/noticias\/wp-content\/uploads\/2024\/05\/150524-scaled.jpeg","contentUrl":"https:\/\/www.yucatanencorto.com\/noticias\/wp-content\/uploads\/2024\/05\/150524-scaled.jpeg","width":768,"height":512},{"@type":"BreadcrumbList","@id":"https:\/\/www.yucatanencorto.com\/noticias\/mantienen-acciones-para-reducir-las-brechas-de-desigualdad-en-el-municipio\/#breadcrumb","itemListElement":[{"@type":"ListItem","position":1,"name":"Portada","item":"https:\/\/www.yucatanencorto.com\/noticias\/"},{"@type":"ListItem","position":2,"name":"Mantienen acciones para reducir las brechas de desigualdad en el Municipio"}]},{"@type":"WebSite","@id":"https:\/\/www.yucatanencorto.com\/noticias\/#website","url":"https:\/\/www.yucatanencorto.com\/noticias\/","name":"Yucat\u00e1n en corto","description":"Noticias","potentialAction":[{"@type":"SearchAction","target":{"@type":"EntryPoint","urlTemplate":"https:\/\/www.yucatanencorto.com\/noticias\/?s={search_term_string}"},"query-input":{"@type":"PropertyValueSpecification","valueRequired":true,"valueName":"search_term_string"}}],"inLanguage":"es"},{"@type":"Person","@id":"https:\/\/www.yucatanencorto.com\/noticias\/#\/schema\/person\/e2fbdfaf30a07014a43940ce989f3119","name":"Redes","image":{"@type":"ImageObject","inLanguage":"es","@id":"https:\/\/secure.gravatar.com\/avatar\/5931a2d21dd7cc834f44c8c34fe56d90ed6d536ef452cbf870c7485b524dddd7?s=96&d=mm&r=g","url":"https:\/\/secure.gravatar.com\/avatar\/5931a2d21dd7cc834f44c8c34fe56d90ed6d536ef452cbf870c7485b524dddd7?s=96&d=mm&r=g","contentUrl":"https:\/\/secure.gravatar.com\/avatar\/5931a2d21dd7cc834f44c8c34fe56d90ed6d536ef452cbf870c7485b524dddd7?s=96&d=mm&r=g","caption":"Redes"},"url":"https:\/\/www.yucatanencorto.com\/noticias\/author\/redes\/"}]}},"_links":{"self":[{"href":"https:\/\/www.yucatanencorto.com\/noticias\/wp-json\/wp\/v2\/posts\/110158","targetHints":{"allow":["GET"]}}],"collection":[{"href":"https:\/\/www.yucatanencorto.com\/noticias\/wp-json\/wp\/v2\/posts"}],"about":[{"href":"https:\/\/www.yucatanencorto.com\/noticias\/wp-json\/wp\/v2\/types\/post"}],"author":[{"embeddable":true,"href":"https:\/\/www.yucatanencorto.com\/noticias\/wp-json\/wp\/v2\/users\/3"}],"replies":[{"embeddable":true,"href":"https:\/\/www.yucatanencorto.com\/noticias\/wp-json\/wp\/v2\/comments?post=110158"}],"version-history":[{"count":0,"href":"https:\/\/www.yucatanencorto.com\/noticias\/wp-json\/wp\/v2\/posts\/110158\/revisions"}],"wp:featuredmedia":[{"embeddable":true,"href":"https:\/\/www.yucatanencorto.com\/noticias\/wp-json\/wp\/v2\/media\/110159"}],"wp:attachment":[{"href":"https:\/\/www.yucatanencorto.com\/noticias\/wp-json\/wp\/v2\/media?parent=110158"}],"wp:term":[{"taxonomy":"category","embeddable":true,"href":"https:\/\/www.yucatanencorto.com\/noticias\/wp-json\/wp\/v2\/categories?post=110158"},{"taxonomy":"post_tag","embeddable":true,"href":"https:\/\/www.yucatanencorto.com\/noticias\/wp-json\/wp\/v2\/tags?post=110158"}],"curies":[{"name":"wp","href":"https:\/\/api.w.org\/{rel}","templated":true}]}}