{"id":110167,"date":"2024-05-16T18:57:15","date_gmt":"2024-05-17T00:57:15","guid":{"rendered":"https:\/\/www.yucatanencorto.com\/noticias\/?p=110167"},"modified":"2024-05-16T18:57:15","modified_gmt":"2024-05-17T00:57:15","slug":"refrendan-compromiso-con-el-cuidado-ambiental-y-el-combate-al-cambio-climatico","status":"publish","type":"post","link":"https:\/\/www.yucatanencorto.com\/noticias\/refrendan-compromiso-con-el-cuidado-ambiental-y-el-combate-al-cambio-climatico\/","title":{"rendered":"Refrendan compromiso con el cuidado ambiental y el combate al cambio clim\u00e1tico."},"content":{"rendered":"<p><img loading=\"lazy\" decoding=\"async\" class=\"alignnone size-full wp-image-110168\" src=\"https:\/\/www.yucatanencorto.com\/noticias\/wp-content\/uploads\/2024\/05\/IMG-20240516-WA0053-scaled.jpg\" alt=\"\" width=\"768\" height=\"466\" srcset=\"https:\/\/www.yucatanencorto.com\/noticias\/wp-content\/uploads\/2024\/05\/IMG-20240516-WA0053-scaled.jpg 768w, https:\/\/www.yucatanencorto.com\/noticias\/wp-content\/uploads\/2024\/05\/IMG-20240516-WA0053-150x91.jpg 150w, https:\/\/www.yucatanencorto.com\/noticias\/wp-content\/uploads\/2024\/05\/IMG-20240516-WA0053-300x182.jpg 300w, https:\/\/www.yucatanencorto.com\/noticias\/wp-content\/uploads\/2024\/05\/IMG-20240516-WA0053-696x422.jpg 696w, https:\/\/www.yucatanencorto.com\/noticias\/wp-content\/uploads\/2024\/05\/IMG-20240516-WA0053-1068x648.jpg 1068w\" sizes=\"auto, (max-width: 768px) 100vw, 768px\" \/><\/p>\n<p>&nbsp;<\/p>\n<p>M\u00e9rida, Yucat\u00e1n, 16 de mayo de 2024.- Con el apoyo de la ciudadan\u00eda, el Ayuntamiento trabaja en la consolidaci\u00f3n de una M\u00e9rida m\u00e1s sustentable para fomentar el uso de energ\u00edas limpias y renovables, evitando as\u00ed la emisi\u00f3n de contaminantes a la atm\u00f3sfera y promoviendo el desarrollo sostenible de la ciudad, lo cual incide en una mejor calidad de vida para todas y todos los habitantes del municipio, asegur\u00f3 el Alcalde Alejandro Ruz Castro.<\/p>\n<p>\u00abEl avance que hemos tenido en estos \u00faltimos diez a\u00f1os en materia de sustentabilidad, se ha logrado a trav\u00e9s de un proceso participativo en el que contribuyen los gobiernos estatal y municipal, as\u00ed como diferentes sectores de la sociedad civil organizada, la iniciativa privada y agrupaciones que trabajan en el tema y que han sumado esfuerzos para consolidar a M\u00e9rida como una ciudad sustentable\u00bb, indic\u00f3.<\/p>\n<p>En ese sentido, Ruz Castro dijo que una de las iniciativas impulsadas por el Ayuntamiento que est\u00e1 alcanzando mayor inter\u00e9s entre la ciudadan\u00eda, es el programa de Est\u00edmulos a las Acciones ante el Cambio Clim\u00e1tico, que otorga un descuento fiscal del 15% sobre el monto principal del impuesto predial, base valor catastral, a propietarios que utilicen en sus hogares o negocios paneles solares o alguna alternativa sustentable como las Azoteas Verdes.<\/p>\n<p>\u00abDesde el 2021 hasta la fecha, hemos recibido alrededor de dos mil solicitudes de propietarios de viviendas y comercios con paneles solares, de los cuales se han aprobado 1,480 debido a que cumplieron con los requisitos para ser acreedores a este incentivo\u00bb, coment\u00f3.<\/p>\n<p>Del total de las solicitudes, abund\u00f3, 1,448 corresponden a residencias y 32 a comercios, beneficiando a 4,405 personas.<\/p>\n<p>El Presidente Municipal se\u00f1al\u00f3 que esta iniciativa, junto con otras pr\u00e1cticas sustentables que se aplican en la ciudad a trav\u00e9s de la Unidad de Desarrollo Sustentable, hace que M\u00e9rida sea reconocida hoy en d\u00eda en el pa\u00eds como una ciudad comprometida con el cuidado del medio ambiente y l\u00edder en la adopci\u00f3n y uso de tecnolog\u00edas limpias.<\/p>\n<p>\u00abUna constante del gobierno municipal es el acompa\u00f1amiento de la sociedad a trav\u00e9s de consejos de participaci\u00f3n, acci\u00f3n que contribuye a impulsar mecanismos que nos permitan generar condiciones que ayuden al medio ambiente, reduzcan las emisiones de CO2 y mitiguen los efectos del cambio clim\u00e1tico en M\u00e9rida\u00bb, indic\u00f3.<\/p>\n<p>A\u00f1adi\u00f3 que la sustentabilidad se promueve de manera integral, como una estrategia para proveer a los habitantes del municipio una mejor calidad de vida.<\/p>\n<p>En este tema record\u00f3 que 91 de los edificios administrativos del Ayuntamiento cuentan con paneles solares, el 55% del total de energ\u00eda del Municipio se adquiere a trav\u00e9s de energ\u00edas limpias.<\/p>\n<p>Finalmente, remarc\u00f3 que promover el uso de estas energ\u00edas representa un ahorro en la econom\u00eda de las familias al pagar menos por el uso de electricidad, a la par de que es un factor decisivo para reducir la emisi\u00f3n de gases de efecto invernadero. Esto contribuir\u00e1 a que M\u00e9rida se mantenga firme en la ruta trazada hacia la sustentabilidad.<\/p>\n","protected":false},"excerpt":{"rendered":"<p>&nbsp; M\u00e9rida, Yucat\u00e1n, 16 de mayo de 2024.- Con el apoyo de la ciudadan\u00eda, el Ayuntamiento trabaja en la consolidaci\u00f3n de una M\u00e9rida m\u00e1s sustentable para fomentar el uso de energ\u00edas limpias y renovables, evitando as\u00ed la emisi\u00f3n de contaminantes a la atm\u00f3sfera y promoviendo el desarrollo sostenible de la ciudad, lo cual incide en [&hellip;]<\/p>\n","protected":false},"author":3,"featured_media":110168,"comment_status":"closed","ping_status":"closed","sticky":false,"template":"","format":"standard","meta":{"footnotes":""},"categories":[3],"tags":[],"class_list":{"0":"post-110167","1":"post","2":"type-post","3":"status-publish","4":"format-standard","5":"has-post-thumbnail","7":"category-yucatan"},"yoast_head":"<!-- This site is optimized with the Yoast SEO plugin v27.5 - https:\/\/yoast.com\/product\/yoast-seo-wordpress\/ -->\n<title>Refrendan compromiso con el cuidado ambiental y el combate al cambio clim\u00e1tico. - Yucat\u00e1n en corto<\/title>\n<meta name=\"robots\" content=\"index, follow, max-snippet:-1, max-image-preview:large, max-video-preview:-1\" \/>\n<link rel=\"canonical\" href=\"https:\/\/www.yucatanencorto.com\/noticias\/refrendan-compromiso-con-el-cuidado-ambiental-y-el-combate-al-cambio-climatico\/\" \/>\n<meta property=\"og:locale\" content=\"es_ES\" \/>\n<meta property=\"og:type\" content=\"article\" \/>\n<meta property=\"og:title\" content=\"Refrendan compromiso con el cuidado ambiental y el combate al cambio clim\u00e1tico. - Yucat\u00e1n en corto\" \/>\n<meta property=\"og:description\" content=\"&nbsp; M\u00e9rida, Yucat\u00e1n, 16 de mayo de 2024.- Con el apoyo de la ciudadan\u00eda, el Ayuntamiento trabaja en la consolidaci\u00f3n de una M\u00e9rida m\u00e1s sustentable para fomentar el uso de energ\u00edas limpias y renovables, evitando as\u00ed la emisi\u00f3n de contaminantes a la atm\u00f3sfera y promoviendo el desarrollo sostenible de la ciudad, lo cual incide en [&hellip;]\" \/>\n<meta property=\"og:url\" content=\"https:\/\/www.yucatanencorto.com\/noticias\/refrendan-compromiso-con-el-cuidado-ambiental-y-el-combate-al-cambio-climatico\/\" \/>\n<meta property=\"og:site_name\" content=\"Yucat\u00e1n en corto\" \/>\n<meta property=\"article:publisher\" content=\"http:\/\/www.facebook.com\/yucatanencorto\" \/>\n<meta property=\"article:published_time\" content=\"2024-05-17T00:57:15+00:00\" \/>\n<meta property=\"og:image\" content=\"https:\/\/www.yucatanencorto.com\/noticias\/wp-content\/uploads\/2024\/05\/IMG-20240516-WA0053-scaled.jpg\" \/>\n\t<meta property=\"og:image:width\" content=\"768\" \/>\n\t<meta property=\"og:image:height\" content=\"466\" \/>\n\t<meta property=\"og:image:type\" content=\"image\/jpeg\" \/>\n<meta name=\"author\" content=\"Redes\" \/>\n<meta name=\"twitter:card\" content=\"summary_large_image\" \/>\n<meta name=\"twitter:creator\" content=\"@yucatanencorto\" \/>\n<meta name=\"twitter:site\" content=\"@yucatanencorto\" \/>\n<meta name=\"twitter:label1\" content=\"Escrito por\" \/>\n\t<meta name=\"twitter:data1\" content=\"Redes\" \/>\n\t<meta name=\"twitter:label2\" content=\"Tiempo de lectura\" \/>\n\t<meta name=\"twitter:data2\" content=\"3 minutos\" \/>\n<script type=\"application\/ld+json\" class=\"yoast-schema-graph\">{\"@context\":\"https:\\\/\\\/schema.org\",\"@graph\":[{\"@type\":\"Article\",\"@id\":\"https:\\\/\\\/www.yucatanencorto.com\\\/noticias\\\/refrendan-compromiso-con-el-cuidado-ambiental-y-el-combate-al-cambio-climatico\\\/#article\",\"isPartOf\":{\"@id\":\"https:\\\/\\\/www.yucatanencorto.com\\\/noticias\\\/refrendan-compromiso-con-el-cuidado-ambiental-y-el-combate-al-cambio-climatico\\\/\"},\"author\":{\"name\":\"Redes\",\"@id\":\"https:\\\/\\\/www.yucatanencorto.com\\\/noticias\\\/#\\\/schema\\\/person\\\/e2fbdfaf30a07014a43940ce989f3119\"},\"headline\":\"Refrendan compromiso con el cuidado ambiental y el combate al cambio clim\u00e1tico.\",\"datePublished\":\"2024-05-17T00:57:15+00:00\",\"mainEntityOfPage\":{\"@id\":\"https:\\\/\\\/www.yucatanencorto.com\\\/noticias\\\/refrendan-compromiso-con-el-cuidado-ambiental-y-el-combate-al-cambio-climatico\\\/\"},\"wordCount\":533,\"image\":{\"@id\":\"https:\\\/\\\/www.yucatanencorto.com\\\/noticias\\\/refrendan-compromiso-con-el-cuidado-ambiental-y-el-combate-al-cambio-climatico\\\/#primaryimage\"},\"thumbnailUrl\":\"https:\\\/\\\/www.yucatanencorto.com\\\/noticias\\\/wp-content\\\/uploads\\\/2024\\\/05\\\/IMG-20240516-WA0053-scaled.jpg\",\"articleSection\":[\"Yucat\u00e1n\"],\"inLanguage\":\"es\"},{\"@type\":\"WebPage\",\"@id\":\"https:\\\/\\\/www.yucatanencorto.com\\\/noticias\\\/refrendan-compromiso-con-el-cuidado-ambiental-y-el-combate-al-cambio-climatico\\\/\",\"url\":\"https:\\\/\\\/www.yucatanencorto.com\\\/noticias\\\/refrendan-compromiso-con-el-cuidado-ambiental-y-el-combate-al-cambio-climatico\\\/\",\"name\":\"Refrendan compromiso con el cuidado ambiental y el combate al cambio clim\u00e1tico. - Yucat\u00e1n en corto\",\"isPartOf\":{\"@id\":\"https:\\\/\\\/www.yucatanencorto.com\\\/noticias\\\/#website\"},\"primaryImageOfPage\":{\"@id\":\"https:\\\/\\\/www.yucatanencorto.com\\\/noticias\\\/refrendan-compromiso-con-el-cuidado-ambiental-y-el-combate-al-cambio-climatico\\\/#primaryimage\"},\"image\":{\"@id\":\"https:\\\/\\\/www.yucatanencorto.com\\\/noticias\\\/refrendan-compromiso-con-el-cuidado-ambiental-y-el-combate-al-cambio-climatico\\\/#primaryimage\"},\"thumbnailUrl\":\"https:\\\/\\\/www.yucatanencorto.com\\\/noticias\\\/wp-content\\\/uploads\\\/2024\\\/05\\\/IMG-20240516-WA0053-scaled.jpg\",\"datePublished\":\"2024-05-17T00:57:15+00:00\",\"author\":{\"@id\":\"https:\\\/\\\/www.yucatanencorto.com\\\/noticias\\\/#\\\/schema\\\/person\\\/e2fbdfaf30a07014a43940ce989f3119\"},\"breadcrumb\":{\"@id\":\"https:\\\/\\\/www.yucatanencorto.com\\\/noticias\\\/refrendan-compromiso-con-el-cuidado-ambiental-y-el-combate-al-cambio-climatico\\\/#breadcrumb\"},\"inLanguage\":\"es\",\"potentialAction\":[{\"@type\":\"ReadAction\",\"target\":[\"https:\\\/\\\/www.yucatanencorto.com\\\/noticias\\\/refrendan-compromiso-con-el-cuidado-ambiental-y-el-combate-al-cambio-climatico\\\/\"]}]},{\"@type\":\"ImageObject\",\"inLanguage\":\"es\",\"@id\":\"https:\\\/\\\/www.yucatanencorto.com\\\/noticias\\\/refrendan-compromiso-con-el-cuidado-ambiental-y-el-combate-al-cambio-climatico\\\/#primaryimage\",\"url\":\"https:\\\/\\\/www.yucatanencorto.com\\\/noticias\\\/wp-content\\\/uploads\\\/2024\\\/05\\\/IMG-20240516-WA0053-scaled.jpg\",\"contentUrl\":\"https:\\\/\\\/www.yucatanencorto.com\\\/noticias\\\/wp-content\\\/uploads\\\/2024\\\/05\\\/IMG-20240516-WA0053-scaled.jpg\",\"width\":768,\"height\":466},{\"@type\":\"BreadcrumbList\",\"@id\":\"https:\\\/\\\/www.yucatanencorto.com\\\/noticias\\\/refrendan-compromiso-con-el-cuidado-ambiental-y-el-combate-al-cambio-climatico\\\/#breadcrumb\",\"itemListElement\":[{\"@type\":\"ListItem\",\"position\":1,\"name\":\"Portada\",\"item\":\"https:\\\/\\\/www.yucatanencorto.com\\\/noticias\\\/\"},{\"@type\":\"ListItem\",\"position\":2,\"name\":\"Refrendan compromiso con el cuidado ambiental y el combate al cambio clim\u00e1tico.\"}]},{\"@type\":\"WebSite\",\"@id\":\"https:\\\/\\\/www.yucatanencorto.com\\\/noticias\\\/#website\",\"url\":\"https:\\\/\\\/www.yucatanencorto.com\\\/noticias\\\/\",\"name\":\"Yucat\u00e1n en corto\",\"description\":\"Noticias\",\"potentialAction\":[{\"@type\":\"SearchAction\",\"target\":{\"@type\":\"EntryPoint\",\"urlTemplate\":\"https:\\\/\\\/www.yucatanencorto.com\\\/noticias\\\/?s={search_term_string}\"},\"query-input\":{\"@type\":\"PropertyValueSpecification\",\"valueRequired\":true,\"valueName\":\"search_term_string\"}}],\"inLanguage\":\"es\"},{\"@type\":\"Person\",\"@id\":\"https:\\\/\\\/www.yucatanencorto.com\\\/noticias\\\/#\\\/schema\\\/person\\\/e2fbdfaf30a07014a43940ce989f3119\",\"name\":\"Redes\",\"image\":{\"@type\":\"ImageObject\",\"inLanguage\":\"es\",\"@id\":\"https:\\\/\\\/secure.gravatar.com\\\/avatar\\\/5931a2d21dd7cc834f44c8c34fe56d90ed6d536ef452cbf870c7485b524dddd7?s=96&d=mm&r=g\",\"url\":\"https:\\\/\\\/secure.gravatar.com\\\/avatar\\\/5931a2d21dd7cc834f44c8c34fe56d90ed6d536ef452cbf870c7485b524dddd7?s=96&d=mm&r=g\",\"contentUrl\":\"https:\\\/\\\/secure.gravatar.com\\\/avatar\\\/5931a2d21dd7cc834f44c8c34fe56d90ed6d536ef452cbf870c7485b524dddd7?s=96&d=mm&r=g\",\"caption\":\"Redes\"},\"url\":\"https:\\\/\\\/www.yucatanencorto.com\\\/noticias\\\/author\\\/redes\\\/\"}]}<\/script>\n<!-- \/ Yoast SEO plugin. -->","yoast_head_json":{"title":"Refrendan compromiso con el cuidado ambiental y el combate al cambio clim\u00e1tico. - Yucat\u00e1n en corto","robots":{"index":"index","follow":"follow","max-snippet":"max-snippet:-1","max-image-preview":"max-image-preview:large","max-video-preview":"max-video-preview:-1"},"canonical":"https:\/\/www.yucatanencorto.com\/noticias\/refrendan-compromiso-con-el-cuidado-ambiental-y-el-combate-al-cambio-climatico\/","og_locale":"es_ES","og_type":"article","og_title":"Refrendan compromiso con el cuidado ambiental y el combate al cambio clim\u00e1tico. - Yucat\u00e1n en corto","og_description":"&nbsp; M\u00e9rida, Yucat\u00e1n, 16 de mayo de 2024.- Con el apoyo de la ciudadan\u00eda, el Ayuntamiento trabaja en la consolidaci\u00f3n de una M\u00e9rida m\u00e1s sustentable para fomentar el uso de energ\u00edas limpias y renovables, evitando as\u00ed la emisi\u00f3n de contaminantes a la atm\u00f3sfera y promoviendo el desarrollo sostenible de la ciudad, lo cual incide en [&hellip;]","og_url":"https:\/\/www.yucatanencorto.com\/noticias\/refrendan-compromiso-con-el-cuidado-ambiental-y-el-combate-al-cambio-climatico\/","og_site_name":"Yucat\u00e1n en corto","article_publisher":"http:\/\/www.facebook.com\/yucatanencorto","article_published_time":"2024-05-17T00:57:15+00:00","og_image":[{"width":768,"height":466,"url":"https:\/\/www.yucatanencorto.com\/noticias\/wp-content\/uploads\/2024\/05\/IMG-20240516-WA0053-scaled.jpg","type":"image\/jpeg"}],"author":"Redes","twitter_card":"summary_large_image","twitter_creator":"@yucatanencorto","twitter_site":"@yucatanencorto","twitter_misc":{"Escrito por":"Redes","Tiempo de lectura":"3 minutos"},"schema":{"@context":"https:\/\/schema.org","@graph":[{"@type":"Article","@id":"https:\/\/www.yucatanencorto.com\/noticias\/refrendan-compromiso-con-el-cuidado-ambiental-y-el-combate-al-cambio-climatico\/#article","isPartOf":{"@id":"https:\/\/www.yucatanencorto.com\/noticias\/refrendan-compromiso-con-el-cuidado-ambiental-y-el-combate-al-cambio-climatico\/"},"author":{"name":"Redes","@id":"https:\/\/www.yucatanencorto.com\/noticias\/#\/schema\/person\/e2fbdfaf30a07014a43940ce989f3119"},"headline":"Refrendan compromiso con el cuidado ambiental y el combate al cambio clim\u00e1tico.","datePublished":"2024-05-17T00:57:15+00:00","mainEntityOfPage":{"@id":"https:\/\/www.yucatanencorto.com\/noticias\/refrendan-compromiso-con-el-cuidado-ambiental-y-el-combate-al-cambio-climatico\/"},"wordCount":533,"image":{"@id":"https:\/\/www.yucatanencorto.com\/noticias\/refrendan-compromiso-con-el-cuidado-ambiental-y-el-combate-al-cambio-climatico\/#primaryimage"},"thumbnailUrl":"https:\/\/www.yucatanencorto.com\/noticias\/wp-content\/uploads\/2024\/05\/IMG-20240516-WA0053-scaled.jpg","articleSection":["Yucat\u00e1n"],"inLanguage":"es"},{"@type":"WebPage","@id":"https:\/\/www.yucatanencorto.com\/noticias\/refrendan-compromiso-con-el-cuidado-ambiental-y-el-combate-al-cambio-climatico\/","url":"https:\/\/www.yucatanencorto.com\/noticias\/refrendan-compromiso-con-el-cuidado-ambiental-y-el-combate-al-cambio-climatico\/","name":"Refrendan compromiso con el cuidado ambiental y el combate al cambio clim\u00e1tico. - Yucat\u00e1n en corto","isPartOf":{"@id":"https:\/\/www.yucatanencorto.com\/noticias\/#website"},"primaryImageOfPage":{"@id":"https:\/\/www.yucatanencorto.com\/noticias\/refrendan-compromiso-con-el-cuidado-ambiental-y-el-combate-al-cambio-climatico\/#primaryimage"},"image":{"@id":"https:\/\/www.yucatanencorto.com\/noticias\/refrendan-compromiso-con-el-cuidado-ambiental-y-el-combate-al-cambio-climatico\/#primaryimage"},"thumbnailUrl":"https:\/\/www.yucatanencorto.com\/noticias\/wp-content\/uploads\/2024\/05\/IMG-20240516-WA0053-scaled.jpg","datePublished":"2024-05-17T00:57:15+00:00","author":{"@id":"https:\/\/www.yucatanencorto.com\/noticias\/#\/schema\/person\/e2fbdfaf30a07014a43940ce989f3119"},"breadcrumb":{"@id":"https:\/\/www.yucatanencorto.com\/noticias\/refrendan-compromiso-con-el-cuidado-ambiental-y-el-combate-al-cambio-climatico\/#breadcrumb"},"inLanguage":"es","potentialAction":[{"@type":"ReadAction","target":["https:\/\/www.yucatanencorto.com\/noticias\/refrendan-compromiso-con-el-cuidado-ambiental-y-el-combate-al-cambio-climatico\/"]}]},{"@type":"ImageObject","inLanguage":"es","@id":"https:\/\/www.yucatanencorto.com\/noticias\/refrendan-compromiso-con-el-cuidado-ambiental-y-el-combate-al-cambio-climatico\/#primaryimage","url":"https:\/\/www.yucatanencorto.com\/noticias\/wp-content\/uploads\/2024\/05\/IMG-20240516-WA0053-scaled.jpg","contentUrl":"https:\/\/www.yucatanencorto.com\/noticias\/wp-content\/uploads\/2024\/05\/IMG-20240516-WA0053-scaled.jpg","width":768,"height":466},{"@type":"BreadcrumbList","@id":"https:\/\/www.yucatanencorto.com\/noticias\/refrendan-compromiso-con-el-cuidado-ambiental-y-el-combate-al-cambio-climatico\/#breadcrumb","itemListElement":[{"@type":"ListItem","position":1,"name":"Portada","item":"https:\/\/www.yucatanencorto.com\/noticias\/"},{"@type":"ListItem","position":2,"name":"Refrendan compromiso con el cuidado ambiental y el combate al cambio clim\u00e1tico."}]},{"@type":"WebSite","@id":"https:\/\/www.yucatanencorto.com\/noticias\/#website","url":"https:\/\/www.yucatanencorto.com\/noticias\/","name":"Yucat\u00e1n en corto","description":"Noticias","potentialAction":[{"@type":"SearchAction","target":{"@type":"EntryPoint","urlTemplate":"https:\/\/www.yucatanencorto.com\/noticias\/?s={search_term_string}"},"query-input":{"@type":"PropertyValueSpecification","valueRequired":true,"valueName":"search_term_string"}}],"inLanguage":"es"},{"@type":"Person","@id":"https:\/\/www.yucatanencorto.com\/noticias\/#\/schema\/person\/e2fbdfaf30a07014a43940ce989f3119","name":"Redes","image":{"@type":"ImageObject","inLanguage":"es","@id":"https:\/\/secure.gravatar.com\/avatar\/5931a2d21dd7cc834f44c8c34fe56d90ed6d536ef452cbf870c7485b524dddd7?s=96&d=mm&r=g","url":"https:\/\/secure.gravatar.com\/avatar\/5931a2d21dd7cc834f44c8c34fe56d90ed6d536ef452cbf870c7485b524dddd7?s=96&d=mm&r=g","contentUrl":"https:\/\/secure.gravatar.com\/avatar\/5931a2d21dd7cc834f44c8c34fe56d90ed6d536ef452cbf870c7485b524dddd7?s=96&d=mm&r=g","caption":"Redes"},"url":"https:\/\/www.yucatanencorto.com\/noticias\/author\/redes\/"}]}},"_links":{"self":[{"href":"https:\/\/www.yucatanencorto.com\/noticias\/wp-json\/wp\/v2\/posts\/110167","targetHints":{"allow":["GET"]}}],"collection":[{"href":"https:\/\/www.yucatanencorto.com\/noticias\/wp-json\/wp\/v2\/posts"}],"about":[{"href":"https:\/\/www.yucatanencorto.com\/noticias\/wp-json\/wp\/v2\/types\/post"}],"author":[{"embeddable":true,"href":"https:\/\/www.yucatanencorto.com\/noticias\/wp-json\/wp\/v2\/users\/3"}],"replies":[{"embeddable":true,"href":"https:\/\/www.yucatanencorto.com\/noticias\/wp-json\/wp\/v2\/comments?post=110167"}],"version-history":[{"count":0,"href":"https:\/\/www.yucatanencorto.com\/noticias\/wp-json\/wp\/v2\/posts\/110167\/revisions"}],"wp:featuredmedia":[{"embeddable":true,"href":"https:\/\/www.yucatanencorto.com\/noticias\/wp-json\/wp\/v2\/media\/110168"}],"wp:attachment":[{"href":"https:\/\/www.yucatanencorto.com\/noticias\/wp-json\/wp\/v2\/media?parent=110167"}],"wp:term":[{"taxonomy":"category","embeddable":true,"href":"https:\/\/www.yucatanencorto.com\/noticias\/wp-json\/wp\/v2\/categories?post=110167"},{"taxonomy":"post_tag","embeddable":true,"href":"https:\/\/www.yucatanencorto.com\/noticias\/wp-json\/wp\/v2\/tags?post=110167"}],"curies":[{"name":"wp","href":"https:\/\/api.w.org\/{rel}","templated":true}]}}