{"id":110190,"date":"2024-05-22T15:17:00","date_gmt":"2024-05-22T21:17:00","guid":{"rendered":"https:\/\/www.yucatanencorto.com\/noticias\/?p=110190"},"modified":"2024-05-22T15:17:00","modified_gmt":"2024-05-22T21:17:00","slug":"se-expedira-la-ley-para-la-prevencion-social-de-la-violencia-y-la-delincuencia-del-estado-de-yucatan","status":"publish","type":"post","link":"https:\/\/www.yucatanencorto.com\/noticias\/se-expedira-la-ley-para-la-prevencion-social-de-la-violencia-y-la-delincuencia-del-estado-de-yucatan\/","title":{"rendered":"Se expedir\u00e1 la Ley para la Prevenci\u00f3n Social de la Violencia y la Delincuencia del Estado de Yucat\u00e1n"},"content":{"rendered":"<p><img loading=\"lazy\" decoding=\"async\" class=\"alignnone size-full wp-image-110191\" src=\"https:\/\/www.yucatanencorto.com\/noticias\/wp-content\/uploads\/2024\/05\/IMG-20240522-WA0026-scaled.jpg\" alt=\"\" width=\"768\" height=\"512\" srcset=\"https:\/\/www.yucatanencorto.com\/noticias\/wp-content\/uploads\/2024\/05\/IMG-20240522-WA0026-scaled.jpg 768w, https:\/\/www.yucatanencorto.com\/noticias\/wp-content\/uploads\/2024\/05\/IMG-20240522-WA0026-150x100.jpg 150w, https:\/\/www.yucatanencorto.com\/noticias\/wp-content\/uploads\/2024\/05\/IMG-20240522-WA0026-300x200.jpg 300w, https:\/\/www.yucatanencorto.com\/noticias\/wp-content\/uploads\/2024\/05\/IMG-20240522-WA0026-696x464.jpg 696w, https:\/\/www.yucatanencorto.com\/noticias\/wp-content\/uploads\/2024\/05\/IMG-20240522-WA0026-1068x712.jpg 1068w\" sizes=\"auto, (max-width: 768px) 100vw, 768px\" \/><\/p>\n<p>M\u00e9rida, Yucat\u00e1n a 22 de mayo de 2024<\/p>\n<p>&nbsp;<\/p>\n<p>&nbsp;<\/p>\n<p>Con el objetivo de fortalecer el tejido social mediante pol\u00edticas p\u00fablicas que aborden la prevenci\u00f3n de delitos y la atenci\u00f3n a las adicciones, las y los diputados de la LXIII Legislatura aprobaron por unanimidad el dictamen de la iniciativa enviada por el Gobierno del Estado para expedir la Ley para la Prevenci\u00f3n Social de la Violencia y la Delincuencia y modificar la Ley de Prevenci\u00f3n Integral de las Adicciones.<\/p>\n<p>&nbsp;<\/p>\n<p>En la sesi\u00f3n ordinaria de este mi\u00e9rcoles, la diputada Carmen Gonz\u00e1lez Mart\u00edn explic\u00f3 que la Ley consta de 41 art\u00edculos y 4 transitorios, a fin de combatir la delincuencia, violencia y adicciones con el compromiso y colaboraci\u00f3n de todos los sectores de la sociedad.<\/p>\n<p>&nbsp;<\/p>\n<p>\u201cMediante un exhaustivo an\u00e1lisis y la recepci\u00f3n de propuestas de las y los integrantes de la Comisi\u00f3n, pudimos integrar un producto legislativo que responde a las necesidades de la sociedad yucateca en materia de prevenci\u00f3n del delito y atenci\u00f3n de las adicciones\u201d, dijo.<\/p>\n<p>&nbsp;<\/p>\n<p>Gonz\u00e1lez Mart\u00edn enfatiz\u00f3 la importancia de construir un futuro m\u00e1s seguro y pr\u00f3spero para las comunidades yucatecas, \u201cy se contin\u00fae siendo ejemplo para que otros estados repliquen lo que se hace aqu\u00ed, en materia de seguridad\u201d.<\/p>\n<p>&nbsp;<\/p>\n<p>En la plenaria, aprobaron el dictamen de la comisi\u00f3n de Puntos Constitucionales y Gobernaci\u00f3n para reformar la Constituci\u00f3n Pol\u00edtica del Estado en materia de los derechos de las y los artesanos.<\/p>\n<p>&nbsp;<\/p>\n<p>Al respecto, la diputada Karla Franco Blanco asegur\u00f3 que este dictamen est\u00e1 encaminado a generar acciones y estrategias que permitan la protecci\u00f3n, impulso y fomento de actividades culturales y econ\u00f3micas, incorporando herramientas jur\u00eddicas que abonen al fomento artesanal y preservaci\u00f3n cultural de Yucat\u00e1n.<\/p>\n<p>&nbsp;<\/p>\n<p>\u201cEn la fracci\u00f3n Legislativa del PRI, consideramos que ya es tiempo de elevar a rango constitucional estatal la actividad artesanal, como un primer paso para garantizar el fomento y desarrollo de esta actividad econ\u00f3mica\u201d, dijo.<\/p>\n<p>&nbsp;<\/p>\n<p>En asuntos generales, la diputada Alejandra Novelo Segura present\u00f3 una iniciativa que tiene por objeto que en ning\u00fan caso se utilizar\u00e1 la existencia de denuncias por cualquier tipo de violencia ejercida contra las ni\u00f1as, ni\u00f1os y adolescentes, como un criterio de evaluaci\u00f3n negativa para las escuelas o planteles escolares o centros educativos.<\/p>\n<p>&nbsp;<\/p>\n<p>Respecto a las constantes quejas sobre los bajones de energ\u00eda, la diputada Manuela Cocom Bolio expres\u00f3 ante las y los diputados, la importancia de adoptar estrategias que optimicen la producci\u00f3n de energ\u00eda el\u00e9ctrica de manera sostenible, que se reduzcan las tarifas correspondientes al consumo b\u00e1sico de electricidad puesto que han aumentado un 27% en la actual administraci\u00f3n federal, afectando directamente la econom\u00eda de las familias.<\/p>\n<p>&nbsp;<\/p>\n<p>La diputada Fabiola Loeza Novelo present\u00f3 una iniciativa para retomar el sistema en el cual los gobernantes acud\u00edan al recinto del Poder Legislativo para rendir su informe de actividades.<\/p>\n<p>&nbsp;<\/p>\n<p>En la sesi\u00f3n se aprob\u00f3 por unanimidad, los dict\u00e1menes correspondientes a las modificaciones a la Ley de Protecci\u00f3n al Medio Ambiente del Estado y a la Constituci\u00f3n, as\u00ed como para expedir la Ley Org\u00e1nica del Centro de Innovaci\u00f3n Tecnol\u00f3gica.<\/p>\n<p>&nbsp;<\/p>\n<p>Como parte del orden del d\u00eda, turnaron diversas iniciativas a comisiones para iniciar con el proceso de an\u00e1lisis, discusi\u00f3n y en su caso aprobaci\u00f3n.<\/p>\n<p>&nbsp;<\/p>\n<p>En primera instancia, la comisi\u00f3n de Puntos Constitucionales analizar\u00e1 la iniciativa para reformar la Ley de Gobierno del Poder Legislativo para prevenir la violencia pol\u00edtica contra las mujeres en raz\u00f3n de g\u00e9nero en el entorno parlamentario.<\/p>\n<p>&nbsp;<\/p>\n<p>La comisi\u00f3n de Presupuesto, Patrimonio Estatal y Municipal tendr\u00e1 a su cargo la iniciativa en la que se autoriza la donaci\u00f3n de 28 bienes inmuebles del patrimonio estatal a favor del Instituto de Vivienda del Estado.<\/p>\n<p>&nbsp;<\/p>\n<p>A la comisi\u00f3n de Desarrollo Econ\u00f3mico y Fomento al Empleo se turn\u00f3 la iniciativa para modificar la Ley de Emprendedores del Estado en materia de Apoyo, promoci\u00f3n y desarrollo del emprendimiento en el estado.<\/p>\n<p>&nbsp;<\/p>\n<p>A la Auditor\u00eda Superior del Estado se turn\u00f3 el oficio enviado por el secretario de Administraci\u00f3n y Finanzas del Gobierno del Estado, Roberto Su\u00e1rez Coldwell que contiene la cuenta p\u00fablica correspondiente al ejercicio fiscal 2023.<\/p>\n<p>&nbsp;<\/p>\n<p>Tambi\u00e9n, los oficios de los ayuntamientos de Chichimil\u00e1, Chikindzonot, Dzit\u00e1s, R\u00edo Lagartos y Uayma, donde remiten los informes de la cuenta p\u00fablica de 2023.<\/p>\n<p>&nbsp;<\/p>\n<p>De igual manera, el enviado por el director de Abastos de M\u00e9rida, Juan Lucero Flores con el que remite la cuenta p\u00fablica de 2023.<\/p>\n<p>&nbsp;<\/p>\n<p>Por \u00faltimo, se aprob\u00f3 la realizaci\u00f3n de la siguiente sesi\u00f3n para el jueves 30 de mayo a las 10 horas.<\/p>\n","protected":false},"excerpt":{"rendered":"<p>M\u00e9rida, Yucat\u00e1n a 22 de mayo de 2024 &nbsp; &nbsp; Con el objetivo de fortalecer el tejido social mediante pol\u00edticas p\u00fablicas que aborden la prevenci\u00f3n de delitos y la atenci\u00f3n a las adicciones, las y los diputados de la LXIII Legislatura aprobaron por unanimidad el dictamen de la iniciativa enviada por el Gobierno del Estado [&hellip;]<\/p>\n","protected":false},"author":3,"featured_media":110191,"comment_status":"closed","ping_status":"closed","sticky":false,"template":"","format":"standard","meta":{"footnotes":""},"categories":[3],"tags":[],"class_list":{"0":"post-110190","1":"post","2":"type-post","3":"status-publish","4":"format-standard","5":"has-post-thumbnail","7":"category-yucatan"},"yoast_head":"<!-- This site is optimized with the Yoast SEO plugin v27.5 - https:\/\/yoast.com\/product\/yoast-seo-wordpress\/ -->\n<title>Se expedir\u00e1 la Ley para la Prevenci\u00f3n Social de la Violencia y la Delincuencia del Estado de Yucat\u00e1n - Yucat\u00e1n en corto<\/title>\n<meta name=\"robots\" content=\"index, follow, max-snippet:-1, max-image-preview:large, max-video-preview:-1\" \/>\n<link rel=\"canonical\" href=\"https:\/\/www.yucatanencorto.com\/noticias\/se-expedira-la-ley-para-la-prevencion-social-de-la-violencia-y-la-delincuencia-del-estado-de-yucatan\/\" \/>\n<meta property=\"og:locale\" content=\"es_ES\" \/>\n<meta property=\"og:type\" content=\"article\" \/>\n<meta property=\"og:title\" content=\"Se expedir\u00e1 la Ley para la Prevenci\u00f3n Social de la Violencia y la Delincuencia del Estado de Yucat\u00e1n - Yucat\u00e1n en corto\" \/>\n<meta property=\"og:description\" content=\"M\u00e9rida, Yucat\u00e1n a 22 de mayo de 2024 &nbsp; &nbsp; Con el objetivo de fortalecer el tejido social mediante pol\u00edticas p\u00fablicas que aborden la prevenci\u00f3n de delitos y la atenci\u00f3n a las adicciones, las y los diputados de la LXIII Legislatura aprobaron por unanimidad el dictamen de la iniciativa enviada por el Gobierno del Estado [&hellip;]\" \/>\n<meta property=\"og:url\" content=\"https:\/\/www.yucatanencorto.com\/noticias\/se-expedira-la-ley-para-la-prevencion-social-de-la-violencia-y-la-delincuencia-del-estado-de-yucatan\/\" \/>\n<meta property=\"og:site_name\" content=\"Yucat\u00e1n en corto\" \/>\n<meta property=\"article:publisher\" content=\"http:\/\/www.facebook.com\/yucatanencorto\" \/>\n<meta property=\"article:published_time\" content=\"2024-05-22T21:17:00+00:00\" \/>\n<meta property=\"og:image\" content=\"https:\/\/www.yucatanencorto.com\/noticias\/wp-content\/uploads\/2024\/05\/IMG-20240522-WA0026-scaled.jpg\" \/>\n\t<meta property=\"og:image:width\" content=\"768\" \/>\n\t<meta property=\"og:image:height\" content=\"512\" \/>\n\t<meta property=\"og:image:type\" content=\"image\/jpeg\" \/>\n<meta name=\"author\" content=\"Redes\" \/>\n<meta name=\"twitter:card\" content=\"summary_large_image\" \/>\n<meta name=\"twitter:creator\" content=\"@yucatanencorto\" \/>\n<meta name=\"twitter:site\" content=\"@yucatanencorto\" \/>\n<meta name=\"twitter:label1\" content=\"Escrito por\" \/>\n\t<meta name=\"twitter:data1\" content=\"Redes\" \/>\n\t<meta name=\"twitter:label2\" content=\"Tiempo de lectura\" \/>\n\t<meta name=\"twitter:data2\" content=\"4 minutos\" \/>\n<script type=\"application\/ld+json\" class=\"yoast-schema-graph\">{\"@context\":\"https:\\\/\\\/schema.org\",\"@graph\":[{\"@type\":\"Article\",\"@id\":\"https:\\\/\\\/www.yucatanencorto.com\\\/noticias\\\/se-expedira-la-ley-para-la-prevencion-social-de-la-violencia-y-la-delincuencia-del-estado-de-yucatan\\\/#article\",\"isPartOf\":{\"@id\":\"https:\\\/\\\/www.yucatanencorto.com\\\/noticias\\\/se-expedira-la-ley-para-la-prevencion-social-de-la-violencia-y-la-delincuencia-del-estado-de-yucatan\\\/\"},\"author\":{\"name\":\"Redes\",\"@id\":\"https:\\\/\\\/www.yucatanencorto.com\\\/noticias\\\/#\\\/schema\\\/person\\\/e2fbdfaf30a07014a43940ce989f3119\"},\"headline\":\"Se expedir\u00e1 la Ley para la Prevenci\u00f3n Social de la Violencia y la Delincuencia del Estado de Yucat\u00e1n\",\"datePublished\":\"2024-05-22T21:17:00+00:00\",\"mainEntityOfPage\":{\"@id\":\"https:\\\/\\\/www.yucatanencorto.com\\\/noticias\\\/se-expedira-la-ley-para-la-prevencion-social-de-la-violencia-y-la-delincuencia-del-estado-de-yucatan\\\/\"},\"wordCount\":835,\"image\":{\"@id\":\"https:\\\/\\\/www.yucatanencorto.com\\\/noticias\\\/se-expedira-la-ley-para-la-prevencion-social-de-la-violencia-y-la-delincuencia-del-estado-de-yucatan\\\/#primaryimage\"},\"thumbnailUrl\":\"https:\\\/\\\/www.yucatanencorto.com\\\/noticias\\\/wp-content\\\/uploads\\\/2024\\\/05\\\/IMG-20240522-WA0026-scaled.jpg\",\"articleSection\":[\"Yucat\u00e1n\"],\"inLanguage\":\"es\"},{\"@type\":\"WebPage\",\"@id\":\"https:\\\/\\\/www.yucatanencorto.com\\\/noticias\\\/se-expedira-la-ley-para-la-prevencion-social-de-la-violencia-y-la-delincuencia-del-estado-de-yucatan\\\/\",\"url\":\"https:\\\/\\\/www.yucatanencorto.com\\\/noticias\\\/se-expedira-la-ley-para-la-prevencion-social-de-la-violencia-y-la-delincuencia-del-estado-de-yucatan\\\/\",\"name\":\"Se expedir\u00e1 la Ley para la Prevenci\u00f3n Social de la Violencia y la Delincuencia del Estado de Yucat\u00e1n - Yucat\u00e1n en corto\",\"isPartOf\":{\"@id\":\"https:\\\/\\\/www.yucatanencorto.com\\\/noticias\\\/#website\"},\"primaryImageOfPage\":{\"@id\":\"https:\\\/\\\/www.yucatanencorto.com\\\/noticias\\\/se-expedira-la-ley-para-la-prevencion-social-de-la-violencia-y-la-delincuencia-del-estado-de-yucatan\\\/#primaryimage\"},\"image\":{\"@id\":\"https:\\\/\\\/www.yucatanencorto.com\\\/noticias\\\/se-expedira-la-ley-para-la-prevencion-social-de-la-violencia-y-la-delincuencia-del-estado-de-yucatan\\\/#primaryimage\"},\"thumbnailUrl\":\"https:\\\/\\\/www.yucatanencorto.com\\\/noticias\\\/wp-content\\\/uploads\\\/2024\\\/05\\\/IMG-20240522-WA0026-scaled.jpg\",\"datePublished\":\"2024-05-22T21:17:00+00:00\",\"author\":{\"@id\":\"https:\\\/\\\/www.yucatanencorto.com\\\/noticias\\\/#\\\/schema\\\/person\\\/e2fbdfaf30a07014a43940ce989f3119\"},\"breadcrumb\":{\"@id\":\"https:\\\/\\\/www.yucatanencorto.com\\\/noticias\\\/se-expedira-la-ley-para-la-prevencion-social-de-la-violencia-y-la-delincuencia-del-estado-de-yucatan\\\/#breadcrumb\"},\"inLanguage\":\"es\",\"potentialAction\":[{\"@type\":\"ReadAction\",\"target\":[\"https:\\\/\\\/www.yucatanencorto.com\\\/noticias\\\/se-expedira-la-ley-para-la-prevencion-social-de-la-violencia-y-la-delincuencia-del-estado-de-yucatan\\\/\"]}]},{\"@type\":\"ImageObject\",\"inLanguage\":\"es\",\"@id\":\"https:\\\/\\\/www.yucatanencorto.com\\\/noticias\\\/se-expedira-la-ley-para-la-prevencion-social-de-la-violencia-y-la-delincuencia-del-estado-de-yucatan\\\/#primaryimage\",\"url\":\"https:\\\/\\\/www.yucatanencorto.com\\\/noticias\\\/wp-content\\\/uploads\\\/2024\\\/05\\\/IMG-20240522-WA0026-scaled.jpg\",\"contentUrl\":\"https:\\\/\\\/www.yucatanencorto.com\\\/noticias\\\/wp-content\\\/uploads\\\/2024\\\/05\\\/IMG-20240522-WA0026-scaled.jpg\",\"width\":768,\"height\":512},{\"@type\":\"BreadcrumbList\",\"@id\":\"https:\\\/\\\/www.yucatanencorto.com\\\/noticias\\\/se-expedira-la-ley-para-la-prevencion-social-de-la-violencia-y-la-delincuencia-del-estado-de-yucatan\\\/#breadcrumb\",\"itemListElement\":[{\"@type\":\"ListItem\",\"position\":1,\"name\":\"Portada\",\"item\":\"https:\\\/\\\/www.yucatanencorto.com\\\/noticias\\\/\"},{\"@type\":\"ListItem\",\"position\":2,\"name\":\"Se expedir\u00e1 la Ley para la Prevenci\u00f3n Social de la Violencia y la Delincuencia del Estado de Yucat\u00e1n\"}]},{\"@type\":\"WebSite\",\"@id\":\"https:\\\/\\\/www.yucatanencorto.com\\\/noticias\\\/#website\",\"url\":\"https:\\\/\\\/www.yucatanencorto.com\\\/noticias\\\/\",\"name\":\"Yucat\u00e1n en corto\",\"description\":\"Noticias\",\"potentialAction\":[{\"@type\":\"SearchAction\",\"target\":{\"@type\":\"EntryPoint\",\"urlTemplate\":\"https:\\\/\\\/www.yucatanencorto.com\\\/noticias\\\/?s={search_term_string}\"},\"query-input\":{\"@type\":\"PropertyValueSpecification\",\"valueRequired\":true,\"valueName\":\"search_term_string\"}}],\"inLanguage\":\"es\"},{\"@type\":\"Person\",\"@id\":\"https:\\\/\\\/www.yucatanencorto.com\\\/noticias\\\/#\\\/schema\\\/person\\\/e2fbdfaf30a07014a43940ce989f3119\",\"name\":\"Redes\",\"image\":{\"@type\":\"ImageObject\",\"inLanguage\":\"es\",\"@id\":\"https:\\\/\\\/secure.gravatar.com\\\/avatar\\\/5931a2d21dd7cc834f44c8c34fe56d90ed6d536ef452cbf870c7485b524dddd7?s=96&d=mm&r=g\",\"url\":\"https:\\\/\\\/secure.gravatar.com\\\/avatar\\\/5931a2d21dd7cc834f44c8c34fe56d90ed6d536ef452cbf870c7485b524dddd7?s=96&d=mm&r=g\",\"contentUrl\":\"https:\\\/\\\/secure.gravatar.com\\\/avatar\\\/5931a2d21dd7cc834f44c8c34fe56d90ed6d536ef452cbf870c7485b524dddd7?s=96&d=mm&r=g\",\"caption\":\"Redes\"},\"url\":\"https:\\\/\\\/www.yucatanencorto.com\\\/noticias\\\/author\\\/redes\\\/\"}]}<\/script>\n<!-- \/ Yoast SEO plugin. -->","yoast_head_json":{"title":"Se expedir\u00e1 la Ley para la Prevenci\u00f3n Social de la Violencia y la Delincuencia del Estado de Yucat\u00e1n - Yucat\u00e1n en corto","robots":{"index":"index","follow":"follow","max-snippet":"max-snippet:-1","max-image-preview":"max-image-preview:large","max-video-preview":"max-video-preview:-1"},"canonical":"https:\/\/www.yucatanencorto.com\/noticias\/se-expedira-la-ley-para-la-prevencion-social-de-la-violencia-y-la-delincuencia-del-estado-de-yucatan\/","og_locale":"es_ES","og_type":"article","og_title":"Se expedir\u00e1 la Ley para la Prevenci\u00f3n Social de la Violencia y la Delincuencia del Estado de Yucat\u00e1n - Yucat\u00e1n en corto","og_description":"M\u00e9rida, Yucat\u00e1n a 22 de mayo de 2024 &nbsp; &nbsp; Con el objetivo de fortalecer el tejido social mediante pol\u00edticas p\u00fablicas que aborden la prevenci\u00f3n de delitos y la atenci\u00f3n a las adicciones, las y los diputados de la LXIII Legislatura aprobaron por unanimidad el dictamen de la iniciativa enviada por el Gobierno del Estado [&hellip;]","og_url":"https:\/\/www.yucatanencorto.com\/noticias\/se-expedira-la-ley-para-la-prevencion-social-de-la-violencia-y-la-delincuencia-del-estado-de-yucatan\/","og_site_name":"Yucat\u00e1n en corto","article_publisher":"http:\/\/www.facebook.com\/yucatanencorto","article_published_time":"2024-05-22T21:17:00+00:00","og_image":[{"width":768,"height":512,"url":"https:\/\/www.yucatanencorto.com\/noticias\/wp-content\/uploads\/2024\/05\/IMG-20240522-WA0026-scaled.jpg","type":"image\/jpeg"}],"author":"Redes","twitter_card":"summary_large_image","twitter_creator":"@yucatanencorto","twitter_site":"@yucatanencorto","twitter_misc":{"Escrito por":"Redes","Tiempo de lectura":"4 minutos"},"schema":{"@context":"https:\/\/schema.org","@graph":[{"@type":"Article","@id":"https:\/\/www.yucatanencorto.com\/noticias\/se-expedira-la-ley-para-la-prevencion-social-de-la-violencia-y-la-delincuencia-del-estado-de-yucatan\/#article","isPartOf":{"@id":"https:\/\/www.yucatanencorto.com\/noticias\/se-expedira-la-ley-para-la-prevencion-social-de-la-violencia-y-la-delincuencia-del-estado-de-yucatan\/"},"author":{"name":"Redes","@id":"https:\/\/www.yucatanencorto.com\/noticias\/#\/schema\/person\/e2fbdfaf30a07014a43940ce989f3119"},"headline":"Se expedir\u00e1 la Ley para la Prevenci\u00f3n Social de la Violencia y la Delincuencia del Estado de Yucat\u00e1n","datePublished":"2024-05-22T21:17:00+00:00","mainEntityOfPage":{"@id":"https:\/\/www.yucatanencorto.com\/noticias\/se-expedira-la-ley-para-la-prevencion-social-de-la-violencia-y-la-delincuencia-del-estado-de-yucatan\/"},"wordCount":835,"image":{"@id":"https:\/\/www.yucatanencorto.com\/noticias\/se-expedira-la-ley-para-la-prevencion-social-de-la-violencia-y-la-delincuencia-del-estado-de-yucatan\/#primaryimage"},"thumbnailUrl":"https:\/\/www.yucatanencorto.com\/noticias\/wp-content\/uploads\/2024\/05\/IMG-20240522-WA0026-scaled.jpg","articleSection":["Yucat\u00e1n"],"inLanguage":"es"},{"@type":"WebPage","@id":"https:\/\/www.yucatanencorto.com\/noticias\/se-expedira-la-ley-para-la-prevencion-social-de-la-violencia-y-la-delincuencia-del-estado-de-yucatan\/","url":"https:\/\/www.yucatanencorto.com\/noticias\/se-expedira-la-ley-para-la-prevencion-social-de-la-violencia-y-la-delincuencia-del-estado-de-yucatan\/","name":"Se expedir\u00e1 la Ley para la Prevenci\u00f3n Social de la Violencia y la Delincuencia del Estado de Yucat\u00e1n - Yucat\u00e1n en corto","isPartOf":{"@id":"https:\/\/www.yucatanencorto.com\/noticias\/#website"},"primaryImageOfPage":{"@id":"https:\/\/www.yucatanencorto.com\/noticias\/se-expedira-la-ley-para-la-prevencion-social-de-la-violencia-y-la-delincuencia-del-estado-de-yucatan\/#primaryimage"},"image":{"@id":"https:\/\/www.yucatanencorto.com\/noticias\/se-expedira-la-ley-para-la-prevencion-social-de-la-violencia-y-la-delincuencia-del-estado-de-yucatan\/#primaryimage"},"thumbnailUrl":"https:\/\/www.yucatanencorto.com\/noticias\/wp-content\/uploads\/2024\/05\/IMG-20240522-WA0026-scaled.jpg","datePublished":"2024-05-22T21:17:00+00:00","author":{"@id":"https:\/\/www.yucatanencorto.com\/noticias\/#\/schema\/person\/e2fbdfaf30a07014a43940ce989f3119"},"breadcrumb":{"@id":"https:\/\/www.yucatanencorto.com\/noticias\/se-expedira-la-ley-para-la-prevencion-social-de-la-violencia-y-la-delincuencia-del-estado-de-yucatan\/#breadcrumb"},"inLanguage":"es","potentialAction":[{"@type":"ReadAction","target":["https:\/\/www.yucatanencorto.com\/noticias\/se-expedira-la-ley-para-la-prevencion-social-de-la-violencia-y-la-delincuencia-del-estado-de-yucatan\/"]}]},{"@type":"ImageObject","inLanguage":"es","@id":"https:\/\/www.yucatanencorto.com\/noticias\/se-expedira-la-ley-para-la-prevencion-social-de-la-violencia-y-la-delincuencia-del-estado-de-yucatan\/#primaryimage","url":"https:\/\/www.yucatanencorto.com\/noticias\/wp-content\/uploads\/2024\/05\/IMG-20240522-WA0026-scaled.jpg","contentUrl":"https:\/\/www.yucatanencorto.com\/noticias\/wp-content\/uploads\/2024\/05\/IMG-20240522-WA0026-scaled.jpg","width":768,"height":512},{"@type":"BreadcrumbList","@id":"https:\/\/www.yucatanencorto.com\/noticias\/se-expedira-la-ley-para-la-prevencion-social-de-la-violencia-y-la-delincuencia-del-estado-de-yucatan\/#breadcrumb","itemListElement":[{"@type":"ListItem","position":1,"name":"Portada","item":"https:\/\/www.yucatanencorto.com\/noticias\/"},{"@type":"ListItem","position":2,"name":"Se expedir\u00e1 la Ley para la Prevenci\u00f3n Social de la Violencia y la Delincuencia del Estado de Yucat\u00e1n"}]},{"@type":"WebSite","@id":"https:\/\/www.yucatanencorto.com\/noticias\/#website","url":"https:\/\/www.yucatanencorto.com\/noticias\/","name":"Yucat\u00e1n en corto","description":"Noticias","potentialAction":[{"@type":"SearchAction","target":{"@type":"EntryPoint","urlTemplate":"https:\/\/www.yucatanencorto.com\/noticias\/?s={search_term_string}"},"query-input":{"@type":"PropertyValueSpecification","valueRequired":true,"valueName":"search_term_string"}}],"inLanguage":"es"},{"@type":"Person","@id":"https:\/\/www.yucatanencorto.com\/noticias\/#\/schema\/person\/e2fbdfaf30a07014a43940ce989f3119","name":"Redes","image":{"@type":"ImageObject","inLanguage":"es","@id":"https:\/\/secure.gravatar.com\/avatar\/5931a2d21dd7cc834f44c8c34fe56d90ed6d536ef452cbf870c7485b524dddd7?s=96&d=mm&r=g","url":"https:\/\/secure.gravatar.com\/avatar\/5931a2d21dd7cc834f44c8c34fe56d90ed6d536ef452cbf870c7485b524dddd7?s=96&d=mm&r=g","contentUrl":"https:\/\/secure.gravatar.com\/avatar\/5931a2d21dd7cc834f44c8c34fe56d90ed6d536ef452cbf870c7485b524dddd7?s=96&d=mm&r=g","caption":"Redes"},"url":"https:\/\/www.yucatanencorto.com\/noticias\/author\/redes\/"}]}},"_links":{"self":[{"href":"https:\/\/www.yucatanencorto.com\/noticias\/wp-json\/wp\/v2\/posts\/110190","targetHints":{"allow":["GET"]}}],"collection":[{"href":"https:\/\/www.yucatanencorto.com\/noticias\/wp-json\/wp\/v2\/posts"}],"about":[{"href":"https:\/\/www.yucatanencorto.com\/noticias\/wp-json\/wp\/v2\/types\/post"}],"author":[{"embeddable":true,"href":"https:\/\/www.yucatanencorto.com\/noticias\/wp-json\/wp\/v2\/users\/3"}],"replies":[{"embeddable":true,"href":"https:\/\/www.yucatanencorto.com\/noticias\/wp-json\/wp\/v2\/comments?post=110190"}],"version-history":[{"count":0,"href":"https:\/\/www.yucatanencorto.com\/noticias\/wp-json\/wp\/v2\/posts\/110190\/revisions"}],"wp:featuredmedia":[{"embeddable":true,"href":"https:\/\/www.yucatanencorto.com\/noticias\/wp-json\/wp\/v2\/media\/110191"}],"wp:attachment":[{"href":"https:\/\/www.yucatanencorto.com\/noticias\/wp-json\/wp\/v2\/media?parent=110190"}],"wp:term":[{"taxonomy":"category","embeddable":true,"href":"https:\/\/www.yucatanencorto.com\/noticias\/wp-json\/wp\/v2\/categories?post=110190"},{"taxonomy":"post_tag","embeddable":true,"href":"https:\/\/www.yucatanencorto.com\/noticias\/wp-json\/wp\/v2\/tags?post=110190"}],"curies":[{"name":"wp","href":"https:\/\/api.w.org\/{rel}","templated":true}]}}