{"id":110215,"date":"2024-05-28T17:12:46","date_gmt":"2024-05-28T23:12:46","guid":{"rendered":"https:\/\/www.yucatanencorto.com\/noticias\/?p=110215"},"modified":"2024-05-28T17:12:46","modified_gmt":"2024-05-28T23:12:46","slug":"merida-nos-une-llega-a-su-cuarto-aniversario","status":"publish","type":"post","link":"https:\/\/www.yucatanencorto.com\/noticias\/merida-nos-une-llega-a-su-cuarto-aniversario\/","title":{"rendered":"\u00abM\u00e9rida Nos Une\u00bb llega a su cuarto aniversario"},"content":{"rendered":"<p><img loading=\"lazy\" decoding=\"async\" class=\"alignnone size-full wp-image-110216\" src=\"https:\/\/www.yucatanencorto.com\/noticias\/wp-content\/uploads\/2024\/05\/IMG-20240528-WA0136-scaled.jpg\" alt=\"\" width=\"768\" height=\"512\" srcset=\"https:\/\/www.yucatanencorto.com\/noticias\/wp-content\/uploads\/2024\/05\/IMG-20240528-WA0136-scaled.jpg 768w, https:\/\/www.yucatanencorto.com\/noticias\/wp-content\/uploads\/2024\/05\/IMG-20240528-WA0136-150x100.jpg 150w, https:\/\/www.yucatanencorto.com\/noticias\/wp-content\/uploads\/2024\/05\/IMG-20240528-WA0136-300x200.jpg 300w, https:\/\/www.yucatanencorto.com\/noticias\/wp-content\/uploads\/2024\/05\/IMG-20240528-WA0136-696x464.jpg 696w, https:\/\/www.yucatanencorto.com\/noticias\/wp-content\/uploads\/2024\/05\/IMG-20240528-WA0136-1068x712.jpg 1068w\" sizes=\"auto, (max-width: 768px) 100vw, 768px\" \/><\/p>\n<p>&nbsp;<\/p>\n<p>M\u00e9rida, Yucat\u00e1n, 28 de mayo de 2024.- En el marco del cuarto aniversario de la plataforma \u00abM\u00e9rida Nos Une\u00bb, el Alcalde Alejandro Ruz Castro y su esposa Ver\u00f3nica Cetina Arjona, presidenta del DIF Municipal, constataron el impacto positivo que esta red ha tenido en la calidad de vida de las personas m\u00e1s vulnerables.<\/p>\n<p>&nbsp;<\/p>\n<p>Durante una jornada de voluntariado, que se realiz\u00f3 en la residencia de personas mayores \u00abSan Nicol\u00e1s de Bari A.C.\u00bb, ubicada en la colonia San Antonio Kaua, el Presidente Municipal afirm\u00f3 que el Ayuntamiento mantiene firme su compromiso de trabajar de la mano con la sociedad meridana para la gesti\u00f3n y consolidaci\u00f3n de pol\u00edticas p\u00fablicas que generen beneficios claros y concretos para los habitantes de la capital yucateca.<\/p>\n<p>&nbsp;<\/p>\n<p>\u00abEsta plataforma naci\u00f3 en una de las peores circunstancias por las que ha atravesado el mundo, y hoy podemos asegurar que somos un ejemplo de c\u00f3mo podemos salir adelante como sociedad, ya que la pandemia nos record\u00f3 que nadie puede hacerlo solo, hay que ayudarnos los unos a los otros, no solo en situaciones adversas\u00bb, se\u00f1al\u00f3.<\/p>\n<p>&nbsp;<\/p>\n<p>En este sentido, Ruz Castro inform\u00f3 que a trav\u00e9s del \u00abPrograma de Voluntariado de la Red\u00bb, han participado 2,314 voluntarias y voluntarios para ayudar en eventos de asociaciones civiles y proyectos municipales, en beneficio de la poblaci\u00f3n vulnerable y en apoyo de causas sociales y medioambientales.<\/p>\n<p>&nbsp;<\/p>\n<p>\u00abDesde abril de 2020 hasta abril de 2024, hemos tenido a 3,777 aliados entre empresas, instituciones, organizaciones, voluntarios y ciudadanos que han participado en 3,087 acciones de voluntariado, las cuales han beneficiado a 63,145 personas.<\/p>\n<p>&nbsp;<\/p>\n<p>Durante la visita a \u00abSan Nicol\u00e1s de Bari A.C.\u00bb, los voluntarios expresaron que involucrarse en acciones de ayuda a los dem\u00e1s aumenta su felicidad, eleva su autoestima, reduce la depresi\u00f3n, el sufrimiento psicol\u00f3gico y les da un mayor sentido a su labor realizada.<\/p>\n<p>&nbsp;<\/p>\n<p>\u00abConstantemente estoy participando en voluntariados y ahora que estoy de vacaciones, aprovecho para invertir mi tiempo en ayudar a otras personas para hacer juntos un mundo mejor\u00bb, expres\u00f3 Azul Pav\u00eda.<\/p>\n<p>&nbsp;<\/p>\n<p>\u00abEs muy bonita esta actividad en la que empec\u00e9 por una invitaci\u00f3n de mi hermana, pero desde entonces me gust\u00f3 hacerlo de manera constante, porque te sientes bien como persona y es gratificante cuando te agradecen\u00bb, platic\u00f3 Cristian Maga\u00f1a.<\/p>\n<p>&nbsp;<\/p>\n<p>En ese sentido, Ruz Castro record\u00f3 que esta plataforma surgi\u00f3 durante la pandemia de COVID-19, promoviendo alianzas ciudadanas para ayudar en la contingencia sanitaria.<\/p>\n<p>&nbsp;<\/p>\n<p>Con estas alianzas, se logr\u00f3 en primera instancia la creaci\u00f3n de la L\u00ednea de Apoyo Emocional COVID-19, haciendo sinergia con el Colegio de Psic\u00f3logos de Yucat\u00e1n, y tambi\u00e9n brindando apoyo a las familias afectadas por la temporada de huracanes de 2020.<\/p>\n<p>&nbsp;<\/p>\n<p>Como parte de los reconocimientos que ha recibido esta plataforma, se encuentra la publicaci\u00f3n en los Milan Pact Awards 2020 como una de las acciones representativas durante la pandemia; en 2021 fue reconocida por la Organizaci\u00f3n de las Naciones Unidas (ONU) como buena pr\u00e1ctica para la implementaci\u00f3n de los Objetivos de Desarrollo Sostenible. De igual manera, fue reconocida en ese mismo a\u00f1o con el premio \u00abMejores Pr\u00e1cticas de Gobiernos Locales\u00bb por la revista Alcaldes de M\u00e9xico: el Galard\u00f3n \u00abFrancisco Villarreal Torres\u00bb de los Premios ANAC 2021 y finalmente en 2022 recibi\u00f3 un destacado reconocimiento por parte del Programa de las Naciones Unidas para el Desarrollo con el premio \u00abTransformando M\u00e9xico desde lo Local\u00bb en la categor\u00eda de Ciencia e Innovaci\u00f3n.<\/p>\n<p>&nbsp;<\/p>\n<p>En la visita, el Presidente Municipal y su esposa, acompa\u00f1ados de Ver\u00f3nica Arcique Caballero, presidenta de la Asociaci\u00f3n \u201cSan Nicol\u00e1s Bar\u00ed\u201d recorrieron las instalaciones del inmueble y, saludaron a las y los abuelitos que se encontraban realizando actividades de recreaci\u00f3n a cargo de la instituci\u00f3n de asistencia privada \u201cDoctores del Humor\u201d.<\/p>\n<p>&nbsp;<\/p>\n<p>En el recorrido visitaron la estancia de usos m\u00faltiples, las habitaciones de mujeres y hombres donde el voluntariado se encontraba realizando labores de pintura, cocina, habitaci\u00f3n para pacientes que requieren atenci\u00f3n especial.<\/p>\n<p>&nbsp;<\/p>\n<p>Para conocer m\u00e1s informaci\u00f3n o sumarse a la red \u201cM\u00e9rida Nos Une\u201d, se puede visitar la p\u00e1gina: https:\/\/merida.gob.mx\/meridanosune\/ o comunic\u00e1ndote al 9420000 ext. 80326 o 80329.<\/p>\n","protected":false},"excerpt":{"rendered":"<p>&nbsp; M\u00e9rida, Yucat\u00e1n, 28 de mayo de 2024.- En el marco del cuarto aniversario de la plataforma \u00abM\u00e9rida Nos Une\u00bb, el Alcalde Alejandro Ruz Castro y su esposa Ver\u00f3nica Cetina Arjona, presidenta del DIF Municipal, constataron el impacto positivo que esta red ha tenido en la calidad de vida de las personas m\u00e1s vulnerables. &nbsp; [&hellip;]<\/p>\n","protected":false},"author":3,"featured_media":110216,"comment_status":"closed","ping_status":"closed","sticky":false,"template":"","format":"standard","meta":{"footnotes":""},"categories":[3],"tags":[],"class_list":{"0":"post-110215","1":"post","2":"type-post","3":"status-publish","4":"format-standard","5":"has-post-thumbnail","7":"category-yucatan"},"yoast_head":"<!-- This site is optimized with the Yoast SEO plugin v27.5 - https:\/\/yoast.com\/product\/yoast-seo-wordpress\/ -->\n<title>&quot;M\u00e9rida Nos Une&quot; llega a su cuarto aniversario - Yucat\u00e1n en corto<\/title>\n<meta name=\"robots\" content=\"index, follow, max-snippet:-1, max-image-preview:large, max-video-preview:-1\" \/>\n<link rel=\"canonical\" href=\"https:\/\/www.yucatanencorto.com\/noticias\/merida-nos-une-llega-a-su-cuarto-aniversario\/\" \/>\n<meta property=\"og:locale\" content=\"es_ES\" \/>\n<meta property=\"og:type\" content=\"article\" \/>\n<meta property=\"og:title\" content=\"&quot;M\u00e9rida Nos Une&quot; llega a su cuarto aniversario - Yucat\u00e1n en corto\" \/>\n<meta property=\"og:description\" content=\"&nbsp; M\u00e9rida, Yucat\u00e1n, 28 de mayo de 2024.- En el marco del cuarto aniversario de la plataforma \u00abM\u00e9rida Nos Une\u00bb, el Alcalde Alejandro Ruz Castro y su esposa Ver\u00f3nica Cetina Arjona, presidenta del DIF Municipal, constataron el impacto positivo que esta red ha tenido en la calidad de vida de las personas m\u00e1s vulnerables. &nbsp; [&hellip;]\" \/>\n<meta property=\"og:url\" content=\"https:\/\/www.yucatanencorto.com\/noticias\/merida-nos-une-llega-a-su-cuarto-aniversario\/\" \/>\n<meta property=\"og:site_name\" content=\"Yucat\u00e1n en corto\" \/>\n<meta property=\"article:publisher\" content=\"http:\/\/www.facebook.com\/yucatanencorto\" \/>\n<meta property=\"article:published_time\" content=\"2024-05-28T23:12:46+00:00\" \/>\n<meta property=\"og:image\" content=\"https:\/\/www.yucatanencorto.com\/noticias\/wp-content\/uploads\/2024\/05\/IMG-20240528-WA0136-scaled.jpg\" \/>\n\t<meta property=\"og:image:width\" content=\"768\" \/>\n\t<meta property=\"og:image:height\" content=\"512\" \/>\n\t<meta property=\"og:image:type\" content=\"image\/jpeg\" \/>\n<meta name=\"author\" content=\"Redes\" \/>\n<meta name=\"twitter:card\" content=\"summary_large_image\" \/>\n<meta name=\"twitter:creator\" content=\"@yucatanencorto\" \/>\n<meta name=\"twitter:site\" content=\"@yucatanencorto\" \/>\n<meta name=\"twitter:label1\" content=\"Escrito por\" \/>\n\t<meta name=\"twitter:data1\" content=\"Redes\" \/>\n\t<meta name=\"twitter:label2\" content=\"Tiempo de lectura\" \/>\n\t<meta name=\"twitter:data2\" content=\"4 minutos\" \/>\n<script type=\"application\/ld+json\" class=\"yoast-schema-graph\">{\"@context\":\"https:\\\/\\\/schema.org\",\"@graph\":[{\"@type\":\"Article\",\"@id\":\"https:\\\/\\\/www.yucatanencorto.com\\\/noticias\\\/merida-nos-une-llega-a-su-cuarto-aniversario\\\/#article\",\"isPartOf\":{\"@id\":\"https:\\\/\\\/www.yucatanencorto.com\\\/noticias\\\/merida-nos-une-llega-a-su-cuarto-aniversario\\\/\"},\"author\":{\"name\":\"Redes\",\"@id\":\"https:\\\/\\\/www.yucatanencorto.com\\\/noticias\\\/#\\\/schema\\\/person\\\/e2fbdfaf30a07014a43940ce989f3119\"},\"headline\":\"\u00abM\u00e9rida Nos Une\u00bb llega a su cuarto aniversario\",\"datePublished\":\"2024-05-28T23:12:46+00:00\",\"mainEntityOfPage\":{\"@id\":\"https:\\\/\\\/www.yucatanencorto.com\\\/noticias\\\/merida-nos-une-llega-a-su-cuarto-aniversario\\\/\"},\"wordCount\":728,\"image\":{\"@id\":\"https:\\\/\\\/www.yucatanencorto.com\\\/noticias\\\/merida-nos-une-llega-a-su-cuarto-aniversario\\\/#primaryimage\"},\"thumbnailUrl\":\"https:\\\/\\\/www.yucatanencorto.com\\\/noticias\\\/wp-content\\\/uploads\\\/2024\\\/05\\\/IMG-20240528-WA0136-scaled.jpg\",\"articleSection\":[\"Yucat\u00e1n\"],\"inLanguage\":\"es\"},{\"@type\":\"WebPage\",\"@id\":\"https:\\\/\\\/www.yucatanencorto.com\\\/noticias\\\/merida-nos-une-llega-a-su-cuarto-aniversario\\\/\",\"url\":\"https:\\\/\\\/www.yucatanencorto.com\\\/noticias\\\/merida-nos-une-llega-a-su-cuarto-aniversario\\\/\",\"name\":\"\\\"M\u00e9rida Nos Une\\\" llega a su cuarto aniversario - Yucat\u00e1n en corto\",\"isPartOf\":{\"@id\":\"https:\\\/\\\/www.yucatanencorto.com\\\/noticias\\\/#website\"},\"primaryImageOfPage\":{\"@id\":\"https:\\\/\\\/www.yucatanencorto.com\\\/noticias\\\/merida-nos-une-llega-a-su-cuarto-aniversario\\\/#primaryimage\"},\"image\":{\"@id\":\"https:\\\/\\\/www.yucatanencorto.com\\\/noticias\\\/merida-nos-une-llega-a-su-cuarto-aniversario\\\/#primaryimage\"},\"thumbnailUrl\":\"https:\\\/\\\/www.yucatanencorto.com\\\/noticias\\\/wp-content\\\/uploads\\\/2024\\\/05\\\/IMG-20240528-WA0136-scaled.jpg\",\"datePublished\":\"2024-05-28T23:12:46+00:00\",\"author\":{\"@id\":\"https:\\\/\\\/www.yucatanencorto.com\\\/noticias\\\/#\\\/schema\\\/person\\\/e2fbdfaf30a07014a43940ce989f3119\"},\"breadcrumb\":{\"@id\":\"https:\\\/\\\/www.yucatanencorto.com\\\/noticias\\\/merida-nos-une-llega-a-su-cuarto-aniversario\\\/#breadcrumb\"},\"inLanguage\":\"es\",\"potentialAction\":[{\"@type\":\"ReadAction\",\"target\":[\"https:\\\/\\\/www.yucatanencorto.com\\\/noticias\\\/merida-nos-une-llega-a-su-cuarto-aniversario\\\/\"]}]},{\"@type\":\"ImageObject\",\"inLanguage\":\"es\",\"@id\":\"https:\\\/\\\/www.yucatanencorto.com\\\/noticias\\\/merida-nos-une-llega-a-su-cuarto-aniversario\\\/#primaryimage\",\"url\":\"https:\\\/\\\/www.yucatanencorto.com\\\/noticias\\\/wp-content\\\/uploads\\\/2024\\\/05\\\/IMG-20240528-WA0136-scaled.jpg\",\"contentUrl\":\"https:\\\/\\\/www.yucatanencorto.com\\\/noticias\\\/wp-content\\\/uploads\\\/2024\\\/05\\\/IMG-20240528-WA0136-scaled.jpg\",\"width\":768,\"height\":512},{\"@type\":\"BreadcrumbList\",\"@id\":\"https:\\\/\\\/www.yucatanencorto.com\\\/noticias\\\/merida-nos-une-llega-a-su-cuarto-aniversario\\\/#breadcrumb\",\"itemListElement\":[{\"@type\":\"ListItem\",\"position\":1,\"name\":\"Portada\",\"item\":\"https:\\\/\\\/www.yucatanencorto.com\\\/noticias\\\/\"},{\"@type\":\"ListItem\",\"position\":2,\"name\":\"\u00abM\u00e9rida Nos Une\u00bb llega a su cuarto aniversario\"}]},{\"@type\":\"WebSite\",\"@id\":\"https:\\\/\\\/www.yucatanencorto.com\\\/noticias\\\/#website\",\"url\":\"https:\\\/\\\/www.yucatanencorto.com\\\/noticias\\\/\",\"name\":\"Yucat\u00e1n en corto\",\"description\":\"Noticias\",\"potentialAction\":[{\"@type\":\"SearchAction\",\"target\":{\"@type\":\"EntryPoint\",\"urlTemplate\":\"https:\\\/\\\/www.yucatanencorto.com\\\/noticias\\\/?s={search_term_string}\"},\"query-input\":{\"@type\":\"PropertyValueSpecification\",\"valueRequired\":true,\"valueName\":\"search_term_string\"}}],\"inLanguage\":\"es\"},{\"@type\":\"Person\",\"@id\":\"https:\\\/\\\/www.yucatanencorto.com\\\/noticias\\\/#\\\/schema\\\/person\\\/e2fbdfaf30a07014a43940ce989f3119\",\"name\":\"Redes\",\"image\":{\"@type\":\"ImageObject\",\"inLanguage\":\"es\",\"@id\":\"https:\\\/\\\/secure.gravatar.com\\\/avatar\\\/5931a2d21dd7cc834f44c8c34fe56d90ed6d536ef452cbf870c7485b524dddd7?s=96&d=mm&r=g\",\"url\":\"https:\\\/\\\/secure.gravatar.com\\\/avatar\\\/5931a2d21dd7cc834f44c8c34fe56d90ed6d536ef452cbf870c7485b524dddd7?s=96&d=mm&r=g\",\"contentUrl\":\"https:\\\/\\\/secure.gravatar.com\\\/avatar\\\/5931a2d21dd7cc834f44c8c34fe56d90ed6d536ef452cbf870c7485b524dddd7?s=96&d=mm&r=g\",\"caption\":\"Redes\"},\"url\":\"https:\\\/\\\/www.yucatanencorto.com\\\/noticias\\\/author\\\/redes\\\/\"}]}<\/script>\n<!-- \/ Yoast SEO plugin. -->","yoast_head_json":{"title":"\"M\u00e9rida Nos Une\" llega a su cuarto aniversario - Yucat\u00e1n en corto","robots":{"index":"index","follow":"follow","max-snippet":"max-snippet:-1","max-image-preview":"max-image-preview:large","max-video-preview":"max-video-preview:-1"},"canonical":"https:\/\/www.yucatanencorto.com\/noticias\/merida-nos-une-llega-a-su-cuarto-aniversario\/","og_locale":"es_ES","og_type":"article","og_title":"\"M\u00e9rida Nos Une\" llega a su cuarto aniversario - Yucat\u00e1n en corto","og_description":"&nbsp; M\u00e9rida, Yucat\u00e1n, 28 de mayo de 2024.- En el marco del cuarto aniversario de la plataforma \u00abM\u00e9rida Nos Une\u00bb, el Alcalde Alejandro Ruz Castro y su esposa Ver\u00f3nica Cetina Arjona, presidenta del DIF Municipal, constataron el impacto positivo que esta red ha tenido en la calidad de vida de las personas m\u00e1s vulnerables. &nbsp; [&hellip;]","og_url":"https:\/\/www.yucatanencorto.com\/noticias\/merida-nos-une-llega-a-su-cuarto-aniversario\/","og_site_name":"Yucat\u00e1n en corto","article_publisher":"http:\/\/www.facebook.com\/yucatanencorto","article_published_time":"2024-05-28T23:12:46+00:00","og_image":[{"width":768,"height":512,"url":"https:\/\/www.yucatanencorto.com\/noticias\/wp-content\/uploads\/2024\/05\/IMG-20240528-WA0136-scaled.jpg","type":"image\/jpeg"}],"author":"Redes","twitter_card":"summary_large_image","twitter_creator":"@yucatanencorto","twitter_site":"@yucatanencorto","twitter_misc":{"Escrito por":"Redes","Tiempo de lectura":"4 minutos"},"schema":{"@context":"https:\/\/schema.org","@graph":[{"@type":"Article","@id":"https:\/\/www.yucatanencorto.com\/noticias\/merida-nos-une-llega-a-su-cuarto-aniversario\/#article","isPartOf":{"@id":"https:\/\/www.yucatanencorto.com\/noticias\/merida-nos-une-llega-a-su-cuarto-aniversario\/"},"author":{"name":"Redes","@id":"https:\/\/www.yucatanencorto.com\/noticias\/#\/schema\/person\/e2fbdfaf30a07014a43940ce989f3119"},"headline":"\u00abM\u00e9rida Nos Une\u00bb llega a su cuarto aniversario","datePublished":"2024-05-28T23:12:46+00:00","mainEntityOfPage":{"@id":"https:\/\/www.yucatanencorto.com\/noticias\/merida-nos-une-llega-a-su-cuarto-aniversario\/"},"wordCount":728,"image":{"@id":"https:\/\/www.yucatanencorto.com\/noticias\/merida-nos-une-llega-a-su-cuarto-aniversario\/#primaryimage"},"thumbnailUrl":"https:\/\/www.yucatanencorto.com\/noticias\/wp-content\/uploads\/2024\/05\/IMG-20240528-WA0136-scaled.jpg","articleSection":["Yucat\u00e1n"],"inLanguage":"es"},{"@type":"WebPage","@id":"https:\/\/www.yucatanencorto.com\/noticias\/merida-nos-une-llega-a-su-cuarto-aniversario\/","url":"https:\/\/www.yucatanencorto.com\/noticias\/merida-nos-une-llega-a-su-cuarto-aniversario\/","name":"\"M\u00e9rida Nos Une\" llega a su cuarto aniversario - Yucat\u00e1n en corto","isPartOf":{"@id":"https:\/\/www.yucatanencorto.com\/noticias\/#website"},"primaryImageOfPage":{"@id":"https:\/\/www.yucatanencorto.com\/noticias\/merida-nos-une-llega-a-su-cuarto-aniversario\/#primaryimage"},"image":{"@id":"https:\/\/www.yucatanencorto.com\/noticias\/merida-nos-une-llega-a-su-cuarto-aniversario\/#primaryimage"},"thumbnailUrl":"https:\/\/www.yucatanencorto.com\/noticias\/wp-content\/uploads\/2024\/05\/IMG-20240528-WA0136-scaled.jpg","datePublished":"2024-05-28T23:12:46+00:00","author":{"@id":"https:\/\/www.yucatanencorto.com\/noticias\/#\/schema\/person\/e2fbdfaf30a07014a43940ce989f3119"},"breadcrumb":{"@id":"https:\/\/www.yucatanencorto.com\/noticias\/merida-nos-une-llega-a-su-cuarto-aniversario\/#breadcrumb"},"inLanguage":"es","potentialAction":[{"@type":"ReadAction","target":["https:\/\/www.yucatanencorto.com\/noticias\/merida-nos-une-llega-a-su-cuarto-aniversario\/"]}]},{"@type":"ImageObject","inLanguage":"es","@id":"https:\/\/www.yucatanencorto.com\/noticias\/merida-nos-une-llega-a-su-cuarto-aniversario\/#primaryimage","url":"https:\/\/www.yucatanencorto.com\/noticias\/wp-content\/uploads\/2024\/05\/IMG-20240528-WA0136-scaled.jpg","contentUrl":"https:\/\/www.yucatanencorto.com\/noticias\/wp-content\/uploads\/2024\/05\/IMG-20240528-WA0136-scaled.jpg","width":768,"height":512},{"@type":"BreadcrumbList","@id":"https:\/\/www.yucatanencorto.com\/noticias\/merida-nos-une-llega-a-su-cuarto-aniversario\/#breadcrumb","itemListElement":[{"@type":"ListItem","position":1,"name":"Portada","item":"https:\/\/www.yucatanencorto.com\/noticias\/"},{"@type":"ListItem","position":2,"name":"\u00abM\u00e9rida Nos Une\u00bb llega a su cuarto aniversario"}]},{"@type":"WebSite","@id":"https:\/\/www.yucatanencorto.com\/noticias\/#website","url":"https:\/\/www.yucatanencorto.com\/noticias\/","name":"Yucat\u00e1n en corto","description":"Noticias","potentialAction":[{"@type":"SearchAction","target":{"@type":"EntryPoint","urlTemplate":"https:\/\/www.yucatanencorto.com\/noticias\/?s={search_term_string}"},"query-input":{"@type":"PropertyValueSpecification","valueRequired":true,"valueName":"search_term_string"}}],"inLanguage":"es"},{"@type":"Person","@id":"https:\/\/www.yucatanencorto.com\/noticias\/#\/schema\/person\/e2fbdfaf30a07014a43940ce989f3119","name":"Redes","image":{"@type":"ImageObject","inLanguage":"es","@id":"https:\/\/secure.gravatar.com\/avatar\/5931a2d21dd7cc834f44c8c34fe56d90ed6d536ef452cbf870c7485b524dddd7?s=96&d=mm&r=g","url":"https:\/\/secure.gravatar.com\/avatar\/5931a2d21dd7cc834f44c8c34fe56d90ed6d536ef452cbf870c7485b524dddd7?s=96&d=mm&r=g","contentUrl":"https:\/\/secure.gravatar.com\/avatar\/5931a2d21dd7cc834f44c8c34fe56d90ed6d536ef452cbf870c7485b524dddd7?s=96&d=mm&r=g","caption":"Redes"},"url":"https:\/\/www.yucatanencorto.com\/noticias\/author\/redes\/"}]}},"_links":{"self":[{"href":"https:\/\/www.yucatanencorto.com\/noticias\/wp-json\/wp\/v2\/posts\/110215","targetHints":{"allow":["GET"]}}],"collection":[{"href":"https:\/\/www.yucatanencorto.com\/noticias\/wp-json\/wp\/v2\/posts"}],"about":[{"href":"https:\/\/www.yucatanencorto.com\/noticias\/wp-json\/wp\/v2\/types\/post"}],"author":[{"embeddable":true,"href":"https:\/\/www.yucatanencorto.com\/noticias\/wp-json\/wp\/v2\/users\/3"}],"replies":[{"embeddable":true,"href":"https:\/\/www.yucatanencorto.com\/noticias\/wp-json\/wp\/v2\/comments?post=110215"}],"version-history":[{"count":0,"href":"https:\/\/www.yucatanencorto.com\/noticias\/wp-json\/wp\/v2\/posts\/110215\/revisions"}],"wp:featuredmedia":[{"embeddable":true,"href":"https:\/\/www.yucatanencorto.com\/noticias\/wp-json\/wp\/v2\/media\/110216"}],"wp:attachment":[{"href":"https:\/\/www.yucatanencorto.com\/noticias\/wp-json\/wp\/v2\/media?parent=110215"}],"wp:term":[{"taxonomy":"category","embeddable":true,"href":"https:\/\/www.yucatanencorto.com\/noticias\/wp-json\/wp\/v2\/categories?post=110215"},{"taxonomy":"post_tag","embeddable":true,"href":"https:\/\/www.yucatanencorto.com\/noticias\/wp-json\/wp\/v2\/tags?post=110215"}],"curies":[{"name":"wp","href":"https:\/\/api.w.org\/{rel}","templated":true}]}}