{"id":110218,"date":"2024-05-28T19:36:01","date_gmt":"2024-05-29T01:36:01","guid":{"rendered":"https:\/\/www.yucatanencorto.com\/noticias\/?p=110218"},"modified":"2024-05-28T19:36:01","modified_gmt":"2024-05-29T01:36:01","slug":"lxiii-legislatura-designa-a-nueva-representante-de-la-comision-de-derechos-humanos-del-estado","status":"publish","type":"post","link":"https:\/\/www.yucatanencorto.com\/noticias\/lxiii-legislatura-designa-a-nueva-representante-de-la-comision-de-derechos-humanos-del-estado\/","title":{"rendered":"LXIII Legislatura designa a nueva representante de la Comisi\u00f3n de Derechos Humanos del Estado"},"content":{"rendered":"<p><img loading=\"lazy\" decoding=\"async\" class=\"alignnone size-full wp-image-110219\" src=\"https:\/\/www.yucatanencorto.com\/noticias\/wp-content\/uploads\/2024\/05\/IMG-20240528-WA0176-scaled.jpg\" alt=\"\" width=\"768\" height=\"552\" srcset=\"https:\/\/www.yucatanencorto.com\/noticias\/wp-content\/uploads\/2024\/05\/IMG-20240528-WA0176-scaled.jpg 768w, https:\/\/www.yucatanencorto.com\/noticias\/wp-content\/uploads\/2024\/05\/IMG-20240528-WA0176-150x108.jpg 150w, https:\/\/www.yucatanencorto.com\/noticias\/wp-content\/uploads\/2024\/05\/IMG-20240528-WA0176-300x216.jpg 300w, https:\/\/www.yucatanencorto.com\/noticias\/wp-content\/uploads\/2024\/05\/IMG-20240528-WA0176-696x500.jpg 696w\" sizes=\"auto, (max-width: 768px) 100vw, 768px\" \/><\/p>\n<p>M\u00e9rida, Yucat\u00e1n a 28 de mayo de 2024<\/p>\n<p>&nbsp;<\/p>\n<p>&nbsp;<\/p>\n<p>En sesi\u00f3n extraordinaria, las y los diputados designaron por mayor\u00eda de votos a Mar\u00eda Guadalupe M\u00e9ndez Correa como presidenta de la Comisi\u00f3n de Derechos Humanos del Estado de Yucat\u00e1n (CODHEY).<\/p>\n<p>&nbsp;<\/p>\n<p>Mar\u00eda M\u00e9ndez, es abogada especialista en materia de Educaci\u00f3n y Derechos Humanos, fue directora del Centro de Justicia para las Mujeres y secretaria t\u00e9cnica del Comit\u00e9 de An\u00e1lisis y Evaluaci\u00f3n de Protocolo de Actuaci\u00f3n Ministerial, Pericial y Policial en el Delito de Feminicidio de 2022 a la fecha.<\/p>\n<p>&nbsp;<\/p>\n<p>De igual manera, fue directora del Centro para Prevenir y Eliminar la Discriminaci\u00f3n en el Estado, titular de la Unidad de Igualdad de G\u00e9nero de la Secretar\u00eda General del Gobierno, as\u00ed como profesora en la Facultad de Derecho y Odontolog\u00eda de la UADY de 2015 a la fecha.<\/p>\n<p>&nbsp;<\/p>\n<p>Entre sus propuestas de trabajo, contempla establecer mesas de trabajo de atenci\u00f3n directa a la ciudadan\u00eda y a la sociedad civil, a fin de escuchar, respaldar y generar propuestas concretas.<\/p>\n<p>&nbsp;<\/p>\n<p>Como parte de la sesi\u00f3n, se turn\u00f3 a la comisi\u00f3n de Justicia y Seguridad P\u00fablica la iniciativa para reformar art\u00edculos a la Ley de Educaci\u00f3n, as\u00ed como al C\u00f3digo Penal, en materia de prevenci\u00f3n de la violencia.<\/p>\n<p>&nbsp;<\/p>\n<p>Tambi\u00e9n se turn\u00f3 a la comisi\u00f3n, la iniciativa para reformar la Ley del Sistema Estatal de Seguridad Publica.<\/p>\n<p>&nbsp;<\/p>\n<p>En asuntos generales, con respecto a la iniciativa presentada para reformar la Ley Estatal de Seguridad P\u00fablica en materia de escolta p\u00fablica, se expuso ante las y los legisladores una propuesta para establecer el servicio de escolta p\u00fablica en favor de las y los titulares del Poder Ejecutivo, de la SSP, de la Fiscal\u00eda General, de las direcciones de los Centros de Reinserci\u00f3n Social y en la Aplicaci\u00f3n de Medidas para Adolescentes.<\/p>\n<p>&nbsp;<\/p>\n<p>Al t\u00e9rmino se record\u00f3 que para el jueves 30 a las 10 horas se realizar\u00e1 la sesi\u00f3n ordinaria.<\/p>\n<p>&nbsp;<\/p>\n<p>Sesionan diversas comisiones<\/p>\n<p>&nbsp;<\/p>\n<p>En reuni\u00f3n de trabajo, la comisi\u00f3n de Justicia y Seguridad P\u00fablica recibi\u00f3 a los candidatos a consejero de la Judicatura del Poder Judicial, quienes expusieron los motivos por los cuales aspiran a ocupar el cargo.<\/p>\n<p>&nbsp;<\/p>\n<p>Cabe mencionar que cada uno de los aspirantes tuvo hasta cinco minutos para exponer desde su experiencia hasta las propuestas en caso de llegar al puesto. De igual manera, contaron con el mismo tiempo para responder a los cuestionamientos de las y los integrantes de la comisi\u00f3n.<\/p>\n<p>&nbsp;<\/p>\n<p>En primera instancia, Primo Canto Centeno expuso que, entre sus propuestas de trabajo, est\u00e1 evaluar y verificar el destino eficiente de los recursos, as\u00ed como la capacitaci\u00f3n constante del personal. De igual manera, propone fomentar los valores \u00e9ticos, profesionales y honestos para vigilar el cumplimiento correcto de la Ley.<\/p>\n<p>&nbsp;<\/p>\n<p>Posteriormente, Rodrigo Ortiz Eljure enfatiz\u00f3 la importancia de promover pol\u00edticas y programas de asistencia jur\u00eddica al alcance de todos. \u201cLa equidad debe ser primordial en todas nuestras acciones\u201d.<\/p>\n<p>&nbsp;<\/p>\n<p>Por \u00faltimo, \u00c1lvaro Juanes Laviada expuso un plan de trabajo enfocado en implementar sistemas tecnol\u00f3gicos para la gesti\u00f3n de casos, para mejorar la eficiencia y reduciendo tiempos de respuesta, as\u00ed como promover la cultura de la transparencia y la facilitaci\u00f3n del acceso p\u00fablico a la informaci\u00f3n, entre otros.<\/p>\n<p>&nbsp;<\/p>\n<p>Al t\u00e9rmino de la reuni\u00f3n, se solicit\u00f3 a la Secretar\u00eda General la elaboraci\u00f3n de un proyecto de dictamen que constate que los candidatos cumplen con los requisitos para ocupar el cargo.<\/p>\n<p>&nbsp;<\/p>\n<p>Como parte de las actividades, sesion\u00f3 la comisi\u00f3n de Puntos Constitucionales y Gobernaci\u00f3n que aprob\u00f3 el proyecto de dictamen de modificaciones a la Ley que crea el Instituto de Seguridad Jur\u00eddica Patrimonial, a la Ley de Gobierno de los Municipios, a la Ley del Catastro del Estado y la expedici\u00f3n de la Ley de Coordinaci\u00f3n Metropolitana, Desarrollo Regional y Asociatividad Intermunicipal.<\/p>\n<p>&nbsp;<\/p>\n<p>Tambi\u00e9n se aprob\u00f3, el proyecto de dictamen de la iniciativa para modificar la Constituci\u00f3n en materia de responsabilidad pol\u00edtica.<\/p>\n<p>&nbsp;<\/p>\n<p>Presentaron y aprobaron, el proyecto de dictamen del oficio suscrito por la magistrada Paloma Angulo Su\u00e1rez y el presidente del Tribunal de los Trabajadores al Servicio del Estado y los Municipios, Enrique Ferreyro Rosado con el que da vista de la omisi\u00f3n en la que est\u00e1 incurriendo el Ayuntamiento de Yaxcab\u00e1, al no cumplir con un mandato de autoridad debidamente constituida y de creerlo necesario inicie la investigaci\u00f3n correspondiente que determine existencia de una posible falta administrativa grave por parte del Ayuntamiento.<\/p>\n<p>&nbsp;<\/p>\n<p>Como parte del orden del d\u00eda, aprobaron el proyecto de convocatoria para participar en los foros de consulta dirigida a personas con discapacidad en materia de notariado, los cuales se realizar\u00e1n en agosto, a partir de las 10 horas en las siguientes fechas y lugares: 8 en Izamal y Maxcan\u00fa, 9 en Tizim\u00edn y Valladolid, el 15 en Ticul y el 16 en M\u00e9rida.<\/p>\n<p>&nbsp;<\/p>\n<p>De igual manera, aprobaron el proyecto de convocatoria para participar en foros de consulta dirigidos a personas pertenecientes a pueblos y comunidades ind\u00edgenas mayas con asentamiento en el estado en materia de representantes ind\u00edgenas mayas ante los ayuntamientos, se realizar\u00e1n en agosto a partir de las 10 horas en siguientes fechas y lugares: 8 en Izamal y Maxcan\u00fa, 9 en Tizim\u00edn y Valladolid, el 15 en Ticul y el 16 en M\u00e9rida.<\/p>\n<p>&nbsp;<\/p>\n<p>Por \u00faltimo, se aprob\u00f3 el proyecto de convocatoria para la realizaci\u00f3n de foros de consulta para personas con discapacidad en materia de mejores condiciones laborales y salvaguarda.<\/p>\n<p>&nbsp;<\/p>\n<p>Posteriormente, la comisi\u00f3n de Presupuesto, Patrimonio Estatal y Municipal aprob\u00f3 el proyecto de dictamen por el que se autoriza la donaci\u00f3n de 28 bienes inmuebles del patrimonio estatal a favor del Instituto de Vivienda del Estado.<\/p>\n","protected":false},"excerpt":{"rendered":"<p>M\u00e9rida, Yucat\u00e1n a 28 de mayo de 2024 &nbsp; &nbsp; En sesi\u00f3n extraordinaria, las y los diputados designaron por mayor\u00eda de votos a Mar\u00eda Guadalupe M\u00e9ndez Correa como presidenta de la Comisi\u00f3n de Derechos Humanos del Estado de Yucat\u00e1n (CODHEY). &nbsp; Mar\u00eda M\u00e9ndez, es abogada especialista en materia de Educaci\u00f3n y Derechos Humanos, fue directora [&hellip;]<\/p>\n","protected":false},"author":3,"featured_media":110219,"comment_status":"closed","ping_status":"closed","sticky":false,"template":"","format":"standard","meta":{"footnotes":""},"categories":[3],"tags":[],"class_list":{"0":"post-110218","1":"post","2":"type-post","3":"status-publish","4":"format-standard","5":"has-post-thumbnail","7":"category-yucatan"},"yoast_head":"<!-- This site is optimized with the Yoast SEO plugin v27.5 - https:\/\/yoast.com\/product\/yoast-seo-wordpress\/ -->\n<title>LXIII Legislatura designa a nueva representante de la Comisi\u00f3n de Derechos Humanos del Estado - Yucat\u00e1n en corto<\/title>\n<meta name=\"robots\" content=\"index, follow, max-snippet:-1, max-image-preview:large, max-video-preview:-1\" \/>\n<link rel=\"canonical\" href=\"https:\/\/www.yucatanencorto.com\/noticias\/lxiii-legislatura-designa-a-nueva-representante-de-la-comision-de-derechos-humanos-del-estado\/\" \/>\n<meta property=\"og:locale\" content=\"es_ES\" \/>\n<meta property=\"og:type\" content=\"article\" \/>\n<meta property=\"og:title\" content=\"LXIII Legislatura designa a nueva representante de la Comisi\u00f3n de Derechos Humanos del Estado - Yucat\u00e1n en corto\" \/>\n<meta property=\"og:description\" content=\"M\u00e9rida, Yucat\u00e1n a 28 de mayo de 2024 &nbsp; &nbsp; En sesi\u00f3n extraordinaria, las y los diputados designaron por mayor\u00eda de votos a Mar\u00eda Guadalupe M\u00e9ndez Correa como presidenta de la Comisi\u00f3n de Derechos Humanos del Estado de Yucat\u00e1n (CODHEY). &nbsp; Mar\u00eda M\u00e9ndez, es abogada especialista en materia de Educaci\u00f3n y Derechos Humanos, fue directora [&hellip;]\" \/>\n<meta property=\"og:url\" content=\"https:\/\/www.yucatanencorto.com\/noticias\/lxiii-legislatura-designa-a-nueva-representante-de-la-comision-de-derechos-humanos-del-estado\/\" \/>\n<meta property=\"og:site_name\" content=\"Yucat\u00e1n en corto\" \/>\n<meta property=\"article:publisher\" content=\"http:\/\/www.facebook.com\/yucatanencorto\" \/>\n<meta property=\"article:published_time\" content=\"2024-05-29T01:36:01+00:00\" \/>\n<meta property=\"og:image\" content=\"https:\/\/www.yucatanencorto.com\/noticias\/wp-content\/uploads\/2024\/05\/IMG-20240528-WA0176-scaled.jpg\" \/>\n\t<meta property=\"og:image:width\" content=\"768\" \/>\n\t<meta property=\"og:image:height\" content=\"552\" \/>\n\t<meta property=\"og:image:type\" content=\"image\/jpeg\" \/>\n<meta name=\"author\" content=\"Redes\" \/>\n<meta name=\"twitter:card\" content=\"summary_large_image\" \/>\n<meta name=\"twitter:creator\" content=\"@yucatanencorto\" \/>\n<meta name=\"twitter:site\" content=\"@yucatanencorto\" \/>\n<meta name=\"twitter:label1\" content=\"Escrito por\" \/>\n\t<meta name=\"twitter:data1\" content=\"Redes\" \/>\n\t<meta name=\"twitter:label2\" content=\"Tiempo de lectura\" \/>\n\t<meta name=\"twitter:data2\" content=\"5 minutos\" \/>\n<script type=\"application\/ld+json\" class=\"yoast-schema-graph\">{\"@context\":\"https:\\\/\\\/schema.org\",\"@graph\":[{\"@type\":\"Article\",\"@id\":\"https:\\\/\\\/www.yucatanencorto.com\\\/noticias\\\/lxiii-legislatura-designa-a-nueva-representante-de-la-comision-de-derechos-humanos-del-estado\\\/#article\",\"isPartOf\":{\"@id\":\"https:\\\/\\\/www.yucatanencorto.com\\\/noticias\\\/lxiii-legislatura-designa-a-nueva-representante-de-la-comision-de-derechos-humanos-del-estado\\\/\"},\"author\":{\"name\":\"Redes\",\"@id\":\"https:\\\/\\\/www.yucatanencorto.com\\\/noticias\\\/#\\\/schema\\\/person\\\/e2fbdfaf30a07014a43940ce989f3119\"},\"headline\":\"LXIII Legislatura designa a nueva representante de la Comisi\u00f3n de Derechos Humanos del Estado\",\"datePublished\":\"2024-05-29T01:36:01+00:00\",\"mainEntityOfPage\":{\"@id\":\"https:\\\/\\\/www.yucatanencorto.com\\\/noticias\\\/lxiii-legislatura-designa-a-nueva-representante-de-la-comision-de-derechos-humanos-del-estado\\\/\"},\"wordCount\":1009,\"image\":{\"@id\":\"https:\\\/\\\/www.yucatanencorto.com\\\/noticias\\\/lxiii-legislatura-designa-a-nueva-representante-de-la-comision-de-derechos-humanos-del-estado\\\/#primaryimage\"},\"thumbnailUrl\":\"https:\\\/\\\/www.yucatanencorto.com\\\/noticias\\\/wp-content\\\/uploads\\\/2024\\\/05\\\/IMG-20240528-WA0176-scaled.jpg\",\"articleSection\":[\"Yucat\u00e1n\"],\"inLanguage\":\"es\"},{\"@type\":\"WebPage\",\"@id\":\"https:\\\/\\\/www.yucatanencorto.com\\\/noticias\\\/lxiii-legislatura-designa-a-nueva-representante-de-la-comision-de-derechos-humanos-del-estado\\\/\",\"url\":\"https:\\\/\\\/www.yucatanencorto.com\\\/noticias\\\/lxiii-legislatura-designa-a-nueva-representante-de-la-comision-de-derechos-humanos-del-estado\\\/\",\"name\":\"LXIII Legislatura designa a nueva representante de la Comisi\u00f3n de Derechos Humanos del Estado - Yucat\u00e1n en corto\",\"isPartOf\":{\"@id\":\"https:\\\/\\\/www.yucatanencorto.com\\\/noticias\\\/#website\"},\"primaryImageOfPage\":{\"@id\":\"https:\\\/\\\/www.yucatanencorto.com\\\/noticias\\\/lxiii-legislatura-designa-a-nueva-representante-de-la-comision-de-derechos-humanos-del-estado\\\/#primaryimage\"},\"image\":{\"@id\":\"https:\\\/\\\/www.yucatanencorto.com\\\/noticias\\\/lxiii-legislatura-designa-a-nueva-representante-de-la-comision-de-derechos-humanos-del-estado\\\/#primaryimage\"},\"thumbnailUrl\":\"https:\\\/\\\/www.yucatanencorto.com\\\/noticias\\\/wp-content\\\/uploads\\\/2024\\\/05\\\/IMG-20240528-WA0176-scaled.jpg\",\"datePublished\":\"2024-05-29T01:36:01+00:00\",\"author\":{\"@id\":\"https:\\\/\\\/www.yucatanencorto.com\\\/noticias\\\/#\\\/schema\\\/person\\\/e2fbdfaf30a07014a43940ce989f3119\"},\"breadcrumb\":{\"@id\":\"https:\\\/\\\/www.yucatanencorto.com\\\/noticias\\\/lxiii-legislatura-designa-a-nueva-representante-de-la-comision-de-derechos-humanos-del-estado\\\/#breadcrumb\"},\"inLanguage\":\"es\",\"potentialAction\":[{\"@type\":\"ReadAction\",\"target\":[\"https:\\\/\\\/www.yucatanencorto.com\\\/noticias\\\/lxiii-legislatura-designa-a-nueva-representante-de-la-comision-de-derechos-humanos-del-estado\\\/\"]}]},{\"@type\":\"ImageObject\",\"inLanguage\":\"es\",\"@id\":\"https:\\\/\\\/www.yucatanencorto.com\\\/noticias\\\/lxiii-legislatura-designa-a-nueva-representante-de-la-comision-de-derechos-humanos-del-estado\\\/#primaryimage\",\"url\":\"https:\\\/\\\/www.yucatanencorto.com\\\/noticias\\\/wp-content\\\/uploads\\\/2024\\\/05\\\/IMG-20240528-WA0176-scaled.jpg\",\"contentUrl\":\"https:\\\/\\\/www.yucatanencorto.com\\\/noticias\\\/wp-content\\\/uploads\\\/2024\\\/05\\\/IMG-20240528-WA0176-scaled.jpg\",\"width\":768,\"height\":552},{\"@type\":\"BreadcrumbList\",\"@id\":\"https:\\\/\\\/www.yucatanencorto.com\\\/noticias\\\/lxiii-legislatura-designa-a-nueva-representante-de-la-comision-de-derechos-humanos-del-estado\\\/#breadcrumb\",\"itemListElement\":[{\"@type\":\"ListItem\",\"position\":1,\"name\":\"Portada\",\"item\":\"https:\\\/\\\/www.yucatanencorto.com\\\/noticias\\\/\"},{\"@type\":\"ListItem\",\"position\":2,\"name\":\"LXIII Legislatura designa a nueva representante de la Comisi\u00f3n de Derechos Humanos del Estado\"}]},{\"@type\":\"WebSite\",\"@id\":\"https:\\\/\\\/www.yucatanencorto.com\\\/noticias\\\/#website\",\"url\":\"https:\\\/\\\/www.yucatanencorto.com\\\/noticias\\\/\",\"name\":\"Yucat\u00e1n en corto\",\"description\":\"Noticias\",\"potentialAction\":[{\"@type\":\"SearchAction\",\"target\":{\"@type\":\"EntryPoint\",\"urlTemplate\":\"https:\\\/\\\/www.yucatanencorto.com\\\/noticias\\\/?s={search_term_string}\"},\"query-input\":{\"@type\":\"PropertyValueSpecification\",\"valueRequired\":true,\"valueName\":\"search_term_string\"}}],\"inLanguage\":\"es\"},{\"@type\":\"Person\",\"@id\":\"https:\\\/\\\/www.yucatanencorto.com\\\/noticias\\\/#\\\/schema\\\/person\\\/e2fbdfaf30a07014a43940ce989f3119\",\"name\":\"Redes\",\"image\":{\"@type\":\"ImageObject\",\"inLanguage\":\"es\",\"@id\":\"https:\\\/\\\/secure.gravatar.com\\\/avatar\\\/5931a2d21dd7cc834f44c8c34fe56d90ed6d536ef452cbf870c7485b524dddd7?s=96&d=mm&r=g\",\"url\":\"https:\\\/\\\/secure.gravatar.com\\\/avatar\\\/5931a2d21dd7cc834f44c8c34fe56d90ed6d536ef452cbf870c7485b524dddd7?s=96&d=mm&r=g\",\"contentUrl\":\"https:\\\/\\\/secure.gravatar.com\\\/avatar\\\/5931a2d21dd7cc834f44c8c34fe56d90ed6d536ef452cbf870c7485b524dddd7?s=96&d=mm&r=g\",\"caption\":\"Redes\"},\"url\":\"https:\\\/\\\/www.yucatanencorto.com\\\/noticias\\\/author\\\/redes\\\/\"}]}<\/script>\n<!-- \/ Yoast SEO plugin. -->","yoast_head_json":{"title":"LXIII Legislatura designa a nueva representante de la Comisi\u00f3n de Derechos Humanos del Estado - Yucat\u00e1n en corto","robots":{"index":"index","follow":"follow","max-snippet":"max-snippet:-1","max-image-preview":"max-image-preview:large","max-video-preview":"max-video-preview:-1"},"canonical":"https:\/\/www.yucatanencorto.com\/noticias\/lxiii-legislatura-designa-a-nueva-representante-de-la-comision-de-derechos-humanos-del-estado\/","og_locale":"es_ES","og_type":"article","og_title":"LXIII Legislatura designa a nueva representante de la Comisi\u00f3n de Derechos Humanos del Estado - Yucat\u00e1n en corto","og_description":"M\u00e9rida, Yucat\u00e1n a 28 de mayo de 2024 &nbsp; &nbsp; En sesi\u00f3n extraordinaria, las y los diputados designaron por mayor\u00eda de votos a Mar\u00eda Guadalupe M\u00e9ndez Correa como presidenta de la Comisi\u00f3n de Derechos Humanos del Estado de Yucat\u00e1n (CODHEY). &nbsp; Mar\u00eda M\u00e9ndez, es abogada especialista en materia de Educaci\u00f3n y Derechos Humanos, fue directora [&hellip;]","og_url":"https:\/\/www.yucatanencorto.com\/noticias\/lxiii-legislatura-designa-a-nueva-representante-de-la-comision-de-derechos-humanos-del-estado\/","og_site_name":"Yucat\u00e1n en corto","article_publisher":"http:\/\/www.facebook.com\/yucatanencorto","article_published_time":"2024-05-29T01:36:01+00:00","og_image":[{"width":768,"height":552,"url":"https:\/\/www.yucatanencorto.com\/noticias\/wp-content\/uploads\/2024\/05\/IMG-20240528-WA0176-scaled.jpg","type":"image\/jpeg"}],"author":"Redes","twitter_card":"summary_large_image","twitter_creator":"@yucatanencorto","twitter_site":"@yucatanencorto","twitter_misc":{"Escrito por":"Redes","Tiempo de lectura":"5 minutos"},"schema":{"@context":"https:\/\/schema.org","@graph":[{"@type":"Article","@id":"https:\/\/www.yucatanencorto.com\/noticias\/lxiii-legislatura-designa-a-nueva-representante-de-la-comision-de-derechos-humanos-del-estado\/#article","isPartOf":{"@id":"https:\/\/www.yucatanencorto.com\/noticias\/lxiii-legislatura-designa-a-nueva-representante-de-la-comision-de-derechos-humanos-del-estado\/"},"author":{"name":"Redes","@id":"https:\/\/www.yucatanencorto.com\/noticias\/#\/schema\/person\/e2fbdfaf30a07014a43940ce989f3119"},"headline":"LXIII Legislatura designa a nueva representante de la Comisi\u00f3n de Derechos Humanos del Estado","datePublished":"2024-05-29T01:36:01+00:00","mainEntityOfPage":{"@id":"https:\/\/www.yucatanencorto.com\/noticias\/lxiii-legislatura-designa-a-nueva-representante-de-la-comision-de-derechos-humanos-del-estado\/"},"wordCount":1009,"image":{"@id":"https:\/\/www.yucatanencorto.com\/noticias\/lxiii-legislatura-designa-a-nueva-representante-de-la-comision-de-derechos-humanos-del-estado\/#primaryimage"},"thumbnailUrl":"https:\/\/www.yucatanencorto.com\/noticias\/wp-content\/uploads\/2024\/05\/IMG-20240528-WA0176-scaled.jpg","articleSection":["Yucat\u00e1n"],"inLanguage":"es"},{"@type":"WebPage","@id":"https:\/\/www.yucatanencorto.com\/noticias\/lxiii-legislatura-designa-a-nueva-representante-de-la-comision-de-derechos-humanos-del-estado\/","url":"https:\/\/www.yucatanencorto.com\/noticias\/lxiii-legislatura-designa-a-nueva-representante-de-la-comision-de-derechos-humanos-del-estado\/","name":"LXIII Legislatura designa a nueva representante de la Comisi\u00f3n de Derechos Humanos del Estado - Yucat\u00e1n en corto","isPartOf":{"@id":"https:\/\/www.yucatanencorto.com\/noticias\/#website"},"primaryImageOfPage":{"@id":"https:\/\/www.yucatanencorto.com\/noticias\/lxiii-legislatura-designa-a-nueva-representante-de-la-comision-de-derechos-humanos-del-estado\/#primaryimage"},"image":{"@id":"https:\/\/www.yucatanencorto.com\/noticias\/lxiii-legislatura-designa-a-nueva-representante-de-la-comision-de-derechos-humanos-del-estado\/#primaryimage"},"thumbnailUrl":"https:\/\/www.yucatanencorto.com\/noticias\/wp-content\/uploads\/2024\/05\/IMG-20240528-WA0176-scaled.jpg","datePublished":"2024-05-29T01:36:01+00:00","author":{"@id":"https:\/\/www.yucatanencorto.com\/noticias\/#\/schema\/person\/e2fbdfaf30a07014a43940ce989f3119"},"breadcrumb":{"@id":"https:\/\/www.yucatanencorto.com\/noticias\/lxiii-legislatura-designa-a-nueva-representante-de-la-comision-de-derechos-humanos-del-estado\/#breadcrumb"},"inLanguage":"es","potentialAction":[{"@type":"ReadAction","target":["https:\/\/www.yucatanencorto.com\/noticias\/lxiii-legislatura-designa-a-nueva-representante-de-la-comision-de-derechos-humanos-del-estado\/"]}]},{"@type":"ImageObject","inLanguage":"es","@id":"https:\/\/www.yucatanencorto.com\/noticias\/lxiii-legislatura-designa-a-nueva-representante-de-la-comision-de-derechos-humanos-del-estado\/#primaryimage","url":"https:\/\/www.yucatanencorto.com\/noticias\/wp-content\/uploads\/2024\/05\/IMG-20240528-WA0176-scaled.jpg","contentUrl":"https:\/\/www.yucatanencorto.com\/noticias\/wp-content\/uploads\/2024\/05\/IMG-20240528-WA0176-scaled.jpg","width":768,"height":552},{"@type":"BreadcrumbList","@id":"https:\/\/www.yucatanencorto.com\/noticias\/lxiii-legislatura-designa-a-nueva-representante-de-la-comision-de-derechos-humanos-del-estado\/#breadcrumb","itemListElement":[{"@type":"ListItem","position":1,"name":"Portada","item":"https:\/\/www.yucatanencorto.com\/noticias\/"},{"@type":"ListItem","position":2,"name":"LXIII Legislatura designa a nueva representante de la Comisi\u00f3n de Derechos Humanos del Estado"}]},{"@type":"WebSite","@id":"https:\/\/www.yucatanencorto.com\/noticias\/#website","url":"https:\/\/www.yucatanencorto.com\/noticias\/","name":"Yucat\u00e1n en corto","description":"Noticias","potentialAction":[{"@type":"SearchAction","target":{"@type":"EntryPoint","urlTemplate":"https:\/\/www.yucatanencorto.com\/noticias\/?s={search_term_string}"},"query-input":{"@type":"PropertyValueSpecification","valueRequired":true,"valueName":"search_term_string"}}],"inLanguage":"es"},{"@type":"Person","@id":"https:\/\/www.yucatanencorto.com\/noticias\/#\/schema\/person\/e2fbdfaf30a07014a43940ce989f3119","name":"Redes","image":{"@type":"ImageObject","inLanguage":"es","@id":"https:\/\/secure.gravatar.com\/avatar\/5931a2d21dd7cc834f44c8c34fe56d90ed6d536ef452cbf870c7485b524dddd7?s=96&d=mm&r=g","url":"https:\/\/secure.gravatar.com\/avatar\/5931a2d21dd7cc834f44c8c34fe56d90ed6d536ef452cbf870c7485b524dddd7?s=96&d=mm&r=g","contentUrl":"https:\/\/secure.gravatar.com\/avatar\/5931a2d21dd7cc834f44c8c34fe56d90ed6d536ef452cbf870c7485b524dddd7?s=96&d=mm&r=g","caption":"Redes"},"url":"https:\/\/www.yucatanencorto.com\/noticias\/author\/redes\/"}]}},"_links":{"self":[{"href":"https:\/\/www.yucatanencorto.com\/noticias\/wp-json\/wp\/v2\/posts\/110218","targetHints":{"allow":["GET"]}}],"collection":[{"href":"https:\/\/www.yucatanencorto.com\/noticias\/wp-json\/wp\/v2\/posts"}],"about":[{"href":"https:\/\/www.yucatanencorto.com\/noticias\/wp-json\/wp\/v2\/types\/post"}],"author":[{"embeddable":true,"href":"https:\/\/www.yucatanencorto.com\/noticias\/wp-json\/wp\/v2\/users\/3"}],"replies":[{"embeddable":true,"href":"https:\/\/www.yucatanencorto.com\/noticias\/wp-json\/wp\/v2\/comments?post=110218"}],"version-history":[{"count":0,"href":"https:\/\/www.yucatanencorto.com\/noticias\/wp-json\/wp\/v2\/posts\/110218\/revisions"}],"wp:featuredmedia":[{"embeddable":true,"href":"https:\/\/www.yucatanencorto.com\/noticias\/wp-json\/wp\/v2\/media\/110219"}],"wp:attachment":[{"href":"https:\/\/www.yucatanencorto.com\/noticias\/wp-json\/wp\/v2\/media?parent=110218"}],"wp:term":[{"taxonomy":"category","embeddable":true,"href":"https:\/\/www.yucatanencorto.com\/noticias\/wp-json\/wp\/v2\/categories?post=110218"},{"taxonomy":"post_tag","embeddable":true,"href":"https:\/\/www.yucatanencorto.com\/noticias\/wp-json\/wp\/v2\/tags?post=110218"}],"curies":[{"name":"wp","href":"https:\/\/api.w.org\/{rel}","templated":true}]}}